{"id":9782,"date":"2025-12-08T14:47:31","date_gmt":"2025-12-08T17:47:31","guid":{"rendered":"https:\/\/portalraizesnoticias.com.br\/?p=9782"},"modified":"2025-12-08T14:47:32","modified_gmt":"2025-12-08T17:47:32","slug":"homens-sao-socorridos-apos-agressoes-com-pedra-e-facao-durante-cavalgada-em-santaluz","status":"publish","type":"post","link":"https:\/\/portalraizesnoticias.com.br\/?p=9782","title":{"rendered":"Homens s\u00e3o socorridos ap\u00f3s agress\u00f5es com pedra e fac\u00e3o durante cavalgada em Santaluz"},"content":{"rendered":"<p>Na madrugada desta segunda-feira (08), por volta de 00h40, dois homens deram entrada no hospital municipal de Santaluz ap\u00f3s serem agredidos durante uma cavalgada realizada nas imedia\u00e7\u00f5es do Morro dos Lopes, zona urbana do munic\u00edpio.<\/p>\n<p><img fetchpriority=\"high\" decoding=\"async\" class=\"size-medium wp-image-8641 aligncenter\" src=\"https:\/\/portalraizesnoticias.com.br\/wp-content\/uploads\/2025\/10\/WhatsApp-Image-2025-10-02-at-08.27.18-300x229.jpeg\" alt=\"\" width=\"300\" height=\"229\" srcset=\"https:\/\/portalraizesnoticias.com.br\/wp-content\/uploads\/2025\/10\/WhatsApp-Image-2025-10-02-at-08.27.18-300x229.jpeg 300w, https:\/\/portalraizesnoticias.com.br\/wp-content\/uploads\/2025\/10\/WhatsApp-Image-2025-10-02-at-08.27.18.jpeg 752w\" sizes=\"(max-width: 300px) 100vw, 300px\" \/><\/p>\n<p style=\"text-align: center;\"><strong>PUBLICIDADE<\/strong><\/p>\n<p>De acordo com informa\u00e7\u00f5es repassadas \u00e0 Pol\u00edcia Militar, as v\u00edtimaidade 49 e 23 anos, relataram que participavam do evento quando se envolveram em uma briga e foram atacados. Um deles sofreu uma pedrada na cabe\u00e7a, enquanto o outro foi atingido por um golpe de fac\u00e3o no bra\u00e7o esquerdo.<\/p>\n<p><img decoding=\"async\" class=\"size-medium wp-image-8289 aligncenter\" src=\"https:\/\/portalraizesnoticias.com.br\/wp-content\/uploads\/2025\/09\/IMG-20250918-WA0124-300x300.jpg\" alt=\"\" width=\"300\" height=\"300\" srcset=\"https:\/\/portalraizesnoticias.com.br\/wp-content\/uploads\/2025\/09\/IMG-20250918-WA0124-300x300.jpg 300w, https:\/\/portalraizesnoticias.com.br\/wp-content\/uploads\/2025\/09\/IMG-20250918-WA0124-150x150.jpg 150w, https:\/\/portalraizesnoticias.com.br\/wp-content\/uploads\/2025\/09\/IMG-20250918-WA0124-768x768.jpg 768w, https:\/\/portalraizesnoticias.com.br\/wp-content\/uploads\/2025\/09\/IMG-20250918-WA0124.jpg 1000w\" sizes=\"(max-width: 300px) 100vw, 300px\" \/><\/p>\n<p style=\"text-align: center;\"><strong>PUBLICIDADE<\/strong><\/p>\n<p>Uma guarni\u00e7\u00e3o da PM esteve no hospital e conversou com os feridos. Os policiais realizaram rondas no local indicado, por\u00e9m n\u00e3o localizaram os autores da agress\u00e3o. Ambos foram orientados a registrar queixa na delegacia.<\/p>\n<p>As circunst\u00e2ncias que motivaram a confus\u00e3o ainda s\u00e3o desconhecidas. As v\u00edtimas foram atendidas na unidade hospitalar e passam bem.<\/p>\n<p>Reda\u00e7\u00e3o<\/p>\n<p>Foto: Ilustra\u00e7\u00e3o<\/p>\n","protected":false},"excerpt":{"rendered":"<p>Na madrugada desta segunda-feira (08), por volta de 00h40, dois homens deram entrada no hospital municipal de Santaluz ap\u00f3s serem agredidos durante uma cavalgada realizada nas imedia\u00e7\u00f5es do Morro dos Lopes, zona urbana do munic\u00edpio. PUBLICIDADE De acordo com informa\u00e7\u00f5es repassadas \u00e0 Pol\u00edcia Militar, as v\u00edtimaidade 49 e 23 anos, relataram que participavam do evento quando se envolveram em uma briga e foram atacados. Um deles sofreu uma pedrada na cabe\u00e7a, enquanto o outro foi atingido por um golpe de fac\u00e3o no bra\u00e7o esquerdo. PUBLICIDADE Uma guarni\u00e7\u00e3o da PM esteve no hospital e conversou com os feridos. Os policiais realizaram rondas no local indicado, por\u00e9m n\u00e3o localizaram os autores da agress\u00e3o. Ambos foram orientados a registrar queixa na delegacia. As circunst\u00e2ncias que motivaram a confus\u00e3o ainda s\u00e3o desconhecidas. As v\u00edtimas foram atendidas na unidade hospitalar e passam bem. Reda\u00e7\u00e3o Foto: Ilustra\u00e7\u00e3o<\/p>\n","protected":false},"author":3,"featured_media":9786,"comment_status":"open","ping_status":"open","sticky":false,"template":"","format":"standard","meta":{"_joinchat":[],"footnotes":""},"categories":[55,67,59],"tags":[1408,386],"class_list":["post-9782","post","type-post","status-publish","format-standard","has-post-thumbnail","hentry","category-destaques","category-policia","category-ultimas-noticias","tag-agressoes","tag-santaluz"],"yoast_head":"<!-- This site is optimized with the Yoast SEO plugin v24.4 - https:\/\/yoast.com\/wordpress\/plugins\/seo\/ -->\n<title>Homens s\u00e3o socorridos ap\u00f3s agress\u00f5es com pedra e fac\u00e3o durante cavalgada em Santaluz - Portal raizes noticias<\/title>\n<meta name=\"robots\" content=\"index, follow, max-snippet:-1, max-image-preview:large, max-video-preview:-1\" \/>\n<link rel=\"canonical\" href=\"https:\/\/portalraizesnoticias.com.br\/?p=9782\" \/>\n<meta property=\"og:locale\" content=\"pt_BR\" \/>\n<meta property=\"og:type\" content=\"article\" \/>\n<meta property=\"og:title\" content=\"Homens s\u00e3o socorridos ap\u00f3s agress\u00f5es com pedra e fac\u00e3o durante cavalgada em Santaluz - Portal raizes noticias\" \/>\n<meta property=\"og:description\" content=\"Na madrugada desta segunda-feira (08), por volta de 00h40, dois homens deram entrada no hospital municipal de Santaluz ap\u00f3s serem agredidos durante uma cavalgada realizada nas imedia\u00e7\u00f5es do Morro dos Lopes, zona urbana do munic\u00edpio. PUBLICIDADE De acordo com informa\u00e7\u00f5es repassadas \u00e0 Pol\u00edcia Militar, as v\u00edtimaidade 49 e 23 anos, relataram que participavam do evento quando se envolveram em uma briga e foram atacados. Um deles sofreu uma pedrada na cabe\u00e7a, enquanto o outro foi atingido por um golpe de fac\u00e3o no bra\u00e7o esquerdo. PUBLICIDADE Uma guarni\u00e7\u00e3o da PM esteve no hospital e conversou com os feridos. Os policiais realizaram rondas no local indicado, por\u00e9m n\u00e3o localizaram os autores da agress\u00e3o. Ambos foram orientados a registrar queixa na delegacia. As circunst\u00e2ncias que motivaram a confus\u00e3o ainda s\u00e3o desconhecidas. As v\u00edtimas foram atendidas na unidade hospitalar e passam bem. Reda\u00e7\u00e3o Foto: Ilustra\u00e7\u00e3o\" \/>\n<meta property=\"og:url\" content=\"https:\/\/portalraizesnoticias.com.br\/?p=9782\" \/>\n<meta property=\"og:site_name\" content=\"Portal raizes noticias\" \/>\n<meta property=\"article:published_time\" content=\"2025-12-08T17:47:31+00:00\" \/>\n<meta property=\"article:modified_time\" content=\"2025-12-08T17:47:32+00:00\" \/>\n<meta property=\"og:image\" content=\"https:\/\/portalraizesnoticias.com.br\/wp-content\/uploads\/2025\/12\/IMG-20251208-WA0237.jpg\" \/>\n\t<meta property=\"og:image:width\" content=\"1600\" \/>\n\t<meta property=\"og:image:height\" content=\"1600\" \/>\n\t<meta property=\"og:image:type\" content=\"image\/jpeg\" \/>\n<meta name=\"author\" content=\"Portal Raizes\" \/>\n<meta name=\"twitter:card\" content=\"summary_large_image\" \/>\n<meta name=\"twitter:label1\" content=\"Escrito por\" \/>\n\t<meta name=\"twitter:data1\" content=\"Portal Raizes\" \/>\n\t<meta name=\"twitter:label2\" content=\"Est. tempo de leitura\" \/>\n\t<meta name=\"twitter:data2\" content=\"2 minutos\" \/>\n<script type=\"application\/ld+json\" class=\"yoast-schema-graph\">{\"@context\":\"https:\/\/schema.org\",\"@graph\":[{\"@type\":\"Article\",\"@id\":\"https:\/\/portalraizesnoticias.com.br\/?p=9782#article\",\"isPartOf\":{\"@id\":\"https:\/\/portalraizesnoticias.com.br\/?p=9782\"},\"author\":{\"name\":\"Portal Raizes\",\"@id\":\"https:\/\/portalraizesnoticias.com.br\/#\/schema\/person\/a3ca6b0fc701e78df19756c417d943ae\"},\"headline\":\"Homens s\u00e3o socorridos ap\u00f3s agress\u00f5es com pedra e fac\u00e3o durante cavalgada em Santaluz\",\"datePublished\":\"2025-12-08T17:47:31+00:00\",\"dateModified\":\"2025-12-08T17:47:32+00:00\",\"mainEntityOfPage\":{\"@id\":\"https:\/\/portalraizesnoticias.com.br\/?p=9782\"},\"wordCount\":173,\"commentCount\":0,\"publisher\":{\"@id\":\"https:\/\/portalraizesnoticias.com.br\/#organization\"},\"image\":{\"@id\":\"https:\/\/portalraizesnoticias.com.br\/?p=9782#primaryimage\"},\"thumbnailUrl\":\"https:\/\/portalraizesnoticias.com.br\/wp-content\/uploads\/2025\/12\/IMG-20251208-WA0237.jpg\",\"keywords\":[\"Agress\u00f5es\",\"Santaluz\"],\"articleSection\":[\"DESTAQUES\",\"POLICIA\",\"ULTIMAS NOTICIAS\"],\"inLanguage\":\"pt-BR\",\"potentialAction\":[{\"@type\":\"CommentAction\",\"name\":\"Comment\",\"target\":[\"https:\/\/portalraizesnoticias.com.br\/?p=9782#respond\"]}]},{\"@type\":\"WebPage\",\"@id\":\"https:\/\/portalraizesnoticias.com.br\/?p=9782\",\"url\":\"https:\/\/portalraizesnoticias.com.br\/?p=9782\",\"name\":\"Homens s\u00e3o socorridos ap\u00f3s agress\u00f5es com pedra e fac\u00e3o durante cavalgada em Santaluz - Portal raizes noticias\",\"isPartOf\":{\"@id\":\"https:\/\/portalraizesnoticias.com.br\/#website\"},\"primaryImageOfPage\":{\"@id\":\"https:\/\/portalraizesnoticias.com.br\/?p=9782#primaryimage\"},\"image\":{\"@id\":\"https:\/\/portalraizesnoticias.com.br\/?p=9782#primaryimage\"},\"thumbnailUrl\":\"https:\/\/portalraizesnoticias.com.br\/wp-content\/uploads\/2025\/12\/IMG-20251208-WA0237.jpg\",\"datePublished\":\"2025-12-08T17:47:31+00:00\",\"dateModified\":\"2025-12-08T17:47:32+00:00\",\"breadcrumb\":{\"@id\":\"https:\/\/portalraizesnoticias.com.br\/?p=9782#breadcrumb\"},\"inLanguage\":\"pt-BR\",\"potentialAction\":[{\"@type\":\"ReadAction\",\"target\":[\"https:\/\/portalraizesnoticias.com.br\/?p=9782\"]}]},{\"@type\":\"ImageObject\",\"inLanguage\":\"pt-BR\",\"@id\":\"https:\/\/portalraizesnoticias.com.br\/?p=9782#primaryimage\",\"url\":\"https:\/\/portalraizesnoticias.com.br\/wp-content\/uploads\/2025\/12\/IMG-20251208-WA0237.jpg\",\"contentUrl\":\"https:\/\/portalraizesnoticias.com.br\/wp-content\/uploads\/2025\/12\/IMG-20251208-WA0237.jpg\",\"width\":1600,\"height\":1600},{\"@type\":\"BreadcrumbList\",\"@id\":\"https:\/\/portalraizesnoticias.com.br\/?p=9782#breadcrumb\",\"itemListElement\":[{\"@type\":\"ListItem\",\"position\":1,\"name\":\"In\u00edcio\",\"item\":\"https:\/\/portalraizesnoticias.com.br\/\"},{\"@type\":\"ListItem\",\"position\":2,\"name\":\"Homens s\u00e3o socorridos ap\u00f3s agress\u00f5es com pedra e fac\u00e3o durante cavalgada em Santaluz\"}]},{\"@type\":\"WebSite\",\"@id\":\"https:\/\/portalraizesnoticias.com.br\/#website\",\"url\":\"https:\/\/portalraizesnoticias.com.br\/\",\"name\":\"Portal raizes NOTICIAS\",\"description\":\"site de noticias de concei\u00e7\u00e3o do coit\u00e9 e regi\u00e3o\",\"publisher\":{\"@id\":\"https:\/\/portalraizesnoticias.com.br\/#organization\"},\"alternateName\":\"PORTAL RAIZES COIT\u00c9\",\"potentialAction\":[{\"@type\":\"SearchAction\",\"target\":{\"@type\":\"EntryPoint\",\"urlTemplate\":\"https:\/\/portalraizesnoticias.com.br\/?s={search_term_string}\"},\"query-input\":{\"@type\":\"PropertyValueSpecification\",\"valueRequired\":true,\"valueName\":\"search_term_string\"}}],\"inLanguage\":\"pt-BR\"},{\"@type\":\"Organization\",\"@id\":\"https:\/\/portalraizesnoticias.com.br\/#organization\",\"name\":\"Portal raizes NOTICIAS\",\"url\":\"https:\/\/portalraizesnoticias.com.br\/\",\"logo\":{\"@type\":\"ImageObject\",\"inLanguage\":\"pt-BR\",\"@id\":\"https:\/\/portalraizesnoticias.com.br\/#\/schema\/logo\/image\/\",\"url\":\"https:\/\/portalraizesnoticias.com.br\/wp-content\/uploads\/2024\/09\/cropped-Captura-de-tela-2024-09-08-011108.png\",\"contentUrl\":\"https:\/\/portalraizesnoticias.com.br\/wp-content\/uploads\/2024\/09\/cropped-Captura-de-tela-2024-09-08-011108.png\",\"width\":606,\"height\":173,\"caption\":\"Portal raizes NOTICIAS\"},\"image\":{\"@id\":\"https:\/\/portalraizesnoticias.com.br\/#\/schema\/logo\/image\/\"}},{\"@type\":\"Person\",\"@id\":\"https:\/\/portalraizesnoticias.com.br\/#\/schema\/person\/a3ca6b0fc701e78df19756c417d943ae\",\"name\":\"Portal Raizes\",\"image\":{\"@type\":\"ImageObject\",\"inLanguage\":\"pt-BR\",\"@id\":\"https:\/\/portalraizesnoticias.com.br\/#\/schema\/person\/image\/\",\"url\":\"https:\/\/secure.gravatar.com\/avatar\/ef450d29013a3d3fba867a12a249d7b1?s=96&d=mm&r=g\",\"contentUrl\":\"https:\/\/secure.gravatar.com\/avatar\/ef450d29013a3d3fba867a12a249d7b1?s=96&d=mm&r=g\",\"caption\":\"Portal Raizes\"},\"url\":\"https:\/\/portalraizesnoticias.com.br\/?author=3\"}]}<\/script>\n<!-- \/ Yoast SEO plugin. -->","yoast_head_json":{"title":"Homens s\u00e3o socorridos ap\u00f3s agress\u00f5es com pedra e fac\u00e3o durante cavalgada em Santaluz - Portal raizes noticias","robots":{"index":"index","follow":"follow","max-snippet":"max-snippet:-1","max-image-preview":"max-image-preview:large","max-video-preview":"max-video-preview:-1"},"canonical":"https:\/\/portalraizesnoticias.com.br\/?p=9782","og_locale":"pt_BR","og_type":"article","og_title":"Homens s\u00e3o socorridos ap\u00f3s agress\u00f5es com pedra e fac\u00e3o durante cavalgada em Santaluz - Portal raizes noticias","og_description":"Na madrugada desta segunda-feira (08), por volta de 00h40, dois homens deram entrada no hospital municipal de Santaluz ap\u00f3s serem agredidos durante uma cavalgada realizada nas imedia\u00e7\u00f5es do Morro dos Lopes, zona urbana do munic\u00edpio. PUBLICIDADE De acordo com informa\u00e7\u00f5es repassadas \u00e0 Pol\u00edcia Militar, as v\u00edtimaidade 49 e 23 anos, relataram que participavam do evento quando se envolveram em uma briga e foram atacados. Um deles sofreu uma pedrada na cabe\u00e7a, enquanto o outro foi atingido por um golpe de fac\u00e3o no bra\u00e7o esquerdo. PUBLICIDADE Uma guarni\u00e7\u00e3o da PM esteve no hospital e conversou com os feridos. Os policiais realizaram rondas no local indicado, por\u00e9m n\u00e3o localizaram os autores da agress\u00e3o. Ambos foram orientados a registrar queixa na delegacia. As circunst\u00e2ncias que motivaram a confus\u00e3o ainda s\u00e3o desconhecidas. As v\u00edtimas foram atendidas na unidade hospitalar e passam bem. Reda\u00e7\u00e3o Foto: Ilustra\u00e7\u00e3o","og_url":"https:\/\/portalraizesnoticias.com.br\/?p=9782","og_site_name":"Portal raizes noticias","article_published_time":"2025-12-08T17:47:31+00:00","article_modified_time":"2025-12-08T17:47:32+00:00","og_image":[{"width":1600,"height":1600,"url":"https:\/\/portalraizesnoticias.com.br\/wp-content\/uploads\/2025\/12\/IMG-20251208-WA0237.jpg","type":"image\/jpeg"}],"author":"Portal Raizes","twitter_card":"summary_large_image","twitter_misc":{"Escrito por":"Portal Raizes","Est. tempo de leitura":"2 minutos"},"schema":{"@context":"https:\/\/schema.org","@graph":[{"@type":"Article","@id":"https:\/\/portalraizesnoticias.com.br\/?p=9782#article","isPartOf":{"@id":"https:\/\/portalraizesnoticias.com.br\/?p=9782"},"author":{"name":"Portal Raizes","@id":"https:\/\/portalraizesnoticias.com.br\/#\/schema\/person\/a3ca6b0fc701e78df19756c417d943ae"},"headline":"Homens s\u00e3o socorridos ap\u00f3s agress\u00f5es com pedra e fac\u00e3o durante cavalgada em Santaluz","datePublished":"2025-12-08T17:47:31+00:00","dateModified":"2025-12-08T17:47:32+00:00","mainEntityOfPage":{"@id":"https:\/\/portalraizesnoticias.com.br\/?p=9782"},"wordCount":173,"commentCount":0,"publisher":{"@id":"https:\/\/portalraizesnoticias.com.br\/#organization"},"image":{"@id":"https:\/\/portalraizesnoticias.com.br\/?p=9782#primaryimage"},"thumbnailUrl":"https:\/\/portalraizesnoticias.com.br\/wp-content\/uploads\/2025\/12\/IMG-20251208-WA0237.jpg","keywords":["Agress\u00f5es","Santaluz"],"articleSection":["DESTAQUES","POLICIA","ULTIMAS NOTICIAS"],"inLanguage":"pt-BR","potentialAction":[{"@type":"CommentAction","name":"Comment","target":["https:\/\/portalraizesnoticias.com.br\/?p=9782#respond"]}]},{"@type":"WebPage","@id":"https:\/\/portalraizesnoticias.com.br\/?p=9782","url":"https:\/\/portalraizesnoticias.com.br\/?p=9782","name":"Homens s\u00e3o socorridos ap\u00f3s agress\u00f5es com pedra e fac\u00e3o durante cavalgada em Santaluz - Portal raizes noticias","isPartOf":{"@id":"https:\/\/portalraizesnoticias.com.br\/#website"},"primaryImageOfPage":{"@id":"https:\/\/portalraizesnoticias.com.br\/?p=9782#primaryimage"},"image":{"@id":"https:\/\/portalraizesnoticias.com.br\/?p=9782#primaryimage"},"thumbnailUrl":"https:\/\/portalraizesnoticias.com.br\/wp-content\/uploads\/2025\/12\/IMG-20251208-WA0237.jpg","datePublished":"2025-12-08T17:47:31+00:00","dateModified":"2025-12-08T17:47:32+00:00","breadcrumb":{"@id":"https:\/\/portalraizesnoticias.com.br\/?p=9782#breadcrumb"},"inLanguage":"pt-BR","potentialAction":[{"@type":"ReadAction","target":["https:\/\/portalraizesnoticias.com.br\/?p=9782"]}]},{"@type":"ImageObject","inLanguage":"pt-BR","@id":"https:\/\/portalraizesnoticias.com.br\/?p=9782#primaryimage","url":"https:\/\/portalraizesnoticias.com.br\/wp-content\/uploads\/2025\/12\/IMG-20251208-WA0237.jpg","contentUrl":"https:\/\/portalraizesnoticias.com.br\/wp-content\/uploads\/2025\/12\/IMG-20251208-WA0237.jpg","width":1600,"height":1600},{"@type":"BreadcrumbList","@id":"https:\/\/portalraizesnoticias.com.br\/?p=9782#breadcrumb","itemListElement":[{"@type":"ListItem","position":1,"name":"In\u00edcio","item":"https:\/\/portalraizesnoticias.com.br\/"},{"@type":"ListItem","position":2,"name":"Homens s\u00e3o socorridos ap\u00f3s agress\u00f5es com pedra e fac\u00e3o durante cavalgada em Santaluz"}]},{"@type":"WebSite","@id":"https:\/\/portalraizesnoticias.com.br\/#website","url":"https:\/\/portalraizesnoticias.com.br\/","name":"Portal raizes NOTICIAS","description":"site de noticias de concei\u00e7\u00e3o do coit\u00e9 e regi\u00e3o","publisher":{"@id":"https:\/\/portalraizesnoticias.com.br\/#organization"},"alternateName":"PORTAL RAIZES COIT\u00c9","potentialAction":[{"@type":"SearchAction","target":{"@type":"EntryPoint","urlTemplate":"https:\/\/portalraizesnoticias.com.br\/?s={search_term_string}"},"query-input":{"@type":"PropertyValueSpecification","valueRequired":true,"valueName":"search_term_string"}}],"inLanguage":"pt-BR"},{"@type":"Organization","@id":"https:\/\/portalraizesnoticias.com.br\/#organization","name":"Portal raizes NOTICIAS","url":"https:\/\/portalraizesnoticias.com.br\/","logo":{"@type":"ImageObject","inLanguage":"pt-BR","@id":"https:\/\/portalraizesnoticias.com.br\/#\/schema\/logo\/image\/","url":"https:\/\/portalraizesnoticias.com.br\/wp-content\/uploads\/2024\/09\/cropped-Captura-de-tela-2024-09-08-011108.png","contentUrl":"https:\/\/portalraizesnoticias.com.br\/wp-content\/uploads\/2024\/09\/cropped-Captura-de-tela-2024-09-08-011108.png","width":606,"height":173,"caption":"Portal raizes NOTICIAS"},"image":{"@id":"https:\/\/portalraizesnoticias.com.br\/#\/schema\/logo\/image\/"}},{"@type":"Person","@id":"https:\/\/portalraizesnoticias.com.br\/#\/schema\/person\/a3ca6b0fc701e78df19756c417d943ae","name":"Portal Raizes","image":{"@type":"ImageObject","inLanguage":"pt-BR","@id":"https:\/\/portalraizesnoticias.com.br\/#\/schema\/person\/image\/","url":"https:\/\/secure.gravatar.com\/avatar\/ef450d29013a3d3fba867a12a249d7b1?s=96&d=mm&r=g","contentUrl":"https:\/\/secure.gravatar.com\/avatar\/ef450d29013a3d3fba867a12a249d7b1?s=96&d=mm&r=g","caption":"Portal Raizes"},"url":"https:\/\/portalraizesnoticias.com.br\/?author=3"}]}},"_links":{"self":[{"href":"https:\/\/portalraizesnoticias.com.br\/index.php?rest_route=\/wp\/v2\/posts\/9782"}],"collection":[{"href":"https:\/\/portalraizesnoticias.com.br\/index.php?rest_route=\/wp\/v2\/posts"}],"about":[{"href":"https:\/\/portalraizesnoticias.com.br\/index.php?rest_route=\/wp\/v2\/types\/post"}],"author":[{"embeddable":true,"href":"https:\/\/portalraizesnoticias.com.br\/index.php?rest_route=\/wp\/v2\/users\/3"}],"replies":[{"embeddable":true,"href":"https:\/\/portalraizesnoticias.com.br\/index.php?rest_route=%2Fwp%2Fv2%2Fcomments&post=9782"}],"version-history":[{"count":4,"href":"https:\/\/portalraizesnoticias.com.br\/index.php?rest_route=\/wp\/v2\/posts\/9782\/revisions"}],"predecessor-version":[{"id":9787,"href":"https:\/\/portalraizesnoticias.com.br\/index.php?rest_route=\/wp\/v2\/posts\/9782\/revisions\/9787"}],"wp:featuredmedia":[{"embeddable":true,"href":"https:\/\/portalraizesnoticias.com.br\/index.php?rest_route=\/wp\/v2\/media\/9786"}],"wp:attachment":[{"href":"https:\/\/portalraizesnoticias.com.br\/index.php?rest_route=%2Fwp%2Fv2%2Fmedia&parent=9782"}],"wp:term":[{"taxonomy":"category","embeddable":true,"href":"https:\/\/portalraizesnoticias.com.br\/index.php?rest_route=%2Fwp%2Fv2%2Fcategories&post=9782"},{"taxonomy":"post_tag","embeddable":true,"href":"https:\/\/portalraizesnoticias.com.br\/index.php?rest_route=%2Fwp%2Fv2%2Ftags&post=9782"}],"curies":[{"name":"wp","href":"https:\/\/api.w.org\/{rel}","templated":true}]}}