{"id":9749,"date":"2025-12-08T11:32:23","date_gmt":"2025-12-08T14:32:23","guid":{"rendered":"https:\/\/portalraizesnoticias.com.br\/?p=9749"},"modified":"2025-12-08T11:32:24","modified_gmt":"2025-12-08T14:32:24","slug":"homem-e-ferido-com-golpe-de-faca-durante-discussao-familiar-em-conceicao-do-coite-esposa-e-suspeita","status":"publish","type":"post","link":"https:\/\/portalraizesnoticias.com.br\/?p=9749","title":{"rendered":"Homem \u00e9 ferido com golpe de faca durante discuss\u00e3o familiar em Concei\u00e7\u00e3o do Coit\u00e9; esposa \u00e9 suspeita"},"content":{"rendered":"<p>Um homem de 44 anos deu entrada no Hospital Portugu\u00eas, em Concei\u00e7\u00e3o do Coit\u00e9, na noite deste domingo (07), ap\u00f3s ser ferido com um golpe de faca durante uma discuss\u00e3o familiar. O caso aconteceu por volta das 22h24, no bairro\u00a0 Casas Populares.<\/p>\n<p><img fetchpriority=\"high\" decoding=\"async\" class=\"size-medium wp-image-8289 aligncenter\" src=\"https:\/\/portalraizesnoticias.com.br\/wp-content\/uploads\/2025\/09\/IMG-20250918-WA0124-300x300.jpg\" alt=\"\" width=\"300\" height=\"300\" srcset=\"https:\/\/portalraizesnoticias.com.br\/wp-content\/uploads\/2025\/09\/IMG-20250918-WA0124-300x300.jpg 300w, https:\/\/portalraizesnoticias.com.br\/wp-content\/uploads\/2025\/09\/IMG-20250918-WA0124-150x150.jpg 150w, https:\/\/portalraizesnoticias.com.br\/wp-content\/uploads\/2025\/09\/IMG-20250918-WA0124-768x768.jpg 768w, https:\/\/portalraizesnoticias.com.br\/wp-content\/uploads\/2025\/09\/IMG-20250918-WA0124.jpg 1000w\" sizes=\"(max-width: 300px) 100vw, 300px\" \/><\/p>\n<p style=\"text-align: center;\"><strong>PUBLICIDADE<\/strong><\/p>\n<p>Segundo informa\u00e7\u00f5es repassadas pelo hospital \u00e0 Pol\u00edcia Militar, a v\u00edtima chegou ao local conduzido por familiares, apresentando um corte na regi\u00e3o da coxa direita. Conforme relato preliminar, a agress\u00e3o teria sido cometida pela pr\u00f3pria esposa de 42 anos, durante um desentendimento dentro da resid\u00eancia do casal.<\/p>\n<p><img decoding=\"async\" class=\"size-medium wp-image-8282 aligncenter\" src=\"https:\/\/portalraizesnoticias.com.br\/wp-content\/uploads\/2025\/09\/IMG-20250917-WA0249-300x229.jpg\" alt=\"\" width=\"300\" height=\"229\" srcset=\"https:\/\/portalraizesnoticias.com.br\/wp-content\/uploads\/2025\/09\/IMG-20250917-WA0249-300x229.jpg 300w, https:\/\/portalraizesnoticias.com.br\/wp-content\/uploads\/2025\/09\/IMG-20250917-WA0249.jpg 752w\" sizes=\"(max-width: 300px) 100vw, 300px\" \/><\/p>\n<p style=\"text-align: center;\"><strong>PUBLICIDADE<\/strong><\/p>\n<p>O homem foi atendido e realizou a sutura do ferimento e liberou a v\u00edtima ap\u00f3s avalia\u00e7\u00e3o m\u00e9dica.<\/p>\n<p><img decoding=\"async\" class=\"size-medium wp-image-8006 aligncenter\" src=\"https:\/\/portalraizesnoticias.com.br\/wp-content\/uploads\/2025\/09\/IMG-20250902-WA0020-300x296.jpg\" alt=\"\" width=\"300\" height=\"296\" srcset=\"https:\/\/portalraizesnoticias.com.br\/wp-content\/uploads\/2025\/09\/IMG-20250902-WA0020-300x296.jpg 300w, https:\/\/portalraizesnoticias.com.br\/wp-content\/uploads\/2025\/09\/IMG-20250902-WA0020-1024x1009.jpg 1024w, https:\/\/portalraizesnoticias.com.br\/wp-content\/uploads\/2025\/09\/IMG-20250902-WA0020-768x757.jpg 768w, https:\/\/portalraizesnoticias.com.br\/wp-content\/uploads\/2025\/09\/IMG-20250902-WA0020.jpg 1080w\" sizes=\"(max-width: 300px) 100vw, 300px\" \/><\/p>\n<p style=\"text-align: center;\"><strong>PUBLICIDADE<\/strong><\/p>\n<p>A guarni\u00e7\u00e3o policial realizou buscas a fim de localizar a suspeita, por\u00e9m ela n\u00e3o foi encontrada at\u00e9 o encerramento da ocorr\u00eancia. O caso deve ser acompanhado pelas autoridades competentes para apura\u00e7\u00e3o da motiva\u00e7\u00e3o do conflito e eventual responsabiliza\u00e7\u00e3o.<\/p>\n<p>Reda\u00e7\u00e3o<\/p>\n","protected":false},"excerpt":{"rendered":"<p>Um homem de 44 anos deu entrada no Hospital Portugu\u00eas, em Concei\u00e7\u00e3o do Coit\u00e9, na noite deste domingo (07), ap\u00f3s ser ferido com um golpe de faca durante uma discuss\u00e3o familiar. O caso aconteceu por volta das 22h24, no bairro\u00a0 Casas Populares. PUBLICIDADE Segundo informa\u00e7\u00f5es repassadas pelo hospital \u00e0 Pol\u00edcia Militar, a v\u00edtima chegou ao local conduzido por familiares, apresentando um corte na regi\u00e3o da coxa direita. Conforme relato preliminar, a agress\u00e3o teria sido cometida pela pr\u00f3pria esposa de 42 anos, durante um desentendimento dentro da resid\u00eancia do casal. PUBLICIDADE O homem foi atendido e realizou a sutura do ferimento e liberou a v\u00edtima ap\u00f3s avalia\u00e7\u00e3o m\u00e9dica. PUBLICIDADE A guarni\u00e7\u00e3o policial realizou buscas a fim de localizar a suspeita, por\u00e9m ela n\u00e3o foi encontrada at\u00e9 o encerramento da ocorr\u00eancia. O caso deve ser acompanhado pelas autoridades competentes para apura\u00e7\u00e3o da motiva\u00e7\u00e3o do conflito e eventual responsabiliza\u00e7\u00e3o. Reda\u00e7\u00e3o<\/p>\n","protected":false},"author":3,"featured_media":8964,"comment_status":"open","ping_status":"open","sticky":false,"template":"","format":"standard","meta":{"_joinchat":[],"footnotes":""},"categories":[55,67,59],"tags":[75,803,142],"class_list":["post-9749","post","type-post","status-publish","format-standard","has-post-thumbnail","hentry","category-destaques","category-policia","category-ultimas-noticias","tag-coite","tag-faca","tag-homem"],"yoast_head":"<!-- This site is optimized with the Yoast SEO plugin v24.4 - https:\/\/yoast.com\/wordpress\/plugins\/seo\/ -->\n<title>Homem \u00e9 ferido com golpe de faca durante discuss\u00e3o familiar em Concei\u00e7\u00e3o do Coit\u00e9; esposa \u00e9 suspeita - Portal raizes noticias<\/title>\n<meta name=\"robots\" content=\"index, follow, max-snippet:-1, max-image-preview:large, max-video-preview:-1\" \/>\n<link rel=\"canonical\" href=\"https:\/\/portalraizesnoticias.com.br\/?p=9749\" \/>\n<meta property=\"og:locale\" content=\"pt_BR\" \/>\n<meta property=\"og:type\" content=\"article\" \/>\n<meta property=\"og:title\" content=\"Homem \u00e9 ferido com golpe de faca durante discuss\u00e3o familiar em Concei\u00e7\u00e3o do Coit\u00e9; esposa \u00e9 suspeita - Portal raizes noticias\" \/>\n<meta property=\"og:description\" content=\"Um homem de 44 anos deu entrada no Hospital Portugu\u00eas, em Concei\u00e7\u00e3o do Coit\u00e9, na noite deste domingo (07), ap\u00f3s ser ferido com um golpe de faca durante uma discuss\u00e3o familiar. O caso aconteceu por volta das 22h24, no bairro\u00a0 Casas Populares. PUBLICIDADE Segundo informa\u00e7\u00f5es repassadas pelo hospital \u00e0 Pol\u00edcia Militar, a v\u00edtima chegou ao local conduzido por familiares, apresentando um corte na regi\u00e3o da coxa direita. Conforme relato preliminar, a agress\u00e3o teria sido cometida pela pr\u00f3pria esposa de 42 anos, durante um desentendimento dentro da resid\u00eancia do casal. PUBLICIDADE O homem foi atendido e realizou a sutura do ferimento e liberou a v\u00edtima ap\u00f3s avalia\u00e7\u00e3o m\u00e9dica. PUBLICIDADE A guarni\u00e7\u00e3o policial realizou buscas a fim de localizar a suspeita, por\u00e9m ela n\u00e3o foi encontrada at\u00e9 o encerramento da ocorr\u00eancia. O caso deve ser acompanhado pelas autoridades competentes para apura\u00e7\u00e3o da motiva\u00e7\u00e3o do conflito e eventual responsabiliza\u00e7\u00e3o. Reda\u00e7\u00e3o\" \/>\n<meta property=\"og:url\" content=\"https:\/\/portalraizesnoticias.com.br\/?p=9749\" \/>\n<meta property=\"og:site_name\" content=\"Portal raizes noticias\" \/>\n<meta property=\"article:published_time\" content=\"2025-12-08T14:32:23+00:00\" \/>\n<meta property=\"article:modified_time\" content=\"2025-12-08T14:32:24+00:00\" \/>\n<meta property=\"og:image\" content=\"https:\/\/portalraizesnoticias.com.br\/wp-content\/uploads\/2025\/10\/faca_de_cozinha_7_cabo_de_madeira_sq_3106_3439_1_f3113cdae058070d667f5fb17310895e.jpg\" \/>\n\t<meta property=\"og:image:width\" content=\"500\" \/>\n\t<meta property=\"og:image:height\" content=\"500\" \/>\n\t<meta property=\"og:image:type\" content=\"image\/jpeg\" \/>\n<meta name=\"author\" content=\"Portal Raizes\" \/>\n<meta name=\"twitter:card\" content=\"summary_large_image\" \/>\n<meta name=\"twitter:label1\" content=\"Escrito por\" \/>\n\t<meta name=\"twitter:data1\" content=\"Portal Raizes\" \/>\n\t<meta name=\"twitter:label2\" content=\"Est. tempo de leitura\" \/>\n\t<meta name=\"twitter:data2\" content=\"2 minutos\" \/>\n<script type=\"application\/ld+json\" class=\"yoast-schema-graph\">{\"@context\":\"https:\/\/schema.org\",\"@graph\":[{\"@type\":\"Article\",\"@id\":\"https:\/\/portalraizesnoticias.com.br\/?p=9749#article\",\"isPartOf\":{\"@id\":\"https:\/\/portalraizesnoticias.com.br\/?p=9749\"},\"author\":{\"name\":\"Portal Raizes\",\"@id\":\"https:\/\/portalraizesnoticias.com.br\/#\/schema\/person\/a3ca6b0fc701e78df19756c417d943ae\"},\"headline\":\"Homem \u00e9 ferido com golpe de faca durante discuss\u00e3o familiar em Concei\u00e7\u00e3o do Coit\u00e9; esposa \u00e9 suspeita\",\"datePublished\":\"2025-12-08T14:32:23+00:00\",\"dateModified\":\"2025-12-08T14:32:24+00:00\",\"mainEntityOfPage\":{\"@id\":\"https:\/\/portalraizesnoticias.com.br\/?p=9749\"},\"wordCount\":183,\"commentCount\":0,\"publisher\":{\"@id\":\"https:\/\/portalraizesnoticias.com.br\/#organization\"},\"image\":{\"@id\":\"https:\/\/portalraizesnoticias.com.br\/?p=9749#primaryimage\"},\"thumbnailUrl\":\"https:\/\/portalraizesnoticias.com.br\/wp-content\/uploads\/2025\/10\/faca_de_cozinha_7_cabo_de_madeira_sq_3106_3439_1_f3113cdae058070d667f5fb17310895e.jpg\",\"keywords\":[\"Coit\u00e9\",\"Faca\",\"Homem\"],\"articleSection\":[\"DESTAQUES\",\"POLICIA\",\"ULTIMAS NOTICIAS\"],\"inLanguage\":\"pt-BR\",\"potentialAction\":[{\"@type\":\"CommentAction\",\"name\":\"Comment\",\"target\":[\"https:\/\/portalraizesnoticias.com.br\/?p=9749#respond\"]}]},{\"@type\":\"WebPage\",\"@id\":\"https:\/\/portalraizesnoticias.com.br\/?p=9749\",\"url\":\"https:\/\/portalraizesnoticias.com.br\/?p=9749\",\"name\":\"Homem \u00e9 ferido com golpe de faca durante discuss\u00e3o familiar em Concei\u00e7\u00e3o do Coit\u00e9; esposa \u00e9 suspeita - Portal raizes noticias\",\"isPartOf\":{\"@id\":\"https:\/\/portalraizesnoticias.com.br\/#website\"},\"primaryImageOfPage\":{\"@id\":\"https:\/\/portalraizesnoticias.com.br\/?p=9749#primaryimage\"},\"image\":{\"@id\":\"https:\/\/portalraizesnoticias.com.br\/?p=9749#primaryimage\"},\"thumbnailUrl\":\"https:\/\/portalraizesnoticias.com.br\/wp-content\/uploads\/2025\/10\/faca_de_cozinha_7_cabo_de_madeira_sq_3106_3439_1_f3113cdae058070d667f5fb17310895e.jpg\",\"datePublished\":\"2025-12-08T14:32:23+00:00\",\"dateModified\":\"2025-12-08T14:32:24+00:00\",\"breadcrumb\":{\"@id\":\"https:\/\/portalraizesnoticias.com.br\/?p=9749#breadcrumb\"},\"inLanguage\":\"pt-BR\",\"potentialAction\":[{\"@type\":\"ReadAction\",\"target\":[\"https:\/\/portalraizesnoticias.com.br\/?p=9749\"]}]},{\"@type\":\"ImageObject\",\"inLanguage\":\"pt-BR\",\"@id\":\"https:\/\/portalraizesnoticias.com.br\/?p=9749#primaryimage\",\"url\":\"https:\/\/portalraizesnoticias.com.br\/wp-content\/uploads\/2025\/10\/faca_de_cozinha_7_cabo_de_madeira_sq_3106_3439_1_f3113cdae058070d667f5fb17310895e.jpg\",\"contentUrl\":\"https:\/\/portalraizesnoticias.com.br\/wp-content\/uploads\/2025\/10\/faca_de_cozinha_7_cabo_de_madeira_sq_3106_3439_1_f3113cdae058070d667f5fb17310895e.jpg\",\"width\":500,\"height\":500},{\"@type\":\"BreadcrumbList\",\"@id\":\"https:\/\/portalraizesnoticias.com.br\/?p=9749#breadcrumb\",\"itemListElement\":[{\"@type\":\"ListItem\",\"position\":1,\"name\":\"In\u00edcio\",\"item\":\"https:\/\/portalraizesnoticias.com.br\/\"},{\"@type\":\"ListItem\",\"position\":2,\"name\":\"Homem \u00e9 ferido com golpe de faca durante discuss\u00e3o familiar em Concei\u00e7\u00e3o do Coit\u00e9; esposa \u00e9 suspeita\"}]},{\"@type\":\"WebSite\",\"@id\":\"https:\/\/portalraizesnoticias.com.br\/#website\",\"url\":\"https:\/\/portalraizesnoticias.com.br\/\",\"name\":\"Portal raizes NOTICIAS\",\"description\":\"site de noticias de concei\u00e7\u00e3o do coit\u00e9 e regi\u00e3o\",\"publisher\":{\"@id\":\"https:\/\/portalraizesnoticias.com.br\/#organization\"},\"alternateName\":\"PORTAL RAIZES COIT\u00c9\",\"potentialAction\":[{\"@type\":\"SearchAction\",\"target\":{\"@type\":\"EntryPoint\",\"urlTemplate\":\"https:\/\/portalraizesnoticias.com.br\/?s={search_term_string}\"},\"query-input\":{\"@type\":\"PropertyValueSpecification\",\"valueRequired\":true,\"valueName\":\"search_term_string\"}}],\"inLanguage\":\"pt-BR\"},{\"@type\":\"Organization\",\"@id\":\"https:\/\/portalraizesnoticias.com.br\/#organization\",\"name\":\"Portal raizes NOTICIAS\",\"url\":\"https:\/\/portalraizesnoticias.com.br\/\",\"logo\":{\"@type\":\"ImageObject\",\"inLanguage\":\"pt-BR\",\"@id\":\"https:\/\/portalraizesnoticias.com.br\/#\/schema\/logo\/image\/\",\"url\":\"https:\/\/portalraizesnoticias.com.br\/wp-content\/uploads\/2024\/09\/cropped-Captura-de-tela-2024-09-08-011108.png\",\"contentUrl\":\"https:\/\/portalraizesnoticias.com.br\/wp-content\/uploads\/2024\/09\/cropped-Captura-de-tela-2024-09-08-011108.png\",\"width\":606,\"height\":173,\"caption\":\"Portal raizes NOTICIAS\"},\"image\":{\"@id\":\"https:\/\/portalraizesnoticias.com.br\/#\/schema\/logo\/image\/\"}},{\"@type\":\"Person\",\"@id\":\"https:\/\/portalraizesnoticias.com.br\/#\/schema\/person\/a3ca6b0fc701e78df19756c417d943ae\",\"name\":\"Portal Raizes\",\"image\":{\"@type\":\"ImageObject\",\"inLanguage\":\"pt-BR\",\"@id\":\"https:\/\/portalraizesnoticias.com.br\/#\/schema\/person\/image\/\",\"url\":\"https:\/\/secure.gravatar.com\/avatar\/ef450d29013a3d3fba867a12a249d7b1?s=96&d=mm&r=g\",\"contentUrl\":\"https:\/\/secure.gravatar.com\/avatar\/ef450d29013a3d3fba867a12a249d7b1?s=96&d=mm&r=g\",\"caption\":\"Portal Raizes\"},\"url\":\"https:\/\/portalraizesnoticias.com.br\/?author=3\"}]}<\/script>\n<!-- \/ Yoast SEO plugin. -->","yoast_head_json":{"title":"Homem \u00e9 ferido com golpe de faca durante discuss\u00e3o familiar em Concei\u00e7\u00e3o do Coit\u00e9; esposa \u00e9 suspeita - Portal raizes noticias","robots":{"index":"index","follow":"follow","max-snippet":"max-snippet:-1","max-image-preview":"max-image-preview:large","max-video-preview":"max-video-preview:-1"},"canonical":"https:\/\/portalraizesnoticias.com.br\/?p=9749","og_locale":"pt_BR","og_type":"article","og_title":"Homem \u00e9 ferido com golpe de faca durante discuss\u00e3o familiar em Concei\u00e7\u00e3o do Coit\u00e9; esposa \u00e9 suspeita - Portal raizes noticias","og_description":"Um homem de 44 anos deu entrada no Hospital Portugu\u00eas, em Concei\u00e7\u00e3o do Coit\u00e9, na noite deste domingo (07), ap\u00f3s ser ferido com um golpe de faca durante uma discuss\u00e3o familiar. O caso aconteceu por volta das 22h24, no bairro\u00a0 Casas Populares. PUBLICIDADE Segundo informa\u00e7\u00f5es repassadas pelo hospital \u00e0 Pol\u00edcia Militar, a v\u00edtima chegou ao local conduzido por familiares, apresentando um corte na regi\u00e3o da coxa direita. Conforme relato preliminar, a agress\u00e3o teria sido cometida pela pr\u00f3pria esposa de 42 anos, durante um desentendimento dentro da resid\u00eancia do casal. PUBLICIDADE O homem foi atendido e realizou a sutura do ferimento e liberou a v\u00edtima ap\u00f3s avalia\u00e7\u00e3o m\u00e9dica. PUBLICIDADE A guarni\u00e7\u00e3o policial realizou buscas a fim de localizar a suspeita, por\u00e9m ela n\u00e3o foi encontrada at\u00e9 o encerramento da ocorr\u00eancia. O caso deve ser acompanhado pelas autoridades competentes para apura\u00e7\u00e3o da motiva\u00e7\u00e3o do conflito e eventual responsabiliza\u00e7\u00e3o. Reda\u00e7\u00e3o","og_url":"https:\/\/portalraizesnoticias.com.br\/?p=9749","og_site_name":"Portal raizes noticias","article_published_time":"2025-12-08T14:32:23+00:00","article_modified_time":"2025-12-08T14:32:24+00:00","og_image":[{"width":500,"height":500,"url":"https:\/\/portalraizesnoticias.com.br\/wp-content\/uploads\/2025\/10\/faca_de_cozinha_7_cabo_de_madeira_sq_3106_3439_1_f3113cdae058070d667f5fb17310895e.jpg","type":"image\/jpeg"}],"author":"Portal Raizes","twitter_card":"summary_large_image","twitter_misc":{"Escrito por":"Portal Raizes","Est. tempo de leitura":"2 minutos"},"schema":{"@context":"https:\/\/schema.org","@graph":[{"@type":"Article","@id":"https:\/\/portalraizesnoticias.com.br\/?p=9749#article","isPartOf":{"@id":"https:\/\/portalraizesnoticias.com.br\/?p=9749"},"author":{"name":"Portal Raizes","@id":"https:\/\/portalraizesnoticias.com.br\/#\/schema\/person\/a3ca6b0fc701e78df19756c417d943ae"},"headline":"Homem \u00e9 ferido com golpe de faca durante discuss\u00e3o familiar em Concei\u00e7\u00e3o do Coit\u00e9; esposa \u00e9 suspeita","datePublished":"2025-12-08T14:32:23+00:00","dateModified":"2025-12-08T14:32:24+00:00","mainEntityOfPage":{"@id":"https:\/\/portalraizesnoticias.com.br\/?p=9749"},"wordCount":183,"commentCount":0,"publisher":{"@id":"https:\/\/portalraizesnoticias.com.br\/#organization"},"image":{"@id":"https:\/\/portalraizesnoticias.com.br\/?p=9749#primaryimage"},"thumbnailUrl":"https:\/\/portalraizesnoticias.com.br\/wp-content\/uploads\/2025\/10\/faca_de_cozinha_7_cabo_de_madeira_sq_3106_3439_1_f3113cdae058070d667f5fb17310895e.jpg","keywords":["Coit\u00e9","Faca","Homem"],"articleSection":["DESTAQUES","POLICIA","ULTIMAS NOTICIAS"],"inLanguage":"pt-BR","potentialAction":[{"@type":"CommentAction","name":"Comment","target":["https:\/\/portalraizesnoticias.com.br\/?p=9749#respond"]}]},{"@type":"WebPage","@id":"https:\/\/portalraizesnoticias.com.br\/?p=9749","url":"https:\/\/portalraizesnoticias.com.br\/?p=9749","name":"Homem \u00e9 ferido com golpe de faca durante discuss\u00e3o familiar em Concei\u00e7\u00e3o do Coit\u00e9; esposa \u00e9 suspeita - Portal raizes noticias","isPartOf":{"@id":"https:\/\/portalraizesnoticias.com.br\/#website"},"primaryImageOfPage":{"@id":"https:\/\/portalraizesnoticias.com.br\/?p=9749#primaryimage"},"image":{"@id":"https:\/\/portalraizesnoticias.com.br\/?p=9749#primaryimage"},"thumbnailUrl":"https:\/\/portalraizesnoticias.com.br\/wp-content\/uploads\/2025\/10\/faca_de_cozinha_7_cabo_de_madeira_sq_3106_3439_1_f3113cdae058070d667f5fb17310895e.jpg","datePublished":"2025-12-08T14:32:23+00:00","dateModified":"2025-12-08T14:32:24+00:00","breadcrumb":{"@id":"https:\/\/portalraizesnoticias.com.br\/?p=9749#breadcrumb"},"inLanguage":"pt-BR","potentialAction":[{"@type":"ReadAction","target":["https:\/\/portalraizesnoticias.com.br\/?p=9749"]}]},{"@type":"ImageObject","inLanguage":"pt-BR","@id":"https:\/\/portalraizesnoticias.com.br\/?p=9749#primaryimage","url":"https:\/\/portalraizesnoticias.com.br\/wp-content\/uploads\/2025\/10\/faca_de_cozinha_7_cabo_de_madeira_sq_3106_3439_1_f3113cdae058070d667f5fb17310895e.jpg","contentUrl":"https:\/\/portalraizesnoticias.com.br\/wp-content\/uploads\/2025\/10\/faca_de_cozinha_7_cabo_de_madeira_sq_3106_3439_1_f3113cdae058070d667f5fb17310895e.jpg","width":500,"height":500},{"@type":"BreadcrumbList","@id":"https:\/\/portalraizesnoticias.com.br\/?p=9749#breadcrumb","itemListElement":[{"@type":"ListItem","position":1,"name":"In\u00edcio","item":"https:\/\/portalraizesnoticias.com.br\/"},{"@type":"ListItem","position":2,"name":"Homem \u00e9 ferido com golpe de faca durante discuss\u00e3o familiar em Concei\u00e7\u00e3o do Coit\u00e9; esposa \u00e9 suspeita"}]},{"@type":"WebSite","@id":"https:\/\/portalraizesnoticias.com.br\/#website","url":"https:\/\/portalraizesnoticias.com.br\/","name":"Portal raizes NOTICIAS","description":"site de noticias de concei\u00e7\u00e3o do coit\u00e9 e regi\u00e3o","publisher":{"@id":"https:\/\/portalraizesnoticias.com.br\/#organization"},"alternateName":"PORTAL RAIZES COIT\u00c9","potentialAction":[{"@type":"SearchAction","target":{"@type":"EntryPoint","urlTemplate":"https:\/\/portalraizesnoticias.com.br\/?s={search_term_string}"},"query-input":{"@type":"PropertyValueSpecification","valueRequired":true,"valueName":"search_term_string"}}],"inLanguage":"pt-BR"},{"@type":"Organization","@id":"https:\/\/portalraizesnoticias.com.br\/#organization","name":"Portal raizes NOTICIAS","url":"https:\/\/portalraizesnoticias.com.br\/","logo":{"@type":"ImageObject","inLanguage":"pt-BR","@id":"https:\/\/portalraizesnoticias.com.br\/#\/schema\/logo\/image\/","url":"https:\/\/portalraizesnoticias.com.br\/wp-content\/uploads\/2024\/09\/cropped-Captura-de-tela-2024-09-08-011108.png","contentUrl":"https:\/\/portalraizesnoticias.com.br\/wp-content\/uploads\/2024\/09\/cropped-Captura-de-tela-2024-09-08-011108.png","width":606,"height":173,"caption":"Portal raizes NOTICIAS"},"image":{"@id":"https:\/\/portalraizesnoticias.com.br\/#\/schema\/logo\/image\/"}},{"@type":"Person","@id":"https:\/\/portalraizesnoticias.com.br\/#\/schema\/person\/a3ca6b0fc701e78df19756c417d943ae","name":"Portal Raizes","image":{"@type":"ImageObject","inLanguage":"pt-BR","@id":"https:\/\/portalraizesnoticias.com.br\/#\/schema\/person\/image\/","url":"https:\/\/secure.gravatar.com\/avatar\/ef450d29013a3d3fba867a12a249d7b1?s=96&d=mm&r=g","contentUrl":"https:\/\/secure.gravatar.com\/avatar\/ef450d29013a3d3fba867a12a249d7b1?s=96&d=mm&r=g","caption":"Portal Raizes"},"url":"https:\/\/portalraizesnoticias.com.br\/?author=3"}]}},"_links":{"self":[{"href":"https:\/\/portalraizesnoticias.com.br\/index.php?rest_route=\/wp\/v2\/posts\/9749"}],"collection":[{"href":"https:\/\/portalraizesnoticias.com.br\/index.php?rest_route=\/wp\/v2\/posts"}],"about":[{"href":"https:\/\/portalraizesnoticias.com.br\/index.php?rest_route=\/wp\/v2\/types\/post"}],"author":[{"embeddable":true,"href":"https:\/\/portalraizesnoticias.com.br\/index.php?rest_route=\/wp\/v2\/users\/3"}],"replies":[{"embeddable":true,"href":"https:\/\/portalraizesnoticias.com.br\/index.php?rest_route=%2Fwp%2Fv2%2Fcomments&post=9749"}],"version-history":[{"count":5,"href":"https:\/\/portalraizesnoticias.com.br\/index.php?rest_route=\/wp\/v2\/posts\/9749\/revisions"}],"predecessor-version":[{"id":9754,"href":"https:\/\/portalraizesnoticias.com.br\/index.php?rest_route=\/wp\/v2\/posts\/9749\/revisions\/9754"}],"wp:featuredmedia":[{"embeddable":true,"href":"https:\/\/portalraizesnoticias.com.br\/index.php?rest_route=\/wp\/v2\/media\/8964"}],"wp:attachment":[{"href":"https:\/\/portalraizesnoticias.com.br\/index.php?rest_route=%2Fwp%2Fv2%2Fmedia&parent=9749"}],"wp:term":[{"taxonomy":"category","embeddable":true,"href":"https:\/\/portalraizesnoticias.com.br\/index.php?rest_route=%2Fwp%2Fv2%2Fcategories&post=9749"},{"taxonomy":"post_tag","embeddable":true,"href":"https:\/\/portalraizesnoticias.com.br\/index.php?rest_route=%2Fwp%2Fv2%2Ftags&post=9749"}],"curies":[{"name":"wp","href":"https:\/\/api.w.org\/{rel}","templated":true}]}}