{"id":9709,"date":"2025-12-05T18:44:39","date_gmt":"2025-12-05T21:44:39","guid":{"rendered":"https:\/\/portalraizesnoticias.com.br\/?p=9709"},"modified":"2025-12-05T18:44:40","modified_gmt":"2025-12-05T21:44:40","slug":"jovem-passa-por-cirurgia-com-enxerto-apos-grave-acidente-em-conceicao-do-coite-ela-segue-internada-em-feira-de-santana-sem-previsao-de-alta","status":"publish","type":"post","link":"https:\/\/portalraizesnoticias.com.br\/?p=9709","title":{"rendered":"Jovem passa por cirurgia com enxerto ap\u00f3s grave acidente em Concei\u00e7\u00e3o do Coit\u00e9; ela segue internada em Feira de Santana sem previs\u00e3o de alta"},"content":{"rendered":"<p>Ap\u00f3s o acidente registrado na manh\u00e3 de quinta-feira (05), que deixou Sabryna Leal, de 24 anos, com uma lacera\u00e7\u00e3o profunda na regi\u00e3o da coxa, a jornalista Rafaela Rodrigues conversou com Gilmara Santana, sogra da jovem, que a acompanha no Hospital Geral Cl\u00e9riston Andrade, em Feira de Santana.<\/p>\n<p><strong>Relembre o acidente:<\/strong>\u00a0<a href=\"https:\/\/portalraizesnoticias.com.br\/acidente-de-transito-deixa-duas-pessoas-feridas-em-conceicao-do-coite-caminhao-passou-sobre-perna-de-passageira-de-mototaxi\/\">Acidente de tr\u00e2nsito deixa duas pessoas feridas em Concei\u00e7\u00e3o do Coit\u00e9; caminh\u00e3o passou sobre perna de passageira de motot\u00e1xi<\/a><\/p>\n<p>De acordo com Gilmara, Sabryna passou por uma cirurgia delicada devido \u00e0 gravidade do ferimento. Durante o procedimento, os m\u00e9dicos realizaram um enxerto (procedimento m\u00e9dico utilizado para reparar uma \u00e1rea que sofreu perda de tecido, como pele, m\u00fasculo, osso ou cartilagem) na \u00e1rea lesionada, para recomposi\u00e7\u00e3o dos tecidos.<\/p>\n<p><img fetchpriority=\"high\" decoding=\"async\" class=\"size-medium wp-image-8006 aligncenter\" src=\"https:\/\/portalraizesnoticias.com.br\/wp-content\/uploads\/2025\/09\/IMG-20250902-WA0020-300x296.jpg\" alt=\"\" width=\"300\" height=\"296\" srcset=\"https:\/\/portalraizesnoticias.com.br\/wp-content\/uploads\/2025\/09\/IMG-20250902-WA0020-300x296.jpg 300w, https:\/\/portalraizesnoticias.com.br\/wp-content\/uploads\/2025\/09\/IMG-20250902-WA0020-1024x1009.jpg 1024w, https:\/\/portalraizesnoticias.com.br\/wp-content\/uploads\/2025\/09\/IMG-20250902-WA0020-768x757.jpg 768w, https:\/\/portalraizesnoticias.com.br\/wp-content\/uploads\/2025\/09\/IMG-20250902-WA0020.jpg 1080w\" sizes=\"(max-width: 300px) 100vw, 300px\" \/><\/p>\n<p style=\"text-align: center;\"><strong>PUBLICIDADE<\/strong><\/p>\n<p>Sabryna permanece internada na UTI, mas, segundo a fam\u00edlia, o motivo n\u00e3o \u00e9 complica\u00e7\u00e3o no quadro cl\u00ednico, e sim a espera por uma vaga na enfermaria.<\/p>\n<p>\u201cA cirurgia deu certo, agora estamos aguardando apenas a transfer\u00eancia dela para a enfermaria\u201d, relatou a sogra.<\/p>\n<p><img decoding=\"async\" class=\"size-medium wp-image-8289 aligncenter\" src=\"https:\/\/portalraizesnoticias.com.br\/wp-content\/uploads\/2025\/09\/IMG-20250918-WA0124-300x300.jpg\" alt=\"\" width=\"300\" height=\"300\" srcset=\"https:\/\/portalraizesnoticias.com.br\/wp-content\/uploads\/2025\/09\/IMG-20250918-WA0124-300x300.jpg 300w, https:\/\/portalraizesnoticias.com.br\/wp-content\/uploads\/2025\/09\/IMG-20250918-WA0124-150x150.jpg 150w, https:\/\/portalraizesnoticias.com.br\/wp-content\/uploads\/2025\/09\/IMG-20250918-WA0124-768x768.jpg 768w, https:\/\/portalraizesnoticias.com.br\/wp-content\/uploads\/2025\/09\/IMG-20250918-WA0124.jpg 1000w\" sizes=\"(max-width: 300px) 100vw, 300px\" \/><\/p>\n<p style=\"text-align: center;\"><strong>PUBLICIDADE<\/strong><\/p>\n<p>Ainda conforme Gilmara, a jovem est\u00e1 consciente, se comunicando e responde bem \u00e0 recupera\u00e7\u00e3o. No entanto, n\u00e3o h\u00e1 previs\u00e3o de alta m\u00e9dica.<\/p>\n<p>\u201cEla vai precisar permanecer no hospital porque seguir\u00e1 tomando antibi\u00f3ticos e ter\u00e1 um suporte melhor dentro da unidade\u201d, explica.<\/p>\n<p>Gilmara refor\u00e7a que, diante da gravidade do acidente e do ferimento, a recupera\u00e7\u00e3o de Sabryna \u00e9 vista pela fam\u00edlia como um verdadeiro milagre.<\/p>\n<p>Reda\u00e7\u00e3o<\/p>\n","protected":false},"excerpt":{"rendered":"<p>Ap\u00f3s o acidente registrado na manh\u00e3 de quinta-feira (05), que deixou Sabryna Leal, de 24 anos, com uma lacera\u00e7\u00e3o profunda na regi\u00e3o da coxa, a jornalista Rafaela Rodrigues conversou com Gilmara Santana, sogra da jovem, que a acompanha no Hospital Geral Cl\u00e9riston Andrade, em Feira de Santana. Relembre o acidente:\u00a0Acidente de tr\u00e2nsito deixa duas pessoas feridas em Concei\u00e7\u00e3o do Coit\u00e9; caminh\u00e3o passou sobre perna de passageira de motot\u00e1xi De acordo com Gilmara, Sabryna passou por uma cirurgia delicada devido \u00e0 gravidade do ferimento. Durante o procedimento, os m\u00e9dicos realizaram um enxerto (procedimento m\u00e9dico utilizado para reparar uma \u00e1rea que sofreu perda de tecido, como pele, m\u00fasculo, osso ou cartilagem) na \u00e1rea lesionada, para recomposi\u00e7\u00e3o dos tecidos. PUBLICIDADE Sabryna permanece internada na UTI, mas, segundo a fam\u00edlia, o motivo n\u00e3o \u00e9 complica\u00e7\u00e3o no quadro cl\u00ednico, e sim a espera por uma vaga na enfermaria. \u201cA cirurgia deu certo, agora estamos aguardando apenas a transfer\u00eancia dela para a enfermaria\u201d, relatou a sogra. PUBLICIDADE Ainda conforme Gilmara, a jovem est\u00e1 consciente, se comunicando e responde bem \u00e0 recupera\u00e7\u00e3o. No entanto, n\u00e3o h\u00e1 previs\u00e3o de alta m\u00e9dica. \u201cEla vai precisar permanecer no hospital porque seguir\u00e1 tomando antibi\u00f3ticos e ter\u00e1 um suporte melhor dentro da unidade\u201d, explica. Gilmara refor\u00e7a que, diante da gravidade do acidente e do ferimento, a recupera\u00e7\u00e3o de Sabryna \u00e9 vista pela fam\u00edlia como um verdadeiro milagre. Reda\u00e7\u00e3o<\/p>\n","protected":false},"author":3,"featured_media":9712,"comment_status":"open","ping_status":"open","sticky":false,"template":"","format":"standard","meta":{"_joinchat":[],"footnotes":""},"categories":[58,55,59],"tags":[139,75,76,331],"class_list":["post-9709","post","type-post","status-publish","format-standard","has-post-thumbnail","hentry","category-acidentes","category-destaques","category-ultimas-noticias","tag-acidente","tag-coite","tag-jovem","tag-portal-raizes-2"],"yoast_head":"<!-- This site is optimized with the Yoast SEO plugin v24.4 - https:\/\/yoast.com\/wordpress\/plugins\/seo\/ -->\n<title>Jovem passa por cirurgia com enxerto ap\u00f3s grave acidente em Concei\u00e7\u00e3o do Coit\u00e9; ela segue internada em Feira de Santana sem previs\u00e3o de alta - Portal raizes noticias<\/title>\n<meta name=\"robots\" content=\"index, follow, max-snippet:-1, max-image-preview:large, max-video-preview:-1\" \/>\n<link rel=\"canonical\" href=\"https:\/\/portalraizesnoticias.com.br\/?p=9709\" \/>\n<meta property=\"og:locale\" content=\"pt_BR\" \/>\n<meta property=\"og:type\" content=\"article\" \/>\n<meta property=\"og:title\" content=\"Jovem passa por cirurgia com enxerto ap\u00f3s grave acidente em Concei\u00e7\u00e3o do Coit\u00e9; ela segue internada em Feira de Santana sem previs\u00e3o de alta - Portal raizes noticias\" \/>\n<meta property=\"og:description\" content=\"Ap\u00f3s o acidente registrado na manh\u00e3 de quinta-feira (05), que deixou Sabryna Leal, de 24 anos, com uma lacera\u00e7\u00e3o profunda na regi\u00e3o da coxa, a jornalista Rafaela Rodrigues conversou com Gilmara Santana, sogra da jovem, que a acompanha no Hospital Geral Cl\u00e9riston Andrade, em Feira de Santana. Relembre o acidente:\u00a0Acidente de tr\u00e2nsito deixa duas pessoas feridas em Concei\u00e7\u00e3o do Coit\u00e9; caminh\u00e3o passou sobre perna de passageira de motot\u00e1xi De acordo com Gilmara, Sabryna passou por uma cirurgia delicada devido \u00e0 gravidade do ferimento. Durante o procedimento, os m\u00e9dicos realizaram um enxerto (procedimento m\u00e9dico utilizado para reparar uma \u00e1rea que sofreu perda de tecido, como pele, m\u00fasculo, osso ou cartilagem) na \u00e1rea lesionada, para recomposi\u00e7\u00e3o dos tecidos. PUBLICIDADE Sabryna permanece internada na UTI, mas, segundo a fam\u00edlia, o motivo n\u00e3o \u00e9 complica\u00e7\u00e3o no quadro cl\u00ednico, e sim a espera por uma vaga na enfermaria. \u201cA cirurgia deu certo, agora estamos aguardando apenas a transfer\u00eancia dela para a enfermaria\u201d, relatou a sogra. PUBLICIDADE Ainda conforme Gilmara, a jovem est\u00e1 consciente, se comunicando e responde bem \u00e0 recupera\u00e7\u00e3o. No entanto, n\u00e3o h\u00e1 previs\u00e3o de alta m\u00e9dica. \u201cEla vai precisar permanecer no hospital porque seguir\u00e1 tomando antibi\u00f3ticos e ter\u00e1 um suporte melhor dentro da unidade\u201d, explica. Gilmara refor\u00e7a que, diante da gravidade do acidente e do ferimento, a recupera\u00e7\u00e3o de Sabryna \u00e9 vista pela fam\u00edlia como um verdadeiro milagre. Reda\u00e7\u00e3o\" \/>\n<meta property=\"og:url\" content=\"https:\/\/portalraizesnoticias.com.br\/?p=9709\" \/>\n<meta property=\"og:site_name\" content=\"Portal raizes noticias\" \/>\n<meta property=\"article:published_time\" content=\"2025-12-05T21:44:39+00:00\" \/>\n<meta property=\"article:modified_time\" content=\"2025-12-05T21:44:40+00:00\" \/>\n<meta property=\"og:image\" content=\"https:\/\/portalraizesnoticias.com.br\/wp-content\/uploads\/2025\/12\/IMG-20251205-WA0331.jpg\" \/>\n\t<meta property=\"og:image:width\" content=\"720\" \/>\n\t<meta property=\"og:image:height\" content=\"640\" \/>\n\t<meta property=\"og:image:type\" content=\"image\/jpeg\" \/>\n<meta name=\"author\" content=\"Portal Raizes\" \/>\n<meta name=\"twitter:card\" content=\"summary_large_image\" \/>\n<meta name=\"twitter:label1\" content=\"Escrito por\" \/>\n\t<meta name=\"twitter:data1\" content=\"Portal Raizes\" \/>\n\t<meta name=\"twitter:label2\" content=\"Est. tempo de leitura\" \/>\n\t<meta name=\"twitter:data2\" content=\"2 minutos\" \/>\n<script type=\"application\/ld+json\" class=\"yoast-schema-graph\">{\"@context\":\"https:\/\/schema.org\",\"@graph\":[{\"@type\":\"Article\",\"@id\":\"https:\/\/portalraizesnoticias.com.br\/?p=9709#article\",\"isPartOf\":{\"@id\":\"https:\/\/portalraizesnoticias.com.br\/?p=9709\"},\"author\":{\"name\":\"Portal Raizes\",\"@id\":\"https:\/\/portalraizesnoticias.com.br\/#\/schema\/person\/a3ca6b0fc701e78df19756c417d943ae\"},\"headline\":\"Jovem passa por cirurgia com enxerto ap\u00f3s grave acidente em Concei\u00e7\u00e3o do Coit\u00e9; ela segue internada em Feira de Santana sem previs\u00e3o de alta\",\"datePublished\":\"2025-12-05T21:44:39+00:00\",\"dateModified\":\"2025-12-05T21:44:40+00:00\",\"mainEntityOfPage\":{\"@id\":\"https:\/\/portalraizesnoticias.com.br\/?p=9709\"},\"wordCount\":274,\"commentCount\":0,\"publisher\":{\"@id\":\"https:\/\/portalraizesnoticias.com.br\/#organization\"},\"image\":{\"@id\":\"https:\/\/portalraizesnoticias.com.br\/?p=9709#primaryimage\"},\"thumbnailUrl\":\"https:\/\/portalraizesnoticias.com.br\/wp-content\/uploads\/2025\/12\/IMG-20251205-WA0331.jpg\",\"keywords\":[\"Acidente\",\"Coit\u00e9\",\"Jovem\",\"Portal Ra\u00edzes\"],\"articleSection\":[\"ACIDENTES\",\"DESTAQUES\",\"ULTIMAS NOTICIAS\"],\"inLanguage\":\"pt-BR\",\"potentialAction\":[{\"@type\":\"CommentAction\",\"name\":\"Comment\",\"target\":[\"https:\/\/portalraizesnoticias.com.br\/?p=9709#respond\"]}]},{\"@type\":\"WebPage\",\"@id\":\"https:\/\/portalraizesnoticias.com.br\/?p=9709\",\"url\":\"https:\/\/portalraizesnoticias.com.br\/?p=9709\",\"name\":\"Jovem passa por cirurgia com enxerto ap\u00f3s grave acidente em Concei\u00e7\u00e3o do Coit\u00e9; ela segue internada em Feira de Santana sem previs\u00e3o de alta - Portal raizes noticias\",\"isPartOf\":{\"@id\":\"https:\/\/portalraizesnoticias.com.br\/#website\"},\"primaryImageOfPage\":{\"@id\":\"https:\/\/portalraizesnoticias.com.br\/?p=9709#primaryimage\"},\"image\":{\"@id\":\"https:\/\/portalraizesnoticias.com.br\/?p=9709#primaryimage\"},\"thumbnailUrl\":\"https:\/\/portalraizesnoticias.com.br\/wp-content\/uploads\/2025\/12\/IMG-20251205-WA0331.jpg\",\"datePublished\":\"2025-12-05T21:44:39+00:00\",\"dateModified\":\"2025-12-05T21:44:40+00:00\",\"breadcrumb\":{\"@id\":\"https:\/\/portalraizesnoticias.com.br\/?p=9709#breadcrumb\"},\"inLanguage\":\"pt-BR\",\"potentialAction\":[{\"@type\":\"ReadAction\",\"target\":[\"https:\/\/portalraizesnoticias.com.br\/?p=9709\"]}]},{\"@type\":\"ImageObject\",\"inLanguage\":\"pt-BR\",\"@id\":\"https:\/\/portalraizesnoticias.com.br\/?p=9709#primaryimage\",\"url\":\"https:\/\/portalraizesnoticias.com.br\/wp-content\/uploads\/2025\/12\/IMG-20251205-WA0331.jpg\",\"contentUrl\":\"https:\/\/portalraizesnoticias.com.br\/wp-content\/uploads\/2025\/12\/IMG-20251205-WA0331.jpg\",\"width\":720,\"height\":640},{\"@type\":\"BreadcrumbList\",\"@id\":\"https:\/\/portalraizesnoticias.com.br\/?p=9709#breadcrumb\",\"itemListElement\":[{\"@type\":\"ListItem\",\"position\":1,\"name\":\"In\u00edcio\",\"item\":\"https:\/\/portalraizesnoticias.com.br\/\"},{\"@type\":\"ListItem\",\"position\":2,\"name\":\"Jovem passa por cirurgia com enxerto ap\u00f3s grave acidente em Concei\u00e7\u00e3o do Coit\u00e9; ela segue internada em Feira de Santana sem previs\u00e3o de alta\"}]},{\"@type\":\"WebSite\",\"@id\":\"https:\/\/portalraizesnoticias.com.br\/#website\",\"url\":\"https:\/\/portalraizesnoticias.com.br\/\",\"name\":\"Portal raizes NOTICIAS\",\"description\":\"site de noticias de concei\u00e7\u00e3o do coit\u00e9 e regi\u00e3o\",\"publisher\":{\"@id\":\"https:\/\/portalraizesnoticias.com.br\/#organization\"},\"alternateName\":\"PORTAL RAIZES COIT\u00c9\",\"potentialAction\":[{\"@type\":\"SearchAction\",\"target\":{\"@type\":\"EntryPoint\",\"urlTemplate\":\"https:\/\/portalraizesnoticias.com.br\/?s={search_term_string}\"},\"query-input\":{\"@type\":\"PropertyValueSpecification\",\"valueRequired\":true,\"valueName\":\"search_term_string\"}}],\"inLanguage\":\"pt-BR\"},{\"@type\":\"Organization\",\"@id\":\"https:\/\/portalraizesnoticias.com.br\/#organization\",\"name\":\"Portal raizes NOTICIAS\",\"url\":\"https:\/\/portalraizesnoticias.com.br\/\",\"logo\":{\"@type\":\"ImageObject\",\"inLanguage\":\"pt-BR\",\"@id\":\"https:\/\/portalraizesnoticias.com.br\/#\/schema\/logo\/image\/\",\"url\":\"https:\/\/portalraizesnoticias.com.br\/wp-content\/uploads\/2024\/09\/cropped-Captura-de-tela-2024-09-08-011108.png\",\"contentUrl\":\"https:\/\/portalraizesnoticias.com.br\/wp-content\/uploads\/2024\/09\/cropped-Captura-de-tela-2024-09-08-011108.png\",\"width\":606,\"height\":173,\"caption\":\"Portal raizes NOTICIAS\"},\"image\":{\"@id\":\"https:\/\/portalraizesnoticias.com.br\/#\/schema\/logo\/image\/\"}},{\"@type\":\"Person\",\"@id\":\"https:\/\/portalraizesnoticias.com.br\/#\/schema\/person\/a3ca6b0fc701e78df19756c417d943ae\",\"name\":\"Portal Raizes\",\"image\":{\"@type\":\"ImageObject\",\"inLanguage\":\"pt-BR\",\"@id\":\"https:\/\/portalraizesnoticias.com.br\/#\/schema\/person\/image\/\",\"url\":\"https:\/\/secure.gravatar.com\/avatar\/ef450d29013a3d3fba867a12a249d7b1?s=96&d=mm&r=g\",\"contentUrl\":\"https:\/\/secure.gravatar.com\/avatar\/ef450d29013a3d3fba867a12a249d7b1?s=96&d=mm&r=g\",\"caption\":\"Portal Raizes\"},\"url\":\"https:\/\/portalraizesnoticias.com.br\/?author=3\"}]}<\/script>\n<!-- \/ Yoast SEO plugin. -->","yoast_head_json":{"title":"Jovem passa por cirurgia com enxerto ap\u00f3s grave acidente em Concei\u00e7\u00e3o do Coit\u00e9; ela segue internada em Feira de Santana sem previs\u00e3o de alta - Portal raizes noticias","robots":{"index":"index","follow":"follow","max-snippet":"max-snippet:-1","max-image-preview":"max-image-preview:large","max-video-preview":"max-video-preview:-1"},"canonical":"https:\/\/portalraizesnoticias.com.br\/?p=9709","og_locale":"pt_BR","og_type":"article","og_title":"Jovem passa por cirurgia com enxerto ap\u00f3s grave acidente em Concei\u00e7\u00e3o do Coit\u00e9; ela segue internada em Feira de Santana sem previs\u00e3o de alta - Portal raizes noticias","og_description":"Ap\u00f3s o acidente registrado na manh\u00e3 de quinta-feira (05), que deixou Sabryna Leal, de 24 anos, com uma lacera\u00e7\u00e3o profunda na regi\u00e3o da coxa, a jornalista Rafaela Rodrigues conversou com Gilmara Santana, sogra da jovem, que a acompanha no Hospital Geral Cl\u00e9riston Andrade, em Feira de Santana. Relembre o acidente:\u00a0Acidente de tr\u00e2nsito deixa duas pessoas feridas em Concei\u00e7\u00e3o do Coit\u00e9; caminh\u00e3o passou sobre perna de passageira de motot\u00e1xi De acordo com Gilmara, Sabryna passou por uma cirurgia delicada devido \u00e0 gravidade do ferimento. Durante o procedimento, os m\u00e9dicos realizaram um enxerto (procedimento m\u00e9dico utilizado para reparar uma \u00e1rea que sofreu perda de tecido, como pele, m\u00fasculo, osso ou cartilagem) na \u00e1rea lesionada, para recomposi\u00e7\u00e3o dos tecidos. PUBLICIDADE Sabryna permanece internada na UTI, mas, segundo a fam\u00edlia, o motivo n\u00e3o \u00e9 complica\u00e7\u00e3o no quadro cl\u00ednico, e sim a espera por uma vaga na enfermaria. \u201cA cirurgia deu certo, agora estamos aguardando apenas a transfer\u00eancia dela para a enfermaria\u201d, relatou a sogra. PUBLICIDADE Ainda conforme Gilmara, a jovem est\u00e1 consciente, se comunicando e responde bem \u00e0 recupera\u00e7\u00e3o. No entanto, n\u00e3o h\u00e1 previs\u00e3o de alta m\u00e9dica. \u201cEla vai precisar permanecer no hospital porque seguir\u00e1 tomando antibi\u00f3ticos e ter\u00e1 um suporte melhor dentro da unidade\u201d, explica. Gilmara refor\u00e7a que, diante da gravidade do acidente e do ferimento, a recupera\u00e7\u00e3o de Sabryna \u00e9 vista pela fam\u00edlia como um verdadeiro milagre. Reda\u00e7\u00e3o","og_url":"https:\/\/portalraizesnoticias.com.br\/?p=9709","og_site_name":"Portal raizes noticias","article_published_time":"2025-12-05T21:44:39+00:00","article_modified_time":"2025-12-05T21:44:40+00:00","og_image":[{"width":720,"height":640,"url":"https:\/\/portalraizesnoticias.com.br\/wp-content\/uploads\/2025\/12\/IMG-20251205-WA0331.jpg","type":"image\/jpeg"}],"author":"Portal Raizes","twitter_card":"summary_large_image","twitter_misc":{"Escrito por":"Portal Raizes","Est. tempo de leitura":"2 minutos"},"schema":{"@context":"https:\/\/schema.org","@graph":[{"@type":"Article","@id":"https:\/\/portalraizesnoticias.com.br\/?p=9709#article","isPartOf":{"@id":"https:\/\/portalraizesnoticias.com.br\/?p=9709"},"author":{"name":"Portal Raizes","@id":"https:\/\/portalraizesnoticias.com.br\/#\/schema\/person\/a3ca6b0fc701e78df19756c417d943ae"},"headline":"Jovem passa por cirurgia com enxerto ap\u00f3s grave acidente em Concei\u00e7\u00e3o do Coit\u00e9; ela segue internada em Feira de Santana sem previs\u00e3o de alta","datePublished":"2025-12-05T21:44:39+00:00","dateModified":"2025-12-05T21:44:40+00:00","mainEntityOfPage":{"@id":"https:\/\/portalraizesnoticias.com.br\/?p=9709"},"wordCount":274,"commentCount":0,"publisher":{"@id":"https:\/\/portalraizesnoticias.com.br\/#organization"},"image":{"@id":"https:\/\/portalraizesnoticias.com.br\/?p=9709#primaryimage"},"thumbnailUrl":"https:\/\/portalraizesnoticias.com.br\/wp-content\/uploads\/2025\/12\/IMG-20251205-WA0331.jpg","keywords":["Acidente","Coit\u00e9","Jovem","Portal Ra\u00edzes"],"articleSection":["ACIDENTES","DESTAQUES","ULTIMAS NOTICIAS"],"inLanguage":"pt-BR","potentialAction":[{"@type":"CommentAction","name":"Comment","target":["https:\/\/portalraizesnoticias.com.br\/?p=9709#respond"]}]},{"@type":"WebPage","@id":"https:\/\/portalraizesnoticias.com.br\/?p=9709","url":"https:\/\/portalraizesnoticias.com.br\/?p=9709","name":"Jovem passa por cirurgia com enxerto ap\u00f3s grave acidente em Concei\u00e7\u00e3o do Coit\u00e9; ela segue internada em Feira de Santana sem previs\u00e3o de alta - Portal raizes noticias","isPartOf":{"@id":"https:\/\/portalraizesnoticias.com.br\/#website"},"primaryImageOfPage":{"@id":"https:\/\/portalraizesnoticias.com.br\/?p=9709#primaryimage"},"image":{"@id":"https:\/\/portalraizesnoticias.com.br\/?p=9709#primaryimage"},"thumbnailUrl":"https:\/\/portalraizesnoticias.com.br\/wp-content\/uploads\/2025\/12\/IMG-20251205-WA0331.jpg","datePublished":"2025-12-05T21:44:39+00:00","dateModified":"2025-12-05T21:44:40+00:00","breadcrumb":{"@id":"https:\/\/portalraizesnoticias.com.br\/?p=9709#breadcrumb"},"inLanguage":"pt-BR","potentialAction":[{"@type":"ReadAction","target":["https:\/\/portalraizesnoticias.com.br\/?p=9709"]}]},{"@type":"ImageObject","inLanguage":"pt-BR","@id":"https:\/\/portalraizesnoticias.com.br\/?p=9709#primaryimage","url":"https:\/\/portalraizesnoticias.com.br\/wp-content\/uploads\/2025\/12\/IMG-20251205-WA0331.jpg","contentUrl":"https:\/\/portalraizesnoticias.com.br\/wp-content\/uploads\/2025\/12\/IMG-20251205-WA0331.jpg","width":720,"height":640},{"@type":"BreadcrumbList","@id":"https:\/\/portalraizesnoticias.com.br\/?p=9709#breadcrumb","itemListElement":[{"@type":"ListItem","position":1,"name":"In\u00edcio","item":"https:\/\/portalraizesnoticias.com.br\/"},{"@type":"ListItem","position":2,"name":"Jovem passa por cirurgia com enxerto ap\u00f3s grave acidente em Concei\u00e7\u00e3o do Coit\u00e9; ela segue internada em Feira de Santana sem previs\u00e3o de alta"}]},{"@type":"WebSite","@id":"https:\/\/portalraizesnoticias.com.br\/#website","url":"https:\/\/portalraizesnoticias.com.br\/","name":"Portal raizes NOTICIAS","description":"site de noticias de concei\u00e7\u00e3o do coit\u00e9 e regi\u00e3o","publisher":{"@id":"https:\/\/portalraizesnoticias.com.br\/#organization"},"alternateName":"PORTAL RAIZES COIT\u00c9","potentialAction":[{"@type":"SearchAction","target":{"@type":"EntryPoint","urlTemplate":"https:\/\/portalraizesnoticias.com.br\/?s={search_term_string}"},"query-input":{"@type":"PropertyValueSpecification","valueRequired":true,"valueName":"search_term_string"}}],"inLanguage":"pt-BR"},{"@type":"Organization","@id":"https:\/\/portalraizesnoticias.com.br\/#organization","name":"Portal raizes NOTICIAS","url":"https:\/\/portalraizesnoticias.com.br\/","logo":{"@type":"ImageObject","inLanguage":"pt-BR","@id":"https:\/\/portalraizesnoticias.com.br\/#\/schema\/logo\/image\/","url":"https:\/\/portalraizesnoticias.com.br\/wp-content\/uploads\/2024\/09\/cropped-Captura-de-tela-2024-09-08-011108.png","contentUrl":"https:\/\/portalraizesnoticias.com.br\/wp-content\/uploads\/2024\/09\/cropped-Captura-de-tela-2024-09-08-011108.png","width":606,"height":173,"caption":"Portal raizes NOTICIAS"},"image":{"@id":"https:\/\/portalraizesnoticias.com.br\/#\/schema\/logo\/image\/"}},{"@type":"Person","@id":"https:\/\/portalraizesnoticias.com.br\/#\/schema\/person\/a3ca6b0fc701e78df19756c417d943ae","name":"Portal Raizes","image":{"@type":"ImageObject","inLanguage":"pt-BR","@id":"https:\/\/portalraizesnoticias.com.br\/#\/schema\/person\/image\/","url":"https:\/\/secure.gravatar.com\/avatar\/ef450d29013a3d3fba867a12a249d7b1?s=96&d=mm&r=g","contentUrl":"https:\/\/secure.gravatar.com\/avatar\/ef450d29013a3d3fba867a12a249d7b1?s=96&d=mm&r=g","caption":"Portal Raizes"},"url":"https:\/\/portalraizesnoticias.com.br\/?author=3"}]}},"_links":{"self":[{"href":"https:\/\/portalraizesnoticias.com.br\/index.php?rest_route=\/wp\/v2\/posts\/9709"}],"collection":[{"href":"https:\/\/portalraizesnoticias.com.br\/index.php?rest_route=\/wp\/v2\/posts"}],"about":[{"href":"https:\/\/portalraizesnoticias.com.br\/index.php?rest_route=\/wp\/v2\/types\/post"}],"author":[{"embeddable":true,"href":"https:\/\/portalraizesnoticias.com.br\/index.php?rest_route=\/wp\/v2\/users\/3"}],"replies":[{"embeddable":true,"href":"https:\/\/portalraizesnoticias.com.br\/index.php?rest_route=%2Fwp%2Fv2%2Fcomments&post=9709"}],"version-history":[{"count":4,"href":"https:\/\/portalraizesnoticias.com.br\/index.php?rest_route=\/wp\/v2\/posts\/9709\/revisions"}],"predecessor-version":[{"id":9714,"href":"https:\/\/portalraizesnoticias.com.br\/index.php?rest_route=\/wp\/v2\/posts\/9709\/revisions\/9714"}],"wp:featuredmedia":[{"embeddable":true,"href":"https:\/\/portalraizesnoticias.com.br\/index.php?rest_route=\/wp\/v2\/media\/9712"}],"wp:attachment":[{"href":"https:\/\/portalraizesnoticias.com.br\/index.php?rest_route=%2Fwp%2Fv2%2Fmedia&parent=9709"}],"wp:term":[{"taxonomy":"category","embeddable":true,"href":"https:\/\/portalraizesnoticias.com.br\/index.php?rest_route=%2Fwp%2Fv2%2Fcategories&post=9709"},{"taxonomy":"post_tag","embeddable":true,"href":"https:\/\/portalraizesnoticias.com.br\/index.php?rest_route=%2Fwp%2Fv2%2Ftags&post=9709"}],"curies":[{"name":"wp","href":"https:\/\/api.w.org\/{rel}","templated":true}]}}