{"id":9663,"date":"2025-12-04T09:59:01","date_gmt":"2025-12-04T12:59:01","guid":{"rendered":"https:\/\/portalraizesnoticias.com.br\/?p=9663"},"modified":"2025-12-05T15:55:27","modified_gmt":"2025-12-05T18:55:27","slug":"acidente-de-transito-deixa-duas-pessoas-feridas-em-conceicao-do-coite-caminhao-passou-sobre-perna-de-passageira-de-mototaxi","status":"publish","type":"post","link":"https:\/\/portalraizesnoticias.com.br\/?p=9663","title":{"rendered":"Acidente de tr\u00e2nsito deixa duas pessoas feridas em Concei\u00e7\u00e3o do Coit\u00e9; caminh\u00e3o passou sobre perna de passageira de motot\u00e1xi"},"content":{"rendered":"<p>Um grave acidente de tr\u00e2nsito foi registrado na manh\u00e3 desta quinta-feira (04), na Rua Jos\u00e9 Ramos Guimar\u00e3es, nas proximidades do cemit\u00e9rio velho, em Concei\u00e7\u00e3o do Coit\u00e9.<\/p>\n<p><img fetchpriority=\"high\" decoding=\"async\" class=\"size-medium wp-image-9667 aligncenter\" src=\"https:\/\/portalraizesnoticias.com.br\/wp-content\/uploads\/2025\/12\/IMG-20251204-WA0119-300x261.jpg\" alt=\"\" width=\"300\" height=\"261\" srcset=\"https:\/\/portalraizesnoticias.com.br\/wp-content\/uploads\/2025\/12\/IMG-20251204-WA0119-300x261.jpg 300w, https:\/\/portalraizesnoticias.com.br\/wp-content\/uploads\/2025\/12\/IMG-20251204-WA0119.jpg 646w\" sizes=\"(max-width: 300px) 100vw, 300px\" \/><\/p>\n<hr \/>\n<p>A ocorr\u00eancia envolveu uma motocicleta, um carro e um caminh\u00e3o. Na moto estavam um mototaxista Waldomiro Coelho Ribeiro, 63 anos e uma passageira Sabrina Leal, 24 anos.<\/p>\n<p><img decoding=\"async\" class=\"size-medium wp-image-9670 aligncenter\" src=\"https:\/\/portalraizesnoticias.com.br\/wp-content\/uploads\/2025\/12\/IMG-20251204-WA0080-169x300.jpg\" alt=\"\" width=\"169\" height=\"300\" srcset=\"https:\/\/portalraizesnoticias.com.br\/wp-content\/uploads\/2025\/12\/IMG-20251204-WA0080-169x300.jpg 169w, https:\/\/portalraizesnoticias.com.br\/wp-content\/uploads\/2025\/12\/IMG-20251204-WA0080-576x1024.jpg 576w, https:\/\/portalraizesnoticias.com.br\/wp-content\/uploads\/2025\/12\/IMG-20251204-WA0080.jpg 720w\" sizes=\"(max-width: 169px) 100vw, 169px\" \/><\/p>\n<p>Segundo relatos de populares, o caminh\u00e3o seguia no sentido da frente do cemit\u00e9rio, e o mototaxista possivelmente vinha logo atr\u00e1s do ve\u00edculo. Ap\u00f3s realizar uma suposta ultrapassagem, a moto teria colidido na lateral do carro, ocasionando a queda.<\/p>\n<p><img decoding=\"async\" class=\"size-medium wp-image-8641 aligncenter\" src=\"https:\/\/portalraizesnoticias.com.br\/wp-content\/uploads\/2025\/10\/WhatsApp-Image-2025-10-02-at-08.27.18-300x229.jpeg\" alt=\"\" width=\"300\" height=\"229\" srcset=\"https:\/\/portalraizesnoticias.com.br\/wp-content\/uploads\/2025\/10\/WhatsApp-Image-2025-10-02-at-08.27.18-300x229.jpeg 300w, https:\/\/portalraizesnoticias.com.br\/wp-content\/uploads\/2025\/10\/WhatsApp-Image-2025-10-02-at-08.27.18.jpeg 752w\" sizes=\"(max-width: 300px) 100vw, 300px\" \/><\/p>\n<p style=\"text-align: center;\"><strong>PUBLICIDADE<\/strong><\/p>\n<p>Com a queda, a jovem teve a perna atingida pelo caminh\u00e3o.<\/p>\n<p>No entanto, as circunst\u00e2ncias reais do acidente ainda ser\u00e3o apuradas, cabendo \u00e0 autoridade policial e \u00e0 per\u00edcia t\u00e9cnica esclarecerem com exatid\u00e3o como ocorreu a din\u00e2mica dos fatos.<\/p>\n<p><img loading=\"lazy\" decoding=\"async\" class=\"size-medium wp-image-9671 aligncenter\" src=\"https:\/\/portalraizesnoticias.com.br\/wp-content\/uploads\/2025\/12\/IMG-20251204-WA0082-225x300.jpg\" alt=\"\" width=\"225\" height=\"300\" srcset=\"https:\/\/portalraizesnoticias.com.br\/wp-content\/uploads\/2025\/12\/IMG-20251204-WA0082-225x300.jpg 225w, https:\/\/portalraizesnoticias.com.br\/wp-content\/uploads\/2025\/12\/IMG-20251204-WA0082-768x1024.jpg 768w, https:\/\/portalraizesnoticias.com.br\/wp-content\/uploads\/2025\/12\/IMG-20251204-WA0082.jpg 960w\" sizes=\"(max-width: 225px) 100vw, 225px\" \/><\/p>\n<p>De acordo com a socorrista Raiele Almeida, da equipe do \u00c1guia Resgate, a mulher foi encontrada ao solo, consciente e orientada, por\u00e9m apresentava lacera\u00e7\u00f5es profundas na perna. Diante da gravidade dos ferimentos, o \u00c1guia acionou Servi\u00e7o de Atendimento M\u00f3vel de Urg\u00eancia (SAMU) tamb\u00e9m precisou ser acionado para apoiar o atendimento.<\/p>\n<p><img loading=\"lazy\" decoding=\"async\" class=\"size-medium wp-image-9058 aligncenter\" src=\"https:\/\/portalraizesnoticias.com.br\/wp-content\/uploads\/2025\/10\/M.I-laranja-branco_page-0001-1536x1075-1-300x210.jpg\" alt=\"\" width=\"300\" height=\"210\" srcset=\"https:\/\/portalraizesnoticias.com.br\/wp-content\/uploads\/2025\/10\/M.I-laranja-branco_page-0001-1536x1075-1-300x210.jpg 300w, https:\/\/portalraizesnoticias.com.br\/wp-content\/uploads\/2025\/10\/M.I-laranja-branco_page-0001-1536x1075-1-1024x717.jpg 1024w, https:\/\/portalraizesnoticias.com.br\/wp-content\/uploads\/2025\/10\/M.I-laranja-branco_page-0001-1536x1075-1-768x538.jpg 768w, https:\/\/portalraizesnoticias.com.br\/wp-content\/uploads\/2025\/10\/M.I-laranja-branco_page-0001-1536x1075-1.jpg 1536w\" sizes=\"(max-width: 300px) 100vw, 300px\" \/><\/p>\n<p style=\"text-align: center;\"><strong>PUBLICIDADE<\/strong><\/p>\n<p>J\u00e1 o mototaxista sofreu apenas escoria\u00e7\u00f5es leves e ambos foram levados \u00e0 unidade hospitalar para avalia\u00e7\u00e3o.<\/p>\n<p>As causas do acidente ainda s\u00e3o desconhecidas. Os ve\u00edculos permaneceram no local at\u00e9 a chegada das equipes respons\u00e1veis pelos procedimentos legais.<\/p>\n<p>A mulher foi transferida para outro hospital em Feira de Santana.<\/p>\n<p>Reda\u00e7\u00e3o<\/p>\n","protected":false},"excerpt":{"rendered":"<p>Um grave acidente de tr\u00e2nsito foi registrado na manh\u00e3 desta quinta-feira (04), na Rua Jos\u00e9 Ramos Guimar\u00e3es, nas proximidades do cemit\u00e9rio velho, em Concei\u00e7\u00e3o do Coit\u00e9. A ocorr\u00eancia envolveu uma motocicleta, um carro e um caminh\u00e3o. Na moto estavam um mototaxista Waldomiro Coelho Ribeiro, 63 anos e uma passageira Sabrina Leal, 24 anos. Segundo relatos de populares, o caminh\u00e3o seguia no sentido da frente do cemit\u00e9rio, e o mototaxista possivelmente vinha logo atr\u00e1s do ve\u00edculo. Ap\u00f3s realizar uma suposta ultrapassagem, a moto teria colidido na lateral do carro, ocasionando a queda. PUBLICIDADE Com a queda, a jovem teve a perna atingida pelo caminh\u00e3o. No entanto, as circunst\u00e2ncias reais do acidente ainda ser\u00e3o apuradas, cabendo \u00e0 autoridade policial e \u00e0 per\u00edcia t\u00e9cnica esclarecerem com exatid\u00e3o como ocorreu a din\u00e2mica dos fatos. De acordo com a socorrista Raiele Almeida, da equipe do \u00c1guia Resgate, a mulher foi encontrada ao solo, consciente e orientada, por\u00e9m apresentava lacera\u00e7\u00f5es profundas na perna. Diante da gravidade dos ferimentos, o \u00c1guia acionou Servi\u00e7o de Atendimento M\u00f3vel de Urg\u00eancia (SAMU) tamb\u00e9m precisou ser acionado para apoiar o atendimento. PUBLICIDADE J\u00e1 o mototaxista sofreu apenas escoria\u00e7\u00f5es leves e ambos foram levados \u00e0 unidade hospitalar para avalia\u00e7\u00e3o. As causas do acidente ainda s\u00e3o desconhecidas. Os ve\u00edculos permaneceram no local at\u00e9 a chegada das equipes respons\u00e1veis pelos procedimentos legais. A mulher foi transferida para outro hospital em Feira de Santana. Reda\u00e7\u00e3o<\/p>\n","protected":false},"author":3,"featured_media":9669,"comment_status":"open","ping_status":"open","sticky":false,"template":"","format":"standard","meta":{"_joinchat":[],"footnotes":""},"categories":[58,55,59],"tags":[139,75],"class_list":["post-9663","post","type-post","status-publish","format-standard","has-post-thumbnail","hentry","category-acidentes","category-destaques","category-ultimas-noticias","tag-acidente","tag-coite"],"yoast_head":"<!-- This site is optimized with the Yoast SEO plugin v24.4 - https:\/\/yoast.com\/wordpress\/plugins\/seo\/ -->\n<title>Acidente de tr\u00e2nsito deixa duas pessoas feridas em Concei\u00e7\u00e3o do Coit\u00e9; caminh\u00e3o passou sobre perna de passageira de motot\u00e1xi - Portal raizes noticias<\/title>\n<meta name=\"robots\" content=\"index, follow, max-snippet:-1, max-image-preview:large, max-video-preview:-1\" \/>\n<link rel=\"canonical\" href=\"https:\/\/portalraizesnoticias.com.br\/?p=9663\" \/>\n<meta property=\"og:locale\" content=\"pt_BR\" \/>\n<meta property=\"og:type\" content=\"article\" \/>\n<meta property=\"og:title\" content=\"Acidente de tr\u00e2nsito deixa duas pessoas feridas em Concei\u00e7\u00e3o do Coit\u00e9; caminh\u00e3o passou sobre perna de passageira de motot\u00e1xi - Portal raizes noticias\" \/>\n<meta property=\"og:description\" content=\"Um grave acidente de tr\u00e2nsito foi registrado na manh\u00e3 desta quinta-feira (04), na Rua Jos\u00e9 Ramos Guimar\u00e3es, nas proximidades do cemit\u00e9rio velho, em Concei\u00e7\u00e3o do Coit\u00e9. A ocorr\u00eancia envolveu uma motocicleta, um carro e um caminh\u00e3o. Na moto estavam um mototaxista Waldomiro Coelho Ribeiro, 63 anos e uma passageira Sabrina Leal, 24 anos. Segundo relatos de populares, o caminh\u00e3o seguia no sentido da frente do cemit\u00e9rio, e o mototaxista possivelmente vinha logo atr\u00e1s do ve\u00edculo. Ap\u00f3s realizar uma suposta ultrapassagem, a moto teria colidido na lateral do carro, ocasionando a queda. PUBLICIDADE Com a queda, a jovem teve a perna atingida pelo caminh\u00e3o. No entanto, as circunst\u00e2ncias reais do acidente ainda ser\u00e3o apuradas, cabendo \u00e0 autoridade policial e \u00e0 per\u00edcia t\u00e9cnica esclarecerem com exatid\u00e3o como ocorreu a din\u00e2mica dos fatos. De acordo com a socorrista Raiele Almeida, da equipe do \u00c1guia Resgate, a mulher foi encontrada ao solo, consciente e orientada, por\u00e9m apresentava lacera\u00e7\u00f5es profundas na perna. Diante da gravidade dos ferimentos, o \u00c1guia acionou Servi\u00e7o de Atendimento M\u00f3vel de Urg\u00eancia (SAMU) tamb\u00e9m precisou ser acionado para apoiar o atendimento. PUBLICIDADE J\u00e1 o mototaxista sofreu apenas escoria\u00e7\u00f5es leves e ambos foram levados \u00e0 unidade hospitalar para avalia\u00e7\u00e3o. As causas do acidente ainda s\u00e3o desconhecidas. Os ve\u00edculos permaneceram no local at\u00e9 a chegada das equipes respons\u00e1veis pelos procedimentos legais. A mulher foi transferida para outro hospital em Feira de Santana. Reda\u00e7\u00e3o\" \/>\n<meta property=\"og:url\" content=\"https:\/\/portalraizesnoticias.com.br\/?p=9663\" \/>\n<meta property=\"og:site_name\" content=\"Portal raizes noticias\" \/>\n<meta property=\"article:published_time\" content=\"2025-12-04T12:59:01+00:00\" \/>\n<meta property=\"article:modified_time\" content=\"2025-12-05T18:55:27+00:00\" \/>\n<meta property=\"og:image\" content=\"https:\/\/portalraizesnoticias.com.br\/wp-content\/uploads\/2025\/12\/20251204093508.jpg\" \/>\n\t<meta property=\"og:image:width\" content=\"960\" \/>\n\t<meta property=\"og:image:height\" content=\"1280\" \/>\n\t<meta property=\"og:image:type\" content=\"image\/jpeg\" \/>\n<meta name=\"author\" content=\"Portal Raizes\" \/>\n<meta name=\"twitter:card\" content=\"summary_large_image\" \/>\n<meta name=\"twitter:label1\" content=\"Escrito por\" \/>\n\t<meta name=\"twitter:data1\" content=\"Portal Raizes\" \/>\n\t<meta name=\"twitter:label2\" content=\"Est. tempo de leitura\" \/>\n\t<meta name=\"twitter:data2\" content=\"3 minutos\" \/>\n<script type=\"application\/ld+json\" class=\"yoast-schema-graph\">{\"@context\":\"https:\/\/schema.org\",\"@graph\":[{\"@type\":\"Article\",\"@id\":\"https:\/\/portalraizesnoticias.com.br\/?p=9663#article\",\"isPartOf\":{\"@id\":\"https:\/\/portalraizesnoticias.com.br\/?p=9663\"},\"author\":{\"name\":\"Portal Raizes\",\"@id\":\"https:\/\/portalraizesnoticias.com.br\/#\/schema\/person\/a3ca6b0fc701e78df19756c417d943ae\"},\"headline\":\"Acidente de tr\u00e2nsito deixa duas pessoas feridas em Concei\u00e7\u00e3o do Coit\u00e9; caminh\u00e3o passou sobre perna de passageira de motot\u00e1xi\",\"datePublished\":\"2025-12-04T12:59:01+00:00\",\"dateModified\":\"2025-12-05T18:55:27+00:00\",\"mainEntityOfPage\":{\"@id\":\"https:\/\/portalraizesnoticias.com.br\/?p=9663\"},\"wordCount\":277,\"commentCount\":0,\"publisher\":{\"@id\":\"https:\/\/portalraizesnoticias.com.br\/#organization\"},\"image\":{\"@id\":\"https:\/\/portalraizesnoticias.com.br\/?p=9663#primaryimage\"},\"thumbnailUrl\":\"https:\/\/portalraizesnoticias.com.br\/wp-content\/uploads\/2025\/12\/20251204093508.jpg\",\"keywords\":[\"Acidente\",\"Coit\u00e9\"],\"articleSection\":[\"ACIDENTES\",\"DESTAQUES\",\"ULTIMAS NOTICIAS\"],\"inLanguage\":\"pt-BR\",\"potentialAction\":[{\"@type\":\"CommentAction\",\"name\":\"Comment\",\"target\":[\"https:\/\/portalraizesnoticias.com.br\/?p=9663#respond\"]}]},{\"@type\":\"WebPage\",\"@id\":\"https:\/\/portalraizesnoticias.com.br\/?p=9663\",\"url\":\"https:\/\/portalraizesnoticias.com.br\/?p=9663\",\"name\":\"Acidente de tr\u00e2nsito deixa duas pessoas feridas em Concei\u00e7\u00e3o do Coit\u00e9; caminh\u00e3o passou sobre perna de passageira de motot\u00e1xi - Portal raizes noticias\",\"isPartOf\":{\"@id\":\"https:\/\/portalraizesnoticias.com.br\/#website\"},\"primaryImageOfPage\":{\"@id\":\"https:\/\/portalraizesnoticias.com.br\/?p=9663#primaryimage\"},\"image\":{\"@id\":\"https:\/\/portalraizesnoticias.com.br\/?p=9663#primaryimage\"},\"thumbnailUrl\":\"https:\/\/portalraizesnoticias.com.br\/wp-content\/uploads\/2025\/12\/20251204093508.jpg\",\"datePublished\":\"2025-12-04T12:59:01+00:00\",\"dateModified\":\"2025-12-05T18:55:27+00:00\",\"breadcrumb\":{\"@id\":\"https:\/\/portalraizesnoticias.com.br\/?p=9663#breadcrumb\"},\"inLanguage\":\"pt-BR\",\"potentialAction\":[{\"@type\":\"ReadAction\",\"target\":[\"https:\/\/portalraizesnoticias.com.br\/?p=9663\"]}]},{\"@type\":\"ImageObject\",\"inLanguage\":\"pt-BR\",\"@id\":\"https:\/\/portalraizesnoticias.com.br\/?p=9663#primaryimage\",\"url\":\"https:\/\/portalraizesnoticias.com.br\/wp-content\/uploads\/2025\/12\/20251204093508.jpg\",\"contentUrl\":\"https:\/\/portalraizesnoticias.com.br\/wp-content\/uploads\/2025\/12\/20251204093508.jpg\",\"width\":960,\"height\":1280},{\"@type\":\"BreadcrumbList\",\"@id\":\"https:\/\/portalraizesnoticias.com.br\/?p=9663#breadcrumb\",\"itemListElement\":[{\"@type\":\"ListItem\",\"position\":1,\"name\":\"In\u00edcio\",\"item\":\"https:\/\/portalraizesnoticias.com.br\/\"},{\"@type\":\"ListItem\",\"position\":2,\"name\":\"Acidente de tr\u00e2nsito deixa duas pessoas feridas em Concei\u00e7\u00e3o do Coit\u00e9; caminh\u00e3o passou sobre perna de passageira de motot\u00e1xi\"}]},{\"@type\":\"WebSite\",\"@id\":\"https:\/\/portalraizesnoticias.com.br\/#website\",\"url\":\"https:\/\/portalraizesnoticias.com.br\/\",\"name\":\"Portal raizes NOTICIAS\",\"description\":\"site de noticias de concei\u00e7\u00e3o do coit\u00e9 e regi\u00e3o\",\"publisher\":{\"@id\":\"https:\/\/portalraizesnoticias.com.br\/#organization\"},\"alternateName\":\"PORTAL RAIZES COIT\u00c9\",\"potentialAction\":[{\"@type\":\"SearchAction\",\"target\":{\"@type\":\"EntryPoint\",\"urlTemplate\":\"https:\/\/portalraizesnoticias.com.br\/?s={search_term_string}\"},\"query-input\":{\"@type\":\"PropertyValueSpecification\",\"valueRequired\":true,\"valueName\":\"search_term_string\"}}],\"inLanguage\":\"pt-BR\"},{\"@type\":\"Organization\",\"@id\":\"https:\/\/portalraizesnoticias.com.br\/#organization\",\"name\":\"Portal raizes NOTICIAS\",\"url\":\"https:\/\/portalraizesnoticias.com.br\/\",\"logo\":{\"@type\":\"ImageObject\",\"inLanguage\":\"pt-BR\",\"@id\":\"https:\/\/portalraizesnoticias.com.br\/#\/schema\/logo\/image\/\",\"url\":\"https:\/\/portalraizesnoticias.com.br\/wp-content\/uploads\/2024\/09\/cropped-Captura-de-tela-2024-09-08-011108.png\",\"contentUrl\":\"https:\/\/portalraizesnoticias.com.br\/wp-content\/uploads\/2024\/09\/cropped-Captura-de-tela-2024-09-08-011108.png\",\"width\":606,\"height\":173,\"caption\":\"Portal raizes NOTICIAS\"},\"image\":{\"@id\":\"https:\/\/portalraizesnoticias.com.br\/#\/schema\/logo\/image\/\"}},{\"@type\":\"Person\",\"@id\":\"https:\/\/portalraizesnoticias.com.br\/#\/schema\/person\/a3ca6b0fc701e78df19756c417d943ae\",\"name\":\"Portal Raizes\",\"image\":{\"@type\":\"ImageObject\",\"inLanguage\":\"pt-BR\",\"@id\":\"https:\/\/portalraizesnoticias.com.br\/#\/schema\/person\/image\/\",\"url\":\"https:\/\/secure.gravatar.com\/avatar\/ef450d29013a3d3fba867a12a249d7b1?s=96&d=mm&r=g\",\"contentUrl\":\"https:\/\/secure.gravatar.com\/avatar\/ef450d29013a3d3fba867a12a249d7b1?s=96&d=mm&r=g\",\"caption\":\"Portal Raizes\"},\"url\":\"https:\/\/portalraizesnoticias.com.br\/?author=3\"}]}<\/script>\n<!-- \/ Yoast SEO plugin. -->","yoast_head_json":{"title":"Acidente de tr\u00e2nsito deixa duas pessoas feridas em Concei\u00e7\u00e3o do Coit\u00e9; caminh\u00e3o passou sobre perna de passageira de motot\u00e1xi - Portal raizes noticias","robots":{"index":"index","follow":"follow","max-snippet":"max-snippet:-1","max-image-preview":"max-image-preview:large","max-video-preview":"max-video-preview:-1"},"canonical":"https:\/\/portalraizesnoticias.com.br\/?p=9663","og_locale":"pt_BR","og_type":"article","og_title":"Acidente de tr\u00e2nsito deixa duas pessoas feridas em Concei\u00e7\u00e3o do Coit\u00e9; caminh\u00e3o passou sobre perna de passageira de motot\u00e1xi - Portal raizes noticias","og_description":"Um grave acidente de tr\u00e2nsito foi registrado na manh\u00e3 desta quinta-feira (04), na Rua Jos\u00e9 Ramos Guimar\u00e3es, nas proximidades do cemit\u00e9rio velho, em Concei\u00e7\u00e3o do Coit\u00e9. A ocorr\u00eancia envolveu uma motocicleta, um carro e um caminh\u00e3o. Na moto estavam um mototaxista Waldomiro Coelho Ribeiro, 63 anos e uma passageira Sabrina Leal, 24 anos. Segundo relatos de populares, o caminh\u00e3o seguia no sentido da frente do cemit\u00e9rio, e o mototaxista possivelmente vinha logo atr\u00e1s do ve\u00edculo. Ap\u00f3s realizar uma suposta ultrapassagem, a moto teria colidido na lateral do carro, ocasionando a queda. PUBLICIDADE Com a queda, a jovem teve a perna atingida pelo caminh\u00e3o. No entanto, as circunst\u00e2ncias reais do acidente ainda ser\u00e3o apuradas, cabendo \u00e0 autoridade policial e \u00e0 per\u00edcia t\u00e9cnica esclarecerem com exatid\u00e3o como ocorreu a din\u00e2mica dos fatos. De acordo com a socorrista Raiele Almeida, da equipe do \u00c1guia Resgate, a mulher foi encontrada ao solo, consciente e orientada, por\u00e9m apresentava lacera\u00e7\u00f5es profundas na perna. Diante da gravidade dos ferimentos, o \u00c1guia acionou Servi\u00e7o de Atendimento M\u00f3vel de Urg\u00eancia (SAMU) tamb\u00e9m precisou ser acionado para apoiar o atendimento. PUBLICIDADE J\u00e1 o mototaxista sofreu apenas escoria\u00e7\u00f5es leves e ambos foram levados \u00e0 unidade hospitalar para avalia\u00e7\u00e3o. As causas do acidente ainda s\u00e3o desconhecidas. Os ve\u00edculos permaneceram no local at\u00e9 a chegada das equipes respons\u00e1veis pelos procedimentos legais. A mulher foi transferida para outro hospital em Feira de Santana. Reda\u00e7\u00e3o","og_url":"https:\/\/portalraizesnoticias.com.br\/?p=9663","og_site_name":"Portal raizes noticias","article_published_time":"2025-12-04T12:59:01+00:00","article_modified_time":"2025-12-05T18:55:27+00:00","og_image":[{"width":960,"height":1280,"url":"https:\/\/portalraizesnoticias.com.br\/wp-content\/uploads\/2025\/12\/20251204093508.jpg","type":"image\/jpeg"}],"author":"Portal Raizes","twitter_card":"summary_large_image","twitter_misc":{"Escrito por":"Portal Raizes","Est. tempo de leitura":"3 minutos"},"schema":{"@context":"https:\/\/schema.org","@graph":[{"@type":"Article","@id":"https:\/\/portalraizesnoticias.com.br\/?p=9663#article","isPartOf":{"@id":"https:\/\/portalraizesnoticias.com.br\/?p=9663"},"author":{"name":"Portal Raizes","@id":"https:\/\/portalraizesnoticias.com.br\/#\/schema\/person\/a3ca6b0fc701e78df19756c417d943ae"},"headline":"Acidente de tr\u00e2nsito deixa duas pessoas feridas em Concei\u00e7\u00e3o do Coit\u00e9; caminh\u00e3o passou sobre perna de passageira de motot\u00e1xi","datePublished":"2025-12-04T12:59:01+00:00","dateModified":"2025-12-05T18:55:27+00:00","mainEntityOfPage":{"@id":"https:\/\/portalraizesnoticias.com.br\/?p=9663"},"wordCount":277,"commentCount":0,"publisher":{"@id":"https:\/\/portalraizesnoticias.com.br\/#organization"},"image":{"@id":"https:\/\/portalraizesnoticias.com.br\/?p=9663#primaryimage"},"thumbnailUrl":"https:\/\/portalraizesnoticias.com.br\/wp-content\/uploads\/2025\/12\/20251204093508.jpg","keywords":["Acidente","Coit\u00e9"],"articleSection":["ACIDENTES","DESTAQUES","ULTIMAS NOTICIAS"],"inLanguage":"pt-BR","potentialAction":[{"@type":"CommentAction","name":"Comment","target":["https:\/\/portalraizesnoticias.com.br\/?p=9663#respond"]}]},{"@type":"WebPage","@id":"https:\/\/portalraizesnoticias.com.br\/?p=9663","url":"https:\/\/portalraizesnoticias.com.br\/?p=9663","name":"Acidente de tr\u00e2nsito deixa duas pessoas feridas em Concei\u00e7\u00e3o do Coit\u00e9; caminh\u00e3o passou sobre perna de passageira de motot\u00e1xi - Portal raizes noticias","isPartOf":{"@id":"https:\/\/portalraizesnoticias.com.br\/#website"},"primaryImageOfPage":{"@id":"https:\/\/portalraizesnoticias.com.br\/?p=9663#primaryimage"},"image":{"@id":"https:\/\/portalraizesnoticias.com.br\/?p=9663#primaryimage"},"thumbnailUrl":"https:\/\/portalraizesnoticias.com.br\/wp-content\/uploads\/2025\/12\/20251204093508.jpg","datePublished":"2025-12-04T12:59:01+00:00","dateModified":"2025-12-05T18:55:27+00:00","breadcrumb":{"@id":"https:\/\/portalraizesnoticias.com.br\/?p=9663#breadcrumb"},"inLanguage":"pt-BR","potentialAction":[{"@type":"ReadAction","target":["https:\/\/portalraizesnoticias.com.br\/?p=9663"]}]},{"@type":"ImageObject","inLanguage":"pt-BR","@id":"https:\/\/portalraizesnoticias.com.br\/?p=9663#primaryimage","url":"https:\/\/portalraizesnoticias.com.br\/wp-content\/uploads\/2025\/12\/20251204093508.jpg","contentUrl":"https:\/\/portalraizesnoticias.com.br\/wp-content\/uploads\/2025\/12\/20251204093508.jpg","width":960,"height":1280},{"@type":"BreadcrumbList","@id":"https:\/\/portalraizesnoticias.com.br\/?p=9663#breadcrumb","itemListElement":[{"@type":"ListItem","position":1,"name":"In\u00edcio","item":"https:\/\/portalraizesnoticias.com.br\/"},{"@type":"ListItem","position":2,"name":"Acidente de tr\u00e2nsito deixa duas pessoas feridas em Concei\u00e7\u00e3o do Coit\u00e9; caminh\u00e3o passou sobre perna de passageira de motot\u00e1xi"}]},{"@type":"WebSite","@id":"https:\/\/portalraizesnoticias.com.br\/#website","url":"https:\/\/portalraizesnoticias.com.br\/","name":"Portal raizes NOTICIAS","description":"site de noticias de concei\u00e7\u00e3o do coit\u00e9 e regi\u00e3o","publisher":{"@id":"https:\/\/portalraizesnoticias.com.br\/#organization"},"alternateName":"PORTAL RAIZES COIT\u00c9","potentialAction":[{"@type":"SearchAction","target":{"@type":"EntryPoint","urlTemplate":"https:\/\/portalraizesnoticias.com.br\/?s={search_term_string}"},"query-input":{"@type":"PropertyValueSpecification","valueRequired":true,"valueName":"search_term_string"}}],"inLanguage":"pt-BR"},{"@type":"Organization","@id":"https:\/\/portalraizesnoticias.com.br\/#organization","name":"Portal raizes NOTICIAS","url":"https:\/\/portalraizesnoticias.com.br\/","logo":{"@type":"ImageObject","inLanguage":"pt-BR","@id":"https:\/\/portalraizesnoticias.com.br\/#\/schema\/logo\/image\/","url":"https:\/\/portalraizesnoticias.com.br\/wp-content\/uploads\/2024\/09\/cropped-Captura-de-tela-2024-09-08-011108.png","contentUrl":"https:\/\/portalraizesnoticias.com.br\/wp-content\/uploads\/2024\/09\/cropped-Captura-de-tela-2024-09-08-011108.png","width":606,"height":173,"caption":"Portal raizes NOTICIAS"},"image":{"@id":"https:\/\/portalraizesnoticias.com.br\/#\/schema\/logo\/image\/"}},{"@type":"Person","@id":"https:\/\/portalraizesnoticias.com.br\/#\/schema\/person\/a3ca6b0fc701e78df19756c417d943ae","name":"Portal Raizes","image":{"@type":"ImageObject","inLanguage":"pt-BR","@id":"https:\/\/portalraizesnoticias.com.br\/#\/schema\/person\/image\/","url":"https:\/\/secure.gravatar.com\/avatar\/ef450d29013a3d3fba867a12a249d7b1?s=96&d=mm&r=g","contentUrl":"https:\/\/secure.gravatar.com\/avatar\/ef450d29013a3d3fba867a12a249d7b1?s=96&d=mm&r=g","caption":"Portal Raizes"},"url":"https:\/\/portalraizesnoticias.com.br\/?author=3"}]}},"_links":{"self":[{"href":"https:\/\/portalraizesnoticias.com.br\/index.php?rest_route=\/wp\/v2\/posts\/9663"}],"collection":[{"href":"https:\/\/portalraizesnoticias.com.br\/index.php?rest_route=\/wp\/v2\/posts"}],"about":[{"href":"https:\/\/portalraizesnoticias.com.br\/index.php?rest_route=\/wp\/v2\/types\/post"}],"author":[{"embeddable":true,"href":"https:\/\/portalraizesnoticias.com.br\/index.php?rest_route=\/wp\/v2\/users\/3"}],"replies":[{"embeddable":true,"href":"https:\/\/portalraizesnoticias.com.br\/index.php?rest_route=%2Fwp%2Fv2%2Fcomments&post=9663"}],"version-history":[{"count":9,"href":"https:\/\/portalraizesnoticias.com.br\/index.php?rest_route=\/wp\/v2\/posts\/9663\/revisions"}],"predecessor-version":[{"id":9708,"href":"https:\/\/portalraizesnoticias.com.br\/index.php?rest_route=\/wp\/v2\/posts\/9663\/revisions\/9708"}],"wp:featuredmedia":[{"embeddable":true,"href":"https:\/\/portalraizesnoticias.com.br\/index.php?rest_route=\/wp\/v2\/media\/9669"}],"wp:attachment":[{"href":"https:\/\/portalraizesnoticias.com.br\/index.php?rest_route=%2Fwp%2Fv2%2Fmedia&parent=9663"}],"wp:term":[{"taxonomy":"category","embeddable":true,"href":"https:\/\/portalraizesnoticias.com.br\/index.php?rest_route=%2Fwp%2Fv2%2Fcategories&post=9663"},{"taxonomy":"post_tag","embeddable":true,"href":"https:\/\/portalraizesnoticias.com.br\/index.php?rest_route=%2Fwp%2Fv2%2Ftags&post=9663"}],"curies":[{"name":"wp","href":"https:\/\/api.w.org\/{rel}","templated":true}]}}