{"id":9547,"date":"2025-11-28T10:00:50","date_gmt":"2025-11-28T13:00:50","guid":{"rendered":"https:\/\/portalraizesnoticias.com.br\/?p=9547"},"modified":"2025-11-28T10:02:05","modified_gmt":"2025-11-28T13:02:05","slug":"mulher-e-ferida-por-faca-durante-briga-no-bairro-cruzeiro-em-conceicao-do-coite","status":"publish","type":"post","link":"https:\/\/portalraizesnoticias.com.br\/?p=9547","title":{"rendered":"Mulher \u00e9 ferida por faca durante briga no bairro Cruzeiro em Concei\u00e7\u00e3o do Coit\u00e9"},"content":{"rendered":"<p>Uma mulher identificada pelas iniciais R.N deu entrada no Hospital Portugu\u00eas, em Concei\u00e7\u00e3o do Coit\u00e9, na noite desta quinta-feira (27), ap\u00f3s ser ferida por um golpe de faca durante uma briga no bairro Cruzeiro.<\/p>\n<p><img fetchpriority=\"high\" decoding=\"async\" class=\"size-medium wp-image-9057 aligncenter\" src=\"https:\/\/portalraizesnoticias.com.br\/wp-content\/uploads\/2025\/10\/banner-lateral-agencia-Neri-1536x1536-1-300x300.jpg\" alt=\"\" width=\"300\" height=\"300\" srcset=\"https:\/\/portalraizesnoticias.com.br\/wp-content\/uploads\/2025\/10\/banner-lateral-agencia-Neri-1536x1536-1-300x300.jpg 300w, https:\/\/portalraizesnoticias.com.br\/wp-content\/uploads\/2025\/10\/banner-lateral-agencia-Neri-1536x1536-1-1024x1024.jpg 1024w, https:\/\/portalraizesnoticias.com.br\/wp-content\/uploads\/2025\/10\/banner-lateral-agencia-Neri-1536x1536-1-150x150.jpg 150w, https:\/\/portalraizesnoticias.com.br\/wp-content\/uploads\/2025\/10\/banner-lateral-agencia-Neri-1536x1536-1-768x768.jpg 768w, https:\/\/portalraizesnoticias.com.br\/wp-content\/uploads\/2025\/10\/banner-lateral-agencia-Neri-1536x1536-1.jpg 1536w\" sizes=\"(max-width: 300px) 100vw, 300px\" \/><\/p>\n<p style=\"text-align: center;\"><strong>PUBLICIDADE<\/strong><\/p>\n<p>A Pol\u00edcia Militar foi acionada pelo Cicom por volta das 19h43 para prestar apoio ao SAMU no atendimento \u00e0 v\u00edtima. Ao chegar ao local indicado, na bairro do Cruzeiro, os policiais foram informados por populares que a jovem j\u00e1 havia sido socorrida ao hospital.<\/p>\n<p><img decoding=\"async\" class=\"size-medium wp-image-8289 aligncenter\" src=\"https:\/\/portalraizesnoticias.com.br\/wp-content\/uploads\/2025\/09\/IMG-20250918-WA0124-300x300.jpg\" alt=\"\" width=\"300\" height=\"300\" srcset=\"https:\/\/portalraizesnoticias.com.br\/wp-content\/uploads\/2025\/09\/IMG-20250918-WA0124-300x300.jpg 300w, https:\/\/portalraizesnoticias.com.br\/wp-content\/uploads\/2025\/09\/IMG-20250918-WA0124-150x150.jpg 150w, https:\/\/portalraizesnoticias.com.br\/wp-content\/uploads\/2025\/09\/IMG-20250918-WA0124-768x768.jpg 768w, https:\/\/portalraizesnoticias.com.br\/wp-content\/uploads\/2025\/09\/IMG-20250918-WA0124.jpg 1000w\" sizes=\"(max-width: 300px) 100vw, 300px\" \/><\/p>\n<p style=\"text-align: center;\"><strong>PUBLICIDADE<\/strong><\/p>\n<p>Ela sofreu um ferimento no bra\u00e7o direito. \u00c0 pol\u00edcia, relatou que a agress\u00e3o teria sido praticada pela namorada de um homem durante uma discuss\u00e3o.<\/p>\n<p>A v\u00edtima possui hist\u00f3rico de uso de drogas e faz uso de medica\u00e7\u00e3o controlada. Ap\u00f3s receber atendimento, foi liberada e orientada a registrar queixa na delegacia.<\/p>\n<p>N\u00e3o h\u00e1 informa\u00e7\u00f5es sobre o paradeiro da suspeita.<\/p>\n<p>Reda\u00e7\u00e3o<\/p>\n","protected":false},"excerpt":{"rendered":"<p>Uma mulher identificada pelas iniciais R.N deu entrada no Hospital Portugu\u00eas, em Concei\u00e7\u00e3o do Coit\u00e9, na noite desta quinta-feira (27), ap\u00f3s ser ferida por um golpe de faca durante uma briga no bairro Cruzeiro. PUBLICIDADE A Pol\u00edcia Militar foi acionada pelo Cicom por volta das 19h43 para prestar apoio ao SAMU no atendimento \u00e0 v\u00edtima. Ao chegar ao local indicado, na bairro do Cruzeiro, os policiais foram informados por populares que a jovem j\u00e1 havia sido socorrida ao hospital. PUBLICIDADE Ela sofreu um ferimento no bra\u00e7o direito. \u00c0 pol\u00edcia, relatou que a agress\u00e3o teria sido praticada pela namorada de um homem durante uma discuss\u00e3o. A v\u00edtima possui hist\u00f3rico de uso de drogas e faz uso de medica\u00e7\u00e3o controlada. Ap\u00f3s receber atendimento, foi liberada e orientada a registrar queixa na delegacia. N\u00e3o h\u00e1 informa\u00e7\u00f5es sobre o paradeiro da suspeita. Reda\u00e7\u00e3o<\/p>\n","protected":false},"author":3,"featured_media":8964,"comment_status":"open","ping_status":"open","sticky":false,"template":"","format":"standard","meta":{"_joinchat":[],"footnotes":""},"categories":[55,67,59],"tags":[75,658,178],"class_list":["post-9547","post","type-post","status-publish","format-standard","has-post-thumbnail","hentry","category-destaques","category-policia","category-ultimas-noticias","tag-coite","tag-facada","tag-mulher"],"yoast_head":"<!-- This site is optimized with the Yoast SEO plugin v24.4 - https:\/\/yoast.com\/wordpress\/plugins\/seo\/ -->\n<title>Mulher \u00e9 ferida por faca durante briga no bairro Cruzeiro em Concei\u00e7\u00e3o do Coit\u00e9 - Portal raizes noticias<\/title>\n<meta name=\"robots\" content=\"index, follow, max-snippet:-1, max-image-preview:large, max-video-preview:-1\" \/>\n<link rel=\"canonical\" href=\"https:\/\/portalraizesnoticias.com.br\/?p=9547\" \/>\n<meta property=\"og:locale\" content=\"pt_BR\" \/>\n<meta property=\"og:type\" content=\"article\" \/>\n<meta property=\"og:title\" content=\"Mulher \u00e9 ferida por faca durante briga no bairro Cruzeiro em Concei\u00e7\u00e3o do Coit\u00e9 - Portal raizes noticias\" \/>\n<meta property=\"og:description\" content=\"Uma mulher identificada pelas iniciais R.N deu entrada no Hospital Portugu\u00eas, em Concei\u00e7\u00e3o do Coit\u00e9, na noite desta quinta-feira (27), ap\u00f3s ser ferida por um golpe de faca durante uma briga no bairro Cruzeiro. PUBLICIDADE A Pol\u00edcia Militar foi acionada pelo Cicom por volta das 19h43 para prestar apoio ao SAMU no atendimento \u00e0 v\u00edtima. Ao chegar ao local indicado, na bairro do Cruzeiro, os policiais foram informados por populares que a jovem j\u00e1 havia sido socorrida ao hospital. PUBLICIDADE Ela sofreu um ferimento no bra\u00e7o direito. \u00c0 pol\u00edcia, relatou que a agress\u00e3o teria sido praticada pela namorada de um homem durante uma discuss\u00e3o. A v\u00edtima possui hist\u00f3rico de uso de drogas e faz uso de medica\u00e7\u00e3o controlada. Ap\u00f3s receber atendimento, foi liberada e orientada a registrar queixa na delegacia. N\u00e3o h\u00e1 informa\u00e7\u00f5es sobre o paradeiro da suspeita. Reda\u00e7\u00e3o\" \/>\n<meta property=\"og:url\" content=\"https:\/\/portalraizesnoticias.com.br\/?p=9547\" \/>\n<meta property=\"og:site_name\" content=\"Portal raizes noticias\" \/>\n<meta property=\"article:published_time\" content=\"2025-11-28T13:00:50+00:00\" \/>\n<meta property=\"article:modified_time\" content=\"2025-11-28T13:02:05+00:00\" \/>\n<meta property=\"og:image\" content=\"https:\/\/portalraizesnoticias.com.br\/wp-content\/uploads\/2025\/10\/faca_de_cozinha_7_cabo_de_madeira_sq_3106_3439_1_f3113cdae058070d667f5fb17310895e.jpg\" \/>\n\t<meta property=\"og:image:width\" content=\"500\" \/>\n\t<meta property=\"og:image:height\" content=\"500\" \/>\n\t<meta property=\"og:image:type\" content=\"image\/jpeg\" \/>\n<meta name=\"author\" content=\"Portal Raizes\" \/>\n<meta name=\"twitter:card\" content=\"summary_large_image\" \/>\n<meta name=\"twitter:label1\" content=\"Escrito por\" \/>\n\t<meta name=\"twitter:data1\" content=\"Portal Raizes\" \/>\n\t<meta name=\"twitter:label2\" content=\"Est. tempo de leitura\" \/>\n\t<meta name=\"twitter:data2\" content=\"2 minutos\" \/>\n<script type=\"application\/ld+json\" class=\"yoast-schema-graph\">{\"@context\":\"https:\/\/schema.org\",\"@graph\":[{\"@type\":\"Article\",\"@id\":\"https:\/\/portalraizesnoticias.com.br\/?p=9547#article\",\"isPartOf\":{\"@id\":\"https:\/\/portalraizesnoticias.com.br\/?p=9547\"},\"author\":{\"name\":\"Portal Raizes\",\"@id\":\"https:\/\/portalraizesnoticias.com.br\/#\/schema\/person\/a3ca6b0fc701e78df19756c417d943ae\"},\"headline\":\"Mulher \u00e9 ferida por faca durante briga no bairro Cruzeiro em Concei\u00e7\u00e3o do Coit\u00e9\",\"datePublished\":\"2025-11-28T13:00:50+00:00\",\"dateModified\":\"2025-11-28T13:02:05+00:00\",\"mainEntityOfPage\":{\"@id\":\"https:\/\/portalraizesnoticias.com.br\/?p=9547\"},\"wordCount\":167,\"commentCount\":0,\"publisher\":{\"@id\":\"https:\/\/portalraizesnoticias.com.br\/#organization\"},\"image\":{\"@id\":\"https:\/\/portalraizesnoticias.com.br\/?p=9547#primaryimage\"},\"thumbnailUrl\":\"https:\/\/portalraizesnoticias.com.br\/wp-content\/uploads\/2025\/10\/faca_de_cozinha_7_cabo_de_madeira_sq_3106_3439_1_f3113cdae058070d667f5fb17310895e.jpg\",\"keywords\":[\"Coit\u00e9\",\"Facada\",\"Mulher\"],\"articleSection\":[\"DESTAQUES\",\"POLICIA\",\"ULTIMAS NOTICIAS\"],\"inLanguage\":\"pt-BR\",\"potentialAction\":[{\"@type\":\"CommentAction\",\"name\":\"Comment\",\"target\":[\"https:\/\/portalraizesnoticias.com.br\/?p=9547#respond\"]}]},{\"@type\":\"WebPage\",\"@id\":\"https:\/\/portalraizesnoticias.com.br\/?p=9547\",\"url\":\"https:\/\/portalraizesnoticias.com.br\/?p=9547\",\"name\":\"Mulher \u00e9 ferida por faca durante briga no bairro Cruzeiro em Concei\u00e7\u00e3o do Coit\u00e9 - Portal raizes noticias\",\"isPartOf\":{\"@id\":\"https:\/\/portalraizesnoticias.com.br\/#website\"},\"primaryImageOfPage\":{\"@id\":\"https:\/\/portalraizesnoticias.com.br\/?p=9547#primaryimage\"},\"image\":{\"@id\":\"https:\/\/portalraizesnoticias.com.br\/?p=9547#primaryimage\"},\"thumbnailUrl\":\"https:\/\/portalraizesnoticias.com.br\/wp-content\/uploads\/2025\/10\/faca_de_cozinha_7_cabo_de_madeira_sq_3106_3439_1_f3113cdae058070d667f5fb17310895e.jpg\",\"datePublished\":\"2025-11-28T13:00:50+00:00\",\"dateModified\":\"2025-11-28T13:02:05+00:00\",\"breadcrumb\":{\"@id\":\"https:\/\/portalraizesnoticias.com.br\/?p=9547#breadcrumb\"},\"inLanguage\":\"pt-BR\",\"potentialAction\":[{\"@type\":\"ReadAction\",\"target\":[\"https:\/\/portalraizesnoticias.com.br\/?p=9547\"]}]},{\"@type\":\"ImageObject\",\"inLanguage\":\"pt-BR\",\"@id\":\"https:\/\/portalraizesnoticias.com.br\/?p=9547#primaryimage\",\"url\":\"https:\/\/portalraizesnoticias.com.br\/wp-content\/uploads\/2025\/10\/faca_de_cozinha_7_cabo_de_madeira_sq_3106_3439_1_f3113cdae058070d667f5fb17310895e.jpg\",\"contentUrl\":\"https:\/\/portalraizesnoticias.com.br\/wp-content\/uploads\/2025\/10\/faca_de_cozinha_7_cabo_de_madeira_sq_3106_3439_1_f3113cdae058070d667f5fb17310895e.jpg\",\"width\":500,\"height\":500},{\"@type\":\"BreadcrumbList\",\"@id\":\"https:\/\/portalraizesnoticias.com.br\/?p=9547#breadcrumb\",\"itemListElement\":[{\"@type\":\"ListItem\",\"position\":1,\"name\":\"In\u00edcio\",\"item\":\"https:\/\/portalraizesnoticias.com.br\/\"},{\"@type\":\"ListItem\",\"position\":2,\"name\":\"Mulher \u00e9 ferida por faca durante briga no bairro Cruzeiro em Concei\u00e7\u00e3o do Coit\u00e9\"}]},{\"@type\":\"WebSite\",\"@id\":\"https:\/\/portalraizesnoticias.com.br\/#website\",\"url\":\"https:\/\/portalraizesnoticias.com.br\/\",\"name\":\"Portal raizes NOTICIAS\",\"description\":\"site de noticias de concei\u00e7\u00e3o do coit\u00e9 e regi\u00e3o\",\"publisher\":{\"@id\":\"https:\/\/portalraizesnoticias.com.br\/#organization\"},\"alternateName\":\"PORTAL RAIZES COIT\u00c9\",\"potentialAction\":[{\"@type\":\"SearchAction\",\"target\":{\"@type\":\"EntryPoint\",\"urlTemplate\":\"https:\/\/portalraizesnoticias.com.br\/?s={search_term_string}\"},\"query-input\":{\"@type\":\"PropertyValueSpecification\",\"valueRequired\":true,\"valueName\":\"search_term_string\"}}],\"inLanguage\":\"pt-BR\"},{\"@type\":\"Organization\",\"@id\":\"https:\/\/portalraizesnoticias.com.br\/#organization\",\"name\":\"Portal raizes NOTICIAS\",\"url\":\"https:\/\/portalraizesnoticias.com.br\/\",\"logo\":{\"@type\":\"ImageObject\",\"inLanguage\":\"pt-BR\",\"@id\":\"https:\/\/portalraizesnoticias.com.br\/#\/schema\/logo\/image\/\",\"url\":\"https:\/\/portalraizesnoticias.com.br\/wp-content\/uploads\/2024\/09\/cropped-Captura-de-tela-2024-09-08-011108.png\",\"contentUrl\":\"https:\/\/portalraizesnoticias.com.br\/wp-content\/uploads\/2024\/09\/cropped-Captura-de-tela-2024-09-08-011108.png\",\"width\":606,\"height\":173,\"caption\":\"Portal raizes NOTICIAS\"},\"image\":{\"@id\":\"https:\/\/portalraizesnoticias.com.br\/#\/schema\/logo\/image\/\"}},{\"@type\":\"Person\",\"@id\":\"https:\/\/portalraizesnoticias.com.br\/#\/schema\/person\/a3ca6b0fc701e78df19756c417d943ae\",\"name\":\"Portal Raizes\",\"image\":{\"@type\":\"ImageObject\",\"inLanguage\":\"pt-BR\",\"@id\":\"https:\/\/portalraizesnoticias.com.br\/#\/schema\/person\/image\/\",\"url\":\"https:\/\/secure.gravatar.com\/avatar\/ef450d29013a3d3fba867a12a249d7b1?s=96&d=mm&r=g\",\"contentUrl\":\"https:\/\/secure.gravatar.com\/avatar\/ef450d29013a3d3fba867a12a249d7b1?s=96&d=mm&r=g\",\"caption\":\"Portal Raizes\"},\"url\":\"https:\/\/portalraizesnoticias.com.br\/?author=3\"}]}<\/script>\n<!-- \/ Yoast SEO plugin. -->","yoast_head_json":{"title":"Mulher \u00e9 ferida por faca durante briga no bairro Cruzeiro em Concei\u00e7\u00e3o do Coit\u00e9 - Portal raizes noticias","robots":{"index":"index","follow":"follow","max-snippet":"max-snippet:-1","max-image-preview":"max-image-preview:large","max-video-preview":"max-video-preview:-1"},"canonical":"https:\/\/portalraizesnoticias.com.br\/?p=9547","og_locale":"pt_BR","og_type":"article","og_title":"Mulher \u00e9 ferida por faca durante briga no bairro Cruzeiro em Concei\u00e7\u00e3o do Coit\u00e9 - Portal raizes noticias","og_description":"Uma mulher identificada pelas iniciais R.N deu entrada no Hospital Portugu\u00eas, em Concei\u00e7\u00e3o do Coit\u00e9, na noite desta quinta-feira (27), ap\u00f3s ser ferida por um golpe de faca durante uma briga no bairro Cruzeiro. PUBLICIDADE A Pol\u00edcia Militar foi acionada pelo Cicom por volta das 19h43 para prestar apoio ao SAMU no atendimento \u00e0 v\u00edtima. Ao chegar ao local indicado, na bairro do Cruzeiro, os policiais foram informados por populares que a jovem j\u00e1 havia sido socorrida ao hospital. PUBLICIDADE Ela sofreu um ferimento no bra\u00e7o direito. \u00c0 pol\u00edcia, relatou que a agress\u00e3o teria sido praticada pela namorada de um homem durante uma discuss\u00e3o. A v\u00edtima possui hist\u00f3rico de uso de drogas e faz uso de medica\u00e7\u00e3o controlada. Ap\u00f3s receber atendimento, foi liberada e orientada a registrar queixa na delegacia. N\u00e3o h\u00e1 informa\u00e7\u00f5es sobre o paradeiro da suspeita. Reda\u00e7\u00e3o","og_url":"https:\/\/portalraizesnoticias.com.br\/?p=9547","og_site_name":"Portal raizes noticias","article_published_time":"2025-11-28T13:00:50+00:00","article_modified_time":"2025-11-28T13:02:05+00:00","og_image":[{"width":500,"height":500,"url":"https:\/\/portalraizesnoticias.com.br\/wp-content\/uploads\/2025\/10\/faca_de_cozinha_7_cabo_de_madeira_sq_3106_3439_1_f3113cdae058070d667f5fb17310895e.jpg","type":"image\/jpeg"}],"author":"Portal Raizes","twitter_card":"summary_large_image","twitter_misc":{"Escrito por":"Portal Raizes","Est. tempo de leitura":"2 minutos"},"schema":{"@context":"https:\/\/schema.org","@graph":[{"@type":"Article","@id":"https:\/\/portalraizesnoticias.com.br\/?p=9547#article","isPartOf":{"@id":"https:\/\/portalraizesnoticias.com.br\/?p=9547"},"author":{"name":"Portal Raizes","@id":"https:\/\/portalraizesnoticias.com.br\/#\/schema\/person\/a3ca6b0fc701e78df19756c417d943ae"},"headline":"Mulher \u00e9 ferida por faca durante briga no bairro Cruzeiro em Concei\u00e7\u00e3o do Coit\u00e9","datePublished":"2025-11-28T13:00:50+00:00","dateModified":"2025-11-28T13:02:05+00:00","mainEntityOfPage":{"@id":"https:\/\/portalraizesnoticias.com.br\/?p=9547"},"wordCount":167,"commentCount":0,"publisher":{"@id":"https:\/\/portalraizesnoticias.com.br\/#organization"},"image":{"@id":"https:\/\/portalraizesnoticias.com.br\/?p=9547#primaryimage"},"thumbnailUrl":"https:\/\/portalraizesnoticias.com.br\/wp-content\/uploads\/2025\/10\/faca_de_cozinha_7_cabo_de_madeira_sq_3106_3439_1_f3113cdae058070d667f5fb17310895e.jpg","keywords":["Coit\u00e9","Facada","Mulher"],"articleSection":["DESTAQUES","POLICIA","ULTIMAS NOTICIAS"],"inLanguage":"pt-BR","potentialAction":[{"@type":"CommentAction","name":"Comment","target":["https:\/\/portalraizesnoticias.com.br\/?p=9547#respond"]}]},{"@type":"WebPage","@id":"https:\/\/portalraizesnoticias.com.br\/?p=9547","url":"https:\/\/portalraizesnoticias.com.br\/?p=9547","name":"Mulher \u00e9 ferida por faca durante briga no bairro Cruzeiro em Concei\u00e7\u00e3o do Coit\u00e9 - Portal raizes noticias","isPartOf":{"@id":"https:\/\/portalraizesnoticias.com.br\/#website"},"primaryImageOfPage":{"@id":"https:\/\/portalraizesnoticias.com.br\/?p=9547#primaryimage"},"image":{"@id":"https:\/\/portalraizesnoticias.com.br\/?p=9547#primaryimage"},"thumbnailUrl":"https:\/\/portalraizesnoticias.com.br\/wp-content\/uploads\/2025\/10\/faca_de_cozinha_7_cabo_de_madeira_sq_3106_3439_1_f3113cdae058070d667f5fb17310895e.jpg","datePublished":"2025-11-28T13:00:50+00:00","dateModified":"2025-11-28T13:02:05+00:00","breadcrumb":{"@id":"https:\/\/portalraizesnoticias.com.br\/?p=9547#breadcrumb"},"inLanguage":"pt-BR","potentialAction":[{"@type":"ReadAction","target":["https:\/\/portalraizesnoticias.com.br\/?p=9547"]}]},{"@type":"ImageObject","inLanguage":"pt-BR","@id":"https:\/\/portalraizesnoticias.com.br\/?p=9547#primaryimage","url":"https:\/\/portalraizesnoticias.com.br\/wp-content\/uploads\/2025\/10\/faca_de_cozinha_7_cabo_de_madeira_sq_3106_3439_1_f3113cdae058070d667f5fb17310895e.jpg","contentUrl":"https:\/\/portalraizesnoticias.com.br\/wp-content\/uploads\/2025\/10\/faca_de_cozinha_7_cabo_de_madeira_sq_3106_3439_1_f3113cdae058070d667f5fb17310895e.jpg","width":500,"height":500},{"@type":"BreadcrumbList","@id":"https:\/\/portalraizesnoticias.com.br\/?p=9547#breadcrumb","itemListElement":[{"@type":"ListItem","position":1,"name":"In\u00edcio","item":"https:\/\/portalraizesnoticias.com.br\/"},{"@type":"ListItem","position":2,"name":"Mulher \u00e9 ferida por faca durante briga no bairro Cruzeiro em Concei\u00e7\u00e3o do Coit\u00e9"}]},{"@type":"WebSite","@id":"https:\/\/portalraizesnoticias.com.br\/#website","url":"https:\/\/portalraizesnoticias.com.br\/","name":"Portal raizes NOTICIAS","description":"site de noticias de concei\u00e7\u00e3o do coit\u00e9 e regi\u00e3o","publisher":{"@id":"https:\/\/portalraizesnoticias.com.br\/#organization"},"alternateName":"PORTAL RAIZES COIT\u00c9","potentialAction":[{"@type":"SearchAction","target":{"@type":"EntryPoint","urlTemplate":"https:\/\/portalraizesnoticias.com.br\/?s={search_term_string}"},"query-input":{"@type":"PropertyValueSpecification","valueRequired":true,"valueName":"search_term_string"}}],"inLanguage":"pt-BR"},{"@type":"Organization","@id":"https:\/\/portalraizesnoticias.com.br\/#organization","name":"Portal raizes NOTICIAS","url":"https:\/\/portalraizesnoticias.com.br\/","logo":{"@type":"ImageObject","inLanguage":"pt-BR","@id":"https:\/\/portalraizesnoticias.com.br\/#\/schema\/logo\/image\/","url":"https:\/\/portalraizesnoticias.com.br\/wp-content\/uploads\/2024\/09\/cropped-Captura-de-tela-2024-09-08-011108.png","contentUrl":"https:\/\/portalraizesnoticias.com.br\/wp-content\/uploads\/2024\/09\/cropped-Captura-de-tela-2024-09-08-011108.png","width":606,"height":173,"caption":"Portal raizes NOTICIAS"},"image":{"@id":"https:\/\/portalraizesnoticias.com.br\/#\/schema\/logo\/image\/"}},{"@type":"Person","@id":"https:\/\/portalraizesnoticias.com.br\/#\/schema\/person\/a3ca6b0fc701e78df19756c417d943ae","name":"Portal Raizes","image":{"@type":"ImageObject","inLanguage":"pt-BR","@id":"https:\/\/portalraizesnoticias.com.br\/#\/schema\/person\/image\/","url":"https:\/\/secure.gravatar.com\/avatar\/ef450d29013a3d3fba867a12a249d7b1?s=96&d=mm&r=g","contentUrl":"https:\/\/secure.gravatar.com\/avatar\/ef450d29013a3d3fba867a12a249d7b1?s=96&d=mm&r=g","caption":"Portal Raizes"},"url":"https:\/\/portalraizesnoticias.com.br\/?author=3"}]}},"_links":{"self":[{"href":"https:\/\/portalraizesnoticias.com.br\/index.php?rest_route=\/wp\/v2\/posts\/9547"}],"collection":[{"href":"https:\/\/portalraizesnoticias.com.br\/index.php?rest_route=\/wp\/v2\/posts"}],"about":[{"href":"https:\/\/portalraizesnoticias.com.br\/index.php?rest_route=\/wp\/v2\/types\/post"}],"author":[{"embeddable":true,"href":"https:\/\/portalraizesnoticias.com.br\/index.php?rest_route=\/wp\/v2\/users\/3"}],"replies":[{"embeddable":true,"href":"https:\/\/portalraizesnoticias.com.br\/index.php?rest_route=%2Fwp%2Fv2%2Fcomments&post=9547"}],"version-history":[{"count":2,"href":"https:\/\/portalraizesnoticias.com.br\/index.php?rest_route=\/wp\/v2\/posts\/9547\/revisions"}],"predecessor-version":[{"id":9549,"href":"https:\/\/portalraizesnoticias.com.br\/index.php?rest_route=\/wp\/v2\/posts\/9547\/revisions\/9549"}],"wp:featuredmedia":[{"embeddable":true,"href":"https:\/\/portalraizesnoticias.com.br\/index.php?rest_route=\/wp\/v2\/media\/8964"}],"wp:attachment":[{"href":"https:\/\/portalraizesnoticias.com.br\/index.php?rest_route=%2Fwp%2Fv2%2Fmedia&parent=9547"}],"wp:term":[{"taxonomy":"category","embeddable":true,"href":"https:\/\/portalraizesnoticias.com.br\/index.php?rest_route=%2Fwp%2Fv2%2Fcategories&post=9547"},{"taxonomy":"post_tag","embeddable":true,"href":"https:\/\/portalraizesnoticias.com.br\/index.php?rest_route=%2Fwp%2Fv2%2Ftags&post=9547"}],"curies":[{"name":"wp","href":"https:\/\/api.w.org\/{rel}","templated":true}]}}