{"id":9479,"date":"2025-11-26T14:48:11","date_gmt":"2025-11-26T17:48:11","guid":{"rendered":"https:\/\/portalraizesnoticias.com.br\/?p=9479"},"modified":"2025-11-26T15:42:26","modified_gmt":"2025-11-26T18:42:26","slug":"apos-decepcionar-coite-e-regiao-empresa-privada-tenta-explicar-mini-caravana-mas-justificativa-nao-convence-e-gera-novos-questionamentos-entenda","status":"publish","type":"post","link":"https:\/\/portalraizesnoticias.com.br\/?p=9479","title":{"rendered":"OPINI\u00c3O: Ap\u00f3s decepcionar Coit\u00e9 e regi\u00e3o, empresa privada tenta explicar \u201cmini caravana\u201d, mas justificativa n\u00e3o convence e gera novos questionamentos. Entenda!"},"content":{"rendered":"<p>A empresa Solar Coca-Cola encaminhou, nesta quarta-feira (26), uma nota ao Portal Ra\u00edzes na qual procura, supostamente, justificar a opini\u00e3o p\u00fablica pelo epis\u00f3dio amplamente criticado da chamada mini caravana.<\/p>\n<p><strong>Veja tamb\u00e9m:\u00a0<\/strong><a href=\"https:\/\/portalraizesnoticias.com.br\/publico-sai-de-casa-para-prestigiar-caravana-de-empresa-privada-mas-desfile-se-resume-a-quatro-caminhoes-com-pisca-pisca-em-conceicao-do-coite\/\">P\u00fablico sai de casa para prestigiar caravana de empresa privada, mas desfile se resume a quatro caminh\u00f5es com pisca-pisca em Concei\u00e7\u00e3o do Coit\u00e9<\/a><\/p>\n<div style=\"width: 464px;\" class=\"wp-video\"><!--[if lt IE 9]><script>document.createElement('video');<\/script><![endif]-->\n<video class=\"wp-video-shortcode\" id=\"video-9479-1\" width=\"464\" height=\"832\" preload=\"metadata\" controls=\"controls\"><source type=\"video\/mp4\" src=\"https:\/\/portalraizesnoticias.com.br\/wp-content\/uploads\/2025\/11\/VID-20251125-WA0452-1.mp4?_=1\" \/><a href=\"https:\/\/portalraizesnoticias.com.br\/wp-content\/uploads\/2025\/11\/VID-20251125-WA0452-1.mp4\">https:\/\/portalraizesnoticias.com.br\/wp-content\/uploads\/2025\/11\/VID-20251125-WA0452-1.mp4<\/a><\/video><\/div>\n<p>No comunicado, al\u00e9m de atribuir a situa\u00e7\u00e3o ao \u201cn\u00facleo de distribui\u00e7\u00e3o\u201d, a empresa afirma atuar com responsabilidade, seguran\u00e7a e transpar\u00eancia junto aos munic\u00edpios parceiros e que suas a\u00e7\u00f5es seriam planejadas conforme os objetivos e particularidades de cada localidade.<\/p>\n<p><img fetchpriority=\"high\" decoding=\"async\" class=\"size-medium wp-image-8289 aligncenter\" src=\"https:\/\/portalraizesnoticias.com.br\/wp-content\/uploads\/2025\/09\/IMG-20250918-WA0124-300x300.jpg\" alt=\"\" width=\"300\" height=\"300\" srcset=\"https:\/\/portalraizesnoticias.com.br\/wp-content\/uploads\/2025\/09\/IMG-20250918-WA0124-300x300.jpg 300w, https:\/\/portalraizesnoticias.com.br\/wp-content\/uploads\/2025\/09\/IMG-20250918-WA0124-150x150.jpg 150w, https:\/\/portalraizesnoticias.com.br\/wp-content\/uploads\/2025\/09\/IMG-20250918-WA0124-768x768.jpg 768w, https:\/\/portalraizesnoticias.com.br\/wp-content\/uploads\/2025\/09\/IMG-20250918-WA0124.jpg 1000w\" sizes=\"(max-width: 300px) 100vw, 300px\" \/><\/p>\n<p style=\"text-align: center;\"><strong>PUBLICIDADE<\/strong><\/p>\n<p>Contudo, ao apresentar tal justificativa, a empresa aparenta, ainda que de forma impl\u00edcita, desconsiderar a relev\u00e2ncia socioecon\u00f4mica de Concei\u00e7\u00e3o do Coit\u00e9, munic\u00edpio reconhecido por possuir uma das maiores e mais estruturadas celebra\u00e7\u00f5es natalinas da Bahia, atraindo visitantes de diversas regi\u00f5es.<\/p>\n<p><strong><em>E aqui surgem os questionamentos!<\/em><\/strong><\/p>\n<p>Concei\u00e7\u00e3o do Coit\u00e9 realmente merecia receber apenas quatro ve\u00edculos de entrega di\u00e1ria, equipados com simples luzes de LED, quando possui a maior e mais admirada decora\u00e7\u00e3o natalina do estado?<\/p>\n<p><img decoding=\"async\" class=\"size-medium wp-image-8282 aligncenter\" src=\"https:\/\/portalraizesnoticias.com.br\/wp-content\/uploads\/2025\/09\/IMG-20250917-WA0249-300x229.jpg\" alt=\"\" width=\"300\" height=\"229\" srcset=\"https:\/\/portalraizesnoticias.com.br\/wp-content\/uploads\/2025\/09\/IMG-20250917-WA0249-300x229.jpg 300w, https:\/\/portalraizesnoticias.com.br\/wp-content\/uploads\/2025\/09\/IMG-20250917-WA0249.jpg 752w\" sizes=\"(max-width: 300px) 100vw, 300px\" \/><\/p>\n<p style=\"text-align: center;\"><strong>PUBLICIDADE<\/strong><\/p>\n<p>O munic\u00edpio merecia uma a\u00e7\u00e3o desprovida at\u00e9 mesmo de trilha sonora natalina, quando tradicionalmente oferece ao p\u00fablico caixas de som e ambienta\u00e7\u00e3o em todo o percurso do Natal Luz?<\/p>\n<p>Era adequado apresentar um Papai Noel improvisado sobre a carroceria de um carro comum, quando a cidade disp\u00f5e de estrutura cenogr\u00e1fica pr\u00f3pria e de grande destaque?<\/p>\n<p><strong>Se a empresa entende que o modelo apresentado ontem, 25, se adequa ao padr\u00e3o de Concei\u00e7\u00e3o do Coit\u00e9, seria mais prudente, sob o ponto de vista organizacional e de responsabilidade com o consumidor, manter tais ve\u00edculos apenas em sua fun\u00e7\u00e3o original: a log\u00edstica de entregas da marca na regi\u00e3o<\/strong>.<\/p>\n<p>\u00c9 importante destacar que causa estranheza a tentativa dizer que supostamente alinhou com \u00e0 gest\u00e3o municipal em um evento que \u00e9 promovido, divulgado (ENVIADO AOS SUPOSTOS PARCEIROS)\u00a0 e anunciado nacionalmente como uma a\u00e7\u00e3o institucional da pr\u00f3pria Coca-Cola. Exatamente como na propaganda! Tal postura gera, naturalmente, questionamentos quanto \u00e0 coer\u00eancia entre o que foi prometido ao p\u00fablico e o que efetivamente foi entregue.<\/p>\n<p><strong>A sensa\u00e7\u00e3o, para muitos espectadores, foi semelhante a experimentar uma bebida sem g\u00e1s: o resultado final se torna inevitavelmente desagrad\u00e1vel.<\/strong><\/p>\n<p><strong>Ainda assim, a popula\u00e7\u00e3o de Coit\u00e9 demonstrou grande participa\u00e7\u00e3o, movimentou o com\u00e9rcio local e refor\u00e7ou que sabe acolher e celebrar, mesmo diante de frustra\u00e7\u00f5es.<\/strong><\/p>\n<p>Diante disso, permanece evidente o valor de prestigiar o Natal Luz 2025, evento municipal que se destaca pela organiza\u00e7\u00e3o, beleza, planejamento e pela experi\u00eancia completa oferecida ao p\u00fablico, caracter\u00edsticas que, diante do acontecimento recente, merecem ainda mais reconhecimento.<\/p>\n<p><em>Nota na \u00edntegra\u00a0<\/em><\/p>\n<p><em>A Solar Coca-Cola informa que a passagem da Mini Caravana de Natal em Concei\u00e7\u00e3o do Coit\u00e9 ocorreu dentro do formato previamente estabelecido para essa a\u00e7\u00e3o, cuja proposta \u00e9 levar o esp\u00edrito natalino a novas regi\u00f5es com uma frota reduzida.<\/em><\/p>\n<p><em>Todo o planejamento, incluindo rota, hor\u00e1rio e configura\u00e7\u00e3o da frota, foi definido e alinhado antecipadamente com a Prefeitura, seguindo o mesmo procedimento aplicado nas demais cidades que recebem iniciativas da companhia.<\/em><\/p>\n<p><em>A Solar Coca-Cola refor\u00e7a que atua com responsabilidade, seguran\u00e7a e total transpar\u00eancia junto aos munic\u00edpios parceiros, mantendo seu compromisso de realizar a\u00e7\u00f5es alinhadas aos objetivos e especificidades de cada localidade.<\/em><\/p>\n<p><em>.<\/em><\/p>\n<p>Por: Rafaela Rodrigues<\/p>\n<p>Fotos e v\u00eddeos: Redes Sociais<\/p>\n","protected":false},"excerpt":{"rendered":"<p>A empresa Solar Coca-Cola encaminhou, nesta quarta-feira (26), uma nota ao Portal Ra\u00edzes na qual procura, supostamente, justificar a opini\u00e3o p\u00fablica pelo epis\u00f3dio amplamente criticado da chamada mini caravana. Veja tamb\u00e9m:\u00a0P\u00fablico sai de casa para prestigiar caravana de empresa privada, mas desfile se resume a quatro caminh\u00f5es com pisca-pisca em Concei\u00e7\u00e3o do Coit\u00e9 No comunicado, al\u00e9m de atribuir a situa\u00e7\u00e3o ao \u201cn\u00facleo de distribui\u00e7\u00e3o\u201d, a empresa afirma atuar com responsabilidade, seguran\u00e7a e transpar\u00eancia junto aos munic\u00edpios parceiros e que suas a\u00e7\u00f5es seriam planejadas conforme os objetivos e particularidades de cada localidade. PUBLICIDADE Contudo, ao apresentar tal justificativa, a empresa aparenta, ainda que de forma impl\u00edcita, desconsiderar a relev\u00e2ncia socioecon\u00f4mica de Concei\u00e7\u00e3o do Coit\u00e9, munic\u00edpio reconhecido por possuir uma das maiores e mais estruturadas celebra\u00e7\u00f5es natalinas da Bahia, atraindo visitantes de diversas regi\u00f5es. E aqui surgem os questionamentos! Concei\u00e7\u00e3o do Coit\u00e9 realmente merecia receber apenas quatro ve\u00edculos de entrega di\u00e1ria, equipados com simples luzes de LED, quando possui a maior e mais admirada decora\u00e7\u00e3o natalina do estado? PUBLICIDADE O munic\u00edpio merecia uma a\u00e7\u00e3o desprovida at\u00e9 mesmo de trilha sonora natalina, quando tradicionalmente oferece ao p\u00fablico caixas de som e ambienta\u00e7\u00e3o em todo o percurso do Natal Luz? Era adequado apresentar um Papai Noel improvisado sobre a carroceria de um carro comum, quando a cidade disp\u00f5e de estrutura cenogr\u00e1fica pr\u00f3pria e de grande destaque? Se a empresa entende que o modelo apresentado ontem, 25, se adequa ao padr\u00e3o de Concei\u00e7\u00e3o do Coit\u00e9, seria mais prudente, sob o ponto de vista organizacional e de responsabilidade com o consumidor, manter tais ve\u00edculos apenas em sua fun\u00e7\u00e3o original: a log\u00edstica de entregas da marca na regi\u00e3o. \u00c9 importante destacar que causa estranheza a tentativa dizer que supostamente alinhou com \u00e0 gest\u00e3o municipal em um evento que \u00e9 promovido, divulgado (ENVIADO AOS SUPOSTOS PARCEIROS)\u00a0 e anunciado nacionalmente como uma a\u00e7\u00e3o institucional da pr\u00f3pria Coca-Cola. Exatamente como na propaganda! Tal postura gera, naturalmente, questionamentos quanto \u00e0 coer\u00eancia entre o que foi prometido ao p\u00fablico e o que efetivamente foi entregue. A sensa\u00e7\u00e3o, para muitos espectadores, foi semelhante a experimentar uma bebida sem g\u00e1s: o resultado final se torna inevitavelmente desagrad\u00e1vel. Ainda assim, a popula\u00e7\u00e3o de Coit\u00e9 demonstrou grande participa\u00e7\u00e3o, movimentou o com\u00e9rcio local e refor\u00e7ou que sabe acolher e celebrar, mesmo diante de frustra\u00e7\u00f5es. Diante disso, permanece evidente o valor de prestigiar o Natal Luz 2025, evento municipal que se destaca pela organiza\u00e7\u00e3o, beleza, planejamento e pela experi\u00eancia completa oferecida ao p\u00fablico, caracter\u00edsticas que, diante do acontecimento recente, merecem ainda mais reconhecimento. Nota na \u00edntegra\u00a0 A Solar Coca-Cola informa que a passagem da Mini Caravana de Natal em Concei\u00e7\u00e3o do Coit\u00e9 ocorreu dentro do formato previamente estabelecido para essa a\u00e7\u00e3o, cuja proposta \u00e9 levar o esp\u00edrito natalino a novas regi\u00f5es com uma frota reduzida. Todo o planejamento, incluindo rota, hor\u00e1rio e configura\u00e7\u00e3o da frota, foi definido e alinhado antecipadamente com a Prefeitura, seguindo o mesmo procedimento aplicado nas demais cidades que recebem iniciativas da companhia. A Solar Coca-Cola refor\u00e7a que atua com responsabilidade, seguran\u00e7a e total transpar\u00eancia junto aos munic\u00edpios parceiros, mantendo seu compromisso de realizar a\u00e7\u00f5es alinhadas aos objetivos e especificidades de cada localidade. . Por: Rafaela Rodrigues Fotos e v\u00eddeos: Redes Sociais<\/p>\n","protected":false},"author":3,"featured_media":9481,"comment_status":"open","ping_status":"open","sticky":false,"template":"","format":"standard","meta":{"_joinchat":[],"footnotes":""},"categories":[55,59],"tags":[1380,75,1384],"class_list":["post-9479","post","type-post","status-publish","format-standard","has-post-thumbnail","hentry","category-destaques","category-ultimas-noticias","tag-coca-cola","tag-coite","tag-mini-caravana"],"yoast_head":"<!-- This site is optimized with the Yoast SEO plugin v24.4 - https:\/\/yoast.com\/wordpress\/plugins\/seo\/ -->\n<title>OPINI\u00c3O: Ap\u00f3s decepcionar Coit\u00e9 e regi\u00e3o, empresa privada tenta explicar \u201cmini caravana\u201d, mas justificativa n\u00e3o convence e gera novos questionamentos. Entenda! - Portal raizes noticias<\/title>\n<meta name=\"robots\" content=\"index, follow, max-snippet:-1, max-image-preview:large, max-video-preview:-1\" \/>\n<link rel=\"canonical\" href=\"https:\/\/portalraizesnoticias.com.br\/?p=9479\" \/>\n<meta property=\"og:locale\" content=\"pt_BR\" \/>\n<meta property=\"og:type\" content=\"article\" \/>\n<meta property=\"og:title\" content=\"OPINI\u00c3O: Ap\u00f3s decepcionar Coit\u00e9 e regi\u00e3o, empresa privada tenta explicar \u201cmini caravana\u201d, mas justificativa n\u00e3o convence e gera novos questionamentos. Entenda! - Portal raizes noticias\" \/>\n<meta property=\"og:description\" content=\"A empresa Solar Coca-Cola encaminhou, nesta quarta-feira (26), uma nota ao Portal Ra\u00edzes na qual procura, supostamente, justificar a opini\u00e3o p\u00fablica pelo epis\u00f3dio amplamente criticado da chamada mini caravana. Veja tamb\u00e9m:\u00a0P\u00fablico sai de casa para prestigiar caravana de empresa privada, mas desfile se resume a quatro caminh\u00f5es com pisca-pisca em Concei\u00e7\u00e3o do Coit\u00e9 No comunicado, al\u00e9m de atribuir a situa\u00e7\u00e3o ao \u201cn\u00facleo de distribui\u00e7\u00e3o\u201d, a empresa afirma atuar com responsabilidade, seguran\u00e7a e transpar\u00eancia junto aos munic\u00edpios parceiros e que suas a\u00e7\u00f5es seriam planejadas conforme os objetivos e particularidades de cada localidade. PUBLICIDADE Contudo, ao apresentar tal justificativa, a empresa aparenta, ainda que de forma impl\u00edcita, desconsiderar a relev\u00e2ncia socioecon\u00f4mica de Concei\u00e7\u00e3o do Coit\u00e9, munic\u00edpio reconhecido por possuir uma das maiores e mais estruturadas celebra\u00e7\u00f5es natalinas da Bahia, atraindo visitantes de diversas regi\u00f5es. E aqui surgem os questionamentos! Concei\u00e7\u00e3o do Coit\u00e9 realmente merecia receber apenas quatro ve\u00edculos de entrega di\u00e1ria, equipados com simples luzes de LED, quando possui a maior e mais admirada decora\u00e7\u00e3o natalina do estado? PUBLICIDADE O munic\u00edpio merecia uma a\u00e7\u00e3o desprovida at\u00e9 mesmo de trilha sonora natalina, quando tradicionalmente oferece ao p\u00fablico caixas de som e ambienta\u00e7\u00e3o em todo o percurso do Natal Luz? Era adequado apresentar um Papai Noel improvisado sobre a carroceria de um carro comum, quando a cidade disp\u00f5e de estrutura cenogr\u00e1fica pr\u00f3pria e de grande destaque? Se a empresa entende que o modelo apresentado ontem, 25, se adequa ao padr\u00e3o de Concei\u00e7\u00e3o do Coit\u00e9, seria mais prudente, sob o ponto de vista organizacional e de responsabilidade com o consumidor, manter tais ve\u00edculos apenas em sua fun\u00e7\u00e3o original: a log\u00edstica de entregas da marca na regi\u00e3o. \u00c9 importante destacar que causa estranheza a tentativa dizer que supostamente alinhou com \u00e0 gest\u00e3o municipal em um evento que \u00e9 promovido, divulgado (ENVIADO AOS SUPOSTOS PARCEIROS)\u00a0 e anunciado nacionalmente como uma a\u00e7\u00e3o institucional da pr\u00f3pria Coca-Cola. Exatamente como na propaganda! Tal postura gera, naturalmente, questionamentos quanto \u00e0 coer\u00eancia entre o que foi prometido ao p\u00fablico e o que efetivamente foi entregue. A sensa\u00e7\u00e3o, para muitos espectadores, foi semelhante a experimentar uma bebida sem g\u00e1s: o resultado final se torna inevitavelmente desagrad\u00e1vel. Ainda assim, a popula\u00e7\u00e3o de Coit\u00e9 demonstrou grande participa\u00e7\u00e3o, movimentou o com\u00e9rcio local e refor\u00e7ou que sabe acolher e celebrar, mesmo diante de frustra\u00e7\u00f5es. Diante disso, permanece evidente o valor de prestigiar o Natal Luz 2025, evento municipal que se destaca pela organiza\u00e7\u00e3o, beleza, planejamento e pela experi\u00eancia completa oferecida ao p\u00fablico, caracter\u00edsticas que, diante do acontecimento recente, merecem ainda mais reconhecimento. Nota na \u00edntegra\u00a0 A Solar Coca-Cola informa que a passagem da Mini Caravana de Natal em Concei\u00e7\u00e3o do Coit\u00e9 ocorreu dentro do formato previamente estabelecido para essa a\u00e7\u00e3o, cuja proposta \u00e9 levar o esp\u00edrito natalino a novas regi\u00f5es com uma frota reduzida. Todo o planejamento, incluindo rota, hor\u00e1rio e configura\u00e7\u00e3o da frota, foi definido e alinhado antecipadamente com a Prefeitura, seguindo o mesmo procedimento aplicado nas demais cidades que recebem iniciativas da companhia. A Solar Coca-Cola refor\u00e7a que atua com responsabilidade, seguran\u00e7a e total transpar\u00eancia junto aos munic\u00edpios parceiros, mantendo seu compromisso de realizar a\u00e7\u00f5es alinhadas aos objetivos e especificidades de cada localidade. . Por: Rafaela Rodrigues Fotos e v\u00eddeos: Redes Sociais\" \/>\n<meta property=\"og:url\" content=\"https:\/\/portalraizesnoticias.com.br\/?p=9479\" \/>\n<meta property=\"og:site_name\" content=\"Portal raizes noticias\" \/>\n<meta property=\"article:published_time\" content=\"2025-11-26T17:48:11+00:00\" \/>\n<meta property=\"article:modified_time\" content=\"2025-11-26T18:42:26+00:00\" \/>\n<meta property=\"og:image\" content=\"https:\/\/portalraizesnoticias.com.br\/wp-content\/uploads\/2025\/11\/IMG-20251126-WA0432.jpg\" \/>\n\t<meta property=\"og:image:width\" content=\"612\" \/>\n\t<meta property=\"og:image:height\" content=\"376\" \/>\n\t<meta property=\"og:image:type\" content=\"image\/jpeg\" \/>\n<meta name=\"author\" content=\"Portal Raizes\" \/>\n<meta name=\"twitter:card\" content=\"summary_large_image\" \/>\n<meta name=\"twitter:label1\" content=\"Escrito por\" \/>\n\t<meta name=\"twitter:data1\" content=\"Portal Raizes\" \/>\n\t<meta name=\"twitter:label2\" content=\"Est. tempo de leitura\" \/>\n\t<meta name=\"twitter:data2\" content=\"4 minutos\" \/>\n<script type=\"application\/ld+json\" class=\"yoast-schema-graph\">{\"@context\":\"https:\/\/schema.org\",\"@graph\":[{\"@type\":\"Article\",\"@id\":\"https:\/\/portalraizesnoticias.com.br\/?p=9479#article\",\"isPartOf\":{\"@id\":\"https:\/\/portalraizesnoticias.com.br\/?p=9479\"},\"author\":{\"name\":\"Portal Raizes\",\"@id\":\"https:\/\/portalraizesnoticias.com.br\/#\/schema\/person\/a3ca6b0fc701e78df19756c417d943ae\"},\"headline\":\"OPINI\u00c3O: Ap\u00f3s decepcionar Coit\u00e9 e regi\u00e3o, empresa privada tenta explicar \u201cmini caravana\u201d, mas justificativa n\u00e3o convence e gera novos questionamentos. Entenda!\",\"datePublished\":\"2025-11-26T17:48:11+00:00\",\"dateModified\":\"2025-11-26T18:42:26+00:00\",\"mainEntityOfPage\":{\"@id\":\"https:\/\/portalraizesnoticias.com.br\/?p=9479\"},\"wordCount\":628,\"commentCount\":1,\"publisher\":{\"@id\":\"https:\/\/portalraizesnoticias.com.br\/#organization\"},\"image\":{\"@id\":\"https:\/\/portalraizesnoticias.com.br\/?p=9479#primaryimage\"},\"thumbnailUrl\":\"https:\/\/portalraizesnoticias.com.br\/wp-content\/uploads\/2025\/11\/IMG-20251126-WA0432.jpg\",\"keywords\":[\"Coca cola\",\"Coit\u00e9\",\"Mini caravana\"],\"articleSection\":[\"DESTAQUES\",\"ULTIMAS NOTICIAS\"],\"inLanguage\":\"pt-BR\",\"potentialAction\":[{\"@type\":\"CommentAction\",\"name\":\"Comment\",\"target\":[\"https:\/\/portalraizesnoticias.com.br\/?p=9479#respond\"]}]},{\"@type\":\"WebPage\",\"@id\":\"https:\/\/portalraizesnoticias.com.br\/?p=9479\",\"url\":\"https:\/\/portalraizesnoticias.com.br\/?p=9479\",\"name\":\"OPINI\u00c3O: Ap\u00f3s decepcionar Coit\u00e9 e regi\u00e3o, empresa privada tenta explicar \u201cmini caravana\u201d, mas justificativa n\u00e3o convence e gera novos questionamentos. Entenda! - Portal raizes noticias\",\"isPartOf\":{\"@id\":\"https:\/\/portalraizesnoticias.com.br\/#website\"},\"primaryImageOfPage\":{\"@id\":\"https:\/\/portalraizesnoticias.com.br\/?p=9479#primaryimage\"},\"image\":{\"@id\":\"https:\/\/portalraizesnoticias.com.br\/?p=9479#primaryimage\"},\"thumbnailUrl\":\"https:\/\/portalraizesnoticias.com.br\/wp-content\/uploads\/2025\/11\/IMG-20251126-WA0432.jpg\",\"datePublished\":\"2025-11-26T17:48:11+00:00\",\"dateModified\":\"2025-11-26T18:42:26+00:00\",\"breadcrumb\":{\"@id\":\"https:\/\/portalraizesnoticias.com.br\/?p=9479#breadcrumb\"},\"inLanguage\":\"pt-BR\",\"potentialAction\":[{\"@type\":\"ReadAction\",\"target\":[\"https:\/\/portalraizesnoticias.com.br\/?p=9479\"]}]},{\"@type\":\"ImageObject\",\"inLanguage\":\"pt-BR\",\"@id\":\"https:\/\/portalraizesnoticias.com.br\/?p=9479#primaryimage\",\"url\":\"https:\/\/portalraizesnoticias.com.br\/wp-content\/uploads\/2025\/11\/IMG-20251126-WA0432.jpg\",\"contentUrl\":\"https:\/\/portalraizesnoticias.com.br\/wp-content\/uploads\/2025\/11\/IMG-20251126-WA0432.jpg\",\"width\":612,\"height\":376},{\"@type\":\"BreadcrumbList\",\"@id\":\"https:\/\/portalraizesnoticias.com.br\/?p=9479#breadcrumb\",\"itemListElement\":[{\"@type\":\"ListItem\",\"position\":1,\"name\":\"In\u00edcio\",\"item\":\"https:\/\/portalraizesnoticias.com.br\/\"},{\"@type\":\"ListItem\",\"position\":2,\"name\":\"OPINI\u00c3O: Ap\u00f3s decepcionar Coit\u00e9 e regi\u00e3o, empresa privada tenta explicar \u201cmini caravana\u201d, mas justificativa n\u00e3o convence e gera novos questionamentos. Entenda!\"}]},{\"@type\":\"WebSite\",\"@id\":\"https:\/\/portalraizesnoticias.com.br\/#website\",\"url\":\"https:\/\/portalraizesnoticias.com.br\/\",\"name\":\"Portal raizes NOTICIAS\",\"description\":\"site de noticias de concei\u00e7\u00e3o do coit\u00e9 e regi\u00e3o\",\"publisher\":{\"@id\":\"https:\/\/portalraizesnoticias.com.br\/#organization\"},\"alternateName\":\"PORTAL RAIZES COIT\u00c9\",\"potentialAction\":[{\"@type\":\"SearchAction\",\"target\":{\"@type\":\"EntryPoint\",\"urlTemplate\":\"https:\/\/portalraizesnoticias.com.br\/?s={search_term_string}\"},\"query-input\":{\"@type\":\"PropertyValueSpecification\",\"valueRequired\":true,\"valueName\":\"search_term_string\"}}],\"inLanguage\":\"pt-BR\"},{\"@type\":\"Organization\",\"@id\":\"https:\/\/portalraizesnoticias.com.br\/#organization\",\"name\":\"Portal raizes NOTICIAS\",\"url\":\"https:\/\/portalraizesnoticias.com.br\/\",\"logo\":{\"@type\":\"ImageObject\",\"inLanguage\":\"pt-BR\",\"@id\":\"https:\/\/portalraizesnoticias.com.br\/#\/schema\/logo\/image\/\",\"url\":\"https:\/\/portalraizesnoticias.com.br\/wp-content\/uploads\/2024\/09\/cropped-Captura-de-tela-2024-09-08-011108.png\",\"contentUrl\":\"https:\/\/portalraizesnoticias.com.br\/wp-content\/uploads\/2024\/09\/cropped-Captura-de-tela-2024-09-08-011108.png\",\"width\":606,\"height\":173,\"caption\":\"Portal raizes NOTICIAS\"},\"image\":{\"@id\":\"https:\/\/portalraizesnoticias.com.br\/#\/schema\/logo\/image\/\"}},{\"@type\":\"Person\",\"@id\":\"https:\/\/portalraizesnoticias.com.br\/#\/schema\/person\/a3ca6b0fc701e78df19756c417d943ae\",\"name\":\"Portal Raizes\",\"image\":{\"@type\":\"ImageObject\",\"inLanguage\":\"pt-BR\",\"@id\":\"https:\/\/portalraizesnoticias.com.br\/#\/schema\/person\/image\/\",\"url\":\"https:\/\/secure.gravatar.com\/avatar\/ef450d29013a3d3fba867a12a249d7b1?s=96&d=mm&r=g\",\"contentUrl\":\"https:\/\/secure.gravatar.com\/avatar\/ef450d29013a3d3fba867a12a249d7b1?s=96&d=mm&r=g\",\"caption\":\"Portal Raizes\"},\"url\":\"https:\/\/portalraizesnoticias.com.br\/?author=3\"}]}<\/script>\n<!-- \/ Yoast SEO plugin. -->","yoast_head_json":{"title":"OPINI\u00c3O: Ap\u00f3s decepcionar Coit\u00e9 e regi\u00e3o, empresa privada tenta explicar \u201cmini caravana\u201d, mas justificativa n\u00e3o convence e gera novos questionamentos. Entenda! - Portal raizes noticias","robots":{"index":"index","follow":"follow","max-snippet":"max-snippet:-1","max-image-preview":"max-image-preview:large","max-video-preview":"max-video-preview:-1"},"canonical":"https:\/\/portalraizesnoticias.com.br\/?p=9479","og_locale":"pt_BR","og_type":"article","og_title":"OPINI\u00c3O: Ap\u00f3s decepcionar Coit\u00e9 e regi\u00e3o, empresa privada tenta explicar \u201cmini caravana\u201d, mas justificativa n\u00e3o convence e gera novos questionamentos. Entenda! - Portal raizes noticias","og_description":"A empresa Solar Coca-Cola encaminhou, nesta quarta-feira (26), uma nota ao Portal Ra\u00edzes na qual procura, supostamente, justificar a opini\u00e3o p\u00fablica pelo epis\u00f3dio amplamente criticado da chamada mini caravana. Veja tamb\u00e9m:\u00a0P\u00fablico sai de casa para prestigiar caravana de empresa privada, mas desfile se resume a quatro caminh\u00f5es com pisca-pisca em Concei\u00e7\u00e3o do Coit\u00e9 No comunicado, al\u00e9m de atribuir a situa\u00e7\u00e3o ao \u201cn\u00facleo de distribui\u00e7\u00e3o\u201d, a empresa afirma atuar com responsabilidade, seguran\u00e7a e transpar\u00eancia junto aos munic\u00edpios parceiros e que suas a\u00e7\u00f5es seriam planejadas conforme os objetivos e particularidades de cada localidade. PUBLICIDADE Contudo, ao apresentar tal justificativa, a empresa aparenta, ainda que de forma impl\u00edcita, desconsiderar a relev\u00e2ncia socioecon\u00f4mica de Concei\u00e7\u00e3o do Coit\u00e9, munic\u00edpio reconhecido por possuir uma das maiores e mais estruturadas celebra\u00e7\u00f5es natalinas da Bahia, atraindo visitantes de diversas regi\u00f5es. E aqui surgem os questionamentos! Concei\u00e7\u00e3o do Coit\u00e9 realmente merecia receber apenas quatro ve\u00edculos de entrega di\u00e1ria, equipados com simples luzes de LED, quando possui a maior e mais admirada decora\u00e7\u00e3o natalina do estado? PUBLICIDADE O munic\u00edpio merecia uma a\u00e7\u00e3o desprovida at\u00e9 mesmo de trilha sonora natalina, quando tradicionalmente oferece ao p\u00fablico caixas de som e ambienta\u00e7\u00e3o em todo o percurso do Natal Luz? Era adequado apresentar um Papai Noel improvisado sobre a carroceria de um carro comum, quando a cidade disp\u00f5e de estrutura cenogr\u00e1fica pr\u00f3pria e de grande destaque? Se a empresa entende que o modelo apresentado ontem, 25, se adequa ao padr\u00e3o de Concei\u00e7\u00e3o do Coit\u00e9, seria mais prudente, sob o ponto de vista organizacional e de responsabilidade com o consumidor, manter tais ve\u00edculos apenas em sua fun\u00e7\u00e3o original: a log\u00edstica de entregas da marca na regi\u00e3o. \u00c9 importante destacar que causa estranheza a tentativa dizer que supostamente alinhou com \u00e0 gest\u00e3o municipal em um evento que \u00e9 promovido, divulgado (ENVIADO AOS SUPOSTOS PARCEIROS)\u00a0 e anunciado nacionalmente como uma a\u00e7\u00e3o institucional da pr\u00f3pria Coca-Cola. Exatamente como na propaganda! Tal postura gera, naturalmente, questionamentos quanto \u00e0 coer\u00eancia entre o que foi prometido ao p\u00fablico e o que efetivamente foi entregue. A sensa\u00e7\u00e3o, para muitos espectadores, foi semelhante a experimentar uma bebida sem g\u00e1s: o resultado final se torna inevitavelmente desagrad\u00e1vel. Ainda assim, a popula\u00e7\u00e3o de Coit\u00e9 demonstrou grande participa\u00e7\u00e3o, movimentou o com\u00e9rcio local e refor\u00e7ou que sabe acolher e celebrar, mesmo diante de frustra\u00e7\u00f5es. Diante disso, permanece evidente o valor de prestigiar o Natal Luz 2025, evento municipal que se destaca pela organiza\u00e7\u00e3o, beleza, planejamento e pela experi\u00eancia completa oferecida ao p\u00fablico, caracter\u00edsticas que, diante do acontecimento recente, merecem ainda mais reconhecimento. Nota na \u00edntegra\u00a0 A Solar Coca-Cola informa que a passagem da Mini Caravana de Natal em Concei\u00e7\u00e3o do Coit\u00e9 ocorreu dentro do formato previamente estabelecido para essa a\u00e7\u00e3o, cuja proposta \u00e9 levar o esp\u00edrito natalino a novas regi\u00f5es com uma frota reduzida. Todo o planejamento, incluindo rota, hor\u00e1rio e configura\u00e7\u00e3o da frota, foi definido e alinhado antecipadamente com a Prefeitura, seguindo o mesmo procedimento aplicado nas demais cidades que recebem iniciativas da companhia. A Solar Coca-Cola refor\u00e7a que atua com responsabilidade, seguran\u00e7a e total transpar\u00eancia junto aos munic\u00edpios parceiros, mantendo seu compromisso de realizar a\u00e7\u00f5es alinhadas aos objetivos e especificidades de cada localidade. . Por: Rafaela Rodrigues Fotos e v\u00eddeos: Redes Sociais","og_url":"https:\/\/portalraizesnoticias.com.br\/?p=9479","og_site_name":"Portal raizes noticias","article_published_time":"2025-11-26T17:48:11+00:00","article_modified_time":"2025-11-26T18:42:26+00:00","og_image":[{"width":612,"height":376,"url":"https:\/\/portalraizesnoticias.com.br\/wp-content\/uploads\/2025\/11\/IMG-20251126-WA0432.jpg","type":"image\/jpeg"}],"author":"Portal Raizes","twitter_card":"summary_large_image","twitter_misc":{"Escrito por":"Portal Raizes","Est. tempo de leitura":"4 minutos"},"schema":{"@context":"https:\/\/schema.org","@graph":[{"@type":"Article","@id":"https:\/\/portalraizesnoticias.com.br\/?p=9479#article","isPartOf":{"@id":"https:\/\/portalraizesnoticias.com.br\/?p=9479"},"author":{"name":"Portal Raizes","@id":"https:\/\/portalraizesnoticias.com.br\/#\/schema\/person\/a3ca6b0fc701e78df19756c417d943ae"},"headline":"OPINI\u00c3O: Ap\u00f3s decepcionar Coit\u00e9 e regi\u00e3o, empresa privada tenta explicar \u201cmini caravana\u201d, mas justificativa n\u00e3o convence e gera novos questionamentos. Entenda!","datePublished":"2025-11-26T17:48:11+00:00","dateModified":"2025-11-26T18:42:26+00:00","mainEntityOfPage":{"@id":"https:\/\/portalraizesnoticias.com.br\/?p=9479"},"wordCount":628,"commentCount":1,"publisher":{"@id":"https:\/\/portalraizesnoticias.com.br\/#organization"},"image":{"@id":"https:\/\/portalraizesnoticias.com.br\/?p=9479#primaryimage"},"thumbnailUrl":"https:\/\/portalraizesnoticias.com.br\/wp-content\/uploads\/2025\/11\/IMG-20251126-WA0432.jpg","keywords":["Coca cola","Coit\u00e9","Mini caravana"],"articleSection":["DESTAQUES","ULTIMAS NOTICIAS"],"inLanguage":"pt-BR","potentialAction":[{"@type":"CommentAction","name":"Comment","target":["https:\/\/portalraizesnoticias.com.br\/?p=9479#respond"]}]},{"@type":"WebPage","@id":"https:\/\/portalraizesnoticias.com.br\/?p=9479","url":"https:\/\/portalraizesnoticias.com.br\/?p=9479","name":"OPINI\u00c3O: Ap\u00f3s decepcionar Coit\u00e9 e regi\u00e3o, empresa privada tenta explicar \u201cmini caravana\u201d, mas justificativa n\u00e3o convence e gera novos questionamentos. Entenda! - Portal raizes noticias","isPartOf":{"@id":"https:\/\/portalraizesnoticias.com.br\/#website"},"primaryImageOfPage":{"@id":"https:\/\/portalraizesnoticias.com.br\/?p=9479#primaryimage"},"image":{"@id":"https:\/\/portalraizesnoticias.com.br\/?p=9479#primaryimage"},"thumbnailUrl":"https:\/\/portalraizesnoticias.com.br\/wp-content\/uploads\/2025\/11\/IMG-20251126-WA0432.jpg","datePublished":"2025-11-26T17:48:11+00:00","dateModified":"2025-11-26T18:42:26+00:00","breadcrumb":{"@id":"https:\/\/portalraizesnoticias.com.br\/?p=9479#breadcrumb"},"inLanguage":"pt-BR","potentialAction":[{"@type":"ReadAction","target":["https:\/\/portalraizesnoticias.com.br\/?p=9479"]}]},{"@type":"ImageObject","inLanguage":"pt-BR","@id":"https:\/\/portalraizesnoticias.com.br\/?p=9479#primaryimage","url":"https:\/\/portalraizesnoticias.com.br\/wp-content\/uploads\/2025\/11\/IMG-20251126-WA0432.jpg","contentUrl":"https:\/\/portalraizesnoticias.com.br\/wp-content\/uploads\/2025\/11\/IMG-20251126-WA0432.jpg","width":612,"height":376},{"@type":"BreadcrumbList","@id":"https:\/\/portalraizesnoticias.com.br\/?p=9479#breadcrumb","itemListElement":[{"@type":"ListItem","position":1,"name":"In\u00edcio","item":"https:\/\/portalraizesnoticias.com.br\/"},{"@type":"ListItem","position":2,"name":"OPINI\u00c3O: Ap\u00f3s decepcionar Coit\u00e9 e regi\u00e3o, empresa privada tenta explicar \u201cmini caravana\u201d, mas justificativa n\u00e3o convence e gera novos questionamentos. Entenda!"}]},{"@type":"WebSite","@id":"https:\/\/portalraizesnoticias.com.br\/#website","url":"https:\/\/portalraizesnoticias.com.br\/","name":"Portal raizes NOTICIAS","description":"site de noticias de concei\u00e7\u00e3o do coit\u00e9 e regi\u00e3o","publisher":{"@id":"https:\/\/portalraizesnoticias.com.br\/#organization"},"alternateName":"PORTAL RAIZES COIT\u00c9","potentialAction":[{"@type":"SearchAction","target":{"@type":"EntryPoint","urlTemplate":"https:\/\/portalraizesnoticias.com.br\/?s={search_term_string}"},"query-input":{"@type":"PropertyValueSpecification","valueRequired":true,"valueName":"search_term_string"}}],"inLanguage":"pt-BR"},{"@type":"Organization","@id":"https:\/\/portalraizesnoticias.com.br\/#organization","name":"Portal raizes NOTICIAS","url":"https:\/\/portalraizesnoticias.com.br\/","logo":{"@type":"ImageObject","inLanguage":"pt-BR","@id":"https:\/\/portalraizesnoticias.com.br\/#\/schema\/logo\/image\/","url":"https:\/\/portalraizesnoticias.com.br\/wp-content\/uploads\/2024\/09\/cropped-Captura-de-tela-2024-09-08-011108.png","contentUrl":"https:\/\/portalraizesnoticias.com.br\/wp-content\/uploads\/2024\/09\/cropped-Captura-de-tela-2024-09-08-011108.png","width":606,"height":173,"caption":"Portal raizes NOTICIAS"},"image":{"@id":"https:\/\/portalraizesnoticias.com.br\/#\/schema\/logo\/image\/"}},{"@type":"Person","@id":"https:\/\/portalraizesnoticias.com.br\/#\/schema\/person\/a3ca6b0fc701e78df19756c417d943ae","name":"Portal Raizes","image":{"@type":"ImageObject","inLanguage":"pt-BR","@id":"https:\/\/portalraizesnoticias.com.br\/#\/schema\/person\/image\/","url":"https:\/\/secure.gravatar.com\/avatar\/ef450d29013a3d3fba867a12a249d7b1?s=96&d=mm&r=g","contentUrl":"https:\/\/secure.gravatar.com\/avatar\/ef450d29013a3d3fba867a12a249d7b1?s=96&d=mm&r=g","caption":"Portal Raizes"},"url":"https:\/\/portalraizesnoticias.com.br\/?author=3"}]}},"_links":{"self":[{"href":"https:\/\/portalraizesnoticias.com.br\/index.php?rest_route=\/wp\/v2\/posts\/9479"}],"collection":[{"href":"https:\/\/portalraizesnoticias.com.br\/index.php?rest_route=\/wp\/v2\/posts"}],"about":[{"href":"https:\/\/portalraizesnoticias.com.br\/index.php?rest_route=\/wp\/v2\/types\/post"}],"author":[{"embeddable":true,"href":"https:\/\/portalraizesnoticias.com.br\/index.php?rest_route=\/wp\/v2\/users\/3"}],"replies":[{"embeddable":true,"href":"https:\/\/portalraizesnoticias.com.br\/index.php?rest_route=%2Fwp%2Fv2%2Fcomments&post=9479"}],"version-history":[{"count":12,"href":"https:\/\/portalraizesnoticias.com.br\/index.php?rest_route=\/wp\/v2\/posts\/9479\/revisions"}],"predecessor-version":[{"id":9497,"href":"https:\/\/portalraizesnoticias.com.br\/index.php?rest_route=\/wp\/v2\/posts\/9479\/revisions\/9497"}],"wp:featuredmedia":[{"embeddable":true,"href":"https:\/\/portalraizesnoticias.com.br\/index.php?rest_route=\/wp\/v2\/media\/9481"}],"wp:attachment":[{"href":"https:\/\/portalraizesnoticias.com.br\/index.php?rest_route=%2Fwp%2Fv2%2Fmedia&parent=9479"}],"wp:term":[{"taxonomy":"category","embeddable":true,"href":"https:\/\/portalraizesnoticias.com.br\/index.php?rest_route=%2Fwp%2Fv2%2Fcategories&post=9479"},{"taxonomy":"post_tag","embeddable":true,"href":"https:\/\/portalraizesnoticias.com.br\/index.php?rest_route=%2Fwp%2Fv2%2Ftags&post=9479"}],"curies":[{"name":"wp","href":"https:\/\/api.w.org\/{rel}","templated":true}]}}