{"id":9461,"date":"2025-11-25T21:44:25","date_gmt":"2025-11-26T00:44:25","guid":{"rendered":"https:\/\/portalraizesnoticias.com.br\/?p=9461"},"modified":"2025-11-26T02:06:52","modified_gmt":"2025-11-26T05:06:52","slug":"publico-sai-de-casa-para-prestigiar-caravana-de-empresa-privada-mas-desfile-se-resume-a-quatro-caminhoes-com-pisca-pisca-em-conceicao-do-coite","status":"publish","type":"post","link":"https:\/\/portalraizesnoticias.com.br\/?p=9461","title":{"rendered":"P\u00fablico sai de casa para prestigiar  caravana de empresa privada, mas desfile se resume a quatro caminh\u00f5es com pisca-pisca em Concei\u00e7\u00e3o do Coit\u00e9"},"content":{"rendered":"<p>O povo de Concei\u00e7\u00e3o do Coit\u00e9, acostumado a receber um dos melhores eventos natalinos da Bahia (Nata Luz) e a atrair visitantes de diversas cidades, viveu uma grande frustra\u00e7\u00e3o ap\u00f3s a passagem da caravana promovida por uma empresa privada de marca mundialmente conhecida.<\/p>\n<p>Com uma ampla divulga\u00e7\u00e3o na imprensa e nas redes sociais, o p\u00fablico criou a expectativa de prestigiar um espet\u00e1culo grandioso, semelhante ao que se costuma ver divulgado oficialmente pela empresa.<\/p>\n<p><img decoding=\"async\" class=\"size-medium wp-image-9462 aligncenter\" src=\"https:\/\/portalraizesnoticias.com.br\/wp-content\/uploads\/2025\/11\/anigif-3-300x156.gif\" alt=\"\" width=\"300\" height=\"156\" \/><\/p>\n<p style=\"text-align: center;\"><em>.(Ve\u00edculo que o povo esperava)<\/em><\/p>\n<p>No entanto, o cen\u00e1rio encontrado na noite desta ter\u00e7a-feira (25) foi bem diferente do imaginado\u00a0 e a sensa\u00e7\u00e3o predominante entre quem saiu de casa foi igual: decep\u00e7\u00e3o.<\/p>\n<p>Entre os coment\u00e1rios que ecoavam na multid\u00e3o, frases como \u201cPra que eu fui sair de casa?\u201d e \u201cAchei que seria t\u00e3o bonito quanto o Natal Luz\u201d eram recorrentes. Muitos esperavam uma apresenta\u00e7\u00e3o \u00e0 altura do tradicional Natal Luz Coit\u00e9, evento j\u00e1 consolidado e reconhecido pela beleza, organiza\u00e7\u00e3o e capacidade de encantar moradores e turistas.<\/p>\n<p><strong>Mas n\u00e3o foi isso que ocorreu.<\/strong><\/p>\n<p>Em vez dos tradicionais caminh\u00f5es decorados e do Papai Noel ocupando o interior de um ve\u00edculo tem\u00e1tico, como amplamente divulgado nas propagandas, os coiteenses se depararam com um bom velhinho posicionado sobre a carroceria de um ve\u00edculo comum, seguido por caminh\u00f5es fechados da empresa com uma simples ilumina\u00e7\u00e3o. A rua ficou lotada, mas, no lugar dos sorrisos e olhares encantados t\u00edpicos da \u00e9poca, veio a frustra\u00e7\u00e3o.<\/p>\n<div style=\"width: 464px;\" class=\"wp-video\"><!--[if lt IE 9]><script>document.createElement('video');<\/script><![endif]-->\n<video class=\"wp-video-shortcode\" id=\"video-9461-1\" width=\"464\" height=\"832\" preload=\"metadata\" controls=\"controls\"><source type=\"video\/mp4\" src=\"https:\/\/portalraizesnoticias.com.br\/wp-content\/uploads\/2025\/11\/VID-20251125-WA0452.mp4?_=1\" \/><a href=\"https:\/\/portalraizesnoticias.com.br\/wp-content\/uploads\/2025\/11\/VID-20251125-WA0452.mp4\">https:\/\/portalraizesnoticias.com.br\/wp-content\/uploads\/2025\/11\/VID-20251125-WA0452.mp4<\/a><\/video><\/div>\n<p style=\"text-align: center;\"><em>(Realidade em Concei\u00e7\u00e3o do Coit\u00e9)<\/em><\/p>\n<p>\u201cEu ainda tive esperan\u00e7a de que\u00a0 fosse\u00a0 aparecer alguma surpresa, mas s\u00f3 veio decep\u00e7\u00e3o\u201d, contou uma moradora.<\/p>\n<p>A rea\u00e7\u00e3o negativa tem uma explica\u00e7\u00e3o: Concei\u00e7\u00e3o do Coit\u00e9 j\u00e1 possui um dos eventos natalinos mais expressivos do estado, elevando o nome da cidade e entregando apresenta\u00e7\u00f5es que encantam todos os que participam. Desde a abertura do Natal Luz, com show piromusical, coral e a tradicional Trupe de Natal, a cidade se transforma em um cen\u00e1rio digno de compara\u00e7\u00e3o com Gramado, no Sul do pa\u00eds.<\/p>\n<p>Por isso, diante de uma popula\u00e7\u00e3o acostumada a alto padr\u00e3o, quem organizou a caravana deveria supostamente compreender que o povo de Coit\u00e9 sabe reconhecer quando algo \u00e9 bem feito, e que quatro ve\u00edculos simples de fazer entregas di\u00e1rias nos bares sem atrativos especiais, jamais justificariam sair de casa em plena ter\u00e7a-feira, sobretudo quando a pr\u00f3pria cidade oferece, diariamente, apresenta\u00e7\u00f5es art\u00edsticas completas e aclamadas, independentemente do peso de uma marca internacional.<\/p>\n<p>&#8212;<\/p>\n<p>Manifesta\u00e7\u00e3o da Prefeitura<\/p>\n<p><img fetchpriority=\"high\" decoding=\"async\" class=\"size-medium wp-image-9464 aligncenter\" src=\"https:\/\/portalraizesnoticias.com.br\/wp-content\/uploads\/2025\/11\/IMG-20251125-WA0587-240x300.jpg\" alt=\"\" width=\"240\" height=\"300\" srcset=\"https:\/\/portalraizesnoticias.com.br\/wp-content\/uploads\/2025\/11\/IMG-20251125-WA0587-240x300.jpg 240w, https:\/\/portalraizesnoticias.com.br\/wp-content\/uploads\/2025\/11\/IMG-20251125-WA0587-819x1024.jpg 819w, https:\/\/portalraizesnoticias.com.br\/wp-content\/uploads\/2025\/11\/IMG-20251125-WA0587-768x960.jpg 768w, https:\/\/portalraizesnoticias.com.br\/wp-content\/uploads\/2025\/11\/IMG-20251125-WA0587.jpg 1080w\" sizes=\"(max-width: 240px) 100vw, 240px\" \/><\/p>\n<p>A Prefeitura de Concei\u00e7\u00e3o do Coit\u00e9 informa que a passagem da Caravana de Natal da Coca-Cola nesta ter\u00e7a-feira acabou gerando frustra\u00e7\u00e3o para parte do p\u00fablico, que esperava uma apresenta\u00e7\u00e3o mais estruturada.<\/p>\n<p>Por se tratar de uma a\u00e7\u00e3o exclusivamente privada, idealizada e executada pela pr\u00f3pria Coca-Cola, a Prefeitura n\u00e3o participa do planejamento do espet\u00e1culo, atuando apenas com apoio institucional quando solicitado.<\/p>\n<p>Seguimos com a programa\u00e7\u00e3o do Natal Luz Coit\u00e9 2025, que vem sendo um grande sucesso, reunindo fam\u00edlias e oferecendo momentos de encantamento e alegria a cada noite.<\/p>\n<p>Lamentamos o desconforto vivido por algumas pessoas e reafirmamos nosso compromisso de seguir entregando eventos organizados, acolhedores e \u00e0 altura do carinho que o povo de Coit\u00e9 merece.<\/p>\n<p>O portal Ra\u00edzes tamb\u00e9m entrou em contato com a assessoria de imprensa da empresa, mas at\u00e9 o momento n\u00e3o obteve retorno. O espa\u00e7o segue aberto.<\/p>\n<p>Reda\u00e7\u00e3o<\/p>\n<p>V\u00eddeos e fotos: Redes Sociais<\/p>\n","protected":false},"excerpt":{"rendered":"<p>O povo de Concei\u00e7\u00e3o do Coit\u00e9, acostumado a receber um dos melhores eventos natalinos da Bahia (Nata Luz) e a atrair visitantes de diversas cidades, viveu uma grande frustra\u00e7\u00e3o ap\u00f3s a passagem da caravana promovida por uma empresa privada de marca mundialmente conhecida. Com uma ampla divulga\u00e7\u00e3o na imprensa e nas redes sociais, o p\u00fablico criou a expectativa de prestigiar um espet\u00e1culo grandioso, semelhante ao que se costuma ver divulgado oficialmente pela empresa. .(Ve\u00edculo que o povo esperava) No entanto, o cen\u00e1rio encontrado na noite desta ter\u00e7a-feira (25) foi bem diferente do imaginado\u00a0 e a sensa\u00e7\u00e3o predominante entre quem saiu de casa foi igual: decep\u00e7\u00e3o. Entre os coment\u00e1rios que ecoavam na multid\u00e3o, frases como \u201cPra que eu fui sair de casa?\u201d e \u201cAchei que seria t\u00e3o bonito quanto o Natal Luz\u201d eram recorrentes. Muitos esperavam uma apresenta\u00e7\u00e3o \u00e0 altura do tradicional Natal Luz Coit\u00e9, evento j\u00e1 consolidado e reconhecido pela beleza, organiza\u00e7\u00e3o e capacidade de encantar moradores e turistas. Mas n\u00e3o foi isso que ocorreu. Em vez dos tradicionais caminh\u00f5es decorados e do Papai Noel ocupando o interior de um ve\u00edculo tem\u00e1tico, como amplamente divulgado nas propagandas, os coiteenses se depararam com um bom velhinho posicionado sobre a carroceria de um ve\u00edculo comum, seguido por caminh\u00f5es fechados da empresa com uma simples ilumina\u00e7\u00e3o. A rua ficou lotada, mas, no lugar dos sorrisos e olhares encantados t\u00edpicos da \u00e9poca, veio a frustra\u00e7\u00e3o. (Realidade em Concei\u00e7\u00e3o do Coit\u00e9) \u201cEu ainda tive esperan\u00e7a de que\u00a0 fosse\u00a0 aparecer alguma surpresa, mas s\u00f3 veio decep\u00e7\u00e3o\u201d, contou uma moradora. A rea\u00e7\u00e3o negativa tem uma explica\u00e7\u00e3o: Concei\u00e7\u00e3o do Coit\u00e9 j\u00e1 possui um dos eventos natalinos mais expressivos do estado, elevando o nome da cidade e entregando apresenta\u00e7\u00f5es que encantam todos os que participam. Desde a abertura do Natal Luz, com show piromusical, coral e a tradicional Trupe de Natal, a cidade se transforma em um cen\u00e1rio digno de compara\u00e7\u00e3o com Gramado, no Sul do pa\u00eds. Por isso, diante de uma popula\u00e7\u00e3o acostumada a alto padr\u00e3o, quem organizou a caravana deveria supostamente compreender que o povo de Coit\u00e9 sabe reconhecer quando algo \u00e9 bem feito, e que quatro ve\u00edculos simples de fazer entregas di\u00e1rias nos bares sem atrativos especiais, jamais justificariam sair de casa em plena ter\u00e7a-feira, sobretudo quando a pr\u00f3pria cidade oferece, diariamente, apresenta\u00e7\u00f5es art\u00edsticas completas e aclamadas, independentemente do peso de uma marca internacional. &#8212; Manifesta\u00e7\u00e3o da Prefeitura A Prefeitura de Concei\u00e7\u00e3o do Coit\u00e9 informa que a passagem da Caravana de Natal da Coca-Cola nesta ter\u00e7a-feira acabou gerando frustra\u00e7\u00e3o para parte do p\u00fablico, que esperava uma apresenta\u00e7\u00e3o mais estruturada. Por se tratar de uma a\u00e7\u00e3o exclusivamente privada, idealizada e executada pela pr\u00f3pria Coca-Cola, a Prefeitura n\u00e3o participa do planejamento do espet\u00e1culo, atuando apenas com apoio institucional quando solicitado. Seguimos com a programa\u00e7\u00e3o do Natal Luz Coit\u00e9 2025, que vem sendo um grande sucesso, reunindo fam\u00edlias e oferecendo momentos de encantamento e alegria a cada noite. Lamentamos o desconforto vivido por algumas pessoas e reafirmamos nosso compromisso de seguir entregando eventos organizados, acolhedores e \u00e0 altura do carinho que o povo de Coit\u00e9 merece. O portal Ra\u00edzes tamb\u00e9m entrou em contato com a assessoria de imprensa da empresa, mas at\u00e9 o momento n\u00e3o obteve retorno. O espa\u00e7o segue aberto. Reda\u00e7\u00e3o V\u00eddeos e fotos: Redes Sociais<\/p>\n","protected":false},"author":3,"featured_media":9466,"comment_status":"open","ping_status":"open","sticky":false,"template":"","format":"standard","meta":{"_joinchat":[],"footnotes":""},"categories":[55,59],"tags":[1381,1382,1380,75,1383],"class_list":["post-9461","post","type-post","status-publish","format-standard","has-post-thumbnail","hentry","category-destaques","category-ultimas-noticias","tag-caravana","tag-caravana-coite-coca-cola","tag-coca-cola","tag-coite","tag-frustracao"],"yoast_head":"<!-- This site is optimized with the Yoast SEO plugin v24.4 - https:\/\/yoast.com\/wordpress\/plugins\/seo\/ -->\n<title>P\u00fablico sai de casa para prestigiar caravana de empresa privada, mas desfile se resume a quatro caminh\u00f5es com pisca-pisca em Concei\u00e7\u00e3o do Coit\u00e9 - Portal raizes noticias<\/title>\n<meta name=\"robots\" content=\"index, follow, max-snippet:-1, max-image-preview:large, max-video-preview:-1\" \/>\n<link rel=\"canonical\" href=\"https:\/\/portalraizesnoticias.com.br\/?p=9461\" \/>\n<meta property=\"og:locale\" content=\"pt_BR\" \/>\n<meta property=\"og:type\" content=\"article\" \/>\n<meta property=\"og:title\" content=\"P\u00fablico sai de casa para prestigiar caravana de empresa privada, mas desfile se resume a quatro caminh\u00f5es com pisca-pisca em Concei\u00e7\u00e3o do Coit\u00e9 - Portal raizes noticias\" \/>\n<meta property=\"og:description\" content=\"O povo de Concei\u00e7\u00e3o do Coit\u00e9, acostumado a receber um dos melhores eventos natalinos da Bahia (Nata Luz) e a atrair visitantes de diversas cidades, viveu uma grande frustra\u00e7\u00e3o ap\u00f3s a passagem da caravana promovida por uma empresa privada de marca mundialmente conhecida. Com uma ampla divulga\u00e7\u00e3o na imprensa e nas redes sociais, o p\u00fablico criou a expectativa de prestigiar um espet\u00e1culo grandioso, semelhante ao que se costuma ver divulgado oficialmente pela empresa. .(Ve\u00edculo que o povo esperava) No entanto, o cen\u00e1rio encontrado na noite desta ter\u00e7a-feira (25) foi bem diferente do imaginado\u00a0 e a sensa\u00e7\u00e3o predominante entre quem saiu de casa foi igual: decep\u00e7\u00e3o. Entre os coment\u00e1rios que ecoavam na multid\u00e3o, frases como \u201cPra que eu fui sair de casa?\u201d e \u201cAchei que seria t\u00e3o bonito quanto o Natal Luz\u201d eram recorrentes. Muitos esperavam uma apresenta\u00e7\u00e3o \u00e0 altura do tradicional Natal Luz Coit\u00e9, evento j\u00e1 consolidado e reconhecido pela beleza, organiza\u00e7\u00e3o e capacidade de encantar moradores e turistas. Mas n\u00e3o foi isso que ocorreu. Em vez dos tradicionais caminh\u00f5es decorados e do Papai Noel ocupando o interior de um ve\u00edculo tem\u00e1tico, como amplamente divulgado nas propagandas, os coiteenses se depararam com um bom velhinho posicionado sobre a carroceria de um ve\u00edculo comum, seguido por caminh\u00f5es fechados da empresa com uma simples ilumina\u00e7\u00e3o. A rua ficou lotada, mas, no lugar dos sorrisos e olhares encantados t\u00edpicos da \u00e9poca, veio a frustra\u00e7\u00e3o. (Realidade em Concei\u00e7\u00e3o do Coit\u00e9) \u201cEu ainda tive esperan\u00e7a de que\u00a0 fosse\u00a0 aparecer alguma surpresa, mas s\u00f3 veio decep\u00e7\u00e3o\u201d, contou uma moradora. A rea\u00e7\u00e3o negativa tem uma explica\u00e7\u00e3o: Concei\u00e7\u00e3o do Coit\u00e9 j\u00e1 possui um dos eventos natalinos mais expressivos do estado, elevando o nome da cidade e entregando apresenta\u00e7\u00f5es que encantam todos os que participam. Desde a abertura do Natal Luz, com show piromusical, coral e a tradicional Trupe de Natal, a cidade se transforma em um cen\u00e1rio digno de compara\u00e7\u00e3o com Gramado, no Sul do pa\u00eds. Por isso, diante de uma popula\u00e7\u00e3o acostumada a alto padr\u00e3o, quem organizou a caravana deveria supostamente compreender que o povo de Coit\u00e9 sabe reconhecer quando algo \u00e9 bem feito, e que quatro ve\u00edculos simples de fazer entregas di\u00e1rias nos bares sem atrativos especiais, jamais justificariam sair de casa em plena ter\u00e7a-feira, sobretudo quando a pr\u00f3pria cidade oferece, diariamente, apresenta\u00e7\u00f5es art\u00edsticas completas e aclamadas, independentemente do peso de uma marca internacional. &#8212; Manifesta\u00e7\u00e3o da Prefeitura A Prefeitura de Concei\u00e7\u00e3o do Coit\u00e9 informa que a passagem da Caravana de Natal da Coca-Cola nesta ter\u00e7a-feira acabou gerando frustra\u00e7\u00e3o para parte do p\u00fablico, que esperava uma apresenta\u00e7\u00e3o mais estruturada. Por se tratar de uma a\u00e7\u00e3o exclusivamente privada, idealizada e executada pela pr\u00f3pria Coca-Cola, a Prefeitura n\u00e3o participa do planejamento do espet\u00e1culo, atuando apenas com apoio institucional quando solicitado. Seguimos com a programa\u00e7\u00e3o do Natal Luz Coit\u00e9 2025, que vem sendo um grande sucesso, reunindo fam\u00edlias e oferecendo momentos de encantamento e alegria a cada noite. Lamentamos o desconforto vivido por algumas pessoas e reafirmamos nosso compromisso de seguir entregando eventos organizados, acolhedores e \u00e0 altura do carinho que o povo de Coit\u00e9 merece. O portal Ra\u00edzes tamb\u00e9m entrou em contato com a assessoria de imprensa da empresa, mas at\u00e9 o momento n\u00e3o obteve retorno. O espa\u00e7o segue aberto. Reda\u00e7\u00e3o V\u00eddeos e fotos: Redes Sociais\" \/>\n<meta property=\"og:url\" content=\"https:\/\/portalraizesnoticias.com.br\/?p=9461\" \/>\n<meta property=\"og:site_name\" content=\"Portal raizes noticias\" \/>\n<meta property=\"article:published_time\" content=\"2025-11-26T00:44:25+00:00\" \/>\n<meta property=\"article:modified_time\" content=\"2025-11-26T05:06:52+00:00\" \/>\n<meta property=\"og:image\" content=\"https:\/\/portalraizesnoticias.com.br\/wp-content\/uploads\/2025\/11\/IMG-20251125-WA0653.jpg\" \/>\n\t<meta property=\"og:image:width\" content=\"1080\" \/>\n\t<meta property=\"og:image:height\" content=\"1102\" \/>\n\t<meta property=\"og:image:type\" content=\"image\/jpeg\" \/>\n<meta name=\"author\" content=\"Portal Raizes\" \/>\n<meta name=\"twitter:card\" content=\"summary_large_image\" \/>\n<meta name=\"twitter:label1\" content=\"Escrito por\" \/>\n\t<meta name=\"twitter:data1\" content=\"Portal Raizes\" \/>\n\t<meta name=\"twitter:label2\" content=\"Est. tempo de leitura\" \/>\n\t<meta name=\"twitter:data2\" content=\"4 minutos\" \/>\n<script type=\"application\/ld+json\" class=\"yoast-schema-graph\">{\"@context\":\"https:\/\/schema.org\",\"@graph\":[{\"@type\":\"Article\",\"@id\":\"https:\/\/portalraizesnoticias.com.br\/?p=9461#article\",\"isPartOf\":{\"@id\":\"https:\/\/portalraizesnoticias.com.br\/?p=9461\"},\"author\":{\"name\":\"Portal Raizes\",\"@id\":\"https:\/\/portalraizesnoticias.com.br\/#\/schema\/person\/a3ca6b0fc701e78df19756c417d943ae\"},\"headline\":\"P\u00fablico sai de casa para prestigiar caravana de empresa privada, mas desfile se resume a quatro caminh\u00f5es com pisca-pisca em Concei\u00e7\u00e3o do Coit\u00e9\",\"datePublished\":\"2025-11-26T00:44:25+00:00\",\"dateModified\":\"2025-11-26T05:06:52+00:00\",\"mainEntityOfPage\":{\"@id\":\"https:\/\/portalraizesnoticias.com.br\/?p=9461\"},\"wordCount\":634,\"commentCount\":0,\"publisher\":{\"@id\":\"https:\/\/portalraizesnoticias.com.br\/#organization\"},\"image\":{\"@id\":\"https:\/\/portalraizesnoticias.com.br\/?p=9461#primaryimage\"},\"thumbnailUrl\":\"https:\/\/portalraizesnoticias.com.br\/wp-content\/uploads\/2025\/11\/IMG-20251125-WA0653.jpg\",\"keywords\":[\"Caravana\",\"Caravana coit\u00e9 coca cola\",\"Coca cola\",\"Coit\u00e9\",\"Frustra\u00e7\u00e3o\"],\"articleSection\":[\"DESTAQUES\",\"ULTIMAS NOTICIAS\"],\"inLanguage\":\"pt-BR\",\"potentialAction\":[{\"@type\":\"CommentAction\",\"name\":\"Comment\",\"target\":[\"https:\/\/portalraizesnoticias.com.br\/?p=9461#respond\"]}]},{\"@type\":\"WebPage\",\"@id\":\"https:\/\/portalraizesnoticias.com.br\/?p=9461\",\"url\":\"https:\/\/portalraizesnoticias.com.br\/?p=9461\",\"name\":\"P\u00fablico sai de casa para prestigiar caravana de empresa privada, mas desfile se resume a quatro caminh\u00f5es com pisca-pisca em Concei\u00e7\u00e3o do Coit\u00e9 - Portal raizes noticias\",\"isPartOf\":{\"@id\":\"https:\/\/portalraizesnoticias.com.br\/#website\"},\"primaryImageOfPage\":{\"@id\":\"https:\/\/portalraizesnoticias.com.br\/?p=9461#primaryimage\"},\"image\":{\"@id\":\"https:\/\/portalraizesnoticias.com.br\/?p=9461#primaryimage\"},\"thumbnailUrl\":\"https:\/\/portalraizesnoticias.com.br\/wp-content\/uploads\/2025\/11\/IMG-20251125-WA0653.jpg\",\"datePublished\":\"2025-11-26T00:44:25+00:00\",\"dateModified\":\"2025-11-26T05:06:52+00:00\",\"breadcrumb\":{\"@id\":\"https:\/\/portalraizesnoticias.com.br\/?p=9461#breadcrumb\"},\"inLanguage\":\"pt-BR\",\"potentialAction\":[{\"@type\":\"ReadAction\",\"target\":[\"https:\/\/portalraizesnoticias.com.br\/?p=9461\"]}]},{\"@type\":\"ImageObject\",\"inLanguage\":\"pt-BR\",\"@id\":\"https:\/\/portalraizesnoticias.com.br\/?p=9461#primaryimage\",\"url\":\"https:\/\/portalraizesnoticias.com.br\/wp-content\/uploads\/2025\/11\/IMG-20251125-WA0653.jpg\",\"contentUrl\":\"https:\/\/portalraizesnoticias.com.br\/wp-content\/uploads\/2025\/11\/IMG-20251125-WA0653.jpg\",\"width\":1080,\"height\":1102},{\"@type\":\"BreadcrumbList\",\"@id\":\"https:\/\/portalraizesnoticias.com.br\/?p=9461#breadcrumb\",\"itemListElement\":[{\"@type\":\"ListItem\",\"position\":1,\"name\":\"In\u00edcio\",\"item\":\"https:\/\/portalraizesnoticias.com.br\/\"},{\"@type\":\"ListItem\",\"position\":2,\"name\":\"P\u00fablico sai de casa para prestigiar caravana de empresa privada, mas desfile se resume a quatro caminh\u00f5es com pisca-pisca em Concei\u00e7\u00e3o do Coit\u00e9\"}]},{\"@type\":\"WebSite\",\"@id\":\"https:\/\/portalraizesnoticias.com.br\/#website\",\"url\":\"https:\/\/portalraizesnoticias.com.br\/\",\"name\":\"Portal raizes NOTICIAS\",\"description\":\"site de noticias de concei\u00e7\u00e3o do coit\u00e9 e regi\u00e3o\",\"publisher\":{\"@id\":\"https:\/\/portalraizesnoticias.com.br\/#organization\"},\"alternateName\":\"PORTAL RAIZES COIT\u00c9\",\"potentialAction\":[{\"@type\":\"SearchAction\",\"target\":{\"@type\":\"EntryPoint\",\"urlTemplate\":\"https:\/\/portalraizesnoticias.com.br\/?s={search_term_string}\"},\"query-input\":{\"@type\":\"PropertyValueSpecification\",\"valueRequired\":true,\"valueName\":\"search_term_string\"}}],\"inLanguage\":\"pt-BR\"},{\"@type\":\"Organization\",\"@id\":\"https:\/\/portalraizesnoticias.com.br\/#organization\",\"name\":\"Portal raizes NOTICIAS\",\"url\":\"https:\/\/portalraizesnoticias.com.br\/\",\"logo\":{\"@type\":\"ImageObject\",\"inLanguage\":\"pt-BR\",\"@id\":\"https:\/\/portalraizesnoticias.com.br\/#\/schema\/logo\/image\/\",\"url\":\"https:\/\/portalraizesnoticias.com.br\/wp-content\/uploads\/2024\/09\/cropped-Captura-de-tela-2024-09-08-011108.png\",\"contentUrl\":\"https:\/\/portalraizesnoticias.com.br\/wp-content\/uploads\/2024\/09\/cropped-Captura-de-tela-2024-09-08-011108.png\",\"width\":606,\"height\":173,\"caption\":\"Portal raizes NOTICIAS\"},\"image\":{\"@id\":\"https:\/\/portalraizesnoticias.com.br\/#\/schema\/logo\/image\/\"}},{\"@type\":\"Person\",\"@id\":\"https:\/\/portalraizesnoticias.com.br\/#\/schema\/person\/a3ca6b0fc701e78df19756c417d943ae\",\"name\":\"Portal Raizes\",\"image\":{\"@type\":\"ImageObject\",\"inLanguage\":\"pt-BR\",\"@id\":\"https:\/\/portalraizesnoticias.com.br\/#\/schema\/person\/image\/\",\"url\":\"https:\/\/secure.gravatar.com\/avatar\/ef450d29013a3d3fba867a12a249d7b1?s=96&d=mm&r=g\",\"contentUrl\":\"https:\/\/secure.gravatar.com\/avatar\/ef450d29013a3d3fba867a12a249d7b1?s=96&d=mm&r=g\",\"caption\":\"Portal Raizes\"},\"url\":\"https:\/\/portalraizesnoticias.com.br\/?author=3\"}]}<\/script>\n<!-- \/ Yoast SEO plugin. -->","yoast_head_json":{"title":"P\u00fablico sai de casa para prestigiar caravana de empresa privada, mas desfile se resume a quatro caminh\u00f5es com pisca-pisca em Concei\u00e7\u00e3o do Coit\u00e9 - Portal raizes noticias","robots":{"index":"index","follow":"follow","max-snippet":"max-snippet:-1","max-image-preview":"max-image-preview:large","max-video-preview":"max-video-preview:-1"},"canonical":"https:\/\/portalraizesnoticias.com.br\/?p=9461","og_locale":"pt_BR","og_type":"article","og_title":"P\u00fablico sai de casa para prestigiar caravana de empresa privada, mas desfile se resume a quatro caminh\u00f5es com pisca-pisca em Concei\u00e7\u00e3o do Coit\u00e9 - Portal raizes noticias","og_description":"O povo de Concei\u00e7\u00e3o do Coit\u00e9, acostumado a receber um dos melhores eventos natalinos da Bahia (Nata Luz) e a atrair visitantes de diversas cidades, viveu uma grande frustra\u00e7\u00e3o ap\u00f3s a passagem da caravana promovida por uma empresa privada de marca mundialmente conhecida. Com uma ampla divulga\u00e7\u00e3o na imprensa e nas redes sociais, o p\u00fablico criou a expectativa de prestigiar um espet\u00e1culo grandioso, semelhante ao que se costuma ver divulgado oficialmente pela empresa. .(Ve\u00edculo que o povo esperava) No entanto, o cen\u00e1rio encontrado na noite desta ter\u00e7a-feira (25) foi bem diferente do imaginado\u00a0 e a sensa\u00e7\u00e3o predominante entre quem saiu de casa foi igual: decep\u00e7\u00e3o. Entre os coment\u00e1rios que ecoavam na multid\u00e3o, frases como \u201cPra que eu fui sair de casa?\u201d e \u201cAchei que seria t\u00e3o bonito quanto o Natal Luz\u201d eram recorrentes. Muitos esperavam uma apresenta\u00e7\u00e3o \u00e0 altura do tradicional Natal Luz Coit\u00e9, evento j\u00e1 consolidado e reconhecido pela beleza, organiza\u00e7\u00e3o e capacidade de encantar moradores e turistas. Mas n\u00e3o foi isso que ocorreu. Em vez dos tradicionais caminh\u00f5es decorados e do Papai Noel ocupando o interior de um ve\u00edculo tem\u00e1tico, como amplamente divulgado nas propagandas, os coiteenses se depararam com um bom velhinho posicionado sobre a carroceria de um ve\u00edculo comum, seguido por caminh\u00f5es fechados da empresa com uma simples ilumina\u00e7\u00e3o. A rua ficou lotada, mas, no lugar dos sorrisos e olhares encantados t\u00edpicos da \u00e9poca, veio a frustra\u00e7\u00e3o. (Realidade em Concei\u00e7\u00e3o do Coit\u00e9) \u201cEu ainda tive esperan\u00e7a de que\u00a0 fosse\u00a0 aparecer alguma surpresa, mas s\u00f3 veio decep\u00e7\u00e3o\u201d, contou uma moradora. A rea\u00e7\u00e3o negativa tem uma explica\u00e7\u00e3o: Concei\u00e7\u00e3o do Coit\u00e9 j\u00e1 possui um dos eventos natalinos mais expressivos do estado, elevando o nome da cidade e entregando apresenta\u00e7\u00f5es que encantam todos os que participam. Desde a abertura do Natal Luz, com show piromusical, coral e a tradicional Trupe de Natal, a cidade se transforma em um cen\u00e1rio digno de compara\u00e7\u00e3o com Gramado, no Sul do pa\u00eds. Por isso, diante de uma popula\u00e7\u00e3o acostumada a alto padr\u00e3o, quem organizou a caravana deveria supostamente compreender que o povo de Coit\u00e9 sabe reconhecer quando algo \u00e9 bem feito, e que quatro ve\u00edculos simples de fazer entregas di\u00e1rias nos bares sem atrativos especiais, jamais justificariam sair de casa em plena ter\u00e7a-feira, sobretudo quando a pr\u00f3pria cidade oferece, diariamente, apresenta\u00e7\u00f5es art\u00edsticas completas e aclamadas, independentemente do peso de uma marca internacional. &#8212; Manifesta\u00e7\u00e3o da Prefeitura A Prefeitura de Concei\u00e7\u00e3o do Coit\u00e9 informa que a passagem da Caravana de Natal da Coca-Cola nesta ter\u00e7a-feira acabou gerando frustra\u00e7\u00e3o para parte do p\u00fablico, que esperava uma apresenta\u00e7\u00e3o mais estruturada. Por se tratar de uma a\u00e7\u00e3o exclusivamente privada, idealizada e executada pela pr\u00f3pria Coca-Cola, a Prefeitura n\u00e3o participa do planejamento do espet\u00e1culo, atuando apenas com apoio institucional quando solicitado. Seguimos com a programa\u00e7\u00e3o do Natal Luz Coit\u00e9 2025, que vem sendo um grande sucesso, reunindo fam\u00edlias e oferecendo momentos de encantamento e alegria a cada noite. Lamentamos o desconforto vivido por algumas pessoas e reafirmamos nosso compromisso de seguir entregando eventos organizados, acolhedores e \u00e0 altura do carinho que o povo de Coit\u00e9 merece. O portal Ra\u00edzes tamb\u00e9m entrou em contato com a assessoria de imprensa da empresa, mas at\u00e9 o momento n\u00e3o obteve retorno. O espa\u00e7o segue aberto. Reda\u00e7\u00e3o V\u00eddeos e fotos: Redes Sociais","og_url":"https:\/\/portalraizesnoticias.com.br\/?p=9461","og_site_name":"Portal raizes noticias","article_published_time":"2025-11-26T00:44:25+00:00","article_modified_time":"2025-11-26T05:06:52+00:00","og_image":[{"width":1080,"height":1102,"url":"https:\/\/portalraizesnoticias.com.br\/wp-content\/uploads\/2025\/11\/IMG-20251125-WA0653.jpg","type":"image\/jpeg"}],"author":"Portal Raizes","twitter_card":"summary_large_image","twitter_misc":{"Escrito por":"Portal Raizes","Est. tempo de leitura":"4 minutos"},"schema":{"@context":"https:\/\/schema.org","@graph":[{"@type":"Article","@id":"https:\/\/portalraizesnoticias.com.br\/?p=9461#article","isPartOf":{"@id":"https:\/\/portalraizesnoticias.com.br\/?p=9461"},"author":{"name":"Portal Raizes","@id":"https:\/\/portalraizesnoticias.com.br\/#\/schema\/person\/a3ca6b0fc701e78df19756c417d943ae"},"headline":"P\u00fablico sai de casa para prestigiar caravana de empresa privada, mas desfile se resume a quatro caminh\u00f5es com pisca-pisca em Concei\u00e7\u00e3o do Coit\u00e9","datePublished":"2025-11-26T00:44:25+00:00","dateModified":"2025-11-26T05:06:52+00:00","mainEntityOfPage":{"@id":"https:\/\/portalraizesnoticias.com.br\/?p=9461"},"wordCount":634,"commentCount":0,"publisher":{"@id":"https:\/\/portalraizesnoticias.com.br\/#organization"},"image":{"@id":"https:\/\/portalraizesnoticias.com.br\/?p=9461#primaryimage"},"thumbnailUrl":"https:\/\/portalraizesnoticias.com.br\/wp-content\/uploads\/2025\/11\/IMG-20251125-WA0653.jpg","keywords":["Caravana","Caravana coit\u00e9 coca cola","Coca cola","Coit\u00e9","Frustra\u00e7\u00e3o"],"articleSection":["DESTAQUES","ULTIMAS NOTICIAS"],"inLanguage":"pt-BR","potentialAction":[{"@type":"CommentAction","name":"Comment","target":["https:\/\/portalraizesnoticias.com.br\/?p=9461#respond"]}]},{"@type":"WebPage","@id":"https:\/\/portalraizesnoticias.com.br\/?p=9461","url":"https:\/\/portalraizesnoticias.com.br\/?p=9461","name":"P\u00fablico sai de casa para prestigiar caravana de empresa privada, mas desfile se resume a quatro caminh\u00f5es com pisca-pisca em Concei\u00e7\u00e3o do Coit\u00e9 - Portal raizes noticias","isPartOf":{"@id":"https:\/\/portalraizesnoticias.com.br\/#website"},"primaryImageOfPage":{"@id":"https:\/\/portalraizesnoticias.com.br\/?p=9461#primaryimage"},"image":{"@id":"https:\/\/portalraizesnoticias.com.br\/?p=9461#primaryimage"},"thumbnailUrl":"https:\/\/portalraizesnoticias.com.br\/wp-content\/uploads\/2025\/11\/IMG-20251125-WA0653.jpg","datePublished":"2025-11-26T00:44:25+00:00","dateModified":"2025-11-26T05:06:52+00:00","breadcrumb":{"@id":"https:\/\/portalraizesnoticias.com.br\/?p=9461#breadcrumb"},"inLanguage":"pt-BR","potentialAction":[{"@type":"ReadAction","target":["https:\/\/portalraizesnoticias.com.br\/?p=9461"]}]},{"@type":"ImageObject","inLanguage":"pt-BR","@id":"https:\/\/portalraizesnoticias.com.br\/?p=9461#primaryimage","url":"https:\/\/portalraizesnoticias.com.br\/wp-content\/uploads\/2025\/11\/IMG-20251125-WA0653.jpg","contentUrl":"https:\/\/portalraizesnoticias.com.br\/wp-content\/uploads\/2025\/11\/IMG-20251125-WA0653.jpg","width":1080,"height":1102},{"@type":"BreadcrumbList","@id":"https:\/\/portalraizesnoticias.com.br\/?p=9461#breadcrumb","itemListElement":[{"@type":"ListItem","position":1,"name":"In\u00edcio","item":"https:\/\/portalraizesnoticias.com.br\/"},{"@type":"ListItem","position":2,"name":"P\u00fablico sai de casa para prestigiar caravana de empresa privada, mas desfile se resume a quatro caminh\u00f5es com pisca-pisca em Concei\u00e7\u00e3o do Coit\u00e9"}]},{"@type":"WebSite","@id":"https:\/\/portalraizesnoticias.com.br\/#website","url":"https:\/\/portalraizesnoticias.com.br\/","name":"Portal raizes NOTICIAS","description":"site de noticias de concei\u00e7\u00e3o do coit\u00e9 e regi\u00e3o","publisher":{"@id":"https:\/\/portalraizesnoticias.com.br\/#organization"},"alternateName":"PORTAL RAIZES COIT\u00c9","potentialAction":[{"@type":"SearchAction","target":{"@type":"EntryPoint","urlTemplate":"https:\/\/portalraizesnoticias.com.br\/?s={search_term_string}"},"query-input":{"@type":"PropertyValueSpecification","valueRequired":true,"valueName":"search_term_string"}}],"inLanguage":"pt-BR"},{"@type":"Organization","@id":"https:\/\/portalraizesnoticias.com.br\/#organization","name":"Portal raizes NOTICIAS","url":"https:\/\/portalraizesnoticias.com.br\/","logo":{"@type":"ImageObject","inLanguage":"pt-BR","@id":"https:\/\/portalraizesnoticias.com.br\/#\/schema\/logo\/image\/","url":"https:\/\/portalraizesnoticias.com.br\/wp-content\/uploads\/2024\/09\/cropped-Captura-de-tela-2024-09-08-011108.png","contentUrl":"https:\/\/portalraizesnoticias.com.br\/wp-content\/uploads\/2024\/09\/cropped-Captura-de-tela-2024-09-08-011108.png","width":606,"height":173,"caption":"Portal raizes NOTICIAS"},"image":{"@id":"https:\/\/portalraizesnoticias.com.br\/#\/schema\/logo\/image\/"}},{"@type":"Person","@id":"https:\/\/portalraizesnoticias.com.br\/#\/schema\/person\/a3ca6b0fc701e78df19756c417d943ae","name":"Portal Raizes","image":{"@type":"ImageObject","inLanguage":"pt-BR","@id":"https:\/\/portalraizesnoticias.com.br\/#\/schema\/person\/image\/","url":"https:\/\/secure.gravatar.com\/avatar\/ef450d29013a3d3fba867a12a249d7b1?s=96&d=mm&r=g","contentUrl":"https:\/\/secure.gravatar.com\/avatar\/ef450d29013a3d3fba867a12a249d7b1?s=96&d=mm&r=g","caption":"Portal Raizes"},"url":"https:\/\/portalraizesnoticias.com.br\/?author=3"}]}},"_links":{"self":[{"href":"https:\/\/portalraizesnoticias.com.br\/index.php?rest_route=\/wp\/v2\/posts\/9461"}],"collection":[{"href":"https:\/\/portalraizesnoticias.com.br\/index.php?rest_route=\/wp\/v2\/posts"}],"about":[{"href":"https:\/\/portalraizesnoticias.com.br\/index.php?rest_route=\/wp\/v2\/types\/post"}],"author":[{"embeddable":true,"href":"https:\/\/portalraizesnoticias.com.br\/index.php?rest_route=\/wp\/v2\/users\/3"}],"replies":[{"embeddable":true,"href":"https:\/\/portalraizesnoticias.com.br\/index.php?rest_route=%2Fwp%2Fv2%2Fcomments&post=9461"}],"version-history":[{"count":11,"href":"https:\/\/portalraizesnoticias.com.br\/index.php?rest_route=\/wp\/v2\/posts\/9461\/revisions"}],"predecessor-version":[{"id":9477,"href":"https:\/\/portalraizesnoticias.com.br\/index.php?rest_route=\/wp\/v2\/posts\/9461\/revisions\/9477"}],"wp:featuredmedia":[{"embeddable":true,"href":"https:\/\/portalraizesnoticias.com.br\/index.php?rest_route=\/wp\/v2\/media\/9466"}],"wp:attachment":[{"href":"https:\/\/portalraizesnoticias.com.br\/index.php?rest_route=%2Fwp%2Fv2%2Fmedia&parent=9461"}],"wp:term":[{"taxonomy":"category","embeddable":true,"href":"https:\/\/portalraizesnoticias.com.br\/index.php?rest_route=%2Fwp%2Fv2%2Fcategories&post=9461"},{"taxonomy":"post_tag","embeddable":true,"href":"https:\/\/portalraizesnoticias.com.br\/index.php?rest_route=%2Fwp%2Fv2%2Ftags&post=9461"}],"curies":[{"name":"wp","href":"https:\/\/api.w.org\/{rel}","templated":true}]}}