{"id":9452,"date":"2025-11-25T10:45:12","date_gmt":"2025-11-25T13:45:12","guid":{"rendered":"https:\/\/portalraizesnoticias.com.br\/?p=9452"},"modified":"2025-11-25T10:45:13","modified_gmt":"2025-11-25T13:45:13","slug":"superintendente-da-liga-que-mantem-o-hospital-martagao-gesteira-recebera-a-comenda-2-de-julho-da-alba","status":"publish","type":"post","link":"https:\/\/portalraizesnoticias.com.br\/?p=9452","title":{"rendered":"Superintendente da Liga que mant\u00e9m o Hospital Martag\u00e3o Gesteira receber\u00e1 a Comenda 2 de Julho da ALBA"},"content":{"rendered":"\n<p>O superintendente da Liga \u00c1lvaro Bahia (mantenedora do Martag\u00e3o Gesteira), Carlos Emanuel Melo, receber\u00e1, no dia 27 de novembro, a Comenda 2 de Julho da Assembleia Legislativa da Bahia (ALBA). Proposta pelo deputado Penalva, a homenagem \u00e9 um reconhecimento ao seu trabalho na \u00e1rea m\u00e9dica e a sua atua\u00e7\u00e3o \u00e0 frente do Hospital. A comenda \u00e9 a mais alta honraria concedida pela ALBA.<\/p>\n\n\n\n<p>\u201cCarlos Emanuel Melo tornou-se uma refer\u00eancia em gest\u00e3o hospitalar ao assumir um papel crucial durante a crise enfrentada pelo Hospital Martag\u00e3o Gesteira em 2008\u201d, contou Penalva, na justificativa do projeto. \u201c\u00c0 \u00e9poca, a Liga \u00c1lvaro Bahia Contra a Mortalidade Infantil, entidade mantenedora do hospital, estava \u00e0 beira do fechamento. Gra\u00e7as \u00e0s medidas inovadoras e \u00e0 lideran\u00e7a filantr\u00f3pica de Melo, foi poss\u00edvel reverter a situa\u00e7\u00e3o cr\u00edtica e garantir a continuidade dos servi\u00e7os prestados \u00e0 popula\u00e7\u00e3o\u201d, acrescentou ele.<\/p>\n\n\n\n<p>Segundo o deputado, as estrat\u00e9gias adotadas n\u00e3o apenas ajudaram as finan\u00e7as do hospital, mas tamb\u00e9m mobilizaram a sociedade baiana em apoio \u00e0 institui\u00e7\u00e3o. \u201cSob sua dire\u00e7\u00e3o, a Liga \u00c1lvaro Bahia Contra a Mortalidade Infantil fortaleceu seu papel vital na sa\u00fade infantil da Bahia, administrando importantes institui\u00e7\u00f5es como o Hospital Estadual da Crian\u00e7a, em Feira de Santana, e o pr\u00f3prio Hospital Martag\u00e3o Gesteira, em Salvador\u201d, pontuou.<\/p>\n\n\n\n<p>Presidente da Alba, a deputada Ivana Bastos refor\u00e7ou a import\u00e2ncia da homenagem, destacando o trabalho desenvolvido pelo m\u00e9dico. \u201cCarlos Emanuel \u00e9 daqueles profissionais que fazem a diferen\u00e7a sem alarde. Ele carrega a dor das fam\u00edlias, a luta das crian\u00e7as e a esperan\u00e7a que move o trabalho de tanta gente dedicada. Esta homenagem reconhece sua sensibilidade, sua entrega e o cuidado com que conduz uma miss\u00e3o t\u00e3o especial. \u00c9 uma alegria para a Assembleia celebrar algu\u00e9m que faz t\u00e3o bem \u00e0 Bahia\u201d, frisou.<\/p>\n\n\n\n<p>Para o superintendente da Liga, a Comenda reflete o trabalho de toda a institui\u00e7\u00e3o. \u201cReceber a Comenda 2 de Julho \u00e9 uma grande honra. Ao mesmo tempo, \u00e9 um paradoxo: ela \u00e9 normalmente concedida pelo trabalho de uma pessoa, mas, no meu caso, o m\u00e9rito n\u00e3o \u00e9 exclusivo meu. O que \u00e9 reconhecido neste ato \u00e9 a for\u00e7a de uma institui\u00e7\u00e3o inteira. A homenagem s\u00f3 se justifica porque ela simboliza o trabalho de muitos homens e mulheres que dedicam suas vidas a cuidar das crian\u00e7as da Bahia\u201d, afirmou.<\/p>\n\n\n\n<p>Nascido em Salvador, Carlos Emanuel Melo \u00e9 cirurgi\u00e3o pedi\u00e1trico e gestor de unidades hospitalares. Formado pela Escola Bahiana de Medicina, fez resid\u00eancia em cirurgia pedi\u00e1trica e em cirurgi\u00e3 geral no SUS\/ S\u00e3o Paulo. Na Liga, institui\u00e7\u00e3o filantr\u00f3pica centen\u00e1ria atuante na \u00e1rea da sa\u00fade, ocupou os cargos de diretor m\u00e9dico, superintendente e diretor presidente.<\/p>\n\n\n\n<p>Atualmente, \u00e9 superintendente da Liga, entidade mantenedora do Martag\u00e3o e que est\u00e1 \u00e0 frente tamb\u00e9m do Hospital Estadual da Crian\u00e7a, em Feira de Santana, e do Hospital da Crian\u00e7a de Maring\u00e1, no Paran\u00e1. O m\u00e9dico \u00e9 tamb\u00e9m autor do livro \u201cO Hospital da Minha Vida\u201d, lan\u00e7ado recentemente. Nele, Melo conta, por meio de fatos e mem\u00f3rias, a hist\u00f3ria do Martag\u00e3o, a import\u00e2ncia do hospital para o Sistema \u00danico de Sa\u00fade (SUS) e como a institui\u00e7\u00e3o se tornou um patrim\u00f4nio dos baianos.<\/p>\n","protected":false},"excerpt":{"rendered":"<p>O superintendente da Liga \u00c1lvaro Bahia (mantenedora do Martag\u00e3o Gesteira), Carlos Emanuel Melo, receber\u00e1, no dia 27 de novembro, a Comenda 2 de Julho da Assembleia Legislativa da Bahia (ALBA). Proposta pelo deputado Penalva, a homenagem \u00e9 um reconhecimento ao seu trabalho na \u00e1rea m\u00e9dica e a sua atua\u00e7\u00e3o \u00e0 frente do Hospital. A comenda \u00e9 a mais alta honraria concedida pela ALBA. \u201cCarlos Emanuel Melo tornou-se uma refer\u00eancia em gest\u00e3o hospitalar ao assumir um papel crucial durante a crise enfrentada pelo Hospital Martag\u00e3o Gesteira em 2008\u201d, contou Penalva, na justificativa do projeto. \u201c\u00c0 \u00e9poca, a Liga \u00c1lvaro Bahia Contra a Mortalidade Infantil, entidade mantenedora do hospital, estava \u00e0 beira do fechamento. Gra\u00e7as \u00e0s medidas inovadoras e \u00e0 lideran\u00e7a filantr\u00f3pica de Melo, foi poss\u00edvel reverter a situa\u00e7\u00e3o cr\u00edtica e garantir a continuidade dos servi\u00e7os prestados \u00e0 popula\u00e7\u00e3o\u201d, acrescentou ele. Segundo o deputado, as estrat\u00e9gias adotadas n\u00e3o apenas ajudaram as finan\u00e7as do hospital, mas tamb\u00e9m mobilizaram a sociedade baiana em apoio \u00e0 institui\u00e7\u00e3o. \u201cSob sua dire\u00e7\u00e3o, a Liga \u00c1lvaro Bahia Contra a Mortalidade Infantil fortaleceu seu papel vital na sa\u00fade infantil da Bahia, administrando importantes institui\u00e7\u00f5es como o Hospital Estadual da Crian\u00e7a, em Feira de Santana, e o pr\u00f3prio Hospital Martag\u00e3o Gesteira, em Salvador\u201d, pontuou. Presidente da Alba, a deputada Ivana Bastos refor\u00e7ou a import\u00e2ncia da homenagem, destacando o trabalho desenvolvido pelo m\u00e9dico. \u201cCarlos Emanuel \u00e9 daqueles profissionais que fazem a diferen\u00e7a sem alarde. Ele carrega a dor das fam\u00edlias, a luta das crian\u00e7as e a esperan\u00e7a que move o trabalho de tanta gente dedicada. Esta homenagem reconhece sua sensibilidade, sua entrega e o cuidado com que conduz uma miss\u00e3o t\u00e3o especial. \u00c9 uma alegria para a Assembleia celebrar algu\u00e9m que faz t\u00e3o bem \u00e0 Bahia\u201d, frisou. Para o superintendente da Liga, a Comenda reflete o trabalho de toda a institui\u00e7\u00e3o. \u201cReceber a Comenda 2 de Julho \u00e9 uma grande honra. Ao mesmo tempo, \u00e9 um paradoxo: ela \u00e9 normalmente concedida pelo trabalho de uma pessoa, mas, no meu caso, o m\u00e9rito n\u00e3o \u00e9 exclusivo meu. O que \u00e9 reconhecido neste ato \u00e9 a for\u00e7a de uma institui\u00e7\u00e3o inteira. A homenagem s\u00f3 se justifica porque ela simboliza o trabalho de muitos homens e mulheres que dedicam suas vidas a cuidar das crian\u00e7as da Bahia\u201d, afirmou. Nascido em Salvador, Carlos Emanuel Melo \u00e9 cirurgi\u00e3o pedi\u00e1trico e gestor de unidades hospitalares. Formado pela Escola Bahiana de Medicina, fez resid\u00eancia em cirurgia pedi\u00e1trica e em cirurgi\u00e3 geral no SUS\/ S\u00e3o Paulo. Na Liga, institui\u00e7\u00e3o filantr\u00f3pica centen\u00e1ria atuante na \u00e1rea da sa\u00fade, ocupou os cargos de diretor m\u00e9dico, superintendente e diretor presidente. Atualmente, \u00e9 superintendente da Liga, entidade mantenedora do Martag\u00e3o e que est\u00e1 \u00e0 frente tamb\u00e9m do Hospital Estadual da Crian\u00e7a, em Feira de Santana, e do Hospital da Crian\u00e7a de Maring\u00e1, no Paran\u00e1. O m\u00e9dico \u00e9 tamb\u00e9m autor do livro \u201cO Hospital da Minha Vida\u201d, lan\u00e7ado recentemente. Nele, Melo conta, por meio de fatos e mem\u00f3rias, a hist\u00f3ria do Martag\u00e3o, a import\u00e2ncia do hospital para o Sistema \u00danico de Sa\u00fade (SUS) e como a institui\u00e7\u00e3o se tornou um patrim\u00f4nio dos baianos.<\/p>\n","protected":false},"author":3,"featured_media":9453,"comment_status":"open","ping_status":"open","sticky":false,"template":"","format":"standard","meta":{"_joinchat":[],"footnotes":""},"categories":[53,86,59],"tags":[],"class_list":["post-9452","post","type-post","status-publish","format-standard","has-post-thumbnail","hentry","category-politica","category-saude","category-ultimas-noticias"],"yoast_head":"<!-- This site is optimized with the Yoast SEO plugin v24.4 - https:\/\/yoast.com\/wordpress\/plugins\/seo\/ -->\n<title>Superintendente da Liga que mant\u00e9m o Hospital Martag\u00e3o Gesteira receber\u00e1 a Comenda 2 de Julho da ALBA - Portal raizes noticias<\/title>\n<meta name=\"robots\" content=\"index, follow, max-snippet:-1, max-image-preview:large, max-video-preview:-1\" \/>\n<link rel=\"canonical\" href=\"https:\/\/portalraizesnoticias.com.br\/?p=9452\" \/>\n<meta property=\"og:locale\" content=\"pt_BR\" \/>\n<meta property=\"og:type\" content=\"article\" \/>\n<meta property=\"og:title\" content=\"Superintendente da Liga que mant\u00e9m o Hospital Martag\u00e3o Gesteira receber\u00e1 a Comenda 2 de Julho da ALBA - Portal raizes noticias\" \/>\n<meta property=\"og:description\" content=\"O superintendente da Liga \u00c1lvaro Bahia (mantenedora do Martag\u00e3o Gesteira), Carlos Emanuel Melo, receber\u00e1, no dia 27 de novembro, a Comenda 2 de Julho da Assembleia Legislativa da Bahia (ALBA). Proposta pelo deputado Penalva, a homenagem \u00e9 um reconhecimento ao seu trabalho na \u00e1rea m\u00e9dica e a sua atua\u00e7\u00e3o \u00e0 frente do Hospital. A comenda \u00e9 a mais alta honraria concedida pela ALBA. \u201cCarlos Emanuel Melo tornou-se uma refer\u00eancia em gest\u00e3o hospitalar ao assumir um papel crucial durante a crise enfrentada pelo Hospital Martag\u00e3o Gesteira em 2008\u201d, contou Penalva, na justificativa do projeto. \u201c\u00c0 \u00e9poca, a Liga \u00c1lvaro Bahia Contra a Mortalidade Infantil, entidade mantenedora do hospital, estava \u00e0 beira do fechamento. Gra\u00e7as \u00e0s medidas inovadoras e \u00e0 lideran\u00e7a filantr\u00f3pica de Melo, foi poss\u00edvel reverter a situa\u00e7\u00e3o cr\u00edtica e garantir a continuidade dos servi\u00e7os prestados \u00e0 popula\u00e7\u00e3o\u201d, acrescentou ele. Segundo o deputado, as estrat\u00e9gias adotadas n\u00e3o apenas ajudaram as finan\u00e7as do hospital, mas tamb\u00e9m mobilizaram a sociedade baiana em apoio \u00e0 institui\u00e7\u00e3o. \u201cSob sua dire\u00e7\u00e3o, a Liga \u00c1lvaro Bahia Contra a Mortalidade Infantil fortaleceu seu papel vital na sa\u00fade infantil da Bahia, administrando importantes institui\u00e7\u00f5es como o Hospital Estadual da Crian\u00e7a, em Feira de Santana, e o pr\u00f3prio Hospital Martag\u00e3o Gesteira, em Salvador\u201d, pontuou. Presidente da Alba, a deputada Ivana Bastos refor\u00e7ou a import\u00e2ncia da homenagem, destacando o trabalho desenvolvido pelo m\u00e9dico. \u201cCarlos Emanuel \u00e9 daqueles profissionais que fazem a diferen\u00e7a sem alarde. Ele carrega a dor das fam\u00edlias, a luta das crian\u00e7as e a esperan\u00e7a que move o trabalho de tanta gente dedicada. Esta homenagem reconhece sua sensibilidade, sua entrega e o cuidado com que conduz uma miss\u00e3o t\u00e3o especial. \u00c9 uma alegria para a Assembleia celebrar algu\u00e9m que faz t\u00e3o bem \u00e0 Bahia\u201d, frisou. Para o superintendente da Liga, a Comenda reflete o trabalho de toda a institui\u00e7\u00e3o. \u201cReceber a Comenda 2 de Julho \u00e9 uma grande honra. Ao mesmo tempo, \u00e9 um paradoxo: ela \u00e9 normalmente concedida pelo trabalho de uma pessoa, mas, no meu caso, o m\u00e9rito n\u00e3o \u00e9 exclusivo meu. O que \u00e9 reconhecido neste ato \u00e9 a for\u00e7a de uma institui\u00e7\u00e3o inteira. A homenagem s\u00f3 se justifica porque ela simboliza o trabalho de muitos homens e mulheres que dedicam suas vidas a cuidar das crian\u00e7as da Bahia\u201d, afirmou. Nascido em Salvador, Carlos Emanuel Melo \u00e9 cirurgi\u00e3o pedi\u00e1trico e gestor de unidades hospitalares. Formado pela Escola Bahiana de Medicina, fez resid\u00eancia em cirurgia pedi\u00e1trica e em cirurgi\u00e3 geral no SUS\/ S\u00e3o Paulo. Na Liga, institui\u00e7\u00e3o filantr\u00f3pica centen\u00e1ria atuante na \u00e1rea da sa\u00fade, ocupou os cargos de diretor m\u00e9dico, superintendente e diretor presidente. Atualmente, \u00e9 superintendente da Liga, entidade mantenedora do Martag\u00e3o e que est\u00e1 \u00e0 frente tamb\u00e9m do Hospital Estadual da Crian\u00e7a, em Feira de Santana, e do Hospital da Crian\u00e7a de Maring\u00e1, no Paran\u00e1. O m\u00e9dico \u00e9 tamb\u00e9m autor do livro \u201cO Hospital da Minha Vida\u201d, lan\u00e7ado recentemente. Nele, Melo conta, por meio de fatos e mem\u00f3rias, a hist\u00f3ria do Martag\u00e3o, a import\u00e2ncia do hospital para o Sistema \u00danico de Sa\u00fade (SUS) e como a institui\u00e7\u00e3o se tornou um patrim\u00f4nio dos baianos.\" \/>\n<meta property=\"og:url\" content=\"https:\/\/portalraizesnoticias.com.br\/?p=9452\" \/>\n<meta property=\"og:site_name\" content=\"Portal raizes noticias\" \/>\n<meta property=\"article:published_time\" content=\"2025-11-25T13:45:12+00:00\" \/>\n<meta property=\"article:modified_time\" content=\"2025-11-25T13:45:13+00:00\" \/>\n<meta property=\"og:image\" content=\"https:\/\/portalraizesnoticias.com.br\/wp-content\/uploads\/2025\/11\/WhatsApp-Image-2025-11-25-at-10.42.24.jpeg\" \/>\n\t<meta property=\"og:image:width\" content=\"854\" \/>\n\t<meta property=\"og:image:height\" content=\"1280\" \/>\n\t<meta property=\"og:image:type\" content=\"image\/jpeg\" \/>\n<meta name=\"author\" content=\"Portal Raizes\" \/>\n<meta name=\"twitter:card\" content=\"summary_large_image\" \/>\n<meta name=\"twitter:label1\" content=\"Escrito por\" \/>\n\t<meta name=\"twitter:data1\" content=\"Portal Raizes\" \/>\n\t<meta name=\"twitter:label2\" content=\"Est. tempo de leitura\" \/>\n\t<meta name=\"twitter:data2\" content=\"4 minutos\" \/>\n<script type=\"application\/ld+json\" class=\"yoast-schema-graph\">{\"@context\":\"https:\/\/schema.org\",\"@graph\":[{\"@type\":\"Article\",\"@id\":\"https:\/\/portalraizesnoticias.com.br\/?p=9452#article\",\"isPartOf\":{\"@id\":\"https:\/\/portalraizesnoticias.com.br\/?p=9452\"},\"author\":{\"name\":\"Portal Raizes\",\"@id\":\"https:\/\/portalraizesnoticias.com.br\/#\/schema\/person\/a3ca6b0fc701e78df19756c417d943ae\"},\"headline\":\"Superintendente da Liga que mant\u00e9m o Hospital Martag\u00e3o Gesteira receber\u00e1 a Comenda 2 de Julho da ALBA\",\"datePublished\":\"2025-11-25T13:45:12+00:00\",\"dateModified\":\"2025-11-25T13:45:13+00:00\",\"mainEntityOfPage\":{\"@id\":\"https:\/\/portalraizesnoticias.com.br\/?p=9452\"},\"wordCount\":567,\"commentCount\":0,\"publisher\":{\"@id\":\"https:\/\/portalraizesnoticias.com.br\/#organization\"},\"image\":{\"@id\":\"https:\/\/portalraizesnoticias.com.br\/?p=9452#primaryimage\"},\"thumbnailUrl\":\"https:\/\/portalraizesnoticias.com.br\/wp-content\/uploads\/2025\/11\/WhatsApp-Image-2025-11-25-at-10.42.24.jpeg\",\"articleSection\":[\"POLITICA\",\"SA\u00daDE\",\"ULTIMAS NOTICIAS\"],\"inLanguage\":\"pt-BR\",\"potentialAction\":[{\"@type\":\"CommentAction\",\"name\":\"Comment\",\"target\":[\"https:\/\/portalraizesnoticias.com.br\/?p=9452#respond\"]}]},{\"@type\":\"WebPage\",\"@id\":\"https:\/\/portalraizesnoticias.com.br\/?p=9452\",\"url\":\"https:\/\/portalraizesnoticias.com.br\/?p=9452\",\"name\":\"Superintendente da Liga que mant\u00e9m o Hospital Martag\u00e3o Gesteira receber\u00e1 a Comenda 2 de Julho da ALBA - Portal raizes noticias\",\"isPartOf\":{\"@id\":\"https:\/\/portalraizesnoticias.com.br\/#website\"},\"primaryImageOfPage\":{\"@id\":\"https:\/\/portalraizesnoticias.com.br\/?p=9452#primaryimage\"},\"image\":{\"@id\":\"https:\/\/portalraizesnoticias.com.br\/?p=9452#primaryimage\"},\"thumbnailUrl\":\"https:\/\/portalraizesnoticias.com.br\/wp-content\/uploads\/2025\/11\/WhatsApp-Image-2025-11-25-at-10.42.24.jpeg\",\"datePublished\":\"2025-11-25T13:45:12+00:00\",\"dateModified\":\"2025-11-25T13:45:13+00:00\",\"breadcrumb\":{\"@id\":\"https:\/\/portalraizesnoticias.com.br\/?p=9452#breadcrumb\"},\"inLanguage\":\"pt-BR\",\"potentialAction\":[{\"@type\":\"ReadAction\",\"target\":[\"https:\/\/portalraizesnoticias.com.br\/?p=9452\"]}]},{\"@type\":\"ImageObject\",\"inLanguage\":\"pt-BR\",\"@id\":\"https:\/\/portalraizesnoticias.com.br\/?p=9452#primaryimage\",\"url\":\"https:\/\/portalraizesnoticias.com.br\/wp-content\/uploads\/2025\/11\/WhatsApp-Image-2025-11-25-at-10.42.24.jpeg\",\"contentUrl\":\"https:\/\/portalraizesnoticias.com.br\/wp-content\/uploads\/2025\/11\/WhatsApp-Image-2025-11-25-at-10.42.24.jpeg\",\"width\":854,\"height\":1280},{\"@type\":\"BreadcrumbList\",\"@id\":\"https:\/\/portalraizesnoticias.com.br\/?p=9452#breadcrumb\",\"itemListElement\":[{\"@type\":\"ListItem\",\"position\":1,\"name\":\"In\u00edcio\",\"item\":\"https:\/\/portalraizesnoticias.com.br\/\"},{\"@type\":\"ListItem\",\"position\":2,\"name\":\"Superintendente da Liga que mant\u00e9m o Hospital Martag\u00e3o Gesteira receber\u00e1 a Comenda 2 de Julho da ALBA\"}]},{\"@type\":\"WebSite\",\"@id\":\"https:\/\/portalraizesnoticias.com.br\/#website\",\"url\":\"https:\/\/portalraizesnoticias.com.br\/\",\"name\":\"Portal raizes NOTICIAS\",\"description\":\"site de noticias de concei\u00e7\u00e3o do coit\u00e9 e regi\u00e3o\",\"publisher\":{\"@id\":\"https:\/\/portalraizesnoticias.com.br\/#organization\"},\"alternateName\":\"PORTAL RAIZES COIT\u00c9\",\"potentialAction\":[{\"@type\":\"SearchAction\",\"target\":{\"@type\":\"EntryPoint\",\"urlTemplate\":\"https:\/\/portalraizesnoticias.com.br\/?s={search_term_string}\"},\"query-input\":{\"@type\":\"PropertyValueSpecification\",\"valueRequired\":true,\"valueName\":\"search_term_string\"}}],\"inLanguage\":\"pt-BR\"},{\"@type\":\"Organization\",\"@id\":\"https:\/\/portalraizesnoticias.com.br\/#organization\",\"name\":\"Portal raizes NOTICIAS\",\"url\":\"https:\/\/portalraizesnoticias.com.br\/\",\"logo\":{\"@type\":\"ImageObject\",\"inLanguage\":\"pt-BR\",\"@id\":\"https:\/\/portalraizesnoticias.com.br\/#\/schema\/logo\/image\/\",\"url\":\"https:\/\/portalraizesnoticias.com.br\/wp-content\/uploads\/2024\/09\/cropped-Captura-de-tela-2024-09-08-011108.png\",\"contentUrl\":\"https:\/\/portalraizesnoticias.com.br\/wp-content\/uploads\/2024\/09\/cropped-Captura-de-tela-2024-09-08-011108.png\",\"width\":606,\"height\":173,\"caption\":\"Portal raizes NOTICIAS\"},\"image\":{\"@id\":\"https:\/\/portalraizesnoticias.com.br\/#\/schema\/logo\/image\/\"}},{\"@type\":\"Person\",\"@id\":\"https:\/\/portalraizesnoticias.com.br\/#\/schema\/person\/a3ca6b0fc701e78df19756c417d943ae\",\"name\":\"Portal Raizes\",\"image\":{\"@type\":\"ImageObject\",\"inLanguage\":\"pt-BR\",\"@id\":\"https:\/\/portalraizesnoticias.com.br\/#\/schema\/person\/image\/\",\"url\":\"https:\/\/secure.gravatar.com\/avatar\/ef450d29013a3d3fba867a12a249d7b1?s=96&d=mm&r=g\",\"contentUrl\":\"https:\/\/secure.gravatar.com\/avatar\/ef450d29013a3d3fba867a12a249d7b1?s=96&d=mm&r=g\",\"caption\":\"Portal Raizes\"},\"url\":\"https:\/\/portalraizesnoticias.com.br\/?author=3\"}]}<\/script>\n<!-- \/ Yoast SEO plugin. -->","yoast_head_json":{"title":"Superintendente da Liga que mant\u00e9m o Hospital Martag\u00e3o Gesteira receber\u00e1 a Comenda 2 de Julho da ALBA - Portal raizes noticias","robots":{"index":"index","follow":"follow","max-snippet":"max-snippet:-1","max-image-preview":"max-image-preview:large","max-video-preview":"max-video-preview:-1"},"canonical":"https:\/\/portalraizesnoticias.com.br\/?p=9452","og_locale":"pt_BR","og_type":"article","og_title":"Superintendente da Liga que mant\u00e9m o Hospital Martag\u00e3o Gesteira receber\u00e1 a Comenda 2 de Julho da ALBA - Portal raizes noticias","og_description":"O superintendente da Liga \u00c1lvaro Bahia (mantenedora do Martag\u00e3o Gesteira), Carlos Emanuel Melo, receber\u00e1, no dia 27 de novembro, a Comenda 2 de Julho da Assembleia Legislativa da Bahia (ALBA). Proposta pelo deputado Penalva, a homenagem \u00e9 um reconhecimento ao seu trabalho na \u00e1rea m\u00e9dica e a sua atua\u00e7\u00e3o \u00e0 frente do Hospital. A comenda \u00e9 a mais alta honraria concedida pela ALBA. \u201cCarlos Emanuel Melo tornou-se uma refer\u00eancia em gest\u00e3o hospitalar ao assumir um papel crucial durante a crise enfrentada pelo Hospital Martag\u00e3o Gesteira em 2008\u201d, contou Penalva, na justificativa do projeto. \u201c\u00c0 \u00e9poca, a Liga \u00c1lvaro Bahia Contra a Mortalidade Infantil, entidade mantenedora do hospital, estava \u00e0 beira do fechamento. Gra\u00e7as \u00e0s medidas inovadoras e \u00e0 lideran\u00e7a filantr\u00f3pica de Melo, foi poss\u00edvel reverter a situa\u00e7\u00e3o cr\u00edtica e garantir a continuidade dos servi\u00e7os prestados \u00e0 popula\u00e7\u00e3o\u201d, acrescentou ele. Segundo o deputado, as estrat\u00e9gias adotadas n\u00e3o apenas ajudaram as finan\u00e7as do hospital, mas tamb\u00e9m mobilizaram a sociedade baiana em apoio \u00e0 institui\u00e7\u00e3o. \u201cSob sua dire\u00e7\u00e3o, a Liga \u00c1lvaro Bahia Contra a Mortalidade Infantil fortaleceu seu papel vital na sa\u00fade infantil da Bahia, administrando importantes institui\u00e7\u00f5es como o Hospital Estadual da Crian\u00e7a, em Feira de Santana, e o pr\u00f3prio Hospital Martag\u00e3o Gesteira, em Salvador\u201d, pontuou. Presidente da Alba, a deputada Ivana Bastos refor\u00e7ou a import\u00e2ncia da homenagem, destacando o trabalho desenvolvido pelo m\u00e9dico. \u201cCarlos Emanuel \u00e9 daqueles profissionais que fazem a diferen\u00e7a sem alarde. Ele carrega a dor das fam\u00edlias, a luta das crian\u00e7as e a esperan\u00e7a que move o trabalho de tanta gente dedicada. Esta homenagem reconhece sua sensibilidade, sua entrega e o cuidado com que conduz uma miss\u00e3o t\u00e3o especial. \u00c9 uma alegria para a Assembleia celebrar algu\u00e9m que faz t\u00e3o bem \u00e0 Bahia\u201d, frisou. Para o superintendente da Liga, a Comenda reflete o trabalho de toda a institui\u00e7\u00e3o. \u201cReceber a Comenda 2 de Julho \u00e9 uma grande honra. Ao mesmo tempo, \u00e9 um paradoxo: ela \u00e9 normalmente concedida pelo trabalho de uma pessoa, mas, no meu caso, o m\u00e9rito n\u00e3o \u00e9 exclusivo meu. O que \u00e9 reconhecido neste ato \u00e9 a for\u00e7a de uma institui\u00e7\u00e3o inteira. A homenagem s\u00f3 se justifica porque ela simboliza o trabalho de muitos homens e mulheres que dedicam suas vidas a cuidar das crian\u00e7as da Bahia\u201d, afirmou. Nascido em Salvador, Carlos Emanuel Melo \u00e9 cirurgi\u00e3o pedi\u00e1trico e gestor de unidades hospitalares. Formado pela Escola Bahiana de Medicina, fez resid\u00eancia em cirurgia pedi\u00e1trica e em cirurgi\u00e3 geral no SUS\/ S\u00e3o Paulo. Na Liga, institui\u00e7\u00e3o filantr\u00f3pica centen\u00e1ria atuante na \u00e1rea da sa\u00fade, ocupou os cargos de diretor m\u00e9dico, superintendente e diretor presidente. Atualmente, \u00e9 superintendente da Liga, entidade mantenedora do Martag\u00e3o e que est\u00e1 \u00e0 frente tamb\u00e9m do Hospital Estadual da Crian\u00e7a, em Feira de Santana, e do Hospital da Crian\u00e7a de Maring\u00e1, no Paran\u00e1. O m\u00e9dico \u00e9 tamb\u00e9m autor do livro \u201cO Hospital da Minha Vida\u201d, lan\u00e7ado recentemente. Nele, Melo conta, por meio de fatos e mem\u00f3rias, a hist\u00f3ria do Martag\u00e3o, a import\u00e2ncia do hospital para o Sistema \u00danico de Sa\u00fade (SUS) e como a institui\u00e7\u00e3o se tornou um patrim\u00f4nio dos baianos.","og_url":"https:\/\/portalraizesnoticias.com.br\/?p=9452","og_site_name":"Portal raizes noticias","article_published_time":"2025-11-25T13:45:12+00:00","article_modified_time":"2025-11-25T13:45:13+00:00","og_image":[{"width":854,"height":1280,"url":"https:\/\/portalraizesnoticias.com.br\/wp-content\/uploads\/2025\/11\/WhatsApp-Image-2025-11-25-at-10.42.24.jpeg","type":"image\/jpeg"}],"author":"Portal Raizes","twitter_card":"summary_large_image","twitter_misc":{"Escrito por":"Portal Raizes","Est. tempo de leitura":"4 minutos"},"schema":{"@context":"https:\/\/schema.org","@graph":[{"@type":"Article","@id":"https:\/\/portalraizesnoticias.com.br\/?p=9452#article","isPartOf":{"@id":"https:\/\/portalraizesnoticias.com.br\/?p=9452"},"author":{"name":"Portal Raizes","@id":"https:\/\/portalraizesnoticias.com.br\/#\/schema\/person\/a3ca6b0fc701e78df19756c417d943ae"},"headline":"Superintendente da Liga que mant\u00e9m o Hospital Martag\u00e3o Gesteira receber\u00e1 a Comenda 2 de Julho da ALBA","datePublished":"2025-11-25T13:45:12+00:00","dateModified":"2025-11-25T13:45:13+00:00","mainEntityOfPage":{"@id":"https:\/\/portalraizesnoticias.com.br\/?p=9452"},"wordCount":567,"commentCount":0,"publisher":{"@id":"https:\/\/portalraizesnoticias.com.br\/#organization"},"image":{"@id":"https:\/\/portalraizesnoticias.com.br\/?p=9452#primaryimage"},"thumbnailUrl":"https:\/\/portalraizesnoticias.com.br\/wp-content\/uploads\/2025\/11\/WhatsApp-Image-2025-11-25-at-10.42.24.jpeg","articleSection":["POLITICA","SA\u00daDE","ULTIMAS NOTICIAS"],"inLanguage":"pt-BR","potentialAction":[{"@type":"CommentAction","name":"Comment","target":["https:\/\/portalraizesnoticias.com.br\/?p=9452#respond"]}]},{"@type":"WebPage","@id":"https:\/\/portalraizesnoticias.com.br\/?p=9452","url":"https:\/\/portalraizesnoticias.com.br\/?p=9452","name":"Superintendente da Liga que mant\u00e9m o Hospital Martag\u00e3o Gesteira receber\u00e1 a Comenda 2 de Julho da ALBA - Portal raizes noticias","isPartOf":{"@id":"https:\/\/portalraizesnoticias.com.br\/#website"},"primaryImageOfPage":{"@id":"https:\/\/portalraizesnoticias.com.br\/?p=9452#primaryimage"},"image":{"@id":"https:\/\/portalraizesnoticias.com.br\/?p=9452#primaryimage"},"thumbnailUrl":"https:\/\/portalraizesnoticias.com.br\/wp-content\/uploads\/2025\/11\/WhatsApp-Image-2025-11-25-at-10.42.24.jpeg","datePublished":"2025-11-25T13:45:12+00:00","dateModified":"2025-11-25T13:45:13+00:00","breadcrumb":{"@id":"https:\/\/portalraizesnoticias.com.br\/?p=9452#breadcrumb"},"inLanguage":"pt-BR","potentialAction":[{"@type":"ReadAction","target":["https:\/\/portalraizesnoticias.com.br\/?p=9452"]}]},{"@type":"ImageObject","inLanguage":"pt-BR","@id":"https:\/\/portalraizesnoticias.com.br\/?p=9452#primaryimage","url":"https:\/\/portalraizesnoticias.com.br\/wp-content\/uploads\/2025\/11\/WhatsApp-Image-2025-11-25-at-10.42.24.jpeg","contentUrl":"https:\/\/portalraizesnoticias.com.br\/wp-content\/uploads\/2025\/11\/WhatsApp-Image-2025-11-25-at-10.42.24.jpeg","width":854,"height":1280},{"@type":"BreadcrumbList","@id":"https:\/\/portalraizesnoticias.com.br\/?p=9452#breadcrumb","itemListElement":[{"@type":"ListItem","position":1,"name":"In\u00edcio","item":"https:\/\/portalraizesnoticias.com.br\/"},{"@type":"ListItem","position":2,"name":"Superintendente da Liga que mant\u00e9m o Hospital Martag\u00e3o Gesteira receber\u00e1 a Comenda 2 de Julho da ALBA"}]},{"@type":"WebSite","@id":"https:\/\/portalraizesnoticias.com.br\/#website","url":"https:\/\/portalraizesnoticias.com.br\/","name":"Portal raizes NOTICIAS","description":"site de noticias de concei\u00e7\u00e3o do coit\u00e9 e regi\u00e3o","publisher":{"@id":"https:\/\/portalraizesnoticias.com.br\/#organization"},"alternateName":"PORTAL RAIZES COIT\u00c9","potentialAction":[{"@type":"SearchAction","target":{"@type":"EntryPoint","urlTemplate":"https:\/\/portalraizesnoticias.com.br\/?s={search_term_string}"},"query-input":{"@type":"PropertyValueSpecification","valueRequired":true,"valueName":"search_term_string"}}],"inLanguage":"pt-BR"},{"@type":"Organization","@id":"https:\/\/portalraizesnoticias.com.br\/#organization","name":"Portal raizes NOTICIAS","url":"https:\/\/portalraizesnoticias.com.br\/","logo":{"@type":"ImageObject","inLanguage":"pt-BR","@id":"https:\/\/portalraizesnoticias.com.br\/#\/schema\/logo\/image\/","url":"https:\/\/portalraizesnoticias.com.br\/wp-content\/uploads\/2024\/09\/cropped-Captura-de-tela-2024-09-08-011108.png","contentUrl":"https:\/\/portalraizesnoticias.com.br\/wp-content\/uploads\/2024\/09\/cropped-Captura-de-tela-2024-09-08-011108.png","width":606,"height":173,"caption":"Portal raizes NOTICIAS"},"image":{"@id":"https:\/\/portalraizesnoticias.com.br\/#\/schema\/logo\/image\/"}},{"@type":"Person","@id":"https:\/\/portalraizesnoticias.com.br\/#\/schema\/person\/a3ca6b0fc701e78df19756c417d943ae","name":"Portal Raizes","image":{"@type":"ImageObject","inLanguage":"pt-BR","@id":"https:\/\/portalraizesnoticias.com.br\/#\/schema\/person\/image\/","url":"https:\/\/secure.gravatar.com\/avatar\/ef450d29013a3d3fba867a12a249d7b1?s=96&d=mm&r=g","contentUrl":"https:\/\/secure.gravatar.com\/avatar\/ef450d29013a3d3fba867a12a249d7b1?s=96&d=mm&r=g","caption":"Portal Raizes"},"url":"https:\/\/portalraizesnoticias.com.br\/?author=3"}]}},"_links":{"self":[{"href":"https:\/\/portalraizesnoticias.com.br\/index.php?rest_route=\/wp\/v2\/posts\/9452"}],"collection":[{"href":"https:\/\/portalraizesnoticias.com.br\/index.php?rest_route=\/wp\/v2\/posts"}],"about":[{"href":"https:\/\/portalraizesnoticias.com.br\/index.php?rest_route=\/wp\/v2\/types\/post"}],"author":[{"embeddable":true,"href":"https:\/\/portalraizesnoticias.com.br\/index.php?rest_route=\/wp\/v2\/users\/3"}],"replies":[{"embeddable":true,"href":"https:\/\/portalraizesnoticias.com.br\/index.php?rest_route=%2Fwp%2Fv2%2Fcomments&post=9452"}],"version-history":[{"count":1,"href":"https:\/\/portalraizesnoticias.com.br\/index.php?rest_route=\/wp\/v2\/posts\/9452\/revisions"}],"predecessor-version":[{"id":9454,"href":"https:\/\/portalraizesnoticias.com.br\/index.php?rest_route=\/wp\/v2\/posts\/9452\/revisions\/9454"}],"wp:featuredmedia":[{"embeddable":true,"href":"https:\/\/portalraizesnoticias.com.br\/index.php?rest_route=\/wp\/v2\/media\/9453"}],"wp:attachment":[{"href":"https:\/\/portalraizesnoticias.com.br\/index.php?rest_route=%2Fwp%2Fv2%2Fmedia&parent=9452"}],"wp:term":[{"taxonomy":"category","embeddable":true,"href":"https:\/\/portalraizesnoticias.com.br\/index.php?rest_route=%2Fwp%2Fv2%2Fcategories&post=9452"},{"taxonomy":"post_tag","embeddable":true,"href":"https:\/\/portalraizesnoticias.com.br\/index.php?rest_route=%2Fwp%2Fv2%2Ftags&post=9452"}],"curies":[{"name":"wp","href":"https:\/\/api.w.org\/{rel}","templated":true}]}}