{"id":9390,"date":"2025-11-21T15:34:58","date_gmt":"2025-11-21T18:34:58","guid":{"rendered":"https:\/\/portalraizesnoticias.com.br\/?p=9390"},"modified":"2025-11-21T15:34:58","modified_gmt":"2025-11-21T18:34:58","slug":"crianca-de-2-anos-e-agredida-pela-propria-mae-em-retirolandia-e-caso-mobiliza-o-conselho-tutelar-pai-afirma-que-suspeita-interrompeu-tratamento-psiquiatrico","status":"publish","type":"post","link":"https:\/\/portalraizesnoticias.com.br\/?p=9390","title":{"rendered":"Crian\u00e7a de 2 anos \u00e9 agredida pela pr\u00f3pria m\u00e3e em Retirol\u00e2ndia, e caso mobiliza o Conselho Tutelar; pai afirma que suspeita interrompeu tratamento psiqui\u00e1trico"},"content":{"rendered":"<p>Uma crian\u00e7a de 2 anos e 11 meses foi alvo de agress\u00f5es praticadas pela pr\u00f3pria m\u00e3e na tarde desta quinta-feira (20), no bairro Retiro Velho, em Retirol\u00e2ndia.<\/p>\n<p><img fetchpriority=\"high\" decoding=\"async\" class=\"size-medium wp-image-9058 aligncenter\" src=\"https:\/\/portalraizesnoticias.com.br\/wp-content\/uploads\/2025\/10\/M.I-laranja-branco_page-0001-1536x1075-1-300x210.jpg\" alt=\"\" width=\"300\" height=\"210\" srcset=\"https:\/\/portalraizesnoticias.com.br\/wp-content\/uploads\/2025\/10\/M.I-laranja-branco_page-0001-1536x1075-1-300x210.jpg 300w, https:\/\/portalraizesnoticias.com.br\/wp-content\/uploads\/2025\/10\/M.I-laranja-branco_page-0001-1536x1075-1-1024x717.jpg 1024w, https:\/\/portalraizesnoticias.com.br\/wp-content\/uploads\/2025\/10\/M.I-laranja-branco_page-0001-1536x1075-1-768x538.jpg 768w, https:\/\/portalraizesnoticias.com.br\/wp-content\/uploads\/2025\/10\/M.I-laranja-branco_page-0001-1536x1075-1.jpg 1536w\" sizes=\"(max-width: 300px) 100vw, 300px\" \/><\/p>\n<p style=\"text-align: center;\"><strong>PUBLICIDADE<\/strong><\/p>\n<p>Ao chegar ao local, a guarni\u00e7\u00e3o encontrou a m\u00e3e da crian\u00e7a bastante agitada. Segundo o boletim policial, ao perceber a aproxima\u00e7\u00e3o da viatura, a mulher fechou as portas da resid\u00eancia, s\u00f3 as reabrindo ap\u00f3s a chegada de um familiar.<\/p>\n<p>Uma agente do\u00a0 Conselho Tutelar\u00a0 tamb\u00e9m esteve na casa e constatou as agress\u00f5es. De acordo com a m\u00e3e, ela utilizou um cinto para bater na filha, que apresentava hematomas no rosto e nas costas.<\/p>\n<p><img decoding=\"async\" class=\"size-medium wp-image-8289 aligncenter\" src=\"https:\/\/portalraizesnoticias.com.br\/wp-content\/uploads\/2025\/09\/IMG-20250918-WA0124-300x300.jpg\" alt=\"\" width=\"300\" height=\"300\" srcset=\"https:\/\/portalraizesnoticias.com.br\/wp-content\/uploads\/2025\/09\/IMG-20250918-WA0124-300x300.jpg 300w, https:\/\/portalraizesnoticias.com.br\/wp-content\/uploads\/2025\/09\/IMG-20250918-WA0124-150x150.jpg 150w, https:\/\/portalraizesnoticias.com.br\/wp-content\/uploads\/2025\/09\/IMG-20250918-WA0124-768x768.jpg 768w, https:\/\/portalraizesnoticias.com.br\/wp-content\/uploads\/2025\/09\/IMG-20250918-WA0124.jpg 1000w\" sizes=\"(max-width: 300px) 100vw, 300px\" \/><\/p>\n<p style=\"text-align: center;\"><strong>PUBLICIDADE<\/strong><\/p>\n<p>Momentos depois, o pai da crian\u00e7a chegou ao local e informou aos policiais que sua companheira sofre de transtornos psicol\u00f3gicos, faz acompanhamento psiqui\u00e1trico e havia suspendido a medica\u00e7\u00e3o h\u00e1 cerca de 15 dias, alegando dificuldades financeiras para adquirir o rem\u00e9dio.<\/p>\n<p><img decoding=\"async\" class=\"size-medium wp-image-8282 aligncenter\" src=\"https:\/\/portalraizesnoticias.com.br\/wp-content\/uploads\/2025\/09\/IMG-20250917-WA0249-300x229.jpg\" alt=\"\" width=\"300\" height=\"229\" srcset=\"https:\/\/portalraizesnoticias.com.br\/wp-content\/uploads\/2025\/09\/IMG-20250917-WA0249-300x229.jpg 300w, https:\/\/portalraizesnoticias.com.br\/wp-content\/uploads\/2025\/09\/IMG-20250917-WA0249.jpg 752w\" sizes=\"(max-width: 300px) 100vw, 300px\" \/><\/p>\n<p style=\"text-align: center;\"><strong>PUBLICIDADE<\/strong><\/p>\n<p>A m\u00e3e e a crian\u00e7a foram encaminhadas ao Hospital Municipal de Retirol\u00e2ndia, onde foram atendidas pela m\u00e9dica plantonista sendo medicadas e liberadas em seguida.<\/p>\n<p>Reda\u00e7\u00e3o<\/p>\n<p>Foto: Freepik<\/p>\n","protected":false},"excerpt":{"rendered":"<p>Uma crian\u00e7a de 2 anos e 11 meses foi alvo de agress\u00f5es praticadas pela pr\u00f3pria m\u00e3e na tarde desta quinta-feira (20), no bairro Retiro Velho, em Retirol\u00e2ndia. PUBLICIDADE Ao chegar ao local, a guarni\u00e7\u00e3o encontrou a m\u00e3e da crian\u00e7a bastante agitada. Segundo o boletim policial, ao perceber a aproxima\u00e7\u00e3o da viatura, a mulher fechou as portas da resid\u00eancia, s\u00f3 as reabrindo ap\u00f3s a chegada de um familiar. Uma agente do\u00a0 Conselho Tutelar\u00a0 tamb\u00e9m esteve na casa e constatou as agress\u00f5es. De acordo com a m\u00e3e, ela utilizou um cinto para bater na filha, que apresentava hematomas no rosto e nas costas. PUBLICIDADE Momentos depois, o pai da crian\u00e7a chegou ao local e informou aos policiais que sua companheira sofre de transtornos psicol\u00f3gicos, faz acompanhamento psiqui\u00e1trico e havia suspendido a medica\u00e7\u00e3o h\u00e1 cerca de 15 dias, alegando dificuldades financeiras para adquirir o rem\u00e9dio. PUBLICIDADE A m\u00e3e e a crian\u00e7a foram encaminhadas ao Hospital Municipal de Retirol\u00e2ndia, onde foram atendidas pela m\u00e9dica plantonista sendo medicadas e liberadas em seguida. Reda\u00e7\u00e3o Foto: Freepik<\/p>\n","protected":false},"author":3,"featured_media":9392,"comment_status":"open","ping_status":"open","sticky":false,"template":"","format":"standard","meta":{"_joinchat":[],"footnotes":""},"categories":[67,59],"tags":[],"class_list":["post-9390","post","type-post","status-publish","format-standard","has-post-thumbnail","hentry","category-policia","category-ultimas-noticias"],"yoast_head":"<!-- This site is optimized with the Yoast SEO plugin v24.4 - https:\/\/yoast.com\/wordpress\/plugins\/seo\/ -->\n<title>Crian\u00e7a de 2 anos \u00e9 agredida pela pr\u00f3pria m\u00e3e em Retirol\u00e2ndia, e caso mobiliza o Conselho Tutelar; pai afirma que suspeita interrompeu tratamento psiqui\u00e1trico - Portal raizes noticias<\/title>\n<meta name=\"robots\" content=\"index, follow, max-snippet:-1, max-image-preview:large, max-video-preview:-1\" \/>\n<link rel=\"canonical\" href=\"https:\/\/portalraizesnoticias.com.br\/?p=9390\" \/>\n<meta property=\"og:locale\" content=\"pt_BR\" \/>\n<meta property=\"og:type\" content=\"article\" \/>\n<meta property=\"og:title\" content=\"Crian\u00e7a de 2 anos \u00e9 agredida pela pr\u00f3pria m\u00e3e em Retirol\u00e2ndia, e caso mobiliza o Conselho Tutelar; pai afirma que suspeita interrompeu tratamento psiqui\u00e1trico - Portal raizes noticias\" \/>\n<meta property=\"og:description\" content=\"Uma crian\u00e7a de 2 anos e 11 meses foi alvo de agress\u00f5es praticadas pela pr\u00f3pria m\u00e3e na tarde desta quinta-feira (20), no bairro Retiro Velho, em Retirol\u00e2ndia. PUBLICIDADE Ao chegar ao local, a guarni\u00e7\u00e3o encontrou a m\u00e3e da crian\u00e7a bastante agitada. Segundo o boletim policial, ao perceber a aproxima\u00e7\u00e3o da viatura, a mulher fechou as portas da resid\u00eancia, s\u00f3 as reabrindo ap\u00f3s a chegada de um familiar. Uma agente do\u00a0 Conselho Tutelar\u00a0 tamb\u00e9m esteve na casa e constatou as agress\u00f5es. De acordo com a m\u00e3e, ela utilizou um cinto para bater na filha, que apresentava hematomas no rosto e nas costas. PUBLICIDADE Momentos depois, o pai da crian\u00e7a chegou ao local e informou aos policiais que sua companheira sofre de transtornos psicol\u00f3gicos, faz acompanhamento psiqui\u00e1trico e havia suspendido a medica\u00e7\u00e3o h\u00e1 cerca de 15 dias, alegando dificuldades financeiras para adquirir o rem\u00e9dio. PUBLICIDADE A m\u00e3e e a crian\u00e7a foram encaminhadas ao Hospital Municipal de Retirol\u00e2ndia, onde foram atendidas pela m\u00e9dica plantonista sendo medicadas e liberadas em seguida. Reda\u00e7\u00e3o Foto: Freepik\" \/>\n<meta property=\"og:url\" content=\"https:\/\/portalraizesnoticias.com.br\/?p=9390\" \/>\n<meta property=\"og:site_name\" content=\"Portal raizes noticias\" \/>\n<meta property=\"article:published_time\" content=\"2025-11-21T18:34:58+00:00\" \/>\n<meta property=\"og:image\" content=\"https:\/\/portalraizesnoticias.com.br\/wp-content\/uploads\/2025\/11\/images-2025-11-21T153004.581.jpeg\" \/>\n\t<meta property=\"og:image:width\" content=\"764\" \/>\n\t<meta property=\"og:image:height\" content=\"401\" \/>\n\t<meta property=\"og:image:type\" content=\"image\/jpeg\" \/>\n<meta name=\"author\" content=\"Portal Raizes\" \/>\n<meta name=\"twitter:card\" content=\"summary_large_image\" \/>\n<meta name=\"twitter:label1\" content=\"Escrito por\" \/>\n\t<meta name=\"twitter:data1\" content=\"Portal Raizes\" \/>\n\t<meta name=\"twitter:label2\" content=\"Est. tempo de leitura\" \/>\n\t<meta name=\"twitter:data2\" content=\"2 minutos\" \/>\n<script type=\"application\/ld+json\" class=\"yoast-schema-graph\">{\"@context\":\"https:\/\/schema.org\",\"@graph\":[{\"@type\":\"Article\",\"@id\":\"https:\/\/portalraizesnoticias.com.br\/?p=9390#article\",\"isPartOf\":{\"@id\":\"https:\/\/portalraizesnoticias.com.br\/?p=9390\"},\"author\":{\"name\":\"Portal Raizes\",\"@id\":\"https:\/\/portalraizesnoticias.com.br\/#\/schema\/person\/a3ca6b0fc701e78df19756c417d943ae\"},\"headline\":\"Crian\u00e7a de 2 anos \u00e9 agredida pela pr\u00f3pria m\u00e3e em Retirol\u00e2ndia, e caso mobiliza o Conselho Tutelar; pai afirma que suspeita interrompeu tratamento psiqui\u00e1trico\",\"datePublished\":\"2025-11-21T18:34:58+00:00\",\"mainEntityOfPage\":{\"@id\":\"https:\/\/portalraizesnoticias.com.br\/?p=9390\"},\"wordCount\":217,\"commentCount\":0,\"publisher\":{\"@id\":\"https:\/\/portalraizesnoticias.com.br\/#organization\"},\"image\":{\"@id\":\"https:\/\/portalraizesnoticias.com.br\/?p=9390#primaryimage\"},\"thumbnailUrl\":\"https:\/\/portalraizesnoticias.com.br\/wp-content\/uploads\/2025\/11\/images-2025-11-21T153004.581.jpeg\",\"articleSection\":[\"POLICIA\",\"ULTIMAS NOTICIAS\"],\"inLanguage\":\"pt-BR\",\"potentialAction\":[{\"@type\":\"CommentAction\",\"name\":\"Comment\",\"target\":[\"https:\/\/portalraizesnoticias.com.br\/?p=9390#respond\"]}]},{\"@type\":\"WebPage\",\"@id\":\"https:\/\/portalraizesnoticias.com.br\/?p=9390\",\"url\":\"https:\/\/portalraizesnoticias.com.br\/?p=9390\",\"name\":\"Crian\u00e7a de 2 anos \u00e9 agredida pela pr\u00f3pria m\u00e3e em Retirol\u00e2ndia, e caso mobiliza o Conselho Tutelar; pai afirma que suspeita interrompeu tratamento psiqui\u00e1trico - Portal raizes noticias\",\"isPartOf\":{\"@id\":\"https:\/\/portalraizesnoticias.com.br\/#website\"},\"primaryImageOfPage\":{\"@id\":\"https:\/\/portalraizesnoticias.com.br\/?p=9390#primaryimage\"},\"image\":{\"@id\":\"https:\/\/portalraizesnoticias.com.br\/?p=9390#primaryimage\"},\"thumbnailUrl\":\"https:\/\/portalraizesnoticias.com.br\/wp-content\/uploads\/2025\/11\/images-2025-11-21T153004.581.jpeg\",\"datePublished\":\"2025-11-21T18:34:58+00:00\",\"breadcrumb\":{\"@id\":\"https:\/\/portalraizesnoticias.com.br\/?p=9390#breadcrumb\"},\"inLanguage\":\"pt-BR\",\"potentialAction\":[{\"@type\":\"ReadAction\",\"target\":[\"https:\/\/portalraizesnoticias.com.br\/?p=9390\"]}]},{\"@type\":\"ImageObject\",\"inLanguage\":\"pt-BR\",\"@id\":\"https:\/\/portalraizesnoticias.com.br\/?p=9390#primaryimage\",\"url\":\"https:\/\/portalraizesnoticias.com.br\/wp-content\/uploads\/2025\/11\/images-2025-11-21T153004.581.jpeg\",\"contentUrl\":\"https:\/\/portalraizesnoticias.com.br\/wp-content\/uploads\/2025\/11\/images-2025-11-21T153004.581.jpeg\",\"width\":764,\"height\":401},{\"@type\":\"BreadcrumbList\",\"@id\":\"https:\/\/portalraizesnoticias.com.br\/?p=9390#breadcrumb\",\"itemListElement\":[{\"@type\":\"ListItem\",\"position\":1,\"name\":\"In\u00edcio\",\"item\":\"https:\/\/portalraizesnoticias.com.br\/\"},{\"@type\":\"ListItem\",\"position\":2,\"name\":\"Crian\u00e7a de 2 anos \u00e9 agredida pela pr\u00f3pria m\u00e3e em Retirol\u00e2ndia, e caso mobiliza o Conselho Tutelar; pai afirma que suspeita interrompeu tratamento psiqui\u00e1trico\"}]},{\"@type\":\"WebSite\",\"@id\":\"https:\/\/portalraizesnoticias.com.br\/#website\",\"url\":\"https:\/\/portalraizesnoticias.com.br\/\",\"name\":\"Portal raizes NOTICIAS\",\"description\":\"site de noticias de concei\u00e7\u00e3o do coit\u00e9 e regi\u00e3o\",\"publisher\":{\"@id\":\"https:\/\/portalraizesnoticias.com.br\/#organization\"},\"alternateName\":\"PORTAL RAIZES COIT\u00c9\",\"potentialAction\":[{\"@type\":\"SearchAction\",\"target\":{\"@type\":\"EntryPoint\",\"urlTemplate\":\"https:\/\/portalraizesnoticias.com.br\/?s={search_term_string}\"},\"query-input\":{\"@type\":\"PropertyValueSpecification\",\"valueRequired\":true,\"valueName\":\"search_term_string\"}}],\"inLanguage\":\"pt-BR\"},{\"@type\":\"Organization\",\"@id\":\"https:\/\/portalraizesnoticias.com.br\/#organization\",\"name\":\"Portal raizes NOTICIAS\",\"url\":\"https:\/\/portalraizesnoticias.com.br\/\",\"logo\":{\"@type\":\"ImageObject\",\"inLanguage\":\"pt-BR\",\"@id\":\"https:\/\/portalraizesnoticias.com.br\/#\/schema\/logo\/image\/\",\"url\":\"https:\/\/portalraizesnoticias.com.br\/wp-content\/uploads\/2024\/09\/cropped-Captura-de-tela-2024-09-08-011108.png\",\"contentUrl\":\"https:\/\/portalraizesnoticias.com.br\/wp-content\/uploads\/2024\/09\/cropped-Captura-de-tela-2024-09-08-011108.png\",\"width\":606,\"height\":173,\"caption\":\"Portal raizes NOTICIAS\"},\"image\":{\"@id\":\"https:\/\/portalraizesnoticias.com.br\/#\/schema\/logo\/image\/\"}},{\"@type\":\"Person\",\"@id\":\"https:\/\/portalraizesnoticias.com.br\/#\/schema\/person\/a3ca6b0fc701e78df19756c417d943ae\",\"name\":\"Portal Raizes\",\"image\":{\"@type\":\"ImageObject\",\"inLanguage\":\"pt-BR\",\"@id\":\"https:\/\/portalraizesnoticias.com.br\/#\/schema\/person\/image\/\",\"url\":\"https:\/\/secure.gravatar.com\/avatar\/ef450d29013a3d3fba867a12a249d7b1?s=96&d=mm&r=g\",\"contentUrl\":\"https:\/\/secure.gravatar.com\/avatar\/ef450d29013a3d3fba867a12a249d7b1?s=96&d=mm&r=g\",\"caption\":\"Portal Raizes\"},\"url\":\"https:\/\/portalraizesnoticias.com.br\/?author=3\"}]}<\/script>\n<!-- \/ Yoast SEO plugin. -->","yoast_head_json":{"title":"Crian\u00e7a de 2 anos \u00e9 agredida pela pr\u00f3pria m\u00e3e em Retirol\u00e2ndia, e caso mobiliza o Conselho Tutelar; pai afirma que suspeita interrompeu tratamento psiqui\u00e1trico - Portal raizes noticias","robots":{"index":"index","follow":"follow","max-snippet":"max-snippet:-1","max-image-preview":"max-image-preview:large","max-video-preview":"max-video-preview:-1"},"canonical":"https:\/\/portalraizesnoticias.com.br\/?p=9390","og_locale":"pt_BR","og_type":"article","og_title":"Crian\u00e7a de 2 anos \u00e9 agredida pela pr\u00f3pria m\u00e3e em Retirol\u00e2ndia, e caso mobiliza o Conselho Tutelar; pai afirma que suspeita interrompeu tratamento psiqui\u00e1trico - Portal raizes noticias","og_description":"Uma crian\u00e7a de 2 anos e 11 meses foi alvo de agress\u00f5es praticadas pela pr\u00f3pria m\u00e3e na tarde desta quinta-feira (20), no bairro Retiro Velho, em Retirol\u00e2ndia. PUBLICIDADE Ao chegar ao local, a guarni\u00e7\u00e3o encontrou a m\u00e3e da crian\u00e7a bastante agitada. Segundo o boletim policial, ao perceber a aproxima\u00e7\u00e3o da viatura, a mulher fechou as portas da resid\u00eancia, s\u00f3 as reabrindo ap\u00f3s a chegada de um familiar. Uma agente do\u00a0 Conselho Tutelar\u00a0 tamb\u00e9m esteve na casa e constatou as agress\u00f5es. De acordo com a m\u00e3e, ela utilizou um cinto para bater na filha, que apresentava hematomas no rosto e nas costas. PUBLICIDADE Momentos depois, o pai da crian\u00e7a chegou ao local e informou aos policiais que sua companheira sofre de transtornos psicol\u00f3gicos, faz acompanhamento psiqui\u00e1trico e havia suspendido a medica\u00e7\u00e3o h\u00e1 cerca de 15 dias, alegando dificuldades financeiras para adquirir o rem\u00e9dio. PUBLICIDADE A m\u00e3e e a crian\u00e7a foram encaminhadas ao Hospital Municipal de Retirol\u00e2ndia, onde foram atendidas pela m\u00e9dica plantonista sendo medicadas e liberadas em seguida. Reda\u00e7\u00e3o Foto: Freepik","og_url":"https:\/\/portalraizesnoticias.com.br\/?p=9390","og_site_name":"Portal raizes noticias","article_published_time":"2025-11-21T18:34:58+00:00","og_image":[{"width":764,"height":401,"url":"https:\/\/portalraizesnoticias.com.br\/wp-content\/uploads\/2025\/11\/images-2025-11-21T153004.581.jpeg","type":"image\/jpeg"}],"author":"Portal Raizes","twitter_card":"summary_large_image","twitter_misc":{"Escrito por":"Portal Raizes","Est. tempo de leitura":"2 minutos"},"schema":{"@context":"https:\/\/schema.org","@graph":[{"@type":"Article","@id":"https:\/\/portalraizesnoticias.com.br\/?p=9390#article","isPartOf":{"@id":"https:\/\/portalraizesnoticias.com.br\/?p=9390"},"author":{"name":"Portal Raizes","@id":"https:\/\/portalraizesnoticias.com.br\/#\/schema\/person\/a3ca6b0fc701e78df19756c417d943ae"},"headline":"Crian\u00e7a de 2 anos \u00e9 agredida pela pr\u00f3pria m\u00e3e em Retirol\u00e2ndia, e caso mobiliza o Conselho Tutelar; pai afirma que suspeita interrompeu tratamento psiqui\u00e1trico","datePublished":"2025-11-21T18:34:58+00:00","mainEntityOfPage":{"@id":"https:\/\/portalraizesnoticias.com.br\/?p=9390"},"wordCount":217,"commentCount":0,"publisher":{"@id":"https:\/\/portalraizesnoticias.com.br\/#organization"},"image":{"@id":"https:\/\/portalraizesnoticias.com.br\/?p=9390#primaryimage"},"thumbnailUrl":"https:\/\/portalraizesnoticias.com.br\/wp-content\/uploads\/2025\/11\/images-2025-11-21T153004.581.jpeg","articleSection":["POLICIA","ULTIMAS NOTICIAS"],"inLanguage":"pt-BR","potentialAction":[{"@type":"CommentAction","name":"Comment","target":["https:\/\/portalraizesnoticias.com.br\/?p=9390#respond"]}]},{"@type":"WebPage","@id":"https:\/\/portalraizesnoticias.com.br\/?p=9390","url":"https:\/\/portalraizesnoticias.com.br\/?p=9390","name":"Crian\u00e7a de 2 anos \u00e9 agredida pela pr\u00f3pria m\u00e3e em Retirol\u00e2ndia, e caso mobiliza o Conselho Tutelar; pai afirma que suspeita interrompeu tratamento psiqui\u00e1trico - Portal raizes noticias","isPartOf":{"@id":"https:\/\/portalraizesnoticias.com.br\/#website"},"primaryImageOfPage":{"@id":"https:\/\/portalraizesnoticias.com.br\/?p=9390#primaryimage"},"image":{"@id":"https:\/\/portalraizesnoticias.com.br\/?p=9390#primaryimage"},"thumbnailUrl":"https:\/\/portalraizesnoticias.com.br\/wp-content\/uploads\/2025\/11\/images-2025-11-21T153004.581.jpeg","datePublished":"2025-11-21T18:34:58+00:00","breadcrumb":{"@id":"https:\/\/portalraizesnoticias.com.br\/?p=9390#breadcrumb"},"inLanguage":"pt-BR","potentialAction":[{"@type":"ReadAction","target":["https:\/\/portalraizesnoticias.com.br\/?p=9390"]}]},{"@type":"ImageObject","inLanguage":"pt-BR","@id":"https:\/\/portalraizesnoticias.com.br\/?p=9390#primaryimage","url":"https:\/\/portalraizesnoticias.com.br\/wp-content\/uploads\/2025\/11\/images-2025-11-21T153004.581.jpeg","contentUrl":"https:\/\/portalraizesnoticias.com.br\/wp-content\/uploads\/2025\/11\/images-2025-11-21T153004.581.jpeg","width":764,"height":401},{"@type":"BreadcrumbList","@id":"https:\/\/portalraizesnoticias.com.br\/?p=9390#breadcrumb","itemListElement":[{"@type":"ListItem","position":1,"name":"In\u00edcio","item":"https:\/\/portalraizesnoticias.com.br\/"},{"@type":"ListItem","position":2,"name":"Crian\u00e7a de 2 anos \u00e9 agredida pela pr\u00f3pria m\u00e3e em Retirol\u00e2ndia, e caso mobiliza o Conselho Tutelar; pai afirma que suspeita interrompeu tratamento psiqui\u00e1trico"}]},{"@type":"WebSite","@id":"https:\/\/portalraizesnoticias.com.br\/#website","url":"https:\/\/portalraizesnoticias.com.br\/","name":"Portal raizes NOTICIAS","description":"site de noticias de concei\u00e7\u00e3o do coit\u00e9 e regi\u00e3o","publisher":{"@id":"https:\/\/portalraizesnoticias.com.br\/#organization"},"alternateName":"PORTAL RAIZES COIT\u00c9","potentialAction":[{"@type":"SearchAction","target":{"@type":"EntryPoint","urlTemplate":"https:\/\/portalraizesnoticias.com.br\/?s={search_term_string}"},"query-input":{"@type":"PropertyValueSpecification","valueRequired":true,"valueName":"search_term_string"}}],"inLanguage":"pt-BR"},{"@type":"Organization","@id":"https:\/\/portalraizesnoticias.com.br\/#organization","name":"Portal raizes NOTICIAS","url":"https:\/\/portalraizesnoticias.com.br\/","logo":{"@type":"ImageObject","inLanguage":"pt-BR","@id":"https:\/\/portalraizesnoticias.com.br\/#\/schema\/logo\/image\/","url":"https:\/\/portalraizesnoticias.com.br\/wp-content\/uploads\/2024\/09\/cropped-Captura-de-tela-2024-09-08-011108.png","contentUrl":"https:\/\/portalraizesnoticias.com.br\/wp-content\/uploads\/2024\/09\/cropped-Captura-de-tela-2024-09-08-011108.png","width":606,"height":173,"caption":"Portal raizes NOTICIAS"},"image":{"@id":"https:\/\/portalraizesnoticias.com.br\/#\/schema\/logo\/image\/"}},{"@type":"Person","@id":"https:\/\/portalraizesnoticias.com.br\/#\/schema\/person\/a3ca6b0fc701e78df19756c417d943ae","name":"Portal Raizes","image":{"@type":"ImageObject","inLanguage":"pt-BR","@id":"https:\/\/portalraizesnoticias.com.br\/#\/schema\/person\/image\/","url":"https:\/\/secure.gravatar.com\/avatar\/ef450d29013a3d3fba867a12a249d7b1?s=96&d=mm&r=g","contentUrl":"https:\/\/secure.gravatar.com\/avatar\/ef450d29013a3d3fba867a12a249d7b1?s=96&d=mm&r=g","caption":"Portal Raizes"},"url":"https:\/\/portalraizesnoticias.com.br\/?author=3"}]}},"_links":{"self":[{"href":"https:\/\/portalraizesnoticias.com.br\/index.php?rest_route=\/wp\/v2\/posts\/9390"}],"collection":[{"href":"https:\/\/portalraizesnoticias.com.br\/index.php?rest_route=\/wp\/v2\/posts"}],"about":[{"href":"https:\/\/portalraizesnoticias.com.br\/index.php?rest_route=\/wp\/v2\/types\/post"}],"author":[{"embeddable":true,"href":"https:\/\/portalraizesnoticias.com.br\/index.php?rest_route=\/wp\/v2\/users\/3"}],"replies":[{"embeddable":true,"href":"https:\/\/portalraizesnoticias.com.br\/index.php?rest_route=%2Fwp%2Fv2%2Fcomments&post=9390"}],"version-history":[{"count":3,"href":"https:\/\/portalraizesnoticias.com.br\/index.php?rest_route=\/wp\/v2\/posts\/9390\/revisions"}],"predecessor-version":[{"id":9394,"href":"https:\/\/portalraizesnoticias.com.br\/index.php?rest_route=\/wp\/v2\/posts\/9390\/revisions\/9394"}],"wp:featuredmedia":[{"embeddable":true,"href":"https:\/\/portalraizesnoticias.com.br\/index.php?rest_route=\/wp\/v2\/media\/9392"}],"wp:attachment":[{"href":"https:\/\/portalraizesnoticias.com.br\/index.php?rest_route=%2Fwp%2Fv2%2Fmedia&parent=9390"}],"wp:term":[{"taxonomy":"category","embeddable":true,"href":"https:\/\/portalraizesnoticias.com.br\/index.php?rest_route=%2Fwp%2Fv2%2Fcategories&post=9390"},{"taxonomy":"post_tag","embeddable":true,"href":"https:\/\/portalraizesnoticias.com.br\/index.php?rest_route=%2Fwp%2Fv2%2Ftags&post=9390"}],"curies":[{"name":"wp","href":"https:\/\/api.w.org\/{rel}","templated":true}]}}