{"id":9233,"date":"2025-11-08T17:23:17","date_gmt":"2025-11-08T20:23:17","guid":{"rendered":"https:\/\/portalraizesnoticias.com.br\/?p=9233"},"modified":"2025-11-08T17:35:30","modified_gmt":"2025-11-08T20:35:30","slug":"populares-lincham-homem-suspeito-de-abusar-de-menina-de-5-anos-no-centro-conceicao-do-coite","status":"publish","type":"post","link":"https:\/\/portalraizesnoticias.com.br\/?p=9233","title":{"rendered":"Populares lincham homem suspeito de abusar de menina de 5 anos no centro Concei\u00e7\u00e3o do Coit\u00e9"},"content":{"rendered":"<p>Um caso de estupro foi registrado por volta de 05h10 deste s\u00e1bado (08), na Rua Padre Madureira, centro de \u00a0Concei\u00e7\u00e3o do Coit\u00e9.<\/p>\n<p><img fetchpriority=\"high\" decoding=\"async\" class=\"size-medium wp-image-8289 aligncenter\" src=\"https:\/\/portalraizesnoticias.com.br\/wp-content\/uploads\/2025\/09\/IMG-20250918-WA0124-300x300.jpg\" alt=\"\" width=\"300\" height=\"300\" srcset=\"https:\/\/portalraizesnoticias.com.br\/wp-content\/uploads\/2025\/09\/IMG-20250918-WA0124-300x300.jpg 300w, https:\/\/portalraizesnoticias.com.br\/wp-content\/uploads\/2025\/09\/IMG-20250918-WA0124-150x150.jpg 150w, https:\/\/portalraizesnoticias.com.br\/wp-content\/uploads\/2025\/09\/IMG-20250918-WA0124-768x768.jpg 768w, https:\/\/portalraizesnoticias.com.br\/wp-content\/uploads\/2025\/09\/IMG-20250918-WA0124.jpg 1000w\" sizes=\"(max-width: 300px) 100vw, 300px\" \/><\/p>\n<p style=\"text-align: center;\"><strong>PUBLICIDADE<\/strong><\/p>\n<p>Segundo informa\u00e7\u00f5es da Pol\u00edcia Militar, a\u00a0 genitora da v\u00edtima relatou que no momento em que estava no interior do ve\u00edculo e estavam deslocando de um povoado para a sede de Coit\u00e9, o indiv\u00edduo mexeu nas partes \u00edntimas da crian\u00e7a de apenas 5 anos.<\/p>\n<p><img decoding=\"async\" class=\"size-medium wp-image-8282 aligncenter\" src=\"https:\/\/portalraizesnoticias.com.br\/wp-content\/uploads\/2025\/09\/IMG-20250917-WA0249-300x229.jpg\" alt=\"\" width=\"300\" height=\"229\" srcset=\"https:\/\/portalraizesnoticias.com.br\/wp-content\/uploads\/2025\/09\/IMG-20250917-WA0249-300x229.jpg 300w, https:\/\/portalraizesnoticias.com.br\/wp-content\/uploads\/2025\/09\/IMG-20250917-WA0249.jpg 752w\" sizes=\"(max-width: 300px) 100vw, 300px\" \/><\/p>\n<p style=\"text-align: center;\"><strong>PUBLICIDADE<\/strong><\/p>\n<p>Quando populares ficaram sabendo da situa\u00e7\u00e3o,\u00a0 realizaram linchamento, momento em que chegou a guarni\u00e7\u00e3o de Concei\u00e7\u00e3o do Coit\u00e9 e conteve a popula\u00e7\u00e3o.<\/p>\n<p>O homem\u00a0 foi conduzido para a delegacia da cidade de Riach\u00e3o do Jacu\u00edpe para a lavratura do flagrante.<\/p>\n<p>Reda\u00e7\u00e3o<\/p>\n","protected":false},"excerpt":{"rendered":"<p>Um caso de estupro foi registrado por volta de 05h10 deste s\u00e1bado (08), na Rua Padre Madureira, centro de \u00a0Concei\u00e7\u00e3o do Coit\u00e9. PUBLICIDADE Segundo informa\u00e7\u00f5es da Pol\u00edcia Militar, a\u00a0 genitora da v\u00edtima relatou que no momento em que estava no interior do ve\u00edculo e estavam deslocando de um povoado para a sede de Coit\u00e9, o indiv\u00edduo mexeu nas partes \u00edntimas da crian\u00e7a de apenas 5 anos. PUBLICIDADE Quando populares ficaram sabendo da situa\u00e7\u00e3o,\u00a0 realizaram linchamento, momento em que chegou a guarni\u00e7\u00e3o de Concei\u00e7\u00e3o do Coit\u00e9 e conteve a popula\u00e7\u00e3o. O homem\u00a0 foi conduzido para a delegacia da cidade de Riach\u00e3o do Jacu\u00edpe para a lavratura do flagrante. Reda\u00e7\u00e3o<\/p>\n","protected":false},"author":3,"featured_media":9234,"comment_status":"open","ping_status":"open","sticky":false,"template":"","format":"standard","meta":{"_joinchat":[],"footnotes":""},"categories":[55,67,59],"tags":[1194,1002],"class_list":["post-9233","post","type-post","status-publish","format-standard","has-post-thumbnail","hentry","category-destaques","category-policia","category-ultimas-noticias","tag-coite-2","tag-estupro"],"yoast_head":"<!-- This site is optimized with the Yoast SEO plugin v24.4 - https:\/\/yoast.com\/wordpress\/plugins\/seo\/ -->\n<title>Populares lincham homem suspeito de abusar de menina de 5 anos no centro Concei\u00e7\u00e3o do Coit\u00e9 - Portal raizes noticias<\/title>\n<meta name=\"robots\" content=\"index, follow, max-snippet:-1, max-image-preview:large, max-video-preview:-1\" \/>\n<link rel=\"canonical\" href=\"https:\/\/portalraizesnoticias.com.br\/?p=9233\" \/>\n<meta property=\"og:locale\" content=\"pt_BR\" \/>\n<meta property=\"og:type\" content=\"article\" \/>\n<meta property=\"og:title\" content=\"Populares lincham homem suspeito de abusar de menina de 5 anos no centro Concei\u00e7\u00e3o do Coit\u00e9 - Portal raizes noticias\" \/>\n<meta property=\"og:description\" content=\"Um caso de estupro foi registrado por volta de 05h10 deste s\u00e1bado (08), na Rua Padre Madureira, centro de \u00a0Concei\u00e7\u00e3o do Coit\u00e9. PUBLICIDADE Segundo informa\u00e7\u00f5es da Pol\u00edcia Militar, a\u00a0 genitora da v\u00edtima relatou que no momento em que estava no interior do ve\u00edculo e estavam deslocando de um povoado para a sede de Coit\u00e9, o indiv\u00edduo mexeu nas partes \u00edntimas da crian\u00e7a de apenas 5 anos. PUBLICIDADE Quando populares ficaram sabendo da situa\u00e7\u00e3o,\u00a0 realizaram linchamento, momento em que chegou a guarni\u00e7\u00e3o de Concei\u00e7\u00e3o do Coit\u00e9 e conteve a popula\u00e7\u00e3o. O homem\u00a0 foi conduzido para a delegacia da cidade de Riach\u00e3o do Jacu\u00edpe para a lavratura do flagrante. Reda\u00e7\u00e3o\" \/>\n<meta property=\"og:url\" content=\"https:\/\/portalraizesnoticias.com.br\/?p=9233\" \/>\n<meta property=\"og:site_name\" content=\"Portal raizes noticias\" \/>\n<meta property=\"article:published_time\" content=\"2025-11-08T20:23:17+00:00\" \/>\n<meta property=\"article:modified_time\" content=\"2025-11-08T20:35:30+00:00\" \/>\n<meta property=\"og:image\" content=\"https:\/\/portalraizesnoticias.com.br\/wp-content\/uploads\/2025\/11\/IMG-20251108-WA0295.jpg\" \/>\n\t<meta property=\"og:image:width\" content=\"613\" \/>\n\t<meta property=\"og:image:height\" content=\"614\" \/>\n\t<meta property=\"og:image:type\" content=\"image\/jpeg\" \/>\n<meta name=\"author\" content=\"Portal Raizes\" \/>\n<meta name=\"twitter:card\" content=\"summary_large_image\" \/>\n<meta name=\"twitter:label1\" content=\"Escrito por\" \/>\n\t<meta name=\"twitter:data1\" content=\"Portal Raizes\" \/>\n\t<meta name=\"twitter:label2\" content=\"Est. tempo de leitura\" \/>\n\t<meta name=\"twitter:data2\" content=\"2 minutos\" \/>\n<script type=\"application\/ld+json\" class=\"yoast-schema-graph\">{\"@context\":\"https:\/\/schema.org\",\"@graph\":[{\"@type\":\"Article\",\"@id\":\"https:\/\/portalraizesnoticias.com.br\/?p=9233#article\",\"isPartOf\":{\"@id\":\"https:\/\/portalraizesnoticias.com.br\/?p=9233\"},\"author\":{\"name\":\"Portal Raizes\",\"@id\":\"https:\/\/portalraizesnoticias.com.br\/#\/schema\/person\/a3ca6b0fc701e78df19756c417d943ae\"},\"headline\":\"Populares lincham homem suspeito de abusar de menina de 5 anos no centro Concei\u00e7\u00e3o do Coit\u00e9\",\"datePublished\":\"2025-11-08T20:23:17+00:00\",\"dateModified\":\"2025-11-08T20:35:30+00:00\",\"mainEntityOfPage\":{\"@id\":\"https:\/\/portalraizesnoticias.com.br\/?p=9233\"},\"wordCount\":137,\"commentCount\":0,\"publisher\":{\"@id\":\"https:\/\/portalraizesnoticias.com.br\/#organization\"},\"image\":{\"@id\":\"https:\/\/portalraizesnoticias.com.br\/?p=9233#primaryimage\"},\"thumbnailUrl\":\"https:\/\/portalraizesnoticias.com.br\/wp-content\/uploads\/2025\/11\/IMG-20251108-WA0295.jpg\",\"keywords\":[\"Coite\",\"Estupro\"],\"articleSection\":[\"DESTAQUES\",\"POLICIA\",\"ULTIMAS NOTICIAS\"],\"inLanguage\":\"pt-BR\",\"potentialAction\":[{\"@type\":\"CommentAction\",\"name\":\"Comment\",\"target\":[\"https:\/\/portalraizesnoticias.com.br\/?p=9233#respond\"]}]},{\"@type\":\"WebPage\",\"@id\":\"https:\/\/portalraizesnoticias.com.br\/?p=9233\",\"url\":\"https:\/\/portalraizesnoticias.com.br\/?p=9233\",\"name\":\"Populares lincham homem suspeito de abusar de menina de 5 anos no centro Concei\u00e7\u00e3o do Coit\u00e9 - Portal raizes noticias\",\"isPartOf\":{\"@id\":\"https:\/\/portalraizesnoticias.com.br\/#website\"},\"primaryImageOfPage\":{\"@id\":\"https:\/\/portalraizesnoticias.com.br\/?p=9233#primaryimage\"},\"image\":{\"@id\":\"https:\/\/portalraizesnoticias.com.br\/?p=9233#primaryimage\"},\"thumbnailUrl\":\"https:\/\/portalraizesnoticias.com.br\/wp-content\/uploads\/2025\/11\/IMG-20251108-WA0295.jpg\",\"datePublished\":\"2025-11-08T20:23:17+00:00\",\"dateModified\":\"2025-11-08T20:35:30+00:00\",\"breadcrumb\":{\"@id\":\"https:\/\/portalraizesnoticias.com.br\/?p=9233#breadcrumb\"},\"inLanguage\":\"pt-BR\",\"potentialAction\":[{\"@type\":\"ReadAction\",\"target\":[\"https:\/\/portalraizesnoticias.com.br\/?p=9233\"]}]},{\"@type\":\"ImageObject\",\"inLanguage\":\"pt-BR\",\"@id\":\"https:\/\/portalraizesnoticias.com.br\/?p=9233#primaryimage\",\"url\":\"https:\/\/portalraizesnoticias.com.br\/wp-content\/uploads\/2025\/11\/IMG-20251108-WA0295.jpg\",\"contentUrl\":\"https:\/\/portalraizesnoticias.com.br\/wp-content\/uploads\/2025\/11\/IMG-20251108-WA0295.jpg\",\"width\":613,\"height\":614},{\"@type\":\"BreadcrumbList\",\"@id\":\"https:\/\/portalraizesnoticias.com.br\/?p=9233#breadcrumb\",\"itemListElement\":[{\"@type\":\"ListItem\",\"position\":1,\"name\":\"In\u00edcio\",\"item\":\"https:\/\/portalraizesnoticias.com.br\/\"},{\"@type\":\"ListItem\",\"position\":2,\"name\":\"Populares lincham homem suspeito de abusar de menina de 5 anos no centro Concei\u00e7\u00e3o do Coit\u00e9\"}]},{\"@type\":\"WebSite\",\"@id\":\"https:\/\/portalraizesnoticias.com.br\/#website\",\"url\":\"https:\/\/portalraizesnoticias.com.br\/\",\"name\":\"Portal raizes NOTICIAS\",\"description\":\"site de noticias de concei\u00e7\u00e3o do coit\u00e9 e regi\u00e3o\",\"publisher\":{\"@id\":\"https:\/\/portalraizesnoticias.com.br\/#organization\"},\"alternateName\":\"PORTAL RAIZES COIT\u00c9\",\"potentialAction\":[{\"@type\":\"SearchAction\",\"target\":{\"@type\":\"EntryPoint\",\"urlTemplate\":\"https:\/\/portalraizesnoticias.com.br\/?s={search_term_string}\"},\"query-input\":{\"@type\":\"PropertyValueSpecification\",\"valueRequired\":true,\"valueName\":\"search_term_string\"}}],\"inLanguage\":\"pt-BR\"},{\"@type\":\"Organization\",\"@id\":\"https:\/\/portalraizesnoticias.com.br\/#organization\",\"name\":\"Portal raizes NOTICIAS\",\"url\":\"https:\/\/portalraizesnoticias.com.br\/\",\"logo\":{\"@type\":\"ImageObject\",\"inLanguage\":\"pt-BR\",\"@id\":\"https:\/\/portalraizesnoticias.com.br\/#\/schema\/logo\/image\/\",\"url\":\"https:\/\/portalraizesnoticias.com.br\/wp-content\/uploads\/2024\/09\/cropped-Captura-de-tela-2024-09-08-011108.png\",\"contentUrl\":\"https:\/\/portalraizesnoticias.com.br\/wp-content\/uploads\/2024\/09\/cropped-Captura-de-tela-2024-09-08-011108.png\",\"width\":606,\"height\":173,\"caption\":\"Portal raizes NOTICIAS\"},\"image\":{\"@id\":\"https:\/\/portalraizesnoticias.com.br\/#\/schema\/logo\/image\/\"}},{\"@type\":\"Person\",\"@id\":\"https:\/\/portalraizesnoticias.com.br\/#\/schema\/person\/a3ca6b0fc701e78df19756c417d943ae\",\"name\":\"Portal Raizes\",\"image\":{\"@type\":\"ImageObject\",\"inLanguage\":\"pt-BR\",\"@id\":\"https:\/\/portalraizesnoticias.com.br\/#\/schema\/person\/image\/\",\"url\":\"https:\/\/secure.gravatar.com\/avatar\/ef450d29013a3d3fba867a12a249d7b1?s=96&d=mm&r=g\",\"contentUrl\":\"https:\/\/secure.gravatar.com\/avatar\/ef450d29013a3d3fba867a12a249d7b1?s=96&d=mm&r=g\",\"caption\":\"Portal Raizes\"},\"url\":\"https:\/\/portalraizesnoticias.com.br\/?author=3\"}]}<\/script>\n<!-- \/ Yoast SEO plugin. -->","yoast_head_json":{"title":"Populares lincham homem suspeito de abusar de menina de 5 anos no centro Concei\u00e7\u00e3o do Coit\u00e9 - Portal raizes noticias","robots":{"index":"index","follow":"follow","max-snippet":"max-snippet:-1","max-image-preview":"max-image-preview:large","max-video-preview":"max-video-preview:-1"},"canonical":"https:\/\/portalraizesnoticias.com.br\/?p=9233","og_locale":"pt_BR","og_type":"article","og_title":"Populares lincham homem suspeito de abusar de menina de 5 anos no centro Concei\u00e7\u00e3o do Coit\u00e9 - Portal raizes noticias","og_description":"Um caso de estupro foi registrado por volta de 05h10 deste s\u00e1bado (08), na Rua Padre Madureira, centro de \u00a0Concei\u00e7\u00e3o do Coit\u00e9. PUBLICIDADE Segundo informa\u00e7\u00f5es da Pol\u00edcia Militar, a\u00a0 genitora da v\u00edtima relatou que no momento em que estava no interior do ve\u00edculo e estavam deslocando de um povoado para a sede de Coit\u00e9, o indiv\u00edduo mexeu nas partes \u00edntimas da crian\u00e7a de apenas 5 anos. PUBLICIDADE Quando populares ficaram sabendo da situa\u00e7\u00e3o,\u00a0 realizaram linchamento, momento em que chegou a guarni\u00e7\u00e3o de Concei\u00e7\u00e3o do Coit\u00e9 e conteve a popula\u00e7\u00e3o. O homem\u00a0 foi conduzido para a delegacia da cidade de Riach\u00e3o do Jacu\u00edpe para a lavratura do flagrante. Reda\u00e7\u00e3o","og_url":"https:\/\/portalraizesnoticias.com.br\/?p=9233","og_site_name":"Portal raizes noticias","article_published_time":"2025-11-08T20:23:17+00:00","article_modified_time":"2025-11-08T20:35:30+00:00","og_image":[{"width":613,"height":614,"url":"https:\/\/portalraizesnoticias.com.br\/wp-content\/uploads\/2025\/11\/IMG-20251108-WA0295.jpg","type":"image\/jpeg"}],"author":"Portal Raizes","twitter_card":"summary_large_image","twitter_misc":{"Escrito por":"Portal Raizes","Est. tempo de leitura":"2 minutos"},"schema":{"@context":"https:\/\/schema.org","@graph":[{"@type":"Article","@id":"https:\/\/portalraizesnoticias.com.br\/?p=9233#article","isPartOf":{"@id":"https:\/\/portalraizesnoticias.com.br\/?p=9233"},"author":{"name":"Portal Raizes","@id":"https:\/\/portalraizesnoticias.com.br\/#\/schema\/person\/a3ca6b0fc701e78df19756c417d943ae"},"headline":"Populares lincham homem suspeito de abusar de menina de 5 anos no centro Concei\u00e7\u00e3o do Coit\u00e9","datePublished":"2025-11-08T20:23:17+00:00","dateModified":"2025-11-08T20:35:30+00:00","mainEntityOfPage":{"@id":"https:\/\/portalraizesnoticias.com.br\/?p=9233"},"wordCount":137,"commentCount":0,"publisher":{"@id":"https:\/\/portalraizesnoticias.com.br\/#organization"},"image":{"@id":"https:\/\/portalraizesnoticias.com.br\/?p=9233#primaryimage"},"thumbnailUrl":"https:\/\/portalraizesnoticias.com.br\/wp-content\/uploads\/2025\/11\/IMG-20251108-WA0295.jpg","keywords":["Coite","Estupro"],"articleSection":["DESTAQUES","POLICIA","ULTIMAS NOTICIAS"],"inLanguage":"pt-BR","potentialAction":[{"@type":"CommentAction","name":"Comment","target":["https:\/\/portalraizesnoticias.com.br\/?p=9233#respond"]}]},{"@type":"WebPage","@id":"https:\/\/portalraizesnoticias.com.br\/?p=9233","url":"https:\/\/portalraizesnoticias.com.br\/?p=9233","name":"Populares lincham homem suspeito de abusar de menina de 5 anos no centro Concei\u00e7\u00e3o do Coit\u00e9 - Portal raizes noticias","isPartOf":{"@id":"https:\/\/portalraizesnoticias.com.br\/#website"},"primaryImageOfPage":{"@id":"https:\/\/portalraizesnoticias.com.br\/?p=9233#primaryimage"},"image":{"@id":"https:\/\/portalraizesnoticias.com.br\/?p=9233#primaryimage"},"thumbnailUrl":"https:\/\/portalraizesnoticias.com.br\/wp-content\/uploads\/2025\/11\/IMG-20251108-WA0295.jpg","datePublished":"2025-11-08T20:23:17+00:00","dateModified":"2025-11-08T20:35:30+00:00","breadcrumb":{"@id":"https:\/\/portalraizesnoticias.com.br\/?p=9233#breadcrumb"},"inLanguage":"pt-BR","potentialAction":[{"@type":"ReadAction","target":["https:\/\/portalraizesnoticias.com.br\/?p=9233"]}]},{"@type":"ImageObject","inLanguage":"pt-BR","@id":"https:\/\/portalraizesnoticias.com.br\/?p=9233#primaryimage","url":"https:\/\/portalraizesnoticias.com.br\/wp-content\/uploads\/2025\/11\/IMG-20251108-WA0295.jpg","contentUrl":"https:\/\/portalraizesnoticias.com.br\/wp-content\/uploads\/2025\/11\/IMG-20251108-WA0295.jpg","width":613,"height":614},{"@type":"BreadcrumbList","@id":"https:\/\/portalraizesnoticias.com.br\/?p=9233#breadcrumb","itemListElement":[{"@type":"ListItem","position":1,"name":"In\u00edcio","item":"https:\/\/portalraizesnoticias.com.br\/"},{"@type":"ListItem","position":2,"name":"Populares lincham homem suspeito de abusar de menina de 5 anos no centro Concei\u00e7\u00e3o do Coit\u00e9"}]},{"@type":"WebSite","@id":"https:\/\/portalraizesnoticias.com.br\/#website","url":"https:\/\/portalraizesnoticias.com.br\/","name":"Portal raizes NOTICIAS","description":"site de noticias de concei\u00e7\u00e3o do coit\u00e9 e regi\u00e3o","publisher":{"@id":"https:\/\/portalraizesnoticias.com.br\/#organization"},"alternateName":"PORTAL RAIZES COIT\u00c9","potentialAction":[{"@type":"SearchAction","target":{"@type":"EntryPoint","urlTemplate":"https:\/\/portalraizesnoticias.com.br\/?s={search_term_string}"},"query-input":{"@type":"PropertyValueSpecification","valueRequired":true,"valueName":"search_term_string"}}],"inLanguage":"pt-BR"},{"@type":"Organization","@id":"https:\/\/portalraizesnoticias.com.br\/#organization","name":"Portal raizes NOTICIAS","url":"https:\/\/portalraizesnoticias.com.br\/","logo":{"@type":"ImageObject","inLanguage":"pt-BR","@id":"https:\/\/portalraizesnoticias.com.br\/#\/schema\/logo\/image\/","url":"https:\/\/portalraizesnoticias.com.br\/wp-content\/uploads\/2024\/09\/cropped-Captura-de-tela-2024-09-08-011108.png","contentUrl":"https:\/\/portalraizesnoticias.com.br\/wp-content\/uploads\/2024\/09\/cropped-Captura-de-tela-2024-09-08-011108.png","width":606,"height":173,"caption":"Portal raizes NOTICIAS"},"image":{"@id":"https:\/\/portalraizesnoticias.com.br\/#\/schema\/logo\/image\/"}},{"@type":"Person","@id":"https:\/\/portalraizesnoticias.com.br\/#\/schema\/person\/a3ca6b0fc701e78df19756c417d943ae","name":"Portal Raizes","image":{"@type":"ImageObject","inLanguage":"pt-BR","@id":"https:\/\/portalraizesnoticias.com.br\/#\/schema\/person\/image\/","url":"https:\/\/secure.gravatar.com\/avatar\/ef450d29013a3d3fba867a12a249d7b1?s=96&d=mm&r=g","contentUrl":"https:\/\/secure.gravatar.com\/avatar\/ef450d29013a3d3fba867a12a249d7b1?s=96&d=mm&r=g","caption":"Portal Raizes"},"url":"https:\/\/portalraizesnoticias.com.br\/?author=3"}]}},"_links":{"self":[{"href":"https:\/\/portalraizesnoticias.com.br\/index.php?rest_route=\/wp\/v2\/posts\/9233"}],"collection":[{"href":"https:\/\/portalraizesnoticias.com.br\/index.php?rest_route=\/wp\/v2\/posts"}],"about":[{"href":"https:\/\/portalraizesnoticias.com.br\/index.php?rest_route=\/wp\/v2\/types\/post"}],"author":[{"embeddable":true,"href":"https:\/\/portalraizesnoticias.com.br\/index.php?rest_route=\/wp\/v2\/users\/3"}],"replies":[{"embeddable":true,"href":"https:\/\/portalraizesnoticias.com.br\/index.php?rest_route=%2Fwp%2Fv2%2Fcomments&post=9233"}],"version-history":[{"count":2,"href":"https:\/\/portalraizesnoticias.com.br\/index.php?rest_route=\/wp\/v2\/posts\/9233\/revisions"}],"predecessor-version":[{"id":9236,"href":"https:\/\/portalraizesnoticias.com.br\/index.php?rest_route=\/wp\/v2\/posts\/9233\/revisions\/9236"}],"wp:featuredmedia":[{"embeddable":true,"href":"https:\/\/portalraizesnoticias.com.br\/index.php?rest_route=\/wp\/v2\/media\/9234"}],"wp:attachment":[{"href":"https:\/\/portalraizesnoticias.com.br\/index.php?rest_route=%2Fwp%2Fv2%2Fmedia&parent=9233"}],"wp:term":[{"taxonomy":"category","embeddable":true,"href":"https:\/\/portalraizesnoticias.com.br\/index.php?rest_route=%2Fwp%2Fv2%2Fcategories&post=9233"},{"taxonomy":"post_tag","embeddable":true,"href":"https:\/\/portalraizesnoticias.com.br\/index.php?rest_route=%2Fwp%2Fv2%2Ftags&post=9233"}],"curies":[{"name":"wp","href":"https:\/\/api.w.org\/{rel}","templated":true}]}}