{"id":9226,"date":"2025-11-07T08:04:54","date_gmt":"2025-11-07T11:04:54","guid":{"rendered":"https:\/\/portalraizesnoticias.com.br\/?p=9226"},"modified":"2025-11-07T08:09:07","modified_gmt":"2025-11-07T11:09:07","slug":"advogado-procura-beca-usada-em-mais-de-700-juris-apos-perda-em-conceicao-do-coite-gratifico-bem-quem-encontrar","status":"publish","type":"post","link":"https:\/\/portalraizesnoticias.com.br\/?p=9226","title":{"rendered":"Advogado procura beca  usada em mais de 700 j\u00faris ap\u00f3s perda em Concei\u00e7\u00e3o do Coit\u00e9: \u201cGratifico bem quem encontrar!\u201d"},"content":{"rendered":"<p>Um dos advogados mais renomados da Bahia, Vivaldo Amaral, vive uma ang\u00fastia desde a \u00faltima quarta-feira (05), ap\u00f3s participar de uma Sess\u00e3o do J\u00fari no F\u00f3rum de Concei\u00e7\u00e3o do Coit\u00e9, na regi\u00e3o sisaleira. O criminalista percebeu que havia perdido um item de grande valor sentimental: sua beca, a tradicional veste preta usada por advogados durante os julgamentos.<\/p>\n<p><strong>Veja tamb\u00e9m:\u00a0<\/strong><\/p>\n<p><a href=\"https:\/\/portalraizesnoticias.com.br\/cabo-da-pm-acusado-de-homicidio-em-queimadas-e-solto-durante-sessao-do-juri-em-conceicao-do-coite-entenda-o-motivo\/\">Cabo da PM acusado de homic\u00eddio em Queimadas \u00e9 solto durante sess\u00e3o do J\u00fari em Concei\u00e7\u00e3o do Coit\u00e9. Entenda o motivo!<\/a><\/p>\n<p><img decoding=\"async\" class=\"size-medium wp-image-9227 aligncenter\" src=\"https:\/\/portalraizesnoticias.com.br\/wp-content\/uploads\/2025\/11\/IMG-20251107-WA0048-109x300.jpg\" alt=\"\" width=\"109\" height=\"300\" srcset=\"https:\/\/portalraizesnoticias.com.br\/wp-content\/uploads\/2025\/11\/IMG-20251107-WA0048-109x300.jpg 109w, https:\/\/portalraizesnoticias.com.br\/wp-content\/uploads\/2025\/11\/IMG-20251107-WA0048-372x1024.jpg 372w, https:\/\/portalraizesnoticias.com.br\/wp-content\/uploads\/2025\/11\/IMG-20251107-WA0048.jpg 458w\" sizes=\"(max-width: 109px) 100vw, 109px\" \/><\/p>\n<p style=\"text-align: center;\"><em>(Vivaldo Amaral)<\/em><\/p>\n<p>De acordo com Vivaldo, a pe\u00e7a o acompanha h\u00e1 mais de 31 anos, sendo considerada por ele uma rel\u00edquia da advocacia baiana.<\/p>\n<p>\u201cS\u00e3o 744 j\u00faris com ela, mais de 90% de sucessos e vit\u00f3rias\u201d, contou o advogado \u00e0 jornalista Rafaela Rodrigues.<\/p>\n<p>Segundo o advogado, a beca pode ter sido esquecida ou ca\u00edda no trajeto entre o F\u00f3rum de Concei\u00e7\u00e3o do Coit\u00e9 e a C\u00e2mara de Vereadores, onde o ve\u00edculo dele estava estacionado ap\u00f3s o julgamento.<\/p>\n<p>O advogado faz um apelo a quem possa ter encontrado a vestimenta:<\/p>\n<p><strong>\u00a0\u201cSe algu\u00e9m a encontrou ca\u00edda ao solo, ligue para mim pelo n\u00famero (71) 99982-7990 ou envie mensagem pelo Instagram @advvivaldoamaral. Tamb\u00e9m pode deix\u00e1-la com o vereador Nego Jai, presidente da C\u00e2mara, que eu buscarei. Gratifico bem quem encontrar\u201d, afirmou.<\/strong><\/p>\n<p>Reda\u00e7\u00e3o<\/p>\n","protected":false},"excerpt":{"rendered":"<p>Um dos advogados mais renomados da Bahia, Vivaldo Amaral, vive uma ang\u00fastia desde a \u00faltima quarta-feira (05), ap\u00f3s participar de uma Sess\u00e3o do J\u00fari no F\u00f3rum de Concei\u00e7\u00e3o do Coit\u00e9, na regi\u00e3o sisaleira. O criminalista percebeu que havia perdido um item de grande valor sentimental: sua beca, a tradicional veste preta usada por advogados durante os julgamentos. Veja tamb\u00e9m:\u00a0 Cabo da PM acusado de homic\u00eddio em Queimadas \u00e9 solto durante sess\u00e3o do J\u00fari em Concei\u00e7\u00e3o do Coit\u00e9. Entenda o motivo! (Vivaldo Amaral) De acordo com Vivaldo, a pe\u00e7a o acompanha h\u00e1 mais de 31 anos, sendo considerada por ele uma rel\u00edquia da advocacia baiana. \u201cS\u00e3o 744 j\u00faris com ela, mais de 90% de sucessos e vit\u00f3rias\u201d, contou o advogado \u00e0 jornalista Rafaela Rodrigues. Segundo o advogado, a beca pode ter sido esquecida ou ca\u00edda no trajeto entre o F\u00f3rum de Concei\u00e7\u00e3o do Coit\u00e9 e a C\u00e2mara de Vereadores, onde o ve\u00edculo dele estava estacionado ap\u00f3s o julgamento. O advogado faz um apelo a quem possa ter encontrado a vestimenta: \u00a0\u201cSe algu\u00e9m a encontrou ca\u00edda ao solo, ligue para mim pelo n\u00famero (71) 99982-7990 ou envie mensagem pelo Instagram @advvivaldoamaral. Tamb\u00e9m pode deix\u00e1-la com o vereador Nego Jai, presidente da C\u00e2mara, que eu buscarei. Gratifico bem quem encontrar\u201d, afirmou. Reda\u00e7\u00e3o<\/p>\n","protected":false},"author":3,"featured_media":9227,"comment_status":"open","ping_status":"open","sticky":false,"template":"","format":"standard","meta":{"_joinchat":[],"footnotes":""},"categories":[55,59],"tags":[1366,75,1367],"class_list":["post-9226","post","type-post","status-publish","format-standard","has-post-thumbnail","hentry","category-destaques","category-ultimas-noticias","tag-beca","tag-coite","tag-perdida"],"yoast_head":"<!-- This site is optimized with the Yoast SEO plugin v24.4 - https:\/\/yoast.com\/wordpress\/plugins\/seo\/ -->\n<title>Advogado procura beca usada em mais de 700 j\u00faris ap\u00f3s perda em Concei\u00e7\u00e3o do Coit\u00e9: \u201cGratifico bem quem encontrar!\u201d - Portal raizes noticias<\/title>\n<meta name=\"robots\" content=\"index, follow, max-snippet:-1, max-image-preview:large, max-video-preview:-1\" \/>\n<link rel=\"canonical\" href=\"https:\/\/portalraizesnoticias.com.br\/?p=9226\" \/>\n<meta property=\"og:locale\" content=\"pt_BR\" \/>\n<meta property=\"og:type\" content=\"article\" \/>\n<meta property=\"og:title\" content=\"Advogado procura beca usada em mais de 700 j\u00faris ap\u00f3s perda em Concei\u00e7\u00e3o do Coit\u00e9: \u201cGratifico bem quem encontrar!\u201d - Portal raizes noticias\" \/>\n<meta property=\"og:description\" content=\"Um dos advogados mais renomados da Bahia, Vivaldo Amaral, vive uma ang\u00fastia desde a \u00faltima quarta-feira (05), ap\u00f3s participar de uma Sess\u00e3o do J\u00fari no F\u00f3rum de Concei\u00e7\u00e3o do Coit\u00e9, na regi\u00e3o sisaleira. O criminalista percebeu que havia perdido um item de grande valor sentimental: sua beca, a tradicional veste preta usada por advogados durante os julgamentos. Veja tamb\u00e9m:\u00a0 Cabo da PM acusado de homic\u00eddio em Queimadas \u00e9 solto durante sess\u00e3o do J\u00fari em Concei\u00e7\u00e3o do Coit\u00e9. Entenda o motivo! (Vivaldo Amaral) De acordo com Vivaldo, a pe\u00e7a o acompanha h\u00e1 mais de 31 anos, sendo considerada por ele uma rel\u00edquia da advocacia baiana. \u201cS\u00e3o 744 j\u00faris com ela, mais de 90% de sucessos e vit\u00f3rias\u201d, contou o advogado \u00e0 jornalista Rafaela Rodrigues. Segundo o advogado, a beca pode ter sido esquecida ou ca\u00edda no trajeto entre o F\u00f3rum de Concei\u00e7\u00e3o do Coit\u00e9 e a C\u00e2mara de Vereadores, onde o ve\u00edculo dele estava estacionado ap\u00f3s o julgamento. O advogado faz um apelo a quem possa ter encontrado a vestimenta: \u00a0\u201cSe algu\u00e9m a encontrou ca\u00edda ao solo, ligue para mim pelo n\u00famero (71) 99982-7990 ou envie mensagem pelo Instagram @advvivaldoamaral. Tamb\u00e9m pode deix\u00e1-la com o vereador Nego Jai, presidente da C\u00e2mara, que eu buscarei. Gratifico bem quem encontrar\u201d, afirmou. Reda\u00e7\u00e3o\" \/>\n<meta property=\"og:url\" content=\"https:\/\/portalraizesnoticias.com.br\/?p=9226\" \/>\n<meta property=\"og:site_name\" content=\"Portal raizes noticias\" \/>\n<meta property=\"article:published_time\" content=\"2025-11-07T11:04:54+00:00\" \/>\n<meta property=\"article:modified_time\" content=\"2025-11-07T11:09:07+00:00\" \/>\n<meta property=\"og:image\" content=\"https:\/\/portalraizesnoticias.com.br\/wp-content\/uploads\/2025\/11\/IMG-20251107-WA0048.jpg\" \/>\n\t<meta property=\"og:image:width\" content=\"458\" \/>\n\t<meta property=\"og:image:height\" content=\"1261\" \/>\n\t<meta property=\"og:image:type\" content=\"image\/jpeg\" \/>\n<meta name=\"author\" content=\"Portal Raizes\" \/>\n<meta name=\"twitter:card\" content=\"summary_large_image\" \/>\n<meta name=\"twitter:label1\" content=\"Escrito por\" \/>\n\t<meta name=\"twitter:data1\" content=\"Portal Raizes\" \/>\n\t<meta name=\"twitter:label2\" content=\"Est. tempo de leitura\" \/>\n\t<meta name=\"twitter:data2\" content=\"2 minutos\" \/>\n<script type=\"application\/ld+json\" class=\"yoast-schema-graph\">{\"@context\":\"https:\/\/schema.org\",\"@graph\":[{\"@type\":\"Article\",\"@id\":\"https:\/\/portalraizesnoticias.com.br\/?p=9226#article\",\"isPartOf\":{\"@id\":\"https:\/\/portalraizesnoticias.com.br\/?p=9226\"},\"author\":{\"name\":\"Portal Raizes\",\"@id\":\"https:\/\/portalraizesnoticias.com.br\/#\/schema\/person\/a3ca6b0fc701e78df19756c417d943ae\"},\"headline\":\"Advogado procura beca usada em mais de 700 j\u00faris ap\u00f3s perda em Concei\u00e7\u00e3o do Coit\u00e9: \u201cGratifico bem quem encontrar!\u201d\",\"datePublished\":\"2025-11-07T11:04:54+00:00\",\"dateModified\":\"2025-11-07T11:09:07+00:00\",\"mainEntityOfPage\":{\"@id\":\"https:\/\/portalraizesnoticias.com.br\/?p=9226\"},\"wordCount\":253,\"commentCount\":0,\"publisher\":{\"@id\":\"https:\/\/portalraizesnoticias.com.br\/#organization\"},\"image\":{\"@id\":\"https:\/\/portalraizesnoticias.com.br\/?p=9226#primaryimage\"},\"thumbnailUrl\":\"https:\/\/portalraizesnoticias.com.br\/wp-content\/uploads\/2025\/11\/IMG-20251107-WA0048.jpg\",\"keywords\":[\"Beca\",\"Coit\u00e9\",\"Perdida\"],\"articleSection\":[\"DESTAQUES\",\"ULTIMAS NOTICIAS\"],\"inLanguage\":\"pt-BR\",\"potentialAction\":[{\"@type\":\"CommentAction\",\"name\":\"Comment\",\"target\":[\"https:\/\/portalraizesnoticias.com.br\/?p=9226#respond\"]}]},{\"@type\":\"WebPage\",\"@id\":\"https:\/\/portalraizesnoticias.com.br\/?p=9226\",\"url\":\"https:\/\/portalraizesnoticias.com.br\/?p=9226\",\"name\":\"Advogado procura beca usada em mais de 700 j\u00faris ap\u00f3s perda em Concei\u00e7\u00e3o do Coit\u00e9: \u201cGratifico bem quem encontrar!\u201d - Portal raizes noticias\",\"isPartOf\":{\"@id\":\"https:\/\/portalraizesnoticias.com.br\/#website\"},\"primaryImageOfPage\":{\"@id\":\"https:\/\/portalraizesnoticias.com.br\/?p=9226#primaryimage\"},\"image\":{\"@id\":\"https:\/\/portalraizesnoticias.com.br\/?p=9226#primaryimage\"},\"thumbnailUrl\":\"https:\/\/portalraizesnoticias.com.br\/wp-content\/uploads\/2025\/11\/IMG-20251107-WA0048.jpg\",\"datePublished\":\"2025-11-07T11:04:54+00:00\",\"dateModified\":\"2025-11-07T11:09:07+00:00\",\"breadcrumb\":{\"@id\":\"https:\/\/portalraizesnoticias.com.br\/?p=9226#breadcrumb\"},\"inLanguage\":\"pt-BR\",\"potentialAction\":[{\"@type\":\"ReadAction\",\"target\":[\"https:\/\/portalraizesnoticias.com.br\/?p=9226\"]}]},{\"@type\":\"ImageObject\",\"inLanguage\":\"pt-BR\",\"@id\":\"https:\/\/portalraizesnoticias.com.br\/?p=9226#primaryimage\",\"url\":\"https:\/\/portalraizesnoticias.com.br\/wp-content\/uploads\/2025\/11\/IMG-20251107-WA0048.jpg\",\"contentUrl\":\"https:\/\/portalraizesnoticias.com.br\/wp-content\/uploads\/2025\/11\/IMG-20251107-WA0048.jpg\",\"width\":458,\"height\":1261},{\"@type\":\"BreadcrumbList\",\"@id\":\"https:\/\/portalraizesnoticias.com.br\/?p=9226#breadcrumb\",\"itemListElement\":[{\"@type\":\"ListItem\",\"position\":1,\"name\":\"In\u00edcio\",\"item\":\"https:\/\/portalraizesnoticias.com.br\/\"},{\"@type\":\"ListItem\",\"position\":2,\"name\":\"Advogado procura beca usada em mais de 700 j\u00faris ap\u00f3s perda em Concei\u00e7\u00e3o do Coit\u00e9: \u201cGratifico bem quem encontrar!\u201d\"}]},{\"@type\":\"WebSite\",\"@id\":\"https:\/\/portalraizesnoticias.com.br\/#website\",\"url\":\"https:\/\/portalraizesnoticias.com.br\/\",\"name\":\"Portal raizes NOTICIAS\",\"description\":\"site de noticias de concei\u00e7\u00e3o do coit\u00e9 e regi\u00e3o\",\"publisher\":{\"@id\":\"https:\/\/portalraizesnoticias.com.br\/#organization\"},\"alternateName\":\"PORTAL RAIZES COIT\u00c9\",\"potentialAction\":[{\"@type\":\"SearchAction\",\"target\":{\"@type\":\"EntryPoint\",\"urlTemplate\":\"https:\/\/portalraizesnoticias.com.br\/?s={search_term_string}\"},\"query-input\":{\"@type\":\"PropertyValueSpecification\",\"valueRequired\":true,\"valueName\":\"search_term_string\"}}],\"inLanguage\":\"pt-BR\"},{\"@type\":\"Organization\",\"@id\":\"https:\/\/portalraizesnoticias.com.br\/#organization\",\"name\":\"Portal raizes NOTICIAS\",\"url\":\"https:\/\/portalraizesnoticias.com.br\/\",\"logo\":{\"@type\":\"ImageObject\",\"inLanguage\":\"pt-BR\",\"@id\":\"https:\/\/portalraizesnoticias.com.br\/#\/schema\/logo\/image\/\",\"url\":\"https:\/\/portalraizesnoticias.com.br\/wp-content\/uploads\/2024\/09\/cropped-Captura-de-tela-2024-09-08-011108.png\",\"contentUrl\":\"https:\/\/portalraizesnoticias.com.br\/wp-content\/uploads\/2024\/09\/cropped-Captura-de-tela-2024-09-08-011108.png\",\"width\":606,\"height\":173,\"caption\":\"Portal raizes NOTICIAS\"},\"image\":{\"@id\":\"https:\/\/portalraizesnoticias.com.br\/#\/schema\/logo\/image\/\"}},{\"@type\":\"Person\",\"@id\":\"https:\/\/portalraizesnoticias.com.br\/#\/schema\/person\/a3ca6b0fc701e78df19756c417d943ae\",\"name\":\"Portal Raizes\",\"image\":{\"@type\":\"ImageObject\",\"inLanguage\":\"pt-BR\",\"@id\":\"https:\/\/portalraizesnoticias.com.br\/#\/schema\/person\/image\/\",\"url\":\"https:\/\/secure.gravatar.com\/avatar\/ef450d29013a3d3fba867a12a249d7b1?s=96&d=mm&r=g\",\"contentUrl\":\"https:\/\/secure.gravatar.com\/avatar\/ef450d29013a3d3fba867a12a249d7b1?s=96&d=mm&r=g\",\"caption\":\"Portal Raizes\"},\"url\":\"https:\/\/portalraizesnoticias.com.br\/?author=3\"}]}<\/script>\n<!-- \/ Yoast SEO plugin. -->","yoast_head_json":{"title":"Advogado procura beca usada em mais de 700 j\u00faris ap\u00f3s perda em Concei\u00e7\u00e3o do Coit\u00e9: \u201cGratifico bem quem encontrar!\u201d - Portal raizes noticias","robots":{"index":"index","follow":"follow","max-snippet":"max-snippet:-1","max-image-preview":"max-image-preview:large","max-video-preview":"max-video-preview:-1"},"canonical":"https:\/\/portalraizesnoticias.com.br\/?p=9226","og_locale":"pt_BR","og_type":"article","og_title":"Advogado procura beca usada em mais de 700 j\u00faris ap\u00f3s perda em Concei\u00e7\u00e3o do Coit\u00e9: \u201cGratifico bem quem encontrar!\u201d - Portal raizes noticias","og_description":"Um dos advogados mais renomados da Bahia, Vivaldo Amaral, vive uma ang\u00fastia desde a \u00faltima quarta-feira (05), ap\u00f3s participar de uma Sess\u00e3o do J\u00fari no F\u00f3rum de Concei\u00e7\u00e3o do Coit\u00e9, na regi\u00e3o sisaleira. O criminalista percebeu que havia perdido um item de grande valor sentimental: sua beca, a tradicional veste preta usada por advogados durante os julgamentos. Veja tamb\u00e9m:\u00a0 Cabo da PM acusado de homic\u00eddio em Queimadas \u00e9 solto durante sess\u00e3o do J\u00fari em Concei\u00e7\u00e3o do Coit\u00e9. Entenda o motivo! (Vivaldo Amaral) De acordo com Vivaldo, a pe\u00e7a o acompanha h\u00e1 mais de 31 anos, sendo considerada por ele uma rel\u00edquia da advocacia baiana. \u201cS\u00e3o 744 j\u00faris com ela, mais de 90% de sucessos e vit\u00f3rias\u201d, contou o advogado \u00e0 jornalista Rafaela Rodrigues. Segundo o advogado, a beca pode ter sido esquecida ou ca\u00edda no trajeto entre o F\u00f3rum de Concei\u00e7\u00e3o do Coit\u00e9 e a C\u00e2mara de Vereadores, onde o ve\u00edculo dele estava estacionado ap\u00f3s o julgamento. O advogado faz um apelo a quem possa ter encontrado a vestimenta: \u00a0\u201cSe algu\u00e9m a encontrou ca\u00edda ao solo, ligue para mim pelo n\u00famero (71) 99982-7990 ou envie mensagem pelo Instagram @advvivaldoamaral. Tamb\u00e9m pode deix\u00e1-la com o vereador Nego Jai, presidente da C\u00e2mara, que eu buscarei. Gratifico bem quem encontrar\u201d, afirmou. Reda\u00e7\u00e3o","og_url":"https:\/\/portalraizesnoticias.com.br\/?p=9226","og_site_name":"Portal raizes noticias","article_published_time":"2025-11-07T11:04:54+00:00","article_modified_time":"2025-11-07T11:09:07+00:00","og_image":[{"width":458,"height":1261,"url":"https:\/\/portalraizesnoticias.com.br\/wp-content\/uploads\/2025\/11\/IMG-20251107-WA0048.jpg","type":"image\/jpeg"}],"author":"Portal Raizes","twitter_card":"summary_large_image","twitter_misc":{"Escrito por":"Portal Raizes","Est. tempo de leitura":"2 minutos"},"schema":{"@context":"https:\/\/schema.org","@graph":[{"@type":"Article","@id":"https:\/\/portalraizesnoticias.com.br\/?p=9226#article","isPartOf":{"@id":"https:\/\/portalraizesnoticias.com.br\/?p=9226"},"author":{"name":"Portal Raizes","@id":"https:\/\/portalraizesnoticias.com.br\/#\/schema\/person\/a3ca6b0fc701e78df19756c417d943ae"},"headline":"Advogado procura beca usada em mais de 700 j\u00faris ap\u00f3s perda em Concei\u00e7\u00e3o do Coit\u00e9: \u201cGratifico bem quem encontrar!\u201d","datePublished":"2025-11-07T11:04:54+00:00","dateModified":"2025-11-07T11:09:07+00:00","mainEntityOfPage":{"@id":"https:\/\/portalraizesnoticias.com.br\/?p=9226"},"wordCount":253,"commentCount":0,"publisher":{"@id":"https:\/\/portalraizesnoticias.com.br\/#organization"},"image":{"@id":"https:\/\/portalraizesnoticias.com.br\/?p=9226#primaryimage"},"thumbnailUrl":"https:\/\/portalraizesnoticias.com.br\/wp-content\/uploads\/2025\/11\/IMG-20251107-WA0048.jpg","keywords":["Beca","Coit\u00e9","Perdida"],"articleSection":["DESTAQUES","ULTIMAS NOTICIAS"],"inLanguage":"pt-BR","potentialAction":[{"@type":"CommentAction","name":"Comment","target":["https:\/\/portalraizesnoticias.com.br\/?p=9226#respond"]}]},{"@type":"WebPage","@id":"https:\/\/portalraizesnoticias.com.br\/?p=9226","url":"https:\/\/portalraizesnoticias.com.br\/?p=9226","name":"Advogado procura beca usada em mais de 700 j\u00faris ap\u00f3s perda em Concei\u00e7\u00e3o do Coit\u00e9: \u201cGratifico bem quem encontrar!\u201d - Portal raizes noticias","isPartOf":{"@id":"https:\/\/portalraizesnoticias.com.br\/#website"},"primaryImageOfPage":{"@id":"https:\/\/portalraizesnoticias.com.br\/?p=9226#primaryimage"},"image":{"@id":"https:\/\/portalraizesnoticias.com.br\/?p=9226#primaryimage"},"thumbnailUrl":"https:\/\/portalraizesnoticias.com.br\/wp-content\/uploads\/2025\/11\/IMG-20251107-WA0048.jpg","datePublished":"2025-11-07T11:04:54+00:00","dateModified":"2025-11-07T11:09:07+00:00","breadcrumb":{"@id":"https:\/\/portalraizesnoticias.com.br\/?p=9226#breadcrumb"},"inLanguage":"pt-BR","potentialAction":[{"@type":"ReadAction","target":["https:\/\/portalraizesnoticias.com.br\/?p=9226"]}]},{"@type":"ImageObject","inLanguage":"pt-BR","@id":"https:\/\/portalraizesnoticias.com.br\/?p=9226#primaryimage","url":"https:\/\/portalraizesnoticias.com.br\/wp-content\/uploads\/2025\/11\/IMG-20251107-WA0048.jpg","contentUrl":"https:\/\/portalraizesnoticias.com.br\/wp-content\/uploads\/2025\/11\/IMG-20251107-WA0048.jpg","width":458,"height":1261},{"@type":"BreadcrumbList","@id":"https:\/\/portalraizesnoticias.com.br\/?p=9226#breadcrumb","itemListElement":[{"@type":"ListItem","position":1,"name":"In\u00edcio","item":"https:\/\/portalraizesnoticias.com.br\/"},{"@type":"ListItem","position":2,"name":"Advogado procura beca usada em mais de 700 j\u00faris ap\u00f3s perda em Concei\u00e7\u00e3o do Coit\u00e9: \u201cGratifico bem quem encontrar!\u201d"}]},{"@type":"WebSite","@id":"https:\/\/portalraizesnoticias.com.br\/#website","url":"https:\/\/portalraizesnoticias.com.br\/","name":"Portal raizes NOTICIAS","description":"site de noticias de concei\u00e7\u00e3o do coit\u00e9 e regi\u00e3o","publisher":{"@id":"https:\/\/portalraizesnoticias.com.br\/#organization"},"alternateName":"PORTAL RAIZES COIT\u00c9","potentialAction":[{"@type":"SearchAction","target":{"@type":"EntryPoint","urlTemplate":"https:\/\/portalraizesnoticias.com.br\/?s={search_term_string}"},"query-input":{"@type":"PropertyValueSpecification","valueRequired":true,"valueName":"search_term_string"}}],"inLanguage":"pt-BR"},{"@type":"Organization","@id":"https:\/\/portalraizesnoticias.com.br\/#organization","name":"Portal raizes NOTICIAS","url":"https:\/\/portalraizesnoticias.com.br\/","logo":{"@type":"ImageObject","inLanguage":"pt-BR","@id":"https:\/\/portalraizesnoticias.com.br\/#\/schema\/logo\/image\/","url":"https:\/\/portalraizesnoticias.com.br\/wp-content\/uploads\/2024\/09\/cropped-Captura-de-tela-2024-09-08-011108.png","contentUrl":"https:\/\/portalraizesnoticias.com.br\/wp-content\/uploads\/2024\/09\/cropped-Captura-de-tela-2024-09-08-011108.png","width":606,"height":173,"caption":"Portal raizes NOTICIAS"},"image":{"@id":"https:\/\/portalraizesnoticias.com.br\/#\/schema\/logo\/image\/"}},{"@type":"Person","@id":"https:\/\/portalraizesnoticias.com.br\/#\/schema\/person\/a3ca6b0fc701e78df19756c417d943ae","name":"Portal Raizes","image":{"@type":"ImageObject","inLanguage":"pt-BR","@id":"https:\/\/portalraizesnoticias.com.br\/#\/schema\/person\/image\/","url":"https:\/\/secure.gravatar.com\/avatar\/ef450d29013a3d3fba867a12a249d7b1?s=96&d=mm&r=g","contentUrl":"https:\/\/secure.gravatar.com\/avatar\/ef450d29013a3d3fba867a12a249d7b1?s=96&d=mm&r=g","caption":"Portal Raizes"},"url":"https:\/\/portalraizesnoticias.com.br\/?author=3"}]}},"_links":{"self":[{"href":"https:\/\/portalraizesnoticias.com.br\/index.php?rest_route=\/wp\/v2\/posts\/9226"}],"collection":[{"href":"https:\/\/portalraizesnoticias.com.br\/index.php?rest_route=\/wp\/v2\/posts"}],"about":[{"href":"https:\/\/portalraizesnoticias.com.br\/index.php?rest_route=\/wp\/v2\/types\/post"}],"author":[{"embeddable":true,"href":"https:\/\/portalraizesnoticias.com.br\/index.php?rest_route=\/wp\/v2\/users\/3"}],"replies":[{"embeddable":true,"href":"https:\/\/portalraizesnoticias.com.br\/index.php?rest_route=%2Fwp%2Fv2%2Fcomments&post=9226"}],"version-history":[{"count":2,"href":"https:\/\/portalraizesnoticias.com.br\/index.php?rest_route=\/wp\/v2\/posts\/9226\/revisions"}],"predecessor-version":[{"id":9229,"href":"https:\/\/portalraizesnoticias.com.br\/index.php?rest_route=\/wp\/v2\/posts\/9226\/revisions\/9229"}],"wp:featuredmedia":[{"embeddable":true,"href":"https:\/\/portalraizesnoticias.com.br\/index.php?rest_route=\/wp\/v2\/media\/9227"}],"wp:attachment":[{"href":"https:\/\/portalraizesnoticias.com.br\/index.php?rest_route=%2Fwp%2Fv2%2Fmedia&parent=9226"}],"wp:term":[{"taxonomy":"category","embeddable":true,"href":"https:\/\/portalraizesnoticias.com.br\/index.php?rest_route=%2Fwp%2Fv2%2Fcategories&post=9226"},{"taxonomy":"post_tag","embeddable":true,"href":"https:\/\/portalraizesnoticias.com.br\/index.php?rest_route=%2Fwp%2Fv2%2Ftags&post=9226"}],"curies":[{"name":"wp","href":"https:\/\/api.w.org\/{rel}","templated":true}]}}