{"id":9217,"date":"2025-11-06T16:58:45","date_gmt":"2025-11-06T19:58:45","guid":{"rendered":"https:\/\/portalraizesnoticias.com.br\/?p=9217"},"modified":"2025-11-06T16:58:46","modified_gmt":"2025-11-06T19:58:46","slug":"homem-e-flagrado-com-cocaina-no-bairro-alto-da-colina-em-conceicao-do-coite","status":"publish","type":"post","link":"https:\/\/portalraizesnoticias.com.br\/?p=9217","title":{"rendered":"Homem \u00e9 flagrado com coca\u00edna no bairro Alto da Colina em Concei\u00e7\u00e3o do Coit\u00e9"},"content":{"rendered":"<p>Um homem de 33 anos, foi conduzido \u00e0 Delegacia de Serrinha na noite de quarta-feira (5), ap\u00f3s ser flagrado com coca\u00edna durante uma abordagem policial no bairro Alto da Colina, em Concei\u00e7\u00e3o do Coit\u00e9.<\/p>\n<p><img fetchpriority=\"high\" decoding=\"async\" class=\"size-medium wp-image-9058 aligncenter\" src=\"https:\/\/portalraizesnoticias.com.br\/wp-content\/uploads\/2025\/10\/M.I-laranja-branco_page-0001-1536x1075-1-300x210.jpg\" alt=\"\" width=\"300\" height=\"210\" srcset=\"https:\/\/portalraizesnoticias.com.br\/wp-content\/uploads\/2025\/10\/M.I-laranja-branco_page-0001-1536x1075-1-300x210.jpg 300w, https:\/\/portalraizesnoticias.com.br\/wp-content\/uploads\/2025\/10\/M.I-laranja-branco_page-0001-1536x1075-1-1024x717.jpg 1024w, https:\/\/portalraizesnoticias.com.br\/wp-content\/uploads\/2025\/10\/M.I-laranja-branco_page-0001-1536x1075-1-768x538.jpg 768w, https:\/\/portalraizesnoticias.com.br\/wp-content\/uploads\/2025\/10\/M.I-laranja-branco_page-0001-1536x1075-1.jpg 1536w\" sizes=\"(max-width: 300px) 100vw, 300px\" \/><\/p>\n<p style=\"text-align: center;\"><strong>PUBLICIDADE<\/strong><\/p>\n<p>De acordo com informa\u00e7\u00f5es da Pol\u00edcia Militar, por volta das 20h30, a guarni\u00e7\u00e3o realizava patrulhamento na Rua Jacinto Ferreira da Costa quando avistou o suspeito sentado na cal\u00e7ada de uma resid\u00eancia, portando alguns materiais. Ao perceber a aproxima\u00e7\u00e3o da viatura, o homem demonstrou nervosismo, o que motivou os policiais a realizarem a abordagem.<\/p>\n<p><img decoding=\"async\" class=\"size-medium wp-image-9057 aligncenter\" src=\"https:\/\/portalraizesnoticias.com.br\/wp-content\/uploads\/2025\/10\/banner-lateral-agencia-Neri-1536x1536-1-300x300.jpg\" alt=\"\" width=\"300\" height=\"300\" srcset=\"https:\/\/portalraizesnoticias.com.br\/wp-content\/uploads\/2025\/10\/banner-lateral-agencia-Neri-1536x1536-1-300x300.jpg 300w, https:\/\/portalraizesnoticias.com.br\/wp-content\/uploads\/2025\/10\/banner-lateral-agencia-Neri-1536x1536-1-1024x1024.jpg 1024w, https:\/\/portalraizesnoticias.com.br\/wp-content\/uploads\/2025\/10\/banner-lateral-agencia-Neri-1536x1536-1-150x150.jpg 150w, https:\/\/portalraizesnoticias.com.br\/wp-content\/uploads\/2025\/10\/banner-lateral-agencia-Neri-1536x1536-1-768x768.jpg 768w, https:\/\/portalraizesnoticias.com.br\/wp-content\/uploads\/2025\/10\/banner-lateral-agencia-Neri-1536x1536-1.jpg 1536w\" sizes=\"(max-width: 300px) 100vw, 300px\" \/><\/p>\n<p style=\"text-align: center;\"><strong>PUBLICIDADE<\/strong><\/p>\n<p>Durante a busca pessoal, os militares encontraram uma embalagem contendo cerca de 50 gramas de subst\u00e2ncia esbranqui\u00e7ada an\u00e1loga \u00e0 coca\u00edna. Questionado, o indiv\u00edduo teria assumido a propriedade da droga, alegando que havia acabado de compr\u00e1-la para consumo pessoal.<\/p>\n<p>Diante da situa\u00e7\u00e3o, o material apreendido e o suspeito foram encaminhados \u00e0 Delegacia de Pol\u00edcia de Serrinha<\/p>\n<p>Reda\u00e7\u00e3o<\/p>\n","protected":false},"excerpt":{"rendered":"<p>Um homem de 33 anos, foi conduzido \u00e0 Delegacia de Serrinha na noite de quarta-feira (5), ap\u00f3s ser flagrado com coca\u00edna durante uma abordagem policial no bairro Alto da Colina, em Concei\u00e7\u00e3o do Coit\u00e9. PUBLICIDADE De acordo com informa\u00e7\u00f5es da Pol\u00edcia Militar, por volta das 20h30, a guarni\u00e7\u00e3o realizava patrulhamento na Rua Jacinto Ferreira da Costa quando avistou o suspeito sentado na cal\u00e7ada de uma resid\u00eancia, portando alguns materiais. Ao perceber a aproxima\u00e7\u00e3o da viatura, o homem demonstrou nervosismo, o que motivou os policiais a realizarem a abordagem. PUBLICIDADE Durante a busca pessoal, os militares encontraram uma embalagem contendo cerca de 50 gramas de subst\u00e2ncia esbranqui\u00e7ada an\u00e1loga \u00e0 coca\u00edna. Questionado, o indiv\u00edduo teria assumido a propriedade da droga, alegando que havia acabado de compr\u00e1-la para consumo pessoal. Diante da situa\u00e7\u00e3o, o material apreendido e o suspeito foram encaminhados \u00e0 Delegacia de Pol\u00edcia de Serrinha Reda\u00e7\u00e3o<\/p>\n","protected":false},"author":3,"featured_media":2340,"comment_status":"open","ping_status":"open","sticky":false,"template":"","format":"standard","meta":{"_joinchat":[],"footnotes":""},"categories":[67,59],"tags":[1364,142,236],"class_list":["post-9217","post","type-post","status-publish","format-standard","has-post-thumbnail","hentry","category-policia","category-ultimas-noticias","tag-cocaina","tag-homem","tag-preso"],"yoast_head":"<!-- This site is optimized with the Yoast SEO plugin v24.4 - https:\/\/yoast.com\/wordpress\/plugins\/seo\/ -->\n<title>Homem \u00e9 flagrado com coca\u00edna no bairro Alto da Colina em Concei\u00e7\u00e3o do Coit\u00e9 - Portal raizes noticias<\/title>\n<meta name=\"robots\" content=\"index, follow, max-snippet:-1, max-image-preview:large, max-video-preview:-1\" \/>\n<link rel=\"canonical\" href=\"https:\/\/portalraizesnoticias.com.br\/?p=9217\" \/>\n<meta property=\"og:locale\" content=\"pt_BR\" \/>\n<meta property=\"og:type\" content=\"article\" \/>\n<meta property=\"og:title\" content=\"Homem \u00e9 flagrado com coca\u00edna no bairro Alto da Colina em Concei\u00e7\u00e3o do Coit\u00e9 - Portal raizes noticias\" \/>\n<meta property=\"og:description\" content=\"Um homem de 33 anos, foi conduzido \u00e0 Delegacia de Serrinha na noite de quarta-feira (5), ap\u00f3s ser flagrado com coca\u00edna durante uma abordagem policial no bairro Alto da Colina, em Concei\u00e7\u00e3o do Coit\u00e9. PUBLICIDADE De acordo com informa\u00e7\u00f5es da Pol\u00edcia Militar, por volta das 20h30, a guarni\u00e7\u00e3o realizava patrulhamento na Rua Jacinto Ferreira da Costa quando avistou o suspeito sentado na cal\u00e7ada de uma resid\u00eancia, portando alguns materiais. Ao perceber a aproxima\u00e7\u00e3o da viatura, o homem demonstrou nervosismo, o que motivou os policiais a realizarem a abordagem. PUBLICIDADE Durante a busca pessoal, os militares encontraram uma embalagem contendo cerca de 50 gramas de subst\u00e2ncia esbranqui\u00e7ada an\u00e1loga \u00e0 coca\u00edna. Questionado, o indiv\u00edduo teria assumido a propriedade da droga, alegando que havia acabado de compr\u00e1-la para consumo pessoal. Diante da situa\u00e7\u00e3o, o material apreendido e o suspeito foram encaminhados \u00e0 Delegacia de Pol\u00edcia de Serrinha Reda\u00e7\u00e3o\" \/>\n<meta property=\"og:url\" content=\"https:\/\/portalraizesnoticias.com.br\/?p=9217\" \/>\n<meta property=\"og:site_name\" content=\"Portal raizes noticias\" \/>\n<meta property=\"article:published_time\" content=\"2025-11-06T19:58:45+00:00\" \/>\n<meta property=\"article:modified_time\" content=\"2025-11-06T19:58:46+00:00\" \/>\n<meta property=\"og:image\" content=\"https:\/\/portalraizesnoticias.com.br\/wp-content\/uploads\/2024\/11\/Viatura-PM-2-qxe2trikbv4eb8q97jy7rc0xly5vmvsb0g7jfq4j1s.jpg\" \/>\n\t<meta property=\"og:image:width\" content=\"800\" \/>\n\t<meta property=\"og:image:height\" content=\"600\" \/>\n\t<meta property=\"og:image:type\" content=\"image\/jpeg\" \/>\n<meta name=\"author\" content=\"Portal Raizes\" \/>\n<meta name=\"twitter:card\" content=\"summary_large_image\" \/>\n<meta name=\"twitter:label1\" content=\"Escrito por\" \/>\n\t<meta name=\"twitter:data1\" content=\"Portal Raizes\" \/>\n\t<meta name=\"twitter:label2\" content=\"Est. tempo de leitura\" \/>\n\t<meta name=\"twitter:data2\" content=\"2 minutos\" \/>\n<script type=\"application\/ld+json\" class=\"yoast-schema-graph\">{\"@context\":\"https:\/\/schema.org\",\"@graph\":[{\"@type\":\"Article\",\"@id\":\"https:\/\/portalraizesnoticias.com.br\/?p=9217#article\",\"isPartOf\":{\"@id\":\"https:\/\/portalraizesnoticias.com.br\/?p=9217\"},\"author\":{\"name\":\"Portal Raizes\",\"@id\":\"https:\/\/portalraizesnoticias.com.br\/#\/schema\/person\/a3ca6b0fc701e78df19756c417d943ae\"},\"headline\":\"Homem \u00e9 flagrado com coca\u00edna no bairro Alto da Colina em Concei\u00e7\u00e3o do Coit\u00e9\",\"datePublished\":\"2025-11-06T19:58:45+00:00\",\"dateModified\":\"2025-11-06T19:58:46+00:00\",\"mainEntityOfPage\":{\"@id\":\"https:\/\/portalraizesnoticias.com.br\/?p=9217\"},\"wordCount\":172,\"commentCount\":0,\"publisher\":{\"@id\":\"https:\/\/portalraizesnoticias.com.br\/#organization\"},\"image\":{\"@id\":\"https:\/\/portalraizesnoticias.com.br\/?p=9217#primaryimage\"},\"thumbnailUrl\":\"https:\/\/portalraizesnoticias.com.br\/wp-content\/uploads\/2024\/11\/Viatura-PM-2-qxe2trikbv4eb8q97jy7rc0xly5vmvsb0g7jfq4j1s.jpg\",\"keywords\":[\"Cocaina\",\"Homem\",\"Preso\"],\"articleSection\":[\"POLICIA\",\"ULTIMAS NOTICIAS\"],\"inLanguage\":\"pt-BR\",\"potentialAction\":[{\"@type\":\"CommentAction\",\"name\":\"Comment\",\"target\":[\"https:\/\/portalraizesnoticias.com.br\/?p=9217#respond\"]}]},{\"@type\":\"WebPage\",\"@id\":\"https:\/\/portalraizesnoticias.com.br\/?p=9217\",\"url\":\"https:\/\/portalraizesnoticias.com.br\/?p=9217\",\"name\":\"Homem \u00e9 flagrado com coca\u00edna no bairro Alto da Colina em Concei\u00e7\u00e3o do Coit\u00e9 - Portal raizes noticias\",\"isPartOf\":{\"@id\":\"https:\/\/portalraizesnoticias.com.br\/#website\"},\"primaryImageOfPage\":{\"@id\":\"https:\/\/portalraizesnoticias.com.br\/?p=9217#primaryimage\"},\"image\":{\"@id\":\"https:\/\/portalraizesnoticias.com.br\/?p=9217#primaryimage\"},\"thumbnailUrl\":\"https:\/\/portalraizesnoticias.com.br\/wp-content\/uploads\/2024\/11\/Viatura-PM-2-qxe2trikbv4eb8q97jy7rc0xly5vmvsb0g7jfq4j1s.jpg\",\"datePublished\":\"2025-11-06T19:58:45+00:00\",\"dateModified\":\"2025-11-06T19:58:46+00:00\",\"breadcrumb\":{\"@id\":\"https:\/\/portalraizesnoticias.com.br\/?p=9217#breadcrumb\"},\"inLanguage\":\"pt-BR\",\"potentialAction\":[{\"@type\":\"ReadAction\",\"target\":[\"https:\/\/portalraizesnoticias.com.br\/?p=9217\"]}]},{\"@type\":\"ImageObject\",\"inLanguage\":\"pt-BR\",\"@id\":\"https:\/\/portalraizesnoticias.com.br\/?p=9217#primaryimage\",\"url\":\"https:\/\/portalraizesnoticias.com.br\/wp-content\/uploads\/2024\/11\/Viatura-PM-2-qxe2trikbv4eb8q97jy7rc0xly5vmvsb0g7jfq4j1s.jpg\",\"contentUrl\":\"https:\/\/portalraizesnoticias.com.br\/wp-content\/uploads\/2024\/11\/Viatura-PM-2-qxe2trikbv4eb8q97jy7rc0xly5vmvsb0g7jfq4j1s.jpg\",\"width\":800,\"height\":600},{\"@type\":\"BreadcrumbList\",\"@id\":\"https:\/\/portalraizesnoticias.com.br\/?p=9217#breadcrumb\",\"itemListElement\":[{\"@type\":\"ListItem\",\"position\":1,\"name\":\"In\u00edcio\",\"item\":\"https:\/\/portalraizesnoticias.com.br\/\"},{\"@type\":\"ListItem\",\"position\":2,\"name\":\"Homem \u00e9 flagrado com coca\u00edna no bairro Alto da Colina em Concei\u00e7\u00e3o do Coit\u00e9\"}]},{\"@type\":\"WebSite\",\"@id\":\"https:\/\/portalraizesnoticias.com.br\/#website\",\"url\":\"https:\/\/portalraizesnoticias.com.br\/\",\"name\":\"Portal raizes NOTICIAS\",\"description\":\"site de noticias de concei\u00e7\u00e3o do coit\u00e9 e regi\u00e3o\",\"publisher\":{\"@id\":\"https:\/\/portalraizesnoticias.com.br\/#organization\"},\"alternateName\":\"PORTAL RAIZES COIT\u00c9\",\"potentialAction\":[{\"@type\":\"SearchAction\",\"target\":{\"@type\":\"EntryPoint\",\"urlTemplate\":\"https:\/\/portalraizesnoticias.com.br\/?s={search_term_string}\"},\"query-input\":{\"@type\":\"PropertyValueSpecification\",\"valueRequired\":true,\"valueName\":\"search_term_string\"}}],\"inLanguage\":\"pt-BR\"},{\"@type\":\"Organization\",\"@id\":\"https:\/\/portalraizesnoticias.com.br\/#organization\",\"name\":\"Portal raizes NOTICIAS\",\"url\":\"https:\/\/portalraizesnoticias.com.br\/\",\"logo\":{\"@type\":\"ImageObject\",\"inLanguage\":\"pt-BR\",\"@id\":\"https:\/\/portalraizesnoticias.com.br\/#\/schema\/logo\/image\/\",\"url\":\"https:\/\/portalraizesnoticias.com.br\/wp-content\/uploads\/2024\/09\/cropped-Captura-de-tela-2024-09-08-011108.png\",\"contentUrl\":\"https:\/\/portalraizesnoticias.com.br\/wp-content\/uploads\/2024\/09\/cropped-Captura-de-tela-2024-09-08-011108.png\",\"width\":606,\"height\":173,\"caption\":\"Portal raizes NOTICIAS\"},\"image\":{\"@id\":\"https:\/\/portalraizesnoticias.com.br\/#\/schema\/logo\/image\/\"}},{\"@type\":\"Person\",\"@id\":\"https:\/\/portalraizesnoticias.com.br\/#\/schema\/person\/a3ca6b0fc701e78df19756c417d943ae\",\"name\":\"Portal Raizes\",\"image\":{\"@type\":\"ImageObject\",\"inLanguage\":\"pt-BR\",\"@id\":\"https:\/\/portalraizesnoticias.com.br\/#\/schema\/person\/image\/\",\"url\":\"https:\/\/secure.gravatar.com\/avatar\/ef450d29013a3d3fba867a12a249d7b1?s=96&d=mm&r=g\",\"contentUrl\":\"https:\/\/secure.gravatar.com\/avatar\/ef450d29013a3d3fba867a12a249d7b1?s=96&d=mm&r=g\",\"caption\":\"Portal Raizes\"},\"url\":\"https:\/\/portalraizesnoticias.com.br\/?author=3\"}]}<\/script>\n<!-- \/ Yoast SEO plugin. -->","yoast_head_json":{"title":"Homem \u00e9 flagrado com coca\u00edna no bairro Alto da Colina em Concei\u00e7\u00e3o do Coit\u00e9 - Portal raizes noticias","robots":{"index":"index","follow":"follow","max-snippet":"max-snippet:-1","max-image-preview":"max-image-preview:large","max-video-preview":"max-video-preview:-1"},"canonical":"https:\/\/portalraizesnoticias.com.br\/?p=9217","og_locale":"pt_BR","og_type":"article","og_title":"Homem \u00e9 flagrado com coca\u00edna no bairro Alto da Colina em Concei\u00e7\u00e3o do Coit\u00e9 - Portal raizes noticias","og_description":"Um homem de 33 anos, foi conduzido \u00e0 Delegacia de Serrinha na noite de quarta-feira (5), ap\u00f3s ser flagrado com coca\u00edna durante uma abordagem policial no bairro Alto da Colina, em Concei\u00e7\u00e3o do Coit\u00e9. PUBLICIDADE De acordo com informa\u00e7\u00f5es da Pol\u00edcia Militar, por volta das 20h30, a guarni\u00e7\u00e3o realizava patrulhamento na Rua Jacinto Ferreira da Costa quando avistou o suspeito sentado na cal\u00e7ada de uma resid\u00eancia, portando alguns materiais. Ao perceber a aproxima\u00e7\u00e3o da viatura, o homem demonstrou nervosismo, o que motivou os policiais a realizarem a abordagem. PUBLICIDADE Durante a busca pessoal, os militares encontraram uma embalagem contendo cerca de 50 gramas de subst\u00e2ncia esbranqui\u00e7ada an\u00e1loga \u00e0 coca\u00edna. Questionado, o indiv\u00edduo teria assumido a propriedade da droga, alegando que havia acabado de compr\u00e1-la para consumo pessoal. Diante da situa\u00e7\u00e3o, o material apreendido e o suspeito foram encaminhados \u00e0 Delegacia de Pol\u00edcia de Serrinha Reda\u00e7\u00e3o","og_url":"https:\/\/portalraizesnoticias.com.br\/?p=9217","og_site_name":"Portal raizes noticias","article_published_time":"2025-11-06T19:58:45+00:00","article_modified_time":"2025-11-06T19:58:46+00:00","og_image":[{"width":800,"height":600,"url":"https:\/\/portalraizesnoticias.com.br\/wp-content\/uploads\/2024\/11\/Viatura-PM-2-qxe2trikbv4eb8q97jy7rc0xly5vmvsb0g7jfq4j1s.jpg","type":"image\/jpeg"}],"author":"Portal Raizes","twitter_card":"summary_large_image","twitter_misc":{"Escrito por":"Portal Raizes","Est. tempo de leitura":"2 minutos"},"schema":{"@context":"https:\/\/schema.org","@graph":[{"@type":"Article","@id":"https:\/\/portalraizesnoticias.com.br\/?p=9217#article","isPartOf":{"@id":"https:\/\/portalraizesnoticias.com.br\/?p=9217"},"author":{"name":"Portal Raizes","@id":"https:\/\/portalraizesnoticias.com.br\/#\/schema\/person\/a3ca6b0fc701e78df19756c417d943ae"},"headline":"Homem \u00e9 flagrado com coca\u00edna no bairro Alto da Colina em Concei\u00e7\u00e3o do Coit\u00e9","datePublished":"2025-11-06T19:58:45+00:00","dateModified":"2025-11-06T19:58:46+00:00","mainEntityOfPage":{"@id":"https:\/\/portalraizesnoticias.com.br\/?p=9217"},"wordCount":172,"commentCount":0,"publisher":{"@id":"https:\/\/portalraizesnoticias.com.br\/#organization"},"image":{"@id":"https:\/\/portalraizesnoticias.com.br\/?p=9217#primaryimage"},"thumbnailUrl":"https:\/\/portalraizesnoticias.com.br\/wp-content\/uploads\/2024\/11\/Viatura-PM-2-qxe2trikbv4eb8q97jy7rc0xly5vmvsb0g7jfq4j1s.jpg","keywords":["Cocaina","Homem","Preso"],"articleSection":["POLICIA","ULTIMAS NOTICIAS"],"inLanguage":"pt-BR","potentialAction":[{"@type":"CommentAction","name":"Comment","target":["https:\/\/portalraizesnoticias.com.br\/?p=9217#respond"]}]},{"@type":"WebPage","@id":"https:\/\/portalraizesnoticias.com.br\/?p=9217","url":"https:\/\/portalraizesnoticias.com.br\/?p=9217","name":"Homem \u00e9 flagrado com coca\u00edna no bairro Alto da Colina em Concei\u00e7\u00e3o do Coit\u00e9 - Portal raizes noticias","isPartOf":{"@id":"https:\/\/portalraizesnoticias.com.br\/#website"},"primaryImageOfPage":{"@id":"https:\/\/portalraizesnoticias.com.br\/?p=9217#primaryimage"},"image":{"@id":"https:\/\/portalraizesnoticias.com.br\/?p=9217#primaryimage"},"thumbnailUrl":"https:\/\/portalraizesnoticias.com.br\/wp-content\/uploads\/2024\/11\/Viatura-PM-2-qxe2trikbv4eb8q97jy7rc0xly5vmvsb0g7jfq4j1s.jpg","datePublished":"2025-11-06T19:58:45+00:00","dateModified":"2025-11-06T19:58:46+00:00","breadcrumb":{"@id":"https:\/\/portalraizesnoticias.com.br\/?p=9217#breadcrumb"},"inLanguage":"pt-BR","potentialAction":[{"@type":"ReadAction","target":["https:\/\/portalraizesnoticias.com.br\/?p=9217"]}]},{"@type":"ImageObject","inLanguage":"pt-BR","@id":"https:\/\/portalraizesnoticias.com.br\/?p=9217#primaryimage","url":"https:\/\/portalraizesnoticias.com.br\/wp-content\/uploads\/2024\/11\/Viatura-PM-2-qxe2trikbv4eb8q97jy7rc0xly5vmvsb0g7jfq4j1s.jpg","contentUrl":"https:\/\/portalraizesnoticias.com.br\/wp-content\/uploads\/2024\/11\/Viatura-PM-2-qxe2trikbv4eb8q97jy7rc0xly5vmvsb0g7jfq4j1s.jpg","width":800,"height":600},{"@type":"BreadcrumbList","@id":"https:\/\/portalraizesnoticias.com.br\/?p=9217#breadcrumb","itemListElement":[{"@type":"ListItem","position":1,"name":"In\u00edcio","item":"https:\/\/portalraizesnoticias.com.br\/"},{"@type":"ListItem","position":2,"name":"Homem \u00e9 flagrado com coca\u00edna no bairro Alto da Colina em Concei\u00e7\u00e3o do Coit\u00e9"}]},{"@type":"WebSite","@id":"https:\/\/portalraizesnoticias.com.br\/#website","url":"https:\/\/portalraizesnoticias.com.br\/","name":"Portal raizes NOTICIAS","description":"site de noticias de concei\u00e7\u00e3o do coit\u00e9 e regi\u00e3o","publisher":{"@id":"https:\/\/portalraizesnoticias.com.br\/#organization"},"alternateName":"PORTAL RAIZES COIT\u00c9","potentialAction":[{"@type":"SearchAction","target":{"@type":"EntryPoint","urlTemplate":"https:\/\/portalraizesnoticias.com.br\/?s={search_term_string}"},"query-input":{"@type":"PropertyValueSpecification","valueRequired":true,"valueName":"search_term_string"}}],"inLanguage":"pt-BR"},{"@type":"Organization","@id":"https:\/\/portalraizesnoticias.com.br\/#organization","name":"Portal raizes NOTICIAS","url":"https:\/\/portalraizesnoticias.com.br\/","logo":{"@type":"ImageObject","inLanguage":"pt-BR","@id":"https:\/\/portalraizesnoticias.com.br\/#\/schema\/logo\/image\/","url":"https:\/\/portalraizesnoticias.com.br\/wp-content\/uploads\/2024\/09\/cropped-Captura-de-tela-2024-09-08-011108.png","contentUrl":"https:\/\/portalraizesnoticias.com.br\/wp-content\/uploads\/2024\/09\/cropped-Captura-de-tela-2024-09-08-011108.png","width":606,"height":173,"caption":"Portal raizes NOTICIAS"},"image":{"@id":"https:\/\/portalraizesnoticias.com.br\/#\/schema\/logo\/image\/"}},{"@type":"Person","@id":"https:\/\/portalraizesnoticias.com.br\/#\/schema\/person\/a3ca6b0fc701e78df19756c417d943ae","name":"Portal Raizes","image":{"@type":"ImageObject","inLanguage":"pt-BR","@id":"https:\/\/portalraizesnoticias.com.br\/#\/schema\/person\/image\/","url":"https:\/\/secure.gravatar.com\/avatar\/ef450d29013a3d3fba867a12a249d7b1?s=96&d=mm&r=g","contentUrl":"https:\/\/secure.gravatar.com\/avatar\/ef450d29013a3d3fba867a12a249d7b1?s=96&d=mm&r=g","caption":"Portal Raizes"},"url":"https:\/\/portalraizesnoticias.com.br\/?author=3"}]}},"_links":{"self":[{"href":"https:\/\/portalraizesnoticias.com.br\/index.php?rest_route=\/wp\/v2\/posts\/9217"}],"collection":[{"href":"https:\/\/portalraizesnoticias.com.br\/index.php?rest_route=\/wp\/v2\/posts"}],"about":[{"href":"https:\/\/portalraizesnoticias.com.br\/index.php?rest_route=\/wp\/v2\/types\/post"}],"author":[{"embeddable":true,"href":"https:\/\/portalraizesnoticias.com.br\/index.php?rest_route=\/wp\/v2\/users\/3"}],"replies":[{"embeddable":true,"href":"https:\/\/portalraizesnoticias.com.br\/index.php?rest_route=%2Fwp%2Fv2%2Fcomments&post=9217"}],"version-history":[{"count":1,"href":"https:\/\/portalraizesnoticias.com.br\/index.php?rest_route=\/wp\/v2\/posts\/9217\/revisions"}],"predecessor-version":[{"id":9218,"href":"https:\/\/portalraizesnoticias.com.br\/index.php?rest_route=\/wp\/v2\/posts\/9217\/revisions\/9218"}],"wp:featuredmedia":[{"embeddable":true,"href":"https:\/\/portalraizesnoticias.com.br\/index.php?rest_route=\/wp\/v2\/media\/2340"}],"wp:attachment":[{"href":"https:\/\/portalraizesnoticias.com.br\/index.php?rest_route=%2Fwp%2Fv2%2Fmedia&parent=9217"}],"wp:term":[{"taxonomy":"category","embeddable":true,"href":"https:\/\/portalraizesnoticias.com.br\/index.php?rest_route=%2Fwp%2Fv2%2Fcategories&post=9217"},{"taxonomy":"post_tag","embeddable":true,"href":"https:\/\/portalraizesnoticias.com.br\/index.php?rest_route=%2Fwp%2Fv2%2Ftags&post=9217"}],"curies":[{"name":"wp","href":"https:\/\/api.w.org\/{rel}","templated":true}]}}