{"id":9198,"date":"2025-11-05T12:09:06","date_gmt":"2025-11-05T15:09:06","guid":{"rendered":"https:\/\/portalraizesnoticias.com.br\/?p=9198"},"modified":"2025-11-05T12:15:11","modified_gmt":"2025-11-05T15:15:11","slug":"cabo-da-pm-acusado-de-homicidio-em-queimadas-e-solto-durante-sessao-do-juri-em-conceicao-do-coite-entenda-o-motivo","status":"publish","type":"post","link":"https:\/\/portalraizesnoticias.com.br\/?p=9198","title":{"rendered":"Cabo da PM acusado de homic\u00eddio em Queimadas \u00e9 solto durante sess\u00e3o do J\u00fari em Concei\u00e7\u00e3o do Coit\u00e9. Entenda o motivo!"},"content":{"rendered":"<p>O cabo da Pol\u00edcia Militar Edmilson Bispo, preso desde setembro de 2023, acusado de matar um jovem de 20 anos no dia 20 de julho do mesmo ano, em Queimadas, foi colocado em liberdade provis\u00f3ria durante uma sess\u00e3o do J\u00fari\u00a0 realizada nesta quarta-feira (5), na Comarca de Concei\u00e7\u00e3o do Coit\u00e9.<\/p>\n<p><img fetchpriority=\"high\" decoding=\"async\" class=\"size-medium wp-image-9058 aligncenter\" src=\"https:\/\/portalraizesnoticias.com.br\/wp-content\/uploads\/2025\/10\/M.I-laranja-branco_page-0001-1536x1075-1-300x210.jpg\" alt=\"\" width=\"300\" height=\"210\" srcset=\"https:\/\/portalraizesnoticias.com.br\/wp-content\/uploads\/2025\/10\/M.I-laranja-branco_page-0001-1536x1075-1-300x210.jpg 300w, https:\/\/portalraizesnoticias.com.br\/wp-content\/uploads\/2025\/10\/M.I-laranja-branco_page-0001-1536x1075-1-1024x717.jpg 1024w, https:\/\/portalraizesnoticias.com.br\/wp-content\/uploads\/2025\/10\/M.I-laranja-branco_page-0001-1536x1075-1-768x538.jpg 768w, https:\/\/portalraizesnoticias.com.br\/wp-content\/uploads\/2025\/10\/M.I-laranja-branco_page-0001-1536x1075-1.jpg 1536w\" sizes=\"(max-width: 300px) 100vw, 300px\" \/><\/p>\n<p style=\"text-align: center;\"><strong>PUBLICIDADE<\/strong><\/p>\n<p>A reportagem do Calila Not\u00edcias, parceira do Portal Ra\u00edzes, explica por que o julgamento, originalmente previsto para ocorrer em Queimadas, foi transferido para Coit\u00e9.<\/p>\n<p><a href=\"https:\/\/www.calilanoticias.com\/2025\/07\/tj-suspende-juri-de-cabo-pm-acusado-de-homicidio-em-queimadas-e-relatora-sugere-que-o-julgamento-aconteca-em-coite\">Clique aqui para entender o motivo<\/a><\/p>\n<p><strong>Audi\u00eancia desta quarta-feira (05)<\/strong><\/p>\n<p>Durante o julgamento realizado nesta quarta-feira (05), o advogado de defesa do r\u00e9u pediu o indeferimento da oitava testemunha apresentada pelo Minist\u00e9rio P\u00fablico, alegando que ela foi indicada fora do prazo previsto no artigo 422 do C\u00f3digo de Processo Penal (CPP). O juiz Gerivaldo Alves Neiva, da Vara Criminal, acatou o pedido.<\/p>\n<p><img decoding=\"async\" class=\"size-medium wp-image-8289 aligncenter\" src=\"https:\/\/portalraizesnoticias.com.br\/wp-content\/uploads\/2025\/09\/IMG-20250918-WA0124-300x300.jpg\" alt=\"\" width=\"300\" height=\"300\" srcset=\"https:\/\/portalraizesnoticias.com.br\/wp-content\/uploads\/2025\/09\/IMG-20250918-WA0124-300x300.jpg 300w, https:\/\/portalraizesnoticias.com.br\/wp-content\/uploads\/2025\/09\/IMG-20250918-WA0124-150x150.jpg 150w, https:\/\/portalraizesnoticias.com.br\/wp-content\/uploads\/2025\/09\/IMG-20250918-WA0124-768x768.jpg 768w, https:\/\/portalraizesnoticias.com.br\/wp-content\/uploads\/2025\/09\/IMG-20250918-WA0124.jpg 1000w\" sizes=\"(max-width: 300px) 100vw, 300px\" \/><\/p>\n<p style=\"text-align: center;\"><strong>PUBLICIDADE<\/strong><\/p>\n<p>Segundo a ata obtida pelo Portal Ra\u00edzes, diante da impossibilidade de ouvir as testemunhas de acusa\u00e7\u00e3o, o Minist\u00e9rio P\u00fablico solicitou a dissolu\u00e7\u00e3o do Conselho de Senten\u00e7a e n\u00e3o se op\u00f4s ao pedido de liberdade provis\u00f3ria do r\u00e9u. O \u00f3rg\u00e3o sugeriu, no entanto, a aplica\u00e7\u00e3o de medidas cautelares, como a proibi\u00e7\u00e3o de manter contato com as v\u00edtimas e demais envolvidos no caso.<\/p>\n<p><img decoding=\"async\" class=\"size-medium wp-image-7771 aligncenter\" src=\"https:\/\/portalraizesnoticias.com.br\/wp-content\/uploads\/2025\/08\/IMG-20250814-WA05541-300x289.jpg\" alt=\"\" width=\"300\" height=\"289\" srcset=\"https:\/\/portalraizesnoticias.com.br\/wp-content\/uploads\/2025\/08\/IMG-20250814-WA05541-300x289.jpg 300w, https:\/\/portalraizesnoticias.com.br\/wp-content\/uploads\/2025\/08\/IMG-20250814-WA05541-1024x988.jpg 1024w, https:\/\/portalraizesnoticias.com.br\/wp-content\/uploads\/2025\/08\/IMG-20250814-WA05541-768x741.jpg 768w, https:\/\/portalraizesnoticias.com.br\/wp-content\/uploads\/2025\/08\/IMG-20250814-WA05541.jpg 1180w\" sizes=\"(max-width: 300px) 100vw, 300px\" \/><\/p>\n<p style=\"text-align: center;\">PUBLICIDADE<\/p>\n<p>A defesa concordou com as condi\u00e7\u00f5es propostas.<\/p>\n<p>Ao final da sess\u00e3o que foi suspensa, o juiz reconheceu o descumprimento de prazos por parte do Minist\u00e9rio P\u00fablico e, com base nisso, concedeu liberdade provis\u00f3ria ao acusado. O magistrado determinou a expedi\u00e7\u00e3o do alvar\u00e1 de soltura e fixou as medidas cautelares sugeridas.<\/p>\n<p>At\u00e9 o momento, ainda n\u00e3o h\u00e1 nova data marcada para o julgamento.<\/p>\n<p>Reda\u00e7\u00e3o<\/p>\n","protected":false},"excerpt":{"rendered":"<p>O cabo da Pol\u00edcia Militar Edmilson Bispo, preso desde setembro de 2023, acusado de matar um jovem de 20 anos no dia 20 de julho do mesmo ano, em Queimadas, foi colocado em liberdade provis\u00f3ria durante uma sess\u00e3o do J\u00fari\u00a0 realizada nesta quarta-feira (5), na Comarca de Concei\u00e7\u00e3o do Coit\u00e9. PUBLICIDADE A reportagem do Calila Not\u00edcias, parceira do Portal Ra\u00edzes, explica por que o julgamento, originalmente previsto para ocorrer em Queimadas, foi transferido para Coit\u00e9. Clique aqui para entender o motivo Audi\u00eancia desta quarta-feira (05) Durante o julgamento realizado nesta quarta-feira (05), o advogado de defesa do r\u00e9u pediu o indeferimento da oitava testemunha apresentada pelo Minist\u00e9rio P\u00fablico, alegando que ela foi indicada fora do prazo previsto no artigo 422 do C\u00f3digo de Processo Penal (CPP). O juiz Gerivaldo Alves Neiva, da Vara Criminal, acatou o pedido. PUBLICIDADE Segundo a ata obtida pelo Portal Ra\u00edzes, diante da impossibilidade de ouvir as testemunhas de acusa\u00e7\u00e3o, o Minist\u00e9rio P\u00fablico solicitou a dissolu\u00e7\u00e3o do Conselho de Senten\u00e7a e n\u00e3o se op\u00f4s ao pedido de liberdade provis\u00f3ria do r\u00e9u. O \u00f3rg\u00e3o sugeriu, no entanto, a aplica\u00e7\u00e3o de medidas cautelares, como a proibi\u00e7\u00e3o de manter contato com as v\u00edtimas e demais envolvidos no caso. PUBLICIDADE A defesa concordou com as condi\u00e7\u00f5es propostas. Ao final da sess\u00e3o que foi suspensa, o juiz reconheceu o descumprimento de prazos por parte do Minist\u00e9rio P\u00fablico e, com base nisso, concedeu liberdade provis\u00f3ria ao acusado. O magistrado determinou a expedi\u00e7\u00e3o do alvar\u00e1 de soltura e fixou as medidas cautelares sugeridas. At\u00e9 o momento, ainda n\u00e3o h\u00e1 nova data marcada para o julgamento. Reda\u00e7\u00e3o<\/p>\n","protected":false},"author":3,"featured_media":9199,"comment_status":"open","ping_status":"open","sticky":false,"template":"","format":"standard","meta":{"_joinchat":[],"footnotes":""},"categories":[55,67,59],"tags":[1360,437,1361],"class_list":["post-9198","post","type-post","status-publish","format-standard","has-post-thumbnail","hentry","category-destaques","category-policia","category-ultimas-noticias","tag-cabo","tag-pm","tag-solto"],"yoast_head":"<!-- This site is optimized with the Yoast SEO plugin v24.4 - https:\/\/yoast.com\/wordpress\/plugins\/seo\/ -->\n<title>Cabo da PM acusado de homic\u00eddio em Queimadas \u00e9 solto durante sess\u00e3o do J\u00fari em Concei\u00e7\u00e3o do Coit\u00e9. Entenda o motivo! - Portal raizes noticias<\/title>\n<meta name=\"robots\" content=\"index, follow, max-snippet:-1, max-image-preview:large, max-video-preview:-1\" \/>\n<link rel=\"canonical\" href=\"https:\/\/portalraizesnoticias.com.br\/?p=9198\" \/>\n<meta property=\"og:locale\" content=\"pt_BR\" \/>\n<meta property=\"og:type\" content=\"article\" \/>\n<meta property=\"og:title\" content=\"Cabo da PM acusado de homic\u00eddio em Queimadas \u00e9 solto durante sess\u00e3o do J\u00fari em Concei\u00e7\u00e3o do Coit\u00e9. Entenda o motivo! - Portal raizes noticias\" \/>\n<meta property=\"og:description\" content=\"O cabo da Pol\u00edcia Militar Edmilson Bispo, preso desde setembro de 2023, acusado de matar um jovem de 20 anos no dia 20 de julho do mesmo ano, em Queimadas, foi colocado em liberdade provis\u00f3ria durante uma sess\u00e3o do J\u00fari\u00a0 realizada nesta quarta-feira (5), na Comarca de Concei\u00e7\u00e3o do Coit\u00e9. PUBLICIDADE A reportagem do Calila Not\u00edcias, parceira do Portal Ra\u00edzes, explica por que o julgamento, originalmente previsto para ocorrer em Queimadas, foi transferido para Coit\u00e9. Clique aqui para entender o motivo Audi\u00eancia desta quarta-feira (05) Durante o julgamento realizado nesta quarta-feira (05), o advogado de defesa do r\u00e9u pediu o indeferimento da oitava testemunha apresentada pelo Minist\u00e9rio P\u00fablico, alegando que ela foi indicada fora do prazo previsto no artigo 422 do C\u00f3digo de Processo Penal (CPP). O juiz Gerivaldo Alves Neiva, da Vara Criminal, acatou o pedido. PUBLICIDADE Segundo a ata obtida pelo Portal Ra\u00edzes, diante da impossibilidade de ouvir as testemunhas de acusa\u00e7\u00e3o, o Minist\u00e9rio P\u00fablico solicitou a dissolu\u00e7\u00e3o do Conselho de Senten\u00e7a e n\u00e3o se op\u00f4s ao pedido de liberdade provis\u00f3ria do r\u00e9u. O \u00f3rg\u00e3o sugeriu, no entanto, a aplica\u00e7\u00e3o de medidas cautelares, como a proibi\u00e7\u00e3o de manter contato com as v\u00edtimas e demais envolvidos no caso. PUBLICIDADE A defesa concordou com as condi\u00e7\u00f5es propostas. Ao final da sess\u00e3o que foi suspensa, o juiz reconheceu o descumprimento de prazos por parte do Minist\u00e9rio P\u00fablico e, com base nisso, concedeu liberdade provis\u00f3ria ao acusado. O magistrado determinou a expedi\u00e7\u00e3o do alvar\u00e1 de soltura e fixou as medidas cautelares sugeridas. At\u00e9 o momento, ainda n\u00e3o h\u00e1 nova data marcada para o julgamento. Reda\u00e7\u00e3o\" \/>\n<meta property=\"og:url\" content=\"https:\/\/portalraizesnoticias.com.br\/?p=9198\" \/>\n<meta property=\"og:site_name\" content=\"Portal raizes noticias\" \/>\n<meta property=\"article:published_time\" content=\"2025-11-05T15:09:06+00:00\" \/>\n<meta property=\"article:modified_time\" content=\"2025-11-05T15:15:11+00:00\" \/>\n<meta property=\"og:image\" content=\"https:\/\/portalraizesnoticias.com.br\/wp-content\/uploads\/2025\/11\/bispo-1751980749.jpg\" \/>\n\t<meta property=\"og:image:width\" content=\"605\" \/>\n\t<meta property=\"og:image:height\" content=\"409\" \/>\n\t<meta property=\"og:image:type\" content=\"image\/jpeg\" \/>\n<meta name=\"author\" content=\"Portal Raizes\" \/>\n<meta name=\"twitter:card\" content=\"summary_large_image\" \/>\n<meta name=\"twitter:label1\" content=\"Escrito por\" \/>\n\t<meta name=\"twitter:data1\" content=\"Portal Raizes\" \/>\n\t<meta name=\"twitter:label2\" content=\"Est. tempo de leitura\" \/>\n\t<meta name=\"twitter:data2\" content=\"3 minutos\" \/>\n<script type=\"application\/ld+json\" class=\"yoast-schema-graph\">{\"@context\":\"https:\/\/schema.org\",\"@graph\":[{\"@type\":\"Article\",\"@id\":\"https:\/\/portalraizesnoticias.com.br\/?p=9198#article\",\"isPartOf\":{\"@id\":\"https:\/\/portalraizesnoticias.com.br\/?p=9198\"},\"author\":{\"name\":\"Portal Raizes\",\"@id\":\"https:\/\/portalraizesnoticias.com.br\/#\/schema\/person\/a3ca6b0fc701e78df19756c417d943ae\"},\"headline\":\"Cabo da PM acusado de homic\u00eddio em Queimadas \u00e9 solto durante sess\u00e3o do J\u00fari em Concei\u00e7\u00e3o do Coit\u00e9. Entenda o motivo!\",\"datePublished\":\"2025-11-05T15:09:06+00:00\",\"dateModified\":\"2025-11-05T15:15:11+00:00\",\"mainEntityOfPage\":{\"@id\":\"https:\/\/portalraizesnoticias.com.br\/?p=9198\"},\"wordCount\":314,\"commentCount\":0,\"publisher\":{\"@id\":\"https:\/\/portalraizesnoticias.com.br\/#organization\"},\"image\":{\"@id\":\"https:\/\/portalraizesnoticias.com.br\/?p=9198#primaryimage\"},\"thumbnailUrl\":\"https:\/\/portalraizesnoticias.com.br\/wp-content\/uploads\/2025\/11\/bispo-1751980749.jpg\",\"keywords\":[\"Cabo\",\"Pm\",\"Solto\"],\"articleSection\":[\"DESTAQUES\",\"POLICIA\",\"ULTIMAS NOTICIAS\"],\"inLanguage\":\"pt-BR\",\"potentialAction\":[{\"@type\":\"CommentAction\",\"name\":\"Comment\",\"target\":[\"https:\/\/portalraizesnoticias.com.br\/?p=9198#respond\"]}]},{\"@type\":\"WebPage\",\"@id\":\"https:\/\/portalraizesnoticias.com.br\/?p=9198\",\"url\":\"https:\/\/portalraizesnoticias.com.br\/?p=9198\",\"name\":\"Cabo da PM acusado de homic\u00eddio em Queimadas \u00e9 solto durante sess\u00e3o do J\u00fari em Concei\u00e7\u00e3o do Coit\u00e9. Entenda o motivo! - Portal raizes noticias\",\"isPartOf\":{\"@id\":\"https:\/\/portalraizesnoticias.com.br\/#website\"},\"primaryImageOfPage\":{\"@id\":\"https:\/\/portalraizesnoticias.com.br\/?p=9198#primaryimage\"},\"image\":{\"@id\":\"https:\/\/portalraizesnoticias.com.br\/?p=9198#primaryimage\"},\"thumbnailUrl\":\"https:\/\/portalraizesnoticias.com.br\/wp-content\/uploads\/2025\/11\/bispo-1751980749.jpg\",\"datePublished\":\"2025-11-05T15:09:06+00:00\",\"dateModified\":\"2025-11-05T15:15:11+00:00\",\"breadcrumb\":{\"@id\":\"https:\/\/portalraizesnoticias.com.br\/?p=9198#breadcrumb\"},\"inLanguage\":\"pt-BR\",\"potentialAction\":[{\"@type\":\"ReadAction\",\"target\":[\"https:\/\/portalraizesnoticias.com.br\/?p=9198\"]}]},{\"@type\":\"ImageObject\",\"inLanguage\":\"pt-BR\",\"@id\":\"https:\/\/portalraizesnoticias.com.br\/?p=9198#primaryimage\",\"url\":\"https:\/\/portalraizesnoticias.com.br\/wp-content\/uploads\/2025\/11\/bispo-1751980749.jpg\",\"contentUrl\":\"https:\/\/portalraizesnoticias.com.br\/wp-content\/uploads\/2025\/11\/bispo-1751980749.jpg\",\"width\":605,\"height\":409},{\"@type\":\"BreadcrumbList\",\"@id\":\"https:\/\/portalraizesnoticias.com.br\/?p=9198#breadcrumb\",\"itemListElement\":[{\"@type\":\"ListItem\",\"position\":1,\"name\":\"In\u00edcio\",\"item\":\"https:\/\/portalraizesnoticias.com.br\/\"},{\"@type\":\"ListItem\",\"position\":2,\"name\":\"Cabo da PM acusado de homic\u00eddio em Queimadas \u00e9 solto durante sess\u00e3o do J\u00fari em Concei\u00e7\u00e3o do Coit\u00e9. Entenda o motivo!\"}]},{\"@type\":\"WebSite\",\"@id\":\"https:\/\/portalraizesnoticias.com.br\/#website\",\"url\":\"https:\/\/portalraizesnoticias.com.br\/\",\"name\":\"Portal raizes NOTICIAS\",\"description\":\"site de noticias de concei\u00e7\u00e3o do coit\u00e9 e regi\u00e3o\",\"publisher\":{\"@id\":\"https:\/\/portalraizesnoticias.com.br\/#organization\"},\"alternateName\":\"PORTAL RAIZES COIT\u00c9\",\"potentialAction\":[{\"@type\":\"SearchAction\",\"target\":{\"@type\":\"EntryPoint\",\"urlTemplate\":\"https:\/\/portalraizesnoticias.com.br\/?s={search_term_string}\"},\"query-input\":{\"@type\":\"PropertyValueSpecification\",\"valueRequired\":true,\"valueName\":\"search_term_string\"}}],\"inLanguage\":\"pt-BR\"},{\"@type\":\"Organization\",\"@id\":\"https:\/\/portalraizesnoticias.com.br\/#organization\",\"name\":\"Portal raizes NOTICIAS\",\"url\":\"https:\/\/portalraizesnoticias.com.br\/\",\"logo\":{\"@type\":\"ImageObject\",\"inLanguage\":\"pt-BR\",\"@id\":\"https:\/\/portalraizesnoticias.com.br\/#\/schema\/logo\/image\/\",\"url\":\"https:\/\/portalraizesnoticias.com.br\/wp-content\/uploads\/2024\/09\/cropped-Captura-de-tela-2024-09-08-011108.png\",\"contentUrl\":\"https:\/\/portalraizesnoticias.com.br\/wp-content\/uploads\/2024\/09\/cropped-Captura-de-tela-2024-09-08-011108.png\",\"width\":606,\"height\":173,\"caption\":\"Portal raizes NOTICIAS\"},\"image\":{\"@id\":\"https:\/\/portalraizesnoticias.com.br\/#\/schema\/logo\/image\/\"}},{\"@type\":\"Person\",\"@id\":\"https:\/\/portalraizesnoticias.com.br\/#\/schema\/person\/a3ca6b0fc701e78df19756c417d943ae\",\"name\":\"Portal Raizes\",\"image\":{\"@type\":\"ImageObject\",\"inLanguage\":\"pt-BR\",\"@id\":\"https:\/\/portalraizesnoticias.com.br\/#\/schema\/person\/image\/\",\"url\":\"https:\/\/secure.gravatar.com\/avatar\/ef450d29013a3d3fba867a12a249d7b1?s=96&d=mm&r=g\",\"contentUrl\":\"https:\/\/secure.gravatar.com\/avatar\/ef450d29013a3d3fba867a12a249d7b1?s=96&d=mm&r=g\",\"caption\":\"Portal Raizes\"},\"url\":\"https:\/\/portalraizesnoticias.com.br\/?author=3\"}]}<\/script>\n<!-- \/ Yoast SEO plugin. -->","yoast_head_json":{"title":"Cabo da PM acusado de homic\u00eddio em Queimadas \u00e9 solto durante sess\u00e3o do J\u00fari em Concei\u00e7\u00e3o do Coit\u00e9. Entenda o motivo! - Portal raizes noticias","robots":{"index":"index","follow":"follow","max-snippet":"max-snippet:-1","max-image-preview":"max-image-preview:large","max-video-preview":"max-video-preview:-1"},"canonical":"https:\/\/portalraizesnoticias.com.br\/?p=9198","og_locale":"pt_BR","og_type":"article","og_title":"Cabo da PM acusado de homic\u00eddio em Queimadas \u00e9 solto durante sess\u00e3o do J\u00fari em Concei\u00e7\u00e3o do Coit\u00e9. Entenda o motivo! - Portal raizes noticias","og_description":"O cabo da Pol\u00edcia Militar Edmilson Bispo, preso desde setembro de 2023, acusado de matar um jovem de 20 anos no dia 20 de julho do mesmo ano, em Queimadas, foi colocado em liberdade provis\u00f3ria durante uma sess\u00e3o do J\u00fari\u00a0 realizada nesta quarta-feira (5), na Comarca de Concei\u00e7\u00e3o do Coit\u00e9. PUBLICIDADE A reportagem do Calila Not\u00edcias, parceira do Portal Ra\u00edzes, explica por que o julgamento, originalmente previsto para ocorrer em Queimadas, foi transferido para Coit\u00e9. Clique aqui para entender o motivo Audi\u00eancia desta quarta-feira (05) Durante o julgamento realizado nesta quarta-feira (05), o advogado de defesa do r\u00e9u pediu o indeferimento da oitava testemunha apresentada pelo Minist\u00e9rio P\u00fablico, alegando que ela foi indicada fora do prazo previsto no artigo 422 do C\u00f3digo de Processo Penal (CPP). O juiz Gerivaldo Alves Neiva, da Vara Criminal, acatou o pedido. PUBLICIDADE Segundo a ata obtida pelo Portal Ra\u00edzes, diante da impossibilidade de ouvir as testemunhas de acusa\u00e7\u00e3o, o Minist\u00e9rio P\u00fablico solicitou a dissolu\u00e7\u00e3o do Conselho de Senten\u00e7a e n\u00e3o se op\u00f4s ao pedido de liberdade provis\u00f3ria do r\u00e9u. O \u00f3rg\u00e3o sugeriu, no entanto, a aplica\u00e7\u00e3o de medidas cautelares, como a proibi\u00e7\u00e3o de manter contato com as v\u00edtimas e demais envolvidos no caso. PUBLICIDADE A defesa concordou com as condi\u00e7\u00f5es propostas. Ao final da sess\u00e3o que foi suspensa, o juiz reconheceu o descumprimento de prazos por parte do Minist\u00e9rio P\u00fablico e, com base nisso, concedeu liberdade provis\u00f3ria ao acusado. O magistrado determinou a expedi\u00e7\u00e3o do alvar\u00e1 de soltura e fixou as medidas cautelares sugeridas. At\u00e9 o momento, ainda n\u00e3o h\u00e1 nova data marcada para o julgamento. Reda\u00e7\u00e3o","og_url":"https:\/\/portalraizesnoticias.com.br\/?p=9198","og_site_name":"Portal raizes noticias","article_published_time":"2025-11-05T15:09:06+00:00","article_modified_time":"2025-11-05T15:15:11+00:00","og_image":[{"width":605,"height":409,"url":"https:\/\/portalraizesnoticias.com.br\/wp-content\/uploads\/2025\/11\/bispo-1751980749.jpg","type":"image\/jpeg"}],"author":"Portal Raizes","twitter_card":"summary_large_image","twitter_misc":{"Escrito por":"Portal Raizes","Est. tempo de leitura":"3 minutos"},"schema":{"@context":"https:\/\/schema.org","@graph":[{"@type":"Article","@id":"https:\/\/portalraizesnoticias.com.br\/?p=9198#article","isPartOf":{"@id":"https:\/\/portalraizesnoticias.com.br\/?p=9198"},"author":{"name":"Portal Raizes","@id":"https:\/\/portalraizesnoticias.com.br\/#\/schema\/person\/a3ca6b0fc701e78df19756c417d943ae"},"headline":"Cabo da PM acusado de homic\u00eddio em Queimadas \u00e9 solto durante sess\u00e3o do J\u00fari em Concei\u00e7\u00e3o do Coit\u00e9. Entenda o motivo!","datePublished":"2025-11-05T15:09:06+00:00","dateModified":"2025-11-05T15:15:11+00:00","mainEntityOfPage":{"@id":"https:\/\/portalraizesnoticias.com.br\/?p=9198"},"wordCount":314,"commentCount":0,"publisher":{"@id":"https:\/\/portalraizesnoticias.com.br\/#organization"},"image":{"@id":"https:\/\/portalraizesnoticias.com.br\/?p=9198#primaryimage"},"thumbnailUrl":"https:\/\/portalraizesnoticias.com.br\/wp-content\/uploads\/2025\/11\/bispo-1751980749.jpg","keywords":["Cabo","Pm","Solto"],"articleSection":["DESTAQUES","POLICIA","ULTIMAS NOTICIAS"],"inLanguage":"pt-BR","potentialAction":[{"@type":"CommentAction","name":"Comment","target":["https:\/\/portalraizesnoticias.com.br\/?p=9198#respond"]}]},{"@type":"WebPage","@id":"https:\/\/portalraizesnoticias.com.br\/?p=9198","url":"https:\/\/portalraizesnoticias.com.br\/?p=9198","name":"Cabo da PM acusado de homic\u00eddio em Queimadas \u00e9 solto durante sess\u00e3o do J\u00fari em Concei\u00e7\u00e3o do Coit\u00e9. Entenda o motivo! - Portal raizes noticias","isPartOf":{"@id":"https:\/\/portalraizesnoticias.com.br\/#website"},"primaryImageOfPage":{"@id":"https:\/\/portalraizesnoticias.com.br\/?p=9198#primaryimage"},"image":{"@id":"https:\/\/portalraizesnoticias.com.br\/?p=9198#primaryimage"},"thumbnailUrl":"https:\/\/portalraizesnoticias.com.br\/wp-content\/uploads\/2025\/11\/bispo-1751980749.jpg","datePublished":"2025-11-05T15:09:06+00:00","dateModified":"2025-11-05T15:15:11+00:00","breadcrumb":{"@id":"https:\/\/portalraizesnoticias.com.br\/?p=9198#breadcrumb"},"inLanguage":"pt-BR","potentialAction":[{"@type":"ReadAction","target":["https:\/\/portalraizesnoticias.com.br\/?p=9198"]}]},{"@type":"ImageObject","inLanguage":"pt-BR","@id":"https:\/\/portalraizesnoticias.com.br\/?p=9198#primaryimage","url":"https:\/\/portalraizesnoticias.com.br\/wp-content\/uploads\/2025\/11\/bispo-1751980749.jpg","contentUrl":"https:\/\/portalraizesnoticias.com.br\/wp-content\/uploads\/2025\/11\/bispo-1751980749.jpg","width":605,"height":409},{"@type":"BreadcrumbList","@id":"https:\/\/portalraizesnoticias.com.br\/?p=9198#breadcrumb","itemListElement":[{"@type":"ListItem","position":1,"name":"In\u00edcio","item":"https:\/\/portalraizesnoticias.com.br\/"},{"@type":"ListItem","position":2,"name":"Cabo da PM acusado de homic\u00eddio em Queimadas \u00e9 solto durante sess\u00e3o do J\u00fari em Concei\u00e7\u00e3o do Coit\u00e9. Entenda o motivo!"}]},{"@type":"WebSite","@id":"https:\/\/portalraizesnoticias.com.br\/#website","url":"https:\/\/portalraizesnoticias.com.br\/","name":"Portal raizes NOTICIAS","description":"site de noticias de concei\u00e7\u00e3o do coit\u00e9 e regi\u00e3o","publisher":{"@id":"https:\/\/portalraizesnoticias.com.br\/#organization"},"alternateName":"PORTAL RAIZES COIT\u00c9","potentialAction":[{"@type":"SearchAction","target":{"@type":"EntryPoint","urlTemplate":"https:\/\/portalraizesnoticias.com.br\/?s={search_term_string}"},"query-input":{"@type":"PropertyValueSpecification","valueRequired":true,"valueName":"search_term_string"}}],"inLanguage":"pt-BR"},{"@type":"Organization","@id":"https:\/\/portalraizesnoticias.com.br\/#organization","name":"Portal raizes NOTICIAS","url":"https:\/\/portalraizesnoticias.com.br\/","logo":{"@type":"ImageObject","inLanguage":"pt-BR","@id":"https:\/\/portalraizesnoticias.com.br\/#\/schema\/logo\/image\/","url":"https:\/\/portalraizesnoticias.com.br\/wp-content\/uploads\/2024\/09\/cropped-Captura-de-tela-2024-09-08-011108.png","contentUrl":"https:\/\/portalraizesnoticias.com.br\/wp-content\/uploads\/2024\/09\/cropped-Captura-de-tela-2024-09-08-011108.png","width":606,"height":173,"caption":"Portal raizes NOTICIAS"},"image":{"@id":"https:\/\/portalraizesnoticias.com.br\/#\/schema\/logo\/image\/"}},{"@type":"Person","@id":"https:\/\/portalraizesnoticias.com.br\/#\/schema\/person\/a3ca6b0fc701e78df19756c417d943ae","name":"Portal Raizes","image":{"@type":"ImageObject","inLanguage":"pt-BR","@id":"https:\/\/portalraizesnoticias.com.br\/#\/schema\/person\/image\/","url":"https:\/\/secure.gravatar.com\/avatar\/ef450d29013a3d3fba867a12a249d7b1?s=96&d=mm&r=g","contentUrl":"https:\/\/secure.gravatar.com\/avatar\/ef450d29013a3d3fba867a12a249d7b1?s=96&d=mm&r=g","caption":"Portal Raizes"},"url":"https:\/\/portalraizesnoticias.com.br\/?author=3"}]}},"_links":{"self":[{"href":"https:\/\/portalraizesnoticias.com.br\/index.php?rest_route=\/wp\/v2\/posts\/9198"}],"collection":[{"href":"https:\/\/portalraizesnoticias.com.br\/index.php?rest_route=\/wp\/v2\/posts"}],"about":[{"href":"https:\/\/portalraizesnoticias.com.br\/index.php?rest_route=\/wp\/v2\/types\/post"}],"author":[{"embeddable":true,"href":"https:\/\/portalraizesnoticias.com.br\/index.php?rest_route=\/wp\/v2\/users\/3"}],"replies":[{"embeddable":true,"href":"https:\/\/portalraizesnoticias.com.br\/index.php?rest_route=%2Fwp%2Fv2%2Fcomments&post=9198"}],"version-history":[{"count":4,"href":"https:\/\/portalraizesnoticias.com.br\/index.php?rest_route=\/wp\/v2\/posts\/9198\/revisions"}],"predecessor-version":[{"id":9204,"href":"https:\/\/portalraizesnoticias.com.br\/index.php?rest_route=\/wp\/v2\/posts\/9198\/revisions\/9204"}],"wp:featuredmedia":[{"embeddable":true,"href":"https:\/\/portalraizesnoticias.com.br\/index.php?rest_route=\/wp\/v2\/media\/9199"}],"wp:attachment":[{"href":"https:\/\/portalraizesnoticias.com.br\/index.php?rest_route=%2Fwp%2Fv2%2Fmedia&parent=9198"}],"wp:term":[{"taxonomy":"category","embeddable":true,"href":"https:\/\/portalraizesnoticias.com.br\/index.php?rest_route=%2Fwp%2Fv2%2Fcategories&post=9198"},{"taxonomy":"post_tag","embeddable":true,"href":"https:\/\/portalraizesnoticias.com.br\/index.php?rest_route=%2Fwp%2Fv2%2Ftags&post=9198"}],"curies":[{"name":"wp","href":"https:\/\/api.w.org\/{rel}","templated":true}]}}