{"id":9180,"date":"2025-11-04T19:47:01","date_gmt":"2025-11-04T22:47:01","guid":{"rendered":"https:\/\/portalraizesnoticias.com.br\/?p=9180"},"modified":"2025-11-04T22:26:32","modified_gmt":"2025-11-05T01:26:32","slug":"coite-cavalo-nao-foi-baleado-aponta-veterinario-ferimento-pode-ser-causado-por-infestacao-de-larvas-de-moscas","status":"publish","type":"post","link":"https:\/\/portalraizesnoticias.com.br\/?p=9180","title":{"rendered":"Coit\u00e9: Cavalo n\u00e3o foi baleado, aponta veterin\u00e1rio; ferimento pode ser causado por infesta\u00e7\u00e3o de larvas de moscas"},"content":{"rendered":"<p>Ap\u00f3s a circula\u00e7\u00e3o de um v\u00eddeo nas redes sociais nesta ter\u00e7a-feira (04), em que um homem afirma que um cavalo teria \u201clevado um tiro de calibre 12\u201d, o Portal Ra\u00edzes buscou um profissional especializado para esclarecer o caso e avaliar a veracidade da informa\u00e7\u00e3o.<\/p>\n<p>De acordo com o m\u00e9dico-veterin\u00e1rio Jamson Rocha, formado pelo Centro Universit\u00e1rio Pio D\u00e9cimo (Aracaju) e atuante na regi\u00e3o sisaleira h\u00e1 16 anos atrav\u00e9s da cl\u00ednica veterin\u00e1ria, O PRODUTOR de Coit\u00e9, o animal n\u00e3o apresenta sinais compat\u00edveis com ferimento provocado por arma de fogo.<\/p>\n<p><img fetchpriority=\"high\" decoding=\"async\" class=\"size-medium wp-image-9182 aligncenter\" src=\"https:\/\/portalraizesnoticias.com.br\/wp-content\/uploads\/2025\/11\/IMG-20251104-WA0274-300x246.jpg\" alt=\"\" width=\"300\" height=\"246\" srcset=\"https:\/\/portalraizesnoticias.com.br\/wp-content\/uploads\/2025\/11\/IMG-20251104-WA0274-300x246.jpg 300w, https:\/\/portalraizesnoticias.com.br\/wp-content\/uploads\/2025\/11\/IMG-20251104-WA0274-768x629.jpg 768w, https:\/\/portalraizesnoticias.com.br\/wp-content\/uploads\/2025\/11\/IMG-20251104-WA0274.jpg 879w\" sizes=\"(max-width: 300px) 100vw, 300px\" \/><\/p>\n<p style=\"text-align: center;\"><strong>Jamson Rocha<\/strong><\/p>\n<p>Segundo o especialista, o cavalo provavelmente sofre de habronemose, uma infec\u00e7\u00e3o causada por larvas de moscas que se instalam em feridas abertas, provocando les\u00f5es de dif\u00edcil cicatriza\u00e7\u00e3o.<\/p>\n<p>\u201cEssa ferida pode ter surgido ao tempo em que o animal permaneceu solto, o que agravou o quadro cl\u00ednico com a mi\u00edase (nome dado \u00e0 infesta\u00e7\u00e3o de larvas de moscas em tecidos vivos de pessoas ou animais&#8221;, explicou o veterin\u00e1rio a jornalista Rafaela Rodrigues.<\/p>\n<p><img decoding=\"async\" class=\"size-medium wp-image-7771 aligncenter\" src=\"https:\/\/portalraizesnoticias.com.br\/wp-content\/uploads\/2025\/08\/IMG-20250814-WA05541-300x289.jpg\" alt=\"\" width=\"300\" height=\"289\" srcset=\"https:\/\/portalraizesnoticias.com.br\/wp-content\/uploads\/2025\/08\/IMG-20250814-WA05541-300x289.jpg 300w, https:\/\/portalraizesnoticias.com.br\/wp-content\/uploads\/2025\/08\/IMG-20250814-WA05541-1024x988.jpg 1024w, https:\/\/portalraizesnoticias.com.br\/wp-content\/uploads\/2025\/08\/IMG-20250814-WA05541-768x741.jpg 768w, https:\/\/portalraizesnoticias.com.br\/wp-content\/uploads\/2025\/08\/IMG-20250814-WA05541.jpg 1180w\" sizes=\"(max-width: 300px) 100vw, 300px\" \/><\/p>\n<p style=\"text-align: center;\"><strong>PUBLICIDADE<\/strong><\/p>\n<p>Jamson destacou ainda que as chances de o cavalo ter sido v\u00edtima de um disparo s\u00e3o praticamente nulas, j\u00e1 que um tiro de calibre 12 causaria perfura\u00e7\u00f5es extensas e atingiria \u00f3rg\u00e3os vitais, como o intestino, levando o animal a \u00f3bito em pouco tempo.<\/p>\n<p><img decoding=\"async\" class=\"size-medium wp-image-8006 aligncenter\" src=\"https:\/\/portalraizesnoticias.com.br\/wp-content\/uploads\/2025\/09\/IMG-20250902-WA0020-300x296.jpg\" alt=\"\" width=\"300\" height=\"296\" srcset=\"https:\/\/portalraizesnoticias.com.br\/wp-content\/uploads\/2025\/09\/IMG-20250902-WA0020-300x296.jpg 300w, https:\/\/portalraizesnoticias.com.br\/wp-content\/uploads\/2025\/09\/IMG-20250902-WA0020-1024x1009.jpg 1024w, https:\/\/portalraizesnoticias.com.br\/wp-content\/uploads\/2025\/09\/IMG-20250902-WA0020-768x757.jpg 768w, https:\/\/portalraizesnoticias.com.br\/wp-content\/uploads\/2025\/09\/IMG-20250902-WA0020.jpg 1080w\" sizes=\"(max-width: 300px) 100vw, 300px\" \/><\/p>\n<p style=\"text-align: center;\"><strong>PUBLICIDADE<\/strong><\/p>\n<p>O profissional refor\u00e7ou a import\u00e2ncia do acompanhamento veterin\u00e1rio e do tratamento adequado, que inclui limpeza local, uso de verm\u00edfugos e controle de moscas.<\/p>\n<p><img loading=\"lazy\" decoding=\"async\" class=\"size-medium wp-image-8289 aligncenter\" src=\"https:\/\/portalraizesnoticias.com.br\/wp-content\/uploads\/2025\/09\/IMG-20250918-WA0124-300x300.jpg\" alt=\"\" width=\"300\" height=\"300\" srcset=\"https:\/\/portalraizesnoticias.com.br\/wp-content\/uploads\/2025\/09\/IMG-20250918-WA0124-300x300.jpg 300w, https:\/\/portalraizesnoticias.com.br\/wp-content\/uploads\/2025\/09\/IMG-20250918-WA0124-150x150.jpg 150w, https:\/\/portalraizesnoticias.com.br\/wp-content\/uploads\/2025\/09\/IMG-20250918-WA0124-768x768.jpg 768w, https:\/\/portalraizesnoticias.com.br\/wp-content\/uploads\/2025\/09\/IMG-20250918-WA0124.jpg 1000w\" sizes=\"(max-width: 300px) 100vw, 300px\" \/><\/p>\n<p style=\"text-align: center;\"><strong>PUBLICIDADE<\/strong><\/p>\n<p><span style=\"font-size: revert; color: initial;\">&#8220;Com os cuidados corretos, o cavalo tem boas chances de recupera\u00e7\u00e3o em aproximadamente 60 dias&#8221;, finaliza.\u00a0<\/span><\/p>\n<p>Reda\u00e7\u00e3o<\/p>\n<p>Fotos: Redes sociais<\/p>\n","protected":false},"excerpt":{"rendered":"<p>Ap\u00f3s a circula\u00e7\u00e3o de um v\u00eddeo nas redes sociais nesta ter\u00e7a-feira (04), em que um homem afirma que um cavalo teria \u201clevado um tiro de calibre 12\u201d, o Portal Ra\u00edzes buscou um profissional especializado para esclarecer o caso e avaliar a veracidade da informa\u00e7\u00e3o. De acordo com o m\u00e9dico-veterin\u00e1rio Jamson Rocha, formado pelo Centro Universit\u00e1rio Pio D\u00e9cimo (Aracaju) e atuante na regi\u00e3o sisaleira h\u00e1 16 anos atrav\u00e9s da cl\u00ednica veterin\u00e1ria, O PRODUTOR de Coit\u00e9, o animal n\u00e3o apresenta sinais compat\u00edveis com ferimento provocado por arma de fogo. Jamson Rocha Segundo o especialista, o cavalo provavelmente sofre de habronemose, uma infec\u00e7\u00e3o causada por larvas de moscas que se instalam em feridas abertas, provocando les\u00f5es de dif\u00edcil cicatriza\u00e7\u00e3o. \u201cEssa ferida pode ter surgido ao tempo em que o animal permaneceu solto, o que agravou o quadro cl\u00ednico com a mi\u00edase (nome dado \u00e0 infesta\u00e7\u00e3o de larvas de moscas em tecidos vivos de pessoas ou animais&#8221;, explicou o veterin\u00e1rio a jornalista Rafaela Rodrigues. PUBLICIDADE Jamson destacou ainda que as chances de o cavalo ter sido v\u00edtima de um disparo s\u00e3o praticamente nulas, j\u00e1 que um tiro de calibre 12 causaria perfura\u00e7\u00f5es extensas e atingiria \u00f3rg\u00e3os vitais, como o intestino, levando o animal a \u00f3bito em pouco tempo. PUBLICIDADE O profissional refor\u00e7ou a import\u00e2ncia do acompanhamento veterin\u00e1rio e do tratamento adequado, que inclui limpeza local, uso de verm\u00edfugos e controle de moscas. PUBLICIDADE &#8220;Com os cuidados corretos, o cavalo tem boas chances de recupera\u00e7\u00e3o em aproximadamente 60 dias&#8221;, finaliza.\u00a0 Reda\u00e7\u00e3o Fotos: Redes sociais<\/p>\n","protected":false},"author":3,"featured_media":9183,"comment_status":"open","ping_status":"open","sticky":false,"template":"","format":"standard","meta":{"_joinchat":[],"footnotes":""},"categories":[55,86,59],"tags":[141,75,1358,1359],"class_list":["post-9180","post","type-post","status-publish","format-standard","has-post-thumbnail","hentry","category-destaques","category-saude","category-ultimas-noticias","tag-cavalo","tag-coite","tag-larva","tag-moscas"],"yoast_head":"<!-- This site is optimized with the Yoast SEO plugin v24.4 - https:\/\/yoast.com\/wordpress\/plugins\/seo\/ -->\n<title>Coit\u00e9: Cavalo n\u00e3o foi baleado, aponta veterin\u00e1rio; ferimento pode ser causado por infesta\u00e7\u00e3o de larvas de moscas - Portal raizes noticias<\/title>\n<meta name=\"robots\" content=\"index, follow, max-snippet:-1, max-image-preview:large, max-video-preview:-1\" \/>\n<link rel=\"canonical\" href=\"https:\/\/portalraizesnoticias.com.br\/?p=9180\" \/>\n<meta property=\"og:locale\" content=\"pt_BR\" \/>\n<meta property=\"og:type\" content=\"article\" \/>\n<meta property=\"og:title\" content=\"Coit\u00e9: Cavalo n\u00e3o foi baleado, aponta veterin\u00e1rio; ferimento pode ser causado por infesta\u00e7\u00e3o de larvas de moscas - Portal raizes noticias\" \/>\n<meta property=\"og:description\" content=\"Ap\u00f3s a circula\u00e7\u00e3o de um v\u00eddeo nas redes sociais nesta ter\u00e7a-feira (04), em que um homem afirma que um cavalo teria \u201clevado um tiro de calibre 12\u201d, o Portal Ra\u00edzes buscou um profissional especializado para esclarecer o caso e avaliar a veracidade da informa\u00e7\u00e3o. De acordo com o m\u00e9dico-veterin\u00e1rio Jamson Rocha, formado pelo Centro Universit\u00e1rio Pio D\u00e9cimo (Aracaju) e atuante na regi\u00e3o sisaleira h\u00e1 16 anos atrav\u00e9s da cl\u00ednica veterin\u00e1ria, O PRODUTOR de Coit\u00e9, o animal n\u00e3o apresenta sinais compat\u00edveis com ferimento provocado por arma de fogo. Jamson Rocha Segundo o especialista, o cavalo provavelmente sofre de habronemose, uma infec\u00e7\u00e3o causada por larvas de moscas que se instalam em feridas abertas, provocando les\u00f5es de dif\u00edcil cicatriza\u00e7\u00e3o. \u201cEssa ferida pode ter surgido ao tempo em que o animal permaneceu solto, o que agravou o quadro cl\u00ednico com a mi\u00edase (nome dado \u00e0 infesta\u00e7\u00e3o de larvas de moscas em tecidos vivos de pessoas ou animais&#8221;, explicou o veterin\u00e1rio a jornalista Rafaela Rodrigues. PUBLICIDADE Jamson destacou ainda que as chances de o cavalo ter sido v\u00edtima de um disparo s\u00e3o praticamente nulas, j\u00e1 que um tiro de calibre 12 causaria perfura\u00e7\u00f5es extensas e atingiria \u00f3rg\u00e3os vitais, como o intestino, levando o animal a \u00f3bito em pouco tempo. PUBLICIDADE O profissional refor\u00e7ou a import\u00e2ncia do acompanhamento veterin\u00e1rio e do tratamento adequado, que inclui limpeza local, uso de verm\u00edfugos e controle de moscas. PUBLICIDADE &#8220;Com os cuidados corretos, o cavalo tem boas chances de recupera\u00e7\u00e3o em aproximadamente 60 dias&#8221;, finaliza.\u00a0 Reda\u00e7\u00e3o Fotos: Redes sociais\" \/>\n<meta property=\"og:url\" content=\"https:\/\/portalraizesnoticias.com.br\/?p=9180\" \/>\n<meta property=\"og:site_name\" content=\"Portal raizes noticias\" \/>\n<meta property=\"article:published_time\" content=\"2025-11-04T22:47:01+00:00\" \/>\n<meta property=\"article:modified_time\" content=\"2025-11-05T01:26:32+00:00\" \/>\n<meta property=\"og:image\" content=\"https:\/\/portalraizesnoticias.com.br\/wp-content\/uploads\/2025\/11\/IMG-20251104-WA0277.jpg\" \/>\n\t<meta property=\"og:image:width\" content=\"1600\" \/>\n\t<meta property=\"og:image:height\" content=\"1600\" \/>\n\t<meta property=\"og:image:type\" content=\"image\/jpeg\" \/>\n<meta name=\"author\" content=\"Portal Raizes\" \/>\n<meta name=\"twitter:card\" content=\"summary_large_image\" \/>\n<meta name=\"twitter:label1\" content=\"Escrito por\" \/>\n\t<meta name=\"twitter:data1\" content=\"Portal Raizes\" \/>\n\t<meta name=\"twitter:label2\" content=\"Est. tempo de leitura\" \/>\n\t<meta name=\"twitter:data2\" content=\"3 minutos\" \/>\n<script type=\"application\/ld+json\" class=\"yoast-schema-graph\">{\"@context\":\"https:\/\/schema.org\",\"@graph\":[{\"@type\":\"Article\",\"@id\":\"https:\/\/portalraizesnoticias.com.br\/?p=9180#article\",\"isPartOf\":{\"@id\":\"https:\/\/portalraizesnoticias.com.br\/?p=9180\"},\"author\":{\"name\":\"Portal Raizes\",\"@id\":\"https:\/\/portalraizesnoticias.com.br\/#\/schema\/person\/a3ca6b0fc701e78df19756c417d943ae\"},\"headline\":\"Coit\u00e9: Cavalo n\u00e3o foi baleado, aponta veterin\u00e1rio; ferimento pode ser causado por infesta\u00e7\u00e3o de larvas de moscas\",\"datePublished\":\"2025-11-04T22:47:01+00:00\",\"dateModified\":\"2025-11-05T01:26:32+00:00\",\"mainEntityOfPage\":{\"@id\":\"https:\/\/portalraizesnoticias.com.br\/?p=9180\"},\"wordCount\":297,\"commentCount\":0,\"publisher\":{\"@id\":\"https:\/\/portalraizesnoticias.com.br\/#organization\"},\"image\":{\"@id\":\"https:\/\/portalraizesnoticias.com.br\/?p=9180#primaryimage\"},\"thumbnailUrl\":\"https:\/\/portalraizesnoticias.com.br\/wp-content\/uploads\/2025\/11\/IMG-20251104-WA0277.jpg\",\"keywords\":[\"Cavalo\",\"Coit\u00e9\",\"Larva\",\"Moscas\"],\"articleSection\":[\"DESTAQUES\",\"SA\u00daDE\",\"ULTIMAS NOTICIAS\"],\"inLanguage\":\"pt-BR\",\"potentialAction\":[{\"@type\":\"CommentAction\",\"name\":\"Comment\",\"target\":[\"https:\/\/portalraizesnoticias.com.br\/?p=9180#respond\"]}]},{\"@type\":\"WebPage\",\"@id\":\"https:\/\/portalraizesnoticias.com.br\/?p=9180\",\"url\":\"https:\/\/portalraizesnoticias.com.br\/?p=9180\",\"name\":\"Coit\u00e9: Cavalo n\u00e3o foi baleado, aponta veterin\u00e1rio; ferimento pode ser causado por infesta\u00e7\u00e3o de larvas de moscas - Portal raizes noticias\",\"isPartOf\":{\"@id\":\"https:\/\/portalraizesnoticias.com.br\/#website\"},\"primaryImageOfPage\":{\"@id\":\"https:\/\/portalraizesnoticias.com.br\/?p=9180#primaryimage\"},\"image\":{\"@id\":\"https:\/\/portalraizesnoticias.com.br\/?p=9180#primaryimage\"},\"thumbnailUrl\":\"https:\/\/portalraizesnoticias.com.br\/wp-content\/uploads\/2025\/11\/IMG-20251104-WA0277.jpg\",\"datePublished\":\"2025-11-04T22:47:01+00:00\",\"dateModified\":\"2025-11-05T01:26:32+00:00\",\"breadcrumb\":{\"@id\":\"https:\/\/portalraizesnoticias.com.br\/?p=9180#breadcrumb\"},\"inLanguage\":\"pt-BR\",\"potentialAction\":[{\"@type\":\"ReadAction\",\"target\":[\"https:\/\/portalraizesnoticias.com.br\/?p=9180\"]}]},{\"@type\":\"ImageObject\",\"inLanguage\":\"pt-BR\",\"@id\":\"https:\/\/portalraizesnoticias.com.br\/?p=9180#primaryimage\",\"url\":\"https:\/\/portalraizesnoticias.com.br\/wp-content\/uploads\/2025\/11\/IMG-20251104-WA0277.jpg\",\"contentUrl\":\"https:\/\/portalraizesnoticias.com.br\/wp-content\/uploads\/2025\/11\/IMG-20251104-WA0277.jpg\",\"width\":1600,\"height\":1600},{\"@type\":\"BreadcrumbList\",\"@id\":\"https:\/\/portalraizesnoticias.com.br\/?p=9180#breadcrumb\",\"itemListElement\":[{\"@type\":\"ListItem\",\"position\":1,\"name\":\"In\u00edcio\",\"item\":\"https:\/\/portalraizesnoticias.com.br\/\"},{\"@type\":\"ListItem\",\"position\":2,\"name\":\"Coit\u00e9: Cavalo n\u00e3o foi baleado, aponta veterin\u00e1rio; ferimento pode ser causado por infesta\u00e7\u00e3o de larvas de moscas\"}]},{\"@type\":\"WebSite\",\"@id\":\"https:\/\/portalraizesnoticias.com.br\/#website\",\"url\":\"https:\/\/portalraizesnoticias.com.br\/\",\"name\":\"Portal raizes NOTICIAS\",\"description\":\"site de noticias de concei\u00e7\u00e3o do coit\u00e9 e regi\u00e3o\",\"publisher\":{\"@id\":\"https:\/\/portalraizesnoticias.com.br\/#organization\"},\"alternateName\":\"PORTAL RAIZES COIT\u00c9\",\"potentialAction\":[{\"@type\":\"SearchAction\",\"target\":{\"@type\":\"EntryPoint\",\"urlTemplate\":\"https:\/\/portalraizesnoticias.com.br\/?s={search_term_string}\"},\"query-input\":{\"@type\":\"PropertyValueSpecification\",\"valueRequired\":true,\"valueName\":\"search_term_string\"}}],\"inLanguage\":\"pt-BR\"},{\"@type\":\"Organization\",\"@id\":\"https:\/\/portalraizesnoticias.com.br\/#organization\",\"name\":\"Portal raizes NOTICIAS\",\"url\":\"https:\/\/portalraizesnoticias.com.br\/\",\"logo\":{\"@type\":\"ImageObject\",\"inLanguage\":\"pt-BR\",\"@id\":\"https:\/\/portalraizesnoticias.com.br\/#\/schema\/logo\/image\/\",\"url\":\"https:\/\/portalraizesnoticias.com.br\/wp-content\/uploads\/2024\/09\/cropped-Captura-de-tela-2024-09-08-011108.png\",\"contentUrl\":\"https:\/\/portalraizesnoticias.com.br\/wp-content\/uploads\/2024\/09\/cropped-Captura-de-tela-2024-09-08-011108.png\",\"width\":606,\"height\":173,\"caption\":\"Portal raizes NOTICIAS\"},\"image\":{\"@id\":\"https:\/\/portalraizesnoticias.com.br\/#\/schema\/logo\/image\/\"}},{\"@type\":\"Person\",\"@id\":\"https:\/\/portalraizesnoticias.com.br\/#\/schema\/person\/a3ca6b0fc701e78df19756c417d943ae\",\"name\":\"Portal Raizes\",\"image\":{\"@type\":\"ImageObject\",\"inLanguage\":\"pt-BR\",\"@id\":\"https:\/\/portalraizesnoticias.com.br\/#\/schema\/person\/image\/\",\"url\":\"https:\/\/secure.gravatar.com\/avatar\/ef450d29013a3d3fba867a12a249d7b1?s=96&d=mm&r=g\",\"contentUrl\":\"https:\/\/secure.gravatar.com\/avatar\/ef450d29013a3d3fba867a12a249d7b1?s=96&d=mm&r=g\",\"caption\":\"Portal Raizes\"},\"url\":\"https:\/\/portalraizesnoticias.com.br\/?author=3\"}]}<\/script>\n<!-- \/ Yoast SEO plugin. -->","yoast_head_json":{"title":"Coit\u00e9: Cavalo n\u00e3o foi baleado, aponta veterin\u00e1rio; ferimento pode ser causado por infesta\u00e7\u00e3o de larvas de moscas - Portal raizes noticias","robots":{"index":"index","follow":"follow","max-snippet":"max-snippet:-1","max-image-preview":"max-image-preview:large","max-video-preview":"max-video-preview:-1"},"canonical":"https:\/\/portalraizesnoticias.com.br\/?p=9180","og_locale":"pt_BR","og_type":"article","og_title":"Coit\u00e9: Cavalo n\u00e3o foi baleado, aponta veterin\u00e1rio; ferimento pode ser causado por infesta\u00e7\u00e3o de larvas de moscas - Portal raizes noticias","og_description":"Ap\u00f3s a circula\u00e7\u00e3o de um v\u00eddeo nas redes sociais nesta ter\u00e7a-feira (04), em que um homem afirma que um cavalo teria \u201clevado um tiro de calibre 12\u201d, o Portal Ra\u00edzes buscou um profissional especializado para esclarecer o caso e avaliar a veracidade da informa\u00e7\u00e3o. De acordo com o m\u00e9dico-veterin\u00e1rio Jamson Rocha, formado pelo Centro Universit\u00e1rio Pio D\u00e9cimo (Aracaju) e atuante na regi\u00e3o sisaleira h\u00e1 16 anos atrav\u00e9s da cl\u00ednica veterin\u00e1ria, O PRODUTOR de Coit\u00e9, o animal n\u00e3o apresenta sinais compat\u00edveis com ferimento provocado por arma de fogo. Jamson Rocha Segundo o especialista, o cavalo provavelmente sofre de habronemose, uma infec\u00e7\u00e3o causada por larvas de moscas que se instalam em feridas abertas, provocando les\u00f5es de dif\u00edcil cicatriza\u00e7\u00e3o. \u201cEssa ferida pode ter surgido ao tempo em que o animal permaneceu solto, o que agravou o quadro cl\u00ednico com a mi\u00edase (nome dado \u00e0 infesta\u00e7\u00e3o de larvas de moscas em tecidos vivos de pessoas ou animais&#8221;, explicou o veterin\u00e1rio a jornalista Rafaela Rodrigues. PUBLICIDADE Jamson destacou ainda que as chances de o cavalo ter sido v\u00edtima de um disparo s\u00e3o praticamente nulas, j\u00e1 que um tiro de calibre 12 causaria perfura\u00e7\u00f5es extensas e atingiria \u00f3rg\u00e3os vitais, como o intestino, levando o animal a \u00f3bito em pouco tempo. PUBLICIDADE O profissional refor\u00e7ou a import\u00e2ncia do acompanhamento veterin\u00e1rio e do tratamento adequado, que inclui limpeza local, uso de verm\u00edfugos e controle de moscas. PUBLICIDADE &#8220;Com os cuidados corretos, o cavalo tem boas chances de recupera\u00e7\u00e3o em aproximadamente 60 dias&#8221;, finaliza.\u00a0 Reda\u00e7\u00e3o Fotos: Redes sociais","og_url":"https:\/\/portalraizesnoticias.com.br\/?p=9180","og_site_name":"Portal raizes noticias","article_published_time":"2025-11-04T22:47:01+00:00","article_modified_time":"2025-11-05T01:26:32+00:00","og_image":[{"width":1600,"height":1600,"url":"https:\/\/portalraizesnoticias.com.br\/wp-content\/uploads\/2025\/11\/IMG-20251104-WA0277.jpg","type":"image\/jpeg"}],"author":"Portal Raizes","twitter_card":"summary_large_image","twitter_misc":{"Escrito por":"Portal Raizes","Est. tempo de leitura":"3 minutos"},"schema":{"@context":"https:\/\/schema.org","@graph":[{"@type":"Article","@id":"https:\/\/portalraizesnoticias.com.br\/?p=9180#article","isPartOf":{"@id":"https:\/\/portalraizesnoticias.com.br\/?p=9180"},"author":{"name":"Portal Raizes","@id":"https:\/\/portalraizesnoticias.com.br\/#\/schema\/person\/a3ca6b0fc701e78df19756c417d943ae"},"headline":"Coit\u00e9: Cavalo n\u00e3o foi baleado, aponta veterin\u00e1rio; ferimento pode ser causado por infesta\u00e7\u00e3o de larvas de moscas","datePublished":"2025-11-04T22:47:01+00:00","dateModified":"2025-11-05T01:26:32+00:00","mainEntityOfPage":{"@id":"https:\/\/portalraizesnoticias.com.br\/?p=9180"},"wordCount":297,"commentCount":0,"publisher":{"@id":"https:\/\/portalraizesnoticias.com.br\/#organization"},"image":{"@id":"https:\/\/portalraizesnoticias.com.br\/?p=9180#primaryimage"},"thumbnailUrl":"https:\/\/portalraizesnoticias.com.br\/wp-content\/uploads\/2025\/11\/IMG-20251104-WA0277.jpg","keywords":["Cavalo","Coit\u00e9","Larva","Moscas"],"articleSection":["DESTAQUES","SA\u00daDE","ULTIMAS NOTICIAS"],"inLanguage":"pt-BR","potentialAction":[{"@type":"CommentAction","name":"Comment","target":["https:\/\/portalraizesnoticias.com.br\/?p=9180#respond"]}]},{"@type":"WebPage","@id":"https:\/\/portalraizesnoticias.com.br\/?p=9180","url":"https:\/\/portalraizesnoticias.com.br\/?p=9180","name":"Coit\u00e9: Cavalo n\u00e3o foi baleado, aponta veterin\u00e1rio; ferimento pode ser causado por infesta\u00e7\u00e3o de larvas de moscas - Portal raizes noticias","isPartOf":{"@id":"https:\/\/portalraizesnoticias.com.br\/#website"},"primaryImageOfPage":{"@id":"https:\/\/portalraizesnoticias.com.br\/?p=9180#primaryimage"},"image":{"@id":"https:\/\/portalraizesnoticias.com.br\/?p=9180#primaryimage"},"thumbnailUrl":"https:\/\/portalraizesnoticias.com.br\/wp-content\/uploads\/2025\/11\/IMG-20251104-WA0277.jpg","datePublished":"2025-11-04T22:47:01+00:00","dateModified":"2025-11-05T01:26:32+00:00","breadcrumb":{"@id":"https:\/\/portalraizesnoticias.com.br\/?p=9180#breadcrumb"},"inLanguage":"pt-BR","potentialAction":[{"@type":"ReadAction","target":["https:\/\/portalraizesnoticias.com.br\/?p=9180"]}]},{"@type":"ImageObject","inLanguage":"pt-BR","@id":"https:\/\/portalraizesnoticias.com.br\/?p=9180#primaryimage","url":"https:\/\/portalraizesnoticias.com.br\/wp-content\/uploads\/2025\/11\/IMG-20251104-WA0277.jpg","contentUrl":"https:\/\/portalraizesnoticias.com.br\/wp-content\/uploads\/2025\/11\/IMG-20251104-WA0277.jpg","width":1600,"height":1600},{"@type":"BreadcrumbList","@id":"https:\/\/portalraizesnoticias.com.br\/?p=9180#breadcrumb","itemListElement":[{"@type":"ListItem","position":1,"name":"In\u00edcio","item":"https:\/\/portalraizesnoticias.com.br\/"},{"@type":"ListItem","position":2,"name":"Coit\u00e9: Cavalo n\u00e3o foi baleado, aponta veterin\u00e1rio; ferimento pode ser causado por infesta\u00e7\u00e3o de larvas de moscas"}]},{"@type":"WebSite","@id":"https:\/\/portalraizesnoticias.com.br\/#website","url":"https:\/\/portalraizesnoticias.com.br\/","name":"Portal raizes NOTICIAS","description":"site de noticias de concei\u00e7\u00e3o do coit\u00e9 e regi\u00e3o","publisher":{"@id":"https:\/\/portalraizesnoticias.com.br\/#organization"},"alternateName":"PORTAL RAIZES COIT\u00c9","potentialAction":[{"@type":"SearchAction","target":{"@type":"EntryPoint","urlTemplate":"https:\/\/portalraizesnoticias.com.br\/?s={search_term_string}"},"query-input":{"@type":"PropertyValueSpecification","valueRequired":true,"valueName":"search_term_string"}}],"inLanguage":"pt-BR"},{"@type":"Organization","@id":"https:\/\/portalraizesnoticias.com.br\/#organization","name":"Portal raizes NOTICIAS","url":"https:\/\/portalraizesnoticias.com.br\/","logo":{"@type":"ImageObject","inLanguage":"pt-BR","@id":"https:\/\/portalraizesnoticias.com.br\/#\/schema\/logo\/image\/","url":"https:\/\/portalraizesnoticias.com.br\/wp-content\/uploads\/2024\/09\/cropped-Captura-de-tela-2024-09-08-011108.png","contentUrl":"https:\/\/portalraizesnoticias.com.br\/wp-content\/uploads\/2024\/09\/cropped-Captura-de-tela-2024-09-08-011108.png","width":606,"height":173,"caption":"Portal raizes NOTICIAS"},"image":{"@id":"https:\/\/portalraizesnoticias.com.br\/#\/schema\/logo\/image\/"}},{"@type":"Person","@id":"https:\/\/portalraizesnoticias.com.br\/#\/schema\/person\/a3ca6b0fc701e78df19756c417d943ae","name":"Portal Raizes","image":{"@type":"ImageObject","inLanguage":"pt-BR","@id":"https:\/\/portalraizesnoticias.com.br\/#\/schema\/person\/image\/","url":"https:\/\/secure.gravatar.com\/avatar\/ef450d29013a3d3fba867a12a249d7b1?s=96&d=mm&r=g","contentUrl":"https:\/\/secure.gravatar.com\/avatar\/ef450d29013a3d3fba867a12a249d7b1?s=96&d=mm&r=g","caption":"Portal Raizes"},"url":"https:\/\/portalraizesnoticias.com.br\/?author=3"}]}},"_links":{"self":[{"href":"https:\/\/portalraizesnoticias.com.br\/index.php?rest_route=\/wp\/v2\/posts\/9180"}],"collection":[{"href":"https:\/\/portalraizesnoticias.com.br\/index.php?rest_route=\/wp\/v2\/posts"}],"about":[{"href":"https:\/\/portalraizesnoticias.com.br\/index.php?rest_route=\/wp\/v2\/types\/post"}],"author":[{"embeddable":true,"href":"https:\/\/portalraizesnoticias.com.br\/index.php?rest_route=\/wp\/v2\/users\/3"}],"replies":[{"embeddable":true,"href":"https:\/\/portalraizesnoticias.com.br\/index.php?rest_route=%2Fwp%2Fv2%2Fcomments&post=9180"}],"version-history":[{"count":7,"href":"https:\/\/portalraizesnoticias.com.br\/index.php?rest_route=\/wp\/v2\/posts\/9180\/revisions"}],"predecessor-version":[{"id":9190,"href":"https:\/\/portalraizesnoticias.com.br\/index.php?rest_route=\/wp\/v2\/posts\/9180\/revisions\/9190"}],"wp:featuredmedia":[{"embeddable":true,"href":"https:\/\/portalraizesnoticias.com.br\/index.php?rest_route=\/wp\/v2\/media\/9183"}],"wp:attachment":[{"href":"https:\/\/portalraizesnoticias.com.br\/index.php?rest_route=%2Fwp%2Fv2%2Fmedia&parent=9180"}],"wp:term":[{"taxonomy":"category","embeddable":true,"href":"https:\/\/portalraizesnoticias.com.br\/index.php?rest_route=%2Fwp%2Fv2%2Fcategories&post=9180"},{"taxonomy":"post_tag","embeddable":true,"href":"https:\/\/portalraizesnoticias.com.br\/index.php?rest_route=%2Fwp%2Fv2%2Ftags&post=9180"}],"curies":[{"name":"wp","href":"https:\/\/api.w.org\/{rel}","templated":true}]}}