{"id":9165,"date":"2025-11-03T19:26:59","date_gmt":"2025-11-03T22:26:59","guid":{"rendered":"https:\/\/portalraizesnoticias.com.br\/?p=9165"},"modified":"2025-11-03T19:31:08","modified_gmt":"2025-11-03T22:31:08","slug":"idoso-de-78-anos-passa-mal-perde-o-controle-do-carro-e-causa-acidente-em-conceicao-do-coite-idosa-de-aproximadamente-100-anos-tambem-ficou-ferida","status":"publish","type":"post","link":"https:\/\/portalraizesnoticias.com.br\/?p=9165","title":{"rendered":"Idoso de 78 anos  passa mal, perde o controle do carro e causa acidente em Concei\u00e7\u00e3o do Coit\u00e9; idosa de aproximadamente 100 anos tamb\u00e9m ficou ferida"},"content":{"rendered":"<p>Por volta das 17h10 desta segunda-feira (03), um acidente foi registrado na Avenida 7 de Julho, em Concei\u00e7\u00e3o do Coit\u00e9.<\/p>\n<div style=\"width: 848px;\" class=\"wp-video\"><!--[if lt IE 9]><script>document.createElement('video');<\/script><![endif]-->\n<video class=\"wp-video-shortcode\" id=\"video-9165-1\" width=\"848\" height=\"474\" preload=\"metadata\" controls=\"controls\"><source type=\"video\/mp4\" src=\"https:\/\/portalraizesnoticias.com.br\/wp-content\/uploads\/2025\/11\/VID-20251103-WA0271.mp4?_=1\" \/><a href=\"https:\/\/portalraizesnoticias.com.br\/wp-content\/uploads\/2025\/11\/VID-20251103-WA0271.mp4\">https:\/\/portalraizesnoticias.com.br\/wp-content\/uploads\/2025\/11\/VID-20251103-WA0271.mp4<\/a><\/video><\/div>\n<p>De acordo com informa\u00e7\u00f5es do coordenador do \u00c1guia Resgate, Gildo Carneiro, o senhor Erasmo Bacelar, de 78 anos, conduzia um ve\u00edculo quando passou mal, perdeu o controle da dire\u00e7\u00e3o, colidiu contra outro autom\u00f3vel e acabou invadindo uma resid\u00eancia.<\/p>\n<p><img fetchpriority=\"high\" decoding=\"async\" class=\"size-medium wp-image-9168 aligncenter\" src=\"https:\/\/portalraizesnoticias.com.br\/wp-content\/uploads\/2025\/11\/IMG-20251103-WA0266-169x300.jpg\" alt=\"\" width=\"169\" height=\"300\" srcset=\"https:\/\/portalraizesnoticias.com.br\/wp-content\/uploads\/2025\/11\/IMG-20251103-WA0266-169x300.jpg 169w, https:\/\/portalraizesnoticias.com.br\/wp-content\/uploads\/2025\/11\/IMG-20251103-WA0266-576x1024.jpg 576w, https:\/\/portalraizesnoticias.com.br\/wp-content\/uploads\/2025\/11\/IMG-20251103-WA0266-768x1365.jpg 768w, https:\/\/portalraizesnoticias.com.br\/wp-content\/uploads\/2025\/11\/IMG-20251103-WA0266-864x1536.jpg 864w, https:\/\/portalraizesnoticias.com.br\/wp-content\/uploads\/2025\/11\/IMG-20251103-WA0266.jpg 900w\" sizes=\"(max-width: 169px) 100vw, 169px\" \/><\/p>\n<p>Erasmo foi encontrado desorientado pelos socorristas do \u00c1guia, recebeu os primeiros socorros e encaminhado ao Hospital Portugu\u00eas de Concei\u00e7\u00e3o do Coit\u00e9.<\/p>\n<p>Na ocorr\u00eancia, uma idosa de aproximadamente 100 anos, que estava no segundo carro envolvido, tamb\u00e9m ficou ferida e foi socorrida para uma unidade hospitalar do munic\u00edpio.<\/p>\n<p>Reda\u00e7\u00e3o<\/p>\n","protected":false},"excerpt":{"rendered":"<p>Por volta das 17h10 desta segunda-feira (03), um acidente foi registrado na Avenida 7 de Julho, em Concei\u00e7\u00e3o do Coit\u00e9. De acordo com informa\u00e7\u00f5es do coordenador do \u00c1guia Resgate, Gildo Carneiro, o senhor Erasmo Bacelar, de 78 anos, conduzia um ve\u00edculo quando passou mal, perdeu o controle da dire\u00e7\u00e3o, colidiu contra outro autom\u00f3vel e acabou invadindo uma resid\u00eancia. Erasmo foi encontrado desorientado pelos socorristas do \u00c1guia, recebeu os primeiros socorros e encaminhado ao Hospital Portugu\u00eas de Concei\u00e7\u00e3o do Coit\u00e9. Na ocorr\u00eancia, uma idosa de aproximadamente 100 anos, que estava no segundo carro envolvido, tamb\u00e9m ficou ferida e foi socorrida para uma unidade hospitalar do munic\u00edpio. Reda\u00e7\u00e3o<\/p>\n","protected":false},"author":3,"featured_media":9166,"comment_status":"open","ping_status":"open","sticky":false,"template":"","format":"standard","meta":{"_joinchat":[],"footnotes":""},"categories":[58,55,59],"tags":[],"class_list":["post-9165","post","type-post","status-publish","format-standard","has-post-thumbnail","hentry","category-acidentes","category-destaques","category-ultimas-noticias"],"yoast_head":"<!-- This site is optimized with the Yoast SEO plugin v24.4 - https:\/\/yoast.com\/wordpress\/plugins\/seo\/ -->\n<title>Idoso de 78 anos passa mal, perde o controle do carro e causa acidente em Concei\u00e7\u00e3o do Coit\u00e9; idosa de aproximadamente 100 anos tamb\u00e9m ficou ferida - Portal raizes noticias<\/title>\n<meta name=\"robots\" content=\"index, follow, max-snippet:-1, max-image-preview:large, max-video-preview:-1\" \/>\n<link rel=\"canonical\" href=\"https:\/\/portalraizesnoticias.com.br\/?p=9165\" \/>\n<meta property=\"og:locale\" content=\"pt_BR\" \/>\n<meta property=\"og:type\" content=\"article\" \/>\n<meta property=\"og:title\" content=\"Idoso de 78 anos passa mal, perde o controle do carro e causa acidente em Concei\u00e7\u00e3o do Coit\u00e9; idosa de aproximadamente 100 anos tamb\u00e9m ficou ferida - Portal raizes noticias\" \/>\n<meta property=\"og:description\" content=\"Por volta das 17h10 desta segunda-feira (03), um acidente foi registrado na Avenida 7 de Julho, em Concei\u00e7\u00e3o do Coit\u00e9. De acordo com informa\u00e7\u00f5es do coordenador do \u00c1guia Resgate, Gildo Carneiro, o senhor Erasmo Bacelar, de 78 anos, conduzia um ve\u00edculo quando passou mal, perdeu o controle da dire\u00e7\u00e3o, colidiu contra outro autom\u00f3vel e acabou invadindo uma resid\u00eancia. Erasmo foi encontrado desorientado pelos socorristas do \u00c1guia, recebeu os primeiros socorros e encaminhado ao Hospital Portugu\u00eas de Concei\u00e7\u00e3o do Coit\u00e9. Na ocorr\u00eancia, uma idosa de aproximadamente 100 anos, que estava no segundo carro envolvido, tamb\u00e9m ficou ferida e foi socorrida para uma unidade hospitalar do munic\u00edpio. Reda\u00e7\u00e3o\" \/>\n<meta property=\"og:url\" content=\"https:\/\/portalraizesnoticias.com.br\/?p=9165\" \/>\n<meta property=\"og:site_name\" content=\"Portal raizes noticias\" \/>\n<meta property=\"article:published_time\" content=\"2025-11-03T22:26:59+00:00\" \/>\n<meta property=\"article:modified_time\" content=\"2025-11-03T22:31:08+00:00\" \/>\n<meta property=\"og:image\" content=\"https:\/\/portalraizesnoticias.com.br\/wp-content\/uploads\/2025\/11\/IMG-20251103-WA0267.jpg\" \/>\n\t<meta property=\"og:image:width\" content=\"900\" \/>\n\t<meta property=\"og:image:height\" content=\"1600\" \/>\n\t<meta property=\"og:image:type\" content=\"image\/jpeg\" \/>\n<meta name=\"author\" content=\"Portal Raizes\" \/>\n<meta name=\"twitter:card\" content=\"summary_large_image\" \/>\n<meta name=\"twitter:label1\" content=\"Escrito por\" \/>\n\t<meta name=\"twitter:data1\" content=\"Portal Raizes\" \/>\n\t<meta name=\"twitter:label2\" content=\"Est. tempo de leitura\" \/>\n\t<meta name=\"twitter:data2\" content=\"2 minutos\" \/>\n<script type=\"application\/ld+json\" class=\"yoast-schema-graph\">{\"@context\":\"https:\/\/schema.org\",\"@graph\":[{\"@type\":\"Article\",\"@id\":\"https:\/\/portalraizesnoticias.com.br\/?p=9165#article\",\"isPartOf\":{\"@id\":\"https:\/\/portalraizesnoticias.com.br\/?p=9165\"},\"author\":{\"name\":\"Portal Raizes\",\"@id\":\"https:\/\/portalraizesnoticias.com.br\/#\/schema\/person\/a3ca6b0fc701e78df19756c417d943ae\"},\"headline\":\"Idoso de 78 anos passa mal, perde o controle do carro e causa acidente em Concei\u00e7\u00e3o do Coit\u00e9; idosa de aproximadamente 100 anos tamb\u00e9m ficou ferida\",\"datePublished\":\"2025-11-03T22:26:59+00:00\",\"dateModified\":\"2025-11-03T22:31:08+00:00\",\"mainEntityOfPage\":{\"@id\":\"https:\/\/portalraizesnoticias.com.br\/?p=9165\"},\"wordCount\":154,\"commentCount\":0,\"publisher\":{\"@id\":\"https:\/\/portalraizesnoticias.com.br\/#organization\"},\"image\":{\"@id\":\"https:\/\/portalraizesnoticias.com.br\/?p=9165#primaryimage\"},\"thumbnailUrl\":\"https:\/\/portalraizesnoticias.com.br\/wp-content\/uploads\/2025\/11\/IMG-20251103-WA0267.jpg\",\"articleSection\":[\"ACIDENTES\",\"DESTAQUES\",\"ULTIMAS NOTICIAS\"],\"inLanguage\":\"pt-BR\",\"potentialAction\":[{\"@type\":\"CommentAction\",\"name\":\"Comment\",\"target\":[\"https:\/\/portalraizesnoticias.com.br\/?p=9165#respond\"]}]},{\"@type\":\"WebPage\",\"@id\":\"https:\/\/portalraizesnoticias.com.br\/?p=9165\",\"url\":\"https:\/\/portalraizesnoticias.com.br\/?p=9165\",\"name\":\"Idoso de 78 anos passa mal, perde o controle do carro e causa acidente em Concei\u00e7\u00e3o do Coit\u00e9; idosa de aproximadamente 100 anos tamb\u00e9m ficou ferida - Portal raizes noticias\",\"isPartOf\":{\"@id\":\"https:\/\/portalraizesnoticias.com.br\/#website\"},\"primaryImageOfPage\":{\"@id\":\"https:\/\/portalraizesnoticias.com.br\/?p=9165#primaryimage\"},\"image\":{\"@id\":\"https:\/\/portalraizesnoticias.com.br\/?p=9165#primaryimage\"},\"thumbnailUrl\":\"https:\/\/portalraizesnoticias.com.br\/wp-content\/uploads\/2025\/11\/IMG-20251103-WA0267.jpg\",\"datePublished\":\"2025-11-03T22:26:59+00:00\",\"dateModified\":\"2025-11-03T22:31:08+00:00\",\"breadcrumb\":{\"@id\":\"https:\/\/portalraizesnoticias.com.br\/?p=9165#breadcrumb\"},\"inLanguage\":\"pt-BR\",\"potentialAction\":[{\"@type\":\"ReadAction\",\"target\":[\"https:\/\/portalraizesnoticias.com.br\/?p=9165\"]}]},{\"@type\":\"ImageObject\",\"inLanguage\":\"pt-BR\",\"@id\":\"https:\/\/portalraizesnoticias.com.br\/?p=9165#primaryimage\",\"url\":\"https:\/\/portalraizesnoticias.com.br\/wp-content\/uploads\/2025\/11\/IMG-20251103-WA0267.jpg\",\"contentUrl\":\"https:\/\/portalraizesnoticias.com.br\/wp-content\/uploads\/2025\/11\/IMG-20251103-WA0267.jpg\",\"width\":900,\"height\":1600},{\"@type\":\"BreadcrumbList\",\"@id\":\"https:\/\/portalraizesnoticias.com.br\/?p=9165#breadcrumb\",\"itemListElement\":[{\"@type\":\"ListItem\",\"position\":1,\"name\":\"In\u00edcio\",\"item\":\"https:\/\/portalraizesnoticias.com.br\/\"},{\"@type\":\"ListItem\",\"position\":2,\"name\":\"Idoso de 78 anos passa mal, perde o controle do carro e causa acidente em Concei\u00e7\u00e3o do Coit\u00e9; idosa de aproximadamente 100 anos tamb\u00e9m ficou ferida\"}]},{\"@type\":\"WebSite\",\"@id\":\"https:\/\/portalraizesnoticias.com.br\/#website\",\"url\":\"https:\/\/portalraizesnoticias.com.br\/\",\"name\":\"Portal raizes NOTICIAS\",\"description\":\"site de noticias de concei\u00e7\u00e3o do coit\u00e9 e regi\u00e3o\",\"publisher\":{\"@id\":\"https:\/\/portalraizesnoticias.com.br\/#organization\"},\"alternateName\":\"PORTAL RAIZES COIT\u00c9\",\"potentialAction\":[{\"@type\":\"SearchAction\",\"target\":{\"@type\":\"EntryPoint\",\"urlTemplate\":\"https:\/\/portalraizesnoticias.com.br\/?s={search_term_string}\"},\"query-input\":{\"@type\":\"PropertyValueSpecification\",\"valueRequired\":true,\"valueName\":\"search_term_string\"}}],\"inLanguage\":\"pt-BR\"},{\"@type\":\"Organization\",\"@id\":\"https:\/\/portalraizesnoticias.com.br\/#organization\",\"name\":\"Portal raizes NOTICIAS\",\"url\":\"https:\/\/portalraizesnoticias.com.br\/\",\"logo\":{\"@type\":\"ImageObject\",\"inLanguage\":\"pt-BR\",\"@id\":\"https:\/\/portalraizesnoticias.com.br\/#\/schema\/logo\/image\/\",\"url\":\"https:\/\/portalraizesnoticias.com.br\/wp-content\/uploads\/2024\/09\/cropped-Captura-de-tela-2024-09-08-011108.png\",\"contentUrl\":\"https:\/\/portalraizesnoticias.com.br\/wp-content\/uploads\/2024\/09\/cropped-Captura-de-tela-2024-09-08-011108.png\",\"width\":606,\"height\":173,\"caption\":\"Portal raizes NOTICIAS\"},\"image\":{\"@id\":\"https:\/\/portalraizesnoticias.com.br\/#\/schema\/logo\/image\/\"}},{\"@type\":\"Person\",\"@id\":\"https:\/\/portalraizesnoticias.com.br\/#\/schema\/person\/a3ca6b0fc701e78df19756c417d943ae\",\"name\":\"Portal Raizes\",\"image\":{\"@type\":\"ImageObject\",\"inLanguage\":\"pt-BR\",\"@id\":\"https:\/\/portalraizesnoticias.com.br\/#\/schema\/person\/image\/\",\"url\":\"https:\/\/secure.gravatar.com\/avatar\/ef450d29013a3d3fba867a12a249d7b1?s=96&d=mm&r=g\",\"contentUrl\":\"https:\/\/secure.gravatar.com\/avatar\/ef450d29013a3d3fba867a12a249d7b1?s=96&d=mm&r=g\",\"caption\":\"Portal Raizes\"},\"url\":\"https:\/\/portalraizesnoticias.com.br\/?author=3\"}]}<\/script>\n<!-- \/ Yoast SEO plugin. -->","yoast_head_json":{"title":"Idoso de 78 anos passa mal, perde o controle do carro e causa acidente em Concei\u00e7\u00e3o do Coit\u00e9; idosa de aproximadamente 100 anos tamb\u00e9m ficou ferida - Portal raizes noticias","robots":{"index":"index","follow":"follow","max-snippet":"max-snippet:-1","max-image-preview":"max-image-preview:large","max-video-preview":"max-video-preview:-1"},"canonical":"https:\/\/portalraizesnoticias.com.br\/?p=9165","og_locale":"pt_BR","og_type":"article","og_title":"Idoso de 78 anos passa mal, perde o controle do carro e causa acidente em Concei\u00e7\u00e3o do Coit\u00e9; idosa de aproximadamente 100 anos tamb\u00e9m ficou ferida - Portal raizes noticias","og_description":"Por volta das 17h10 desta segunda-feira (03), um acidente foi registrado na Avenida 7 de Julho, em Concei\u00e7\u00e3o do Coit\u00e9. De acordo com informa\u00e7\u00f5es do coordenador do \u00c1guia Resgate, Gildo Carneiro, o senhor Erasmo Bacelar, de 78 anos, conduzia um ve\u00edculo quando passou mal, perdeu o controle da dire\u00e7\u00e3o, colidiu contra outro autom\u00f3vel e acabou invadindo uma resid\u00eancia. Erasmo foi encontrado desorientado pelos socorristas do \u00c1guia, recebeu os primeiros socorros e encaminhado ao Hospital Portugu\u00eas de Concei\u00e7\u00e3o do Coit\u00e9. Na ocorr\u00eancia, uma idosa de aproximadamente 100 anos, que estava no segundo carro envolvido, tamb\u00e9m ficou ferida e foi socorrida para uma unidade hospitalar do munic\u00edpio. Reda\u00e7\u00e3o","og_url":"https:\/\/portalraizesnoticias.com.br\/?p=9165","og_site_name":"Portal raizes noticias","article_published_time":"2025-11-03T22:26:59+00:00","article_modified_time":"2025-11-03T22:31:08+00:00","og_image":[{"width":900,"height":1600,"url":"https:\/\/portalraizesnoticias.com.br\/wp-content\/uploads\/2025\/11\/IMG-20251103-WA0267.jpg","type":"image\/jpeg"}],"author":"Portal Raizes","twitter_card":"summary_large_image","twitter_misc":{"Escrito por":"Portal Raizes","Est. tempo de leitura":"2 minutos"},"schema":{"@context":"https:\/\/schema.org","@graph":[{"@type":"Article","@id":"https:\/\/portalraizesnoticias.com.br\/?p=9165#article","isPartOf":{"@id":"https:\/\/portalraizesnoticias.com.br\/?p=9165"},"author":{"name":"Portal Raizes","@id":"https:\/\/portalraizesnoticias.com.br\/#\/schema\/person\/a3ca6b0fc701e78df19756c417d943ae"},"headline":"Idoso de 78 anos passa mal, perde o controle do carro e causa acidente em Concei\u00e7\u00e3o do Coit\u00e9; idosa de aproximadamente 100 anos tamb\u00e9m ficou ferida","datePublished":"2025-11-03T22:26:59+00:00","dateModified":"2025-11-03T22:31:08+00:00","mainEntityOfPage":{"@id":"https:\/\/portalraizesnoticias.com.br\/?p=9165"},"wordCount":154,"commentCount":0,"publisher":{"@id":"https:\/\/portalraizesnoticias.com.br\/#organization"},"image":{"@id":"https:\/\/portalraizesnoticias.com.br\/?p=9165#primaryimage"},"thumbnailUrl":"https:\/\/portalraizesnoticias.com.br\/wp-content\/uploads\/2025\/11\/IMG-20251103-WA0267.jpg","articleSection":["ACIDENTES","DESTAQUES","ULTIMAS NOTICIAS"],"inLanguage":"pt-BR","potentialAction":[{"@type":"CommentAction","name":"Comment","target":["https:\/\/portalraizesnoticias.com.br\/?p=9165#respond"]}]},{"@type":"WebPage","@id":"https:\/\/portalraizesnoticias.com.br\/?p=9165","url":"https:\/\/portalraizesnoticias.com.br\/?p=9165","name":"Idoso de 78 anos passa mal, perde o controle do carro e causa acidente em Concei\u00e7\u00e3o do Coit\u00e9; idosa de aproximadamente 100 anos tamb\u00e9m ficou ferida - Portal raizes noticias","isPartOf":{"@id":"https:\/\/portalraizesnoticias.com.br\/#website"},"primaryImageOfPage":{"@id":"https:\/\/portalraizesnoticias.com.br\/?p=9165#primaryimage"},"image":{"@id":"https:\/\/portalraizesnoticias.com.br\/?p=9165#primaryimage"},"thumbnailUrl":"https:\/\/portalraizesnoticias.com.br\/wp-content\/uploads\/2025\/11\/IMG-20251103-WA0267.jpg","datePublished":"2025-11-03T22:26:59+00:00","dateModified":"2025-11-03T22:31:08+00:00","breadcrumb":{"@id":"https:\/\/portalraizesnoticias.com.br\/?p=9165#breadcrumb"},"inLanguage":"pt-BR","potentialAction":[{"@type":"ReadAction","target":["https:\/\/portalraizesnoticias.com.br\/?p=9165"]}]},{"@type":"ImageObject","inLanguage":"pt-BR","@id":"https:\/\/portalraizesnoticias.com.br\/?p=9165#primaryimage","url":"https:\/\/portalraizesnoticias.com.br\/wp-content\/uploads\/2025\/11\/IMG-20251103-WA0267.jpg","contentUrl":"https:\/\/portalraizesnoticias.com.br\/wp-content\/uploads\/2025\/11\/IMG-20251103-WA0267.jpg","width":900,"height":1600},{"@type":"BreadcrumbList","@id":"https:\/\/portalraizesnoticias.com.br\/?p=9165#breadcrumb","itemListElement":[{"@type":"ListItem","position":1,"name":"In\u00edcio","item":"https:\/\/portalraizesnoticias.com.br\/"},{"@type":"ListItem","position":2,"name":"Idoso de 78 anos passa mal, perde o controle do carro e causa acidente em Concei\u00e7\u00e3o do Coit\u00e9; idosa de aproximadamente 100 anos tamb\u00e9m ficou ferida"}]},{"@type":"WebSite","@id":"https:\/\/portalraizesnoticias.com.br\/#website","url":"https:\/\/portalraizesnoticias.com.br\/","name":"Portal raizes NOTICIAS","description":"site de noticias de concei\u00e7\u00e3o do coit\u00e9 e regi\u00e3o","publisher":{"@id":"https:\/\/portalraizesnoticias.com.br\/#organization"},"alternateName":"PORTAL RAIZES COIT\u00c9","potentialAction":[{"@type":"SearchAction","target":{"@type":"EntryPoint","urlTemplate":"https:\/\/portalraizesnoticias.com.br\/?s={search_term_string}"},"query-input":{"@type":"PropertyValueSpecification","valueRequired":true,"valueName":"search_term_string"}}],"inLanguage":"pt-BR"},{"@type":"Organization","@id":"https:\/\/portalraizesnoticias.com.br\/#organization","name":"Portal raizes NOTICIAS","url":"https:\/\/portalraizesnoticias.com.br\/","logo":{"@type":"ImageObject","inLanguage":"pt-BR","@id":"https:\/\/portalraizesnoticias.com.br\/#\/schema\/logo\/image\/","url":"https:\/\/portalraizesnoticias.com.br\/wp-content\/uploads\/2024\/09\/cropped-Captura-de-tela-2024-09-08-011108.png","contentUrl":"https:\/\/portalraizesnoticias.com.br\/wp-content\/uploads\/2024\/09\/cropped-Captura-de-tela-2024-09-08-011108.png","width":606,"height":173,"caption":"Portal raizes NOTICIAS"},"image":{"@id":"https:\/\/portalraizesnoticias.com.br\/#\/schema\/logo\/image\/"}},{"@type":"Person","@id":"https:\/\/portalraizesnoticias.com.br\/#\/schema\/person\/a3ca6b0fc701e78df19756c417d943ae","name":"Portal Raizes","image":{"@type":"ImageObject","inLanguage":"pt-BR","@id":"https:\/\/portalraizesnoticias.com.br\/#\/schema\/person\/image\/","url":"https:\/\/secure.gravatar.com\/avatar\/ef450d29013a3d3fba867a12a249d7b1?s=96&d=mm&r=g","contentUrl":"https:\/\/secure.gravatar.com\/avatar\/ef450d29013a3d3fba867a12a249d7b1?s=96&d=mm&r=g","caption":"Portal Raizes"},"url":"https:\/\/portalraizesnoticias.com.br\/?author=3"}]}},"_links":{"self":[{"href":"https:\/\/portalraizesnoticias.com.br\/index.php?rest_route=\/wp\/v2\/posts\/9165"}],"collection":[{"href":"https:\/\/portalraizesnoticias.com.br\/index.php?rest_route=\/wp\/v2\/posts"}],"about":[{"href":"https:\/\/portalraizesnoticias.com.br\/index.php?rest_route=\/wp\/v2\/types\/post"}],"author":[{"embeddable":true,"href":"https:\/\/portalraizesnoticias.com.br\/index.php?rest_route=\/wp\/v2\/users\/3"}],"replies":[{"embeddable":true,"href":"https:\/\/portalraizesnoticias.com.br\/index.php?rest_route=%2Fwp%2Fv2%2Fcomments&post=9165"}],"version-history":[{"count":2,"href":"https:\/\/portalraizesnoticias.com.br\/index.php?rest_route=\/wp\/v2\/posts\/9165\/revisions"}],"predecessor-version":[{"id":9170,"href":"https:\/\/portalraizesnoticias.com.br\/index.php?rest_route=\/wp\/v2\/posts\/9165\/revisions\/9170"}],"wp:featuredmedia":[{"embeddable":true,"href":"https:\/\/portalraizesnoticias.com.br\/index.php?rest_route=\/wp\/v2\/media\/9166"}],"wp:attachment":[{"href":"https:\/\/portalraizesnoticias.com.br\/index.php?rest_route=%2Fwp%2Fv2%2Fmedia&parent=9165"}],"wp:term":[{"taxonomy":"category","embeddable":true,"href":"https:\/\/portalraizesnoticias.com.br\/index.php?rest_route=%2Fwp%2Fv2%2Fcategories&post=9165"},{"taxonomy":"post_tag","embeddable":true,"href":"https:\/\/portalraizesnoticias.com.br\/index.php?rest_route=%2Fwp%2Fv2%2Ftags&post=9165"}],"curies":[{"name":"wp","href":"https:\/\/api.w.org\/{rel}","templated":true}]}}