{"id":9158,"date":"2025-11-03T17:35:24","date_gmt":"2025-11-03T20:35:24","guid":{"rendered":"https:\/\/portalraizesnoticias.com.br\/?p=9158"},"modified":"2025-11-03T17:36:14","modified_gmt":"2025-11-03T20:36:14","slug":"ato-solidario-da-pax-vida-marca-o-dia-de-finados-em-conceicao-do-coite","status":"publish","type":"post","link":"https:\/\/portalraizesnoticias.com.br\/?p=9158","title":{"rendered":"Ato solid\u00e1rio da PAX Vida marca o Dia de Finados em Concei\u00e7\u00e3o do Coit\u00e9"},"content":{"rendered":"<p>A popula\u00e7\u00e3o de Concei\u00e7\u00e3o do Coit\u00e9 e regi\u00e3o que passou pelo cemit\u00e9rio municipal neste domingo (02), feriado de Finados, para prestar homenagens aos entes queridos, foi surpreendida com um gesto de solidariedade promovido pela empresa de assist\u00eancia familiar PAX Vida.<\/p>\n<p><img fetchpriority=\"high\" decoding=\"async\" class=\"size-medium wp-image-9159 aligncenter\" src=\"https:\/\/portalraizesnoticias.com.br\/wp-content\/uploads\/2025\/11\/IMG-20251103-WA0208-261x300.jpg\" alt=\"\" width=\"261\" height=\"300\" srcset=\"https:\/\/portalraizesnoticias.com.br\/wp-content\/uploads\/2025\/11\/IMG-20251103-WA0208-261x300.jpg 261w, https:\/\/portalraizesnoticias.com.br\/wp-content\/uploads\/2025\/11\/IMG-20251103-WA0208-891x1024.jpg 891w, https:\/\/portalraizesnoticias.com.br\/wp-content\/uploads\/2025\/11\/IMG-20251103-WA0208-768x883.jpg 768w, https:\/\/portalraizesnoticias.com.br\/wp-content\/uploads\/2025\/11\/IMG-20251103-WA0208.jpg 1133w\" sizes=\"(max-width: 261px) 100vw, 261px\" \/><\/p>\n<p>Os profissionais da empresa montaram um stand no local, onde ofereceram lanches e distribu\u00edram flores gratuitamente aos visitantes, tornando o momento de saudade mais acolhedor e humano.<\/p>\n<p><img decoding=\"async\" class=\"size-medium wp-image-9160 aligncenter\" src=\"https:\/\/portalraizesnoticias.com.br\/wp-content\/uploads\/2025\/11\/IMG-20251103-WA0206-225x300.jpg\" alt=\"\" width=\"225\" height=\"300\" srcset=\"https:\/\/portalraizesnoticias.com.br\/wp-content\/uploads\/2025\/11\/IMG-20251103-WA0206-225x300.jpg 225w, https:\/\/portalraizesnoticias.com.br\/wp-content\/uploads\/2025\/11\/IMG-20251103-WA0206-768x1024.jpg 768w, https:\/\/portalraizesnoticias.com.br\/wp-content\/uploads\/2025\/11\/IMG-20251103-WA0206-1152x1536.jpg 1152w, https:\/\/portalraizesnoticias.com.br\/wp-content\/uploads\/2025\/11\/IMG-20251103-WA0206.jpg 1200w\" sizes=\"(max-width: 225px) 100vw, 225px\" \/><\/p>\n<p>De acordo com o propriet\u00e1rio L\u00e9o Pax, a iniciativa teve como objetivo prestar apoio e conforto \u00e0s fam\u00edlias durante uma data marcada por lembran\u00e7as e emo\u00e7\u00f5es.<\/p>\n<p><img decoding=\"async\" class=\"size-medium wp-image-9161 aligncenter\" src=\"https:\/\/portalraizesnoticias.com.br\/wp-content\/uploads\/2025\/11\/IMG-20251103-WA0204-225x300.jpg\" alt=\"\" width=\"225\" height=\"300\" srcset=\"https:\/\/portalraizesnoticias.com.br\/wp-content\/uploads\/2025\/11\/IMG-20251103-WA0204-225x300.jpg 225w, https:\/\/portalraizesnoticias.com.br\/wp-content\/uploads\/2025\/11\/IMG-20251103-WA0204-768x1024.jpg 768w, https:\/\/portalraizesnoticias.com.br\/wp-content\/uploads\/2025\/11\/IMG-20251103-WA0204-1152x1536.jpg 1152w, https:\/\/portalraizesnoticias.com.br\/wp-content\/uploads\/2025\/11\/IMG-20251103-WA0204.jpg 1200w\" sizes=\"(max-width: 225px) 100vw, 225px\" \/><\/p>\n<p>\u201cSabemos que o Dia de Finados \u00e9 um momento delicado para muitas pessoas. Nosso prop\u00f3sito foi estar perto da comunidade, oferecendo um gesto simples, mas cheio de carinho e respeito\u201d, destacou L\u00e9o.<\/p>\n<p><img loading=\"lazy\" decoding=\"async\" class=\"size-medium wp-image-8006 aligncenter\" src=\"https:\/\/portalraizesnoticias.com.br\/wp-content\/uploads\/2025\/09\/IMG-20250902-WA0020-300x296.jpg\" alt=\"\" width=\"300\" height=\"296\" srcset=\"https:\/\/portalraizesnoticias.com.br\/wp-content\/uploads\/2025\/09\/IMG-20250902-WA0020-300x296.jpg 300w, https:\/\/portalraizesnoticias.com.br\/wp-content\/uploads\/2025\/09\/IMG-20250902-WA0020-1024x1009.jpg 1024w, https:\/\/portalraizesnoticias.com.br\/wp-content\/uploads\/2025\/09\/IMG-20250902-WA0020-768x757.jpg 768w, https:\/\/portalraizesnoticias.com.br\/wp-content\/uploads\/2025\/09\/IMG-20250902-WA0020.jpg 1080w\" sizes=\"(max-width: 300px) 100vw, 300px\" \/><\/p>\n<p style=\"text-align: center;\"><strong>PUBLICIDADE<\/strong><\/p>\n<p>A a\u00e7\u00e3o recebeu elogios de quem visitava o cemit\u00e9rio, refor\u00e7ando o compromisso social da PAX Vida com a popula\u00e7\u00e3o coiteense e das cidades vizinhas.<\/p>\n<p>Reda\u00e7\u00e3o<\/p>\n","protected":false},"excerpt":{"rendered":"<p>A popula\u00e7\u00e3o de Concei\u00e7\u00e3o do Coit\u00e9 e regi\u00e3o que passou pelo cemit\u00e9rio municipal neste domingo (02), feriado de Finados, para prestar homenagens aos entes queridos, foi surpreendida com um gesto de solidariedade promovido pela empresa de assist\u00eancia familiar PAX Vida. Os profissionais da empresa montaram um stand no local, onde ofereceram lanches e distribu\u00edram flores gratuitamente aos visitantes, tornando o momento de saudade mais acolhedor e humano. De acordo com o propriet\u00e1rio L\u00e9o Pax, a iniciativa teve como objetivo prestar apoio e conforto \u00e0s fam\u00edlias durante uma data marcada por lembran\u00e7as e emo\u00e7\u00f5es. \u201cSabemos que o Dia de Finados \u00e9 um momento delicado para muitas pessoas. Nosso prop\u00f3sito foi estar perto da comunidade, oferecendo um gesto simples, mas cheio de carinho e respeito\u201d, destacou L\u00e9o. PUBLICIDADE A a\u00e7\u00e3o recebeu elogios de quem visitava o cemit\u00e9rio, refor\u00e7ando o compromisso social da PAX Vida com a popula\u00e7\u00e3o coiteense e das cidades vizinhas. Reda\u00e7\u00e3o<\/p>\n","protected":false},"author":3,"featured_media":9162,"comment_status":"open","ping_status":"open","sticky":false,"template":"","format":"standard","meta":{"_joinchat":[],"footnotes":""},"categories":[55,59],"tags":[1355,1356],"class_list":["post-9158","post","type-post","status-publish","format-standard","has-post-thumbnail","hentry","category-destaques","category-ultimas-noticias","tag-ato-solidario","tag-pax-vida"],"yoast_head":"<!-- This site is optimized with the Yoast SEO plugin v24.4 - https:\/\/yoast.com\/wordpress\/plugins\/seo\/ -->\n<title>Ato solid\u00e1rio da PAX Vida marca o Dia de Finados em Concei\u00e7\u00e3o do Coit\u00e9 - Portal raizes noticias<\/title>\n<meta name=\"robots\" content=\"index, follow, max-snippet:-1, max-image-preview:large, max-video-preview:-1\" \/>\n<link rel=\"canonical\" href=\"https:\/\/portalraizesnoticias.com.br\/?p=9158\" \/>\n<meta property=\"og:locale\" content=\"pt_BR\" \/>\n<meta property=\"og:type\" content=\"article\" \/>\n<meta property=\"og:title\" content=\"Ato solid\u00e1rio da PAX Vida marca o Dia de Finados em Concei\u00e7\u00e3o do Coit\u00e9 - Portal raizes noticias\" \/>\n<meta property=\"og:description\" content=\"A popula\u00e7\u00e3o de Concei\u00e7\u00e3o do Coit\u00e9 e regi\u00e3o que passou pelo cemit\u00e9rio municipal neste domingo (02), feriado de Finados, para prestar homenagens aos entes queridos, foi surpreendida com um gesto de solidariedade promovido pela empresa de assist\u00eancia familiar PAX Vida. Os profissionais da empresa montaram um stand no local, onde ofereceram lanches e distribu\u00edram flores gratuitamente aos visitantes, tornando o momento de saudade mais acolhedor e humano. De acordo com o propriet\u00e1rio L\u00e9o Pax, a iniciativa teve como objetivo prestar apoio e conforto \u00e0s fam\u00edlias durante uma data marcada por lembran\u00e7as e emo\u00e7\u00f5es. \u201cSabemos que o Dia de Finados \u00e9 um momento delicado para muitas pessoas. Nosso prop\u00f3sito foi estar perto da comunidade, oferecendo um gesto simples, mas cheio de carinho e respeito\u201d, destacou L\u00e9o. PUBLICIDADE A a\u00e7\u00e3o recebeu elogios de quem visitava o cemit\u00e9rio, refor\u00e7ando o compromisso social da PAX Vida com a popula\u00e7\u00e3o coiteense e das cidades vizinhas. Reda\u00e7\u00e3o\" \/>\n<meta property=\"og:url\" content=\"https:\/\/portalraizesnoticias.com.br\/?p=9158\" \/>\n<meta property=\"og:site_name\" content=\"Portal raizes noticias\" \/>\n<meta property=\"article:published_time\" content=\"2025-11-03T20:35:24+00:00\" \/>\n<meta property=\"article:modified_time\" content=\"2025-11-03T20:36:14+00:00\" \/>\n<meta property=\"og:image\" content=\"https:\/\/portalraizesnoticias.com.br\/wp-content\/uploads\/2025\/11\/IMG-20251103-WA0204-1.jpg\" \/>\n\t<meta property=\"og:image:width\" content=\"1200\" \/>\n\t<meta property=\"og:image:height\" content=\"1600\" \/>\n\t<meta property=\"og:image:type\" content=\"image\/jpeg\" \/>\n<meta name=\"author\" content=\"Portal Raizes\" \/>\n<meta name=\"twitter:card\" content=\"summary_large_image\" \/>\n<meta name=\"twitter:label1\" content=\"Escrito por\" \/>\n\t<meta name=\"twitter:data1\" content=\"Portal Raizes\" \/>\n\t<meta name=\"twitter:label2\" content=\"Est. tempo de leitura\" \/>\n\t<meta name=\"twitter:data2\" content=\"2 minutos\" \/>\n<script type=\"application\/ld+json\" class=\"yoast-schema-graph\">{\"@context\":\"https:\/\/schema.org\",\"@graph\":[{\"@type\":\"Article\",\"@id\":\"https:\/\/portalraizesnoticias.com.br\/?p=9158#article\",\"isPartOf\":{\"@id\":\"https:\/\/portalraizesnoticias.com.br\/?p=9158\"},\"author\":{\"name\":\"Portal Raizes\",\"@id\":\"https:\/\/portalraizesnoticias.com.br\/#\/schema\/person\/a3ca6b0fc701e78df19756c417d943ae\"},\"headline\":\"Ato solid\u00e1rio da PAX Vida marca o Dia de Finados em Concei\u00e7\u00e3o do Coit\u00e9\",\"datePublished\":\"2025-11-03T20:35:24+00:00\",\"dateModified\":\"2025-11-03T20:36:14+00:00\",\"mainEntityOfPage\":{\"@id\":\"https:\/\/portalraizesnoticias.com.br\/?p=9158\"},\"wordCount\":183,\"commentCount\":0,\"publisher\":{\"@id\":\"https:\/\/portalraizesnoticias.com.br\/#organization\"},\"image\":{\"@id\":\"https:\/\/portalraizesnoticias.com.br\/?p=9158#primaryimage\"},\"thumbnailUrl\":\"https:\/\/portalraizesnoticias.com.br\/wp-content\/uploads\/2025\/11\/IMG-20251103-WA0204-1.jpg\",\"keywords\":[\"Ato solid\u00e1rio\",\"Pax vida\"],\"articleSection\":[\"DESTAQUES\",\"ULTIMAS NOTICIAS\"],\"inLanguage\":\"pt-BR\",\"potentialAction\":[{\"@type\":\"CommentAction\",\"name\":\"Comment\",\"target\":[\"https:\/\/portalraizesnoticias.com.br\/?p=9158#respond\"]}]},{\"@type\":\"WebPage\",\"@id\":\"https:\/\/portalraizesnoticias.com.br\/?p=9158\",\"url\":\"https:\/\/portalraizesnoticias.com.br\/?p=9158\",\"name\":\"Ato solid\u00e1rio da PAX Vida marca o Dia de Finados em Concei\u00e7\u00e3o do Coit\u00e9 - Portal raizes noticias\",\"isPartOf\":{\"@id\":\"https:\/\/portalraizesnoticias.com.br\/#website\"},\"primaryImageOfPage\":{\"@id\":\"https:\/\/portalraizesnoticias.com.br\/?p=9158#primaryimage\"},\"image\":{\"@id\":\"https:\/\/portalraizesnoticias.com.br\/?p=9158#primaryimage\"},\"thumbnailUrl\":\"https:\/\/portalraizesnoticias.com.br\/wp-content\/uploads\/2025\/11\/IMG-20251103-WA0204-1.jpg\",\"datePublished\":\"2025-11-03T20:35:24+00:00\",\"dateModified\":\"2025-11-03T20:36:14+00:00\",\"breadcrumb\":{\"@id\":\"https:\/\/portalraizesnoticias.com.br\/?p=9158#breadcrumb\"},\"inLanguage\":\"pt-BR\",\"potentialAction\":[{\"@type\":\"ReadAction\",\"target\":[\"https:\/\/portalraizesnoticias.com.br\/?p=9158\"]}]},{\"@type\":\"ImageObject\",\"inLanguage\":\"pt-BR\",\"@id\":\"https:\/\/portalraizesnoticias.com.br\/?p=9158#primaryimage\",\"url\":\"https:\/\/portalraizesnoticias.com.br\/wp-content\/uploads\/2025\/11\/IMG-20251103-WA0204-1.jpg\",\"contentUrl\":\"https:\/\/portalraizesnoticias.com.br\/wp-content\/uploads\/2025\/11\/IMG-20251103-WA0204-1.jpg\",\"width\":1200,\"height\":1600},{\"@type\":\"BreadcrumbList\",\"@id\":\"https:\/\/portalraizesnoticias.com.br\/?p=9158#breadcrumb\",\"itemListElement\":[{\"@type\":\"ListItem\",\"position\":1,\"name\":\"In\u00edcio\",\"item\":\"https:\/\/portalraizesnoticias.com.br\/\"},{\"@type\":\"ListItem\",\"position\":2,\"name\":\"Ato solid\u00e1rio da PAX Vida marca o Dia de Finados em Concei\u00e7\u00e3o do Coit\u00e9\"}]},{\"@type\":\"WebSite\",\"@id\":\"https:\/\/portalraizesnoticias.com.br\/#website\",\"url\":\"https:\/\/portalraizesnoticias.com.br\/\",\"name\":\"Portal raizes NOTICIAS\",\"description\":\"site de noticias de concei\u00e7\u00e3o do coit\u00e9 e regi\u00e3o\",\"publisher\":{\"@id\":\"https:\/\/portalraizesnoticias.com.br\/#organization\"},\"alternateName\":\"PORTAL RAIZES COIT\u00c9\",\"potentialAction\":[{\"@type\":\"SearchAction\",\"target\":{\"@type\":\"EntryPoint\",\"urlTemplate\":\"https:\/\/portalraizesnoticias.com.br\/?s={search_term_string}\"},\"query-input\":{\"@type\":\"PropertyValueSpecification\",\"valueRequired\":true,\"valueName\":\"search_term_string\"}}],\"inLanguage\":\"pt-BR\"},{\"@type\":\"Organization\",\"@id\":\"https:\/\/portalraizesnoticias.com.br\/#organization\",\"name\":\"Portal raizes NOTICIAS\",\"url\":\"https:\/\/portalraizesnoticias.com.br\/\",\"logo\":{\"@type\":\"ImageObject\",\"inLanguage\":\"pt-BR\",\"@id\":\"https:\/\/portalraizesnoticias.com.br\/#\/schema\/logo\/image\/\",\"url\":\"https:\/\/portalraizesnoticias.com.br\/wp-content\/uploads\/2024\/09\/cropped-Captura-de-tela-2024-09-08-011108.png\",\"contentUrl\":\"https:\/\/portalraizesnoticias.com.br\/wp-content\/uploads\/2024\/09\/cropped-Captura-de-tela-2024-09-08-011108.png\",\"width\":606,\"height\":173,\"caption\":\"Portal raizes NOTICIAS\"},\"image\":{\"@id\":\"https:\/\/portalraizesnoticias.com.br\/#\/schema\/logo\/image\/\"}},{\"@type\":\"Person\",\"@id\":\"https:\/\/portalraizesnoticias.com.br\/#\/schema\/person\/a3ca6b0fc701e78df19756c417d943ae\",\"name\":\"Portal Raizes\",\"image\":{\"@type\":\"ImageObject\",\"inLanguage\":\"pt-BR\",\"@id\":\"https:\/\/portalraizesnoticias.com.br\/#\/schema\/person\/image\/\",\"url\":\"https:\/\/secure.gravatar.com\/avatar\/ef450d29013a3d3fba867a12a249d7b1?s=96&d=mm&r=g\",\"contentUrl\":\"https:\/\/secure.gravatar.com\/avatar\/ef450d29013a3d3fba867a12a249d7b1?s=96&d=mm&r=g\",\"caption\":\"Portal Raizes\"},\"url\":\"https:\/\/portalraizesnoticias.com.br\/?author=3\"}]}<\/script>\n<!-- \/ Yoast SEO plugin. -->","yoast_head_json":{"title":"Ato solid\u00e1rio da PAX Vida marca o Dia de Finados em Concei\u00e7\u00e3o do Coit\u00e9 - Portal raizes noticias","robots":{"index":"index","follow":"follow","max-snippet":"max-snippet:-1","max-image-preview":"max-image-preview:large","max-video-preview":"max-video-preview:-1"},"canonical":"https:\/\/portalraizesnoticias.com.br\/?p=9158","og_locale":"pt_BR","og_type":"article","og_title":"Ato solid\u00e1rio da PAX Vida marca o Dia de Finados em Concei\u00e7\u00e3o do Coit\u00e9 - Portal raizes noticias","og_description":"A popula\u00e7\u00e3o de Concei\u00e7\u00e3o do Coit\u00e9 e regi\u00e3o que passou pelo cemit\u00e9rio municipal neste domingo (02), feriado de Finados, para prestar homenagens aos entes queridos, foi surpreendida com um gesto de solidariedade promovido pela empresa de assist\u00eancia familiar PAX Vida. Os profissionais da empresa montaram um stand no local, onde ofereceram lanches e distribu\u00edram flores gratuitamente aos visitantes, tornando o momento de saudade mais acolhedor e humano. De acordo com o propriet\u00e1rio L\u00e9o Pax, a iniciativa teve como objetivo prestar apoio e conforto \u00e0s fam\u00edlias durante uma data marcada por lembran\u00e7as e emo\u00e7\u00f5es. \u201cSabemos que o Dia de Finados \u00e9 um momento delicado para muitas pessoas. Nosso prop\u00f3sito foi estar perto da comunidade, oferecendo um gesto simples, mas cheio de carinho e respeito\u201d, destacou L\u00e9o. PUBLICIDADE A a\u00e7\u00e3o recebeu elogios de quem visitava o cemit\u00e9rio, refor\u00e7ando o compromisso social da PAX Vida com a popula\u00e7\u00e3o coiteense e das cidades vizinhas. Reda\u00e7\u00e3o","og_url":"https:\/\/portalraizesnoticias.com.br\/?p=9158","og_site_name":"Portal raizes noticias","article_published_time":"2025-11-03T20:35:24+00:00","article_modified_time":"2025-11-03T20:36:14+00:00","og_image":[{"width":1200,"height":1600,"url":"https:\/\/portalraizesnoticias.com.br\/wp-content\/uploads\/2025\/11\/IMG-20251103-WA0204-1.jpg","type":"image\/jpeg"}],"author":"Portal Raizes","twitter_card":"summary_large_image","twitter_misc":{"Escrito por":"Portal Raizes","Est. tempo de leitura":"2 minutos"},"schema":{"@context":"https:\/\/schema.org","@graph":[{"@type":"Article","@id":"https:\/\/portalraizesnoticias.com.br\/?p=9158#article","isPartOf":{"@id":"https:\/\/portalraizesnoticias.com.br\/?p=9158"},"author":{"name":"Portal Raizes","@id":"https:\/\/portalraizesnoticias.com.br\/#\/schema\/person\/a3ca6b0fc701e78df19756c417d943ae"},"headline":"Ato solid\u00e1rio da PAX Vida marca o Dia de Finados em Concei\u00e7\u00e3o do Coit\u00e9","datePublished":"2025-11-03T20:35:24+00:00","dateModified":"2025-11-03T20:36:14+00:00","mainEntityOfPage":{"@id":"https:\/\/portalraizesnoticias.com.br\/?p=9158"},"wordCount":183,"commentCount":0,"publisher":{"@id":"https:\/\/portalraizesnoticias.com.br\/#organization"},"image":{"@id":"https:\/\/portalraizesnoticias.com.br\/?p=9158#primaryimage"},"thumbnailUrl":"https:\/\/portalraizesnoticias.com.br\/wp-content\/uploads\/2025\/11\/IMG-20251103-WA0204-1.jpg","keywords":["Ato solid\u00e1rio","Pax vida"],"articleSection":["DESTAQUES","ULTIMAS NOTICIAS"],"inLanguage":"pt-BR","potentialAction":[{"@type":"CommentAction","name":"Comment","target":["https:\/\/portalraizesnoticias.com.br\/?p=9158#respond"]}]},{"@type":"WebPage","@id":"https:\/\/portalraizesnoticias.com.br\/?p=9158","url":"https:\/\/portalraizesnoticias.com.br\/?p=9158","name":"Ato solid\u00e1rio da PAX Vida marca o Dia de Finados em Concei\u00e7\u00e3o do Coit\u00e9 - Portal raizes noticias","isPartOf":{"@id":"https:\/\/portalraizesnoticias.com.br\/#website"},"primaryImageOfPage":{"@id":"https:\/\/portalraizesnoticias.com.br\/?p=9158#primaryimage"},"image":{"@id":"https:\/\/portalraizesnoticias.com.br\/?p=9158#primaryimage"},"thumbnailUrl":"https:\/\/portalraizesnoticias.com.br\/wp-content\/uploads\/2025\/11\/IMG-20251103-WA0204-1.jpg","datePublished":"2025-11-03T20:35:24+00:00","dateModified":"2025-11-03T20:36:14+00:00","breadcrumb":{"@id":"https:\/\/portalraizesnoticias.com.br\/?p=9158#breadcrumb"},"inLanguage":"pt-BR","potentialAction":[{"@type":"ReadAction","target":["https:\/\/portalraizesnoticias.com.br\/?p=9158"]}]},{"@type":"ImageObject","inLanguage":"pt-BR","@id":"https:\/\/portalraizesnoticias.com.br\/?p=9158#primaryimage","url":"https:\/\/portalraizesnoticias.com.br\/wp-content\/uploads\/2025\/11\/IMG-20251103-WA0204-1.jpg","contentUrl":"https:\/\/portalraizesnoticias.com.br\/wp-content\/uploads\/2025\/11\/IMG-20251103-WA0204-1.jpg","width":1200,"height":1600},{"@type":"BreadcrumbList","@id":"https:\/\/portalraizesnoticias.com.br\/?p=9158#breadcrumb","itemListElement":[{"@type":"ListItem","position":1,"name":"In\u00edcio","item":"https:\/\/portalraizesnoticias.com.br\/"},{"@type":"ListItem","position":2,"name":"Ato solid\u00e1rio da PAX Vida marca o Dia de Finados em Concei\u00e7\u00e3o do Coit\u00e9"}]},{"@type":"WebSite","@id":"https:\/\/portalraizesnoticias.com.br\/#website","url":"https:\/\/portalraizesnoticias.com.br\/","name":"Portal raizes NOTICIAS","description":"site de noticias de concei\u00e7\u00e3o do coit\u00e9 e regi\u00e3o","publisher":{"@id":"https:\/\/portalraizesnoticias.com.br\/#organization"},"alternateName":"PORTAL RAIZES COIT\u00c9","potentialAction":[{"@type":"SearchAction","target":{"@type":"EntryPoint","urlTemplate":"https:\/\/portalraizesnoticias.com.br\/?s={search_term_string}"},"query-input":{"@type":"PropertyValueSpecification","valueRequired":true,"valueName":"search_term_string"}}],"inLanguage":"pt-BR"},{"@type":"Organization","@id":"https:\/\/portalraizesnoticias.com.br\/#organization","name":"Portal raizes NOTICIAS","url":"https:\/\/portalraizesnoticias.com.br\/","logo":{"@type":"ImageObject","inLanguage":"pt-BR","@id":"https:\/\/portalraizesnoticias.com.br\/#\/schema\/logo\/image\/","url":"https:\/\/portalraizesnoticias.com.br\/wp-content\/uploads\/2024\/09\/cropped-Captura-de-tela-2024-09-08-011108.png","contentUrl":"https:\/\/portalraizesnoticias.com.br\/wp-content\/uploads\/2024\/09\/cropped-Captura-de-tela-2024-09-08-011108.png","width":606,"height":173,"caption":"Portal raizes NOTICIAS"},"image":{"@id":"https:\/\/portalraizesnoticias.com.br\/#\/schema\/logo\/image\/"}},{"@type":"Person","@id":"https:\/\/portalraizesnoticias.com.br\/#\/schema\/person\/a3ca6b0fc701e78df19756c417d943ae","name":"Portal Raizes","image":{"@type":"ImageObject","inLanguage":"pt-BR","@id":"https:\/\/portalraizesnoticias.com.br\/#\/schema\/person\/image\/","url":"https:\/\/secure.gravatar.com\/avatar\/ef450d29013a3d3fba867a12a249d7b1?s=96&d=mm&r=g","contentUrl":"https:\/\/secure.gravatar.com\/avatar\/ef450d29013a3d3fba867a12a249d7b1?s=96&d=mm&r=g","caption":"Portal Raizes"},"url":"https:\/\/portalraizesnoticias.com.br\/?author=3"}]}},"_links":{"self":[{"href":"https:\/\/portalraizesnoticias.com.br\/index.php?rest_route=\/wp\/v2\/posts\/9158"}],"collection":[{"href":"https:\/\/portalraizesnoticias.com.br\/index.php?rest_route=\/wp\/v2\/posts"}],"about":[{"href":"https:\/\/portalraizesnoticias.com.br\/index.php?rest_route=\/wp\/v2\/types\/post"}],"author":[{"embeddable":true,"href":"https:\/\/portalraizesnoticias.com.br\/index.php?rest_route=\/wp\/v2\/users\/3"}],"replies":[{"embeddable":true,"href":"https:\/\/portalraizesnoticias.com.br\/index.php?rest_route=%2Fwp%2Fv2%2Fcomments&post=9158"}],"version-history":[{"count":2,"href":"https:\/\/portalraizesnoticias.com.br\/index.php?rest_route=\/wp\/v2\/posts\/9158\/revisions"}],"predecessor-version":[{"id":9164,"href":"https:\/\/portalraizesnoticias.com.br\/index.php?rest_route=\/wp\/v2\/posts\/9158\/revisions\/9164"}],"wp:featuredmedia":[{"embeddable":true,"href":"https:\/\/portalraizesnoticias.com.br\/index.php?rest_route=\/wp\/v2\/media\/9162"}],"wp:attachment":[{"href":"https:\/\/portalraizesnoticias.com.br\/index.php?rest_route=%2Fwp%2Fv2%2Fmedia&parent=9158"}],"wp:term":[{"taxonomy":"category","embeddable":true,"href":"https:\/\/portalraizesnoticias.com.br\/index.php?rest_route=%2Fwp%2Fv2%2Fcategories&post=9158"},{"taxonomy":"post_tag","embeddable":true,"href":"https:\/\/portalraizesnoticias.com.br\/index.php?rest_route=%2Fwp%2Fv2%2Ftags&post=9158"}],"curies":[{"name":"wp","href":"https:\/\/api.w.org\/{rel}","templated":true}]}}