{"id":9142,"date":"2025-11-02T13:54:16","date_gmt":"2025-11-02T16:54:16","guid":{"rendered":"https:\/\/portalraizesnoticias.com.br\/?p=9142"},"modified":"2025-11-02T14:08:07","modified_gmt":"2025-11-02T17:08:07","slug":"homem-e-esfaqueado-durante-cavalgada-na-zona-rural-de-conceicao-do-coite","status":"publish","type":"post","link":"https:\/\/portalraizesnoticias.com.br\/?p=9142","title":{"rendered":"Homem \u00e9 esfaqueado durante cavalgada na zona rural de Concei\u00e7\u00e3o do Coit\u00e9"},"content":{"rendered":"<p>Um homem de 23 anos foi v\u00edtima de uma tentativa de homic\u00eddio na noite de s\u00e1bado (1\u00ba), durante um evento de cavalgada na Fazenda Brejo, regi\u00e3o de Quebradinha, zona rural de Concei\u00e7\u00e3o do Coit\u00e9.<\/p>\n<p><img fetchpriority=\"high\" decoding=\"async\" class=\"size-medium wp-image-8641 aligncenter\" src=\"https:\/\/portalraizesnoticias.com.br\/wp-content\/uploads\/2025\/10\/WhatsApp-Image-2025-10-02-at-08.27.18-300x229.jpeg\" alt=\"\" width=\"300\" height=\"229\" srcset=\"https:\/\/portalraizesnoticias.com.br\/wp-content\/uploads\/2025\/10\/WhatsApp-Image-2025-10-02-at-08.27.18-300x229.jpeg 300w, https:\/\/portalraizesnoticias.com.br\/wp-content\/uploads\/2025\/10\/WhatsApp-Image-2025-10-02-at-08.27.18.jpeg 752w\" sizes=\"(max-width: 300px) 100vw, 300px\" \/><\/p>\n<p style=\"text-align: center;\"><strong>PUBLICIDADE<\/strong><\/p>\n<p>De acordo com informa\u00e7\u00f5es da Pol\u00edcia Militar, a v\u00edtima, identificada como A.F, deu entrada por volta das 22h55 no Hospital Portugu\u00eas, ap\u00f3s ser atingida por golpes de faca na regi\u00e3o do pesco\u00e7o, bra\u00e7o e ombro.<\/p>\n<p><img decoding=\"async\" class=\"size-medium wp-image-8094 aligncenter\" src=\"https:\/\/portalraizesnoticias.com.br\/wp-content\/uploads\/2025\/09\/IMG-20250901-WA01191-300x300.jpg\" alt=\"\" width=\"300\" height=\"300\" srcset=\"https:\/\/portalraizesnoticias.com.br\/wp-content\/uploads\/2025\/09\/IMG-20250901-WA01191-300x300.jpg 300w, https:\/\/portalraizesnoticias.com.br\/wp-content\/uploads\/2025\/09\/IMG-20250901-WA01191-150x150.jpg 150w, https:\/\/portalraizesnoticias.com.br\/wp-content\/uploads\/2025\/09\/IMG-20250901-WA01191.jpg 720w\" sizes=\"(max-width: 300px) 100vw, 300px\" \/><\/p>\n<p style=\"text-align: center;\"><strong>PUBLICIDADE<\/strong><\/p>\n<p>Conforme relato da esposa aos policiais, o casal participava do evento quando um homem teria passado pelos dois e retirado um cigarro eletr\u00f4nico do bolso dela. A v\u00edtima, ao tentar recuperar o objeto em um local mais afastado, acabou sendo atacada com uma faca.<\/p>\n<p><img decoding=\"async\" class=\"size-medium wp-image-8006 aligncenter\" src=\"https:\/\/portalraizesnoticias.com.br\/wp-content\/uploads\/2025\/09\/IMG-20250902-WA0020-300x296.jpg\" alt=\"\" width=\"300\" height=\"296\" srcset=\"https:\/\/portalraizesnoticias.com.br\/wp-content\/uploads\/2025\/09\/IMG-20250902-WA0020-300x296.jpg 300w, https:\/\/portalraizesnoticias.com.br\/wp-content\/uploads\/2025\/09\/IMG-20250902-WA0020-1024x1009.jpg 1024w, https:\/\/portalraizesnoticias.com.br\/wp-content\/uploads\/2025\/09\/IMG-20250902-WA0020-768x757.jpg 768w, https:\/\/portalraizesnoticias.com.br\/wp-content\/uploads\/2025\/09\/IMG-20250902-WA0020.jpg 1080w\" sizes=\"(max-width: 300px) 100vw, 300px\" \/><\/p>\n<p style=\"text-align: center;\"><strong>PUBLICIDADE<\/strong><\/p>\n<p>O rapaz foi socorrido por seguran\u00e7as do evento e levado ao hospital, onde recebeu atendimento do m\u00e9dico. O estado de sa\u00fade do jovem \u00e9 est\u00e1vel, e ele n\u00e3o corre risco de vida.<\/p>\n<p>A guarni\u00e7\u00e3o\u00a0 realizou rondas e levantou informa\u00e7\u00f5es na tentativa de localizar o suspeito, mas at\u00e9 o momento o suspeito n\u00e3o foi encontrado.<\/p>\n<p>Reda\u00e7\u00e3o<\/p>\n","protected":false},"excerpt":{"rendered":"<p>Um homem de 23 anos foi v\u00edtima de uma tentativa de homic\u00eddio na noite de s\u00e1bado (1\u00ba), durante um evento de cavalgada na Fazenda Brejo, regi\u00e3o de Quebradinha, zona rural de Concei\u00e7\u00e3o do Coit\u00e9. PUBLICIDADE De acordo com informa\u00e7\u00f5es da Pol\u00edcia Militar, a v\u00edtima, identificada como A.F, deu entrada por volta das 22h55 no Hospital Portugu\u00eas, ap\u00f3s ser atingida por golpes de faca na regi\u00e3o do pesco\u00e7o, bra\u00e7o e ombro. PUBLICIDADE Conforme relato da esposa aos policiais, o casal participava do evento quando um homem teria passado pelos dois e retirado um cigarro eletr\u00f4nico do bolso dela. A v\u00edtima, ao tentar recuperar o objeto em um local mais afastado, acabou sendo atacada com uma faca. PUBLICIDADE O rapaz foi socorrido por seguran\u00e7as do evento e levado ao hospital, onde recebeu atendimento do m\u00e9dico. O estado de sa\u00fade do jovem \u00e9 est\u00e1vel, e ele n\u00e3o corre risco de vida. A guarni\u00e7\u00e3o\u00a0 realizou rondas e levantou informa\u00e7\u00f5es na tentativa de localizar o suspeito, mas at\u00e9 o momento o suspeito n\u00e3o foi encontrado. Reda\u00e7\u00e3o<\/p>\n","protected":false},"author":3,"featured_media":8388,"comment_status":"open","ping_status":"open","sticky":false,"template":"","format":"standard","meta":{"_joinchat":[],"footnotes":""},"categories":[55,67,59],"tags":[1194,803,142],"class_list":["post-9142","post","type-post","status-publish","format-standard","has-post-thumbnail","hentry","category-destaques","category-policia","category-ultimas-noticias","tag-coite-2","tag-faca","tag-homem"],"yoast_head":"<!-- This site is optimized with the Yoast SEO plugin v24.4 - https:\/\/yoast.com\/wordpress\/plugins\/seo\/ -->\n<title>Homem \u00e9 esfaqueado durante cavalgada na zona rural de Concei\u00e7\u00e3o do Coit\u00e9 - Portal raizes noticias<\/title>\n<meta name=\"robots\" content=\"index, follow, max-snippet:-1, max-image-preview:large, max-video-preview:-1\" \/>\n<link rel=\"canonical\" href=\"https:\/\/portalraizesnoticias.com.br\/?p=9142\" \/>\n<meta property=\"og:locale\" content=\"pt_BR\" \/>\n<meta property=\"og:type\" content=\"article\" \/>\n<meta property=\"og:title\" content=\"Homem \u00e9 esfaqueado durante cavalgada na zona rural de Concei\u00e7\u00e3o do Coit\u00e9 - Portal raizes noticias\" \/>\n<meta property=\"og:description\" content=\"Um homem de 23 anos foi v\u00edtima de uma tentativa de homic\u00eddio na noite de s\u00e1bado (1\u00ba), durante um evento de cavalgada na Fazenda Brejo, regi\u00e3o de Quebradinha, zona rural de Concei\u00e7\u00e3o do Coit\u00e9. PUBLICIDADE De acordo com informa\u00e7\u00f5es da Pol\u00edcia Militar, a v\u00edtima, identificada como A.F, deu entrada por volta das 22h55 no Hospital Portugu\u00eas, ap\u00f3s ser atingida por golpes de faca na regi\u00e3o do pesco\u00e7o, bra\u00e7o e ombro. PUBLICIDADE Conforme relato da esposa aos policiais, o casal participava do evento quando um homem teria passado pelos dois e retirado um cigarro eletr\u00f4nico do bolso dela. A v\u00edtima, ao tentar recuperar o objeto em um local mais afastado, acabou sendo atacada com uma faca. PUBLICIDADE O rapaz foi socorrido por seguran\u00e7as do evento e levado ao hospital, onde recebeu atendimento do m\u00e9dico. O estado de sa\u00fade do jovem \u00e9 est\u00e1vel, e ele n\u00e3o corre risco de vida. A guarni\u00e7\u00e3o\u00a0 realizou rondas e levantou informa\u00e7\u00f5es na tentativa de localizar o suspeito, mas at\u00e9 o momento o suspeito n\u00e3o foi encontrado. Reda\u00e7\u00e3o\" \/>\n<meta property=\"og:url\" content=\"https:\/\/portalraizesnoticias.com.br\/?p=9142\" \/>\n<meta property=\"og:site_name\" content=\"Portal raizes noticias\" \/>\n<meta property=\"article:published_time\" content=\"2025-11-02T16:54:16+00:00\" \/>\n<meta property=\"article:modified_time\" content=\"2025-11-02T17:08:07+00:00\" \/>\n<meta property=\"og:image\" content=\"https:\/\/portalraizesnoticias.com.br\/wp-content\/uploads\/2025\/09\/404_Faca_moIMG_5073_520x500_5f49d504-49b8-4145-8cc4-d15d6e2d6952.jpg\" \/>\n\t<meta property=\"og:image:width\" content=\"520\" \/>\n\t<meta property=\"og:image:height\" content=\"416\" \/>\n\t<meta property=\"og:image:type\" content=\"image\/jpeg\" \/>\n<meta name=\"author\" content=\"Portal Raizes\" \/>\n<meta name=\"twitter:card\" content=\"summary_large_image\" \/>\n<meta name=\"twitter:label1\" content=\"Escrito por\" \/>\n\t<meta name=\"twitter:data1\" content=\"Portal Raizes\" \/>\n\t<meta name=\"twitter:label2\" content=\"Est. tempo de leitura\" \/>\n\t<meta name=\"twitter:data2\" content=\"2 minutos\" \/>\n<script type=\"application\/ld+json\" class=\"yoast-schema-graph\">{\"@context\":\"https:\/\/schema.org\",\"@graph\":[{\"@type\":\"Article\",\"@id\":\"https:\/\/portalraizesnoticias.com.br\/?p=9142#article\",\"isPartOf\":{\"@id\":\"https:\/\/portalraizesnoticias.com.br\/?p=9142\"},\"author\":{\"name\":\"Portal Raizes\",\"@id\":\"https:\/\/portalraizesnoticias.com.br\/#\/schema\/person\/a3ca6b0fc701e78df19756c417d943ae\"},\"headline\":\"Homem \u00e9 esfaqueado durante cavalgada na zona rural de Concei\u00e7\u00e3o do Coit\u00e9\",\"datePublished\":\"2025-11-02T16:54:16+00:00\",\"dateModified\":\"2025-11-02T17:08:07+00:00\",\"mainEntityOfPage\":{\"@id\":\"https:\/\/portalraizesnoticias.com.br\/?p=9142\"},\"wordCount\":205,\"commentCount\":0,\"publisher\":{\"@id\":\"https:\/\/portalraizesnoticias.com.br\/#organization\"},\"image\":{\"@id\":\"https:\/\/portalraizesnoticias.com.br\/?p=9142#primaryimage\"},\"thumbnailUrl\":\"https:\/\/portalraizesnoticias.com.br\/wp-content\/uploads\/2025\/09\/404_Faca_moIMG_5073_520x500_5f49d504-49b8-4145-8cc4-d15d6e2d6952.jpg\",\"keywords\":[\"Coite\",\"Faca\",\"Homem\"],\"articleSection\":[\"DESTAQUES\",\"POLICIA\",\"ULTIMAS NOTICIAS\"],\"inLanguage\":\"pt-BR\",\"potentialAction\":[{\"@type\":\"CommentAction\",\"name\":\"Comment\",\"target\":[\"https:\/\/portalraizesnoticias.com.br\/?p=9142#respond\"]}]},{\"@type\":\"WebPage\",\"@id\":\"https:\/\/portalraizesnoticias.com.br\/?p=9142\",\"url\":\"https:\/\/portalraizesnoticias.com.br\/?p=9142\",\"name\":\"Homem \u00e9 esfaqueado durante cavalgada na zona rural de Concei\u00e7\u00e3o do Coit\u00e9 - Portal raizes noticias\",\"isPartOf\":{\"@id\":\"https:\/\/portalraizesnoticias.com.br\/#website\"},\"primaryImageOfPage\":{\"@id\":\"https:\/\/portalraizesnoticias.com.br\/?p=9142#primaryimage\"},\"image\":{\"@id\":\"https:\/\/portalraizesnoticias.com.br\/?p=9142#primaryimage\"},\"thumbnailUrl\":\"https:\/\/portalraizesnoticias.com.br\/wp-content\/uploads\/2025\/09\/404_Faca_moIMG_5073_520x500_5f49d504-49b8-4145-8cc4-d15d6e2d6952.jpg\",\"datePublished\":\"2025-11-02T16:54:16+00:00\",\"dateModified\":\"2025-11-02T17:08:07+00:00\",\"breadcrumb\":{\"@id\":\"https:\/\/portalraizesnoticias.com.br\/?p=9142#breadcrumb\"},\"inLanguage\":\"pt-BR\",\"potentialAction\":[{\"@type\":\"ReadAction\",\"target\":[\"https:\/\/portalraizesnoticias.com.br\/?p=9142\"]}]},{\"@type\":\"ImageObject\",\"inLanguage\":\"pt-BR\",\"@id\":\"https:\/\/portalraizesnoticias.com.br\/?p=9142#primaryimage\",\"url\":\"https:\/\/portalraizesnoticias.com.br\/wp-content\/uploads\/2025\/09\/404_Faca_moIMG_5073_520x500_5f49d504-49b8-4145-8cc4-d15d6e2d6952.jpg\",\"contentUrl\":\"https:\/\/portalraizesnoticias.com.br\/wp-content\/uploads\/2025\/09\/404_Faca_moIMG_5073_520x500_5f49d504-49b8-4145-8cc4-d15d6e2d6952.jpg\",\"width\":520,\"height\":416},{\"@type\":\"BreadcrumbList\",\"@id\":\"https:\/\/portalraizesnoticias.com.br\/?p=9142#breadcrumb\",\"itemListElement\":[{\"@type\":\"ListItem\",\"position\":1,\"name\":\"In\u00edcio\",\"item\":\"https:\/\/portalraizesnoticias.com.br\/\"},{\"@type\":\"ListItem\",\"position\":2,\"name\":\"Homem \u00e9 esfaqueado durante cavalgada na zona rural de Concei\u00e7\u00e3o do Coit\u00e9\"}]},{\"@type\":\"WebSite\",\"@id\":\"https:\/\/portalraizesnoticias.com.br\/#website\",\"url\":\"https:\/\/portalraizesnoticias.com.br\/\",\"name\":\"Portal raizes NOTICIAS\",\"description\":\"site de noticias de concei\u00e7\u00e3o do coit\u00e9 e regi\u00e3o\",\"publisher\":{\"@id\":\"https:\/\/portalraizesnoticias.com.br\/#organization\"},\"alternateName\":\"PORTAL RAIZES COIT\u00c9\",\"potentialAction\":[{\"@type\":\"SearchAction\",\"target\":{\"@type\":\"EntryPoint\",\"urlTemplate\":\"https:\/\/portalraizesnoticias.com.br\/?s={search_term_string}\"},\"query-input\":{\"@type\":\"PropertyValueSpecification\",\"valueRequired\":true,\"valueName\":\"search_term_string\"}}],\"inLanguage\":\"pt-BR\"},{\"@type\":\"Organization\",\"@id\":\"https:\/\/portalraizesnoticias.com.br\/#organization\",\"name\":\"Portal raizes NOTICIAS\",\"url\":\"https:\/\/portalraizesnoticias.com.br\/\",\"logo\":{\"@type\":\"ImageObject\",\"inLanguage\":\"pt-BR\",\"@id\":\"https:\/\/portalraizesnoticias.com.br\/#\/schema\/logo\/image\/\",\"url\":\"https:\/\/portalraizesnoticias.com.br\/wp-content\/uploads\/2024\/09\/cropped-Captura-de-tela-2024-09-08-011108.png\",\"contentUrl\":\"https:\/\/portalraizesnoticias.com.br\/wp-content\/uploads\/2024\/09\/cropped-Captura-de-tela-2024-09-08-011108.png\",\"width\":606,\"height\":173,\"caption\":\"Portal raizes NOTICIAS\"},\"image\":{\"@id\":\"https:\/\/portalraizesnoticias.com.br\/#\/schema\/logo\/image\/\"}},{\"@type\":\"Person\",\"@id\":\"https:\/\/portalraizesnoticias.com.br\/#\/schema\/person\/a3ca6b0fc701e78df19756c417d943ae\",\"name\":\"Portal Raizes\",\"image\":{\"@type\":\"ImageObject\",\"inLanguage\":\"pt-BR\",\"@id\":\"https:\/\/portalraizesnoticias.com.br\/#\/schema\/person\/image\/\",\"url\":\"https:\/\/secure.gravatar.com\/avatar\/ef450d29013a3d3fba867a12a249d7b1?s=96&d=mm&r=g\",\"contentUrl\":\"https:\/\/secure.gravatar.com\/avatar\/ef450d29013a3d3fba867a12a249d7b1?s=96&d=mm&r=g\",\"caption\":\"Portal Raizes\"},\"url\":\"https:\/\/portalraizesnoticias.com.br\/?author=3\"}]}<\/script>\n<!-- \/ Yoast SEO plugin. -->","yoast_head_json":{"title":"Homem \u00e9 esfaqueado durante cavalgada na zona rural de Concei\u00e7\u00e3o do Coit\u00e9 - Portal raizes noticias","robots":{"index":"index","follow":"follow","max-snippet":"max-snippet:-1","max-image-preview":"max-image-preview:large","max-video-preview":"max-video-preview:-1"},"canonical":"https:\/\/portalraizesnoticias.com.br\/?p=9142","og_locale":"pt_BR","og_type":"article","og_title":"Homem \u00e9 esfaqueado durante cavalgada na zona rural de Concei\u00e7\u00e3o do Coit\u00e9 - Portal raizes noticias","og_description":"Um homem de 23 anos foi v\u00edtima de uma tentativa de homic\u00eddio na noite de s\u00e1bado (1\u00ba), durante um evento de cavalgada na Fazenda Brejo, regi\u00e3o de Quebradinha, zona rural de Concei\u00e7\u00e3o do Coit\u00e9. PUBLICIDADE De acordo com informa\u00e7\u00f5es da Pol\u00edcia Militar, a v\u00edtima, identificada como A.F, deu entrada por volta das 22h55 no Hospital Portugu\u00eas, ap\u00f3s ser atingida por golpes de faca na regi\u00e3o do pesco\u00e7o, bra\u00e7o e ombro. PUBLICIDADE Conforme relato da esposa aos policiais, o casal participava do evento quando um homem teria passado pelos dois e retirado um cigarro eletr\u00f4nico do bolso dela. A v\u00edtima, ao tentar recuperar o objeto em um local mais afastado, acabou sendo atacada com uma faca. PUBLICIDADE O rapaz foi socorrido por seguran\u00e7as do evento e levado ao hospital, onde recebeu atendimento do m\u00e9dico. O estado de sa\u00fade do jovem \u00e9 est\u00e1vel, e ele n\u00e3o corre risco de vida. A guarni\u00e7\u00e3o\u00a0 realizou rondas e levantou informa\u00e7\u00f5es na tentativa de localizar o suspeito, mas at\u00e9 o momento o suspeito n\u00e3o foi encontrado. Reda\u00e7\u00e3o","og_url":"https:\/\/portalraizesnoticias.com.br\/?p=9142","og_site_name":"Portal raizes noticias","article_published_time":"2025-11-02T16:54:16+00:00","article_modified_time":"2025-11-02T17:08:07+00:00","og_image":[{"width":520,"height":416,"url":"https:\/\/portalraizesnoticias.com.br\/wp-content\/uploads\/2025\/09\/404_Faca_moIMG_5073_520x500_5f49d504-49b8-4145-8cc4-d15d6e2d6952.jpg","type":"image\/jpeg"}],"author":"Portal Raizes","twitter_card":"summary_large_image","twitter_misc":{"Escrito por":"Portal Raizes","Est. tempo de leitura":"2 minutos"},"schema":{"@context":"https:\/\/schema.org","@graph":[{"@type":"Article","@id":"https:\/\/portalraizesnoticias.com.br\/?p=9142#article","isPartOf":{"@id":"https:\/\/portalraizesnoticias.com.br\/?p=9142"},"author":{"name":"Portal Raizes","@id":"https:\/\/portalraizesnoticias.com.br\/#\/schema\/person\/a3ca6b0fc701e78df19756c417d943ae"},"headline":"Homem \u00e9 esfaqueado durante cavalgada na zona rural de Concei\u00e7\u00e3o do Coit\u00e9","datePublished":"2025-11-02T16:54:16+00:00","dateModified":"2025-11-02T17:08:07+00:00","mainEntityOfPage":{"@id":"https:\/\/portalraizesnoticias.com.br\/?p=9142"},"wordCount":205,"commentCount":0,"publisher":{"@id":"https:\/\/portalraizesnoticias.com.br\/#organization"},"image":{"@id":"https:\/\/portalraizesnoticias.com.br\/?p=9142#primaryimage"},"thumbnailUrl":"https:\/\/portalraizesnoticias.com.br\/wp-content\/uploads\/2025\/09\/404_Faca_moIMG_5073_520x500_5f49d504-49b8-4145-8cc4-d15d6e2d6952.jpg","keywords":["Coite","Faca","Homem"],"articleSection":["DESTAQUES","POLICIA","ULTIMAS NOTICIAS"],"inLanguage":"pt-BR","potentialAction":[{"@type":"CommentAction","name":"Comment","target":["https:\/\/portalraizesnoticias.com.br\/?p=9142#respond"]}]},{"@type":"WebPage","@id":"https:\/\/portalraizesnoticias.com.br\/?p=9142","url":"https:\/\/portalraizesnoticias.com.br\/?p=9142","name":"Homem \u00e9 esfaqueado durante cavalgada na zona rural de Concei\u00e7\u00e3o do Coit\u00e9 - Portal raizes noticias","isPartOf":{"@id":"https:\/\/portalraizesnoticias.com.br\/#website"},"primaryImageOfPage":{"@id":"https:\/\/portalraizesnoticias.com.br\/?p=9142#primaryimage"},"image":{"@id":"https:\/\/portalraizesnoticias.com.br\/?p=9142#primaryimage"},"thumbnailUrl":"https:\/\/portalraizesnoticias.com.br\/wp-content\/uploads\/2025\/09\/404_Faca_moIMG_5073_520x500_5f49d504-49b8-4145-8cc4-d15d6e2d6952.jpg","datePublished":"2025-11-02T16:54:16+00:00","dateModified":"2025-11-02T17:08:07+00:00","breadcrumb":{"@id":"https:\/\/portalraizesnoticias.com.br\/?p=9142#breadcrumb"},"inLanguage":"pt-BR","potentialAction":[{"@type":"ReadAction","target":["https:\/\/portalraizesnoticias.com.br\/?p=9142"]}]},{"@type":"ImageObject","inLanguage":"pt-BR","@id":"https:\/\/portalraizesnoticias.com.br\/?p=9142#primaryimage","url":"https:\/\/portalraizesnoticias.com.br\/wp-content\/uploads\/2025\/09\/404_Faca_moIMG_5073_520x500_5f49d504-49b8-4145-8cc4-d15d6e2d6952.jpg","contentUrl":"https:\/\/portalraizesnoticias.com.br\/wp-content\/uploads\/2025\/09\/404_Faca_moIMG_5073_520x500_5f49d504-49b8-4145-8cc4-d15d6e2d6952.jpg","width":520,"height":416},{"@type":"BreadcrumbList","@id":"https:\/\/portalraizesnoticias.com.br\/?p=9142#breadcrumb","itemListElement":[{"@type":"ListItem","position":1,"name":"In\u00edcio","item":"https:\/\/portalraizesnoticias.com.br\/"},{"@type":"ListItem","position":2,"name":"Homem \u00e9 esfaqueado durante cavalgada na zona rural de Concei\u00e7\u00e3o do Coit\u00e9"}]},{"@type":"WebSite","@id":"https:\/\/portalraizesnoticias.com.br\/#website","url":"https:\/\/portalraizesnoticias.com.br\/","name":"Portal raizes NOTICIAS","description":"site de noticias de concei\u00e7\u00e3o do coit\u00e9 e regi\u00e3o","publisher":{"@id":"https:\/\/portalraizesnoticias.com.br\/#organization"},"alternateName":"PORTAL RAIZES COIT\u00c9","potentialAction":[{"@type":"SearchAction","target":{"@type":"EntryPoint","urlTemplate":"https:\/\/portalraizesnoticias.com.br\/?s={search_term_string}"},"query-input":{"@type":"PropertyValueSpecification","valueRequired":true,"valueName":"search_term_string"}}],"inLanguage":"pt-BR"},{"@type":"Organization","@id":"https:\/\/portalraizesnoticias.com.br\/#organization","name":"Portal raizes NOTICIAS","url":"https:\/\/portalraizesnoticias.com.br\/","logo":{"@type":"ImageObject","inLanguage":"pt-BR","@id":"https:\/\/portalraizesnoticias.com.br\/#\/schema\/logo\/image\/","url":"https:\/\/portalraizesnoticias.com.br\/wp-content\/uploads\/2024\/09\/cropped-Captura-de-tela-2024-09-08-011108.png","contentUrl":"https:\/\/portalraizesnoticias.com.br\/wp-content\/uploads\/2024\/09\/cropped-Captura-de-tela-2024-09-08-011108.png","width":606,"height":173,"caption":"Portal raizes NOTICIAS"},"image":{"@id":"https:\/\/portalraizesnoticias.com.br\/#\/schema\/logo\/image\/"}},{"@type":"Person","@id":"https:\/\/portalraizesnoticias.com.br\/#\/schema\/person\/a3ca6b0fc701e78df19756c417d943ae","name":"Portal Raizes","image":{"@type":"ImageObject","inLanguage":"pt-BR","@id":"https:\/\/portalraizesnoticias.com.br\/#\/schema\/person\/image\/","url":"https:\/\/secure.gravatar.com\/avatar\/ef450d29013a3d3fba867a12a249d7b1?s=96&d=mm&r=g","contentUrl":"https:\/\/secure.gravatar.com\/avatar\/ef450d29013a3d3fba867a12a249d7b1?s=96&d=mm&r=g","caption":"Portal Raizes"},"url":"https:\/\/portalraizesnoticias.com.br\/?author=3"}]}},"_links":{"self":[{"href":"https:\/\/portalraizesnoticias.com.br\/index.php?rest_route=\/wp\/v2\/posts\/9142"}],"collection":[{"href":"https:\/\/portalraizesnoticias.com.br\/index.php?rest_route=\/wp\/v2\/posts"}],"about":[{"href":"https:\/\/portalraizesnoticias.com.br\/index.php?rest_route=\/wp\/v2\/types\/post"}],"author":[{"embeddable":true,"href":"https:\/\/portalraizesnoticias.com.br\/index.php?rest_route=\/wp\/v2\/users\/3"}],"replies":[{"embeddable":true,"href":"https:\/\/portalraizesnoticias.com.br\/index.php?rest_route=%2Fwp%2Fv2%2Fcomments&post=9142"}],"version-history":[{"count":2,"href":"https:\/\/portalraizesnoticias.com.br\/index.php?rest_route=\/wp\/v2\/posts\/9142\/revisions"}],"predecessor-version":[{"id":9144,"href":"https:\/\/portalraizesnoticias.com.br\/index.php?rest_route=\/wp\/v2\/posts\/9142\/revisions\/9144"}],"wp:featuredmedia":[{"embeddable":true,"href":"https:\/\/portalraizesnoticias.com.br\/index.php?rest_route=\/wp\/v2\/media\/8388"}],"wp:attachment":[{"href":"https:\/\/portalraizesnoticias.com.br\/index.php?rest_route=%2Fwp%2Fv2%2Fmedia&parent=9142"}],"wp:term":[{"taxonomy":"category","embeddable":true,"href":"https:\/\/portalraizesnoticias.com.br\/index.php?rest_route=%2Fwp%2Fv2%2Fcategories&post=9142"},{"taxonomy":"post_tag","embeddable":true,"href":"https:\/\/portalraizesnoticias.com.br\/index.php?rest_route=%2Fwp%2Fv2%2Ftags&post=9142"}],"curies":[{"name":"wp","href":"https:\/\/api.w.org\/{rel}","templated":true}]}}