{"id":8998,"date":"2025-10-25T00:27:41","date_gmt":"2025-10-25T03:27:41","guid":{"rendered":"https:\/\/portalraizesnoticias.com.br\/?p=8998"},"modified":"2025-10-25T00:28:15","modified_gmt":"2025-10-25T03:28:15","slug":"condutor-de-20-anos-tem-moto-apreendida-apos-ser-flagrado-pela-pm-dando-grau-nk-centro-de-ichu","status":"publish","type":"post","link":"https:\/\/portalraizesnoticias.com.br\/?p=8998","title":{"rendered":"Condutor de 20 anos tem moto apreendida ap\u00f3s ser flagrado pela PM dando \u201cgrau\u201d no centro de Ichu"},"content":{"rendered":"<p>Um jovem de 20 anos, identificado pelas iniciais K.S teve sua motocicleta apreendida na tarde desta sexta-feira (24), ap\u00f3s ser flagrado realizando manobras perigosas no centro da cidade de Ichu, na regi\u00e3o sisaleira<\/p>\n<p><img fetchpriority=\"high\" decoding=\"async\" class=\"size-medium wp-image-5600 aligncenter\" src=\"https:\/\/portalraizesnoticias.com.br\/wp-content\/uploads\/2025\/04\/banner-quadrado-vidracaria-almeida-300x300.jpg\" alt=\"\" width=\"300\" height=\"300\" srcset=\"https:\/\/portalraizesnoticias.com.br\/wp-content\/uploads\/2025\/04\/banner-quadrado-vidracaria-almeida-300x300.jpg 300w, https:\/\/portalraizesnoticias.com.br\/wp-content\/uploads\/2025\/04\/banner-quadrado-vidracaria-almeida-1024x1024.jpg 1024w, https:\/\/portalraizesnoticias.com.br\/wp-content\/uploads\/2025\/04\/banner-quadrado-vidracaria-almeida-150x150.jpg 150w, https:\/\/portalraizesnoticias.com.br\/wp-content\/uploads\/2025\/04\/banner-quadrado-vidracaria-almeida-768x768.jpg 768w, https:\/\/portalraizesnoticias.com.br\/wp-content\/uploads\/2025\/04\/banner-quadrado-vidracaria-almeida-700x700.jpg 700w, https:\/\/portalraizesnoticias.com.br\/wp-content\/uploads\/2025\/04\/banner-quadrado-vidracaria-almeida-620x620.jpg 620w, https:\/\/portalraizesnoticias.com.br\/wp-content\/uploads\/2025\/04\/banner-quadrado-vidracaria-almeida-400x400.jpg 400w, https:\/\/portalraizesnoticias.com.br\/wp-content\/uploads\/2025\/04\/banner-quadrado-vidracaria-almeida.jpg 1080w\" sizes=\"(max-width: 300px) 100vw, 300px\" \/><\/p>\n<p style=\"text-align: center;\"><strong>PUBLICIDADE<\/strong><\/p>\n<p>De acordo com informa\u00e7\u00f5es apuradas pelo Portal Ra\u00edzes junto a Pol\u00edcia Militar, por volta das 16h40, uma guarni\u00e7\u00e3o realizava rondas na Rua Adalberto Ferreira Santiago quando avistou o condutor empinando uma motocicleta Traxx Star 50, equilibrando-se em apenas uma roda.<\/p>\n<p><img decoding=\"async\" class=\"size-medium wp-image-4111 aligncenter\" src=\"https:\/\/portalraizesnoticias.com.br\/wp-content\/uploads\/2025\/01\/M.I-laranja-branco_page-0001-300x210.jpg\" alt=\"\" width=\"300\" height=\"210\" srcset=\"https:\/\/portalraizesnoticias.com.br\/wp-content\/uploads\/2025\/01\/M.I-laranja-branco_page-0001-300x210.jpg 300w, https:\/\/portalraizesnoticias.com.br\/wp-content\/uploads\/2025\/01\/M.I-laranja-branco_page-0001-1024x717.jpg 1024w, https:\/\/portalraizesnoticias.com.br\/wp-content\/uploads\/2025\/01\/M.I-laranja-branco_page-0001-768x538.jpg 768w, https:\/\/portalraizesnoticias.com.br\/wp-content\/uploads\/2025\/01\/M.I-laranja-branco_page-0001-1536x1075.jpg 1536w, https:\/\/portalraizesnoticias.com.br\/wp-content\/uploads\/2025\/01\/M.I-laranja-branco_page-0001-2048x1434.jpg 2048w\" sizes=\"(max-width: 300px) 100vw, 300px\" \/><\/p>\n<p style=\"text-align: center;\"><strong>PUBLICIDADE<\/strong><\/p>\n<p>A a\u00e7\u00e3o colocou em risco os demais usu\u00e1rios da via e causou transtornos ao tr\u00e2nsito local. Diante da infra\u00e7\u00e3o, o ve\u00edculo foi removido para a sede do 2\u00ba Pelot\u00e3o, onde foram adotadas as medidas administrativas cab\u00edveis.<\/p>\n<p>Reda\u00e7\u00e3o com informa\u00e7\u00f5es da PM<\/p>\n<p>Foto: Montagem\/ ilustra\u00e7\u00e3o\/ Andr\u00e9 Porto<\/p>\n","protected":false},"excerpt":{"rendered":"<p>Um jovem de 20 anos, identificado pelas iniciais K.S teve sua motocicleta apreendida na tarde desta sexta-feira (24), ap\u00f3s ser flagrado realizando manobras perigosas no centro da cidade de Ichu, na regi\u00e3o sisaleira PUBLICIDADE De acordo com informa\u00e7\u00f5es apuradas pelo Portal Ra\u00edzes junto a Pol\u00edcia Militar, por volta das 16h40, uma guarni\u00e7\u00e3o realizava rondas na Rua Adalberto Ferreira Santiago quando avistou o condutor empinando uma motocicleta Traxx Star 50, equilibrando-se em apenas uma roda. PUBLICIDADE A a\u00e7\u00e3o colocou em risco os demais usu\u00e1rios da via e causou transtornos ao tr\u00e2nsito local. Diante da infra\u00e7\u00e3o, o ve\u00edculo foi removido para a sede do 2\u00ba Pelot\u00e3o, onde foram adotadas as medidas administrativas cab\u00edveis. Reda\u00e7\u00e3o com informa\u00e7\u00f5es da PM Foto: Montagem\/ ilustra\u00e7\u00e3o\/ Andr\u00e9 Porto<\/p>\n","protected":false},"author":3,"featured_media":8999,"comment_status":"open","ping_status":"open","sticky":false,"template":"","format":"standard","meta":{"_joinchat":[],"footnotes":""},"categories":[55,67,59],"tags":[1344,437],"class_list":["post-8998","post","type-post","status-publish","format-standard","has-post-thumbnail","hentry","category-destaques","category-policia","category-ultimas-noticias","tag-grau","tag-pm"],"yoast_head":"<!-- This site is optimized with the Yoast SEO plugin v24.4 - https:\/\/yoast.com\/wordpress\/plugins\/seo\/ -->\n<title>Condutor de 20 anos tem moto apreendida ap\u00f3s ser flagrado pela PM dando \u201cgrau\u201d no centro de Ichu - Portal raizes noticias<\/title>\n<meta name=\"robots\" content=\"index, follow, max-snippet:-1, max-image-preview:large, max-video-preview:-1\" \/>\n<link rel=\"canonical\" href=\"https:\/\/portalraizesnoticias.com.br\/?p=8998\" \/>\n<meta property=\"og:locale\" content=\"pt_BR\" \/>\n<meta property=\"og:type\" content=\"article\" \/>\n<meta property=\"og:title\" content=\"Condutor de 20 anos tem moto apreendida ap\u00f3s ser flagrado pela PM dando \u201cgrau\u201d no centro de Ichu - Portal raizes noticias\" \/>\n<meta property=\"og:description\" content=\"Um jovem de 20 anos, identificado pelas iniciais K.S teve sua motocicleta apreendida na tarde desta sexta-feira (24), ap\u00f3s ser flagrado realizando manobras perigosas no centro da cidade de Ichu, na regi\u00e3o sisaleira PUBLICIDADE De acordo com informa\u00e7\u00f5es apuradas pelo Portal Ra\u00edzes junto a Pol\u00edcia Militar, por volta das 16h40, uma guarni\u00e7\u00e3o realizava rondas na Rua Adalberto Ferreira Santiago quando avistou o condutor empinando uma motocicleta Traxx Star 50, equilibrando-se em apenas uma roda. PUBLICIDADE A a\u00e7\u00e3o colocou em risco os demais usu\u00e1rios da via e causou transtornos ao tr\u00e2nsito local. Diante da infra\u00e7\u00e3o, o ve\u00edculo foi removido para a sede do 2\u00ba Pelot\u00e3o, onde foram adotadas as medidas administrativas cab\u00edveis. Reda\u00e7\u00e3o com informa\u00e7\u00f5es da PM Foto: Montagem\/ ilustra\u00e7\u00e3o\/ Andr\u00e9 Porto\" \/>\n<meta property=\"og:url\" content=\"https:\/\/portalraizesnoticias.com.br\/?p=8998\" \/>\n<meta property=\"og:site_name\" content=\"Portal raizes noticias\" \/>\n<meta property=\"article:published_time\" content=\"2025-10-25T03:27:41+00:00\" \/>\n<meta property=\"article:modified_time\" content=\"2025-10-25T03:28:15+00:00\" \/>\n<meta property=\"og:image\" content=\"https:\/\/portalraizesnoticias.com.br\/wp-content\/uploads\/2025\/10\/IMG-20251025-WA0003.jpg\" \/>\n\t<meta property=\"og:image:width\" content=\"1280\" \/>\n\t<meta property=\"og:image:height\" content=\"1280\" \/>\n\t<meta property=\"og:image:type\" content=\"image\/jpeg\" \/>\n<meta name=\"author\" content=\"Portal Raizes\" \/>\n<meta name=\"twitter:card\" content=\"summary_large_image\" \/>\n<meta name=\"twitter:label1\" content=\"Escrito por\" \/>\n\t<meta name=\"twitter:data1\" content=\"Portal Raizes\" \/>\n\t<meta name=\"twitter:label2\" content=\"Est. tempo de leitura\" \/>\n\t<meta name=\"twitter:data2\" content=\"2 minutos\" \/>\n<script type=\"application\/ld+json\" class=\"yoast-schema-graph\">{\"@context\":\"https:\/\/schema.org\",\"@graph\":[{\"@type\":\"Article\",\"@id\":\"https:\/\/portalraizesnoticias.com.br\/?p=8998#article\",\"isPartOf\":{\"@id\":\"https:\/\/portalraizesnoticias.com.br\/?p=8998\"},\"author\":{\"name\":\"Portal Raizes\",\"@id\":\"https:\/\/portalraizesnoticias.com.br\/#\/schema\/person\/a3ca6b0fc701e78df19756c417d943ae\"},\"headline\":\"Condutor de 20 anos tem moto apreendida ap\u00f3s ser flagrado pela PM dando \u201cgrau\u201d no centro de Ichu\",\"datePublished\":\"2025-10-25T03:27:41+00:00\",\"dateModified\":\"2025-10-25T03:28:15+00:00\",\"mainEntityOfPage\":{\"@id\":\"https:\/\/portalraizesnoticias.com.br\/?p=8998\"},\"wordCount\":152,\"commentCount\":0,\"publisher\":{\"@id\":\"https:\/\/portalraizesnoticias.com.br\/#organization\"},\"image\":{\"@id\":\"https:\/\/portalraizesnoticias.com.br\/?p=8998#primaryimage\"},\"thumbnailUrl\":\"https:\/\/portalraizesnoticias.com.br\/wp-content\/uploads\/2025\/10\/IMG-20251025-WA0003.jpg\",\"keywords\":[\"Grau\",\"Pm\"],\"articleSection\":[\"DESTAQUES\",\"POLICIA\",\"ULTIMAS NOTICIAS\"],\"inLanguage\":\"pt-BR\",\"potentialAction\":[{\"@type\":\"CommentAction\",\"name\":\"Comment\",\"target\":[\"https:\/\/portalraizesnoticias.com.br\/?p=8998#respond\"]}]},{\"@type\":\"WebPage\",\"@id\":\"https:\/\/portalraizesnoticias.com.br\/?p=8998\",\"url\":\"https:\/\/portalraizesnoticias.com.br\/?p=8998\",\"name\":\"Condutor de 20 anos tem moto apreendida ap\u00f3s ser flagrado pela PM dando \u201cgrau\u201d no centro de Ichu - Portal raizes noticias\",\"isPartOf\":{\"@id\":\"https:\/\/portalraizesnoticias.com.br\/#website\"},\"primaryImageOfPage\":{\"@id\":\"https:\/\/portalraizesnoticias.com.br\/?p=8998#primaryimage\"},\"image\":{\"@id\":\"https:\/\/portalraizesnoticias.com.br\/?p=8998#primaryimage\"},\"thumbnailUrl\":\"https:\/\/portalraizesnoticias.com.br\/wp-content\/uploads\/2025\/10\/IMG-20251025-WA0003.jpg\",\"datePublished\":\"2025-10-25T03:27:41+00:00\",\"dateModified\":\"2025-10-25T03:28:15+00:00\",\"breadcrumb\":{\"@id\":\"https:\/\/portalraizesnoticias.com.br\/?p=8998#breadcrumb\"},\"inLanguage\":\"pt-BR\",\"potentialAction\":[{\"@type\":\"ReadAction\",\"target\":[\"https:\/\/portalraizesnoticias.com.br\/?p=8998\"]}]},{\"@type\":\"ImageObject\",\"inLanguage\":\"pt-BR\",\"@id\":\"https:\/\/portalraizesnoticias.com.br\/?p=8998#primaryimage\",\"url\":\"https:\/\/portalraizesnoticias.com.br\/wp-content\/uploads\/2025\/10\/IMG-20251025-WA0003.jpg\",\"contentUrl\":\"https:\/\/portalraizesnoticias.com.br\/wp-content\/uploads\/2025\/10\/IMG-20251025-WA0003.jpg\",\"width\":1280,\"height\":1280},{\"@type\":\"BreadcrumbList\",\"@id\":\"https:\/\/portalraizesnoticias.com.br\/?p=8998#breadcrumb\",\"itemListElement\":[{\"@type\":\"ListItem\",\"position\":1,\"name\":\"In\u00edcio\",\"item\":\"https:\/\/portalraizesnoticias.com.br\/\"},{\"@type\":\"ListItem\",\"position\":2,\"name\":\"Condutor de 20 anos tem moto apreendida ap\u00f3s ser flagrado pela PM dando \u201cgrau\u201d no centro de Ichu\"}]},{\"@type\":\"WebSite\",\"@id\":\"https:\/\/portalraizesnoticias.com.br\/#website\",\"url\":\"https:\/\/portalraizesnoticias.com.br\/\",\"name\":\"Portal raizes NOTICIAS\",\"description\":\"site de noticias de concei\u00e7\u00e3o do coit\u00e9 e regi\u00e3o\",\"publisher\":{\"@id\":\"https:\/\/portalraizesnoticias.com.br\/#organization\"},\"alternateName\":\"PORTAL RAIZES COIT\u00c9\",\"potentialAction\":[{\"@type\":\"SearchAction\",\"target\":{\"@type\":\"EntryPoint\",\"urlTemplate\":\"https:\/\/portalraizesnoticias.com.br\/?s={search_term_string}\"},\"query-input\":{\"@type\":\"PropertyValueSpecification\",\"valueRequired\":true,\"valueName\":\"search_term_string\"}}],\"inLanguage\":\"pt-BR\"},{\"@type\":\"Organization\",\"@id\":\"https:\/\/portalraizesnoticias.com.br\/#organization\",\"name\":\"Portal raizes NOTICIAS\",\"url\":\"https:\/\/portalraizesnoticias.com.br\/\",\"logo\":{\"@type\":\"ImageObject\",\"inLanguage\":\"pt-BR\",\"@id\":\"https:\/\/portalraizesnoticias.com.br\/#\/schema\/logo\/image\/\",\"url\":\"https:\/\/portalraizesnoticias.com.br\/wp-content\/uploads\/2024\/09\/cropped-Captura-de-tela-2024-09-08-011108.png\",\"contentUrl\":\"https:\/\/portalraizesnoticias.com.br\/wp-content\/uploads\/2024\/09\/cropped-Captura-de-tela-2024-09-08-011108.png\",\"width\":606,\"height\":173,\"caption\":\"Portal raizes NOTICIAS\"},\"image\":{\"@id\":\"https:\/\/portalraizesnoticias.com.br\/#\/schema\/logo\/image\/\"}},{\"@type\":\"Person\",\"@id\":\"https:\/\/portalraizesnoticias.com.br\/#\/schema\/person\/a3ca6b0fc701e78df19756c417d943ae\",\"name\":\"Portal Raizes\",\"image\":{\"@type\":\"ImageObject\",\"inLanguage\":\"pt-BR\",\"@id\":\"https:\/\/portalraizesnoticias.com.br\/#\/schema\/person\/image\/\",\"url\":\"https:\/\/secure.gravatar.com\/avatar\/ef450d29013a3d3fba867a12a249d7b1?s=96&d=mm&r=g\",\"contentUrl\":\"https:\/\/secure.gravatar.com\/avatar\/ef450d29013a3d3fba867a12a249d7b1?s=96&d=mm&r=g\",\"caption\":\"Portal Raizes\"},\"url\":\"https:\/\/portalraizesnoticias.com.br\/?author=3\"}]}<\/script>\n<!-- \/ Yoast SEO plugin. -->","yoast_head_json":{"title":"Condutor de 20 anos tem moto apreendida ap\u00f3s ser flagrado pela PM dando \u201cgrau\u201d no centro de Ichu - Portal raizes noticias","robots":{"index":"index","follow":"follow","max-snippet":"max-snippet:-1","max-image-preview":"max-image-preview:large","max-video-preview":"max-video-preview:-1"},"canonical":"https:\/\/portalraizesnoticias.com.br\/?p=8998","og_locale":"pt_BR","og_type":"article","og_title":"Condutor de 20 anos tem moto apreendida ap\u00f3s ser flagrado pela PM dando \u201cgrau\u201d no centro de Ichu - Portal raizes noticias","og_description":"Um jovem de 20 anos, identificado pelas iniciais K.S teve sua motocicleta apreendida na tarde desta sexta-feira (24), ap\u00f3s ser flagrado realizando manobras perigosas no centro da cidade de Ichu, na regi\u00e3o sisaleira PUBLICIDADE De acordo com informa\u00e7\u00f5es apuradas pelo Portal Ra\u00edzes junto a Pol\u00edcia Militar, por volta das 16h40, uma guarni\u00e7\u00e3o realizava rondas na Rua Adalberto Ferreira Santiago quando avistou o condutor empinando uma motocicleta Traxx Star 50, equilibrando-se em apenas uma roda. PUBLICIDADE A a\u00e7\u00e3o colocou em risco os demais usu\u00e1rios da via e causou transtornos ao tr\u00e2nsito local. Diante da infra\u00e7\u00e3o, o ve\u00edculo foi removido para a sede do 2\u00ba Pelot\u00e3o, onde foram adotadas as medidas administrativas cab\u00edveis. Reda\u00e7\u00e3o com informa\u00e7\u00f5es da PM Foto: Montagem\/ ilustra\u00e7\u00e3o\/ Andr\u00e9 Porto","og_url":"https:\/\/portalraizesnoticias.com.br\/?p=8998","og_site_name":"Portal raizes noticias","article_published_time":"2025-10-25T03:27:41+00:00","article_modified_time":"2025-10-25T03:28:15+00:00","og_image":[{"width":1280,"height":1280,"url":"https:\/\/portalraizesnoticias.com.br\/wp-content\/uploads\/2025\/10\/IMG-20251025-WA0003.jpg","type":"image\/jpeg"}],"author":"Portal Raizes","twitter_card":"summary_large_image","twitter_misc":{"Escrito por":"Portal Raizes","Est. tempo de leitura":"2 minutos"},"schema":{"@context":"https:\/\/schema.org","@graph":[{"@type":"Article","@id":"https:\/\/portalraizesnoticias.com.br\/?p=8998#article","isPartOf":{"@id":"https:\/\/portalraizesnoticias.com.br\/?p=8998"},"author":{"name":"Portal Raizes","@id":"https:\/\/portalraizesnoticias.com.br\/#\/schema\/person\/a3ca6b0fc701e78df19756c417d943ae"},"headline":"Condutor de 20 anos tem moto apreendida ap\u00f3s ser flagrado pela PM dando \u201cgrau\u201d no centro de Ichu","datePublished":"2025-10-25T03:27:41+00:00","dateModified":"2025-10-25T03:28:15+00:00","mainEntityOfPage":{"@id":"https:\/\/portalraizesnoticias.com.br\/?p=8998"},"wordCount":152,"commentCount":0,"publisher":{"@id":"https:\/\/portalraizesnoticias.com.br\/#organization"},"image":{"@id":"https:\/\/portalraizesnoticias.com.br\/?p=8998#primaryimage"},"thumbnailUrl":"https:\/\/portalraizesnoticias.com.br\/wp-content\/uploads\/2025\/10\/IMG-20251025-WA0003.jpg","keywords":["Grau","Pm"],"articleSection":["DESTAQUES","POLICIA","ULTIMAS NOTICIAS"],"inLanguage":"pt-BR","potentialAction":[{"@type":"CommentAction","name":"Comment","target":["https:\/\/portalraizesnoticias.com.br\/?p=8998#respond"]}]},{"@type":"WebPage","@id":"https:\/\/portalraizesnoticias.com.br\/?p=8998","url":"https:\/\/portalraizesnoticias.com.br\/?p=8998","name":"Condutor de 20 anos tem moto apreendida ap\u00f3s ser flagrado pela PM dando \u201cgrau\u201d no centro de Ichu - Portal raizes noticias","isPartOf":{"@id":"https:\/\/portalraizesnoticias.com.br\/#website"},"primaryImageOfPage":{"@id":"https:\/\/portalraizesnoticias.com.br\/?p=8998#primaryimage"},"image":{"@id":"https:\/\/portalraizesnoticias.com.br\/?p=8998#primaryimage"},"thumbnailUrl":"https:\/\/portalraizesnoticias.com.br\/wp-content\/uploads\/2025\/10\/IMG-20251025-WA0003.jpg","datePublished":"2025-10-25T03:27:41+00:00","dateModified":"2025-10-25T03:28:15+00:00","breadcrumb":{"@id":"https:\/\/portalraizesnoticias.com.br\/?p=8998#breadcrumb"},"inLanguage":"pt-BR","potentialAction":[{"@type":"ReadAction","target":["https:\/\/portalraizesnoticias.com.br\/?p=8998"]}]},{"@type":"ImageObject","inLanguage":"pt-BR","@id":"https:\/\/portalraizesnoticias.com.br\/?p=8998#primaryimage","url":"https:\/\/portalraizesnoticias.com.br\/wp-content\/uploads\/2025\/10\/IMG-20251025-WA0003.jpg","contentUrl":"https:\/\/portalraizesnoticias.com.br\/wp-content\/uploads\/2025\/10\/IMG-20251025-WA0003.jpg","width":1280,"height":1280},{"@type":"BreadcrumbList","@id":"https:\/\/portalraizesnoticias.com.br\/?p=8998#breadcrumb","itemListElement":[{"@type":"ListItem","position":1,"name":"In\u00edcio","item":"https:\/\/portalraizesnoticias.com.br\/"},{"@type":"ListItem","position":2,"name":"Condutor de 20 anos tem moto apreendida ap\u00f3s ser flagrado pela PM dando \u201cgrau\u201d no centro de Ichu"}]},{"@type":"WebSite","@id":"https:\/\/portalraizesnoticias.com.br\/#website","url":"https:\/\/portalraizesnoticias.com.br\/","name":"Portal raizes NOTICIAS","description":"site de noticias de concei\u00e7\u00e3o do coit\u00e9 e regi\u00e3o","publisher":{"@id":"https:\/\/portalraizesnoticias.com.br\/#organization"},"alternateName":"PORTAL RAIZES COIT\u00c9","potentialAction":[{"@type":"SearchAction","target":{"@type":"EntryPoint","urlTemplate":"https:\/\/portalraizesnoticias.com.br\/?s={search_term_string}"},"query-input":{"@type":"PropertyValueSpecification","valueRequired":true,"valueName":"search_term_string"}}],"inLanguage":"pt-BR"},{"@type":"Organization","@id":"https:\/\/portalraizesnoticias.com.br\/#organization","name":"Portal raizes NOTICIAS","url":"https:\/\/portalraizesnoticias.com.br\/","logo":{"@type":"ImageObject","inLanguage":"pt-BR","@id":"https:\/\/portalraizesnoticias.com.br\/#\/schema\/logo\/image\/","url":"https:\/\/portalraizesnoticias.com.br\/wp-content\/uploads\/2024\/09\/cropped-Captura-de-tela-2024-09-08-011108.png","contentUrl":"https:\/\/portalraizesnoticias.com.br\/wp-content\/uploads\/2024\/09\/cropped-Captura-de-tela-2024-09-08-011108.png","width":606,"height":173,"caption":"Portal raizes NOTICIAS"},"image":{"@id":"https:\/\/portalraizesnoticias.com.br\/#\/schema\/logo\/image\/"}},{"@type":"Person","@id":"https:\/\/portalraizesnoticias.com.br\/#\/schema\/person\/a3ca6b0fc701e78df19756c417d943ae","name":"Portal Raizes","image":{"@type":"ImageObject","inLanguage":"pt-BR","@id":"https:\/\/portalraizesnoticias.com.br\/#\/schema\/person\/image\/","url":"https:\/\/secure.gravatar.com\/avatar\/ef450d29013a3d3fba867a12a249d7b1?s=96&d=mm&r=g","contentUrl":"https:\/\/secure.gravatar.com\/avatar\/ef450d29013a3d3fba867a12a249d7b1?s=96&d=mm&r=g","caption":"Portal Raizes"},"url":"https:\/\/portalraizesnoticias.com.br\/?author=3"}]}},"_links":{"self":[{"href":"https:\/\/portalraizesnoticias.com.br\/index.php?rest_route=\/wp\/v2\/posts\/8998"}],"collection":[{"href":"https:\/\/portalraizesnoticias.com.br\/index.php?rest_route=\/wp\/v2\/posts"}],"about":[{"href":"https:\/\/portalraizesnoticias.com.br\/index.php?rest_route=\/wp\/v2\/types\/post"}],"author":[{"embeddable":true,"href":"https:\/\/portalraizesnoticias.com.br\/index.php?rest_route=\/wp\/v2\/users\/3"}],"replies":[{"embeddable":true,"href":"https:\/\/portalraizesnoticias.com.br\/index.php?rest_route=%2Fwp%2Fv2%2Fcomments&post=8998"}],"version-history":[{"count":2,"href":"https:\/\/portalraizesnoticias.com.br\/index.php?rest_route=\/wp\/v2\/posts\/8998\/revisions"}],"predecessor-version":[{"id":9001,"href":"https:\/\/portalraizesnoticias.com.br\/index.php?rest_route=\/wp\/v2\/posts\/8998\/revisions\/9001"}],"wp:featuredmedia":[{"embeddable":true,"href":"https:\/\/portalraizesnoticias.com.br\/index.php?rest_route=\/wp\/v2\/media\/8999"}],"wp:attachment":[{"href":"https:\/\/portalraizesnoticias.com.br\/index.php?rest_route=%2Fwp%2Fv2%2Fmedia&parent=8998"}],"wp:term":[{"taxonomy":"category","embeddable":true,"href":"https:\/\/portalraizesnoticias.com.br\/index.php?rest_route=%2Fwp%2Fv2%2Fcategories&post=8998"},{"taxonomy":"post_tag","embeddable":true,"href":"https:\/\/portalraizesnoticias.com.br\/index.php?rest_route=%2Fwp%2Fv2%2Ftags&post=8998"}],"curies":[{"name":"wp","href":"https:\/\/api.w.org\/{rel}","templated":true}]}}