{"id":8963,"date":"2025-10-24T20:09:27","date_gmt":"2025-10-24T23:09:27","guid":{"rendered":"https:\/\/portalraizesnoticias.com.br\/?p=8963"},"modified":"2025-10-24T23:03:17","modified_gmt":"2025-10-25T02:03:17","slug":"atualizada-homem-em-surto-psicotico-agride-rapaz-a-golpes-de-facao-no-bairro-petrolina-em-valente-ele-tambem-portava-uma-faca","status":"publish","type":"post","link":"https:\/\/portalraizesnoticias.com.br\/?p=8963","title":{"rendered":"ATUALIZADA: Homem em surto psic\u00f3tico agride rapaz a golpes de fac\u00e3o no bairro Petrolina em Valente; ele tamb\u00e9m portava uma faca"},"content":{"rendered":"<p>Um homem em um suposto surto psic\u00f3tico feriu outro indiv\u00edduo a golpes de arma branca do tipo fac\u00e3o na noite desta sexta-feira (24), no bairro Petrolina, em Valente, regi\u00e3o sisaleira.<\/p>\n<p><img fetchpriority=\"high\" decoding=\"async\" class=\"size-medium wp-image-8006 aligncenter\" src=\"https:\/\/portalraizesnoticias.com.br\/wp-content\/uploads\/2025\/09\/IMG-20250902-WA0020-300x296.jpg\" alt=\"\" width=\"300\" height=\"296\" srcset=\"https:\/\/portalraizesnoticias.com.br\/wp-content\/uploads\/2025\/09\/IMG-20250902-WA0020-300x296.jpg 300w, https:\/\/portalraizesnoticias.com.br\/wp-content\/uploads\/2025\/09\/IMG-20250902-WA0020-1024x1009.jpg 1024w, https:\/\/portalraizesnoticias.com.br\/wp-content\/uploads\/2025\/09\/IMG-20250902-WA0020-768x757.jpg 768w, https:\/\/portalraizesnoticias.com.br\/wp-content\/uploads\/2025\/09\/IMG-20250902-WA0020.jpg 1080w\" sizes=\"(max-width: 300px) 100vw, 300px\" \/><\/p>\n<p style=\"text-align: center;\"><strong>PUBLICIDADE<\/strong><\/p>\n<p>No local, os policiais constataram que a v\u00edtima, W. G. de 26 anos, havia sido atingida por golpes de fac\u00e3o desferidos por G. S de 24 anos. O rapaz ferido foi socorrido e encaminhado ao hospital municipal para atendimento m\u00e9dico.<\/p>\n<p>Ainda conforme a PM, ap\u00f3s a agress\u00e3o, o autor se refugiou na casa da m\u00e3e, tamb\u00e9m localizada na Rua da Paz. Familiares informaram aos policiais que ele estava em surto psic\u00f3tico, portando outra arma branca,\u00a0 uma faca, e recusando qualquer aproxima\u00e7\u00e3o.<\/p>\n<p>Diante do risco, os militares solicitaram apoio do SAMU, mas n\u00e3o havia equipe dispon\u00edvel no\u00a0 momento. A guarni\u00e7\u00e3o ent\u00e3o iniciou uma negocia\u00e7\u00e3o verbal, com o objetivo de preservar a integridade f\u00edsica do autor, dos familiares e da equipe policial.<\/p>\n<p>Ap\u00f3s um di\u00e1logo prolongado, o autor atendeu \u00e0s ordens policiais, soltou a faca e se rendeu pacificamente.<\/p>\n<p>O homem foi contido de forma segura, encaminhado para avalia\u00e7\u00e3o m\u00e9dica e, em seguida, levado ao Plant\u00e3o Central da Pol\u00edcia Civil, onde as medidas cab\u00edveis foram adotadas.<\/p>\n<p>As duas armas brancas foram apreendidas<\/p>\n<p>Reda\u00e7\u00e3o com informa\u00e7\u00f5es da PM<\/p>\n<p>Foto: Ilustra\u00e7\u00e3o<\/p>\n","protected":false},"excerpt":{"rendered":"<p>Um homem em um suposto surto psic\u00f3tico feriu outro indiv\u00edduo a golpes de arma branca do tipo fac\u00e3o na noite desta sexta-feira (24), no bairro Petrolina, em Valente, regi\u00e3o sisaleira. PUBLICIDADE No local, os policiais constataram que a v\u00edtima, W. G. de 26 anos, havia sido atingida por golpes de fac\u00e3o desferidos por G. S de 24 anos. O rapaz ferido foi socorrido e encaminhado ao hospital municipal para atendimento m\u00e9dico. Ainda conforme a PM, ap\u00f3s a agress\u00e3o, o autor se refugiou na casa da m\u00e3e, tamb\u00e9m localizada na Rua da Paz. Familiares informaram aos policiais que ele estava em surto psic\u00f3tico, portando outra arma branca,\u00a0 uma faca, e recusando qualquer aproxima\u00e7\u00e3o. Diante do risco, os militares solicitaram apoio do SAMU, mas n\u00e3o havia equipe dispon\u00edvel no\u00a0 momento. A guarni\u00e7\u00e3o ent\u00e3o iniciou uma negocia\u00e7\u00e3o verbal, com o objetivo de preservar a integridade f\u00edsica do autor, dos familiares e da equipe policial. Ap\u00f3s um di\u00e1logo prolongado, o autor atendeu \u00e0s ordens policiais, soltou a faca e se rendeu pacificamente. O homem foi contido de forma segura, encaminhado para avalia\u00e7\u00e3o m\u00e9dica e, em seguida, levado ao Plant\u00e3o Central da Pol\u00edcia Civil, onde as medidas cab\u00edveis foram adotadas. As duas armas brancas foram apreendidas Reda\u00e7\u00e3o com informa\u00e7\u00f5es da PM Foto: Ilustra\u00e7\u00e3o<\/p>\n","protected":false},"author":3,"featured_media":8988,"comment_status":"open","ping_status":"open","sticky":false,"template":"","format":"standard","meta":{"_joinchat":[],"footnotes":""},"categories":[67,59],"tags":[142,1340,430],"class_list":["post-8963","post","type-post","status-publish","format-standard","has-post-thumbnail","hentry","category-policia","category-ultimas-noticias","tag-homem","tag-surto","tag-valente"],"yoast_head":"<!-- This site is optimized with the Yoast SEO plugin v24.4 - https:\/\/yoast.com\/wordpress\/plugins\/seo\/ -->\n<title>ATUALIZADA: Homem em surto psic\u00f3tico agride rapaz a golpes de fac\u00e3o no bairro Petrolina em Valente; ele tamb\u00e9m portava uma faca - Portal raizes noticias<\/title>\n<meta name=\"robots\" content=\"index, follow, max-snippet:-1, max-image-preview:large, max-video-preview:-1\" \/>\n<link rel=\"canonical\" href=\"https:\/\/portalraizesnoticias.com.br\/?p=8963\" \/>\n<meta property=\"og:locale\" content=\"pt_BR\" \/>\n<meta property=\"og:type\" content=\"article\" \/>\n<meta property=\"og:title\" content=\"ATUALIZADA: Homem em surto psic\u00f3tico agride rapaz a golpes de fac\u00e3o no bairro Petrolina em Valente; ele tamb\u00e9m portava uma faca - Portal raizes noticias\" \/>\n<meta property=\"og:description\" content=\"Um homem em um suposto surto psic\u00f3tico feriu outro indiv\u00edduo a golpes de arma branca do tipo fac\u00e3o na noite desta sexta-feira (24), no bairro Petrolina, em Valente, regi\u00e3o sisaleira. PUBLICIDADE No local, os policiais constataram que a v\u00edtima, W. G. de 26 anos, havia sido atingida por golpes de fac\u00e3o desferidos por G. S de 24 anos. O rapaz ferido foi socorrido e encaminhado ao hospital municipal para atendimento m\u00e9dico. Ainda conforme a PM, ap\u00f3s a agress\u00e3o, o autor se refugiou na casa da m\u00e3e, tamb\u00e9m localizada na Rua da Paz. Familiares informaram aos policiais que ele estava em surto psic\u00f3tico, portando outra arma branca,\u00a0 uma faca, e recusando qualquer aproxima\u00e7\u00e3o. Diante do risco, os militares solicitaram apoio do SAMU, mas n\u00e3o havia equipe dispon\u00edvel no\u00a0 momento. A guarni\u00e7\u00e3o ent\u00e3o iniciou uma negocia\u00e7\u00e3o verbal, com o objetivo de preservar a integridade f\u00edsica do autor, dos familiares e da equipe policial. Ap\u00f3s um di\u00e1logo prolongado, o autor atendeu \u00e0s ordens policiais, soltou a faca e se rendeu pacificamente. O homem foi contido de forma segura, encaminhado para avalia\u00e7\u00e3o m\u00e9dica e, em seguida, levado ao Plant\u00e3o Central da Pol\u00edcia Civil, onde as medidas cab\u00edveis foram adotadas. As duas armas brancas foram apreendidas Reda\u00e7\u00e3o com informa\u00e7\u00f5es da PM Foto: Ilustra\u00e7\u00e3o\" \/>\n<meta property=\"og:url\" content=\"https:\/\/portalraizesnoticias.com.br\/?p=8963\" \/>\n<meta property=\"og:site_name\" content=\"Portal raizes noticias\" \/>\n<meta property=\"article:published_time\" content=\"2025-10-24T23:09:27+00:00\" \/>\n<meta property=\"article:modified_time\" content=\"2025-10-25T02:03:17+00:00\" \/>\n<meta property=\"og:image\" content=\"https:\/\/portalraizesnoticias.com.br\/wp-content\/uploads\/2025\/10\/IMG-20251024-WA0411.jpg\" \/>\n\t<meta property=\"og:image:width\" content=\"1600\" \/>\n\t<meta property=\"og:image:height\" content=\"1600\" \/>\n\t<meta property=\"og:image:type\" content=\"image\/jpeg\" \/>\n<meta name=\"author\" content=\"Portal Raizes\" \/>\n<meta name=\"twitter:card\" content=\"summary_large_image\" \/>\n<meta name=\"twitter:label1\" content=\"Escrito por\" \/>\n\t<meta name=\"twitter:data1\" content=\"Portal Raizes\" \/>\n\t<meta name=\"twitter:label2\" content=\"Est. tempo de leitura\" \/>\n\t<meta name=\"twitter:data2\" content=\"2 minutos\" \/>\n<script type=\"application\/ld+json\" class=\"yoast-schema-graph\">{\"@context\":\"https:\/\/schema.org\",\"@graph\":[{\"@type\":\"Article\",\"@id\":\"https:\/\/portalraizesnoticias.com.br\/?p=8963#article\",\"isPartOf\":{\"@id\":\"https:\/\/portalraizesnoticias.com.br\/?p=8963\"},\"author\":{\"name\":\"Portal Raizes\",\"@id\":\"https:\/\/portalraizesnoticias.com.br\/#\/schema\/person\/a3ca6b0fc701e78df19756c417d943ae\"},\"headline\":\"ATUALIZADA: Homem em surto psic\u00f3tico agride rapaz a golpes de fac\u00e3o no bairro Petrolina em Valente; ele tamb\u00e9m portava uma faca\",\"datePublished\":\"2025-10-24T23:09:27+00:00\",\"dateModified\":\"2025-10-25T02:03:17+00:00\",\"mainEntityOfPage\":{\"@id\":\"https:\/\/portalraizesnoticias.com.br\/?p=8963\"},\"wordCount\":258,\"commentCount\":0,\"publisher\":{\"@id\":\"https:\/\/portalraizesnoticias.com.br\/#organization\"},\"image\":{\"@id\":\"https:\/\/portalraizesnoticias.com.br\/?p=8963#primaryimage\"},\"thumbnailUrl\":\"https:\/\/portalraizesnoticias.com.br\/wp-content\/uploads\/2025\/10\/IMG-20251024-WA0411.jpg\",\"keywords\":[\"Homem\",\"Surto\",\"Valente\"],\"articleSection\":[\"POLICIA\",\"ULTIMAS NOTICIAS\"],\"inLanguage\":\"pt-BR\",\"potentialAction\":[{\"@type\":\"CommentAction\",\"name\":\"Comment\",\"target\":[\"https:\/\/portalraizesnoticias.com.br\/?p=8963#respond\"]}]},{\"@type\":\"WebPage\",\"@id\":\"https:\/\/portalraizesnoticias.com.br\/?p=8963\",\"url\":\"https:\/\/portalraizesnoticias.com.br\/?p=8963\",\"name\":\"ATUALIZADA: Homem em surto psic\u00f3tico agride rapaz a golpes de fac\u00e3o no bairro Petrolina em Valente; ele tamb\u00e9m portava uma faca - Portal raizes noticias\",\"isPartOf\":{\"@id\":\"https:\/\/portalraizesnoticias.com.br\/#website\"},\"primaryImageOfPage\":{\"@id\":\"https:\/\/portalraizesnoticias.com.br\/?p=8963#primaryimage\"},\"image\":{\"@id\":\"https:\/\/portalraizesnoticias.com.br\/?p=8963#primaryimage\"},\"thumbnailUrl\":\"https:\/\/portalraizesnoticias.com.br\/wp-content\/uploads\/2025\/10\/IMG-20251024-WA0411.jpg\",\"datePublished\":\"2025-10-24T23:09:27+00:00\",\"dateModified\":\"2025-10-25T02:03:17+00:00\",\"breadcrumb\":{\"@id\":\"https:\/\/portalraizesnoticias.com.br\/?p=8963#breadcrumb\"},\"inLanguage\":\"pt-BR\",\"potentialAction\":[{\"@type\":\"ReadAction\",\"target\":[\"https:\/\/portalraizesnoticias.com.br\/?p=8963\"]}]},{\"@type\":\"ImageObject\",\"inLanguage\":\"pt-BR\",\"@id\":\"https:\/\/portalraizesnoticias.com.br\/?p=8963#primaryimage\",\"url\":\"https:\/\/portalraizesnoticias.com.br\/wp-content\/uploads\/2025\/10\/IMG-20251024-WA0411.jpg\",\"contentUrl\":\"https:\/\/portalraizesnoticias.com.br\/wp-content\/uploads\/2025\/10\/IMG-20251024-WA0411.jpg\",\"width\":1600,\"height\":1600},{\"@type\":\"BreadcrumbList\",\"@id\":\"https:\/\/portalraizesnoticias.com.br\/?p=8963#breadcrumb\",\"itemListElement\":[{\"@type\":\"ListItem\",\"position\":1,\"name\":\"In\u00edcio\",\"item\":\"https:\/\/portalraizesnoticias.com.br\/\"},{\"@type\":\"ListItem\",\"position\":2,\"name\":\"ATUALIZADA: Homem em surto psic\u00f3tico agride rapaz a golpes de fac\u00e3o no bairro Petrolina em Valente; ele tamb\u00e9m portava uma faca\"}]},{\"@type\":\"WebSite\",\"@id\":\"https:\/\/portalraizesnoticias.com.br\/#website\",\"url\":\"https:\/\/portalraizesnoticias.com.br\/\",\"name\":\"Portal raizes NOTICIAS\",\"description\":\"site de noticias de concei\u00e7\u00e3o do coit\u00e9 e regi\u00e3o\",\"publisher\":{\"@id\":\"https:\/\/portalraizesnoticias.com.br\/#organization\"},\"alternateName\":\"PORTAL RAIZES COIT\u00c9\",\"potentialAction\":[{\"@type\":\"SearchAction\",\"target\":{\"@type\":\"EntryPoint\",\"urlTemplate\":\"https:\/\/portalraizesnoticias.com.br\/?s={search_term_string}\"},\"query-input\":{\"@type\":\"PropertyValueSpecification\",\"valueRequired\":true,\"valueName\":\"search_term_string\"}}],\"inLanguage\":\"pt-BR\"},{\"@type\":\"Organization\",\"@id\":\"https:\/\/portalraizesnoticias.com.br\/#organization\",\"name\":\"Portal raizes NOTICIAS\",\"url\":\"https:\/\/portalraizesnoticias.com.br\/\",\"logo\":{\"@type\":\"ImageObject\",\"inLanguage\":\"pt-BR\",\"@id\":\"https:\/\/portalraizesnoticias.com.br\/#\/schema\/logo\/image\/\",\"url\":\"https:\/\/portalraizesnoticias.com.br\/wp-content\/uploads\/2024\/09\/cropped-Captura-de-tela-2024-09-08-011108.png\",\"contentUrl\":\"https:\/\/portalraizesnoticias.com.br\/wp-content\/uploads\/2024\/09\/cropped-Captura-de-tela-2024-09-08-011108.png\",\"width\":606,\"height\":173,\"caption\":\"Portal raizes NOTICIAS\"},\"image\":{\"@id\":\"https:\/\/portalraizesnoticias.com.br\/#\/schema\/logo\/image\/\"}},{\"@type\":\"Person\",\"@id\":\"https:\/\/portalraizesnoticias.com.br\/#\/schema\/person\/a3ca6b0fc701e78df19756c417d943ae\",\"name\":\"Portal Raizes\",\"image\":{\"@type\":\"ImageObject\",\"inLanguage\":\"pt-BR\",\"@id\":\"https:\/\/portalraizesnoticias.com.br\/#\/schema\/person\/image\/\",\"url\":\"https:\/\/secure.gravatar.com\/avatar\/ef450d29013a3d3fba867a12a249d7b1?s=96&d=mm&r=g\",\"contentUrl\":\"https:\/\/secure.gravatar.com\/avatar\/ef450d29013a3d3fba867a12a249d7b1?s=96&d=mm&r=g\",\"caption\":\"Portal Raizes\"},\"url\":\"https:\/\/portalraizesnoticias.com.br\/?author=3\"}]}<\/script>\n<!-- \/ Yoast SEO plugin. -->","yoast_head_json":{"title":"ATUALIZADA: Homem em surto psic\u00f3tico agride rapaz a golpes de fac\u00e3o no bairro Petrolina em Valente; ele tamb\u00e9m portava uma faca - Portal raizes noticias","robots":{"index":"index","follow":"follow","max-snippet":"max-snippet:-1","max-image-preview":"max-image-preview:large","max-video-preview":"max-video-preview:-1"},"canonical":"https:\/\/portalraizesnoticias.com.br\/?p=8963","og_locale":"pt_BR","og_type":"article","og_title":"ATUALIZADA: Homem em surto psic\u00f3tico agride rapaz a golpes de fac\u00e3o no bairro Petrolina em Valente; ele tamb\u00e9m portava uma faca - Portal raizes noticias","og_description":"Um homem em um suposto surto psic\u00f3tico feriu outro indiv\u00edduo a golpes de arma branca do tipo fac\u00e3o na noite desta sexta-feira (24), no bairro Petrolina, em Valente, regi\u00e3o sisaleira. PUBLICIDADE No local, os policiais constataram que a v\u00edtima, W. G. de 26 anos, havia sido atingida por golpes de fac\u00e3o desferidos por G. S de 24 anos. O rapaz ferido foi socorrido e encaminhado ao hospital municipal para atendimento m\u00e9dico. Ainda conforme a PM, ap\u00f3s a agress\u00e3o, o autor se refugiou na casa da m\u00e3e, tamb\u00e9m localizada na Rua da Paz. Familiares informaram aos policiais que ele estava em surto psic\u00f3tico, portando outra arma branca,\u00a0 uma faca, e recusando qualquer aproxima\u00e7\u00e3o. Diante do risco, os militares solicitaram apoio do SAMU, mas n\u00e3o havia equipe dispon\u00edvel no\u00a0 momento. A guarni\u00e7\u00e3o ent\u00e3o iniciou uma negocia\u00e7\u00e3o verbal, com o objetivo de preservar a integridade f\u00edsica do autor, dos familiares e da equipe policial. Ap\u00f3s um di\u00e1logo prolongado, o autor atendeu \u00e0s ordens policiais, soltou a faca e se rendeu pacificamente. O homem foi contido de forma segura, encaminhado para avalia\u00e7\u00e3o m\u00e9dica e, em seguida, levado ao Plant\u00e3o Central da Pol\u00edcia Civil, onde as medidas cab\u00edveis foram adotadas. As duas armas brancas foram apreendidas Reda\u00e7\u00e3o com informa\u00e7\u00f5es da PM Foto: Ilustra\u00e7\u00e3o","og_url":"https:\/\/portalraizesnoticias.com.br\/?p=8963","og_site_name":"Portal raizes noticias","article_published_time":"2025-10-24T23:09:27+00:00","article_modified_time":"2025-10-25T02:03:17+00:00","og_image":[{"width":1600,"height":1600,"url":"https:\/\/portalraizesnoticias.com.br\/wp-content\/uploads\/2025\/10\/IMG-20251024-WA0411.jpg","type":"image\/jpeg"}],"author":"Portal Raizes","twitter_card":"summary_large_image","twitter_misc":{"Escrito por":"Portal Raizes","Est. tempo de leitura":"2 minutos"},"schema":{"@context":"https:\/\/schema.org","@graph":[{"@type":"Article","@id":"https:\/\/portalraizesnoticias.com.br\/?p=8963#article","isPartOf":{"@id":"https:\/\/portalraizesnoticias.com.br\/?p=8963"},"author":{"name":"Portal Raizes","@id":"https:\/\/portalraizesnoticias.com.br\/#\/schema\/person\/a3ca6b0fc701e78df19756c417d943ae"},"headline":"ATUALIZADA: Homem em surto psic\u00f3tico agride rapaz a golpes de fac\u00e3o no bairro Petrolina em Valente; ele tamb\u00e9m portava uma faca","datePublished":"2025-10-24T23:09:27+00:00","dateModified":"2025-10-25T02:03:17+00:00","mainEntityOfPage":{"@id":"https:\/\/portalraizesnoticias.com.br\/?p=8963"},"wordCount":258,"commentCount":0,"publisher":{"@id":"https:\/\/portalraizesnoticias.com.br\/#organization"},"image":{"@id":"https:\/\/portalraizesnoticias.com.br\/?p=8963#primaryimage"},"thumbnailUrl":"https:\/\/portalraizesnoticias.com.br\/wp-content\/uploads\/2025\/10\/IMG-20251024-WA0411.jpg","keywords":["Homem","Surto","Valente"],"articleSection":["POLICIA","ULTIMAS NOTICIAS"],"inLanguage":"pt-BR","potentialAction":[{"@type":"CommentAction","name":"Comment","target":["https:\/\/portalraizesnoticias.com.br\/?p=8963#respond"]}]},{"@type":"WebPage","@id":"https:\/\/portalraizesnoticias.com.br\/?p=8963","url":"https:\/\/portalraizesnoticias.com.br\/?p=8963","name":"ATUALIZADA: Homem em surto psic\u00f3tico agride rapaz a golpes de fac\u00e3o no bairro Petrolina em Valente; ele tamb\u00e9m portava uma faca - Portal raizes noticias","isPartOf":{"@id":"https:\/\/portalraizesnoticias.com.br\/#website"},"primaryImageOfPage":{"@id":"https:\/\/portalraizesnoticias.com.br\/?p=8963#primaryimage"},"image":{"@id":"https:\/\/portalraizesnoticias.com.br\/?p=8963#primaryimage"},"thumbnailUrl":"https:\/\/portalraizesnoticias.com.br\/wp-content\/uploads\/2025\/10\/IMG-20251024-WA0411.jpg","datePublished":"2025-10-24T23:09:27+00:00","dateModified":"2025-10-25T02:03:17+00:00","breadcrumb":{"@id":"https:\/\/portalraizesnoticias.com.br\/?p=8963#breadcrumb"},"inLanguage":"pt-BR","potentialAction":[{"@type":"ReadAction","target":["https:\/\/portalraizesnoticias.com.br\/?p=8963"]}]},{"@type":"ImageObject","inLanguage":"pt-BR","@id":"https:\/\/portalraizesnoticias.com.br\/?p=8963#primaryimage","url":"https:\/\/portalraizesnoticias.com.br\/wp-content\/uploads\/2025\/10\/IMG-20251024-WA0411.jpg","contentUrl":"https:\/\/portalraizesnoticias.com.br\/wp-content\/uploads\/2025\/10\/IMG-20251024-WA0411.jpg","width":1600,"height":1600},{"@type":"BreadcrumbList","@id":"https:\/\/portalraizesnoticias.com.br\/?p=8963#breadcrumb","itemListElement":[{"@type":"ListItem","position":1,"name":"In\u00edcio","item":"https:\/\/portalraizesnoticias.com.br\/"},{"@type":"ListItem","position":2,"name":"ATUALIZADA: Homem em surto psic\u00f3tico agride rapaz a golpes de fac\u00e3o no bairro Petrolina em Valente; ele tamb\u00e9m portava uma faca"}]},{"@type":"WebSite","@id":"https:\/\/portalraizesnoticias.com.br\/#website","url":"https:\/\/portalraizesnoticias.com.br\/","name":"Portal raizes NOTICIAS","description":"site de noticias de concei\u00e7\u00e3o do coit\u00e9 e regi\u00e3o","publisher":{"@id":"https:\/\/portalraizesnoticias.com.br\/#organization"},"alternateName":"PORTAL RAIZES COIT\u00c9","potentialAction":[{"@type":"SearchAction","target":{"@type":"EntryPoint","urlTemplate":"https:\/\/portalraizesnoticias.com.br\/?s={search_term_string}"},"query-input":{"@type":"PropertyValueSpecification","valueRequired":true,"valueName":"search_term_string"}}],"inLanguage":"pt-BR"},{"@type":"Organization","@id":"https:\/\/portalraizesnoticias.com.br\/#organization","name":"Portal raizes NOTICIAS","url":"https:\/\/portalraizesnoticias.com.br\/","logo":{"@type":"ImageObject","inLanguage":"pt-BR","@id":"https:\/\/portalraizesnoticias.com.br\/#\/schema\/logo\/image\/","url":"https:\/\/portalraizesnoticias.com.br\/wp-content\/uploads\/2024\/09\/cropped-Captura-de-tela-2024-09-08-011108.png","contentUrl":"https:\/\/portalraizesnoticias.com.br\/wp-content\/uploads\/2024\/09\/cropped-Captura-de-tela-2024-09-08-011108.png","width":606,"height":173,"caption":"Portal raizes NOTICIAS"},"image":{"@id":"https:\/\/portalraizesnoticias.com.br\/#\/schema\/logo\/image\/"}},{"@type":"Person","@id":"https:\/\/portalraizesnoticias.com.br\/#\/schema\/person\/a3ca6b0fc701e78df19756c417d943ae","name":"Portal Raizes","image":{"@type":"ImageObject","inLanguage":"pt-BR","@id":"https:\/\/portalraizesnoticias.com.br\/#\/schema\/person\/image\/","url":"https:\/\/secure.gravatar.com\/avatar\/ef450d29013a3d3fba867a12a249d7b1?s=96&d=mm&r=g","contentUrl":"https:\/\/secure.gravatar.com\/avatar\/ef450d29013a3d3fba867a12a249d7b1?s=96&d=mm&r=g","caption":"Portal Raizes"},"url":"https:\/\/portalraizesnoticias.com.br\/?author=3"}]}},"_links":{"self":[{"href":"https:\/\/portalraizesnoticias.com.br\/index.php?rest_route=\/wp\/v2\/posts\/8963"}],"collection":[{"href":"https:\/\/portalraizesnoticias.com.br\/index.php?rest_route=\/wp\/v2\/posts"}],"about":[{"href":"https:\/\/portalraizesnoticias.com.br\/index.php?rest_route=\/wp\/v2\/types\/post"}],"author":[{"embeddable":true,"href":"https:\/\/portalraizesnoticias.com.br\/index.php?rest_route=\/wp\/v2\/users\/3"}],"replies":[{"embeddable":true,"href":"https:\/\/portalraizesnoticias.com.br\/index.php?rest_route=%2Fwp%2Fv2%2Fcomments&post=8963"}],"version-history":[{"count":14,"href":"https:\/\/portalraizesnoticias.com.br\/index.php?rest_route=\/wp\/v2\/posts\/8963\/revisions"}],"predecessor-version":[{"id":8992,"href":"https:\/\/portalraizesnoticias.com.br\/index.php?rest_route=\/wp\/v2\/posts\/8963\/revisions\/8992"}],"wp:featuredmedia":[{"embeddable":true,"href":"https:\/\/portalraizesnoticias.com.br\/index.php?rest_route=\/wp\/v2\/media\/8988"}],"wp:attachment":[{"href":"https:\/\/portalraizesnoticias.com.br\/index.php?rest_route=%2Fwp%2Fv2%2Fmedia&parent=8963"}],"wp:term":[{"taxonomy":"category","embeddable":true,"href":"https:\/\/portalraizesnoticias.com.br\/index.php?rest_route=%2Fwp%2Fv2%2Fcategories&post=8963"},{"taxonomy":"post_tag","embeddable":true,"href":"https:\/\/portalraizesnoticias.com.br\/index.php?rest_route=%2Fwp%2Fv2%2Ftags&post=8963"}],"curies":[{"name":"wp","href":"https:\/\/api.w.org\/{rel}","templated":true}]}}