{"id":8940,"date":"2025-10-23T22:08:36","date_gmt":"2025-10-24T01:08:36","guid":{"rendered":"https:\/\/portalraizesnoticias.com.br\/?p=8940"},"modified":"2025-10-24T18:38:07","modified_gmt":"2025-10-24T21:38:07","slug":"urgente-homem-e-assassinado-a-tiros-na-zona-rural-de-ichu","status":"publish","type":"post","link":"https:\/\/portalraizesnoticias.com.br\/?p=8940","title":{"rendered":"URGENTE: Homem \u00e9 assassinado a tiros na zona rural de Ichu"},"content":{"rendered":"<p>Um homem identificado como Mois\u00e9s Alves de Jesus, de 39 anos, natural de Serrinha, foi assassinado a tiros na noite desta quinta-feira (23) no povoado de Cachimbo, zona rural do munic\u00edpio de Ichu, regi\u00e3o sisaleira.<\/p>\n<p><img fetchpriority=\"high\" decoding=\"async\" class=\"size-medium wp-image-7771 aligncenter\" src=\"https:\/\/portalraizesnoticias.com.br\/wp-content\/uploads\/2025\/08\/IMG-20250814-WA05541-300x289.jpg\" alt=\"\" width=\"300\" height=\"289\" srcset=\"https:\/\/portalraizesnoticias.com.br\/wp-content\/uploads\/2025\/08\/IMG-20250814-WA05541-300x289.jpg 300w, https:\/\/portalraizesnoticias.com.br\/wp-content\/uploads\/2025\/08\/IMG-20250814-WA05541-1024x988.jpg 1024w, https:\/\/portalraizesnoticias.com.br\/wp-content\/uploads\/2025\/08\/IMG-20250814-WA05541-768x741.jpg 768w, https:\/\/portalraizesnoticias.com.br\/wp-content\/uploads\/2025\/08\/IMG-20250814-WA05541.jpg 1180w\" sizes=\"(max-width: 300px) 100vw, 300px\" \/><\/p>\n<p style=\"text-align: center;\"><strong>PUBLICIDADE<\/strong><\/p>\n<p>De acordo com informa\u00e7\u00f5es obtidas pelo Portal Ra\u00edzes junto a Pol\u00edcia Militar, Mois\u00e9s estava em via p\u00fablica, em frente \u00e0 casa da sogra, quando foi surpreendido por dois homens a p\u00e9 que o aguardavam nas proximidades. Um dos suspeitos vestia blus\u00e3o do Ex\u00e9rcito, enquanto o outro trajava blus\u00e3o preto.<\/p>\n<p>Segundo relato, os criminosos efetuaram diversos disparos de arma de fogo, que atingiram Mois\u00e9s na face, t\u00f3rax, costas e n\u00e1degas.<\/p>\n<p><img decoding=\"async\" class=\"size-medium wp-image-6103 aligncenter\" src=\"https:\/\/portalraizesnoticias.com.br\/wp-content\/uploads\/2025\/04\/IMG-20250426-WA0417-300x300.jpg\" alt=\"\" width=\"300\" height=\"300\" srcset=\"https:\/\/portalraizesnoticias.com.br\/wp-content\/uploads\/2025\/04\/IMG-20250426-WA0417-300x300.jpg 300w, https:\/\/portalraizesnoticias.com.br\/wp-content\/uploads\/2025\/04\/IMG-20250426-WA0417-1024x1024.jpg 1024w, https:\/\/portalraizesnoticias.com.br\/wp-content\/uploads\/2025\/04\/IMG-20250426-WA0417-150x150.jpg 150w, https:\/\/portalraizesnoticias.com.br\/wp-content\/uploads\/2025\/04\/IMG-20250426-WA0417-768x768.jpg 768w, https:\/\/portalraizesnoticias.com.br\/wp-content\/uploads\/2025\/04\/IMG-20250426-WA0417.jpg 1080w\" sizes=\"(max-width: 300px) 100vw, 300px\" \/><\/p>\n<p style=\"text-align: center;\"><strong>PUBLICIDADE<\/strong><\/p>\n<p>Ap\u00f3s o crime, os autores fugiram a p\u00e9 e tomaram destino ignorado.<\/p>\n<p>.<\/p>\n<p>Ainda conforme informa\u00e7\u00f5es dos familiares, a v\u00edtima era morador do povoado onde foi assassinado, mas havia se mudado para S\u00e3o Paulo (SP) h\u00e1 cerca de tr\u00eas anos, retornando \u00e0 Bahia h\u00e1 poucos dias.<\/p>\n<p><img decoding=\"async\" class=\"size-medium wp-image-8006 aligncenter\" src=\"https:\/\/portalraizesnoticias.com.br\/wp-content\/uploads\/2025\/09\/IMG-20250902-WA0020-300x296.jpg\" alt=\"\" width=\"300\" height=\"296\" srcset=\"https:\/\/portalraizesnoticias.com.br\/wp-content\/uploads\/2025\/09\/IMG-20250902-WA0020-300x296.jpg 300w, https:\/\/portalraizesnoticias.com.br\/wp-content\/uploads\/2025\/09\/IMG-20250902-WA0020-1024x1009.jpg 1024w, https:\/\/portalraizesnoticias.com.br\/wp-content\/uploads\/2025\/09\/IMG-20250902-WA0020-768x757.jpg 768w, https:\/\/portalraizesnoticias.com.br\/wp-content\/uploads\/2025\/09\/IMG-20250902-WA0020.jpg 1080w\" sizes=\"(max-width: 300px) 100vw, 300px\" \/><\/p>\n<p style=\"text-align: center;\"><strong>PUBLICIDADE<\/strong><\/p>\n<p>Eles contaram ainda\u00a0 que o homem n\u00e3o tinha passagens pela pol\u00edcia nem hist\u00f3rico de tentativas de homic\u00eddio.<\/p>\n<p>Em nota, a Policia Civil informou que o assassinato ocorreu durante uma briga generalizada.<\/p>\n<p>O corpo est\u00e1 no hospital da cidade aguardando para a remo\u00e7\u00e3o\u00a0 pelo Departamento de Pol\u00edcia T\u00e9cnica (DPT) de Serrinha. O caso ser\u00e1 investigado pela Delegacia Territorial de Ichu.<\/p>\n<p>Reda\u00e7\u00e3o com informa\u00e7\u00f5es da PM<\/p>\n","protected":false},"excerpt":{"rendered":"<p>Um homem identificado como Mois\u00e9s Alves de Jesus, de 39 anos, natural de Serrinha, foi assassinado a tiros na noite desta quinta-feira (23) no povoado de Cachimbo, zona rural do munic\u00edpio de Ichu, regi\u00e3o sisaleira. PUBLICIDADE De acordo com informa\u00e7\u00f5es obtidas pelo Portal Ra\u00edzes junto a Pol\u00edcia Militar, Mois\u00e9s estava em via p\u00fablica, em frente \u00e0 casa da sogra, quando foi surpreendido por dois homens a p\u00e9 que o aguardavam nas proximidades. Um dos suspeitos vestia blus\u00e3o do Ex\u00e9rcito, enquanto o outro trajava blus\u00e3o preto. Segundo relato, os criminosos efetuaram diversos disparos de arma de fogo, que atingiram Mois\u00e9s na face, t\u00f3rax, costas e n\u00e1degas. PUBLICIDADE Ap\u00f3s o crime, os autores fugiram a p\u00e9 e tomaram destino ignorado. . Ainda conforme informa\u00e7\u00f5es dos familiares, a v\u00edtima era morador do povoado onde foi assassinado, mas havia se mudado para S\u00e3o Paulo (SP) h\u00e1 cerca de tr\u00eas anos, retornando \u00e0 Bahia h\u00e1 poucos dias. PUBLICIDADE Eles contaram ainda\u00a0 que o homem n\u00e3o tinha passagens pela pol\u00edcia nem hist\u00f3rico de tentativas de homic\u00eddio. Em nota, a Policia Civil informou que o assassinato ocorreu durante uma briga generalizada. O corpo est\u00e1 no hospital da cidade aguardando para a remo\u00e7\u00e3o\u00a0 pelo Departamento de Pol\u00edcia T\u00e9cnica (DPT) de Serrinha. O caso ser\u00e1 investigado pela Delegacia Territorial de Ichu. Reda\u00e7\u00e3o com informa\u00e7\u00f5es da PM<\/p>\n","protected":false},"author":3,"featured_media":8941,"comment_status":"open","ping_status":"open","sticky":false,"template":"","format":"standard","meta":{"_joinchat":[],"footnotes":""},"categories":[55,67,59],"tags":[159,142,919],"class_list":["post-8940","post","type-post","status-publish","format-standard","has-post-thumbnail","hentry","category-destaques","category-policia","category-ultimas-noticias","tag-assassinado","tag-homem","tag-ichu-2"],"yoast_head":"<!-- This site is optimized with the Yoast SEO plugin v24.4 - https:\/\/yoast.com\/wordpress\/plugins\/seo\/ -->\n<title>URGENTE: Homem \u00e9 assassinado a tiros na zona rural de Ichu - Portal raizes noticias<\/title>\n<meta name=\"robots\" content=\"index, follow, max-snippet:-1, max-image-preview:large, max-video-preview:-1\" \/>\n<link rel=\"canonical\" href=\"https:\/\/portalraizesnoticias.com.br\/?p=8940\" \/>\n<meta property=\"og:locale\" content=\"pt_BR\" \/>\n<meta property=\"og:type\" content=\"article\" \/>\n<meta property=\"og:title\" content=\"URGENTE: Homem \u00e9 assassinado a tiros na zona rural de Ichu - Portal raizes noticias\" \/>\n<meta property=\"og:description\" content=\"Um homem identificado como Mois\u00e9s Alves de Jesus, de 39 anos, natural de Serrinha, foi assassinado a tiros na noite desta quinta-feira (23) no povoado de Cachimbo, zona rural do munic\u00edpio de Ichu, regi\u00e3o sisaleira. PUBLICIDADE De acordo com informa\u00e7\u00f5es obtidas pelo Portal Ra\u00edzes junto a Pol\u00edcia Militar, Mois\u00e9s estava em via p\u00fablica, em frente \u00e0 casa da sogra, quando foi surpreendido por dois homens a p\u00e9 que o aguardavam nas proximidades. Um dos suspeitos vestia blus\u00e3o do Ex\u00e9rcito, enquanto o outro trajava blus\u00e3o preto. Segundo relato, os criminosos efetuaram diversos disparos de arma de fogo, que atingiram Mois\u00e9s na face, t\u00f3rax, costas e n\u00e1degas. PUBLICIDADE Ap\u00f3s o crime, os autores fugiram a p\u00e9 e tomaram destino ignorado. . Ainda conforme informa\u00e7\u00f5es dos familiares, a v\u00edtima era morador do povoado onde foi assassinado, mas havia se mudado para S\u00e3o Paulo (SP) h\u00e1 cerca de tr\u00eas anos, retornando \u00e0 Bahia h\u00e1 poucos dias. PUBLICIDADE Eles contaram ainda\u00a0 que o homem n\u00e3o tinha passagens pela pol\u00edcia nem hist\u00f3rico de tentativas de homic\u00eddio. Em nota, a Policia Civil informou que o assassinato ocorreu durante uma briga generalizada. O corpo est\u00e1 no hospital da cidade aguardando para a remo\u00e7\u00e3o\u00a0 pelo Departamento de Pol\u00edcia T\u00e9cnica (DPT) de Serrinha. O caso ser\u00e1 investigado pela Delegacia Territorial de Ichu. Reda\u00e7\u00e3o com informa\u00e7\u00f5es da PM\" \/>\n<meta property=\"og:url\" content=\"https:\/\/portalraizesnoticias.com.br\/?p=8940\" \/>\n<meta property=\"og:site_name\" content=\"Portal raizes noticias\" \/>\n<meta property=\"article:published_time\" content=\"2025-10-24T01:08:36+00:00\" \/>\n<meta property=\"article:modified_time\" content=\"2025-10-24T21:38:07+00:00\" \/>\n<meta property=\"og:image\" content=\"https:\/\/portalraizesnoticias.com.br\/wp-content\/uploads\/2025\/10\/IMG-20251023-WA0619.jpg\" \/>\n\t<meta property=\"og:image:width\" content=\"243\" \/>\n\t<meta property=\"og:image:height\" content=\"313\" \/>\n\t<meta property=\"og:image:type\" content=\"image\/jpeg\" \/>\n<meta name=\"author\" content=\"Portal Raizes\" \/>\n<meta name=\"twitter:card\" content=\"summary_large_image\" \/>\n<meta name=\"twitter:label1\" content=\"Escrito por\" \/>\n\t<meta name=\"twitter:data1\" content=\"Portal Raizes\" \/>\n\t<meta name=\"twitter:label2\" content=\"Est. tempo de leitura\" \/>\n\t<meta name=\"twitter:data2\" content=\"2 minutos\" \/>\n<script type=\"application\/ld+json\" class=\"yoast-schema-graph\">{\"@context\":\"https:\/\/schema.org\",\"@graph\":[{\"@type\":\"Article\",\"@id\":\"https:\/\/portalraizesnoticias.com.br\/?p=8940#article\",\"isPartOf\":{\"@id\":\"https:\/\/portalraizesnoticias.com.br\/?p=8940\"},\"author\":{\"name\":\"Portal Raizes\",\"@id\":\"https:\/\/portalraizesnoticias.com.br\/#\/schema\/person\/a3ca6b0fc701e78df19756c417d943ae\"},\"headline\":\"URGENTE: Homem \u00e9 assassinado a tiros na zona rural de Ichu\",\"datePublished\":\"2025-10-24T01:08:36+00:00\",\"dateModified\":\"2025-10-24T21:38:07+00:00\",\"mainEntityOfPage\":{\"@id\":\"https:\/\/portalraizesnoticias.com.br\/?p=8940\"},\"wordCount\":250,\"commentCount\":0,\"publisher\":{\"@id\":\"https:\/\/portalraizesnoticias.com.br\/#organization\"},\"image\":{\"@id\":\"https:\/\/portalraizesnoticias.com.br\/?p=8940#primaryimage\"},\"thumbnailUrl\":\"https:\/\/portalraizesnoticias.com.br\/wp-content\/uploads\/2025\/10\/IMG-20251023-WA0619.jpg\",\"keywords\":[\"Assassinado\",\"Homem\",\"Ichu\"],\"articleSection\":[\"DESTAQUES\",\"POLICIA\",\"ULTIMAS NOTICIAS\"],\"inLanguage\":\"pt-BR\",\"potentialAction\":[{\"@type\":\"CommentAction\",\"name\":\"Comment\",\"target\":[\"https:\/\/portalraizesnoticias.com.br\/?p=8940#respond\"]}]},{\"@type\":\"WebPage\",\"@id\":\"https:\/\/portalraizesnoticias.com.br\/?p=8940\",\"url\":\"https:\/\/portalraizesnoticias.com.br\/?p=8940\",\"name\":\"URGENTE: Homem \u00e9 assassinado a tiros na zona rural de Ichu - Portal raizes noticias\",\"isPartOf\":{\"@id\":\"https:\/\/portalraizesnoticias.com.br\/#website\"},\"primaryImageOfPage\":{\"@id\":\"https:\/\/portalraizesnoticias.com.br\/?p=8940#primaryimage\"},\"image\":{\"@id\":\"https:\/\/portalraizesnoticias.com.br\/?p=8940#primaryimage\"},\"thumbnailUrl\":\"https:\/\/portalraizesnoticias.com.br\/wp-content\/uploads\/2025\/10\/IMG-20251023-WA0619.jpg\",\"datePublished\":\"2025-10-24T01:08:36+00:00\",\"dateModified\":\"2025-10-24T21:38:07+00:00\",\"breadcrumb\":{\"@id\":\"https:\/\/portalraizesnoticias.com.br\/?p=8940#breadcrumb\"},\"inLanguage\":\"pt-BR\",\"potentialAction\":[{\"@type\":\"ReadAction\",\"target\":[\"https:\/\/portalraizesnoticias.com.br\/?p=8940\"]}]},{\"@type\":\"ImageObject\",\"inLanguage\":\"pt-BR\",\"@id\":\"https:\/\/portalraizesnoticias.com.br\/?p=8940#primaryimage\",\"url\":\"https:\/\/portalraizesnoticias.com.br\/wp-content\/uploads\/2025\/10\/IMG-20251023-WA0619.jpg\",\"contentUrl\":\"https:\/\/portalraizesnoticias.com.br\/wp-content\/uploads\/2025\/10\/IMG-20251023-WA0619.jpg\",\"width\":243,\"height\":313},{\"@type\":\"BreadcrumbList\",\"@id\":\"https:\/\/portalraizesnoticias.com.br\/?p=8940#breadcrumb\",\"itemListElement\":[{\"@type\":\"ListItem\",\"position\":1,\"name\":\"In\u00edcio\",\"item\":\"https:\/\/portalraizesnoticias.com.br\/\"},{\"@type\":\"ListItem\",\"position\":2,\"name\":\"URGENTE: Homem \u00e9 assassinado a tiros na zona rural de Ichu\"}]},{\"@type\":\"WebSite\",\"@id\":\"https:\/\/portalraizesnoticias.com.br\/#website\",\"url\":\"https:\/\/portalraizesnoticias.com.br\/\",\"name\":\"Portal raizes NOTICIAS\",\"description\":\"site de noticias de concei\u00e7\u00e3o do coit\u00e9 e regi\u00e3o\",\"publisher\":{\"@id\":\"https:\/\/portalraizesnoticias.com.br\/#organization\"},\"alternateName\":\"PORTAL RAIZES COIT\u00c9\",\"potentialAction\":[{\"@type\":\"SearchAction\",\"target\":{\"@type\":\"EntryPoint\",\"urlTemplate\":\"https:\/\/portalraizesnoticias.com.br\/?s={search_term_string}\"},\"query-input\":{\"@type\":\"PropertyValueSpecification\",\"valueRequired\":true,\"valueName\":\"search_term_string\"}}],\"inLanguage\":\"pt-BR\"},{\"@type\":\"Organization\",\"@id\":\"https:\/\/portalraizesnoticias.com.br\/#organization\",\"name\":\"Portal raizes NOTICIAS\",\"url\":\"https:\/\/portalraizesnoticias.com.br\/\",\"logo\":{\"@type\":\"ImageObject\",\"inLanguage\":\"pt-BR\",\"@id\":\"https:\/\/portalraizesnoticias.com.br\/#\/schema\/logo\/image\/\",\"url\":\"https:\/\/portalraizesnoticias.com.br\/wp-content\/uploads\/2024\/09\/cropped-Captura-de-tela-2024-09-08-011108.png\",\"contentUrl\":\"https:\/\/portalraizesnoticias.com.br\/wp-content\/uploads\/2024\/09\/cropped-Captura-de-tela-2024-09-08-011108.png\",\"width\":606,\"height\":173,\"caption\":\"Portal raizes NOTICIAS\"},\"image\":{\"@id\":\"https:\/\/portalraizesnoticias.com.br\/#\/schema\/logo\/image\/\"}},{\"@type\":\"Person\",\"@id\":\"https:\/\/portalraizesnoticias.com.br\/#\/schema\/person\/a3ca6b0fc701e78df19756c417d943ae\",\"name\":\"Portal Raizes\",\"image\":{\"@type\":\"ImageObject\",\"inLanguage\":\"pt-BR\",\"@id\":\"https:\/\/portalraizesnoticias.com.br\/#\/schema\/person\/image\/\",\"url\":\"https:\/\/secure.gravatar.com\/avatar\/ef450d29013a3d3fba867a12a249d7b1?s=96&d=mm&r=g\",\"contentUrl\":\"https:\/\/secure.gravatar.com\/avatar\/ef450d29013a3d3fba867a12a249d7b1?s=96&d=mm&r=g\",\"caption\":\"Portal Raizes\"},\"url\":\"https:\/\/portalraizesnoticias.com.br\/?author=3\"}]}<\/script>\n<!-- \/ Yoast SEO plugin. -->","yoast_head_json":{"title":"URGENTE: Homem \u00e9 assassinado a tiros na zona rural de Ichu - Portal raizes noticias","robots":{"index":"index","follow":"follow","max-snippet":"max-snippet:-1","max-image-preview":"max-image-preview:large","max-video-preview":"max-video-preview:-1"},"canonical":"https:\/\/portalraizesnoticias.com.br\/?p=8940","og_locale":"pt_BR","og_type":"article","og_title":"URGENTE: Homem \u00e9 assassinado a tiros na zona rural de Ichu - Portal raizes noticias","og_description":"Um homem identificado como Mois\u00e9s Alves de Jesus, de 39 anos, natural de Serrinha, foi assassinado a tiros na noite desta quinta-feira (23) no povoado de Cachimbo, zona rural do munic\u00edpio de Ichu, regi\u00e3o sisaleira. PUBLICIDADE De acordo com informa\u00e7\u00f5es obtidas pelo Portal Ra\u00edzes junto a Pol\u00edcia Militar, Mois\u00e9s estava em via p\u00fablica, em frente \u00e0 casa da sogra, quando foi surpreendido por dois homens a p\u00e9 que o aguardavam nas proximidades. Um dos suspeitos vestia blus\u00e3o do Ex\u00e9rcito, enquanto o outro trajava blus\u00e3o preto. Segundo relato, os criminosos efetuaram diversos disparos de arma de fogo, que atingiram Mois\u00e9s na face, t\u00f3rax, costas e n\u00e1degas. PUBLICIDADE Ap\u00f3s o crime, os autores fugiram a p\u00e9 e tomaram destino ignorado. . Ainda conforme informa\u00e7\u00f5es dos familiares, a v\u00edtima era morador do povoado onde foi assassinado, mas havia se mudado para S\u00e3o Paulo (SP) h\u00e1 cerca de tr\u00eas anos, retornando \u00e0 Bahia h\u00e1 poucos dias. PUBLICIDADE Eles contaram ainda\u00a0 que o homem n\u00e3o tinha passagens pela pol\u00edcia nem hist\u00f3rico de tentativas de homic\u00eddio. Em nota, a Policia Civil informou que o assassinato ocorreu durante uma briga generalizada. O corpo est\u00e1 no hospital da cidade aguardando para a remo\u00e7\u00e3o\u00a0 pelo Departamento de Pol\u00edcia T\u00e9cnica (DPT) de Serrinha. O caso ser\u00e1 investigado pela Delegacia Territorial de Ichu. Reda\u00e7\u00e3o com informa\u00e7\u00f5es da PM","og_url":"https:\/\/portalraizesnoticias.com.br\/?p=8940","og_site_name":"Portal raizes noticias","article_published_time":"2025-10-24T01:08:36+00:00","article_modified_time":"2025-10-24T21:38:07+00:00","og_image":[{"width":243,"height":313,"url":"https:\/\/portalraizesnoticias.com.br\/wp-content\/uploads\/2025\/10\/IMG-20251023-WA0619.jpg","type":"image\/jpeg"}],"author":"Portal Raizes","twitter_card":"summary_large_image","twitter_misc":{"Escrito por":"Portal Raizes","Est. tempo de leitura":"2 minutos"},"schema":{"@context":"https:\/\/schema.org","@graph":[{"@type":"Article","@id":"https:\/\/portalraizesnoticias.com.br\/?p=8940#article","isPartOf":{"@id":"https:\/\/portalraizesnoticias.com.br\/?p=8940"},"author":{"name":"Portal Raizes","@id":"https:\/\/portalraizesnoticias.com.br\/#\/schema\/person\/a3ca6b0fc701e78df19756c417d943ae"},"headline":"URGENTE: Homem \u00e9 assassinado a tiros na zona rural de Ichu","datePublished":"2025-10-24T01:08:36+00:00","dateModified":"2025-10-24T21:38:07+00:00","mainEntityOfPage":{"@id":"https:\/\/portalraizesnoticias.com.br\/?p=8940"},"wordCount":250,"commentCount":0,"publisher":{"@id":"https:\/\/portalraizesnoticias.com.br\/#organization"},"image":{"@id":"https:\/\/portalraizesnoticias.com.br\/?p=8940#primaryimage"},"thumbnailUrl":"https:\/\/portalraizesnoticias.com.br\/wp-content\/uploads\/2025\/10\/IMG-20251023-WA0619.jpg","keywords":["Assassinado","Homem","Ichu"],"articleSection":["DESTAQUES","POLICIA","ULTIMAS NOTICIAS"],"inLanguage":"pt-BR","potentialAction":[{"@type":"CommentAction","name":"Comment","target":["https:\/\/portalraizesnoticias.com.br\/?p=8940#respond"]}]},{"@type":"WebPage","@id":"https:\/\/portalraizesnoticias.com.br\/?p=8940","url":"https:\/\/portalraizesnoticias.com.br\/?p=8940","name":"URGENTE: Homem \u00e9 assassinado a tiros na zona rural de Ichu - Portal raizes noticias","isPartOf":{"@id":"https:\/\/portalraizesnoticias.com.br\/#website"},"primaryImageOfPage":{"@id":"https:\/\/portalraizesnoticias.com.br\/?p=8940#primaryimage"},"image":{"@id":"https:\/\/portalraizesnoticias.com.br\/?p=8940#primaryimage"},"thumbnailUrl":"https:\/\/portalraizesnoticias.com.br\/wp-content\/uploads\/2025\/10\/IMG-20251023-WA0619.jpg","datePublished":"2025-10-24T01:08:36+00:00","dateModified":"2025-10-24T21:38:07+00:00","breadcrumb":{"@id":"https:\/\/portalraizesnoticias.com.br\/?p=8940#breadcrumb"},"inLanguage":"pt-BR","potentialAction":[{"@type":"ReadAction","target":["https:\/\/portalraizesnoticias.com.br\/?p=8940"]}]},{"@type":"ImageObject","inLanguage":"pt-BR","@id":"https:\/\/portalraizesnoticias.com.br\/?p=8940#primaryimage","url":"https:\/\/portalraizesnoticias.com.br\/wp-content\/uploads\/2025\/10\/IMG-20251023-WA0619.jpg","contentUrl":"https:\/\/portalraizesnoticias.com.br\/wp-content\/uploads\/2025\/10\/IMG-20251023-WA0619.jpg","width":243,"height":313},{"@type":"BreadcrumbList","@id":"https:\/\/portalraizesnoticias.com.br\/?p=8940#breadcrumb","itemListElement":[{"@type":"ListItem","position":1,"name":"In\u00edcio","item":"https:\/\/portalraizesnoticias.com.br\/"},{"@type":"ListItem","position":2,"name":"URGENTE: Homem \u00e9 assassinado a tiros na zona rural de Ichu"}]},{"@type":"WebSite","@id":"https:\/\/portalraizesnoticias.com.br\/#website","url":"https:\/\/portalraizesnoticias.com.br\/","name":"Portal raizes NOTICIAS","description":"site de noticias de concei\u00e7\u00e3o do coit\u00e9 e regi\u00e3o","publisher":{"@id":"https:\/\/portalraizesnoticias.com.br\/#organization"},"alternateName":"PORTAL RAIZES COIT\u00c9","potentialAction":[{"@type":"SearchAction","target":{"@type":"EntryPoint","urlTemplate":"https:\/\/portalraizesnoticias.com.br\/?s={search_term_string}"},"query-input":{"@type":"PropertyValueSpecification","valueRequired":true,"valueName":"search_term_string"}}],"inLanguage":"pt-BR"},{"@type":"Organization","@id":"https:\/\/portalraizesnoticias.com.br\/#organization","name":"Portal raizes NOTICIAS","url":"https:\/\/portalraizesnoticias.com.br\/","logo":{"@type":"ImageObject","inLanguage":"pt-BR","@id":"https:\/\/portalraizesnoticias.com.br\/#\/schema\/logo\/image\/","url":"https:\/\/portalraizesnoticias.com.br\/wp-content\/uploads\/2024\/09\/cropped-Captura-de-tela-2024-09-08-011108.png","contentUrl":"https:\/\/portalraizesnoticias.com.br\/wp-content\/uploads\/2024\/09\/cropped-Captura-de-tela-2024-09-08-011108.png","width":606,"height":173,"caption":"Portal raizes NOTICIAS"},"image":{"@id":"https:\/\/portalraizesnoticias.com.br\/#\/schema\/logo\/image\/"}},{"@type":"Person","@id":"https:\/\/portalraizesnoticias.com.br\/#\/schema\/person\/a3ca6b0fc701e78df19756c417d943ae","name":"Portal Raizes","image":{"@type":"ImageObject","inLanguage":"pt-BR","@id":"https:\/\/portalraizesnoticias.com.br\/#\/schema\/person\/image\/","url":"https:\/\/secure.gravatar.com\/avatar\/ef450d29013a3d3fba867a12a249d7b1?s=96&d=mm&r=g","contentUrl":"https:\/\/secure.gravatar.com\/avatar\/ef450d29013a3d3fba867a12a249d7b1?s=96&d=mm&r=g","caption":"Portal Raizes"},"url":"https:\/\/portalraizesnoticias.com.br\/?author=3"}]}},"_links":{"self":[{"href":"https:\/\/portalraizesnoticias.com.br\/index.php?rest_route=\/wp\/v2\/posts\/8940"}],"collection":[{"href":"https:\/\/portalraizesnoticias.com.br\/index.php?rest_route=\/wp\/v2\/posts"}],"about":[{"href":"https:\/\/portalraizesnoticias.com.br\/index.php?rest_route=\/wp\/v2\/types\/post"}],"author":[{"embeddable":true,"href":"https:\/\/portalraizesnoticias.com.br\/index.php?rest_route=\/wp\/v2\/users\/3"}],"replies":[{"embeddable":true,"href":"https:\/\/portalraizesnoticias.com.br\/index.php?rest_route=%2Fwp%2Fv2%2Fcomments&post=8940"}],"version-history":[{"count":5,"href":"https:\/\/portalraizesnoticias.com.br\/index.php?rest_route=\/wp\/v2\/posts\/8940\/revisions"}],"predecessor-version":[{"id":8955,"href":"https:\/\/portalraizesnoticias.com.br\/index.php?rest_route=\/wp\/v2\/posts\/8940\/revisions\/8955"}],"wp:featuredmedia":[{"embeddable":true,"href":"https:\/\/portalraizesnoticias.com.br\/index.php?rest_route=\/wp\/v2\/media\/8941"}],"wp:attachment":[{"href":"https:\/\/portalraizesnoticias.com.br\/index.php?rest_route=%2Fwp%2Fv2%2Fmedia&parent=8940"}],"wp:term":[{"taxonomy":"category","embeddable":true,"href":"https:\/\/portalraizesnoticias.com.br\/index.php?rest_route=%2Fwp%2Fv2%2Fcategories&post=8940"},{"taxonomy":"post_tag","embeddable":true,"href":"https:\/\/portalraizesnoticias.com.br\/index.php?rest_route=%2Fwp%2Fv2%2Ftags&post=8940"}],"curies":[{"name":"wp","href":"https:\/\/api.w.org\/{rel}","templated":true}]}}