{"id":8927,"date":"2025-10-23T19:24:33","date_gmt":"2025-10-23T22:24:33","guid":{"rendered":"https:\/\/portalraizesnoticias.com.br\/?p=8927"},"modified":"2025-10-23T19:24:34","modified_gmt":"2025-10-23T22:24:34","slug":"jovem-fica-ferido-ao-perder-controle-de-moto-e-colidir-contra-muro-na-estrada-da-pinda-em-conceicao-do-coite","status":"publish","type":"post","link":"https:\/\/portalraizesnoticias.com.br\/?p=8927","title":{"rendered":"Jovem fica ferido ao perder controle de moto e colidir contra muro na estrada da Pinda em Concei\u00e7\u00e3o do Coit\u00e9"},"content":{"rendered":"<p>Sidney Mota Silva, de 20 anos, ficou ferido ap\u00f3s perder o controle da motocicleta ao tentar desviar de uma \u201clevada\u201d (eleva\u00e7\u00e3o na pista), colidindo contra um muro e caindo. O acidente aconteceu por volta das 18h20 desta quinta-feira (23), na estrada que liga Concei\u00e7\u00e3o do Coit\u00e9 \u00e0 localidade de Pinda.<\/p>\n<p><img decoding=\"async\" class=\"size-medium wp-image-8929 aligncenter\" src=\"https:\/\/portalraizesnoticias.com.br\/wp-content\/uploads\/2025\/10\/IMG-20251023-WA0453-300x135.jpg\" alt=\"\" width=\"300\" height=\"135\" srcset=\"https:\/\/portalraizesnoticias.com.br\/wp-content\/uploads\/2025\/10\/IMG-20251023-WA0453-300x135.jpg 300w, https:\/\/portalraizesnoticias.com.br\/wp-content\/uploads\/2025\/10\/IMG-20251023-WA0453-1024x461.jpg 1024w, https:\/\/portalraizesnoticias.com.br\/wp-content\/uploads\/2025\/10\/IMG-20251023-WA0453-768x346.jpg 768w, https:\/\/portalraizesnoticias.com.br\/wp-content\/uploads\/2025\/10\/IMG-20251023-WA0453-1536x691.jpg 1536w, https:\/\/portalraizesnoticias.com.br\/wp-content\/uploads\/2025\/10\/IMG-20251023-WA0453.jpg 1600w\" sizes=\"(max-width: 300px) 100vw, 300px\" \/><\/p>\n<p>De acordo com informa\u00e7\u00f5es do socorrista Jo\u00e3o Henrique, do \u00c1guia Resgate, a v\u00edtima foi encontrada consciente e orientada, apresentando escoria\u00e7\u00f5es pelo corpo e suspeita de fratura no tornozelo esquerdo.<\/p>\n<p><img fetchpriority=\"high\" decoding=\"async\" class=\"size-medium wp-image-8930 aligncenter\" src=\"https:\/\/portalraizesnoticias.com.br\/wp-content\/uploads\/2025\/10\/IMG-20251023-WA0458-169x300.jpg\" alt=\"\" width=\"169\" height=\"300\" srcset=\"https:\/\/portalraizesnoticias.com.br\/wp-content\/uploads\/2025\/10\/IMG-20251023-WA0458-169x300.jpg 169w, https:\/\/portalraizesnoticias.com.br\/wp-content\/uploads\/2025\/10\/IMG-20251023-WA0458-576x1024.jpg 576w, https:\/\/portalraizesnoticias.com.br\/wp-content\/uploads\/2025\/10\/IMG-20251023-WA0458-768x1365.jpg 768w, https:\/\/portalraizesnoticias.com.br\/wp-content\/uploads\/2025\/10\/IMG-20251023-WA0458-864x1536.jpg 864w, https:\/\/portalraizesnoticias.com.br\/wp-content\/uploads\/2025\/10\/IMG-20251023-WA0458.jpg 900w\" sizes=\"(max-width: 169px) 100vw, 169px\" \/><\/p>\n<p>Sidney recebeu os primeiros atendimentos no local e, em seguida, foi encaminhado \u00e0 emerg\u00eancia do Hospital Portugu\u00eas de Concei\u00e7\u00e3o do Coit\u00e9.<\/p>\n<p>Reda\u00e7\u00e3o com informa\u00e7\u00f5es do \u00c1guia Resgate<\/p>\n","protected":false},"excerpt":{"rendered":"<p>Sidney Mota Silva, de 20 anos, ficou ferido ap\u00f3s perder o controle da motocicleta ao tentar desviar de uma \u201clevada\u201d (eleva\u00e7\u00e3o na pista), colidindo contra um muro e caindo. O acidente aconteceu por volta das 18h20 desta quinta-feira (23), na estrada que liga Concei\u00e7\u00e3o do Coit\u00e9 \u00e0 localidade de Pinda. De acordo com informa\u00e7\u00f5es do socorrista Jo\u00e3o Henrique, do \u00c1guia Resgate, a v\u00edtima foi encontrada consciente e orientada, apresentando escoria\u00e7\u00f5es pelo corpo e suspeita de fratura no tornozelo esquerdo. Sidney recebeu os primeiros atendimentos no local e, em seguida, foi encaminhado \u00e0 emerg\u00eancia do Hospital Portugu\u00eas de Concei\u00e7\u00e3o do Coit\u00e9. Reda\u00e7\u00e3o com informa\u00e7\u00f5es do \u00c1guia Resgate<\/p>\n","protected":false},"author":3,"featured_media":8928,"comment_status":"open","ping_status":"open","sticky":false,"template":"","format":"standard","meta":{"_joinchat":[],"footnotes":""},"categories":[58,55,59],"tags":[80,76,298],"class_list":["post-8927","post","type-post","status-publish","format-standard","has-post-thumbnail","hentry","category-acidentes","category-destaques","category-ultimas-noticias","tag-ferido","tag-jovem","tag-pinda"],"yoast_head":"<!-- This site is optimized with the Yoast SEO plugin v24.4 - https:\/\/yoast.com\/wordpress\/plugins\/seo\/ -->\n<title>Jovem fica ferido ao perder controle de moto e colidir contra muro na estrada da Pinda em Concei\u00e7\u00e3o do Coit\u00e9 - Portal raizes noticias<\/title>\n<meta name=\"robots\" content=\"index, follow, max-snippet:-1, max-image-preview:large, max-video-preview:-1\" \/>\n<link rel=\"canonical\" href=\"https:\/\/portalraizesnoticias.com.br\/?p=8927\" \/>\n<meta property=\"og:locale\" content=\"pt_BR\" \/>\n<meta property=\"og:type\" content=\"article\" \/>\n<meta property=\"og:title\" content=\"Jovem fica ferido ao perder controle de moto e colidir contra muro na estrada da Pinda em Concei\u00e7\u00e3o do Coit\u00e9 - Portal raizes noticias\" \/>\n<meta property=\"og:description\" content=\"Sidney Mota Silva, de 20 anos, ficou ferido ap\u00f3s perder o controle da motocicleta ao tentar desviar de uma \u201clevada\u201d (eleva\u00e7\u00e3o na pista), colidindo contra um muro e caindo. O acidente aconteceu por volta das 18h20 desta quinta-feira (23), na estrada que liga Concei\u00e7\u00e3o do Coit\u00e9 \u00e0 localidade de Pinda. De acordo com informa\u00e7\u00f5es do socorrista Jo\u00e3o Henrique, do \u00c1guia Resgate, a v\u00edtima foi encontrada consciente e orientada, apresentando escoria\u00e7\u00f5es pelo corpo e suspeita de fratura no tornozelo esquerdo. Sidney recebeu os primeiros atendimentos no local e, em seguida, foi encaminhado \u00e0 emerg\u00eancia do Hospital Portugu\u00eas de Concei\u00e7\u00e3o do Coit\u00e9. Reda\u00e7\u00e3o com informa\u00e7\u00f5es do \u00c1guia Resgate\" \/>\n<meta property=\"og:url\" content=\"https:\/\/portalraizesnoticias.com.br\/?p=8927\" \/>\n<meta property=\"og:site_name\" content=\"Portal raizes noticias\" \/>\n<meta property=\"article:published_time\" content=\"2025-10-23T22:24:33+00:00\" \/>\n<meta property=\"article:modified_time\" content=\"2025-10-23T22:24:34+00:00\" \/>\n<meta property=\"og:image\" content=\"https:\/\/portalraizesnoticias.com.br\/wp-content\/uploads\/2025\/10\/IMG-20251023-WA0454.jpg\" \/>\n\t<meta property=\"og:image:width\" content=\"1600\" \/>\n\t<meta property=\"og:image:height\" content=\"720\" \/>\n\t<meta property=\"og:image:type\" content=\"image\/jpeg\" \/>\n<meta name=\"author\" content=\"Portal Raizes\" \/>\n<meta name=\"twitter:card\" content=\"summary_large_image\" \/>\n<meta name=\"twitter:label1\" content=\"Escrito por\" \/>\n\t<meta name=\"twitter:data1\" content=\"Portal Raizes\" \/>\n\t<meta name=\"twitter:label2\" content=\"Est. tempo de leitura\" \/>\n\t<meta name=\"twitter:data2\" content=\"2 minutos\" \/>\n<script type=\"application\/ld+json\" class=\"yoast-schema-graph\">{\"@context\":\"https:\/\/schema.org\",\"@graph\":[{\"@type\":\"Article\",\"@id\":\"https:\/\/portalraizesnoticias.com.br\/?p=8927#article\",\"isPartOf\":{\"@id\":\"https:\/\/portalraizesnoticias.com.br\/?p=8927\"},\"author\":{\"name\":\"Portal Raizes\",\"@id\":\"https:\/\/portalraizesnoticias.com.br\/#\/schema\/person\/a3ca6b0fc701e78df19756c417d943ae\"},\"headline\":\"Jovem fica ferido ao perder controle de moto e colidir contra muro na estrada da Pinda em Concei\u00e7\u00e3o do Coit\u00e9\",\"datePublished\":\"2025-10-23T22:24:33+00:00\",\"dateModified\":\"2025-10-23T22:24:34+00:00\",\"mainEntityOfPage\":{\"@id\":\"https:\/\/portalraizesnoticias.com.br\/?p=8927\"},\"wordCount\":135,\"commentCount\":0,\"publisher\":{\"@id\":\"https:\/\/portalraizesnoticias.com.br\/#organization\"},\"image\":{\"@id\":\"https:\/\/portalraizesnoticias.com.br\/?p=8927#primaryimage\"},\"thumbnailUrl\":\"https:\/\/portalraizesnoticias.com.br\/wp-content\/uploads\/2025\/10\/IMG-20251023-WA0454.jpg\",\"keywords\":[\"Ferido\",\"Jovem\",\"Pinda\"],\"articleSection\":[\"ACIDENTES\",\"DESTAQUES\",\"ULTIMAS NOTICIAS\"],\"inLanguage\":\"pt-BR\",\"potentialAction\":[{\"@type\":\"CommentAction\",\"name\":\"Comment\",\"target\":[\"https:\/\/portalraizesnoticias.com.br\/?p=8927#respond\"]}]},{\"@type\":\"WebPage\",\"@id\":\"https:\/\/portalraizesnoticias.com.br\/?p=8927\",\"url\":\"https:\/\/portalraizesnoticias.com.br\/?p=8927\",\"name\":\"Jovem fica ferido ao perder controle de moto e colidir contra muro na estrada da Pinda em Concei\u00e7\u00e3o do Coit\u00e9 - Portal raizes noticias\",\"isPartOf\":{\"@id\":\"https:\/\/portalraizesnoticias.com.br\/#website\"},\"primaryImageOfPage\":{\"@id\":\"https:\/\/portalraizesnoticias.com.br\/?p=8927#primaryimage\"},\"image\":{\"@id\":\"https:\/\/portalraizesnoticias.com.br\/?p=8927#primaryimage\"},\"thumbnailUrl\":\"https:\/\/portalraizesnoticias.com.br\/wp-content\/uploads\/2025\/10\/IMG-20251023-WA0454.jpg\",\"datePublished\":\"2025-10-23T22:24:33+00:00\",\"dateModified\":\"2025-10-23T22:24:34+00:00\",\"breadcrumb\":{\"@id\":\"https:\/\/portalraizesnoticias.com.br\/?p=8927#breadcrumb\"},\"inLanguage\":\"pt-BR\",\"potentialAction\":[{\"@type\":\"ReadAction\",\"target\":[\"https:\/\/portalraizesnoticias.com.br\/?p=8927\"]}]},{\"@type\":\"ImageObject\",\"inLanguage\":\"pt-BR\",\"@id\":\"https:\/\/portalraizesnoticias.com.br\/?p=8927#primaryimage\",\"url\":\"https:\/\/portalraizesnoticias.com.br\/wp-content\/uploads\/2025\/10\/IMG-20251023-WA0454.jpg\",\"contentUrl\":\"https:\/\/portalraizesnoticias.com.br\/wp-content\/uploads\/2025\/10\/IMG-20251023-WA0454.jpg\",\"width\":1600,\"height\":720},{\"@type\":\"BreadcrumbList\",\"@id\":\"https:\/\/portalraizesnoticias.com.br\/?p=8927#breadcrumb\",\"itemListElement\":[{\"@type\":\"ListItem\",\"position\":1,\"name\":\"In\u00edcio\",\"item\":\"https:\/\/portalraizesnoticias.com.br\/\"},{\"@type\":\"ListItem\",\"position\":2,\"name\":\"Jovem fica ferido ao perder controle de moto e colidir contra muro na estrada da Pinda em Concei\u00e7\u00e3o do Coit\u00e9\"}]},{\"@type\":\"WebSite\",\"@id\":\"https:\/\/portalraizesnoticias.com.br\/#website\",\"url\":\"https:\/\/portalraizesnoticias.com.br\/\",\"name\":\"Portal raizes NOTICIAS\",\"description\":\"site de noticias de concei\u00e7\u00e3o do coit\u00e9 e regi\u00e3o\",\"publisher\":{\"@id\":\"https:\/\/portalraizesnoticias.com.br\/#organization\"},\"alternateName\":\"PORTAL RAIZES COIT\u00c9\",\"potentialAction\":[{\"@type\":\"SearchAction\",\"target\":{\"@type\":\"EntryPoint\",\"urlTemplate\":\"https:\/\/portalraizesnoticias.com.br\/?s={search_term_string}\"},\"query-input\":{\"@type\":\"PropertyValueSpecification\",\"valueRequired\":true,\"valueName\":\"search_term_string\"}}],\"inLanguage\":\"pt-BR\"},{\"@type\":\"Organization\",\"@id\":\"https:\/\/portalraizesnoticias.com.br\/#organization\",\"name\":\"Portal raizes NOTICIAS\",\"url\":\"https:\/\/portalraizesnoticias.com.br\/\",\"logo\":{\"@type\":\"ImageObject\",\"inLanguage\":\"pt-BR\",\"@id\":\"https:\/\/portalraizesnoticias.com.br\/#\/schema\/logo\/image\/\",\"url\":\"https:\/\/portalraizesnoticias.com.br\/wp-content\/uploads\/2024\/09\/cropped-Captura-de-tela-2024-09-08-011108.png\",\"contentUrl\":\"https:\/\/portalraizesnoticias.com.br\/wp-content\/uploads\/2024\/09\/cropped-Captura-de-tela-2024-09-08-011108.png\",\"width\":606,\"height\":173,\"caption\":\"Portal raizes NOTICIAS\"},\"image\":{\"@id\":\"https:\/\/portalraizesnoticias.com.br\/#\/schema\/logo\/image\/\"}},{\"@type\":\"Person\",\"@id\":\"https:\/\/portalraizesnoticias.com.br\/#\/schema\/person\/a3ca6b0fc701e78df19756c417d943ae\",\"name\":\"Portal Raizes\",\"image\":{\"@type\":\"ImageObject\",\"inLanguage\":\"pt-BR\",\"@id\":\"https:\/\/portalraizesnoticias.com.br\/#\/schema\/person\/image\/\",\"url\":\"https:\/\/secure.gravatar.com\/avatar\/ef450d29013a3d3fba867a12a249d7b1?s=96&d=mm&r=g\",\"contentUrl\":\"https:\/\/secure.gravatar.com\/avatar\/ef450d29013a3d3fba867a12a249d7b1?s=96&d=mm&r=g\",\"caption\":\"Portal Raizes\"},\"url\":\"https:\/\/portalraizesnoticias.com.br\/?author=3\"}]}<\/script>\n<!-- \/ Yoast SEO plugin. -->","yoast_head_json":{"title":"Jovem fica ferido ao perder controle de moto e colidir contra muro na estrada da Pinda em Concei\u00e7\u00e3o do Coit\u00e9 - Portal raizes noticias","robots":{"index":"index","follow":"follow","max-snippet":"max-snippet:-1","max-image-preview":"max-image-preview:large","max-video-preview":"max-video-preview:-1"},"canonical":"https:\/\/portalraizesnoticias.com.br\/?p=8927","og_locale":"pt_BR","og_type":"article","og_title":"Jovem fica ferido ao perder controle de moto e colidir contra muro na estrada da Pinda em Concei\u00e7\u00e3o do Coit\u00e9 - Portal raizes noticias","og_description":"Sidney Mota Silva, de 20 anos, ficou ferido ap\u00f3s perder o controle da motocicleta ao tentar desviar de uma \u201clevada\u201d (eleva\u00e7\u00e3o na pista), colidindo contra um muro e caindo. O acidente aconteceu por volta das 18h20 desta quinta-feira (23), na estrada que liga Concei\u00e7\u00e3o do Coit\u00e9 \u00e0 localidade de Pinda. De acordo com informa\u00e7\u00f5es do socorrista Jo\u00e3o Henrique, do \u00c1guia Resgate, a v\u00edtima foi encontrada consciente e orientada, apresentando escoria\u00e7\u00f5es pelo corpo e suspeita de fratura no tornozelo esquerdo. Sidney recebeu os primeiros atendimentos no local e, em seguida, foi encaminhado \u00e0 emerg\u00eancia do Hospital Portugu\u00eas de Concei\u00e7\u00e3o do Coit\u00e9. Reda\u00e7\u00e3o com informa\u00e7\u00f5es do \u00c1guia Resgate","og_url":"https:\/\/portalraizesnoticias.com.br\/?p=8927","og_site_name":"Portal raizes noticias","article_published_time":"2025-10-23T22:24:33+00:00","article_modified_time":"2025-10-23T22:24:34+00:00","og_image":[{"width":1600,"height":720,"url":"https:\/\/portalraizesnoticias.com.br\/wp-content\/uploads\/2025\/10\/IMG-20251023-WA0454.jpg","type":"image\/jpeg"}],"author":"Portal Raizes","twitter_card":"summary_large_image","twitter_misc":{"Escrito por":"Portal Raizes","Est. tempo de leitura":"2 minutos"},"schema":{"@context":"https:\/\/schema.org","@graph":[{"@type":"Article","@id":"https:\/\/portalraizesnoticias.com.br\/?p=8927#article","isPartOf":{"@id":"https:\/\/portalraizesnoticias.com.br\/?p=8927"},"author":{"name":"Portal Raizes","@id":"https:\/\/portalraizesnoticias.com.br\/#\/schema\/person\/a3ca6b0fc701e78df19756c417d943ae"},"headline":"Jovem fica ferido ao perder controle de moto e colidir contra muro na estrada da Pinda em Concei\u00e7\u00e3o do Coit\u00e9","datePublished":"2025-10-23T22:24:33+00:00","dateModified":"2025-10-23T22:24:34+00:00","mainEntityOfPage":{"@id":"https:\/\/portalraizesnoticias.com.br\/?p=8927"},"wordCount":135,"commentCount":0,"publisher":{"@id":"https:\/\/portalraizesnoticias.com.br\/#organization"},"image":{"@id":"https:\/\/portalraizesnoticias.com.br\/?p=8927#primaryimage"},"thumbnailUrl":"https:\/\/portalraizesnoticias.com.br\/wp-content\/uploads\/2025\/10\/IMG-20251023-WA0454.jpg","keywords":["Ferido","Jovem","Pinda"],"articleSection":["ACIDENTES","DESTAQUES","ULTIMAS NOTICIAS"],"inLanguage":"pt-BR","potentialAction":[{"@type":"CommentAction","name":"Comment","target":["https:\/\/portalraizesnoticias.com.br\/?p=8927#respond"]}]},{"@type":"WebPage","@id":"https:\/\/portalraizesnoticias.com.br\/?p=8927","url":"https:\/\/portalraizesnoticias.com.br\/?p=8927","name":"Jovem fica ferido ao perder controle de moto e colidir contra muro na estrada da Pinda em Concei\u00e7\u00e3o do Coit\u00e9 - Portal raizes noticias","isPartOf":{"@id":"https:\/\/portalraizesnoticias.com.br\/#website"},"primaryImageOfPage":{"@id":"https:\/\/portalraizesnoticias.com.br\/?p=8927#primaryimage"},"image":{"@id":"https:\/\/portalraizesnoticias.com.br\/?p=8927#primaryimage"},"thumbnailUrl":"https:\/\/portalraizesnoticias.com.br\/wp-content\/uploads\/2025\/10\/IMG-20251023-WA0454.jpg","datePublished":"2025-10-23T22:24:33+00:00","dateModified":"2025-10-23T22:24:34+00:00","breadcrumb":{"@id":"https:\/\/portalraizesnoticias.com.br\/?p=8927#breadcrumb"},"inLanguage":"pt-BR","potentialAction":[{"@type":"ReadAction","target":["https:\/\/portalraizesnoticias.com.br\/?p=8927"]}]},{"@type":"ImageObject","inLanguage":"pt-BR","@id":"https:\/\/portalraizesnoticias.com.br\/?p=8927#primaryimage","url":"https:\/\/portalraizesnoticias.com.br\/wp-content\/uploads\/2025\/10\/IMG-20251023-WA0454.jpg","contentUrl":"https:\/\/portalraizesnoticias.com.br\/wp-content\/uploads\/2025\/10\/IMG-20251023-WA0454.jpg","width":1600,"height":720},{"@type":"BreadcrumbList","@id":"https:\/\/portalraizesnoticias.com.br\/?p=8927#breadcrumb","itemListElement":[{"@type":"ListItem","position":1,"name":"In\u00edcio","item":"https:\/\/portalraizesnoticias.com.br\/"},{"@type":"ListItem","position":2,"name":"Jovem fica ferido ao perder controle de moto e colidir contra muro na estrada da Pinda em Concei\u00e7\u00e3o do Coit\u00e9"}]},{"@type":"WebSite","@id":"https:\/\/portalraizesnoticias.com.br\/#website","url":"https:\/\/portalraizesnoticias.com.br\/","name":"Portal raizes NOTICIAS","description":"site de noticias de concei\u00e7\u00e3o do coit\u00e9 e regi\u00e3o","publisher":{"@id":"https:\/\/portalraizesnoticias.com.br\/#organization"},"alternateName":"PORTAL RAIZES COIT\u00c9","potentialAction":[{"@type":"SearchAction","target":{"@type":"EntryPoint","urlTemplate":"https:\/\/portalraizesnoticias.com.br\/?s={search_term_string}"},"query-input":{"@type":"PropertyValueSpecification","valueRequired":true,"valueName":"search_term_string"}}],"inLanguage":"pt-BR"},{"@type":"Organization","@id":"https:\/\/portalraizesnoticias.com.br\/#organization","name":"Portal raizes NOTICIAS","url":"https:\/\/portalraizesnoticias.com.br\/","logo":{"@type":"ImageObject","inLanguage":"pt-BR","@id":"https:\/\/portalraizesnoticias.com.br\/#\/schema\/logo\/image\/","url":"https:\/\/portalraizesnoticias.com.br\/wp-content\/uploads\/2024\/09\/cropped-Captura-de-tela-2024-09-08-011108.png","contentUrl":"https:\/\/portalraizesnoticias.com.br\/wp-content\/uploads\/2024\/09\/cropped-Captura-de-tela-2024-09-08-011108.png","width":606,"height":173,"caption":"Portal raizes NOTICIAS"},"image":{"@id":"https:\/\/portalraizesnoticias.com.br\/#\/schema\/logo\/image\/"}},{"@type":"Person","@id":"https:\/\/portalraizesnoticias.com.br\/#\/schema\/person\/a3ca6b0fc701e78df19756c417d943ae","name":"Portal Raizes","image":{"@type":"ImageObject","inLanguage":"pt-BR","@id":"https:\/\/portalraizesnoticias.com.br\/#\/schema\/person\/image\/","url":"https:\/\/secure.gravatar.com\/avatar\/ef450d29013a3d3fba867a12a249d7b1?s=96&d=mm&r=g","contentUrl":"https:\/\/secure.gravatar.com\/avatar\/ef450d29013a3d3fba867a12a249d7b1?s=96&d=mm&r=g","caption":"Portal Raizes"},"url":"https:\/\/portalraizesnoticias.com.br\/?author=3"}]}},"_links":{"self":[{"href":"https:\/\/portalraizesnoticias.com.br\/index.php?rest_route=\/wp\/v2\/posts\/8927"}],"collection":[{"href":"https:\/\/portalraizesnoticias.com.br\/index.php?rest_route=\/wp\/v2\/posts"}],"about":[{"href":"https:\/\/portalraizesnoticias.com.br\/index.php?rest_route=\/wp\/v2\/types\/post"}],"author":[{"embeddable":true,"href":"https:\/\/portalraizesnoticias.com.br\/index.php?rest_route=\/wp\/v2\/users\/3"}],"replies":[{"embeddable":true,"href":"https:\/\/portalraizesnoticias.com.br\/index.php?rest_route=%2Fwp%2Fv2%2Fcomments&post=8927"}],"version-history":[{"count":1,"href":"https:\/\/portalraizesnoticias.com.br\/index.php?rest_route=\/wp\/v2\/posts\/8927\/revisions"}],"predecessor-version":[{"id":8931,"href":"https:\/\/portalraizesnoticias.com.br\/index.php?rest_route=\/wp\/v2\/posts\/8927\/revisions\/8931"}],"wp:featuredmedia":[{"embeddable":true,"href":"https:\/\/portalraizesnoticias.com.br\/index.php?rest_route=\/wp\/v2\/media\/8928"}],"wp:attachment":[{"href":"https:\/\/portalraizesnoticias.com.br\/index.php?rest_route=%2Fwp%2Fv2%2Fmedia&parent=8927"}],"wp:term":[{"taxonomy":"category","embeddable":true,"href":"https:\/\/portalraizesnoticias.com.br\/index.php?rest_route=%2Fwp%2Fv2%2Fcategories&post=8927"},{"taxonomy":"post_tag","embeddable":true,"href":"https:\/\/portalraizesnoticias.com.br\/index.php?rest_route=%2Fwp%2Fv2%2Ftags&post=8927"}],"curies":[{"name":"wp","href":"https:\/\/api.w.org\/{rel}","templated":true}]}}