{"id":8863,"date":"2025-10-21T01:05:04","date_gmt":"2025-10-21T04:05:04","guid":{"rendered":"https:\/\/portalraizesnoticias.com.br\/?p=8863"},"modified":"2025-10-21T01:05:04","modified_gmt":"2025-10-21T04:05:04","slug":"pm-recupera-moto-apos-assalto-em-conceicao-do-coite","status":"publish","type":"post","link":"https:\/\/portalraizesnoticias.com.br\/?p=8863","title":{"rendered":"PM recupera moto ap\u00f3s assalto em Concei\u00e7\u00e3o do Coit\u00e9"},"content":{"rendered":"<p>Um homem de 40 anos viveu momentos de humilha\u00e7\u00e3o e medo ao ser assaltado na noite desta segunda-feira (20), na Rua Jo\u00e3o Guilhermino de Oliveira, bairro da Jaqueira, em Concei\u00e7\u00e3o do Coit\u00e9.<\/p>\n<p><img fetchpriority=\"high\" decoding=\"async\" class=\"size-medium wp-image-8006 aligncenter\" src=\"https:\/\/portalraizesnoticias.com.br\/wp-content\/uploads\/2025\/09\/IMG-20250902-WA0020-300x296.jpg\" alt=\"\" width=\"300\" height=\"296\" srcset=\"https:\/\/portalraizesnoticias.com.br\/wp-content\/uploads\/2025\/09\/IMG-20250902-WA0020-300x296.jpg 300w, https:\/\/portalraizesnoticias.com.br\/wp-content\/uploads\/2025\/09\/IMG-20250902-WA0020-1024x1009.jpg 1024w, https:\/\/portalraizesnoticias.com.br\/wp-content\/uploads\/2025\/09\/IMG-20250902-WA0020-768x757.jpg 768w, https:\/\/portalraizesnoticias.com.br\/wp-content\/uploads\/2025\/09\/IMG-20250902-WA0020.jpg 1080w\" sizes=\"(max-width: 300px) 100vw, 300px\" \/><\/p>\n<p style=\"text-align: center;\"><strong>PUBLICIDADE<\/strong><\/p>\n<p>A v\u00edtima,\u00a0 relatou \u00e0 Pol\u00edcia Militar que dois homens, sendo um deles alto, cabeludo e vestindo um blus\u00e3o, se aproximaram e anunciaram o assalto, um deles apontando uma arma de fogo. Em seguida, os criminosos fugiram levando a motocicleta YAMAHA YBR Factor 125, de cor branca em dire\u00e7\u00e3o \u00e0 rodovi\u00e1ria.<\/p>\n<p><img decoding=\"async\" class=\"size-medium wp-image-7771 aligncenter\" src=\"https:\/\/portalraizesnoticias.com.br\/wp-content\/uploads\/2025\/08\/IMG-20250814-WA05541-300x289.jpg\" alt=\"\" width=\"300\" height=\"289\" srcset=\"https:\/\/portalraizesnoticias.com.br\/wp-content\/uploads\/2025\/08\/IMG-20250814-WA05541-300x289.jpg 300w, https:\/\/portalraizesnoticias.com.br\/wp-content\/uploads\/2025\/08\/IMG-20250814-WA05541-1024x988.jpg 1024w, https:\/\/portalraizesnoticias.com.br\/wp-content\/uploads\/2025\/08\/IMG-20250814-WA05541-768x741.jpg 768w, https:\/\/portalraizesnoticias.com.br\/wp-content\/uploads\/2025\/08\/IMG-20250814-WA05541.jpg 1180w\" sizes=\"(max-width: 300px) 100vw, 300px\" \/><\/p>\n<p style=\"text-align: center;\"><strong>PUBLICIDADE<\/strong><\/p>\n<p>Segundo relato da v\u00edtima ao Portal Ra\u00edzes,\u00a0 os assaltantes sorriram e debocharam enquanto deixavam o local. \u201cEles sa\u00edram rindo de mim\u2026 me senti humilhado\u201d, contou o morador \u00e0 reportagem..<\/p>\n<p>Ap\u00f3s receber o chamado, uma guarni\u00e7\u00e3o se deslocou imediatamente at\u00e9 o local e iniciou buscas pela regi\u00e3o. Durante as rondas, os policiais localizaram e recuperaram a motocicleta na Rua Joanita Silva, nos fundos do Almoxarifado Municipal.<\/p>\n<p>O caso segue sendo investigado pelas autoridades competentes.<\/p>\n<p>Reda\u00e7\u00e3o<\/p>\n<p>&#8212;<\/p>\n","protected":false},"excerpt":{"rendered":"<p>Um homem de 40 anos viveu momentos de humilha\u00e7\u00e3o e medo ao ser assaltado na noite desta segunda-feira (20), na Rua Jo\u00e3o Guilhermino de Oliveira, bairro da Jaqueira, em Concei\u00e7\u00e3o do Coit\u00e9. PUBLICIDADE A v\u00edtima,\u00a0 relatou \u00e0 Pol\u00edcia Militar que dois homens, sendo um deles alto, cabeludo e vestindo um blus\u00e3o, se aproximaram e anunciaram o assalto, um deles apontando uma arma de fogo. Em seguida, os criminosos fugiram levando a motocicleta YAMAHA YBR Factor 125, de cor branca em dire\u00e7\u00e3o \u00e0 rodovi\u00e1ria. PUBLICIDADE Segundo relato da v\u00edtima ao Portal Ra\u00edzes,\u00a0 os assaltantes sorriram e debocharam enquanto deixavam o local. \u201cEles sa\u00edram rindo de mim\u2026 me senti humilhado\u201d, contou o morador \u00e0 reportagem.. Ap\u00f3s receber o chamado, uma guarni\u00e7\u00e3o se deslocou imediatamente at\u00e9 o local e iniciou buscas pela regi\u00e3o. Durante as rondas, os policiais localizaram e recuperaram a motocicleta na Rua Joanita Silva, nos fundos do Almoxarifado Municipal. O caso segue sendo investigado pelas autoridades competentes. Reda\u00e7\u00e3o &#8212;<\/p>\n","protected":false},"author":3,"featured_media":8851,"comment_status":"open","ping_status":"open","sticky":false,"template":"","format":"standard","meta":{"_joinchat":[],"footnotes":""},"categories":[55,67,59],"tags":[],"class_list":["post-8863","post","type-post","status-publish","format-standard","has-post-thumbnail","hentry","category-destaques","category-policia","category-ultimas-noticias"],"yoast_head":"<!-- This site is optimized with the Yoast SEO plugin v24.4 - https:\/\/yoast.com\/wordpress\/plugins\/seo\/ -->\n<title>PM recupera moto ap\u00f3s assalto em Concei\u00e7\u00e3o do Coit\u00e9 - Portal raizes noticias<\/title>\n<meta name=\"robots\" content=\"index, follow, max-snippet:-1, max-image-preview:large, max-video-preview:-1\" \/>\n<link rel=\"canonical\" href=\"https:\/\/portalraizesnoticias.com.br\/?p=8863\" \/>\n<meta property=\"og:locale\" content=\"pt_BR\" \/>\n<meta property=\"og:type\" content=\"article\" \/>\n<meta property=\"og:title\" content=\"PM recupera moto ap\u00f3s assalto em Concei\u00e7\u00e3o do Coit\u00e9 - Portal raizes noticias\" \/>\n<meta property=\"og:description\" content=\"Um homem de 40 anos viveu momentos de humilha\u00e7\u00e3o e medo ao ser assaltado na noite desta segunda-feira (20), na Rua Jo\u00e3o Guilhermino de Oliveira, bairro da Jaqueira, em Concei\u00e7\u00e3o do Coit\u00e9. PUBLICIDADE A v\u00edtima,\u00a0 relatou \u00e0 Pol\u00edcia Militar que dois homens, sendo um deles alto, cabeludo e vestindo um blus\u00e3o, se aproximaram e anunciaram o assalto, um deles apontando uma arma de fogo. Em seguida, os criminosos fugiram levando a motocicleta YAMAHA YBR Factor 125, de cor branca em dire\u00e7\u00e3o \u00e0 rodovi\u00e1ria. PUBLICIDADE Segundo relato da v\u00edtima ao Portal Ra\u00edzes,\u00a0 os assaltantes sorriram e debocharam enquanto deixavam o local. \u201cEles sa\u00edram rindo de mim\u2026 me senti humilhado\u201d, contou o morador \u00e0 reportagem.. Ap\u00f3s receber o chamado, uma guarni\u00e7\u00e3o se deslocou imediatamente at\u00e9 o local e iniciou buscas pela regi\u00e3o. Durante as rondas, os policiais localizaram e recuperaram a motocicleta na Rua Joanita Silva, nos fundos do Almoxarifado Municipal. O caso segue sendo investigado pelas autoridades competentes. Reda\u00e7\u00e3o &#8212;\" \/>\n<meta property=\"og:url\" content=\"https:\/\/portalraizesnoticias.com.br\/?p=8863\" \/>\n<meta property=\"og:site_name\" content=\"Portal raizes noticias\" \/>\n<meta property=\"article:published_time\" content=\"2025-10-21T04:05:04+00:00\" \/>\n<meta property=\"og:image\" content=\"https:\/\/portalraizesnoticias.com.br\/wp-content\/uploads\/2025\/10\/IMG-20251020-WA0350.jpg\" \/>\n\t<meta property=\"og:image:width\" content=\"1280\" \/>\n\t<meta property=\"og:image:height\" content=\"720\" \/>\n\t<meta property=\"og:image:type\" content=\"image\/jpeg\" \/>\n<meta name=\"author\" content=\"Portal Raizes\" \/>\n<meta name=\"twitter:card\" content=\"summary_large_image\" \/>\n<meta name=\"twitter:label1\" content=\"Escrito por\" \/>\n\t<meta name=\"twitter:data1\" content=\"Portal Raizes\" \/>\n\t<meta name=\"twitter:label2\" content=\"Est. tempo de leitura\" \/>\n\t<meta name=\"twitter:data2\" content=\"2 minutos\" \/>\n<script type=\"application\/ld+json\" class=\"yoast-schema-graph\">{\"@context\":\"https:\/\/schema.org\",\"@graph\":[{\"@type\":\"Article\",\"@id\":\"https:\/\/portalraizesnoticias.com.br\/?p=8863#article\",\"isPartOf\":{\"@id\":\"https:\/\/portalraizesnoticias.com.br\/?p=8863\"},\"author\":{\"name\":\"Portal Raizes\",\"@id\":\"https:\/\/portalraizesnoticias.com.br\/#\/schema\/person\/a3ca6b0fc701e78df19756c417d943ae\"},\"headline\":\"PM recupera moto ap\u00f3s assalto em Concei\u00e7\u00e3o do Coit\u00e9\",\"datePublished\":\"2025-10-21T04:05:04+00:00\",\"mainEntityOfPage\":{\"@id\":\"https:\/\/portalraizesnoticias.com.br\/?p=8863\"},\"wordCount\":179,\"commentCount\":0,\"publisher\":{\"@id\":\"https:\/\/portalraizesnoticias.com.br\/#organization\"},\"image\":{\"@id\":\"https:\/\/portalraizesnoticias.com.br\/?p=8863#primaryimage\"},\"thumbnailUrl\":\"https:\/\/portalraizesnoticias.com.br\/wp-content\/uploads\/2025\/10\/IMG-20251020-WA0350.jpg\",\"articleSection\":[\"DESTAQUES\",\"POLICIA\",\"ULTIMAS NOTICIAS\"],\"inLanguage\":\"pt-BR\",\"potentialAction\":[{\"@type\":\"CommentAction\",\"name\":\"Comment\",\"target\":[\"https:\/\/portalraizesnoticias.com.br\/?p=8863#respond\"]}]},{\"@type\":\"WebPage\",\"@id\":\"https:\/\/portalraizesnoticias.com.br\/?p=8863\",\"url\":\"https:\/\/portalraizesnoticias.com.br\/?p=8863\",\"name\":\"PM recupera moto ap\u00f3s assalto em Concei\u00e7\u00e3o do Coit\u00e9 - Portal raizes noticias\",\"isPartOf\":{\"@id\":\"https:\/\/portalraizesnoticias.com.br\/#website\"},\"primaryImageOfPage\":{\"@id\":\"https:\/\/portalraizesnoticias.com.br\/?p=8863#primaryimage\"},\"image\":{\"@id\":\"https:\/\/portalraizesnoticias.com.br\/?p=8863#primaryimage\"},\"thumbnailUrl\":\"https:\/\/portalraizesnoticias.com.br\/wp-content\/uploads\/2025\/10\/IMG-20251020-WA0350.jpg\",\"datePublished\":\"2025-10-21T04:05:04+00:00\",\"breadcrumb\":{\"@id\":\"https:\/\/portalraizesnoticias.com.br\/?p=8863#breadcrumb\"},\"inLanguage\":\"pt-BR\",\"potentialAction\":[{\"@type\":\"ReadAction\",\"target\":[\"https:\/\/portalraizesnoticias.com.br\/?p=8863\"]}]},{\"@type\":\"ImageObject\",\"inLanguage\":\"pt-BR\",\"@id\":\"https:\/\/portalraizesnoticias.com.br\/?p=8863#primaryimage\",\"url\":\"https:\/\/portalraizesnoticias.com.br\/wp-content\/uploads\/2025\/10\/IMG-20251020-WA0350.jpg\",\"contentUrl\":\"https:\/\/portalraizesnoticias.com.br\/wp-content\/uploads\/2025\/10\/IMG-20251020-WA0350.jpg\",\"width\":1280,\"height\":720},{\"@type\":\"BreadcrumbList\",\"@id\":\"https:\/\/portalraizesnoticias.com.br\/?p=8863#breadcrumb\",\"itemListElement\":[{\"@type\":\"ListItem\",\"position\":1,\"name\":\"In\u00edcio\",\"item\":\"https:\/\/portalraizesnoticias.com.br\/\"},{\"@type\":\"ListItem\",\"position\":2,\"name\":\"PM recupera moto ap\u00f3s assalto em Concei\u00e7\u00e3o do Coit\u00e9\"}]},{\"@type\":\"WebSite\",\"@id\":\"https:\/\/portalraizesnoticias.com.br\/#website\",\"url\":\"https:\/\/portalraizesnoticias.com.br\/\",\"name\":\"Portal raizes NOTICIAS\",\"description\":\"site de noticias de concei\u00e7\u00e3o do coit\u00e9 e regi\u00e3o\",\"publisher\":{\"@id\":\"https:\/\/portalraizesnoticias.com.br\/#organization\"},\"alternateName\":\"PORTAL RAIZES COIT\u00c9\",\"potentialAction\":[{\"@type\":\"SearchAction\",\"target\":{\"@type\":\"EntryPoint\",\"urlTemplate\":\"https:\/\/portalraizesnoticias.com.br\/?s={search_term_string}\"},\"query-input\":{\"@type\":\"PropertyValueSpecification\",\"valueRequired\":true,\"valueName\":\"search_term_string\"}}],\"inLanguage\":\"pt-BR\"},{\"@type\":\"Organization\",\"@id\":\"https:\/\/portalraizesnoticias.com.br\/#organization\",\"name\":\"Portal raizes NOTICIAS\",\"url\":\"https:\/\/portalraizesnoticias.com.br\/\",\"logo\":{\"@type\":\"ImageObject\",\"inLanguage\":\"pt-BR\",\"@id\":\"https:\/\/portalraizesnoticias.com.br\/#\/schema\/logo\/image\/\",\"url\":\"https:\/\/portalraizesnoticias.com.br\/wp-content\/uploads\/2024\/09\/cropped-Captura-de-tela-2024-09-08-011108.png\",\"contentUrl\":\"https:\/\/portalraizesnoticias.com.br\/wp-content\/uploads\/2024\/09\/cropped-Captura-de-tela-2024-09-08-011108.png\",\"width\":606,\"height\":173,\"caption\":\"Portal raizes NOTICIAS\"},\"image\":{\"@id\":\"https:\/\/portalraizesnoticias.com.br\/#\/schema\/logo\/image\/\"}},{\"@type\":\"Person\",\"@id\":\"https:\/\/portalraizesnoticias.com.br\/#\/schema\/person\/a3ca6b0fc701e78df19756c417d943ae\",\"name\":\"Portal Raizes\",\"image\":{\"@type\":\"ImageObject\",\"inLanguage\":\"pt-BR\",\"@id\":\"https:\/\/portalraizesnoticias.com.br\/#\/schema\/person\/image\/\",\"url\":\"https:\/\/secure.gravatar.com\/avatar\/ef450d29013a3d3fba867a12a249d7b1?s=96&d=mm&r=g\",\"contentUrl\":\"https:\/\/secure.gravatar.com\/avatar\/ef450d29013a3d3fba867a12a249d7b1?s=96&d=mm&r=g\",\"caption\":\"Portal Raizes\"},\"url\":\"https:\/\/portalraizesnoticias.com.br\/?author=3\"}]}<\/script>\n<!-- \/ Yoast SEO plugin. -->","yoast_head_json":{"title":"PM recupera moto ap\u00f3s assalto em Concei\u00e7\u00e3o do Coit\u00e9 - Portal raizes noticias","robots":{"index":"index","follow":"follow","max-snippet":"max-snippet:-1","max-image-preview":"max-image-preview:large","max-video-preview":"max-video-preview:-1"},"canonical":"https:\/\/portalraizesnoticias.com.br\/?p=8863","og_locale":"pt_BR","og_type":"article","og_title":"PM recupera moto ap\u00f3s assalto em Concei\u00e7\u00e3o do Coit\u00e9 - Portal raizes noticias","og_description":"Um homem de 40 anos viveu momentos de humilha\u00e7\u00e3o e medo ao ser assaltado na noite desta segunda-feira (20), na Rua Jo\u00e3o Guilhermino de Oliveira, bairro da Jaqueira, em Concei\u00e7\u00e3o do Coit\u00e9. PUBLICIDADE A v\u00edtima,\u00a0 relatou \u00e0 Pol\u00edcia Militar que dois homens, sendo um deles alto, cabeludo e vestindo um blus\u00e3o, se aproximaram e anunciaram o assalto, um deles apontando uma arma de fogo. Em seguida, os criminosos fugiram levando a motocicleta YAMAHA YBR Factor 125, de cor branca em dire\u00e7\u00e3o \u00e0 rodovi\u00e1ria. PUBLICIDADE Segundo relato da v\u00edtima ao Portal Ra\u00edzes,\u00a0 os assaltantes sorriram e debocharam enquanto deixavam o local. \u201cEles sa\u00edram rindo de mim\u2026 me senti humilhado\u201d, contou o morador \u00e0 reportagem.. Ap\u00f3s receber o chamado, uma guarni\u00e7\u00e3o se deslocou imediatamente at\u00e9 o local e iniciou buscas pela regi\u00e3o. Durante as rondas, os policiais localizaram e recuperaram a motocicleta na Rua Joanita Silva, nos fundos do Almoxarifado Municipal. O caso segue sendo investigado pelas autoridades competentes. Reda\u00e7\u00e3o &#8212;","og_url":"https:\/\/portalraizesnoticias.com.br\/?p=8863","og_site_name":"Portal raizes noticias","article_published_time":"2025-10-21T04:05:04+00:00","og_image":[{"width":1280,"height":720,"url":"https:\/\/portalraizesnoticias.com.br\/wp-content\/uploads\/2025\/10\/IMG-20251020-WA0350.jpg","type":"image\/jpeg"}],"author":"Portal Raizes","twitter_card":"summary_large_image","twitter_misc":{"Escrito por":"Portal Raizes","Est. tempo de leitura":"2 minutos"},"schema":{"@context":"https:\/\/schema.org","@graph":[{"@type":"Article","@id":"https:\/\/portalraizesnoticias.com.br\/?p=8863#article","isPartOf":{"@id":"https:\/\/portalraizesnoticias.com.br\/?p=8863"},"author":{"name":"Portal Raizes","@id":"https:\/\/portalraizesnoticias.com.br\/#\/schema\/person\/a3ca6b0fc701e78df19756c417d943ae"},"headline":"PM recupera moto ap\u00f3s assalto em Concei\u00e7\u00e3o do Coit\u00e9","datePublished":"2025-10-21T04:05:04+00:00","mainEntityOfPage":{"@id":"https:\/\/portalraizesnoticias.com.br\/?p=8863"},"wordCount":179,"commentCount":0,"publisher":{"@id":"https:\/\/portalraizesnoticias.com.br\/#organization"},"image":{"@id":"https:\/\/portalraizesnoticias.com.br\/?p=8863#primaryimage"},"thumbnailUrl":"https:\/\/portalraizesnoticias.com.br\/wp-content\/uploads\/2025\/10\/IMG-20251020-WA0350.jpg","articleSection":["DESTAQUES","POLICIA","ULTIMAS NOTICIAS"],"inLanguage":"pt-BR","potentialAction":[{"@type":"CommentAction","name":"Comment","target":["https:\/\/portalraizesnoticias.com.br\/?p=8863#respond"]}]},{"@type":"WebPage","@id":"https:\/\/portalraizesnoticias.com.br\/?p=8863","url":"https:\/\/portalraizesnoticias.com.br\/?p=8863","name":"PM recupera moto ap\u00f3s assalto em Concei\u00e7\u00e3o do Coit\u00e9 - Portal raizes noticias","isPartOf":{"@id":"https:\/\/portalraizesnoticias.com.br\/#website"},"primaryImageOfPage":{"@id":"https:\/\/portalraizesnoticias.com.br\/?p=8863#primaryimage"},"image":{"@id":"https:\/\/portalraizesnoticias.com.br\/?p=8863#primaryimage"},"thumbnailUrl":"https:\/\/portalraizesnoticias.com.br\/wp-content\/uploads\/2025\/10\/IMG-20251020-WA0350.jpg","datePublished":"2025-10-21T04:05:04+00:00","breadcrumb":{"@id":"https:\/\/portalraizesnoticias.com.br\/?p=8863#breadcrumb"},"inLanguage":"pt-BR","potentialAction":[{"@type":"ReadAction","target":["https:\/\/portalraizesnoticias.com.br\/?p=8863"]}]},{"@type":"ImageObject","inLanguage":"pt-BR","@id":"https:\/\/portalraizesnoticias.com.br\/?p=8863#primaryimage","url":"https:\/\/portalraizesnoticias.com.br\/wp-content\/uploads\/2025\/10\/IMG-20251020-WA0350.jpg","contentUrl":"https:\/\/portalraizesnoticias.com.br\/wp-content\/uploads\/2025\/10\/IMG-20251020-WA0350.jpg","width":1280,"height":720},{"@type":"BreadcrumbList","@id":"https:\/\/portalraizesnoticias.com.br\/?p=8863#breadcrumb","itemListElement":[{"@type":"ListItem","position":1,"name":"In\u00edcio","item":"https:\/\/portalraizesnoticias.com.br\/"},{"@type":"ListItem","position":2,"name":"PM recupera moto ap\u00f3s assalto em Concei\u00e7\u00e3o do Coit\u00e9"}]},{"@type":"WebSite","@id":"https:\/\/portalraizesnoticias.com.br\/#website","url":"https:\/\/portalraizesnoticias.com.br\/","name":"Portal raizes NOTICIAS","description":"site de noticias de concei\u00e7\u00e3o do coit\u00e9 e regi\u00e3o","publisher":{"@id":"https:\/\/portalraizesnoticias.com.br\/#organization"},"alternateName":"PORTAL RAIZES COIT\u00c9","potentialAction":[{"@type":"SearchAction","target":{"@type":"EntryPoint","urlTemplate":"https:\/\/portalraizesnoticias.com.br\/?s={search_term_string}"},"query-input":{"@type":"PropertyValueSpecification","valueRequired":true,"valueName":"search_term_string"}}],"inLanguage":"pt-BR"},{"@type":"Organization","@id":"https:\/\/portalraizesnoticias.com.br\/#organization","name":"Portal raizes NOTICIAS","url":"https:\/\/portalraizesnoticias.com.br\/","logo":{"@type":"ImageObject","inLanguage":"pt-BR","@id":"https:\/\/portalraizesnoticias.com.br\/#\/schema\/logo\/image\/","url":"https:\/\/portalraizesnoticias.com.br\/wp-content\/uploads\/2024\/09\/cropped-Captura-de-tela-2024-09-08-011108.png","contentUrl":"https:\/\/portalraizesnoticias.com.br\/wp-content\/uploads\/2024\/09\/cropped-Captura-de-tela-2024-09-08-011108.png","width":606,"height":173,"caption":"Portal raizes NOTICIAS"},"image":{"@id":"https:\/\/portalraizesnoticias.com.br\/#\/schema\/logo\/image\/"}},{"@type":"Person","@id":"https:\/\/portalraizesnoticias.com.br\/#\/schema\/person\/a3ca6b0fc701e78df19756c417d943ae","name":"Portal Raizes","image":{"@type":"ImageObject","inLanguage":"pt-BR","@id":"https:\/\/portalraizesnoticias.com.br\/#\/schema\/person\/image\/","url":"https:\/\/secure.gravatar.com\/avatar\/ef450d29013a3d3fba867a12a249d7b1?s=96&d=mm&r=g","contentUrl":"https:\/\/secure.gravatar.com\/avatar\/ef450d29013a3d3fba867a12a249d7b1?s=96&d=mm&r=g","caption":"Portal Raizes"},"url":"https:\/\/portalraizesnoticias.com.br\/?author=3"}]}},"_links":{"self":[{"href":"https:\/\/portalraizesnoticias.com.br\/index.php?rest_route=\/wp\/v2\/posts\/8863"}],"collection":[{"href":"https:\/\/portalraizesnoticias.com.br\/index.php?rest_route=\/wp\/v2\/posts"}],"about":[{"href":"https:\/\/portalraizesnoticias.com.br\/index.php?rest_route=\/wp\/v2\/types\/post"}],"author":[{"embeddable":true,"href":"https:\/\/portalraizesnoticias.com.br\/index.php?rest_route=\/wp\/v2\/users\/3"}],"replies":[{"embeddable":true,"href":"https:\/\/portalraizesnoticias.com.br\/index.php?rest_route=%2Fwp%2Fv2%2Fcomments&post=8863"}],"version-history":[{"count":1,"href":"https:\/\/portalraizesnoticias.com.br\/index.php?rest_route=\/wp\/v2\/posts\/8863\/revisions"}],"predecessor-version":[{"id":8864,"href":"https:\/\/portalraizesnoticias.com.br\/index.php?rest_route=\/wp\/v2\/posts\/8863\/revisions\/8864"}],"wp:featuredmedia":[{"embeddable":true,"href":"https:\/\/portalraizesnoticias.com.br\/index.php?rest_route=\/wp\/v2\/media\/8851"}],"wp:attachment":[{"href":"https:\/\/portalraizesnoticias.com.br\/index.php?rest_route=%2Fwp%2Fv2%2Fmedia&parent=8863"}],"wp:term":[{"taxonomy":"category","embeddable":true,"href":"https:\/\/portalraizesnoticias.com.br\/index.php?rest_route=%2Fwp%2Fv2%2Fcategories&post=8863"},{"taxonomy":"post_tag","embeddable":true,"href":"https:\/\/portalraizesnoticias.com.br\/index.php?rest_route=%2Fwp%2Fv2%2Ftags&post=8863"}],"curies":[{"name":"wp","href":"https:\/\/api.w.org\/{rel}","templated":true}]}}