{"id":8835,"date":"2025-10-20T12:19:48","date_gmt":"2025-10-20T15:19:48","guid":{"rendered":"https:\/\/portalraizesnoticias.com.br\/?p=8835"},"modified":"2025-10-20T13:24:42","modified_gmt":"2025-10-20T16:24:42","slug":"coite-tem-lei-homem-que-cortou-giro-em-frente-a-delegacia-e-detido-e-tera-que-responder-criminalmente-moto-foi-apreendida","status":"publish","type":"post","link":"https:\/\/portalraizesnoticias.com.br\/?p=8835","title":{"rendered":"\u201cCoit\u00e9 tem lei!\u201d Homem que \u2018cortou giro\u2019 em frente \u00e0 delegacia \u00e9 detido e ter\u00e1 que responder criminalmente; moto foi apreendida"},"content":{"rendered":"<p>A Pol\u00edcia Militar\u00a0 de Concei\u00e7\u00e3o do Coit\u00e9 apreendeu, na manh\u00e3 desta segunda-feira (20), uma motocicleta e conduziu um suspeito de \u201ccortar giro\u201d (acelerar o motor da motocicleta at\u00e9 o limite) em frente \u00e0 Delegacia Territorial de Concei\u00e7\u00e3o do Coit\u00e9.<\/p>\n<p><strong>Relembre aqui:<\/strong>\u00a0<a href=\"https:\/\/portalraizesnoticias.com.br\/video-policia-civil-busca-identificar-homem-que-cortou-giro-em-frente-a-delegacia-de-conceicao-do-coite\/\">V\u00eddeo: Pol\u00edcia Civil busca identificar homem que \u201ccortou giro\u201d em frente \u00e0 delegacia de Concei\u00e7\u00e3o do Coit\u00e9<\/a><\/p>\n<p><strong>Confira o v\u00eddeo:<\/strong><\/p>\n<div style=\"width: 464px;\" class=\"wp-video\"><!--[if lt IE 9]><script>document.createElement('video');<\/script><![endif]-->\n<video class=\"wp-video-shortcode\" id=\"video-8835-1\" width=\"464\" height=\"832\" preload=\"metadata\" controls=\"controls\"><source type=\"video\/mp4\" src=\"https:\/\/portalraizesnoticias.com.br\/wp-content\/uploads\/2025\/10\/VID-20251019-WA0394-1.mp4?_=1\" \/><a href=\"https:\/\/portalraizesnoticias.com.br\/wp-content\/uploads\/2025\/10\/VID-20251019-WA0394-1.mp4\">https:\/\/portalraizesnoticias.com.br\/wp-content\/uploads\/2025\/10\/VID-20251019-WA0394-1.mp4<\/a><\/video><\/div>\n<p>Al\u00e9m da apreens\u00e3o, o indiv\u00edduo tamb\u00e9m foi conduzido \u00e0 delegacia, onde ser\u00e1 responsabilizado por infra\u00e7\u00e3o de tr\u00e2nsito e prestar\u00e1 esclarecimentos sobre o ato de desrespeito \u00e0s autoridades. At\u00e9 o momento a identidade n\u00e3o foi divulgada!<\/p>\n<p>O Portal Ra\u00edzes apurou ainda que, ao perceber a aproxima\u00e7\u00e3o de um policial militar enquanto cometia o ato, o indiv\u00edduo fugiu do local, deixando a motocicleta ligada. O ve\u00edculo foi apreendido de imediato e, na manh\u00e3 desta segunda-feira (20), o rapaz foi localizado pela Pol\u00edcia Civil. Ele foi ouvido e liberado.<\/p>\n<p><img fetchpriority=\"high\" decoding=\"async\" class=\"size-medium wp-image-8282 aligncenter\" src=\"https:\/\/portalraizesnoticias.com.br\/wp-content\/uploads\/2025\/09\/IMG-20250917-WA0249-300x229.jpg\" alt=\"\" width=\"300\" height=\"229\" srcset=\"https:\/\/portalraizesnoticias.com.br\/wp-content\/uploads\/2025\/09\/IMG-20250917-WA0249-300x229.jpg 300w, https:\/\/portalraizesnoticias.com.br\/wp-content\/uploads\/2025\/09\/IMG-20250917-WA0249.jpg 752w\" sizes=\"(max-width: 300px) 100vw, 300px\" \/><\/p>\n<p style=\"text-align: center;\"><strong>PUBLICIDADE<\/strong><\/p>\n<p>Vale lembrar que, al\u00e9m de cortar giro em frente ao \u00f3rg\u00e3o, o rapaz, que possivelmente estava transitando pela cidade, n\u00e3o possu\u00eda os itens obrigat\u00f3rios de seguran\u00e7a e utilizava sand\u00e1lias, algo considerado irregular conforme o C\u00f3digo de Tr\u00e2nsito Brasileiro.<\/p>\n<p><img decoding=\"async\" class=\"size-medium wp-image-7771 aligncenter\" src=\"https:\/\/portalraizesnoticias.com.br\/wp-content\/uploads\/2025\/08\/IMG-20250814-WA05541-300x289.jpg\" alt=\"\" width=\"300\" height=\"289\" srcset=\"https:\/\/portalraizesnoticias.com.br\/wp-content\/uploads\/2025\/08\/IMG-20250814-WA05541-300x289.jpg 300w, https:\/\/portalraizesnoticias.com.br\/wp-content\/uploads\/2025\/08\/IMG-20250814-WA05541-1024x988.jpg 1024w, https:\/\/portalraizesnoticias.com.br\/wp-content\/uploads\/2025\/08\/IMG-20250814-WA05541-768x741.jpg 768w, https:\/\/portalraizesnoticias.com.br\/wp-content\/uploads\/2025\/08\/IMG-20250814-WA05541.jpg 1180w\" sizes=\"(max-width: 300px) 100vw, 300px\" \/><\/p>\n<p style=\"text-align: center;\"><strong>PUBLICIDADE<\/strong><\/p>\n<p>Com isso, a narra\u00e7\u00e3o do observador que afirmou que \u201cCoit\u00e9 \u00e9 uma cidade sem lei\u201d comprova o contr\u00e1rio, j\u00e1 que as a\u00e7\u00f5es da Pol\u00edcia Militar e Policia Civil demonstram o compromisso das corpora\u00e7\u00f5es com a manuten\u00e7\u00e3o da ordem e o cumprimento da lei no munic\u00edpio.<\/p>\n<p><img decoding=\"async\" class=\"size-medium wp-image-8289 aligncenter\" src=\"https:\/\/portalraizesnoticias.com.br\/wp-content\/uploads\/2025\/09\/IMG-20250918-WA0124-300x300.jpg\" alt=\"\" width=\"300\" height=\"300\" srcset=\"https:\/\/portalraizesnoticias.com.br\/wp-content\/uploads\/2025\/09\/IMG-20250918-WA0124-300x300.jpg 300w, https:\/\/portalraizesnoticias.com.br\/wp-content\/uploads\/2025\/09\/IMG-20250918-WA0124-150x150.jpg 150w, https:\/\/portalraizesnoticias.com.br\/wp-content\/uploads\/2025\/09\/IMG-20250918-WA0124-768x768.jpg 768w, https:\/\/portalraizesnoticias.com.br\/wp-content\/uploads\/2025\/09\/IMG-20250918-WA0124.jpg 1000w\" sizes=\"(max-width: 300px) 100vw, 300px\" \/><\/p>\n<p style=\"text-align: center;\"><strong>PUBLICIDADE<\/strong><\/p>\n<p>A motocicleta foi encaminhada ao p\u00e1tio veicular para as provid\u00eancias cab\u00edveis.<\/p>\n<p>Reda\u00e7\u00e3o<\/p>\n","protected":false},"excerpt":{"rendered":"<p>A Pol\u00edcia Militar\u00a0 de Concei\u00e7\u00e3o do Coit\u00e9 apreendeu, na manh\u00e3 desta segunda-feira (20), uma motocicleta e conduziu um suspeito de \u201ccortar giro\u201d (acelerar o motor da motocicleta at\u00e9 o limite) em frente \u00e0 Delegacia Territorial de Concei\u00e7\u00e3o do Coit\u00e9. Relembre aqui:\u00a0V\u00eddeo: Pol\u00edcia Civil busca identificar homem que \u201ccortou giro\u201d em frente \u00e0 delegacia de Concei\u00e7\u00e3o do Coit\u00e9 Confira o v\u00eddeo: Al\u00e9m da apreens\u00e3o, o indiv\u00edduo tamb\u00e9m foi conduzido \u00e0 delegacia, onde ser\u00e1 responsabilizado por infra\u00e7\u00e3o de tr\u00e2nsito e prestar\u00e1 esclarecimentos sobre o ato de desrespeito \u00e0s autoridades. At\u00e9 o momento a identidade n\u00e3o foi divulgada! O Portal Ra\u00edzes apurou ainda que, ao perceber a aproxima\u00e7\u00e3o de um policial militar enquanto cometia o ato, o indiv\u00edduo fugiu do local, deixando a motocicleta ligada. O ve\u00edculo foi apreendido de imediato e, na manh\u00e3 desta segunda-feira (20), o rapaz foi localizado pela Pol\u00edcia Civil. Ele foi ouvido e liberado. PUBLICIDADE Vale lembrar que, al\u00e9m de cortar giro em frente ao \u00f3rg\u00e3o, o rapaz, que possivelmente estava transitando pela cidade, n\u00e3o possu\u00eda os itens obrigat\u00f3rios de seguran\u00e7a e utilizava sand\u00e1lias, algo considerado irregular conforme o C\u00f3digo de Tr\u00e2nsito Brasileiro. PUBLICIDADE Com isso, a narra\u00e7\u00e3o do observador que afirmou que \u201cCoit\u00e9 \u00e9 uma cidade sem lei\u201d comprova o contr\u00e1rio, j\u00e1 que as a\u00e7\u00f5es da Pol\u00edcia Militar e Policia Civil demonstram o compromisso das corpora\u00e7\u00f5es com a manuten\u00e7\u00e3o da ordem e o cumprimento da lei no munic\u00edpio. PUBLICIDADE A motocicleta foi encaminhada ao p\u00e1tio veicular para as provid\u00eancias cab\u00edveis. Reda\u00e7\u00e3o<\/p>\n","protected":false},"author":3,"featured_media":8837,"comment_status":"open","ping_status":"open","sticky":false,"template":"","format":"standard","meta":{"_joinchat":[],"footnotes":""},"categories":[55,67,59],"tags":[142],"class_list":["post-8835","post","type-post","status-publish","format-standard","has-post-thumbnail","hentry","category-destaques","category-policia","category-ultimas-noticias","tag-homem"],"yoast_head":"<!-- This site is optimized with the Yoast SEO plugin v24.4 - https:\/\/yoast.com\/wordpress\/plugins\/seo\/ -->\n<title>\u201cCoit\u00e9 tem lei!\u201d Homem que \u2018cortou giro\u2019 em frente \u00e0 delegacia \u00e9 detido e ter\u00e1 que responder criminalmente; moto foi apreendida - Portal raizes noticias<\/title>\n<meta name=\"robots\" content=\"index, follow, max-snippet:-1, max-image-preview:large, max-video-preview:-1\" \/>\n<link rel=\"canonical\" href=\"https:\/\/portalraizesnoticias.com.br\/?p=8835\" \/>\n<meta property=\"og:locale\" content=\"pt_BR\" \/>\n<meta property=\"og:type\" content=\"article\" \/>\n<meta property=\"og:title\" content=\"\u201cCoit\u00e9 tem lei!\u201d Homem que \u2018cortou giro\u2019 em frente \u00e0 delegacia \u00e9 detido e ter\u00e1 que responder criminalmente; moto foi apreendida - Portal raizes noticias\" \/>\n<meta property=\"og:description\" content=\"A Pol\u00edcia Militar\u00a0 de Concei\u00e7\u00e3o do Coit\u00e9 apreendeu, na manh\u00e3 desta segunda-feira (20), uma motocicleta e conduziu um suspeito de \u201ccortar giro\u201d (acelerar o motor da motocicleta at\u00e9 o limite) em frente \u00e0 Delegacia Territorial de Concei\u00e7\u00e3o do Coit\u00e9. Relembre aqui:\u00a0V\u00eddeo: Pol\u00edcia Civil busca identificar homem que \u201ccortou giro\u201d em frente \u00e0 delegacia de Concei\u00e7\u00e3o do Coit\u00e9 Confira o v\u00eddeo: Al\u00e9m da apreens\u00e3o, o indiv\u00edduo tamb\u00e9m foi conduzido \u00e0 delegacia, onde ser\u00e1 responsabilizado por infra\u00e7\u00e3o de tr\u00e2nsito e prestar\u00e1 esclarecimentos sobre o ato de desrespeito \u00e0s autoridades. At\u00e9 o momento a identidade n\u00e3o foi divulgada! O Portal Ra\u00edzes apurou ainda que, ao perceber a aproxima\u00e7\u00e3o de um policial militar enquanto cometia o ato, o indiv\u00edduo fugiu do local, deixando a motocicleta ligada. O ve\u00edculo foi apreendido de imediato e, na manh\u00e3 desta segunda-feira (20), o rapaz foi localizado pela Pol\u00edcia Civil. Ele foi ouvido e liberado. PUBLICIDADE Vale lembrar que, al\u00e9m de cortar giro em frente ao \u00f3rg\u00e3o, o rapaz, que possivelmente estava transitando pela cidade, n\u00e3o possu\u00eda os itens obrigat\u00f3rios de seguran\u00e7a e utilizava sand\u00e1lias, algo considerado irregular conforme o C\u00f3digo de Tr\u00e2nsito Brasileiro. PUBLICIDADE Com isso, a narra\u00e7\u00e3o do observador que afirmou que \u201cCoit\u00e9 \u00e9 uma cidade sem lei\u201d comprova o contr\u00e1rio, j\u00e1 que as a\u00e7\u00f5es da Pol\u00edcia Militar e Policia Civil demonstram o compromisso das corpora\u00e7\u00f5es com a manuten\u00e7\u00e3o da ordem e o cumprimento da lei no munic\u00edpio. PUBLICIDADE A motocicleta foi encaminhada ao p\u00e1tio veicular para as provid\u00eancias cab\u00edveis. Reda\u00e7\u00e3o\" \/>\n<meta property=\"og:url\" content=\"https:\/\/portalraizesnoticias.com.br\/?p=8835\" \/>\n<meta property=\"og:site_name\" content=\"Portal raizes noticias\" \/>\n<meta property=\"article:published_time\" content=\"2025-10-20T15:19:48+00:00\" \/>\n<meta property=\"article:modified_time\" content=\"2025-10-20T16:24:42+00:00\" \/>\n<meta property=\"og:image\" content=\"https:\/\/portalraizesnoticias.com.br\/wp-content\/uploads\/2025\/10\/IMG-20251020-WA0156.jpg\" \/>\n\t<meta property=\"og:image:width\" content=\"1080\" \/>\n\t<meta property=\"og:image:height\" content=\"964\" \/>\n\t<meta property=\"og:image:type\" content=\"image\/jpeg\" \/>\n<meta name=\"author\" content=\"Portal Raizes\" \/>\n<meta name=\"twitter:card\" content=\"summary_large_image\" \/>\n<meta name=\"twitter:label1\" content=\"Escrito por\" \/>\n\t<meta name=\"twitter:data1\" content=\"Portal Raizes\" \/>\n\t<meta name=\"twitter:label2\" content=\"Est. tempo de leitura\" \/>\n\t<meta name=\"twitter:data2\" content=\"3 minutos\" \/>\n<script type=\"application\/ld+json\" class=\"yoast-schema-graph\">{\"@context\":\"https:\/\/schema.org\",\"@graph\":[{\"@type\":\"Article\",\"@id\":\"https:\/\/portalraizesnoticias.com.br\/?p=8835#article\",\"isPartOf\":{\"@id\":\"https:\/\/portalraizesnoticias.com.br\/?p=8835\"},\"author\":{\"name\":\"Portal Raizes\",\"@id\":\"https:\/\/portalraizesnoticias.com.br\/#\/schema\/person\/a3ca6b0fc701e78df19756c417d943ae\"},\"headline\":\"\u201cCoit\u00e9 tem lei!\u201d Homem que \u2018cortou giro\u2019 em frente \u00e0 delegacia \u00e9 detido e ter\u00e1 que responder criminalmente; moto foi apreendida\",\"datePublished\":\"2025-10-20T15:19:48+00:00\",\"dateModified\":\"2025-10-20T16:24:42+00:00\",\"mainEntityOfPage\":{\"@id\":\"https:\/\/portalraizesnoticias.com.br\/?p=8835\"},\"wordCount\":312,\"commentCount\":0,\"publisher\":{\"@id\":\"https:\/\/portalraizesnoticias.com.br\/#organization\"},\"image\":{\"@id\":\"https:\/\/portalraizesnoticias.com.br\/?p=8835#primaryimage\"},\"thumbnailUrl\":\"https:\/\/portalraizesnoticias.com.br\/wp-content\/uploads\/2025\/10\/IMG-20251020-WA0156.jpg\",\"keywords\":[\"Homem\"],\"articleSection\":[\"DESTAQUES\",\"POLICIA\",\"ULTIMAS NOTICIAS\"],\"inLanguage\":\"pt-BR\",\"potentialAction\":[{\"@type\":\"CommentAction\",\"name\":\"Comment\",\"target\":[\"https:\/\/portalraizesnoticias.com.br\/?p=8835#respond\"]}]},{\"@type\":\"WebPage\",\"@id\":\"https:\/\/portalraizesnoticias.com.br\/?p=8835\",\"url\":\"https:\/\/portalraizesnoticias.com.br\/?p=8835\",\"name\":\"\u201cCoit\u00e9 tem lei!\u201d Homem que \u2018cortou giro\u2019 em frente \u00e0 delegacia \u00e9 detido e ter\u00e1 que responder criminalmente; moto foi apreendida - Portal raizes noticias\",\"isPartOf\":{\"@id\":\"https:\/\/portalraizesnoticias.com.br\/#website\"},\"primaryImageOfPage\":{\"@id\":\"https:\/\/portalraizesnoticias.com.br\/?p=8835#primaryimage\"},\"image\":{\"@id\":\"https:\/\/portalraizesnoticias.com.br\/?p=8835#primaryimage\"},\"thumbnailUrl\":\"https:\/\/portalraizesnoticias.com.br\/wp-content\/uploads\/2025\/10\/IMG-20251020-WA0156.jpg\",\"datePublished\":\"2025-10-20T15:19:48+00:00\",\"dateModified\":\"2025-10-20T16:24:42+00:00\",\"breadcrumb\":{\"@id\":\"https:\/\/portalraizesnoticias.com.br\/?p=8835#breadcrumb\"},\"inLanguage\":\"pt-BR\",\"potentialAction\":[{\"@type\":\"ReadAction\",\"target\":[\"https:\/\/portalraizesnoticias.com.br\/?p=8835\"]}]},{\"@type\":\"ImageObject\",\"inLanguage\":\"pt-BR\",\"@id\":\"https:\/\/portalraizesnoticias.com.br\/?p=8835#primaryimage\",\"url\":\"https:\/\/portalraizesnoticias.com.br\/wp-content\/uploads\/2025\/10\/IMG-20251020-WA0156.jpg\",\"contentUrl\":\"https:\/\/portalraizesnoticias.com.br\/wp-content\/uploads\/2025\/10\/IMG-20251020-WA0156.jpg\",\"width\":1080,\"height\":964},{\"@type\":\"BreadcrumbList\",\"@id\":\"https:\/\/portalraizesnoticias.com.br\/?p=8835#breadcrumb\",\"itemListElement\":[{\"@type\":\"ListItem\",\"position\":1,\"name\":\"In\u00edcio\",\"item\":\"https:\/\/portalraizesnoticias.com.br\/\"},{\"@type\":\"ListItem\",\"position\":2,\"name\":\"\u201cCoit\u00e9 tem lei!\u201d Homem que \u2018cortou giro\u2019 em frente \u00e0 delegacia \u00e9 detido e ter\u00e1 que responder criminalmente; moto foi apreendida\"}]},{\"@type\":\"WebSite\",\"@id\":\"https:\/\/portalraizesnoticias.com.br\/#website\",\"url\":\"https:\/\/portalraizesnoticias.com.br\/\",\"name\":\"Portal raizes NOTICIAS\",\"description\":\"site de noticias de concei\u00e7\u00e3o do coit\u00e9 e regi\u00e3o\",\"publisher\":{\"@id\":\"https:\/\/portalraizesnoticias.com.br\/#organization\"},\"alternateName\":\"PORTAL RAIZES COIT\u00c9\",\"potentialAction\":[{\"@type\":\"SearchAction\",\"target\":{\"@type\":\"EntryPoint\",\"urlTemplate\":\"https:\/\/portalraizesnoticias.com.br\/?s={search_term_string}\"},\"query-input\":{\"@type\":\"PropertyValueSpecification\",\"valueRequired\":true,\"valueName\":\"search_term_string\"}}],\"inLanguage\":\"pt-BR\"},{\"@type\":\"Organization\",\"@id\":\"https:\/\/portalraizesnoticias.com.br\/#organization\",\"name\":\"Portal raizes NOTICIAS\",\"url\":\"https:\/\/portalraizesnoticias.com.br\/\",\"logo\":{\"@type\":\"ImageObject\",\"inLanguage\":\"pt-BR\",\"@id\":\"https:\/\/portalraizesnoticias.com.br\/#\/schema\/logo\/image\/\",\"url\":\"https:\/\/portalraizesnoticias.com.br\/wp-content\/uploads\/2024\/09\/cropped-Captura-de-tela-2024-09-08-011108.png\",\"contentUrl\":\"https:\/\/portalraizesnoticias.com.br\/wp-content\/uploads\/2024\/09\/cropped-Captura-de-tela-2024-09-08-011108.png\",\"width\":606,\"height\":173,\"caption\":\"Portal raizes NOTICIAS\"},\"image\":{\"@id\":\"https:\/\/portalraizesnoticias.com.br\/#\/schema\/logo\/image\/\"}},{\"@type\":\"Person\",\"@id\":\"https:\/\/portalraizesnoticias.com.br\/#\/schema\/person\/a3ca6b0fc701e78df19756c417d943ae\",\"name\":\"Portal Raizes\",\"image\":{\"@type\":\"ImageObject\",\"inLanguage\":\"pt-BR\",\"@id\":\"https:\/\/portalraizesnoticias.com.br\/#\/schema\/person\/image\/\",\"url\":\"https:\/\/secure.gravatar.com\/avatar\/ef450d29013a3d3fba867a12a249d7b1?s=96&d=mm&r=g\",\"contentUrl\":\"https:\/\/secure.gravatar.com\/avatar\/ef450d29013a3d3fba867a12a249d7b1?s=96&d=mm&r=g\",\"caption\":\"Portal Raizes\"},\"url\":\"https:\/\/portalraizesnoticias.com.br\/?author=3\"}]}<\/script>\n<!-- \/ Yoast SEO plugin. -->","yoast_head_json":{"title":"\u201cCoit\u00e9 tem lei!\u201d Homem que \u2018cortou giro\u2019 em frente \u00e0 delegacia \u00e9 detido e ter\u00e1 que responder criminalmente; moto foi apreendida - Portal raizes noticias","robots":{"index":"index","follow":"follow","max-snippet":"max-snippet:-1","max-image-preview":"max-image-preview:large","max-video-preview":"max-video-preview:-1"},"canonical":"https:\/\/portalraizesnoticias.com.br\/?p=8835","og_locale":"pt_BR","og_type":"article","og_title":"\u201cCoit\u00e9 tem lei!\u201d Homem que \u2018cortou giro\u2019 em frente \u00e0 delegacia \u00e9 detido e ter\u00e1 que responder criminalmente; moto foi apreendida - Portal raizes noticias","og_description":"A Pol\u00edcia Militar\u00a0 de Concei\u00e7\u00e3o do Coit\u00e9 apreendeu, na manh\u00e3 desta segunda-feira (20), uma motocicleta e conduziu um suspeito de \u201ccortar giro\u201d (acelerar o motor da motocicleta at\u00e9 o limite) em frente \u00e0 Delegacia Territorial de Concei\u00e7\u00e3o do Coit\u00e9. Relembre aqui:\u00a0V\u00eddeo: Pol\u00edcia Civil busca identificar homem que \u201ccortou giro\u201d em frente \u00e0 delegacia de Concei\u00e7\u00e3o do Coit\u00e9 Confira o v\u00eddeo: Al\u00e9m da apreens\u00e3o, o indiv\u00edduo tamb\u00e9m foi conduzido \u00e0 delegacia, onde ser\u00e1 responsabilizado por infra\u00e7\u00e3o de tr\u00e2nsito e prestar\u00e1 esclarecimentos sobre o ato de desrespeito \u00e0s autoridades. At\u00e9 o momento a identidade n\u00e3o foi divulgada! O Portal Ra\u00edzes apurou ainda que, ao perceber a aproxima\u00e7\u00e3o de um policial militar enquanto cometia o ato, o indiv\u00edduo fugiu do local, deixando a motocicleta ligada. O ve\u00edculo foi apreendido de imediato e, na manh\u00e3 desta segunda-feira (20), o rapaz foi localizado pela Pol\u00edcia Civil. Ele foi ouvido e liberado. PUBLICIDADE Vale lembrar que, al\u00e9m de cortar giro em frente ao \u00f3rg\u00e3o, o rapaz, que possivelmente estava transitando pela cidade, n\u00e3o possu\u00eda os itens obrigat\u00f3rios de seguran\u00e7a e utilizava sand\u00e1lias, algo considerado irregular conforme o C\u00f3digo de Tr\u00e2nsito Brasileiro. PUBLICIDADE Com isso, a narra\u00e7\u00e3o do observador que afirmou que \u201cCoit\u00e9 \u00e9 uma cidade sem lei\u201d comprova o contr\u00e1rio, j\u00e1 que as a\u00e7\u00f5es da Pol\u00edcia Militar e Policia Civil demonstram o compromisso das corpora\u00e7\u00f5es com a manuten\u00e7\u00e3o da ordem e o cumprimento da lei no munic\u00edpio. PUBLICIDADE A motocicleta foi encaminhada ao p\u00e1tio veicular para as provid\u00eancias cab\u00edveis. Reda\u00e7\u00e3o","og_url":"https:\/\/portalraizesnoticias.com.br\/?p=8835","og_site_name":"Portal raizes noticias","article_published_time":"2025-10-20T15:19:48+00:00","article_modified_time":"2025-10-20T16:24:42+00:00","og_image":[{"width":1080,"height":964,"url":"https:\/\/portalraizesnoticias.com.br\/wp-content\/uploads\/2025\/10\/IMG-20251020-WA0156.jpg","type":"image\/jpeg"}],"author":"Portal Raizes","twitter_card":"summary_large_image","twitter_misc":{"Escrito por":"Portal Raizes","Est. tempo de leitura":"3 minutos"},"schema":{"@context":"https:\/\/schema.org","@graph":[{"@type":"Article","@id":"https:\/\/portalraizesnoticias.com.br\/?p=8835#article","isPartOf":{"@id":"https:\/\/portalraizesnoticias.com.br\/?p=8835"},"author":{"name":"Portal Raizes","@id":"https:\/\/portalraizesnoticias.com.br\/#\/schema\/person\/a3ca6b0fc701e78df19756c417d943ae"},"headline":"\u201cCoit\u00e9 tem lei!\u201d Homem que \u2018cortou giro\u2019 em frente \u00e0 delegacia \u00e9 detido e ter\u00e1 que responder criminalmente; moto foi apreendida","datePublished":"2025-10-20T15:19:48+00:00","dateModified":"2025-10-20T16:24:42+00:00","mainEntityOfPage":{"@id":"https:\/\/portalraizesnoticias.com.br\/?p=8835"},"wordCount":312,"commentCount":0,"publisher":{"@id":"https:\/\/portalraizesnoticias.com.br\/#organization"},"image":{"@id":"https:\/\/portalraizesnoticias.com.br\/?p=8835#primaryimage"},"thumbnailUrl":"https:\/\/portalraizesnoticias.com.br\/wp-content\/uploads\/2025\/10\/IMG-20251020-WA0156.jpg","keywords":["Homem"],"articleSection":["DESTAQUES","POLICIA","ULTIMAS NOTICIAS"],"inLanguage":"pt-BR","potentialAction":[{"@type":"CommentAction","name":"Comment","target":["https:\/\/portalraizesnoticias.com.br\/?p=8835#respond"]}]},{"@type":"WebPage","@id":"https:\/\/portalraizesnoticias.com.br\/?p=8835","url":"https:\/\/portalraizesnoticias.com.br\/?p=8835","name":"\u201cCoit\u00e9 tem lei!\u201d Homem que \u2018cortou giro\u2019 em frente \u00e0 delegacia \u00e9 detido e ter\u00e1 que responder criminalmente; moto foi apreendida - Portal raizes noticias","isPartOf":{"@id":"https:\/\/portalraizesnoticias.com.br\/#website"},"primaryImageOfPage":{"@id":"https:\/\/portalraizesnoticias.com.br\/?p=8835#primaryimage"},"image":{"@id":"https:\/\/portalraizesnoticias.com.br\/?p=8835#primaryimage"},"thumbnailUrl":"https:\/\/portalraizesnoticias.com.br\/wp-content\/uploads\/2025\/10\/IMG-20251020-WA0156.jpg","datePublished":"2025-10-20T15:19:48+00:00","dateModified":"2025-10-20T16:24:42+00:00","breadcrumb":{"@id":"https:\/\/portalraizesnoticias.com.br\/?p=8835#breadcrumb"},"inLanguage":"pt-BR","potentialAction":[{"@type":"ReadAction","target":["https:\/\/portalraizesnoticias.com.br\/?p=8835"]}]},{"@type":"ImageObject","inLanguage":"pt-BR","@id":"https:\/\/portalraizesnoticias.com.br\/?p=8835#primaryimage","url":"https:\/\/portalraizesnoticias.com.br\/wp-content\/uploads\/2025\/10\/IMG-20251020-WA0156.jpg","contentUrl":"https:\/\/portalraizesnoticias.com.br\/wp-content\/uploads\/2025\/10\/IMG-20251020-WA0156.jpg","width":1080,"height":964},{"@type":"BreadcrumbList","@id":"https:\/\/portalraizesnoticias.com.br\/?p=8835#breadcrumb","itemListElement":[{"@type":"ListItem","position":1,"name":"In\u00edcio","item":"https:\/\/portalraizesnoticias.com.br\/"},{"@type":"ListItem","position":2,"name":"\u201cCoit\u00e9 tem lei!\u201d Homem que \u2018cortou giro\u2019 em frente \u00e0 delegacia \u00e9 detido e ter\u00e1 que responder criminalmente; moto foi apreendida"}]},{"@type":"WebSite","@id":"https:\/\/portalraizesnoticias.com.br\/#website","url":"https:\/\/portalraizesnoticias.com.br\/","name":"Portal raizes NOTICIAS","description":"site de noticias de concei\u00e7\u00e3o do coit\u00e9 e regi\u00e3o","publisher":{"@id":"https:\/\/portalraizesnoticias.com.br\/#organization"},"alternateName":"PORTAL RAIZES COIT\u00c9","potentialAction":[{"@type":"SearchAction","target":{"@type":"EntryPoint","urlTemplate":"https:\/\/portalraizesnoticias.com.br\/?s={search_term_string}"},"query-input":{"@type":"PropertyValueSpecification","valueRequired":true,"valueName":"search_term_string"}}],"inLanguage":"pt-BR"},{"@type":"Organization","@id":"https:\/\/portalraizesnoticias.com.br\/#organization","name":"Portal raizes NOTICIAS","url":"https:\/\/portalraizesnoticias.com.br\/","logo":{"@type":"ImageObject","inLanguage":"pt-BR","@id":"https:\/\/portalraizesnoticias.com.br\/#\/schema\/logo\/image\/","url":"https:\/\/portalraizesnoticias.com.br\/wp-content\/uploads\/2024\/09\/cropped-Captura-de-tela-2024-09-08-011108.png","contentUrl":"https:\/\/portalraizesnoticias.com.br\/wp-content\/uploads\/2024\/09\/cropped-Captura-de-tela-2024-09-08-011108.png","width":606,"height":173,"caption":"Portal raizes NOTICIAS"},"image":{"@id":"https:\/\/portalraizesnoticias.com.br\/#\/schema\/logo\/image\/"}},{"@type":"Person","@id":"https:\/\/portalraizesnoticias.com.br\/#\/schema\/person\/a3ca6b0fc701e78df19756c417d943ae","name":"Portal Raizes","image":{"@type":"ImageObject","inLanguage":"pt-BR","@id":"https:\/\/portalraizesnoticias.com.br\/#\/schema\/person\/image\/","url":"https:\/\/secure.gravatar.com\/avatar\/ef450d29013a3d3fba867a12a249d7b1?s=96&d=mm&r=g","contentUrl":"https:\/\/secure.gravatar.com\/avatar\/ef450d29013a3d3fba867a12a249d7b1?s=96&d=mm&r=g","caption":"Portal Raizes"},"url":"https:\/\/portalraizesnoticias.com.br\/?author=3"}]}},"_links":{"self":[{"href":"https:\/\/portalraizesnoticias.com.br\/index.php?rest_route=\/wp\/v2\/posts\/8835"}],"collection":[{"href":"https:\/\/portalraizesnoticias.com.br\/index.php?rest_route=\/wp\/v2\/posts"}],"about":[{"href":"https:\/\/portalraizesnoticias.com.br\/index.php?rest_route=\/wp\/v2\/types\/post"}],"author":[{"embeddable":true,"href":"https:\/\/portalraizesnoticias.com.br\/index.php?rest_route=\/wp\/v2\/users\/3"}],"replies":[{"embeddable":true,"href":"https:\/\/portalraizesnoticias.com.br\/index.php?rest_route=%2Fwp%2Fv2%2Fcomments&post=8835"}],"version-history":[{"count":6,"href":"https:\/\/portalraizesnoticias.com.br\/index.php?rest_route=\/wp\/v2\/posts\/8835\/revisions"}],"predecessor-version":[{"id":8844,"href":"https:\/\/portalraizesnoticias.com.br\/index.php?rest_route=\/wp\/v2\/posts\/8835\/revisions\/8844"}],"wp:featuredmedia":[{"embeddable":true,"href":"https:\/\/portalraizesnoticias.com.br\/index.php?rest_route=\/wp\/v2\/media\/8837"}],"wp:attachment":[{"href":"https:\/\/portalraizesnoticias.com.br\/index.php?rest_route=%2Fwp%2Fv2%2Fmedia&parent=8835"}],"wp:term":[{"taxonomy":"category","embeddable":true,"href":"https:\/\/portalraizesnoticias.com.br\/index.php?rest_route=%2Fwp%2Fv2%2Fcategories&post=8835"},{"taxonomy":"post_tag","embeddable":true,"href":"https:\/\/portalraizesnoticias.com.br\/index.php?rest_route=%2Fwp%2Fv2%2Ftags&post=8835"}],"curies":[{"name":"wp","href":"https:\/\/api.w.org\/{rel}","templated":true}]}}