{"id":8832,"date":"2025-10-19T21:37:13","date_gmt":"2025-10-20T00:37:13","guid":{"rendered":"https:\/\/portalraizesnoticias.com.br\/?p=8832"},"modified":"2025-10-19T21:37:13","modified_gmt":"2025-10-20T00:37:13","slug":"coite-pm-apreende-motos-irregulares-no-distrito-de-salgadalia-um-condutor-fugiu-para-o-matagal","status":"publish","type":"post","link":"https:\/\/portalraizesnoticias.com.br\/?p=8832","title":{"rendered":"Coit\u00e9: PM apreende motos irregulares no distrito de Salgad\u00e1lia; um condutor fugiu para o matagal!"},"content":{"rendered":"<p>Policiais militares da 4\u00b0 CIA apreenderam neste domingo (19), duas motocicletas durante a\u00e7\u00f5es de patrulhamento realizadas no distrito de Salgad\u00e1lia, zona rural de Concei\u00e7\u00e3o do Coit\u00e9.\u00a0<\/p>\n<p><img fetchpriority=\"high\" decoding=\"async\" class=\"size-medium wp-image-7771 aligncenter\" src=\"https:\/\/portalraizesnoticias.com.br\/wp-content\/uploads\/2025\/08\/IMG-20250814-WA05541-300x289.jpg\" alt=\"\" width=\"300\" height=\"289\" srcset=\"https:\/\/portalraizesnoticias.com.br\/wp-content\/uploads\/2025\/08\/IMG-20250814-WA05541-300x289.jpg 300w, https:\/\/portalraizesnoticias.com.br\/wp-content\/uploads\/2025\/08\/IMG-20250814-WA05541-1024x988.jpg 1024w, https:\/\/portalraizesnoticias.com.br\/wp-content\/uploads\/2025\/08\/IMG-20250814-WA05541-768x741.jpg 768w, https:\/\/portalraizesnoticias.com.br\/wp-content\/uploads\/2025\/08\/IMG-20250814-WA05541.jpg 1180w\" sizes=\"(max-width: 300px) 100vw, 300px\" \/><\/p>\n<p style=\"text-align: center;\"><strong>PUBLICIDADE<\/strong>\u00a0<\/p>\n<p>Segundo informa\u00e7\u00f5es apuradas pelo Portal Raizes, as ocorr\u00eancias envolveram infra\u00e7\u00f5es de tr\u00e2nsito e dire\u00e7\u00e3o perigosa.<\/p>\n<p>\u00a0<\/p>\n<p>Por volta das 12h15, na Rua S\u00e3o Jos\u00e9, nas proximidades de uma gr\u00e1fica, os policiais flagraram um homem conduzindo uma motocicleta Honda\/CG, sem os equipamentos obrigat\u00f3rios previstos pelo C\u00f3digo de Tr\u00e2nsito Brasileiro (CTB).<\/p>\n<p><img decoding=\"async\" class=\"size-medium wp-image-8006 aligncenter\" src=\"https:\/\/portalraizesnoticias.com.br\/wp-content\/uploads\/2025\/09\/IMG-20250902-WA0020-300x296.jpg\" alt=\"\" width=\"300\" height=\"296\" srcset=\"https:\/\/portalraizesnoticias.com.br\/wp-content\/uploads\/2025\/09\/IMG-20250902-WA0020-300x296.jpg 300w, https:\/\/portalraizesnoticias.com.br\/wp-content\/uploads\/2025\/09\/IMG-20250902-WA0020-1024x1009.jpg 1024w, https:\/\/portalraizesnoticias.com.br\/wp-content\/uploads\/2025\/09\/IMG-20250902-WA0020-768x757.jpg 768w, https:\/\/portalraizesnoticias.com.br\/wp-content\/uploads\/2025\/09\/IMG-20250902-WA0020.jpg 1080w\" sizes=\"(max-width: 300px) 100vw, 300px\" \/><\/p>\n<p style=\"text-align: center;\">PUBLICIDADE\u00a0<\/p>\n<p>O condutor de 36 anos, informou a guarni\u00e7\u00e3o que possui registro no RENACH (Registro Nacional de Condutores Habilitados).\u00a0<\/p>\n<p>O ve\u00edculo foi apreendido e encaminhado ao p\u00e1tio do Pelot\u00e3o de Salgad\u00e1lia, onde ser\u00e3o adotadas as medidas cab\u00edveis.<\/p>\n<p><img decoding=\"async\" class=\"size-medium wp-image-6103 aligncenter\" src=\"https:\/\/portalraizesnoticias.com.br\/wp-content\/uploads\/2025\/04\/IMG-20250426-WA0417-300x300.jpg\" alt=\"\" width=\"300\" height=\"300\" srcset=\"https:\/\/portalraizesnoticias.com.br\/wp-content\/uploads\/2025\/04\/IMG-20250426-WA0417-300x300.jpg 300w, https:\/\/portalraizesnoticias.com.br\/wp-content\/uploads\/2025\/04\/IMG-20250426-WA0417-1024x1024.jpg 1024w, https:\/\/portalraizesnoticias.com.br\/wp-content\/uploads\/2025\/04\/IMG-20250426-WA0417-150x150.jpg 150w, https:\/\/portalraizesnoticias.com.br\/wp-content\/uploads\/2025\/04\/IMG-20250426-WA0417-768x768.jpg 768w, https:\/\/portalraizesnoticias.com.br\/wp-content\/uploads\/2025\/04\/IMG-20250426-WA0417.jpg 1080w\" sizes=\"(max-width: 300px) 100vw, 300px\" \/><\/p>\n<p style=\"text-align: center;\"><strong>PUBLICIDADE<\/strong>\u00a0<\/p>\n<p>\u00a0<\/p>\n<p><strong>Segunda ocorr\u00eancia\u00a0<\/strong><\/p>\n<p>J\u00e1 por volta das 14h16, tamb\u00e9m em Salgad\u00e1lia, nas imedia\u00e7\u00f5es de uma lanchonete, a guarni\u00e7\u00e3o flagrou outro motociclista transitando na contram\u00e3o de dire\u00e7\u00e3o e sem capacete, al\u00e9m de estar sem placa traseira e com o n\u00famero do motor suprimido.<\/p>\n<p>\u00a0<\/p>\n<p>Segundo a PM, o condutor n\u00e3o obedeceu \u00e0 ordem de parada e fugiu, abandonando o ve\u00edculo pr\u00f3ximo ao tanque da antiga esta\u00e7\u00e3o ferrovi\u00e1ria. Ap\u00f3s verifica\u00e7\u00e3o, foi constatado que a moto, uma Yamaha preta, com chassi que n\u00e3o consta registro no sistema.<\/p>\n<p>\u00a0<\/p>\n<p>Ambos os ve\u00edculos foram recolhidos ao p\u00e1tio do Pelot\u00e3o de Salgad\u00e1lia para as medidas legais.<\/p>\n","protected":false},"excerpt":{"rendered":"<p>Policiais militares da 4\u00b0 CIA apreenderam neste domingo (19), duas motocicletas durante a\u00e7\u00f5es de patrulhamento realizadas no distrito de Salgad\u00e1lia, zona rural de Concei\u00e7\u00e3o do Coit\u00e9.\u00a0 PUBLICIDADE\u00a0 Segundo informa\u00e7\u00f5es apuradas pelo Portal Raizes, as ocorr\u00eancias envolveram infra\u00e7\u00f5es de tr\u00e2nsito e dire\u00e7\u00e3o perigosa. \u00a0 Por volta das 12h15, na Rua S\u00e3o Jos\u00e9, nas proximidades de uma gr\u00e1fica, os policiais flagraram um homem conduzindo uma motocicleta Honda\/CG, sem os equipamentos obrigat\u00f3rios previstos pelo C\u00f3digo de Tr\u00e2nsito Brasileiro (CTB). PUBLICIDADE\u00a0 O condutor de 36 anos, informou a guarni\u00e7\u00e3o que possui registro no RENACH (Registro Nacional de Condutores Habilitados).\u00a0 O ve\u00edculo foi apreendido e encaminhado ao p\u00e1tio do Pelot\u00e3o de Salgad\u00e1lia, onde ser\u00e3o adotadas as medidas cab\u00edveis. PUBLICIDADE\u00a0 \u00a0 Segunda ocorr\u00eancia\u00a0 J\u00e1 por volta das 14h16, tamb\u00e9m em Salgad\u00e1lia, nas imedia\u00e7\u00f5es de uma lanchonete, a guarni\u00e7\u00e3o flagrou outro motociclista transitando na contram\u00e3o de dire\u00e7\u00e3o e sem capacete, al\u00e9m de estar sem placa traseira e com o n\u00famero do motor suprimido. \u00a0 Segundo a PM, o condutor n\u00e3o obedeceu \u00e0 ordem de parada e fugiu, abandonando o ve\u00edculo pr\u00f3ximo ao tanque da antiga esta\u00e7\u00e3o ferrovi\u00e1ria. Ap\u00f3s verifica\u00e7\u00e3o, foi constatado que a moto, uma Yamaha preta, com chassi que n\u00e3o consta registro no sistema. \u00a0 Ambos os ve\u00edculos foram recolhidos ao p\u00e1tio do Pelot\u00e3o de Salgad\u00e1lia para as medidas legais.<\/p>\n","protected":false},"author":3,"featured_media":8833,"comment_status":"open","ping_status":"open","sticky":false,"template":"","format":"standard","meta":{"_joinchat":[],"footnotes":""},"categories":[55,67,59],"tags":[],"class_list":["post-8832","post","type-post","status-publish","format-standard","has-post-thumbnail","hentry","category-destaques","category-policia","category-ultimas-noticias"],"yoast_head":"<!-- This site is optimized with the Yoast SEO plugin v24.4 - https:\/\/yoast.com\/wordpress\/plugins\/seo\/ -->\n<title>Coit\u00e9: PM apreende motos irregulares no distrito de Salgad\u00e1lia; um condutor fugiu para o matagal! - Portal raizes noticias<\/title>\n<meta name=\"robots\" content=\"index, follow, max-snippet:-1, max-image-preview:large, max-video-preview:-1\" \/>\n<link rel=\"canonical\" href=\"https:\/\/portalraizesnoticias.com.br\/?p=8832\" \/>\n<meta property=\"og:locale\" content=\"pt_BR\" \/>\n<meta property=\"og:type\" content=\"article\" \/>\n<meta property=\"og:title\" content=\"Coit\u00e9: PM apreende motos irregulares no distrito de Salgad\u00e1lia; um condutor fugiu para o matagal! - Portal raizes noticias\" \/>\n<meta property=\"og:description\" content=\"Policiais militares da 4\u00b0 CIA apreenderam neste domingo (19), duas motocicletas durante a\u00e7\u00f5es de patrulhamento realizadas no distrito de Salgad\u00e1lia, zona rural de Concei\u00e7\u00e3o do Coit\u00e9.\u00a0 PUBLICIDADE\u00a0 Segundo informa\u00e7\u00f5es apuradas pelo Portal Raizes, as ocorr\u00eancias envolveram infra\u00e7\u00f5es de tr\u00e2nsito e dire\u00e7\u00e3o perigosa. \u00a0 Por volta das 12h15, na Rua S\u00e3o Jos\u00e9, nas proximidades de uma gr\u00e1fica, os policiais flagraram um homem conduzindo uma motocicleta Honda\/CG, sem os equipamentos obrigat\u00f3rios previstos pelo C\u00f3digo de Tr\u00e2nsito Brasileiro (CTB). PUBLICIDADE\u00a0 O condutor de 36 anos, informou a guarni\u00e7\u00e3o que possui registro no RENACH (Registro Nacional de Condutores Habilitados).\u00a0 O ve\u00edculo foi apreendido e encaminhado ao p\u00e1tio do Pelot\u00e3o de Salgad\u00e1lia, onde ser\u00e3o adotadas as medidas cab\u00edveis. PUBLICIDADE\u00a0 \u00a0 Segunda ocorr\u00eancia\u00a0 J\u00e1 por volta das 14h16, tamb\u00e9m em Salgad\u00e1lia, nas imedia\u00e7\u00f5es de uma lanchonete, a guarni\u00e7\u00e3o flagrou outro motociclista transitando na contram\u00e3o de dire\u00e7\u00e3o e sem capacete, al\u00e9m de estar sem placa traseira e com o n\u00famero do motor suprimido. \u00a0 Segundo a PM, o condutor n\u00e3o obedeceu \u00e0 ordem de parada e fugiu, abandonando o ve\u00edculo pr\u00f3ximo ao tanque da antiga esta\u00e7\u00e3o ferrovi\u00e1ria. Ap\u00f3s verifica\u00e7\u00e3o, foi constatado que a moto, uma Yamaha preta, com chassi que n\u00e3o consta registro no sistema. \u00a0 Ambos os ve\u00edculos foram recolhidos ao p\u00e1tio do Pelot\u00e3o de Salgad\u00e1lia para as medidas legais.\" \/>\n<meta property=\"og:url\" content=\"https:\/\/portalraizesnoticias.com.br\/?p=8832\" \/>\n<meta property=\"og:site_name\" content=\"Portal raizes noticias\" \/>\n<meta property=\"article:published_time\" content=\"2025-10-20T00:37:13+00:00\" \/>\n<meta property=\"og:image\" content=\"https:\/\/portalraizesnoticias.com.br\/wp-content\/uploads\/2025\/10\/IMG-20251019-WA0486.jpg\" \/>\n\t<meta property=\"og:image:width\" content=\"1600\" \/>\n\t<meta property=\"og:image:height\" content=\"1600\" \/>\n\t<meta property=\"og:image:type\" content=\"image\/jpeg\" \/>\n<meta name=\"author\" content=\"Portal Raizes\" \/>\n<meta name=\"twitter:card\" content=\"summary_large_image\" \/>\n<meta name=\"twitter:label1\" content=\"Escrito por\" \/>\n\t<meta name=\"twitter:data1\" content=\"Portal Raizes\" \/>\n\t<meta name=\"twitter:label2\" content=\"Est. tempo de leitura\" \/>\n\t<meta name=\"twitter:data2\" content=\"2 minutos\" \/>\n<script type=\"application\/ld+json\" class=\"yoast-schema-graph\">{\"@context\":\"https:\/\/schema.org\",\"@graph\":[{\"@type\":\"Article\",\"@id\":\"https:\/\/portalraizesnoticias.com.br\/?p=8832#article\",\"isPartOf\":{\"@id\":\"https:\/\/portalraizesnoticias.com.br\/?p=8832\"},\"author\":{\"name\":\"Portal Raizes\",\"@id\":\"https:\/\/portalraizesnoticias.com.br\/#\/schema\/person\/a3ca6b0fc701e78df19756c417d943ae\"},\"headline\":\"Coit\u00e9: PM apreende motos irregulares no distrito de Salgad\u00e1lia; um condutor fugiu para o matagal!\",\"datePublished\":\"2025-10-20T00:37:13+00:00\",\"mainEntityOfPage\":{\"@id\":\"https:\/\/portalraizesnoticias.com.br\/?p=8832\"},\"wordCount\":264,\"commentCount\":0,\"publisher\":{\"@id\":\"https:\/\/portalraizesnoticias.com.br\/#organization\"},\"image\":{\"@id\":\"https:\/\/portalraizesnoticias.com.br\/?p=8832#primaryimage\"},\"thumbnailUrl\":\"https:\/\/portalraizesnoticias.com.br\/wp-content\/uploads\/2025\/10\/IMG-20251019-WA0486.jpg\",\"articleSection\":[\"DESTAQUES\",\"POLICIA\",\"ULTIMAS NOTICIAS\"],\"inLanguage\":\"pt-BR\",\"potentialAction\":[{\"@type\":\"CommentAction\",\"name\":\"Comment\",\"target\":[\"https:\/\/portalraizesnoticias.com.br\/?p=8832#respond\"]}]},{\"@type\":\"WebPage\",\"@id\":\"https:\/\/portalraizesnoticias.com.br\/?p=8832\",\"url\":\"https:\/\/portalraizesnoticias.com.br\/?p=8832\",\"name\":\"Coit\u00e9: PM apreende motos irregulares no distrito de Salgad\u00e1lia; um condutor fugiu para o matagal! - Portal raizes noticias\",\"isPartOf\":{\"@id\":\"https:\/\/portalraizesnoticias.com.br\/#website\"},\"primaryImageOfPage\":{\"@id\":\"https:\/\/portalraizesnoticias.com.br\/?p=8832#primaryimage\"},\"image\":{\"@id\":\"https:\/\/portalraizesnoticias.com.br\/?p=8832#primaryimage\"},\"thumbnailUrl\":\"https:\/\/portalraizesnoticias.com.br\/wp-content\/uploads\/2025\/10\/IMG-20251019-WA0486.jpg\",\"datePublished\":\"2025-10-20T00:37:13+00:00\",\"breadcrumb\":{\"@id\":\"https:\/\/portalraizesnoticias.com.br\/?p=8832#breadcrumb\"},\"inLanguage\":\"pt-BR\",\"potentialAction\":[{\"@type\":\"ReadAction\",\"target\":[\"https:\/\/portalraizesnoticias.com.br\/?p=8832\"]}]},{\"@type\":\"ImageObject\",\"inLanguage\":\"pt-BR\",\"@id\":\"https:\/\/portalraizesnoticias.com.br\/?p=8832#primaryimage\",\"url\":\"https:\/\/portalraizesnoticias.com.br\/wp-content\/uploads\/2025\/10\/IMG-20251019-WA0486.jpg\",\"contentUrl\":\"https:\/\/portalraizesnoticias.com.br\/wp-content\/uploads\/2025\/10\/IMG-20251019-WA0486.jpg\",\"width\":1600,\"height\":1600},{\"@type\":\"BreadcrumbList\",\"@id\":\"https:\/\/portalraizesnoticias.com.br\/?p=8832#breadcrumb\",\"itemListElement\":[{\"@type\":\"ListItem\",\"position\":1,\"name\":\"In\u00edcio\",\"item\":\"https:\/\/portalraizesnoticias.com.br\/\"},{\"@type\":\"ListItem\",\"position\":2,\"name\":\"Coit\u00e9: PM apreende motos irregulares no distrito de Salgad\u00e1lia; um condutor fugiu para o matagal!\"}]},{\"@type\":\"WebSite\",\"@id\":\"https:\/\/portalraizesnoticias.com.br\/#website\",\"url\":\"https:\/\/portalraizesnoticias.com.br\/\",\"name\":\"Portal raizes NOTICIAS\",\"description\":\"site de noticias de concei\u00e7\u00e3o do coit\u00e9 e regi\u00e3o\",\"publisher\":{\"@id\":\"https:\/\/portalraizesnoticias.com.br\/#organization\"},\"alternateName\":\"PORTAL RAIZES COIT\u00c9\",\"potentialAction\":[{\"@type\":\"SearchAction\",\"target\":{\"@type\":\"EntryPoint\",\"urlTemplate\":\"https:\/\/portalraizesnoticias.com.br\/?s={search_term_string}\"},\"query-input\":{\"@type\":\"PropertyValueSpecification\",\"valueRequired\":true,\"valueName\":\"search_term_string\"}}],\"inLanguage\":\"pt-BR\"},{\"@type\":\"Organization\",\"@id\":\"https:\/\/portalraizesnoticias.com.br\/#organization\",\"name\":\"Portal raizes NOTICIAS\",\"url\":\"https:\/\/portalraizesnoticias.com.br\/\",\"logo\":{\"@type\":\"ImageObject\",\"inLanguage\":\"pt-BR\",\"@id\":\"https:\/\/portalraizesnoticias.com.br\/#\/schema\/logo\/image\/\",\"url\":\"https:\/\/portalraizesnoticias.com.br\/wp-content\/uploads\/2024\/09\/cropped-Captura-de-tela-2024-09-08-011108.png\",\"contentUrl\":\"https:\/\/portalraizesnoticias.com.br\/wp-content\/uploads\/2024\/09\/cropped-Captura-de-tela-2024-09-08-011108.png\",\"width\":606,\"height\":173,\"caption\":\"Portal raizes NOTICIAS\"},\"image\":{\"@id\":\"https:\/\/portalraizesnoticias.com.br\/#\/schema\/logo\/image\/\"}},{\"@type\":\"Person\",\"@id\":\"https:\/\/portalraizesnoticias.com.br\/#\/schema\/person\/a3ca6b0fc701e78df19756c417d943ae\",\"name\":\"Portal Raizes\",\"image\":{\"@type\":\"ImageObject\",\"inLanguage\":\"pt-BR\",\"@id\":\"https:\/\/portalraizesnoticias.com.br\/#\/schema\/person\/image\/\",\"url\":\"https:\/\/secure.gravatar.com\/avatar\/ef450d29013a3d3fba867a12a249d7b1?s=96&d=mm&r=g\",\"contentUrl\":\"https:\/\/secure.gravatar.com\/avatar\/ef450d29013a3d3fba867a12a249d7b1?s=96&d=mm&r=g\",\"caption\":\"Portal Raizes\"},\"url\":\"https:\/\/portalraizesnoticias.com.br\/?author=3\"}]}<\/script>\n<!-- \/ Yoast SEO plugin. -->","yoast_head_json":{"title":"Coit\u00e9: PM apreende motos irregulares no distrito de Salgad\u00e1lia; um condutor fugiu para o matagal! - Portal raizes noticias","robots":{"index":"index","follow":"follow","max-snippet":"max-snippet:-1","max-image-preview":"max-image-preview:large","max-video-preview":"max-video-preview:-1"},"canonical":"https:\/\/portalraizesnoticias.com.br\/?p=8832","og_locale":"pt_BR","og_type":"article","og_title":"Coit\u00e9: PM apreende motos irregulares no distrito de Salgad\u00e1lia; um condutor fugiu para o matagal! - Portal raizes noticias","og_description":"Policiais militares da 4\u00b0 CIA apreenderam neste domingo (19), duas motocicletas durante a\u00e7\u00f5es de patrulhamento realizadas no distrito de Salgad\u00e1lia, zona rural de Concei\u00e7\u00e3o do Coit\u00e9.\u00a0 PUBLICIDADE\u00a0 Segundo informa\u00e7\u00f5es apuradas pelo Portal Raizes, as ocorr\u00eancias envolveram infra\u00e7\u00f5es de tr\u00e2nsito e dire\u00e7\u00e3o perigosa. \u00a0 Por volta das 12h15, na Rua S\u00e3o Jos\u00e9, nas proximidades de uma gr\u00e1fica, os policiais flagraram um homem conduzindo uma motocicleta Honda\/CG, sem os equipamentos obrigat\u00f3rios previstos pelo C\u00f3digo de Tr\u00e2nsito Brasileiro (CTB). PUBLICIDADE\u00a0 O condutor de 36 anos, informou a guarni\u00e7\u00e3o que possui registro no RENACH (Registro Nacional de Condutores Habilitados).\u00a0 O ve\u00edculo foi apreendido e encaminhado ao p\u00e1tio do Pelot\u00e3o de Salgad\u00e1lia, onde ser\u00e3o adotadas as medidas cab\u00edveis. PUBLICIDADE\u00a0 \u00a0 Segunda ocorr\u00eancia\u00a0 J\u00e1 por volta das 14h16, tamb\u00e9m em Salgad\u00e1lia, nas imedia\u00e7\u00f5es de uma lanchonete, a guarni\u00e7\u00e3o flagrou outro motociclista transitando na contram\u00e3o de dire\u00e7\u00e3o e sem capacete, al\u00e9m de estar sem placa traseira e com o n\u00famero do motor suprimido. \u00a0 Segundo a PM, o condutor n\u00e3o obedeceu \u00e0 ordem de parada e fugiu, abandonando o ve\u00edculo pr\u00f3ximo ao tanque da antiga esta\u00e7\u00e3o ferrovi\u00e1ria. Ap\u00f3s verifica\u00e7\u00e3o, foi constatado que a moto, uma Yamaha preta, com chassi que n\u00e3o consta registro no sistema. \u00a0 Ambos os ve\u00edculos foram recolhidos ao p\u00e1tio do Pelot\u00e3o de Salgad\u00e1lia para as medidas legais.","og_url":"https:\/\/portalraizesnoticias.com.br\/?p=8832","og_site_name":"Portal raizes noticias","article_published_time":"2025-10-20T00:37:13+00:00","og_image":[{"width":1600,"height":1600,"url":"https:\/\/portalraizesnoticias.com.br\/wp-content\/uploads\/2025\/10\/IMG-20251019-WA0486.jpg","type":"image\/jpeg"}],"author":"Portal Raizes","twitter_card":"summary_large_image","twitter_misc":{"Escrito por":"Portal Raizes","Est. tempo de leitura":"2 minutos"},"schema":{"@context":"https:\/\/schema.org","@graph":[{"@type":"Article","@id":"https:\/\/portalraizesnoticias.com.br\/?p=8832#article","isPartOf":{"@id":"https:\/\/portalraizesnoticias.com.br\/?p=8832"},"author":{"name":"Portal Raizes","@id":"https:\/\/portalraizesnoticias.com.br\/#\/schema\/person\/a3ca6b0fc701e78df19756c417d943ae"},"headline":"Coit\u00e9: PM apreende motos irregulares no distrito de Salgad\u00e1lia; um condutor fugiu para o matagal!","datePublished":"2025-10-20T00:37:13+00:00","mainEntityOfPage":{"@id":"https:\/\/portalraizesnoticias.com.br\/?p=8832"},"wordCount":264,"commentCount":0,"publisher":{"@id":"https:\/\/portalraizesnoticias.com.br\/#organization"},"image":{"@id":"https:\/\/portalraizesnoticias.com.br\/?p=8832#primaryimage"},"thumbnailUrl":"https:\/\/portalraizesnoticias.com.br\/wp-content\/uploads\/2025\/10\/IMG-20251019-WA0486.jpg","articleSection":["DESTAQUES","POLICIA","ULTIMAS NOTICIAS"],"inLanguage":"pt-BR","potentialAction":[{"@type":"CommentAction","name":"Comment","target":["https:\/\/portalraizesnoticias.com.br\/?p=8832#respond"]}]},{"@type":"WebPage","@id":"https:\/\/portalraizesnoticias.com.br\/?p=8832","url":"https:\/\/portalraizesnoticias.com.br\/?p=8832","name":"Coit\u00e9: PM apreende motos irregulares no distrito de Salgad\u00e1lia; um condutor fugiu para o matagal! - Portal raizes noticias","isPartOf":{"@id":"https:\/\/portalraizesnoticias.com.br\/#website"},"primaryImageOfPage":{"@id":"https:\/\/portalraizesnoticias.com.br\/?p=8832#primaryimage"},"image":{"@id":"https:\/\/portalraizesnoticias.com.br\/?p=8832#primaryimage"},"thumbnailUrl":"https:\/\/portalraizesnoticias.com.br\/wp-content\/uploads\/2025\/10\/IMG-20251019-WA0486.jpg","datePublished":"2025-10-20T00:37:13+00:00","breadcrumb":{"@id":"https:\/\/portalraizesnoticias.com.br\/?p=8832#breadcrumb"},"inLanguage":"pt-BR","potentialAction":[{"@type":"ReadAction","target":["https:\/\/portalraizesnoticias.com.br\/?p=8832"]}]},{"@type":"ImageObject","inLanguage":"pt-BR","@id":"https:\/\/portalraizesnoticias.com.br\/?p=8832#primaryimage","url":"https:\/\/portalraizesnoticias.com.br\/wp-content\/uploads\/2025\/10\/IMG-20251019-WA0486.jpg","contentUrl":"https:\/\/portalraizesnoticias.com.br\/wp-content\/uploads\/2025\/10\/IMG-20251019-WA0486.jpg","width":1600,"height":1600},{"@type":"BreadcrumbList","@id":"https:\/\/portalraizesnoticias.com.br\/?p=8832#breadcrumb","itemListElement":[{"@type":"ListItem","position":1,"name":"In\u00edcio","item":"https:\/\/portalraizesnoticias.com.br\/"},{"@type":"ListItem","position":2,"name":"Coit\u00e9: PM apreende motos irregulares no distrito de Salgad\u00e1lia; um condutor fugiu para o matagal!"}]},{"@type":"WebSite","@id":"https:\/\/portalraizesnoticias.com.br\/#website","url":"https:\/\/portalraizesnoticias.com.br\/","name":"Portal raizes NOTICIAS","description":"site de noticias de concei\u00e7\u00e3o do coit\u00e9 e regi\u00e3o","publisher":{"@id":"https:\/\/portalraizesnoticias.com.br\/#organization"},"alternateName":"PORTAL RAIZES COIT\u00c9","potentialAction":[{"@type":"SearchAction","target":{"@type":"EntryPoint","urlTemplate":"https:\/\/portalraizesnoticias.com.br\/?s={search_term_string}"},"query-input":{"@type":"PropertyValueSpecification","valueRequired":true,"valueName":"search_term_string"}}],"inLanguage":"pt-BR"},{"@type":"Organization","@id":"https:\/\/portalraizesnoticias.com.br\/#organization","name":"Portal raizes NOTICIAS","url":"https:\/\/portalraizesnoticias.com.br\/","logo":{"@type":"ImageObject","inLanguage":"pt-BR","@id":"https:\/\/portalraizesnoticias.com.br\/#\/schema\/logo\/image\/","url":"https:\/\/portalraizesnoticias.com.br\/wp-content\/uploads\/2024\/09\/cropped-Captura-de-tela-2024-09-08-011108.png","contentUrl":"https:\/\/portalraizesnoticias.com.br\/wp-content\/uploads\/2024\/09\/cropped-Captura-de-tela-2024-09-08-011108.png","width":606,"height":173,"caption":"Portal raizes NOTICIAS"},"image":{"@id":"https:\/\/portalraizesnoticias.com.br\/#\/schema\/logo\/image\/"}},{"@type":"Person","@id":"https:\/\/portalraizesnoticias.com.br\/#\/schema\/person\/a3ca6b0fc701e78df19756c417d943ae","name":"Portal Raizes","image":{"@type":"ImageObject","inLanguage":"pt-BR","@id":"https:\/\/portalraizesnoticias.com.br\/#\/schema\/person\/image\/","url":"https:\/\/secure.gravatar.com\/avatar\/ef450d29013a3d3fba867a12a249d7b1?s=96&d=mm&r=g","contentUrl":"https:\/\/secure.gravatar.com\/avatar\/ef450d29013a3d3fba867a12a249d7b1?s=96&d=mm&r=g","caption":"Portal Raizes"},"url":"https:\/\/portalraizesnoticias.com.br\/?author=3"}]}},"_links":{"self":[{"href":"https:\/\/portalraizesnoticias.com.br\/index.php?rest_route=\/wp\/v2\/posts\/8832"}],"collection":[{"href":"https:\/\/portalraizesnoticias.com.br\/index.php?rest_route=\/wp\/v2\/posts"}],"about":[{"href":"https:\/\/portalraizesnoticias.com.br\/index.php?rest_route=\/wp\/v2\/types\/post"}],"author":[{"embeddable":true,"href":"https:\/\/portalraizesnoticias.com.br\/index.php?rest_route=\/wp\/v2\/users\/3"}],"replies":[{"embeddable":true,"href":"https:\/\/portalraizesnoticias.com.br\/index.php?rest_route=%2Fwp%2Fv2%2Fcomments&post=8832"}],"version-history":[{"count":1,"href":"https:\/\/portalraizesnoticias.com.br\/index.php?rest_route=\/wp\/v2\/posts\/8832\/revisions"}],"predecessor-version":[{"id":8834,"href":"https:\/\/portalraizesnoticias.com.br\/index.php?rest_route=\/wp\/v2\/posts\/8832\/revisions\/8834"}],"wp:featuredmedia":[{"embeddable":true,"href":"https:\/\/portalraizesnoticias.com.br\/index.php?rest_route=\/wp\/v2\/media\/8833"}],"wp:attachment":[{"href":"https:\/\/portalraizesnoticias.com.br\/index.php?rest_route=%2Fwp%2Fv2%2Fmedia&parent=8832"}],"wp:term":[{"taxonomy":"category","embeddable":true,"href":"https:\/\/portalraizesnoticias.com.br\/index.php?rest_route=%2Fwp%2Fv2%2Fcategories&post=8832"},{"taxonomy":"post_tag","embeddable":true,"href":"https:\/\/portalraizesnoticias.com.br\/index.php?rest_route=%2Fwp%2Fv2%2Ftags&post=8832"}],"curies":[{"name":"wp","href":"https:\/\/api.w.org\/{rel}","templated":true}]}}