{"id":8821,"date":"2025-10-19T17:05:29","date_gmt":"2025-10-19T20:05:29","guid":{"rendered":"https:\/\/portalraizesnoticias.com.br\/?p=8821"},"modified":"2025-10-19T19:04:41","modified_gmt":"2025-10-19T22:04:41","slug":"video-policia-civil-busca-identificar-homem-que-cortou-giro-em-frente-a-delegacia-de-conceicao-do-coite","status":"publish","type":"post","link":"https:\/\/portalraizesnoticias.com.br\/?p=8821","title":{"rendered":"V\u00eddeo: Pol\u00edcia Civil busca identificar homem que \u201ccortou giro\u201d em frente \u00e0 delegacia de Concei\u00e7\u00e3o do Coit\u00e9"},"content":{"rendered":"<p>Um indiv\u00edduo ainda n\u00e3o identificado teve a ousadia de \u201ccortar giro\u201d com uma motocicleta em frente \u00e0 Delegacia Territorial de Concei\u00e7\u00e3o do Coit\u00e9. O ato consiste em acelerar a moto at\u00e9 o limite do motor, gerando barulho intenso ou estalos no escapamento, pr\u00e1tica considerada ilegal e pass\u00edvel de multa, apreens\u00e3o do ve\u00edculo e, dependendo das circunst\u00e2ncias, at\u00e9 enquadramento por crime ambiental.<\/p>\n<div style=\"width: 464px;\" class=\"wp-video\"><!--[if lt IE 9]><script>document.createElement('video');<\/script><![endif]-->\n<video class=\"wp-video-shortcode\" id=\"video-8821-1\" width=\"464\" height=\"832\" preload=\"metadata\" controls=\"controls\"><source type=\"video\/mp4\" src=\"https:\/\/portalraizesnoticias.com.br\/wp-content\/uploads\/2025\/10\/VID-20251019-WA0394.mp4?_=1\" \/><a href=\"https:\/\/portalraizesnoticias.com.br\/wp-content\/uploads\/2025\/10\/VID-20251019-WA0394.mp4\">https:\/\/portalraizesnoticias.com.br\/wp-content\/uploads\/2025\/10\/VID-20251019-WA0394.mp4<\/a><\/video><\/div>\n<p>Segundo informa\u00e7\u00f5es apuradas pelo Portal Ra\u00edzes, o suspeito possivelmente se aproveitou do fato de que a delegacia fica fechada aos finais de semana, sendo os flagrantes ent\u00e3o encaminhados para as delegacias de Serrinha e Riach\u00e3o do Jacu\u00edpe.<\/p>\n<p><img fetchpriority=\"high\" decoding=\"async\" class=\"size-medium wp-image-8641 aligncenter\" src=\"https:\/\/portalraizesnoticias.com.br\/wp-content\/uploads\/2025\/10\/WhatsApp-Image-2025-10-02-at-08.27.18-300x229.jpeg\" alt=\"\" width=\"300\" height=\"229\" srcset=\"https:\/\/portalraizesnoticias.com.br\/wp-content\/uploads\/2025\/10\/WhatsApp-Image-2025-10-02-at-08.27.18-300x229.jpeg 300w, https:\/\/portalraizesnoticias.com.br\/wp-content\/uploads\/2025\/10\/WhatsApp-Image-2025-10-02-at-08.27.18.jpeg 752w\" sizes=\"(max-width: 300px) 100vw, 300px\" \/><\/p>\n<p style=\"text-align: center;\"><strong>PUBLICIDADE<\/strong><\/p>\n<p>O epis\u00f3dio foi registrado em v\u00eddeo que circula nas redes sociais. No material, \u00e9 poss\u00edvel ouvir um observador questionando a a\u00e7\u00e3o: \u201cSer\u00e1 que \u00e9 maluco? Em frente \u00e0 delegacia\u2026 terra sem lei!\u201d.<\/p>\n<p><img decoding=\"async\" class=\"size-medium wp-image-8289 aligncenter\" src=\"https:\/\/portalraizesnoticias.com.br\/wp-content\/uploads\/2025\/09\/IMG-20250918-WA0124-300x300.jpg\" alt=\"\" width=\"300\" height=\"300\" srcset=\"https:\/\/portalraizesnoticias.com.br\/wp-content\/uploads\/2025\/09\/IMG-20250918-WA0124-300x300.jpg 300w, https:\/\/portalraizesnoticias.com.br\/wp-content\/uploads\/2025\/09\/IMG-20250918-WA0124-150x150.jpg 150w, https:\/\/portalraizesnoticias.com.br\/wp-content\/uploads\/2025\/09\/IMG-20250918-WA0124-768x768.jpg 768w, https:\/\/portalraizesnoticias.com.br\/wp-content\/uploads\/2025\/09\/IMG-20250918-WA0124.jpg 1000w\" sizes=\"(max-width: 300px) 100vw, 300px\" \/><\/p>\n<p style=\"text-align: center;\"><strong>PUBLICIDADE<\/strong><\/p>\n<p>O Portal Ra\u00edzes solicitou um posicionamento da Pol\u00edcia Civil sobre a ocorr\u00eancia para saber quais medidas seriam adotadas diante da infra\u00e7\u00e3o e do claro desrespeito \u00e0s autoridades.<\/p>\n<p>Em resposta, a 15\u00aa Coordenadoria Regional de Pol\u00edcia do Interior (Coorpin\/Serrinha) informou que tomou conhecimento dos fatos e j\u00e1 iniciou dilig\u00eancias para identificar e responsabilizar os envolvidos. A Delegacia Territorial de Concei\u00e7\u00e3o do Coit\u00e9 foi acionada e seguir\u00e1 com a apura\u00e7\u00e3o do caso. A unidade policial permanece em funcionamento durante o hor\u00e1rio administrativo, enquanto os flagrantes registrados aos finais de semana continuam sendo encaminhados para Serrinha e Riach\u00e3o do Jacu\u00edpe, localizadas a aproximadamente 40 minutos de Concei\u00e7\u00e3o do Coit\u00e9.<\/p>\n<p>Reda\u00e7\u00e3o<\/p>\n<p>V\u00eddeo: Redes Sociais<\/p>\n","protected":false},"excerpt":{"rendered":"<p>Um indiv\u00edduo ainda n\u00e3o identificado teve a ousadia de \u201ccortar giro\u201d com uma motocicleta em frente \u00e0 Delegacia Territorial de Concei\u00e7\u00e3o do Coit\u00e9. O ato consiste em acelerar a moto at\u00e9 o limite do motor, gerando barulho intenso ou estalos no escapamento, pr\u00e1tica considerada ilegal e pass\u00edvel de multa, apreens\u00e3o do ve\u00edculo e, dependendo das circunst\u00e2ncias, at\u00e9 enquadramento por crime ambiental. Segundo informa\u00e7\u00f5es apuradas pelo Portal Ra\u00edzes, o suspeito possivelmente se aproveitou do fato de que a delegacia fica fechada aos finais de semana, sendo os flagrantes ent\u00e3o encaminhados para as delegacias de Serrinha e Riach\u00e3o do Jacu\u00edpe. PUBLICIDADE O epis\u00f3dio foi registrado em v\u00eddeo que circula nas redes sociais. No material, \u00e9 poss\u00edvel ouvir um observador questionando a a\u00e7\u00e3o: \u201cSer\u00e1 que \u00e9 maluco? Em frente \u00e0 delegacia\u2026 terra sem lei!\u201d. PUBLICIDADE O Portal Ra\u00edzes solicitou um posicionamento da Pol\u00edcia Civil sobre a ocorr\u00eancia para saber quais medidas seriam adotadas diante da infra\u00e7\u00e3o e do claro desrespeito \u00e0s autoridades. Em resposta, a 15\u00aa Coordenadoria Regional de Pol\u00edcia do Interior (Coorpin\/Serrinha) informou que tomou conhecimento dos fatos e j\u00e1 iniciou dilig\u00eancias para identificar e responsabilizar os envolvidos. A Delegacia Territorial de Concei\u00e7\u00e3o do Coit\u00e9 foi acionada e seguir\u00e1 com a apura\u00e7\u00e3o do caso. A unidade policial permanece em funcionamento durante o hor\u00e1rio administrativo, enquanto os flagrantes registrados aos finais de semana continuam sendo encaminhados para Serrinha e Riach\u00e3o do Jacu\u00edpe, localizadas a aproximadamente 40 minutos de Concei\u00e7\u00e3o do Coit\u00e9. Reda\u00e7\u00e3o V\u00eddeo: Redes Sociais<\/p>\n","protected":false},"author":3,"featured_media":8823,"comment_status":"open","ping_status":"open","sticky":false,"template":"","format":"standard","meta":{"_joinchat":[],"footnotes":""},"categories":[55,67,59],"tags":[75,579,142],"class_list":["post-8821","post","type-post","status-publish","format-standard","has-post-thumbnail","hentry","category-destaques","category-policia","category-ultimas-noticias","tag-coite","tag-delegacia","tag-homem"],"yoast_head":"<!-- This site is optimized with the Yoast SEO plugin v24.4 - https:\/\/yoast.com\/wordpress\/plugins\/seo\/ -->\n<title>V\u00eddeo: Pol\u00edcia Civil busca identificar homem que \u201ccortou giro\u201d em frente \u00e0 delegacia de Concei\u00e7\u00e3o do Coit\u00e9 - Portal raizes noticias<\/title>\n<meta name=\"robots\" content=\"index, follow, max-snippet:-1, max-image-preview:large, max-video-preview:-1\" \/>\n<link rel=\"canonical\" href=\"https:\/\/portalraizesnoticias.com.br\/?p=8821\" \/>\n<meta property=\"og:locale\" content=\"pt_BR\" \/>\n<meta property=\"og:type\" content=\"article\" \/>\n<meta property=\"og:title\" content=\"V\u00eddeo: Pol\u00edcia Civil busca identificar homem que \u201ccortou giro\u201d em frente \u00e0 delegacia de Concei\u00e7\u00e3o do Coit\u00e9 - Portal raizes noticias\" \/>\n<meta property=\"og:description\" content=\"Um indiv\u00edduo ainda n\u00e3o identificado teve a ousadia de \u201ccortar giro\u201d com uma motocicleta em frente \u00e0 Delegacia Territorial de Concei\u00e7\u00e3o do Coit\u00e9. O ato consiste em acelerar a moto at\u00e9 o limite do motor, gerando barulho intenso ou estalos no escapamento, pr\u00e1tica considerada ilegal e pass\u00edvel de multa, apreens\u00e3o do ve\u00edculo e, dependendo das circunst\u00e2ncias, at\u00e9 enquadramento por crime ambiental. Segundo informa\u00e7\u00f5es apuradas pelo Portal Ra\u00edzes, o suspeito possivelmente se aproveitou do fato de que a delegacia fica fechada aos finais de semana, sendo os flagrantes ent\u00e3o encaminhados para as delegacias de Serrinha e Riach\u00e3o do Jacu\u00edpe. PUBLICIDADE O epis\u00f3dio foi registrado em v\u00eddeo que circula nas redes sociais. No material, \u00e9 poss\u00edvel ouvir um observador questionando a a\u00e7\u00e3o: \u201cSer\u00e1 que \u00e9 maluco? Em frente \u00e0 delegacia\u2026 terra sem lei!\u201d. PUBLICIDADE O Portal Ra\u00edzes solicitou um posicionamento da Pol\u00edcia Civil sobre a ocorr\u00eancia para saber quais medidas seriam adotadas diante da infra\u00e7\u00e3o e do claro desrespeito \u00e0s autoridades. Em resposta, a 15\u00aa Coordenadoria Regional de Pol\u00edcia do Interior (Coorpin\/Serrinha) informou que tomou conhecimento dos fatos e j\u00e1 iniciou dilig\u00eancias para identificar e responsabilizar os envolvidos. A Delegacia Territorial de Concei\u00e7\u00e3o do Coit\u00e9 foi acionada e seguir\u00e1 com a apura\u00e7\u00e3o do caso. A unidade policial permanece em funcionamento durante o hor\u00e1rio administrativo, enquanto os flagrantes registrados aos finais de semana continuam sendo encaminhados para Serrinha e Riach\u00e3o do Jacu\u00edpe, localizadas a aproximadamente 40 minutos de Concei\u00e7\u00e3o do Coit\u00e9. Reda\u00e7\u00e3o V\u00eddeo: Redes Sociais\" \/>\n<meta property=\"og:url\" content=\"https:\/\/portalraizesnoticias.com.br\/?p=8821\" \/>\n<meta property=\"og:site_name\" content=\"Portal raizes noticias\" \/>\n<meta property=\"article:published_time\" content=\"2025-10-19T20:05:29+00:00\" \/>\n<meta property=\"article:modified_time\" content=\"2025-10-19T22:04:41+00:00\" \/>\n<meta property=\"og:image\" content=\"https:\/\/portalraizesnoticias.com.br\/wp-content\/uploads\/2025\/10\/IMG-20251019-WA0311.jpg\" \/>\n\t<meta property=\"og:image:width\" content=\"658\" \/>\n\t<meta property=\"og:image:height\" content=\"655\" \/>\n\t<meta property=\"og:image:type\" content=\"image\/jpeg\" \/>\n<meta name=\"author\" content=\"Portal Raizes\" \/>\n<meta name=\"twitter:card\" content=\"summary_large_image\" \/>\n<meta name=\"twitter:label1\" content=\"Escrito por\" \/>\n\t<meta name=\"twitter:data1\" content=\"Portal Raizes\" \/>\n\t<meta name=\"twitter:label2\" content=\"Est. tempo de leitura\" \/>\n\t<meta name=\"twitter:data2\" content=\"2 minutos\" \/>\n<script type=\"application\/ld+json\" class=\"yoast-schema-graph\">{\"@context\":\"https:\/\/schema.org\",\"@graph\":[{\"@type\":\"Article\",\"@id\":\"https:\/\/portalraizesnoticias.com.br\/?p=8821#article\",\"isPartOf\":{\"@id\":\"https:\/\/portalraizesnoticias.com.br\/?p=8821\"},\"author\":{\"name\":\"Portal Raizes\",\"@id\":\"https:\/\/portalraizesnoticias.com.br\/#\/schema\/person\/a3ca6b0fc701e78df19756c417d943ae\"},\"headline\":\"V\u00eddeo: Pol\u00edcia Civil busca identificar homem que \u201ccortou giro\u201d em frente \u00e0 delegacia de Concei\u00e7\u00e3o do Coit\u00e9\",\"datePublished\":\"2025-10-19T20:05:29+00:00\",\"dateModified\":\"2025-10-19T22:04:41+00:00\",\"mainEntityOfPage\":{\"@id\":\"https:\/\/portalraizesnoticias.com.br\/?p=8821\"},\"wordCount\":301,\"commentCount\":0,\"publisher\":{\"@id\":\"https:\/\/portalraizesnoticias.com.br\/#organization\"},\"image\":{\"@id\":\"https:\/\/portalraizesnoticias.com.br\/?p=8821#primaryimage\"},\"thumbnailUrl\":\"https:\/\/portalraizesnoticias.com.br\/wp-content\/uploads\/2025\/10\/IMG-20251019-WA0311.jpg\",\"keywords\":[\"Coit\u00e9\",\"Delegacia\",\"Homem\"],\"articleSection\":[\"DESTAQUES\",\"POLICIA\",\"ULTIMAS NOTICIAS\"],\"inLanguage\":\"pt-BR\",\"potentialAction\":[{\"@type\":\"CommentAction\",\"name\":\"Comment\",\"target\":[\"https:\/\/portalraizesnoticias.com.br\/?p=8821#respond\"]}]},{\"@type\":\"WebPage\",\"@id\":\"https:\/\/portalraizesnoticias.com.br\/?p=8821\",\"url\":\"https:\/\/portalraizesnoticias.com.br\/?p=8821\",\"name\":\"V\u00eddeo: Pol\u00edcia Civil busca identificar homem que \u201ccortou giro\u201d em frente \u00e0 delegacia de Concei\u00e7\u00e3o do Coit\u00e9 - Portal raizes noticias\",\"isPartOf\":{\"@id\":\"https:\/\/portalraizesnoticias.com.br\/#website\"},\"primaryImageOfPage\":{\"@id\":\"https:\/\/portalraizesnoticias.com.br\/?p=8821#primaryimage\"},\"image\":{\"@id\":\"https:\/\/portalraizesnoticias.com.br\/?p=8821#primaryimage\"},\"thumbnailUrl\":\"https:\/\/portalraizesnoticias.com.br\/wp-content\/uploads\/2025\/10\/IMG-20251019-WA0311.jpg\",\"datePublished\":\"2025-10-19T20:05:29+00:00\",\"dateModified\":\"2025-10-19T22:04:41+00:00\",\"breadcrumb\":{\"@id\":\"https:\/\/portalraizesnoticias.com.br\/?p=8821#breadcrumb\"},\"inLanguage\":\"pt-BR\",\"potentialAction\":[{\"@type\":\"ReadAction\",\"target\":[\"https:\/\/portalraizesnoticias.com.br\/?p=8821\"]}]},{\"@type\":\"ImageObject\",\"inLanguage\":\"pt-BR\",\"@id\":\"https:\/\/portalraizesnoticias.com.br\/?p=8821#primaryimage\",\"url\":\"https:\/\/portalraizesnoticias.com.br\/wp-content\/uploads\/2025\/10\/IMG-20251019-WA0311.jpg\",\"contentUrl\":\"https:\/\/portalraizesnoticias.com.br\/wp-content\/uploads\/2025\/10\/IMG-20251019-WA0311.jpg\",\"width\":658,\"height\":655},{\"@type\":\"BreadcrumbList\",\"@id\":\"https:\/\/portalraizesnoticias.com.br\/?p=8821#breadcrumb\",\"itemListElement\":[{\"@type\":\"ListItem\",\"position\":1,\"name\":\"In\u00edcio\",\"item\":\"https:\/\/portalraizesnoticias.com.br\/\"},{\"@type\":\"ListItem\",\"position\":2,\"name\":\"V\u00eddeo: Pol\u00edcia Civil busca identificar homem que \u201ccortou giro\u201d em frente \u00e0 delegacia de Concei\u00e7\u00e3o do Coit\u00e9\"}]},{\"@type\":\"WebSite\",\"@id\":\"https:\/\/portalraizesnoticias.com.br\/#website\",\"url\":\"https:\/\/portalraizesnoticias.com.br\/\",\"name\":\"Portal raizes NOTICIAS\",\"description\":\"site de noticias de concei\u00e7\u00e3o do coit\u00e9 e regi\u00e3o\",\"publisher\":{\"@id\":\"https:\/\/portalraizesnoticias.com.br\/#organization\"},\"alternateName\":\"PORTAL RAIZES COIT\u00c9\",\"potentialAction\":[{\"@type\":\"SearchAction\",\"target\":{\"@type\":\"EntryPoint\",\"urlTemplate\":\"https:\/\/portalraizesnoticias.com.br\/?s={search_term_string}\"},\"query-input\":{\"@type\":\"PropertyValueSpecification\",\"valueRequired\":true,\"valueName\":\"search_term_string\"}}],\"inLanguage\":\"pt-BR\"},{\"@type\":\"Organization\",\"@id\":\"https:\/\/portalraizesnoticias.com.br\/#organization\",\"name\":\"Portal raizes NOTICIAS\",\"url\":\"https:\/\/portalraizesnoticias.com.br\/\",\"logo\":{\"@type\":\"ImageObject\",\"inLanguage\":\"pt-BR\",\"@id\":\"https:\/\/portalraizesnoticias.com.br\/#\/schema\/logo\/image\/\",\"url\":\"https:\/\/portalraizesnoticias.com.br\/wp-content\/uploads\/2024\/09\/cropped-Captura-de-tela-2024-09-08-011108.png\",\"contentUrl\":\"https:\/\/portalraizesnoticias.com.br\/wp-content\/uploads\/2024\/09\/cropped-Captura-de-tela-2024-09-08-011108.png\",\"width\":606,\"height\":173,\"caption\":\"Portal raizes NOTICIAS\"},\"image\":{\"@id\":\"https:\/\/portalraizesnoticias.com.br\/#\/schema\/logo\/image\/\"}},{\"@type\":\"Person\",\"@id\":\"https:\/\/portalraizesnoticias.com.br\/#\/schema\/person\/a3ca6b0fc701e78df19756c417d943ae\",\"name\":\"Portal Raizes\",\"image\":{\"@type\":\"ImageObject\",\"inLanguage\":\"pt-BR\",\"@id\":\"https:\/\/portalraizesnoticias.com.br\/#\/schema\/person\/image\/\",\"url\":\"https:\/\/secure.gravatar.com\/avatar\/ef450d29013a3d3fba867a12a249d7b1?s=96&d=mm&r=g\",\"contentUrl\":\"https:\/\/secure.gravatar.com\/avatar\/ef450d29013a3d3fba867a12a249d7b1?s=96&d=mm&r=g\",\"caption\":\"Portal Raizes\"},\"url\":\"https:\/\/portalraizesnoticias.com.br\/?author=3\"}]}<\/script>\n<!-- \/ Yoast SEO plugin. -->","yoast_head_json":{"title":"V\u00eddeo: Pol\u00edcia Civil busca identificar homem que \u201ccortou giro\u201d em frente \u00e0 delegacia de Concei\u00e7\u00e3o do Coit\u00e9 - Portal raizes noticias","robots":{"index":"index","follow":"follow","max-snippet":"max-snippet:-1","max-image-preview":"max-image-preview:large","max-video-preview":"max-video-preview:-1"},"canonical":"https:\/\/portalraizesnoticias.com.br\/?p=8821","og_locale":"pt_BR","og_type":"article","og_title":"V\u00eddeo: Pol\u00edcia Civil busca identificar homem que \u201ccortou giro\u201d em frente \u00e0 delegacia de Concei\u00e7\u00e3o do Coit\u00e9 - Portal raizes noticias","og_description":"Um indiv\u00edduo ainda n\u00e3o identificado teve a ousadia de \u201ccortar giro\u201d com uma motocicleta em frente \u00e0 Delegacia Territorial de Concei\u00e7\u00e3o do Coit\u00e9. O ato consiste em acelerar a moto at\u00e9 o limite do motor, gerando barulho intenso ou estalos no escapamento, pr\u00e1tica considerada ilegal e pass\u00edvel de multa, apreens\u00e3o do ve\u00edculo e, dependendo das circunst\u00e2ncias, at\u00e9 enquadramento por crime ambiental. Segundo informa\u00e7\u00f5es apuradas pelo Portal Ra\u00edzes, o suspeito possivelmente se aproveitou do fato de que a delegacia fica fechada aos finais de semana, sendo os flagrantes ent\u00e3o encaminhados para as delegacias de Serrinha e Riach\u00e3o do Jacu\u00edpe. PUBLICIDADE O epis\u00f3dio foi registrado em v\u00eddeo que circula nas redes sociais. No material, \u00e9 poss\u00edvel ouvir um observador questionando a a\u00e7\u00e3o: \u201cSer\u00e1 que \u00e9 maluco? Em frente \u00e0 delegacia\u2026 terra sem lei!\u201d. PUBLICIDADE O Portal Ra\u00edzes solicitou um posicionamento da Pol\u00edcia Civil sobre a ocorr\u00eancia para saber quais medidas seriam adotadas diante da infra\u00e7\u00e3o e do claro desrespeito \u00e0s autoridades. Em resposta, a 15\u00aa Coordenadoria Regional de Pol\u00edcia do Interior (Coorpin\/Serrinha) informou que tomou conhecimento dos fatos e j\u00e1 iniciou dilig\u00eancias para identificar e responsabilizar os envolvidos. A Delegacia Territorial de Concei\u00e7\u00e3o do Coit\u00e9 foi acionada e seguir\u00e1 com a apura\u00e7\u00e3o do caso. A unidade policial permanece em funcionamento durante o hor\u00e1rio administrativo, enquanto os flagrantes registrados aos finais de semana continuam sendo encaminhados para Serrinha e Riach\u00e3o do Jacu\u00edpe, localizadas a aproximadamente 40 minutos de Concei\u00e7\u00e3o do Coit\u00e9. Reda\u00e7\u00e3o V\u00eddeo: Redes Sociais","og_url":"https:\/\/portalraizesnoticias.com.br\/?p=8821","og_site_name":"Portal raizes noticias","article_published_time":"2025-10-19T20:05:29+00:00","article_modified_time":"2025-10-19T22:04:41+00:00","og_image":[{"width":658,"height":655,"url":"https:\/\/portalraizesnoticias.com.br\/wp-content\/uploads\/2025\/10\/IMG-20251019-WA0311.jpg","type":"image\/jpeg"}],"author":"Portal Raizes","twitter_card":"summary_large_image","twitter_misc":{"Escrito por":"Portal Raizes","Est. tempo de leitura":"2 minutos"},"schema":{"@context":"https:\/\/schema.org","@graph":[{"@type":"Article","@id":"https:\/\/portalraizesnoticias.com.br\/?p=8821#article","isPartOf":{"@id":"https:\/\/portalraizesnoticias.com.br\/?p=8821"},"author":{"name":"Portal Raizes","@id":"https:\/\/portalraizesnoticias.com.br\/#\/schema\/person\/a3ca6b0fc701e78df19756c417d943ae"},"headline":"V\u00eddeo: Pol\u00edcia Civil busca identificar homem que \u201ccortou giro\u201d em frente \u00e0 delegacia de Concei\u00e7\u00e3o do Coit\u00e9","datePublished":"2025-10-19T20:05:29+00:00","dateModified":"2025-10-19T22:04:41+00:00","mainEntityOfPage":{"@id":"https:\/\/portalraizesnoticias.com.br\/?p=8821"},"wordCount":301,"commentCount":0,"publisher":{"@id":"https:\/\/portalraizesnoticias.com.br\/#organization"},"image":{"@id":"https:\/\/portalraizesnoticias.com.br\/?p=8821#primaryimage"},"thumbnailUrl":"https:\/\/portalraizesnoticias.com.br\/wp-content\/uploads\/2025\/10\/IMG-20251019-WA0311.jpg","keywords":["Coit\u00e9","Delegacia","Homem"],"articleSection":["DESTAQUES","POLICIA","ULTIMAS NOTICIAS"],"inLanguage":"pt-BR","potentialAction":[{"@type":"CommentAction","name":"Comment","target":["https:\/\/portalraizesnoticias.com.br\/?p=8821#respond"]}]},{"@type":"WebPage","@id":"https:\/\/portalraizesnoticias.com.br\/?p=8821","url":"https:\/\/portalraizesnoticias.com.br\/?p=8821","name":"V\u00eddeo: Pol\u00edcia Civil busca identificar homem que \u201ccortou giro\u201d em frente \u00e0 delegacia de Concei\u00e7\u00e3o do Coit\u00e9 - Portal raizes noticias","isPartOf":{"@id":"https:\/\/portalraizesnoticias.com.br\/#website"},"primaryImageOfPage":{"@id":"https:\/\/portalraizesnoticias.com.br\/?p=8821#primaryimage"},"image":{"@id":"https:\/\/portalraizesnoticias.com.br\/?p=8821#primaryimage"},"thumbnailUrl":"https:\/\/portalraizesnoticias.com.br\/wp-content\/uploads\/2025\/10\/IMG-20251019-WA0311.jpg","datePublished":"2025-10-19T20:05:29+00:00","dateModified":"2025-10-19T22:04:41+00:00","breadcrumb":{"@id":"https:\/\/portalraizesnoticias.com.br\/?p=8821#breadcrumb"},"inLanguage":"pt-BR","potentialAction":[{"@type":"ReadAction","target":["https:\/\/portalraizesnoticias.com.br\/?p=8821"]}]},{"@type":"ImageObject","inLanguage":"pt-BR","@id":"https:\/\/portalraizesnoticias.com.br\/?p=8821#primaryimage","url":"https:\/\/portalraizesnoticias.com.br\/wp-content\/uploads\/2025\/10\/IMG-20251019-WA0311.jpg","contentUrl":"https:\/\/portalraizesnoticias.com.br\/wp-content\/uploads\/2025\/10\/IMG-20251019-WA0311.jpg","width":658,"height":655},{"@type":"BreadcrumbList","@id":"https:\/\/portalraizesnoticias.com.br\/?p=8821#breadcrumb","itemListElement":[{"@type":"ListItem","position":1,"name":"In\u00edcio","item":"https:\/\/portalraizesnoticias.com.br\/"},{"@type":"ListItem","position":2,"name":"V\u00eddeo: Pol\u00edcia Civil busca identificar homem que \u201ccortou giro\u201d em frente \u00e0 delegacia de Concei\u00e7\u00e3o do Coit\u00e9"}]},{"@type":"WebSite","@id":"https:\/\/portalraizesnoticias.com.br\/#website","url":"https:\/\/portalraizesnoticias.com.br\/","name":"Portal raizes NOTICIAS","description":"site de noticias de concei\u00e7\u00e3o do coit\u00e9 e regi\u00e3o","publisher":{"@id":"https:\/\/portalraizesnoticias.com.br\/#organization"},"alternateName":"PORTAL RAIZES COIT\u00c9","potentialAction":[{"@type":"SearchAction","target":{"@type":"EntryPoint","urlTemplate":"https:\/\/portalraizesnoticias.com.br\/?s={search_term_string}"},"query-input":{"@type":"PropertyValueSpecification","valueRequired":true,"valueName":"search_term_string"}}],"inLanguage":"pt-BR"},{"@type":"Organization","@id":"https:\/\/portalraizesnoticias.com.br\/#organization","name":"Portal raizes NOTICIAS","url":"https:\/\/portalraizesnoticias.com.br\/","logo":{"@type":"ImageObject","inLanguage":"pt-BR","@id":"https:\/\/portalraizesnoticias.com.br\/#\/schema\/logo\/image\/","url":"https:\/\/portalraizesnoticias.com.br\/wp-content\/uploads\/2024\/09\/cropped-Captura-de-tela-2024-09-08-011108.png","contentUrl":"https:\/\/portalraizesnoticias.com.br\/wp-content\/uploads\/2024\/09\/cropped-Captura-de-tela-2024-09-08-011108.png","width":606,"height":173,"caption":"Portal raizes NOTICIAS"},"image":{"@id":"https:\/\/portalraizesnoticias.com.br\/#\/schema\/logo\/image\/"}},{"@type":"Person","@id":"https:\/\/portalraizesnoticias.com.br\/#\/schema\/person\/a3ca6b0fc701e78df19756c417d943ae","name":"Portal Raizes","image":{"@type":"ImageObject","inLanguage":"pt-BR","@id":"https:\/\/portalraizesnoticias.com.br\/#\/schema\/person\/image\/","url":"https:\/\/secure.gravatar.com\/avatar\/ef450d29013a3d3fba867a12a249d7b1?s=96&d=mm&r=g","contentUrl":"https:\/\/secure.gravatar.com\/avatar\/ef450d29013a3d3fba867a12a249d7b1?s=96&d=mm&r=g","caption":"Portal Raizes"},"url":"https:\/\/portalraizesnoticias.com.br\/?author=3"}]}},"_links":{"self":[{"href":"https:\/\/portalraizesnoticias.com.br\/index.php?rest_route=\/wp\/v2\/posts\/8821"}],"collection":[{"href":"https:\/\/portalraizesnoticias.com.br\/index.php?rest_route=\/wp\/v2\/posts"}],"about":[{"href":"https:\/\/portalraizesnoticias.com.br\/index.php?rest_route=\/wp\/v2\/types\/post"}],"author":[{"embeddable":true,"href":"https:\/\/portalraizesnoticias.com.br\/index.php?rest_route=\/wp\/v2\/users\/3"}],"replies":[{"embeddable":true,"href":"https:\/\/portalraizesnoticias.com.br\/index.php?rest_route=%2Fwp%2Fv2%2Fcomments&post=8821"}],"version-history":[{"count":2,"href":"https:\/\/portalraizesnoticias.com.br\/index.php?rest_route=\/wp\/v2\/posts\/8821\/revisions"}],"predecessor-version":[{"id":8826,"href":"https:\/\/portalraizesnoticias.com.br\/index.php?rest_route=\/wp\/v2\/posts\/8821\/revisions\/8826"}],"wp:featuredmedia":[{"embeddable":true,"href":"https:\/\/portalraizesnoticias.com.br\/index.php?rest_route=\/wp\/v2\/media\/8823"}],"wp:attachment":[{"href":"https:\/\/portalraizesnoticias.com.br\/index.php?rest_route=%2Fwp%2Fv2%2Fmedia&parent=8821"}],"wp:term":[{"taxonomy":"category","embeddable":true,"href":"https:\/\/portalraizesnoticias.com.br\/index.php?rest_route=%2Fwp%2Fv2%2Fcategories&post=8821"},{"taxonomy":"post_tag","embeddable":true,"href":"https:\/\/portalraizesnoticias.com.br\/index.php?rest_route=%2Fwp%2Fv2%2Ftags&post=8821"}],"curies":[{"name":"wp","href":"https:\/\/api.w.org\/{rel}","templated":true}]}}