{"id":8803,"date":"2025-04-21T15:58:20","date_gmt":"2025-04-21T18:58:20","guid":{"rendered":"https:\/\/portalraizesnoticias.com.br\/?p=8803"},"modified":"2025-10-17T19:32:19","modified_gmt":"2025-10-17T22:32:19","slug":"artigo-elaborado-por-coiteense-aborda-dificuldades-e-caminhos-da-leitura-e-escrita-nas-praticas-pedagogicas-confira","status":"publish","type":"post","link":"https:\/\/portalraizesnoticias.com.br\/?p=8803","title":{"rendered":"Artigo elaborado por coiteense aborda dificuldades e caminhos da leitura e escrita nas pr\u00e1ticas pedag\u00f3gicas. Confira!"},"content":{"rendered":"<p>A moradora de Concei\u00e7\u00e3o do Coit\u00e9, Edineide Ara\u00fajo Silva, de 41 anos, graduada em Letras Vern\u00e1culas pela UNEB e em Pedagogia pela UNOPAR, al\u00e9m de possuir diversas especializa\u00e7\u00f5es na \u00e1rea da educa\u00e7\u00e3o, lan\u00e7ou no dia 20 de abril de 2025 o artigo \u201cLeitura e Escrita: Entraves e Perspectivas de Praxes Pedag\u00f3gicas Ancoradas no Social\u201d.<\/p>\n<p>Confira na \u00edntegra:<\/p>\n<p><strong>Leitura e Escrita: Entraves e Perspectivas de uma Pr\u00e1xis Pedag\u00f3gica Ancorada no Social.<\/strong><\/p>\n<p>A leitura e a escrita s\u00e3o pilares fundamentais da forma\u00e7\u00e3o humana e da cidadania. Contudo, ainda se configuram como grandes desafios nas pr\u00e1ticas pedag\u00f3gicas da Educa\u00e7\u00e3o B\u00e1sica, sobretudo quando observadas sob a \u00f3tica de contextos sociais diversos e marcados por desigualdades hist\u00f3ricas. Este artigo discute os entraves e as perspectivas que permeiam o ensino da leitura e da escrita, propondo uma reflex\u00e3o sobre a necessidade de uma pr\u00e1xis pedag\u00f3gica ancorada no social, capaz de reconhecer e valorizar as viv\u00eancias culturais e hist\u00f3ricas dos educandos.<\/p>\n<p>Ensinar a ler e a escrever \u00e9 muito mais do que ensinar c\u00f3digos lingu\u00edsticos; \u00e9 proporcionar o acesso ao mundo da significa\u00e7\u00e3o, da cr\u00edtica e da transforma\u00e7\u00e3o social. No entanto, o cen\u00e1rio educacional brasileiro ainda revela lacunas significativas nesse processo, sobretudo entre estudantes que vivem em contextos de vulnerabilidade social e educacional.<\/p>\n<p>Nas salas de aula, especialmente nas turmas da Educa\u00e7\u00e3o de Jovens e Adultos (EJA) e nos anos iniciais do Ensino Fundamental, \u00e9 comum encontrar alunos com dificuldades de leitura e escrita que n\u00e3o se limitam a quest\u00f5es cognitivas, mas est\u00e3o profundamente relacionadas a aspectos culturais, hist\u00f3ricos e socioecon\u00f4micos. Diante disso, o professor se torna um mediador essencial entre o saber escolar e as experi\u00eancias de vida dos alunos.<\/p>\n<p>Entre os principais entraves que dificultam a efetiva\u00e7\u00e3o de uma pr\u00e1tica pedag\u00f3gica significativa no ensino da leitura e da escrita, destacam-se: A descontextualiza\u00e7\u00e3o do ensino: muitas vezes, a leitura e a escrita s\u00e3o ensinadas de forma mec\u00e2nica, desvinculadas da realidade dos estudantes; A falta de forma\u00e7\u00e3o continuada dos professores: a aus\u00eancia de espa\u00e7os formativos que discutam pr\u00e1ticas sociais de leitura e escrita limita a inova\u00e7\u00e3o pedag\u00f3gica; As desigualdades sociais: a exclus\u00e3o digital, o analfabetismo funcional e a baixa escolaridade familiar s\u00e3o fatores que impactam diretamente o desenvolvimento da compet\u00eancia leitora e escritora; A car\u00eancia de materiais e est\u00edmulos culturais: o pouco acesso a livros, bibliotecas e espa\u00e7os de leitura refor\u00e7a o distanciamento dos alunos do universo liter\u00e1rio.<\/p>\n<p>Superar tais entraves requer repensar o papel da escola e do educador. \u00c9 preciso que a pr\u00e1tica pedag\u00f3gica seja socialmente situada, ou seja, que parta das experi\u00eancias e do repert\u00f3rio cultural dos alunos. Paulo Freire (1996) j\u00e1 afirmava que \u201ca leitura do mundo precede a leitura da palavra\u201d, indicando que o processo de alfabetiza\u00e7\u00e3o deve ser constru\u00eddo a partir da realidade concreta do sujeito. Algumas perspectivas promissoras incluem: Projetos de leitura e escrita com tem\u00e1ticas locais, valorizando a cultura, a hist\u00f3ria e os saberes da comunidade; Metodologias ativas que coloquem o aluno como protagonista de sua aprendizagem; Pr\u00e1ticas interdisciplinares que relacionem a leitura e a escrita com outras \u00e1reas do conhecimento; Uso cr\u00edtico das tecnologias digitais, ampliando o acesso a diferentes g\u00eaneros textuais e formas de express\u00e3o.<\/p>\n<p>Ler e escrever s\u00e3o atos pol\u00edticos e sociais. O desafio da educa\u00e7\u00e3o contempor\u00e2nea \u00e9 fazer com que esses atos ultrapassem o dom\u00ednio t\u00e9cnico e se tornem instrumentos de emancipa\u00e7\u00e3o e transforma\u00e7\u00e3o. Para isso, o educador precisa assumir uma postura reflexiva e comprometida com a realidade de seus alunos, tornando sua pr\u00e1xis pedag\u00f3gica um espa\u00e7o de constru\u00e7\u00e3o de sentidos, de inclus\u00e3o e de valoriza\u00e7\u00e3o das m\u00faltiplas vozes que comp\u00f5em o contexto social da escola.<\/p>\n<p><em>Edineide Ara\u00fajo Silva<\/em><\/p>\n<p><em>Graduada em Letras Vern\u00e1culas pela UNEB campus XIV e Pedagogia pela UNOPAR.<\/em><\/p>\n<p><em>P\u00f3s-graduada em Psicopedagogia Cl\u00ednica e Institucional; P\u00f3s-graduada em Educa\u00e7\u00e3o Especial e Inclusiva.<\/em><\/p>\n<p><em>Professora da rede p\u00fablica municipal de ensino do munic\u00edpio de Concei\u00e7\u00e3o do Coit\u00e9, atualmente atua na coordena\u00e7\u00e3o pedag\u00f3gica.<\/em><\/p>\n","protected":false},"excerpt":{"rendered":"<p>A moradora de Concei\u00e7\u00e3o do Coit\u00e9, Edineide Ara\u00fajo Silva, de 41 anos, graduada em Letras Vern\u00e1culas pela UNEB e em Pedagogia pela UNOPAR, al\u00e9m de possuir diversas especializa\u00e7\u00f5es na \u00e1rea da educa\u00e7\u00e3o, lan\u00e7ou no dia 20 de abril de 2025 o artigo \u201cLeitura e Escrita: Entraves e Perspectivas de Praxes Pedag\u00f3gicas Ancoradas no Social\u201d. Confira na \u00edntegra: Leitura e Escrita: Entraves e Perspectivas de uma Pr\u00e1xis Pedag\u00f3gica Ancorada no Social. A leitura e a escrita s\u00e3o pilares fundamentais da forma\u00e7\u00e3o humana e da cidadania. Contudo, ainda se configuram como grandes desafios nas pr\u00e1ticas pedag\u00f3gicas da Educa\u00e7\u00e3o B\u00e1sica, sobretudo quando observadas sob a \u00f3tica de contextos sociais diversos e marcados por desigualdades hist\u00f3ricas. Este artigo discute os entraves e as perspectivas que permeiam o ensino da leitura e da escrita, propondo uma reflex\u00e3o sobre a necessidade de uma pr\u00e1xis pedag\u00f3gica ancorada no social, capaz de reconhecer e valorizar as viv\u00eancias culturais e hist\u00f3ricas dos educandos. Ensinar a ler e a escrever \u00e9 muito mais do que ensinar c\u00f3digos lingu\u00edsticos; \u00e9 proporcionar o acesso ao mundo da significa\u00e7\u00e3o, da cr\u00edtica e da transforma\u00e7\u00e3o social. No entanto, o cen\u00e1rio educacional brasileiro ainda revela lacunas significativas nesse processo, sobretudo entre estudantes que vivem em contextos de vulnerabilidade social e educacional. Nas salas de aula, especialmente nas turmas da Educa\u00e7\u00e3o de Jovens e Adultos (EJA) e nos anos iniciais do Ensino Fundamental, \u00e9 comum encontrar alunos com dificuldades de leitura e escrita que n\u00e3o se limitam a quest\u00f5es cognitivas, mas est\u00e3o profundamente relacionadas a aspectos culturais, hist\u00f3ricos e socioecon\u00f4micos. Diante disso, o professor se torna um mediador essencial entre o saber escolar e as experi\u00eancias de vida dos alunos. Entre os principais entraves que dificultam a efetiva\u00e7\u00e3o de uma pr\u00e1tica pedag\u00f3gica significativa no ensino da leitura e da escrita, destacam-se: A descontextualiza\u00e7\u00e3o do ensino: muitas vezes, a leitura e a escrita s\u00e3o ensinadas de forma mec\u00e2nica, desvinculadas da realidade dos estudantes; A falta de forma\u00e7\u00e3o continuada dos professores: a aus\u00eancia de espa\u00e7os formativos que discutam pr\u00e1ticas sociais de leitura e escrita limita a inova\u00e7\u00e3o pedag\u00f3gica; As desigualdades sociais: a exclus\u00e3o digital, o analfabetismo funcional e a baixa escolaridade familiar s\u00e3o fatores que impactam diretamente o desenvolvimento da compet\u00eancia leitora e escritora; A car\u00eancia de materiais e est\u00edmulos culturais: o pouco acesso a livros, bibliotecas e espa\u00e7os de leitura refor\u00e7a o distanciamento dos alunos do universo liter\u00e1rio. Superar tais entraves requer repensar o papel da escola e do educador. \u00c9 preciso que a pr\u00e1tica pedag\u00f3gica seja socialmente situada, ou seja, que parta das experi\u00eancias e do repert\u00f3rio cultural dos alunos. Paulo Freire (1996) j\u00e1 afirmava que \u201ca leitura do mundo precede a leitura da palavra\u201d, indicando que o processo de alfabetiza\u00e7\u00e3o deve ser constru\u00eddo a partir da realidade concreta do sujeito. Algumas perspectivas promissoras incluem: Projetos de leitura e escrita com tem\u00e1ticas locais, valorizando a cultura, a hist\u00f3ria e os saberes da comunidade; Metodologias ativas que coloquem o aluno como protagonista de sua aprendizagem; Pr\u00e1ticas interdisciplinares que relacionem a leitura e a escrita com outras \u00e1reas do conhecimento; Uso cr\u00edtico das tecnologias digitais, ampliando o acesso a diferentes g\u00eaneros textuais e formas de express\u00e3o. Ler e escrever s\u00e3o atos pol\u00edticos e sociais. O desafio da educa\u00e7\u00e3o contempor\u00e2nea \u00e9 fazer com que esses atos ultrapassem o dom\u00ednio t\u00e9cnico e se tornem instrumentos de emancipa\u00e7\u00e3o e transforma\u00e7\u00e3o. Para isso, o educador precisa assumir uma postura reflexiva e comprometida com a realidade de seus alunos, tornando sua pr\u00e1xis pedag\u00f3gica um espa\u00e7o de constru\u00e7\u00e3o de sentidos, de inclus\u00e3o e de valoriza\u00e7\u00e3o das m\u00faltiplas vozes que comp\u00f5em o contexto social da escola. Edineide Ara\u00fajo Silva Graduada em Letras Vern\u00e1culas pela UNEB campus XIV e Pedagogia pela UNOPAR. P\u00f3s-graduada em Psicopedagogia Cl\u00ednica e Institucional; P\u00f3s-graduada em Educa\u00e7\u00e3o Especial e Inclusiva. Professora da rede p\u00fablica municipal de ensino do munic\u00edpio de Concei\u00e7\u00e3o do Coit\u00e9, atualmente atua na coordena\u00e7\u00e3o pedag\u00f3gica.<\/p>\n","protected":false},"author":3,"featured_media":8804,"comment_status":"open","ping_status":"open","sticky":false,"template":"","format":"standard","meta":{"_joinchat":[],"footnotes":""},"categories":[69,59],"tags":[],"class_list":["post-8803","post","type-post","status-publish","format-standard","has-post-thumbnail","hentry","category-entreterimento-e-cultura","category-ultimas-noticias"],"yoast_head":"<!-- This site is optimized with the Yoast SEO plugin v24.4 - https:\/\/yoast.com\/wordpress\/plugins\/seo\/ -->\n<title>Artigo elaborado por coiteense aborda dificuldades e caminhos da leitura e escrita nas pr\u00e1ticas pedag\u00f3gicas. Confira! - Portal raizes noticias<\/title>\n<meta name=\"robots\" content=\"index, follow, max-snippet:-1, max-image-preview:large, max-video-preview:-1\" \/>\n<link rel=\"canonical\" href=\"https:\/\/portalraizesnoticias.com.br\/?p=8803\" \/>\n<meta property=\"og:locale\" content=\"pt_BR\" \/>\n<meta property=\"og:type\" content=\"article\" \/>\n<meta property=\"og:title\" content=\"Artigo elaborado por coiteense aborda dificuldades e caminhos da leitura e escrita nas pr\u00e1ticas pedag\u00f3gicas. Confira! - Portal raizes noticias\" \/>\n<meta property=\"og:description\" content=\"A moradora de Concei\u00e7\u00e3o do Coit\u00e9, Edineide Ara\u00fajo Silva, de 41 anos, graduada em Letras Vern\u00e1culas pela UNEB e em Pedagogia pela UNOPAR, al\u00e9m de possuir diversas especializa\u00e7\u00f5es na \u00e1rea da educa\u00e7\u00e3o, lan\u00e7ou no dia 20 de abril de 2025 o artigo \u201cLeitura e Escrita: Entraves e Perspectivas de Praxes Pedag\u00f3gicas Ancoradas no Social\u201d. Confira na \u00edntegra: Leitura e Escrita: Entraves e Perspectivas de uma Pr\u00e1xis Pedag\u00f3gica Ancorada no Social. A leitura e a escrita s\u00e3o pilares fundamentais da forma\u00e7\u00e3o humana e da cidadania. Contudo, ainda se configuram como grandes desafios nas pr\u00e1ticas pedag\u00f3gicas da Educa\u00e7\u00e3o B\u00e1sica, sobretudo quando observadas sob a \u00f3tica de contextos sociais diversos e marcados por desigualdades hist\u00f3ricas. Este artigo discute os entraves e as perspectivas que permeiam o ensino da leitura e da escrita, propondo uma reflex\u00e3o sobre a necessidade de uma pr\u00e1xis pedag\u00f3gica ancorada no social, capaz de reconhecer e valorizar as viv\u00eancias culturais e hist\u00f3ricas dos educandos. Ensinar a ler e a escrever \u00e9 muito mais do que ensinar c\u00f3digos lingu\u00edsticos; \u00e9 proporcionar o acesso ao mundo da significa\u00e7\u00e3o, da cr\u00edtica e da transforma\u00e7\u00e3o social. No entanto, o cen\u00e1rio educacional brasileiro ainda revela lacunas significativas nesse processo, sobretudo entre estudantes que vivem em contextos de vulnerabilidade social e educacional. Nas salas de aula, especialmente nas turmas da Educa\u00e7\u00e3o de Jovens e Adultos (EJA) e nos anos iniciais do Ensino Fundamental, \u00e9 comum encontrar alunos com dificuldades de leitura e escrita que n\u00e3o se limitam a quest\u00f5es cognitivas, mas est\u00e3o profundamente relacionadas a aspectos culturais, hist\u00f3ricos e socioecon\u00f4micos. Diante disso, o professor se torna um mediador essencial entre o saber escolar e as experi\u00eancias de vida dos alunos. Entre os principais entraves que dificultam a efetiva\u00e7\u00e3o de uma pr\u00e1tica pedag\u00f3gica significativa no ensino da leitura e da escrita, destacam-se: A descontextualiza\u00e7\u00e3o do ensino: muitas vezes, a leitura e a escrita s\u00e3o ensinadas de forma mec\u00e2nica, desvinculadas da realidade dos estudantes; A falta de forma\u00e7\u00e3o continuada dos professores: a aus\u00eancia de espa\u00e7os formativos que discutam pr\u00e1ticas sociais de leitura e escrita limita a inova\u00e7\u00e3o pedag\u00f3gica; As desigualdades sociais: a exclus\u00e3o digital, o analfabetismo funcional e a baixa escolaridade familiar s\u00e3o fatores que impactam diretamente o desenvolvimento da compet\u00eancia leitora e escritora; A car\u00eancia de materiais e est\u00edmulos culturais: o pouco acesso a livros, bibliotecas e espa\u00e7os de leitura refor\u00e7a o distanciamento dos alunos do universo liter\u00e1rio. Superar tais entraves requer repensar o papel da escola e do educador. \u00c9 preciso que a pr\u00e1tica pedag\u00f3gica seja socialmente situada, ou seja, que parta das experi\u00eancias e do repert\u00f3rio cultural dos alunos. Paulo Freire (1996) j\u00e1 afirmava que \u201ca leitura do mundo precede a leitura da palavra\u201d, indicando que o processo de alfabetiza\u00e7\u00e3o deve ser constru\u00eddo a partir da realidade concreta do sujeito. Algumas perspectivas promissoras incluem: Projetos de leitura e escrita com tem\u00e1ticas locais, valorizando a cultura, a hist\u00f3ria e os saberes da comunidade; Metodologias ativas que coloquem o aluno como protagonista de sua aprendizagem; Pr\u00e1ticas interdisciplinares que relacionem a leitura e a escrita com outras \u00e1reas do conhecimento; Uso cr\u00edtico das tecnologias digitais, ampliando o acesso a diferentes g\u00eaneros textuais e formas de express\u00e3o. Ler e escrever s\u00e3o atos pol\u00edticos e sociais. O desafio da educa\u00e7\u00e3o contempor\u00e2nea \u00e9 fazer com que esses atos ultrapassem o dom\u00ednio t\u00e9cnico e se tornem instrumentos de emancipa\u00e7\u00e3o e transforma\u00e7\u00e3o. Para isso, o educador precisa assumir uma postura reflexiva e comprometida com a realidade de seus alunos, tornando sua pr\u00e1xis pedag\u00f3gica um espa\u00e7o de constru\u00e7\u00e3o de sentidos, de inclus\u00e3o e de valoriza\u00e7\u00e3o das m\u00faltiplas vozes que comp\u00f5em o contexto social da escola. Edineide Ara\u00fajo Silva Graduada em Letras Vern\u00e1culas pela UNEB campus XIV e Pedagogia pela UNOPAR. P\u00f3s-graduada em Psicopedagogia Cl\u00ednica e Institucional; P\u00f3s-graduada em Educa\u00e7\u00e3o Especial e Inclusiva. Professora da rede p\u00fablica municipal de ensino do munic\u00edpio de Concei\u00e7\u00e3o do Coit\u00e9, atualmente atua na coordena\u00e7\u00e3o pedag\u00f3gica.\" \/>\n<meta property=\"og:url\" content=\"https:\/\/portalraizesnoticias.com.br\/?p=8803\" \/>\n<meta property=\"og:site_name\" content=\"Portal raizes noticias\" \/>\n<meta property=\"article:published_time\" content=\"2025-04-21T18:58:20+00:00\" \/>\n<meta property=\"article:modified_time\" content=\"2025-10-17T22:32:19+00:00\" \/>\n<meta property=\"og:image\" content=\"https:\/\/portalraizesnoticias.com.br\/wp-content\/uploads\/2025\/10\/IMG-20251017-WA0411.jpg\" \/>\n\t<meta property=\"og:image:width\" content=\"235\" \/>\n\t<meta property=\"og:image:height\" content=\"170\" \/>\n\t<meta property=\"og:image:type\" content=\"image\/jpeg\" \/>\n<meta name=\"author\" content=\"Portal Raizes\" \/>\n<meta name=\"twitter:card\" content=\"summary_large_image\" \/>\n<meta name=\"twitter:label1\" content=\"Escrito por\" \/>\n\t<meta name=\"twitter:data1\" content=\"Portal Raizes\" \/>\n\t<meta name=\"twitter:label2\" content=\"Est. tempo de leitura\" \/>\n\t<meta name=\"twitter:data2\" content=\"1 minuto\" \/>\n<script type=\"application\/ld+json\" class=\"yoast-schema-graph\">{\"@context\":\"https:\/\/schema.org\",\"@graph\":[{\"@type\":\"Article\",\"@id\":\"https:\/\/portalraizesnoticias.com.br\/?p=8803#article\",\"isPartOf\":{\"@id\":\"https:\/\/portalraizesnoticias.com.br\/?p=8803\"},\"author\":{\"name\":\"Portal Raizes\",\"@id\":\"https:\/\/portalraizesnoticias.com.br\/#\/schema\/person\/a3ca6b0fc701e78df19756c417d943ae\"},\"headline\":\"Artigo elaborado por coiteense aborda dificuldades e caminhos da leitura e escrita nas pr\u00e1ticas pedag\u00f3gicas. Confira!\",\"datePublished\":\"2025-04-21T18:58:20+00:00\",\"dateModified\":\"2025-10-17T22:32:19+00:00\",\"mainEntityOfPage\":{\"@id\":\"https:\/\/portalraizesnoticias.com.br\/?p=8803\"},\"wordCount\":739,\"commentCount\":0,\"publisher\":{\"@id\":\"https:\/\/portalraizesnoticias.com.br\/#organization\"},\"image\":{\"@id\":\"https:\/\/portalraizesnoticias.com.br\/?p=8803#primaryimage\"},\"thumbnailUrl\":\"https:\/\/portalraizesnoticias.com.br\/wp-content\/uploads\/2025\/10\/IMG-20251017-WA0411.jpg\",\"articleSection\":[\"ENTRETERIMENTO E CULTURA\",\"ULTIMAS NOTICIAS\"],\"inLanguage\":\"pt-BR\",\"potentialAction\":[{\"@type\":\"CommentAction\",\"name\":\"Comment\",\"target\":[\"https:\/\/portalraizesnoticias.com.br\/?p=8803#respond\"]}]},{\"@type\":\"WebPage\",\"@id\":\"https:\/\/portalraizesnoticias.com.br\/?p=8803\",\"url\":\"https:\/\/portalraizesnoticias.com.br\/?p=8803\",\"name\":\"Artigo elaborado por coiteense aborda dificuldades e caminhos da leitura e escrita nas pr\u00e1ticas pedag\u00f3gicas. Confira! - Portal raizes noticias\",\"isPartOf\":{\"@id\":\"https:\/\/portalraizesnoticias.com.br\/#website\"},\"primaryImageOfPage\":{\"@id\":\"https:\/\/portalraizesnoticias.com.br\/?p=8803#primaryimage\"},\"image\":{\"@id\":\"https:\/\/portalraizesnoticias.com.br\/?p=8803#primaryimage\"},\"thumbnailUrl\":\"https:\/\/portalraizesnoticias.com.br\/wp-content\/uploads\/2025\/10\/IMG-20251017-WA0411.jpg\",\"datePublished\":\"2025-04-21T18:58:20+00:00\",\"dateModified\":\"2025-10-17T22:32:19+00:00\",\"breadcrumb\":{\"@id\":\"https:\/\/portalraizesnoticias.com.br\/?p=8803#breadcrumb\"},\"inLanguage\":\"pt-BR\",\"potentialAction\":[{\"@type\":\"ReadAction\",\"target\":[\"https:\/\/portalraizesnoticias.com.br\/?p=8803\"]}]},{\"@type\":\"ImageObject\",\"inLanguage\":\"pt-BR\",\"@id\":\"https:\/\/portalraizesnoticias.com.br\/?p=8803#primaryimage\",\"url\":\"https:\/\/portalraizesnoticias.com.br\/wp-content\/uploads\/2025\/10\/IMG-20251017-WA0411.jpg\",\"contentUrl\":\"https:\/\/portalraizesnoticias.com.br\/wp-content\/uploads\/2025\/10\/IMG-20251017-WA0411.jpg\",\"width\":235,\"height\":170},{\"@type\":\"BreadcrumbList\",\"@id\":\"https:\/\/portalraizesnoticias.com.br\/?p=8803#breadcrumb\",\"itemListElement\":[{\"@type\":\"ListItem\",\"position\":1,\"name\":\"In\u00edcio\",\"item\":\"https:\/\/portalraizesnoticias.com.br\/\"},{\"@type\":\"ListItem\",\"position\":2,\"name\":\"Artigo elaborado por coiteense aborda dificuldades e caminhos da leitura e escrita nas pr\u00e1ticas pedag\u00f3gicas. Confira!\"}]},{\"@type\":\"WebSite\",\"@id\":\"https:\/\/portalraizesnoticias.com.br\/#website\",\"url\":\"https:\/\/portalraizesnoticias.com.br\/\",\"name\":\"Portal raizes NOTICIAS\",\"description\":\"site de noticias de concei\u00e7\u00e3o do coit\u00e9 e regi\u00e3o\",\"publisher\":{\"@id\":\"https:\/\/portalraizesnoticias.com.br\/#organization\"},\"alternateName\":\"PORTAL RAIZES COIT\u00c9\",\"potentialAction\":[{\"@type\":\"SearchAction\",\"target\":{\"@type\":\"EntryPoint\",\"urlTemplate\":\"https:\/\/portalraizesnoticias.com.br\/?s={search_term_string}\"},\"query-input\":{\"@type\":\"PropertyValueSpecification\",\"valueRequired\":true,\"valueName\":\"search_term_string\"}}],\"inLanguage\":\"pt-BR\"},{\"@type\":\"Organization\",\"@id\":\"https:\/\/portalraizesnoticias.com.br\/#organization\",\"name\":\"Portal raizes NOTICIAS\",\"url\":\"https:\/\/portalraizesnoticias.com.br\/\",\"logo\":{\"@type\":\"ImageObject\",\"inLanguage\":\"pt-BR\",\"@id\":\"https:\/\/portalraizesnoticias.com.br\/#\/schema\/logo\/image\/\",\"url\":\"https:\/\/portalraizesnoticias.com.br\/wp-content\/uploads\/2024\/09\/cropped-Captura-de-tela-2024-09-08-011108.png\",\"contentUrl\":\"https:\/\/portalraizesnoticias.com.br\/wp-content\/uploads\/2024\/09\/cropped-Captura-de-tela-2024-09-08-011108.png\",\"width\":606,\"height\":173,\"caption\":\"Portal raizes NOTICIAS\"},\"image\":{\"@id\":\"https:\/\/portalraizesnoticias.com.br\/#\/schema\/logo\/image\/\"}},{\"@type\":\"Person\",\"@id\":\"https:\/\/portalraizesnoticias.com.br\/#\/schema\/person\/a3ca6b0fc701e78df19756c417d943ae\",\"name\":\"Portal Raizes\",\"image\":{\"@type\":\"ImageObject\",\"inLanguage\":\"pt-BR\",\"@id\":\"https:\/\/portalraizesnoticias.com.br\/#\/schema\/person\/image\/\",\"url\":\"https:\/\/secure.gravatar.com\/avatar\/ef450d29013a3d3fba867a12a249d7b1?s=96&d=mm&r=g\",\"contentUrl\":\"https:\/\/secure.gravatar.com\/avatar\/ef450d29013a3d3fba867a12a249d7b1?s=96&d=mm&r=g\",\"caption\":\"Portal Raizes\"},\"url\":\"https:\/\/portalraizesnoticias.com.br\/?author=3\"}]}<\/script>\n<!-- \/ Yoast SEO plugin. -->","yoast_head_json":{"title":"Artigo elaborado por coiteense aborda dificuldades e caminhos da leitura e escrita nas pr\u00e1ticas pedag\u00f3gicas. Confira! - Portal raizes noticias","robots":{"index":"index","follow":"follow","max-snippet":"max-snippet:-1","max-image-preview":"max-image-preview:large","max-video-preview":"max-video-preview:-1"},"canonical":"https:\/\/portalraizesnoticias.com.br\/?p=8803","og_locale":"pt_BR","og_type":"article","og_title":"Artigo elaborado por coiteense aborda dificuldades e caminhos da leitura e escrita nas pr\u00e1ticas pedag\u00f3gicas. Confira! - Portal raizes noticias","og_description":"A moradora de Concei\u00e7\u00e3o do Coit\u00e9, Edineide Ara\u00fajo Silva, de 41 anos, graduada em Letras Vern\u00e1culas pela UNEB e em Pedagogia pela UNOPAR, al\u00e9m de possuir diversas especializa\u00e7\u00f5es na \u00e1rea da educa\u00e7\u00e3o, lan\u00e7ou no dia 20 de abril de 2025 o artigo \u201cLeitura e Escrita: Entraves e Perspectivas de Praxes Pedag\u00f3gicas Ancoradas no Social\u201d. Confira na \u00edntegra: Leitura e Escrita: Entraves e Perspectivas de uma Pr\u00e1xis Pedag\u00f3gica Ancorada no Social. A leitura e a escrita s\u00e3o pilares fundamentais da forma\u00e7\u00e3o humana e da cidadania. Contudo, ainda se configuram como grandes desafios nas pr\u00e1ticas pedag\u00f3gicas da Educa\u00e7\u00e3o B\u00e1sica, sobretudo quando observadas sob a \u00f3tica de contextos sociais diversos e marcados por desigualdades hist\u00f3ricas. Este artigo discute os entraves e as perspectivas que permeiam o ensino da leitura e da escrita, propondo uma reflex\u00e3o sobre a necessidade de uma pr\u00e1xis pedag\u00f3gica ancorada no social, capaz de reconhecer e valorizar as viv\u00eancias culturais e hist\u00f3ricas dos educandos. Ensinar a ler e a escrever \u00e9 muito mais do que ensinar c\u00f3digos lingu\u00edsticos; \u00e9 proporcionar o acesso ao mundo da significa\u00e7\u00e3o, da cr\u00edtica e da transforma\u00e7\u00e3o social. No entanto, o cen\u00e1rio educacional brasileiro ainda revela lacunas significativas nesse processo, sobretudo entre estudantes que vivem em contextos de vulnerabilidade social e educacional. Nas salas de aula, especialmente nas turmas da Educa\u00e7\u00e3o de Jovens e Adultos (EJA) e nos anos iniciais do Ensino Fundamental, \u00e9 comum encontrar alunos com dificuldades de leitura e escrita que n\u00e3o se limitam a quest\u00f5es cognitivas, mas est\u00e3o profundamente relacionadas a aspectos culturais, hist\u00f3ricos e socioecon\u00f4micos. Diante disso, o professor se torna um mediador essencial entre o saber escolar e as experi\u00eancias de vida dos alunos. Entre os principais entraves que dificultam a efetiva\u00e7\u00e3o de uma pr\u00e1tica pedag\u00f3gica significativa no ensino da leitura e da escrita, destacam-se: A descontextualiza\u00e7\u00e3o do ensino: muitas vezes, a leitura e a escrita s\u00e3o ensinadas de forma mec\u00e2nica, desvinculadas da realidade dos estudantes; A falta de forma\u00e7\u00e3o continuada dos professores: a aus\u00eancia de espa\u00e7os formativos que discutam pr\u00e1ticas sociais de leitura e escrita limita a inova\u00e7\u00e3o pedag\u00f3gica; As desigualdades sociais: a exclus\u00e3o digital, o analfabetismo funcional e a baixa escolaridade familiar s\u00e3o fatores que impactam diretamente o desenvolvimento da compet\u00eancia leitora e escritora; A car\u00eancia de materiais e est\u00edmulos culturais: o pouco acesso a livros, bibliotecas e espa\u00e7os de leitura refor\u00e7a o distanciamento dos alunos do universo liter\u00e1rio. Superar tais entraves requer repensar o papel da escola e do educador. \u00c9 preciso que a pr\u00e1tica pedag\u00f3gica seja socialmente situada, ou seja, que parta das experi\u00eancias e do repert\u00f3rio cultural dos alunos. Paulo Freire (1996) j\u00e1 afirmava que \u201ca leitura do mundo precede a leitura da palavra\u201d, indicando que o processo de alfabetiza\u00e7\u00e3o deve ser constru\u00eddo a partir da realidade concreta do sujeito. Algumas perspectivas promissoras incluem: Projetos de leitura e escrita com tem\u00e1ticas locais, valorizando a cultura, a hist\u00f3ria e os saberes da comunidade; Metodologias ativas que coloquem o aluno como protagonista de sua aprendizagem; Pr\u00e1ticas interdisciplinares que relacionem a leitura e a escrita com outras \u00e1reas do conhecimento; Uso cr\u00edtico das tecnologias digitais, ampliando o acesso a diferentes g\u00eaneros textuais e formas de express\u00e3o. Ler e escrever s\u00e3o atos pol\u00edticos e sociais. O desafio da educa\u00e7\u00e3o contempor\u00e2nea \u00e9 fazer com que esses atos ultrapassem o dom\u00ednio t\u00e9cnico e se tornem instrumentos de emancipa\u00e7\u00e3o e transforma\u00e7\u00e3o. Para isso, o educador precisa assumir uma postura reflexiva e comprometida com a realidade de seus alunos, tornando sua pr\u00e1xis pedag\u00f3gica um espa\u00e7o de constru\u00e7\u00e3o de sentidos, de inclus\u00e3o e de valoriza\u00e7\u00e3o das m\u00faltiplas vozes que comp\u00f5em o contexto social da escola. Edineide Ara\u00fajo Silva Graduada em Letras Vern\u00e1culas pela UNEB campus XIV e Pedagogia pela UNOPAR. P\u00f3s-graduada em Psicopedagogia Cl\u00ednica e Institucional; P\u00f3s-graduada em Educa\u00e7\u00e3o Especial e Inclusiva. Professora da rede p\u00fablica municipal de ensino do munic\u00edpio de Concei\u00e7\u00e3o do Coit\u00e9, atualmente atua na coordena\u00e7\u00e3o pedag\u00f3gica.","og_url":"https:\/\/portalraizesnoticias.com.br\/?p=8803","og_site_name":"Portal raizes noticias","article_published_time":"2025-04-21T18:58:20+00:00","article_modified_time":"2025-10-17T22:32:19+00:00","og_image":[{"width":235,"height":170,"url":"https:\/\/portalraizesnoticias.com.br\/wp-content\/uploads\/2025\/10\/IMG-20251017-WA0411.jpg","type":"image\/jpeg"}],"author":"Portal Raizes","twitter_card":"summary_large_image","twitter_misc":{"Escrito por":"Portal Raizes","Est. tempo de leitura":"1 minuto"},"schema":{"@context":"https:\/\/schema.org","@graph":[{"@type":"Article","@id":"https:\/\/portalraizesnoticias.com.br\/?p=8803#article","isPartOf":{"@id":"https:\/\/portalraizesnoticias.com.br\/?p=8803"},"author":{"name":"Portal Raizes","@id":"https:\/\/portalraizesnoticias.com.br\/#\/schema\/person\/a3ca6b0fc701e78df19756c417d943ae"},"headline":"Artigo elaborado por coiteense aborda dificuldades e caminhos da leitura e escrita nas pr\u00e1ticas pedag\u00f3gicas. Confira!","datePublished":"2025-04-21T18:58:20+00:00","dateModified":"2025-10-17T22:32:19+00:00","mainEntityOfPage":{"@id":"https:\/\/portalraizesnoticias.com.br\/?p=8803"},"wordCount":739,"commentCount":0,"publisher":{"@id":"https:\/\/portalraizesnoticias.com.br\/#organization"},"image":{"@id":"https:\/\/portalraizesnoticias.com.br\/?p=8803#primaryimage"},"thumbnailUrl":"https:\/\/portalraizesnoticias.com.br\/wp-content\/uploads\/2025\/10\/IMG-20251017-WA0411.jpg","articleSection":["ENTRETERIMENTO E CULTURA","ULTIMAS NOTICIAS"],"inLanguage":"pt-BR","potentialAction":[{"@type":"CommentAction","name":"Comment","target":["https:\/\/portalraizesnoticias.com.br\/?p=8803#respond"]}]},{"@type":"WebPage","@id":"https:\/\/portalraizesnoticias.com.br\/?p=8803","url":"https:\/\/portalraizesnoticias.com.br\/?p=8803","name":"Artigo elaborado por coiteense aborda dificuldades e caminhos da leitura e escrita nas pr\u00e1ticas pedag\u00f3gicas. Confira! - Portal raizes noticias","isPartOf":{"@id":"https:\/\/portalraizesnoticias.com.br\/#website"},"primaryImageOfPage":{"@id":"https:\/\/portalraizesnoticias.com.br\/?p=8803#primaryimage"},"image":{"@id":"https:\/\/portalraizesnoticias.com.br\/?p=8803#primaryimage"},"thumbnailUrl":"https:\/\/portalraizesnoticias.com.br\/wp-content\/uploads\/2025\/10\/IMG-20251017-WA0411.jpg","datePublished":"2025-04-21T18:58:20+00:00","dateModified":"2025-10-17T22:32:19+00:00","breadcrumb":{"@id":"https:\/\/portalraizesnoticias.com.br\/?p=8803#breadcrumb"},"inLanguage":"pt-BR","potentialAction":[{"@type":"ReadAction","target":["https:\/\/portalraizesnoticias.com.br\/?p=8803"]}]},{"@type":"ImageObject","inLanguage":"pt-BR","@id":"https:\/\/portalraizesnoticias.com.br\/?p=8803#primaryimage","url":"https:\/\/portalraizesnoticias.com.br\/wp-content\/uploads\/2025\/10\/IMG-20251017-WA0411.jpg","contentUrl":"https:\/\/portalraizesnoticias.com.br\/wp-content\/uploads\/2025\/10\/IMG-20251017-WA0411.jpg","width":235,"height":170},{"@type":"BreadcrumbList","@id":"https:\/\/portalraizesnoticias.com.br\/?p=8803#breadcrumb","itemListElement":[{"@type":"ListItem","position":1,"name":"In\u00edcio","item":"https:\/\/portalraizesnoticias.com.br\/"},{"@type":"ListItem","position":2,"name":"Artigo elaborado por coiteense aborda dificuldades e caminhos da leitura e escrita nas pr\u00e1ticas pedag\u00f3gicas. Confira!"}]},{"@type":"WebSite","@id":"https:\/\/portalraizesnoticias.com.br\/#website","url":"https:\/\/portalraizesnoticias.com.br\/","name":"Portal raizes NOTICIAS","description":"site de noticias de concei\u00e7\u00e3o do coit\u00e9 e regi\u00e3o","publisher":{"@id":"https:\/\/portalraizesnoticias.com.br\/#organization"},"alternateName":"PORTAL RAIZES COIT\u00c9","potentialAction":[{"@type":"SearchAction","target":{"@type":"EntryPoint","urlTemplate":"https:\/\/portalraizesnoticias.com.br\/?s={search_term_string}"},"query-input":{"@type":"PropertyValueSpecification","valueRequired":true,"valueName":"search_term_string"}}],"inLanguage":"pt-BR"},{"@type":"Organization","@id":"https:\/\/portalraizesnoticias.com.br\/#organization","name":"Portal raizes NOTICIAS","url":"https:\/\/portalraizesnoticias.com.br\/","logo":{"@type":"ImageObject","inLanguage":"pt-BR","@id":"https:\/\/portalraizesnoticias.com.br\/#\/schema\/logo\/image\/","url":"https:\/\/portalraizesnoticias.com.br\/wp-content\/uploads\/2024\/09\/cropped-Captura-de-tela-2024-09-08-011108.png","contentUrl":"https:\/\/portalraizesnoticias.com.br\/wp-content\/uploads\/2024\/09\/cropped-Captura-de-tela-2024-09-08-011108.png","width":606,"height":173,"caption":"Portal raizes NOTICIAS"},"image":{"@id":"https:\/\/portalraizesnoticias.com.br\/#\/schema\/logo\/image\/"}},{"@type":"Person","@id":"https:\/\/portalraizesnoticias.com.br\/#\/schema\/person\/a3ca6b0fc701e78df19756c417d943ae","name":"Portal Raizes","image":{"@type":"ImageObject","inLanguage":"pt-BR","@id":"https:\/\/portalraizesnoticias.com.br\/#\/schema\/person\/image\/","url":"https:\/\/secure.gravatar.com\/avatar\/ef450d29013a3d3fba867a12a249d7b1?s=96&d=mm&r=g","contentUrl":"https:\/\/secure.gravatar.com\/avatar\/ef450d29013a3d3fba867a12a249d7b1?s=96&d=mm&r=g","caption":"Portal Raizes"},"url":"https:\/\/portalraizesnoticias.com.br\/?author=3"}]}},"_links":{"self":[{"href":"https:\/\/portalraizesnoticias.com.br\/index.php?rest_route=\/wp\/v2\/posts\/8803"}],"collection":[{"href":"https:\/\/portalraizesnoticias.com.br\/index.php?rest_route=\/wp\/v2\/posts"}],"about":[{"href":"https:\/\/portalraizesnoticias.com.br\/index.php?rest_route=\/wp\/v2\/types\/post"}],"author":[{"embeddable":true,"href":"https:\/\/portalraizesnoticias.com.br\/index.php?rest_route=\/wp\/v2\/users\/3"}],"replies":[{"embeddable":true,"href":"https:\/\/portalraizesnoticias.com.br\/index.php?rest_route=%2Fwp%2Fv2%2Fcomments&post=8803"}],"version-history":[{"count":2,"href":"https:\/\/portalraizesnoticias.com.br\/index.php?rest_route=\/wp\/v2\/posts\/8803\/revisions"}],"predecessor-version":[{"id":8806,"href":"https:\/\/portalraizesnoticias.com.br\/index.php?rest_route=\/wp\/v2\/posts\/8803\/revisions\/8806"}],"wp:featuredmedia":[{"embeddable":true,"href":"https:\/\/portalraizesnoticias.com.br\/index.php?rest_route=\/wp\/v2\/media\/8804"}],"wp:attachment":[{"href":"https:\/\/portalraizesnoticias.com.br\/index.php?rest_route=%2Fwp%2Fv2%2Fmedia&parent=8803"}],"wp:term":[{"taxonomy":"category","embeddable":true,"href":"https:\/\/portalraizesnoticias.com.br\/index.php?rest_route=%2Fwp%2Fv2%2Fcategories&post=8803"},{"taxonomy":"post_tag","embeddable":true,"href":"https:\/\/portalraizesnoticias.com.br\/index.php?rest_route=%2Fwp%2Fv2%2Ftags&post=8803"}],"curies":[{"name":"wp","href":"https:\/\/api.w.org\/{rel}","templated":true}]}}