{"id":8773,"date":"2025-10-16T15:13:30","date_gmt":"2025-10-16T18:13:30","guid":{"rendered":"https:\/\/portalraizesnoticias.com.br\/?p=8773"},"modified":"2025-10-16T15:29:53","modified_gmt":"2025-10-16T18:29:53","slug":"de-garcom-a-medico-medico-coiteense-comemora-10-anos-de-formacao-com-consultas-gratuitas-a-idosos-em-conceicao-do-coite","status":"publish","type":"post","link":"https:\/\/portalraizesnoticias.com.br\/?p=8773","title":{"rendered":"De gar\u00e7om a m\u00e9dico: coiteense comemora 10 anos de forma\u00e7\u00e3o com consultas gratuitas a idosos em Concei\u00e7\u00e3o do Coit\u00e9"},"content":{"rendered":"<p>Uma atitude nobre marcar\u00e1 os 10 anos de forma\u00e7\u00e3o do m\u00e9dico Weslley Batista, natural de Concei\u00e7\u00e3o do Coit\u00e9 e especialista em Geriatria, Gerontologia, Cuidados Paliativos e Sa\u00fade P\u00fablica.<\/p>\n<p><img fetchpriority=\"high\" decoding=\"async\" class=\"size-medium wp-image-8774 aligncenter\" src=\"https:\/\/portalraizesnoticias.com.br\/wp-content\/uploads\/2025\/10\/IMG-20251016-WA0489-300x192.jpg\" alt=\"\" width=\"300\" height=\"192\" srcset=\"https:\/\/portalraizesnoticias.com.br\/wp-content\/uploads\/2025\/10\/IMG-20251016-WA0489-300x192.jpg 300w, https:\/\/portalraizesnoticias.com.br\/wp-content\/uploads\/2025\/10\/IMG-20251016-WA0489-768x493.jpg 768w, https:\/\/portalraizesnoticias.com.br\/wp-content\/uploads\/2025\/10\/IMG-20251016-WA0489.jpg 973w\" sizes=\"(max-width: 300px) 100vw, 300px\" \/><\/p>\n<p>Filho de um motorista e de uma dona de casa, Weslley Batista, hoje com 37 anos, conhece de perto os desafios de quem luta para transformar sonhos em realidade. E foi movido por um profundo sentimento de gratid\u00e3o \u00e0 cidade onde tudo come\u00e7ou que ele decidiu oferecer consultas gratuitas a idosos, nesta sexta-feira (17), no Centro de Refer\u00eancia em SA\u00daDE Walter Ramos Guimar\u00e3es, localizado na Rua Juv\u00eancio Mendes<\/p>\n<p>Com um curr\u00edculo admir\u00e1vel, que inclui experi\u00eancias internacionais e atendimento particular com valores entre R$ 400 e R$ 500, o gesto solid\u00e1rio \u00e9, segundo o m\u00e9dico, mais do que uma comemora\u00e7\u00e3o profissional: \u00e9 um ato de retribui\u00e7\u00e3o e afeto.<\/p>\n<p><img decoding=\"async\" class=\"size-medium wp-image-8776 aligncenter\" src=\"https:\/\/portalraizesnoticias.com.br\/wp-content\/uploads\/2025\/10\/IMG_4697-225x300.jpg\" alt=\"\" width=\"225\" height=\"300\" srcset=\"https:\/\/portalraizesnoticias.com.br\/wp-content\/uploads\/2025\/10\/IMG_4697-225x300.jpg 225w, https:\/\/portalraizesnoticias.com.br\/wp-content\/uploads\/2025\/10\/IMG_4697-768x1024.jpg 768w, https:\/\/portalraizesnoticias.com.br\/wp-content\/uploads\/2025\/10\/IMG_4697-1152x1536.jpg 1152w, https:\/\/portalraizesnoticias.com.br\/wp-content\/uploads\/2025\/10\/IMG_4697.jpg 1200w\" sizes=\"(max-width: 225px) 100vw, 225px\" \/><\/p>\n<p>\u201cConcei\u00e7\u00e3o do Coit\u00e9 foi onde tudo come\u00e7ou, onde aprendi os primeiros valores que me guiaram at\u00e9 a medicina\u201d, declarou emocionado em entrevista \u00e0 jornalista Rafaela Rodrigues.<\/p>\n<p><strong>Weslley explicou que reservou 20 vagas especialmente para idosos a qual j\u00e1 foram preenchidas<\/strong>, em um gesto simb\u00f3lico de carinho e reconhecimento aos av\u00f3s, que tiveram papel fundamental em sua escolha pela geriatria<\/p>\n<p>\u201cMais uma vez, dedico este momento aos meus av\u00f3s, guerreiros e amorosos, que inspiraram minha trajet\u00f3ria. Ser\u00e1 uma manh\u00e3 de muito cuidado, e n\u00e3o poderia celebrar de outra forma sen\u00e3o doando meu tempo e conhecimento a quem mais precisa\u201d, afirmou.<\/p>\n<p style=\"text-align: center;\"><img decoding=\"async\" class=\"size-medium wp-image-8094 aligncenter\" src=\"https:\/\/portalraizesnoticias.com.br\/wp-content\/uploads\/2025\/09\/IMG-20250901-WA01191-300x300.jpg\" alt=\"\" width=\"300\" height=\"300\" srcset=\"https:\/\/portalraizesnoticias.com.br\/wp-content\/uploads\/2025\/09\/IMG-20250901-WA01191-300x300.jpg 300w, https:\/\/portalraizesnoticias.com.br\/wp-content\/uploads\/2025\/09\/IMG-20250901-WA01191-150x150.jpg 150w, https:\/\/portalraizesnoticias.com.br\/wp-content\/uploads\/2025\/09\/IMG-20250901-WA01191.jpg 720w\" sizes=\"(max-width: 300px) 100vw, 300px\" \/>.<strong>PUBLICIDADE<\/strong><\/p>\n<p>Atualmente, o m\u00e9dico \u00e9 professor em uma faculdade particular de Coit\u00e9. atua em cl\u00ednicas especializadas no munic\u00edpio e realiza atendimentos domiciliares. Sua trajet\u00f3ria inspira n\u00e3o apenas pela compet\u00eancia profissional, mas pela hist\u00f3ria de supera\u00e7\u00e3o: o jovem que acordava \u00e0s seis da manh\u00e3 para estudar, conciliando o cursinho pr\u00e9-vestibular com o trabalho de gar\u00e7om e a venda de salgados, at\u00e9 conquistar o t\u00e3o sonhado diploma de m\u00e9dico e se tornar refer\u00eancia em dedica\u00e7\u00e3o e generosidade.<\/p>\n<p>Reda\u00e7\u00e3o<\/p>\n","protected":false},"excerpt":{"rendered":"<p>Uma atitude nobre marcar\u00e1 os 10 anos de forma\u00e7\u00e3o do m\u00e9dico Weslley Batista, natural de Concei\u00e7\u00e3o do Coit\u00e9 e especialista em Geriatria, Gerontologia, Cuidados Paliativos e Sa\u00fade P\u00fablica. Filho de um motorista e de uma dona de casa, Weslley Batista, hoje com 37 anos, conhece de perto os desafios de quem luta para transformar sonhos em realidade. E foi movido por um profundo sentimento de gratid\u00e3o \u00e0 cidade onde tudo come\u00e7ou que ele decidiu oferecer consultas gratuitas a idosos, nesta sexta-feira (17), no Centro de Refer\u00eancia em SA\u00daDE Walter Ramos Guimar\u00e3es, localizado na Rua Juv\u00eancio Mendes Com um curr\u00edculo admir\u00e1vel, que inclui experi\u00eancias internacionais e atendimento particular com valores entre R$ 400 e R$ 500, o gesto solid\u00e1rio \u00e9, segundo o m\u00e9dico, mais do que uma comemora\u00e7\u00e3o profissional: \u00e9 um ato de retribui\u00e7\u00e3o e afeto. \u201cConcei\u00e7\u00e3o do Coit\u00e9 foi onde tudo come\u00e7ou, onde aprendi os primeiros valores que me guiaram at\u00e9 a medicina\u201d, declarou emocionado em entrevista \u00e0 jornalista Rafaela Rodrigues. Weslley explicou que reservou 20 vagas especialmente para idosos a qual j\u00e1 foram preenchidas, em um gesto simb\u00f3lico de carinho e reconhecimento aos av\u00f3s, que tiveram papel fundamental em sua escolha pela geriatria \u201cMais uma vez, dedico este momento aos meus av\u00f3s, guerreiros e amorosos, que inspiraram minha trajet\u00f3ria. Ser\u00e1 uma manh\u00e3 de muito cuidado, e n\u00e3o poderia celebrar de outra forma sen\u00e3o doando meu tempo e conhecimento a quem mais precisa\u201d, afirmou. .PUBLICIDADE Atualmente, o m\u00e9dico \u00e9 professor em uma faculdade particular de Coit\u00e9. atua em cl\u00ednicas especializadas no munic\u00edpio e realiza atendimentos domiciliares. Sua trajet\u00f3ria inspira n\u00e3o apenas pela compet\u00eancia profissional, mas pela hist\u00f3ria de supera\u00e7\u00e3o: o jovem que acordava \u00e0s seis da manh\u00e3 para estudar, conciliando o cursinho pr\u00e9-vestibular com o trabalho de gar\u00e7om e a venda de salgados, at\u00e9 conquistar o t\u00e3o sonhado diploma de m\u00e9dico e se tornar refer\u00eancia em dedica\u00e7\u00e3o e generosidade. Reda\u00e7\u00e3o<\/p>\n","protected":false},"author":3,"featured_media":8775,"comment_status":"open","ping_status":"open","sticky":false,"template":"","format":"standard","meta":{"_joinchat":[],"footnotes":""},"categories":[55,86,59],"tags":[75,1327,1328],"class_list":["post-8773","post","type-post","status-publish","format-standard","has-post-thumbnail","hentry","category-destaques","category-saude","category-ultimas-noticias","tag-coite","tag-medico","tag-wesley-batista"],"yoast_head":"<!-- This site is optimized with the Yoast SEO plugin v24.4 - https:\/\/yoast.com\/wordpress\/plugins\/seo\/ -->\n<title>De gar\u00e7om a m\u00e9dico: coiteense comemora 10 anos de forma\u00e7\u00e3o com consultas gratuitas a idosos em Concei\u00e7\u00e3o do Coit\u00e9 - Portal raizes noticias<\/title>\n<meta name=\"robots\" content=\"index, follow, max-snippet:-1, max-image-preview:large, max-video-preview:-1\" \/>\n<link rel=\"canonical\" href=\"https:\/\/portalraizesnoticias.com.br\/?p=8773\" \/>\n<meta property=\"og:locale\" content=\"pt_BR\" \/>\n<meta property=\"og:type\" content=\"article\" \/>\n<meta property=\"og:title\" content=\"De gar\u00e7om a m\u00e9dico: coiteense comemora 10 anos de forma\u00e7\u00e3o com consultas gratuitas a idosos em Concei\u00e7\u00e3o do Coit\u00e9 - Portal raizes noticias\" \/>\n<meta property=\"og:description\" content=\"Uma atitude nobre marcar\u00e1 os 10 anos de forma\u00e7\u00e3o do m\u00e9dico Weslley Batista, natural de Concei\u00e7\u00e3o do Coit\u00e9 e especialista em Geriatria, Gerontologia, Cuidados Paliativos e Sa\u00fade P\u00fablica. Filho de um motorista e de uma dona de casa, Weslley Batista, hoje com 37 anos, conhece de perto os desafios de quem luta para transformar sonhos em realidade. E foi movido por um profundo sentimento de gratid\u00e3o \u00e0 cidade onde tudo come\u00e7ou que ele decidiu oferecer consultas gratuitas a idosos, nesta sexta-feira (17), no Centro de Refer\u00eancia em SA\u00daDE Walter Ramos Guimar\u00e3es, localizado na Rua Juv\u00eancio Mendes Com um curr\u00edculo admir\u00e1vel, que inclui experi\u00eancias internacionais e atendimento particular com valores entre R$ 400 e R$ 500, o gesto solid\u00e1rio \u00e9, segundo o m\u00e9dico, mais do que uma comemora\u00e7\u00e3o profissional: \u00e9 um ato de retribui\u00e7\u00e3o e afeto. \u201cConcei\u00e7\u00e3o do Coit\u00e9 foi onde tudo come\u00e7ou, onde aprendi os primeiros valores que me guiaram at\u00e9 a medicina\u201d, declarou emocionado em entrevista \u00e0 jornalista Rafaela Rodrigues. Weslley explicou que reservou 20 vagas especialmente para idosos a qual j\u00e1 foram preenchidas, em um gesto simb\u00f3lico de carinho e reconhecimento aos av\u00f3s, que tiveram papel fundamental em sua escolha pela geriatria \u201cMais uma vez, dedico este momento aos meus av\u00f3s, guerreiros e amorosos, que inspiraram minha trajet\u00f3ria. Ser\u00e1 uma manh\u00e3 de muito cuidado, e n\u00e3o poderia celebrar de outra forma sen\u00e3o doando meu tempo e conhecimento a quem mais precisa\u201d, afirmou. .PUBLICIDADE Atualmente, o m\u00e9dico \u00e9 professor em uma faculdade particular de Coit\u00e9. atua em cl\u00ednicas especializadas no munic\u00edpio e realiza atendimentos domiciliares. Sua trajet\u00f3ria inspira n\u00e3o apenas pela compet\u00eancia profissional, mas pela hist\u00f3ria de supera\u00e7\u00e3o: o jovem que acordava \u00e0s seis da manh\u00e3 para estudar, conciliando o cursinho pr\u00e9-vestibular com o trabalho de gar\u00e7om e a venda de salgados, at\u00e9 conquistar o t\u00e3o sonhado diploma de m\u00e9dico e se tornar refer\u00eancia em dedica\u00e7\u00e3o e generosidade. Reda\u00e7\u00e3o\" \/>\n<meta property=\"og:url\" content=\"https:\/\/portalraizesnoticias.com.br\/?p=8773\" \/>\n<meta property=\"og:site_name\" content=\"Portal raizes noticias\" \/>\n<meta property=\"article:published_time\" content=\"2025-10-16T18:13:30+00:00\" \/>\n<meta property=\"article:modified_time\" content=\"2025-10-16T18:29:53+00:00\" \/>\n<meta property=\"og:image\" content=\"https:\/\/portalraizesnoticias.com.br\/wp-content\/uploads\/2025\/10\/IMG_6870.jpg\" \/>\n\t<meta property=\"og:image:width\" content=\"720\" \/>\n\t<meta property=\"og:image:height\" content=\"1280\" \/>\n\t<meta property=\"og:image:type\" content=\"image\/jpeg\" \/>\n<meta name=\"author\" content=\"Portal Raizes\" \/>\n<meta name=\"twitter:card\" content=\"summary_large_image\" \/>\n<meta name=\"twitter:label1\" content=\"Escrito por\" \/>\n\t<meta name=\"twitter:data1\" content=\"Portal Raizes\" \/>\n\t<meta name=\"twitter:label2\" content=\"Est. tempo de leitura\" \/>\n\t<meta name=\"twitter:data2\" content=\"3 minutos\" \/>\n<script type=\"application\/ld+json\" class=\"yoast-schema-graph\">{\"@context\":\"https:\/\/schema.org\",\"@graph\":[{\"@type\":\"Article\",\"@id\":\"https:\/\/portalraizesnoticias.com.br\/?p=8773#article\",\"isPartOf\":{\"@id\":\"https:\/\/portalraizesnoticias.com.br\/?p=8773\"},\"author\":{\"name\":\"Portal Raizes\",\"@id\":\"https:\/\/portalraizesnoticias.com.br\/#\/schema\/person\/a3ca6b0fc701e78df19756c417d943ae\"},\"headline\":\"De gar\u00e7om a m\u00e9dico: coiteense comemora 10 anos de forma\u00e7\u00e3o com consultas gratuitas a idosos em Concei\u00e7\u00e3o do Coit\u00e9\",\"datePublished\":\"2025-10-16T18:13:30+00:00\",\"dateModified\":\"2025-10-16T18:29:53+00:00\",\"mainEntityOfPage\":{\"@id\":\"https:\/\/portalraizesnoticias.com.br\/?p=8773\"},\"wordCount\":362,\"commentCount\":0,\"publisher\":{\"@id\":\"https:\/\/portalraizesnoticias.com.br\/#organization\"},\"image\":{\"@id\":\"https:\/\/portalraizesnoticias.com.br\/?p=8773#primaryimage\"},\"thumbnailUrl\":\"https:\/\/portalraizesnoticias.com.br\/wp-content\/uploads\/2025\/10\/IMG_6870.jpg\",\"keywords\":[\"Coit\u00e9\",\"M\u00e9dico\",\"Wesley batista\"],\"articleSection\":[\"DESTAQUES\",\"SA\u00daDE\",\"ULTIMAS NOTICIAS\"],\"inLanguage\":\"pt-BR\",\"potentialAction\":[{\"@type\":\"CommentAction\",\"name\":\"Comment\",\"target\":[\"https:\/\/portalraizesnoticias.com.br\/?p=8773#respond\"]}]},{\"@type\":\"WebPage\",\"@id\":\"https:\/\/portalraizesnoticias.com.br\/?p=8773\",\"url\":\"https:\/\/portalraizesnoticias.com.br\/?p=8773\",\"name\":\"De gar\u00e7om a m\u00e9dico: coiteense comemora 10 anos de forma\u00e7\u00e3o com consultas gratuitas a idosos em Concei\u00e7\u00e3o do Coit\u00e9 - Portal raizes noticias\",\"isPartOf\":{\"@id\":\"https:\/\/portalraizesnoticias.com.br\/#website\"},\"primaryImageOfPage\":{\"@id\":\"https:\/\/portalraizesnoticias.com.br\/?p=8773#primaryimage\"},\"image\":{\"@id\":\"https:\/\/portalraizesnoticias.com.br\/?p=8773#primaryimage\"},\"thumbnailUrl\":\"https:\/\/portalraizesnoticias.com.br\/wp-content\/uploads\/2025\/10\/IMG_6870.jpg\",\"datePublished\":\"2025-10-16T18:13:30+00:00\",\"dateModified\":\"2025-10-16T18:29:53+00:00\",\"breadcrumb\":{\"@id\":\"https:\/\/portalraizesnoticias.com.br\/?p=8773#breadcrumb\"},\"inLanguage\":\"pt-BR\",\"potentialAction\":[{\"@type\":\"ReadAction\",\"target\":[\"https:\/\/portalraizesnoticias.com.br\/?p=8773\"]}]},{\"@type\":\"ImageObject\",\"inLanguage\":\"pt-BR\",\"@id\":\"https:\/\/portalraizesnoticias.com.br\/?p=8773#primaryimage\",\"url\":\"https:\/\/portalraizesnoticias.com.br\/wp-content\/uploads\/2025\/10\/IMG_6870.jpg\",\"contentUrl\":\"https:\/\/portalraizesnoticias.com.br\/wp-content\/uploads\/2025\/10\/IMG_6870.jpg\",\"width\":720,\"height\":1280},{\"@type\":\"BreadcrumbList\",\"@id\":\"https:\/\/portalraizesnoticias.com.br\/?p=8773#breadcrumb\",\"itemListElement\":[{\"@type\":\"ListItem\",\"position\":1,\"name\":\"In\u00edcio\",\"item\":\"https:\/\/portalraizesnoticias.com.br\/\"},{\"@type\":\"ListItem\",\"position\":2,\"name\":\"De gar\u00e7om a m\u00e9dico: coiteense comemora 10 anos de forma\u00e7\u00e3o com consultas gratuitas a idosos em Concei\u00e7\u00e3o do Coit\u00e9\"}]},{\"@type\":\"WebSite\",\"@id\":\"https:\/\/portalraizesnoticias.com.br\/#website\",\"url\":\"https:\/\/portalraizesnoticias.com.br\/\",\"name\":\"Portal raizes NOTICIAS\",\"description\":\"site de noticias de concei\u00e7\u00e3o do coit\u00e9 e regi\u00e3o\",\"publisher\":{\"@id\":\"https:\/\/portalraizesnoticias.com.br\/#organization\"},\"alternateName\":\"PORTAL RAIZES COIT\u00c9\",\"potentialAction\":[{\"@type\":\"SearchAction\",\"target\":{\"@type\":\"EntryPoint\",\"urlTemplate\":\"https:\/\/portalraizesnoticias.com.br\/?s={search_term_string}\"},\"query-input\":{\"@type\":\"PropertyValueSpecification\",\"valueRequired\":true,\"valueName\":\"search_term_string\"}}],\"inLanguage\":\"pt-BR\"},{\"@type\":\"Organization\",\"@id\":\"https:\/\/portalraizesnoticias.com.br\/#organization\",\"name\":\"Portal raizes NOTICIAS\",\"url\":\"https:\/\/portalraizesnoticias.com.br\/\",\"logo\":{\"@type\":\"ImageObject\",\"inLanguage\":\"pt-BR\",\"@id\":\"https:\/\/portalraizesnoticias.com.br\/#\/schema\/logo\/image\/\",\"url\":\"https:\/\/portalraizesnoticias.com.br\/wp-content\/uploads\/2024\/09\/cropped-Captura-de-tela-2024-09-08-011108.png\",\"contentUrl\":\"https:\/\/portalraizesnoticias.com.br\/wp-content\/uploads\/2024\/09\/cropped-Captura-de-tela-2024-09-08-011108.png\",\"width\":606,\"height\":173,\"caption\":\"Portal raizes NOTICIAS\"},\"image\":{\"@id\":\"https:\/\/portalraizesnoticias.com.br\/#\/schema\/logo\/image\/\"}},{\"@type\":\"Person\",\"@id\":\"https:\/\/portalraizesnoticias.com.br\/#\/schema\/person\/a3ca6b0fc701e78df19756c417d943ae\",\"name\":\"Portal Raizes\",\"image\":{\"@type\":\"ImageObject\",\"inLanguage\":\"pt-BR\",\"@id\":\"https:\/\/portalraizesnoticias.com.br\/#\/schema\/person\/image\/\",\"url\":\"https:\/\/secure.gravatar.com\/avatar\/ef450d29013a3d3fba867a12a249d7b1?s=96&d=mm&r=g\",\"contentUrl\":\"https:\/\/secure.gravatar.com\/avatar\/ef450d29013a3d3fba867a12a249d7b1?s=96&d=mm&r=g\",\"caption\":\"Portal Raizes\"},\"url\":\"https:\/\/portalraizesnoticias.com.br\/?author=3\"}]}<\/script>\n<!-- \/ Yoast SEO plugin. -->","yoast_head_json":{"title":"De gar\u00e7om a m\u00e9dico: coiteense comemora 10 anos de forma\u00e7\u00e3o com consultas gratuitas a idosos em Concei\u00e7\u00e3o do Coit\u00e9 - Portal raizes noticias","robots":{"index":"index","follow":"follow","max-snippet":"max-snippet:-1","max-image-preview":"max-image-preview:large","max-video-preview":"max-video-preview:-1"},"canonical":"https:\/\/portalraizesnoticias.com.br\/?p=8773","og_locale":"pt_BR","og_type":"article","og_title":"De gar\u00e7om a m\u00e9dico: coiteense comemora 10 anos de forma\u00e7\u00e3o com consultas gratuitas a idosos em Concei\u00e7\u00e3o do Coit\u00e9 - Portal raizes noticias","og_description":"Uma atitude nobre marcar\u00e1 os 10 anos de forma\u00e7\u00e3o do m\u00e9dico Weslley Batista, natural de Concei\u00e7\u00e3o do Coit\u00e9 e especialista em Geriatria, Gerontologia, Cuidados Paliativos e Sa\u00fade P\u00fablica. Filho de um motorista e de uma dona de casa, Weslley Batista, hoje com 37 anos, conhece de perto os desafios de quem luta para transformar sonhos em realidade. E foi movido por um profundo sentimento de gratid\u00e3o \u00e0 cidade onde tudo come\u00e7ou que ele decidiu oferecer consultas gratuitas a idosos, nesta sexta-feira (17), no Centro de Refer\u00eancia em SA\u00daDE Walter Ramos Guimar\u00e3es, localizado na Rua Juv\u00eancio Mendes Com um curr\u00edculo admir\u00e1vel, que inclui experi\u00eancias internacionais e atendimento particular com valores entre R$ 400 e R$ 500, o gesto solid\u00e1rio \u00e9, segundo o m\u00e9dico, mais do que uma comemora\u00e7\u00e3o profissional: \u00e9 um ato de retribui\u00e7\u00e3o e afeto. \u201cConcei\u00e7\u00e3o do Coit\u00e9 foi onde tudo come\u00e7ou, onde aprendi os primeiros valores que me guiaram at\u00e9 a medicina\u201d, declarou emocionado em entrevista \u00e0 jornalista Rafaela Rodrigues. Weslley explicou que reservou 20 vagas especialmente para idosos a qual j\u00e1 foram preenchidas, em um gesto simb\u00f3lico de carinho e reconhecimento aos av\u00f3s, que tiveram papel fundamental em sua escolha pela geriatria \u201cMais uma vez, dedico este momento aos meus av\u00f3s, guerreiros e amorosos, que inspiraram minha trajet\u00f3ria. Ser\u00e1 uma manh\u00e3 de muito cuidado, e n\u00e3o poderia celebrar de outra forma sen\u00e3o doando meu tempo e conhecimento a quem mais precisa\u201d, afirmou. .PUBLICIDADE Atualmente, o m\u00e9dico \u00e9 professor em uma faculdade particular de Coit\u00e9. atua em cl\u00ednicas especializadas no munic\u00edpio e realiza atendimentos domiciliares. Sua trajet\u00f3ria inspira n\u00e3o apenas pela compet\u00eancia profissional, mas pela hist\u00f3ria de supera\u00e7\u00e3o: o jovem que acordava \u00e0s seis da manh\u00e3 para estudar, conciliando o cursinho pr\u00e9-vestibular com o trabalho de gar\u00e7om e a venda de salgados, at\u00e9 conquistar o t\u00e3o sonhado diploma de m\u00e9dico e se tornar refer\u00eancia em dedica\u00e7\u00e3o e generosidade. Reda\u00e7\u00e3o","og_url":"https:\/\/portalraizesnoticias.com.br\/?p=8773","og_site_name":"Portal raizes noticias","article_published_time":"2025-10-16T18:13:30+00:00","article_modified_time":"2025-10-16T18:29:53+00:00","og_image":[{"width":720,"height":1280,"url":"https:\/\/portalraizesnoticias.com.br\/wp-content\/uploads\/2025\/10\/IMG_6870.jpg","type":"image\/jpeg"}],"author":"Portal Raizes","twitter_card":"summary_large_image","twitter_misc":{"Escrito por":"Portal Raizes","Est. tempo de leitura":"3 minutos"},"schema":{"@context":"https:\/\/schema.org","@graph":[{"@type":"Article","@id":"https:\/\/portalraizesnoticias.com.br\/?p=8773#article","isPartOf":{"@id":"https:\/\/portalraizesnoticias.com.br\/?p=8773"},"author":{"name":"Portal Raizes","@id":"https:\/\/portalraizesnoticias.com.br\/#\/schema\/person\/a3ca6b0fc701e78df19756c417d943ae"},"headline":"De gar\u00e7om a m\u00e9dico: coiteense comemora 10 anos de forma\u00e7\u00e3o com consultas gratuitas a idosos em Concei\u00e7\u00e3o do Coit\u00e9","datePublished":"2025-10-16T18:13:30+00:00","dateModified":"2025-10-16T18:29:53+00:00","mainEntityOfPage":{"@id":"https:\/\/portalraizesnoticias.com.br\/?p=8773"},"wordCount":362,"commentCount":0,"publisher":{"@id":"https:\/\/portalraizesnoticias.com.br\/#organization"},"image":{"@id":"https:\/\/portalraizesnoticias.com.br\/?p=8773#primaryimage"},"thumbnailUrl":"https:\/\/portalraizesnoticias.com.br\/wp-content\/uploads\/2025\/10\/IMG_6870.jpg","keywords":["Coit\u00e9","M\u00e9dico","Wesley batista"],"articleSection":["DESTAQUES","SA\u00daDE","ULTIMAS NOTICIAS"],"inLanguage":"pt-BR","potentialAction":[{"@type":"CommentAction","name":"Comment","target":["https:\/\/portalraizesnoticias.com.br\/?p=8773#respond"]}]},{"@type":"WebPage","@id":"https:\/\/portalraizesnoticias.com.br\/?p=8773","url":"https:\/\/portalraizesnoticias.com.br\/?p=8773","name":"De gar\u00e7om a m\u00e9dico: coiteense comemora 10 anos de forma\u00e7\u00e3o com consultas gratuitas a idosos em Concei\u00e7\u00e3o do Coit\u00e9 - Portal raizes noticias","isPartOf":{"@id":"https:\/\/portalraizesnoticias.com.br\/#website"},"primaryImageOfPage":{"@id":"https:\/\/portalraizesnoticias.com.br\/?p=8773#primaryimage"},"image":{"@id":"https:\/\/portalraizesnoticias.com.br\/?p=8773#primaryimage"},"thumbnailUrl":"https:\/\/portalraizesnoticias.com.br\/wp-content\/uploads\/2025\/10\/IMG_6870.jpg","datePublished":"2025-10-16T18:13:30+00:00","dateModified":"2025-10-16T18:29:53+00:00","breadcrumb":{"@id":"https:\/\/portalraizesnoticias.com.br\/?p=8773#breadcrumb"},"inLanguage":"pt-BR","potentialAction":[{"@type":"ReadAction","target":["https:\/\/portalraizesnoticias.com.br\/?p=8773"]}]},{"@type":"ImageObject","inLanguage":"pt-BR","@id":"https:\/\/portalraizesnoticias.com.br\/?p=8773#primaryimage","url":"https:\/\/portalraizesnoticias.com.br\/wp-content\/uploads\/2025\/10\/IMG_6870.jpg","contentUrl":"https:\/\/portalraizesnoticias.com.br\/wp-content\/uploads\/2025\/10\/IMG_6870.jpg","width":720,"height":1280},{"@type":"BreadcrumbList","@id":"https:\/\/portalraizesnoticias.com.br\/?p=8773#breadcrumb","itemListElement":[{"@type":"ListItem","position":1,"name":"In\u00edcio","item":"https:\/\/portalraizesnoticias.com.br\/"},{"@type":"ListItem","position":2,"name":"De gar\u00e7om a m\u00e9dico: coiteense comemora 10 anos de forma\u00e7\u00e3o com consultas gratuitas a idosos em Concei\u00e7\u00e3o do Coit\u00e9"}]},{"@type":"WebSite","@id":"https:\/\/portalraizesnoticias.com.br\/#website","url":"https:\/\/portalraizesnoticias.com.br\/","name":"Portal raizes NOTICIAS","description":"site de noticias de concei\u00e7\u00e3o do coit\u00e9 e regi\u00e3o","publisher":{"@id":"https:\/\/portalraizesnoticias.com.br\/#organization"},"alternateName":"PORTAL RAIZES COIT\u00c9","potentialAction":[{"@type":"SearchAction","target":{"@type":"EntryPoint","urlTemplate":"https:\/\/portalraizesnoticias.com.br\/?s={search_term_string}"},"query-input":{"@type":"PropertyValueSpecification","valueRequired":true,"valueName":"search_term_string"}}],"inLanguage":"pt-BR"},{"@type":"Organization","@id":"https:\/\/portalraizesnoticias.com.br\/#organization","name":"Portal raizes NOTICIAS","url":"https:\/\/portalraizesnoticias.com.br\/","logo":{"@type":"ImageObject","inLanguage":"pt-BR","@id":"https:\/\/portalraizesnoticias.com.br\/#\/schema\/logo\/image\/","url":"https:\/\/portalraizesnoticias.com.br\/wp-content\/uploads\/2024\/09\/cropped-Captura-de-tela-2024-09-08-011108.png","contentUrl":"https:\/\/portalraizesnoticias.com.br\/wp-content\/uploads\/2024\/09\/cropped-Captura-de-tela-2024-09-08-011108.png","width":606,"height":173,"caption":"Portal raizes NOTICIAS"},"image":{"@id":"https:\/\/portalraizesnoticias.com.br\/#\/schema\/logo\/image\/"}},{"@type":"Person","@id":"https:\/\/portalraizesnoticias.com.br\/#\/schema\/person\/a3ca6b0fc701e78df19756c417d943ae","name":"Portal Raizes","image":{"@type":"ImageObject","inLanguage":"pt-BR","@id":"https:\/\/portalraizesnoticias.com.br\/#\/schema\/person\/image\/","url":"https:\/\/secure.gravatar.com\/avatar\/ef450d29013a3d3fba867a12a249d7b1?s=96&d=mm&r=g","contentUrl":"https:\/\/secure.gravatar.com\/avatar\/ef450d29013a3d3fba867a12a249d7b1?s=96&d=mm&r=g","caption":"Portal Raizes"},"url":"https:\/\/portalraizesnoticias.com.br\/?author=3"}]}},"_links":{"self":[{"href":"https:\/\/portalraizesnoticias.com.br\/index.php?rest_route=\/wp\/v2\/posts\/8773"}],"collection":[{"href":"https:\/\/portalraizesnoticias.com.br\/index.php?rest_route=\/wp\/v2\/posts"}],"about":[{"href":"https:\/\/portalraizesnoticias.com.br\/index.php?rest_route=\/wp\/v2\/types\/post"}],"author":[{"embeddable":true,"href":"https:\/\/portalraizesnoticias.com.br\/index.php?rest_route=\/wp\/v2\/users\/3"}],"replies":[{"embeddable":true,"href":"https:\/\/portalraizesnoticias.com.br\/index.php?rest_route=%2Fwp%2Fv2%2Fcomments&post=8773"}],"version-history":[{"count":4,"href":"https:\/\/portalraizesnoticias.com.br\/index.php?rest_route=\/wp\/v2\/posts\/8773\/revisions"}],"predecessor-version":[{"id":8781,"href":"https:\/\/portalraizesnoticias.com.br\/index.php?rest_route=\/wp\/v2\/posts\/8773\/revisions\/8781"}],"wp:featuredmedia":[{"embeddable":true,"href":"https:\/\/portalraizesnoticias.com.br\/index.php?rest_route=\/wp\/v2\/media\/8775"}],"wp:attachment":[{"href":"https:\/\/portalraizesnoticias.com.br\/index.php?rest_route=%2Fwp%2Fv2%2Fmedia&parent=8773"}],"wp:term":[{"taxonomy":"category","embeddable":true,"href":"https:\/\/portalraizesnoticias.com.br\/index.php?rest_route=%2Fwp%2Fv2%2Fcategories&post=8773"},{"taxonomy":"post_tag","embeddable":true,"href":"https:\/\/portalraizesnoticias.com.br\/index.php?rest_route=%2Fwp%2Fv2%2Ftags&post=8773"}],"curies":[{"name":"wp","href":"https:\/\/api.w.org\/{rel}","templated":true}]}}