{"id":8765,"date":"2025-10-16T13:50:52","date_gmt":"2025-10-16T16:50:52","guid":{"rendered":"https:\/\/portalraizesnoticias.com.br\/?p=8765"},"modified":"2025-10-16T13:53:06","modified_gmt":"2025-10-16T16:53:06","slug":"operacao-forca-total-pms-de-conceicao-do-coite-apreendem-arma-de-fogo-apos-homem-ameacar-o-proprio-irmao-veiculos-sucata-tambem-sao-recolhidos-em-outra-localidade","status":"publish","type":"post","link":"https:\/\/portalraizesnoticias.com.br\/?p=8765","title":{"rendered":"Opera\u00e7\u00e3o For\u00e7a Total: PMs de Concei\u00e7\u00e3o do Coit\u00e9 apreendem arma de fogo ap\u00f3s homem amea\u00e7ar o pr\u00f3prio irm\u00e3o; ve\u00edculos sucata tamb\u00e9m s\u00e3o recolhidos em outra localidade"},"content":{"rendered":"<p>Durante mais uma edi\u00e7\u00e3o da Opera\u00e7\u00e3o For\u00e7a Total na Bahia, os policiais militares da 4\u00aa Companhia de Concei\u00e7\u00e3o do Coit\u00e9 intensificam a\u00e7\u00f5es para combater a criminalidade no munic\u00edpio.<\/p>\n<p>No final da manh\u00e3 desta quinta-feira (16), os agentes foram acionados at\u00e9 a Fazenda Caldeir\u00e3o, na localidade de Santa Rosa, ap\u00f3s receberem den\u00fancia de que um indiv\u00edduo estaria amea\u00e7ando o pr\u00f3prio irm\u00e3o com uma arma de fogo.<\/p>\n<p><img fetchpriority=\"high\" decoding=\"async\" class=\"size-medium wp-image-8769 aligncenter\" src=\"https:\/\/portalraizesnoticias.com.br\/wp-content\/uploads\/2025\/10\/IMG-20251016-WA0418-169x300.jpg\" alt=\"\" width=\"169\" height=\"300\" srcset=\"https:\/\/portalraizesnoticias.com.br\/wp-content\/uploads\/2025\/10\/IMG-20251016-WA0418-169x300.jpg 169w, https:\/\/portalraizesnoticias.com.br\/wp-content\/uploads\/2025\/10\/IMG-20251016-WA0418-576x1024.jpg 576w, https:\/\/portalraizesnoticias.com.br\/wp-content\/uploads\/2025\/10\/IMG-20251016-WA0418.jpg 720w\" sizes=\"(max-width: 169px) 100vw, 169px\" \/><\/p>\n<p>Ao chegarem ao local, o suspeito avistou a viatura e conseguiu fugir, mas a pol\u00edcia apreendeu uma espingarda de fabrica\u00e7\u00e3o artesanal pr\u00f3xima \u00e0 resid\u00eancia. A v\u00edtima foi orientada a registrar um Boletim de Ocorr\u00eancia (BO) na delegacia.<\/p>\n<p><strong>Apreens\u00f5es de ve\u00edculos irregulares<\/strong><\/p>\n<p>Poucos minutos ap\u00f3s a ocorr\u00eancia na zona rural, a Pol\u00edcia Militar apreendeu duas motocicletas em situa\u00e7\u00e3o de sucata na regi\u00e3o da Pinda. Esta j\u00e1 \u00e9 a 11\u00aa apreens\u00e3o de ve\u00edculos irregulares somente nesta semana.<\/p>\n<p><img decoding=\"async\" class=\"size-medium wp-image-7771 aligncenter\" src=\"https:\/\/portalraizesnoticias.com.br\/wp-content\/uploads\/2025\/08\/IMG-20250814-WA05541-300x289.jpg\" alt=\"\" width=\"300\" height=\"289\" srcset=\"https:\/\/portalraizesnoticias.com.br\/wp-content\/uploads\/2025\/08\/IMG-20250814-WA05541-300x289.jpg 300w, https:\/\/portalraizesnoticias.com.br\/wp-content\/uploads\/2025\/08\/IMG-20250814-WA05541-1024x988.jpg 1024w, https:\/\/portalraizesnoticias.com.br\/wp-content\/uploads\/2025\/08\/IMG-20250814-WA05541-768x741.jpg 768w, https:\/\/portalraizesnoticias.com.br\/wp-content\/uploads\/2025\/08\/IMG-20250814-WA05541.jpg 1180w\" sizes=\"(max-width: 300px) 100vw, 300px\" \/><\/p>\n<p style=\"text-align: center;\"><strong>PUBLICIDADE<\/strong><\/p>\n<p>As autoridades refor\u00e7am que a circula\u00e7\u00e3o desses ve\u00edculos, que deveriam ser utilizados apenas como pe\u00e7as, representa um grande risco de acidentes e contribui para a pr\u00e1tica de crimes na cidade.<\/p>\n<div style=\"width: 640px;\" class=\"wp-video\"><!--[if lt IE 9]><script>document.createElement('video');<\/script><![endif]-->\n<video class=\"wp-video-shortcode\" id=\"video-8765-1\" width=\"640\" height=\"480\" preload=\"metadata\" controls=\"controls\"><source type=\"video\/mp4\" src=\"https:\/\/portalraizesnoticias.com.br\/wp-content\/uploads\/2025\/10\/VID-20251016-WA0422.mp4?_=1\" \/><a href=\"https:\/\/portalraizesnoticias.com.br\/wp-content\/uploads\/2025\/10\/VID-20251016-WA0422.mp4\">https:\/\/portalraizesnoticias.com.br\/wp-content\/uploads\/2025\/10\/VID-20251016-WA0422.mp4<\/a><\/video><\/div>\n<p>Vale ressaltar que circular com ve\u00edculos que possuam sinais identificadores suprimidos ou adulterados \u00e9 crime, previsto no artigo 311 do C\u00f3digo Penal, com pena de reclus\u00e3o de 3 a 8 anos, al\u00e9m de multa, sem direito a fian\u00e7a desde 2024, conforme altera\u00e7\u00e3o na legisla\u00e7\u00e3o.<\/p>\n<p><img decoding=\"async\" class=\"size-medium wp-image-8767 aligncenter\" src=\"https:\/\/portalraizesnoticias.com.br\/wp-content\/uploads\/2025\/10\/20251016134131-225x300.jpg\" alt=\"\" width=\"225\" height=\"300\" srcset=\"https:\/\/portalraizesnoticias.com.br\/wp-content\/uploads\/2025\/10\/20251016134131-225x300.jpg 225w, https:\/\/portalraizesnoticias.com.br\/wp-content\/uploads\/2025\/10\/20251016134131-768x1024.jpg 768w, https:\/\/portalraizesnoticias.com.br\/wp-content\/uploads\/2025\/10\/20251016134131.jpg 960w\" sizes=\"(max-width: 225px) 100vw, 225px\" \/><\/p>\n<p>A Opera\u00e7\u00e3o For\u00e7a Total segue at\u00e9 a meia-noite de hoje e promete resultados expressivos na redu\u00e7\u00e3o da criminalidade, na fiscaliza\u00e7\u00e3o de ve\u00edculos irregulares e na diminui\u00e7\u00e3o de Crimes Violentos Letais Intencionais (CVLI) em Concei\u00e7\u00e3o do Coit\u00e9.<\/p>\n<p>Reda\u00e7\u00e3o<\/p>\n<p>Fotos: PM<\/p>\n","protected":false},"excerpt":{"rendered":"<p>Durante mais uma edi\u00e7\u00e3o da Opera\u00e7\u00e3o For\u00e7a Total na Bahia, os policiais militares da 4\u00aa Companhia de Concei\u00e7\u00e3o do Coit\u00e9 intensificam a\u00e7\u00f5es para combater a criminalidade no munic\u00edpio. No final da manh\u00e3 desta quinta-feira (16), os agentes foram acionados at\u00e9 a Fazenda Caldeir\u00e3o, na localidade de Santa Rosa, ap\u00f3s receberem den\u00fancia de que um indiv\u00edduo estaria amea\u00e7ando o pr\u00f3prio irm\u00e3o com uma arma de fogo. Ao chegarem ao local, o suspeito avistou a viatura e conseguiu fugir, mas a pol\u00edcia apreendeu uma espingarda de fabrica\u00e7\u00e3o artesanal pr\u00f3xima \u00e0 resid\u00eancia. A v\u00edtima foi orientada a registrar um Boletim de Ocorr\u00eancia (BO) na delegacia. Apreens\u00f5es de ve\u00edculos irregulares Poucos minutos ap\u00f3s a ocorr\u00eancia na zona rural, a Pol\u00edcia Militar apreendeu duas motocicletas em situa\u00e7\u00e3o de sucata na regi\u00e3o da Pinda. Esta j\u00e1 \u00e9 a 11\u00aa apreens\u00e3o de ve\u00edculos irregulares somente nesta semana. PUBLICIDADE As autoridades refor\u00e7am que a circula\u00e7\u00e3o desses ve\u00edculos, que deveriam ser utilizados apenas como pe\u00e7as, representa um grande risco de acidentes e contribui para a pr\u00e1tica de crimes na cidade. Vale ressaltar que circular com ve\u00edculos que possuam sinais identificadores suprimidos ou adulterados \u00e9 crime, previsto no artigo 311 do C\u00f3digo Penal, com pena de reclus\u00e3o de 3 a 8 anos, al\u00e9m de multa, sem direito a fian\u00e7a desde 2024, conforme altera\u00e7\u00e3o na legisla\u00e7\u00e3o. A Opera\u00e7\u00e3o For\u00e7a Total segue at\u00e9 a meia-noite de hoje e promete resultados expressivos na redu\u00e7\u00e3o da criminalidade, na fiscaliza\u00e7\u00e3o de ve\u00edculos irregulares e na diminui\u00e7\u00e3o de Crimes Violentos Letais Intencionais (CVLI) em Concei\u00e7\u00e3o do Coit\u00e9. Reda\u00e7\u00e3o Fotos: PM<\/p>\n","protected":false},"author":3,"featured_media":8766,"comment_status":"open","ping_status":"open","sticky":false,"template":"","format":"standard","meta":{"_joinchat":[],"footnotes":""},"categories":[55,67,59],"tags":[75,1021],"class_list":["post-8765","post","type-post","status-publish","format-standard","has-post-thumbnail","hentry","category-destaques","category-policia","category-ultimas-noticias","tag-coite","tag-operacao-forca-total"],"yoast_head":"<!-- This site is optimized with the Yoast SEO plugin v24.4 - https:\/\/yoast.com\/wordpress\/plugins\/seo\/ -->\n<title>Opera\u00e7\u00e3o For\u00e7a Total: PMs de Concei\u00e7\u00e3o do Coit\u00e9 apreendem arma de fogo ap\u00f3s homem amea\u00e7ar o pr\u00f3prio irm\u00e3o; ve\u00edculos sucata tamb\u00e9m s\u00e3o recolhidos em outra localidade - Portal raizes noticias<\/title>\n<meta name=\"robots\" content=\"index, follow, max-snippet:-1, max-image-preview:large, max-video-preview:-1\" \/>\n<link rel=\"canonical\" href=\"https:\/\/portalraizesnoticias.com.br\/?p=8765\" \/>\n<meta property=\"og:locale\" content=\"pt_BR\" \/>\n<meta property=\"og:type\" content=\"article\" \/>\n<meta property=\"og:title\" content=\"Opera\u00e7\u00e3o For\u00e7a Total: PMs de Concei\u00e7\u00e3o do Coit\u00e9 apreendem arma de fogo ap\u00f3s homem amea\u00e7ar o pr\u00f3prio irm\u00e3o; ve\u00edculos sucata tamb\u00e9m s\u00e3o recolhidos em outra localidade - Portal raizes noticias\" \/>\n<meta property=\"og:description\" content=\"Durante mais uma edi\u00e7\u00e3o da Opera\u00e7\u00e3o For\u00e7a Total na Bahia, os policiais militares da 4\u00aa Companhia de Concei\u00e7\u00e3o do Coit\u00e9 intensificam a\u00e7\u00f5es para combater a criminalidade no munic\u00edpio. No final da manh\u00e3 desta quinta-feira (16), os agentes foram acionados at\u00e9 a Fazenda Caldeir\u00e3o, na localidade de Santa Rosa, ap\u00f3s receberem den\u00fancia de que um indiv\u00edduo estaria amea\u00e7ando o pr\u00f3prio irm\u00e3o com uma arma de fogo. Ao chegarem ao local, o suspeito avistou a viatura e conseguiu fugir, mas a pol\u00edcia apreendeu uma espingarda de fabrica\u00e7\u00e3o artesanal pr\u00f3xima \u00e0 resid\u00eancia. A v\u00edtima foi orientada a registrar um Boletim de Ocorr\u00eancia (BO) na delegacia. Apreens\u00f5es de ve\u00edculos irregulares Poucos minutos ap\u00f3s a ocorr\u00eancia na zona rural, a Pol\u00edcia Militar apreendeu duas motocicletas em situa\u00e7\u00e3o de sucata na regi\u00e3o da Pinda. Esta j\u00e1 \u00e9 a 11\u00aa apreens\u00e3o de ve\u00edculos irregulares somente nesta semana. PUBLICIDADE As autoridades refor\u00e7am que a circula\u00e7\u00e3o desses ve\u00edculos, que deveriam ser utilizados apenas como pe\u00e7as, representa um grande risco de acidentes e contribui para a pr\u00e1tica de crimes na cidade. Vale ressaltar que circular com ve\u00edculos que possuam sinais identificadores suprimidos ou adulterados \u00e9 crime, previsto no artigo 311 do C\u00f3digo Penal, com pena de reclus\u00e3o de 3 a 8 anos, al\u00e9m de multa, sem direito a fian\u00e7a desde 2024, conforme altera\u00e7\u00e3o na legisla\u00e7\u00e3o. A Opera\u00e7\u00e3o For\u00e7a Total segue at\u00e9 a meia-noite de hoje e promete resultados expressivos na redu\u00e7\u00e3o da criminalidade, na fiscaliza\u00e7\u00e3o de ve\u00edculos irregulares e na diminui\u00e7\u00e3o de Crimes Violentos Letais Intencionais (CVLI) em Concei\u00e7\u00e3o do Coit\u00e9. Reda\u00e7\u00e3o Fotos: PM\" \/>\n<meta property=\"og:url\" content=\"https:\/\/portalraizesnoticias.com.br\/?p=8765\" \/>\n<meta property=\"og:site_name\" content=\"Portal raizes noticias\" \/>\n<meta property=\"article:published_time\" content=\"2025-10-16T16:50:52+00:00\" \/>\n<meta property=\"article:modified_time\" content=\"2025-10-16T16:53:06+00:00\" \/>\n<meta property=\"og:image\" content=\"https:\/\/portalraizesnoticias.com.br\/wp-content\/uploads\/2025\/10\/IMG-20251016-WA0427.jpg\" \/>\n\t<meta property=\"og:image:width\" content=\"1280\" \/>\n\t<meta property=\"og:image:height\" content=\"1280\" \/>\n\t<meta property=\"og:image:type\" content=\"image\/jpeg\" \/>\n<meta name=\"author\" content=\"Portal Raizes\" \/>\n<meta name=\"twitter:card\" content=\"summary_large_image\" \/>\n<meta name=\"twitter:label1\" content=\"Escrito por\" \/>\n\t<meta name=\"twitter:data1\" content=\"Portal Raizes\" \/>\n\t<meta name=\"twitter:label2\" content=\"Est. tempo de leitura\" \/>\n\t<meta name=\"twitter:data2\" content=\"3 minutos\" \/>\n<script type=\"application\/ld+json\" class=\"yoast-schema-graph\">{\"@context\":\"https:\/\/schema.org\",\"@graph\":[{\"@type\":\"Article\",\"@id\":\"https:\/\/portalraizesnoticias.com.br\/?p=8765#article\",\"isPartOf\":{\"@id\":\"https:\/\/portalraizesnoticias.com.br\/?p=8765\"},\"author\":{\"name\":\"Portal Raizes\",\"@id\":\"https:\/\/portalraizesnoticias.com.br\/#\/schema\/person\/a3ca6b0fc701e78df19756c417d943ae\"},\"headline\":\"Opera\u00e7\u00e3o For\u00e7a Total: PMs de Concei\u00e7\u00e3o do Coit\u00e9 apreendem arma de fogo ap\u00f3s homem amea\u00e7ar o pr\u00f3prio irm\u00e3o; ve\u00edculos sucata tamb\u00e9m s\u00e3o recolhidos em outra localidade\",\"datePublished\":\"2025-10-16T16:50:52+00:00\",\"dateModified\":\"2025-10-16T16:53:06+00:00\",\"mainEntityOfPage\":{\"@id\":\"https:\/\/portalraizesnoticias.com.br\/?p=8765\"},\"wordCount\":342,\"commentCount\":0,\"publisher\":{\"@id\":\"https:\/\/portalraizesnoticias.com.br\/#organization\"},\"image\":{\"@id\":\"https:\/\/portalraizesnoticias.com.br\/?p=8765#primaryimage\"},\"thumbnailUrl\":\"https:\/\/portalraizesnoticias.com.br\/wp-content\/uploads\/2025\/10\/IMG-20251016-WA0427.jpg\",\"keywords\":[\"Coit\u00e9\",\"Opera\u00e7\u00e3o for\u00e7a total\"],\"articleSection\":[\"DESTAQUES\",\"POLICIA\",\"ULTIMAS NOTICIAS\"],\"inLanguage\":\"pt-BR\",\"potentialAction\":[{\"@type\":\"CommentAction\",\"name\":\"Comment\",\"target\":[\"https:\/\/portalraizesnoticias.com.br\/?p=8765#respond\"]}]},{\"@type\":\"WebPage\",\"@id\":\"https:\/\/portalraizesnoticias.com.br\/?p=8765\",\"url\":\"https:\/\/portalraizesnoticias.com.br\/?p=8765\",\"name\":\"Opera\u00e7\u00e3o For\u00e7a Total: PMs de Concei\u00e7\u00e3o do Coit\u00e9 apreendem arma de fogo ap\u00f3s homem amea\u00e7ar o pr\u00f3prio irm\u00e3o; ve\u00edculos sucata tamb\u00e9m s\u00e3o recolhidos em outra localidade - Portal raizes noticias\",\"isPartOf\":{\"@id\":\"https:\/\/portalraizesnoticias.com.br\/#website\"},\"primaryImageOfPage\":{\"@id\":\"https:\/\/portalraizesnoticias.com.br\/?p=8765#primaryimage\"},\"image\":{\"@id\":\"https:\/\/portalraizesnoticias.com.br\/?p=8765#primaryimage\"},\"thumbnailUrl\":\"https:\/\/portalraizesnoticias.com.br\/wp-content\/uploads\/2025\/10\/IMG-20251016-WA0427.jpg\",\"datePublished\":\"2025-10-16T16:50:52+00:00\",\"dateModified\":\"2025-10-16T16:53:06+00:00\",\"breadcrumb\":{\"@id\":\"https:\/\/portalraizesnoticias.com.br\/?p=8765#breadcrumb\"},\"inLanguage\":\"pt-BR\",\"potentialAction\":[{\"@type\":\"ReadAction\",\"target\":[\"https:\/\/portalraizesnoticias.com.br\/?p=8765\"]}]},{\"@type\":\"ImageObject\",\"inLanguage\":\"pt-BR\",\"@id\":\"https:\/\/portalraizesnoticias.com.br\/?p=8765#primaryimage\",\"url\":\"https:\/\/portalraizesnoticias.com.br\/wp-content\/uploads\/2025\/10\/IMG-20251016-WA0427.jpg\",\"contentUrl\":\"https:\/\/portalraizesnoticias.com.br\/wp-content\/uploads\/2025\/10\/IMG-20251016-WA0427.jpg\",\"width\":1280,\"height\":1280},{\"@type\":\"BreadcrumbList\",\"@id\":\"https:\/\/portalraizesnoticias.com.br\/?p=8765#breadcrumb\",\"itemListElement\":[{\"@type\":\"ListItem\",\"position\":1,\"name\":\"In\u00edcio\",\"item\":\"https:\/\/portalraizesnoticias.com.br\/\"},{\"@type\":\"ListItem\",\"position\":2,\"name\":\"Opera\u00e7\u00e3o For\u00e7a Total: PMs de Concei\u00e7\u00e3o do Coit\u00e9 apreendem arma de fogo ap\u00f3s homem amea\u00e7ar o pr\u00f3prio irm\u00e3o; ve\u00edculos sucata tamb\u00e9m s\u00e3o recolhidos em outra localidade\"}]},{\"@type\":\"WebSite\",\"@id\":\"https:\/\/portalraizesnoticias.com.br\/#website\",\"url\":\"https:\/\/portalraizesnoticias.com.br\/\",\"name\":\"Portal raizes NOTICIAS\",\"description\":\"site de noticias de concei\u00e7\u00e3o do coit\u00e9 e regi\u00e3o\",\"publisher\":{\"@id\":\"https:\/\/portalraizesnoticias.com.br\/#organization\"},\"alternateName\":\"PORTAL RAIZES COIT\u00c9\",\"potentialAction\":[{\"@type\":\"SearchAction\",\"target\":{\"@type\":\"EntryPoint\",\"urlTemplate\":\"https:\/\/portalraizesnoticias.com.br\/?s={search_term_string}\"},\"query-input\":{\"@type\":\"PropertyValueSpecification\",\"valueRequired\":true,\"valueName\":\"search_term_string\"}}],\"inLanguage\":\"pt-BR\"},{\"@type\":\"Organization\",\"@id\":\"https:\/\/portalraizesnoticias.com.br\/#organization\",\"name\":\"Portal raizes NOTICIAS\",\"url\":\"https:\/\/portalraizesnoticias.com.br\/\",\"logo\":{\"@type\":\"ImageObject\",\"inLanguage\":\"pt-BR\",\"@id\":\"https:\/\/portalraizesnoticias.com.br\/#\/schema\/logo\/image\/\",\"url\":\"https:\/\/portalraizesnoticias.com.br\/wp-content\/uploads\/2024\/09\/cropped-Captura-de-tela-2024-09-08-011108.png\",\"contentUrl\":\"https:\/\/portalraizesnoticias.com.br\/wp-content\/uploads\/2024\/09\/cropped-Captura-de-tela-2024-09-08-011108.png\",\"width\":606,\"height\":173,\"caption\":\"Portal raizes NOTICIAS\"},\"image\":{\"@id\":\"https:\/\/portalraizesnoticias.com.br\/#\/schema\/logo\/image\/\"}},{\"@type\":\"Person\",\"@id\":\"https:\/\/portalraizesnoticias.com.br\/#\/schema\/person\/a3ca6b0fc701e78df19756c417d943ae\",\"name\":\"Portal Raizes\",\"image\":{\"@type\":\"ImageObject\",\"inLanguage\":\"pt-BR\",\"@id\":\"https:\/\/portalraizesnoticias.com.br\/#\/schema\/person\/image\/\",\"url\":\"https:\/\/secure.gravatar.com\/avatar\/ef450d29013a3d3fba867a12a249d7b1?s=96&d=mm&r=g\",\"contentUrl\":\"https:\/\/secure.gravatar.com\/avatar\/ef450d29013a3d3fba867a12a249d7b1?s=96&d=mm&r=g\",\"caption\":\"Portal Raizes\"},\"url\":\"https:\/\/portalraizesnoticias.com.br\/?author=3\"}]}<\/script>\n<!-- \/ Yoast SEO plugin. -->","yoast_head_json":{"title":"Opera\u00e7\u00e3o For\u00e7a Total: PMs de Concei\u00e7\u00e3o do Coit\u00e9 apreendem arma de fogo ap\u00f3s homem amea\u00e7ar o pr\u00f3prio irm\u00e3o; ve\u00edculos sucata tamb\u00e9m s\u00e3o recolhidos em outra localidade - Portal raizes noticias","robots":{"index":"index","follow":"follow","max-snippet":"max-snippet:-1","max-image-preview":"max-image-preview:large","max-video-preview":"max-video-preview:-1"},"canonical":"https:\/\/portalraizesnoticias.com.br\/?p=8765","og_locale":"pt_BR","og_type":"article","og_title":"Opera\u00e7\u00e3o For\u00e7a Total: PMs de Concei\u00e7\u00e3o do Coit\u00e9 apreendem arma de fogo ap\u00f3s homem amea\u00e7ar o pr\u00f3prio irm\u00e3o; ve\u00edculos sucata tamb\u00e9m s\u00e3o recolhidos em outra localidade - Portal raizes noticias","og_description":"Durante mais uma edi\u00e7\u00e3o da Opera\u00e7\u00e3o For\u00e7a Total na Bahia, os policiais militares da 4\u00aa Companhia de Concei\u00e7\u00e3o do Coit\u00e9 intensificam a\u00e7\u00f5es para combater a criminalidade no munic\u00edpio. No final da manh\u00e3 desta quinta-feira (16), os agentes foram acionados at\u00e9 a Fazenda Caldeir\u00e3o, na localidade de Santa Rosa, ap\u00f3s receberem den\u00fancia de que um indiv\u00edduo estaria amea\u00e7ando o pr\u00f3prio irm\u00e3o com uma arma de fogo. Ao chegarem ao local, o suspeito avistou a viatura e conseguiu fugir, mas a pol\u00edcia apreendeu uma espingarda de fabrica\u00e7\u00e3o artesanal pr\u00f3xima \u00e0 resid\u00eancia. A v\u00edtima foi orientada a registrar um Boletim de Ocorr\u00eancia (BO) na delegacia. Apreens\u00f5es de ve\u00edculos irregulares Poucos minutos ap\u00f3s a ocorr\u00eancia na zona rural, a Pol\u00edcia Militar apreendeu duas motocicletas em situa\u00e7\u00e3o de sucata na regi\u00e3o da Pinda. Esta j\u00e1 \u00e9 a 11\u00aa apreens\u00e3o de ve\u00edculos irregulares somente nesta semana. PUBLICIDADE As autoridades refor\u00e7am que a circula\u00e7\u00e3o desses ve\u00edculos, que deveriam ser utilizados apenas como pe\u00e7as, representa um grande risco de acidentes e contribui para a pr\u00e1tica de crimes na cidade. Vale ressaltar que circular com ve\u00edculos que possuam sinais identificadores suprimidos ou adulterados \u00e9 crime, previsto no artigo 311 do C\u00f3digo Penal, com pena de reclus\u00e3o de 3 a 8 anos, al\u00e9m de multa, sem direito a fian\u00e7a desde 2024, conforme altera\u00e7\u00e3o na legisla\u00e7\u00e3o. A Opera\u00e7\u00e3o For\u00e7a Total segue at\u00e9 a meia-noite de hoje e promete resultados expressivos na redu\u00e7\u00e3o da criminalidade, na fiscaliza\u00e7\u00e3o de ve\u00edculos irregulares e na diminui\u00e7\u00e3o de Crimes Violentos Letais Intencionais (CVLI) em Concei\u00e7\u00e3o do Coit\u00e9. Reda\u00e7\u00e3o Fotos: PM","og_url":"https:\/\/portalraizesnoticias.com.br\/?p=8765","og_site_name":"Portal raizes noticias","article_published_time":"2025-10-16T16:50:52+00:00","article_modified_time":"2025-10-16T16:53:06+00:00","og_image":[{"width":1280,"height":1280,"url":"https:\/\/portalraizesnoticias.com.br\/wp-content\/uploads\/2025\/10\/IMG-20251016-WA0427.jpg","type":"image\/jpeg"}],"author":"Portal Raizes","twitter_card":"summary_large_image","twitter_misc":{"Escrito por":"Portal Raizes","Est. tempo de leitura":"3 minutos"},"schema":{"@context":"https:\/\/schema.org","@graph":[{"@type":"Article","@id":"https:\/\/portalraizesnoticias.com.br\/?p=8765#article","isPartOf":{"@id":"https:\/\/portalraizesnoticias.com.br\/?p=8765"},"author":{"name":"Portal Raizes","@id":"https:\/\/portalraizesnoticias.com.br\/#\/schema\/person\/a3ca6b0fc701e78df19756c417d943ae"},"headline":"Opera\u00e7\u00e3o For\u00e7a Total: PMs de Concei\u00e7\u00e3o do Coit\u00e9 apreendem arma de fogo ap\u00f3s homem amea\u00e7ar o pr\u00f3prio irm\u00e3o; ve\u00edculos sucata tamb\u00e9m s\u00e3o recolhidos em outra localidade","datePublished":"2025-10-16T16:50:52+00:00","dateModified":"2025-10-16T16:53:06+00:00","mainEntityOfPage":{"@id":"https:\/\/portalraizesnoticias.com.br\/?p=8765"},"wordCount":342,"commentCount":0,"publisher":{"@id":"https:\/\/portalraizesnoticias.com.br\/#organization"},"image":{"@id":"https:\/\/portalraizesnoticias.com.br\/?p=8765#primaryimage"},"thumbnailUrl":"https:\/\/portalraizesnoticias.com.br\/wp-content\/uploads\/2025\/10\/IMG-20251016-WA0427.jpg","keywords":["Coit\u00e9","Opera\u00e7\u00e3o for\u00e7a total"],"articleSection":["DESTAQUES","POLICIA","ULTIMAS NOTICIAS"],"inLanguage":"pt-BR","potentialAction":[{"@type":"CommentAction","name":"Comment","target":["https:\/\/portalraizesnoticias.com.br\/?p=8765#respond"]}]},{"@type":"WebPage","@id":"https:\/\/portalraizesnoticias.com.br\/?p=8765","url":"https:\/\/portalraizesnoticias.com.br\/?p=8765","name":"Opera\u00e7\u00e3o For\u00e7a Total: PMs de Concei\u00e7\u00e3o do Coit\u00e9 apreendem arma de fogo ap\u00f3s homem amea\u00e7ar o pr\u00f3prio irm\u00e3o; ve\u00edculos sucata tamb\u00e9m s\u00e3o recolhidos em outra localidade - Portal raizes noticias","isPartOf":{"@id":"https:\/\/portalraizesnoticias.com.br\/#website"},"primaryImageOfPage":{"@id":"https:\/\/portalraizesnoticias.com.br\/?p=8765#primaryimage"},"image":{"@id":"https:\/\/portalraizesnoticias.com.br\/?p=8765#primaryimage"},"thumbnailUrl":"https:\/\/portalraizesnoticias.com.br\/wp-content\/uploads\/2025\/10\/IMG-20251016-WA0427.jpg","datePublished":"2025-10-16T16:50:52+00:00","dateModified":"2025-10-16T16:53:06+00:00","breadcrumb":{"@id":"https:\/\/portalraizesnoticias.com.br\/?p=8765#breadcrumb"},"inLanguage":"pt-BR","potentialAction":[{"@type":"ReadAction","target":["https:\/\/portalraizesnoticias.com.br\/?p=8765"]}]},{"@type":"ImageObject","inLanguage":"pt-BR","@id":"https:\/\/portalraizesnoticias.com.br\/?p=8765#primaryimage","url":"https:\/\/portalraizesnoticias.com.br\/wp-content\/uploads\/2025\/10\/IMG-20251016-WA0427.jpg","contentUrl":"https:\/\/portalraizesnoticias.com.br\/wp-content\/uploads\/2025\/10\/IMG-20251016-WA0427.jpg","width":1280,"height":1280},{"@type":"BreadcrumbList","@id":"https:\/\/portalraizesnoticias.com.br\/?p=8765#breadcrumb","itemListElement":[{"@type":"ListItem","position":1,"name":"In\u00edcio","item":"https:\/\/portalraizesnoticias.com.br\/"},{"@type":"ListItem","position":2,"name":"Opera\u00e7\u00e3o For\u00e7a Total: PMs de Concei\u00e7\u00e3o do Coit\u00e9 apreendem arma de fogo ap\u00f3s homem amea\u00e7ar o pr\u00f3prio irm\u00e3o; ve\u00edculos sucata tamb\u00e9m s\u00e3o recolhidos em outra localidade"}]},{"@type":"WebSite","@id":"https:\/\/portalraizesnoticias.com.br\/#website","url":"https:\/\/portalraizesnoticias.com.br\/","name":"Portal raizes NOTICIAS","description":"site de noticias de concei\u00e7\u00e3o do coit\u00e9 e regi\u00e3o","publisher":{"@id":"https:\/\/portalraizesnoticias.com.br\/#organization"},"alternateName":"PORTAL RAIZES COIT\u00c9","potentialAction":[{"@type":"SearchAction","target":{"@type":"EntryPoint","urlTemplate":"https:\/\/portalraizesnoticias.com.br\/?s={search_term_string}"},"query-input":{"@type":"PropertyValueSpecification","valueRequired":true,"valueName":"search_term_string"}}],"inLanguage":"pt-BR"},{"@type":"Organization","@id":"https:\/\/portalraizesnoticias.com.br\/#organization","name":"Portal raizes NOTICIAS","url":"https:\/\/portalraizesnoticias.com.br\/","logo":{"@type":"ImageObject","inLanguage":"pt-BR","@id":"https:\/\/portalraizesnoticias.com.br\/#\/schema\/logo\/image\/","url":"https:\/\/portalraizesnoticias.com.br\/wp-content\/uploads\/2024\/09\/cropped-Captura-de-tela-2024-09-08-011108.png","contentUrl":"https:\/\/portalraizesnoticias.com.br\/wp-content\/uploads\/2024\/09\/cropped-Captura-de-tela-2024-09-08-011108.png","width":606,"height":173,"caption":"Portal raizes NOTICIAS"},"image":{"@id":"https:\/\/portalraizesnoticias.com.br\/#\/schema\/logo\/image\/"}},{"@type":"Person","@id":"https:\/\/portalraizesnoticias.com.br\/#\/schema\/person\/a3ca6b0fc701e78df19756c417d943ae","name":"Portal Raizes","image":{"@type":"ImageObject","inLanguage":"pt-BR","@id":"https:\/\/portalraizesnoticias.com.br\/#\/schema\/person\/image\/","url":"https:\/\/secure.gravatar.com\/avatar\/ef450d29013a3d3fba867a12a249d7b1?s=96&d=mm&r=g","contentUrl":"https:\/\/secure.gravatar.com\/avatar\/ef450d29013a3d3fba867a12a249d7b1?s=96&d=mm&r=g","caption":"Portal Raizes"},"url":"https:\/\/portalraizesnoticias.com.br\/?author=3"}]}},"_links":{"self":[{"href":"https:\/\/portalraizesnoticias.com.br\/index.php?rest_route=\/wp\/v2\/posts\/8765"}],"collection":[{"href":"https:\/\/portalraizesnoticias.com.br\/index.php?rest_route=\/wp\/v2\/posts"}],"about":[{"href":"https:\/\/portalraizesnoticias.com.br\/index.php?rest_route=\/wp\/v2\/types\/post"}],"author":[{"embeddable":true,"href":"https:\/\/portalraizesnoticias.com.br\/index.php?rest_route=\/wp\/v2\/users\/3"}],"replies":[{"embeddable":true,"href":"https:\/\/portalraizesnoticias.com.br\/index.php?rest_route=%2Fwp%2Fv2%2Fcomments&post=8765"}],"version-history":[{"count":2,"href":"https:\/\/portalraizesnoticias.com.br\/index.php?rest_route=\/wp\/v2\/posts\/8765\/revisions"}],"predecessor-version":[{"id":8771,"href":"https:\/\/portalraizesnoticias.com.br\/index.php?rest_route=\/wp\/v2\/posts\/8765\/revisions\/8771"}],"wp:featuredmedia":[{"embeddable":true,"href":"https:\/\/portalraizesnoticias.com.br\/index.php?rest_route=\/wp\/v2\/media\/8766"}],"wp:attachment":[{"href":"https:\/\/portalraizesnoticias.com.br\/index.php?rest_route=%2Fwp%2Fv2%2Fmedia&parent=8765"}],"wp:term":[{"taxonomy":"category","embeddable":true,"href":"https:\/\/portalraizesnoticias.com.br\/index.php?rest_route=%2Fwp%2Fv2%2Fcategories&post=8765"},{"taxonomy":"post_tag","embeddable":true,"href":"https:\/\/portalraizesnoticias.com.br\/index.php?rest_route=%2Fwp%2Fv2%2Ftags&post=8765"}],"curies":[{"name":"wp","href":"https:\/\/api.w.org\/{rel}","templated":true}]}}