{"id":8742,"date":"2025-10-14T22:17:59","date_gmt":"2025-10-15T01:17:59","guid":{"rendered":"https:\/\/portalraizesnoticias.com.br\/?p=8742"},"modified":"2025-10-14T22:20:09","modified_gmt":"2025-10-15T01:20:09","slug":"jovem-e-preso-em-flagrante-por-trafico-de-drogas-no-conjunto-mario-da-caixa-em-conceicao-do-coite-mae-presencia-prisao-do-filho","status":"publish","type":"post","link":"https:\/\/portalraizesnoticias.com.br\/?p=8742","title":{"rendered":"Jovem \u00e9 preso em flagrante por tr\u00e1fico de drogas no Conjunto M\u00e1rio da Caixa em Concei\u00e7\u00e3o do Coit\u00e9; m\u00e3e presencia pris\u00e3o do filho"},"content":{"rendered":"<p>Um jovem de 21 anos foi preso na noite desta ter\u00e7a-feira (14) em Concei\u00e7\u00e3o do Coit\u00e9, suspeito de tr\u00e1fico de drogas.<\/p>\n<p><img fetchpriority=\"high\" decoding=\"async\" class=\"size-medium wp-image-8282 aligncenter\" src=\"https:\/\/portalraizesnoticias.com.br\/wp-content\/uploads\/2025\/09\/IMG-20250917-WA0249-300x229.jpg\" alt=\"\" width=\"300\" height=\"229\" srcset=\"https:\/\/portalraizesnoticias.com.br\/wp-content\/uploads\/2025\/09\/IMG-20250917-WA0249-300x229.jpg 300w, https:\/\/portalraizesnoticias.com.br\/wp-content\/uploads\/2025\/09\/IMG-20250917-WA0249.jpg 752w\" sizes=\"(max-width: 300px) 100vw, 300px\" \/><\/p>\n<p style=\"text-align: center;\"><strong>PUBLICIDADE<\/strong><\/p>\n<p>De acordo com informa\u00e7\u00f5es apuradas pelo Portal Ra\u00edzes junto a Pol\u00edcia Militar, por volta das 20h, durante patrulhamento no Conjunto Habitacional M\u00e1rio da Caixa, uma guarni\u00e7\u00e3o da CETO recebeu den\u00fancia informando que J.V. N teria recebido uma carga de drogas e seguia em dire\u00e7\u00e3o \u00e0 sua resid\u00eancia.<\/p>\n<p><img decoding=\"async\" class=\"size-medium wp-image-4113 aligncenter\" src=\"https:\/\/portalraizesnoticias.com.br\/wp-content\/uploads\/2025\/01\/Maria-Isabel-300x75.jpg\" alt=\"\" width=\"300\" height=\"75\" srcset=\"https:\/\/portalraizesnoticias.com.br\/wp-content\/uploads\/2025\/01\/Maria-Isabel-300x75.jpg 300w, https:\/\/portalraizesnoticias.com.br\/wp-content\/uploads\/2025\/01\/Maria-Isabel-768x192.jpg 768w, https:\/\/portalraizesnoticias.com.br\/wp-content\/uploads\/2025\/01\/Maria-Isabel.jpg 800w\" sizes=\"(max-width: 300px) 100vw, 300px\" \/><\/p>\n<p style=\"text-align: center;\"><strong>PUBLICIDADE<\/strong><\/p>\n<p>Os policiais realizaram dilig\u00eancias e localizaram o suspeito, que confessou o envolvimento com o tr\u00e1fico e entregou aos militares tr\u00eas por\u00e7\u00f5es grandes de uma subst\u00e2ncia semelhante \u00e0 coca\u00edna, al\u00e9m de uma balan\u00e7a de precis\u00e3o. Durante a abordagem, tamb\u00e9m foram apreendidos R$ 230 em esp\u00e9cie.<\/p>\n<p><img decoding=\"async\" class=\"size-medium wp-image-8006 aligncenter\" src=\"https:\/\/portalraizesnoticias.com.br\/wp-content\/uploads\/2025\/09\/IMG-20250902-WA0020-300x296.jpg\" alt=\"\" width=\"300\" height=\"296\" srcset=\"https:\/\/portalraizesnoticias.com.br\/wp-content\/uploads\/2025\/09\/IMG-20250902-WA0020-300x296.jpg 300w, https:\/\/portalraizesnoticias.com.br\/wp-content\/uploads\/2025\/09\/IMG-20250902-WA0020-1024x1009.jpg 1024w, https:\/\/portalraizesnoticias.com.br\/wp-content\/uploads\/2025\/09\/IMG-20250902-WA0020-768x757.jpg 768w, https:\/\/portalraizesnoticias.com.br\/wp-content\/uploads\/2025\/09\/IMG-20250902-WA0020.jpg 1080w\" sizes=\"(max-width: 300px) 100vw, 300px\" \/><\/p>\n<p style=\"text-align: center;\"><strong>PUBLICIDADE<\/strong><\/p>\n<p>O jovem foi detido e conduzido \u00e0 Delegacia Territorial de Serrinha, acompanhado da m\u00e3e, que presenciou toda a a\u00e7\u00e3o policial.<\/p>\n<p>Reda\u00e7\u00e3o com informa\u00e7\u00f5es da PM<\/p>\n<p>Foto: Ilustra\u00e7\u00e3o<\/p>\n","protected":false},"excerpt":{"rendered":"<p>Um jovem de 21 anos foi preso na noite desta ter\u00e7a-feira (14) em Concei\u00e7\u00e3o do Coit\u00e9, suspeito de tr\u00e1fico de drogas. PUBLICIDADE De acordo com informa\u00e7\u00f5es apuradas pelo Portal Ra\u00edzes junto a Pol\u00edcia Militar, por volta das 20h, durante patrulhamento no Conjunto Habitacional M\u00e1rio da Caixa, uma guarni\u00e7\u00e3o da CETO recebeu den\u00fancia informando que J.V. N teria recebido uma carga de drogas e seguia em dire\u00e7\u00e3o \u00e0 sua resid\u00eancia. PUBLICIDADE Os policiais realizaram dilig\u00eancias e localizaram o suspeito, que confessou o envolvimento com o tr\u00e1fico e entregou aos militares tr\u00eas por\u00e7\u00f5es grandes de uma subst\u00e2ncia semelhante \u00e0 coca\u00edna, al\u00e9m de uma balan\u00e7a de precis\u00e3o. Durante a abordagem, tamb\u00e9m foram apreendidos R$ 230 em esp\u00e9cie. PUBLICIDADE O jovem foi detido e conduzido \u00e0 Delegacia Territorial de Serrinha, acompanhado da m\u00e3e, que presenciou toda a a\u00e7\u00e3o policial. Reda\u00e7\u00e3o com informa\u00e7\u00f5es da PM Foto: Ilustra\u00e7\u00e3o<\/p>\n","protected":false},"author":3,"featured_media":8743,"comment_status":"open","ping_status":"open","sticky":false,"template":"","format":"standard","meta":{"_joinchat":[],"footnotes":""},"categories":[55,67,59],"tags":[75,529],"class_list":["post-8742","post","type-post","status-publish","format-standard","has-post-thumbnail","hentry","category-destaques","category-policia","category-ultimas-noticias","tag-coite","tag-drogas"],"yoast_head":"<!-- This site is optimized with the Yoast SEO plugin v24.4 - https:\/\/yoast.com\/wordpress\/plugins\/seo\/ -->\n<title>Jovem \u00e9 preso em flagrante por tr\u00e1fico de drogas no Conjunto M\u00e1rio da Caixa em Concei\u00e7\u00e3o do Coit\u00e9; m\u00e3e presencia pris\u00e3o do filho - Portal raizes noticias<\/title>\n<meta name=\"robots\" content=\"index, follow, max-snippet:-1, max-image-preview:large, max-video-preview:-1\" \/>\n<link rel=\"canonical\" href=\"https:\/\/portalraizesnoticias.com.br\/?p=8742\" \/>\n<meta property=\"og:locale\" content=\"pt_BR\" \/>\n<meta property=\"og:type\" content=\"article\" \/>\n<meta property=\"og:title\" content=\"Jovem \u00e9 preso em flagrante por tr\u00e1fico de drogas no Conjunto M\u00e1rio da Caixa em Concei\u00e7\u00e3o do Coit\u00e9; m\u00e3e presencia pris\u00e3o do filho - Portal raizes noticias\" \/>\n<meta property=\"og:description\" content=\"Um jovem de 21 anos foi preso na noite desta ter\u00e7a-feira (14) em Concei\u00e7\u00e3o do Coit\u00e9, suspeito de tr\u00e1fico de drogas. PUBLICIDADE De acordo com informa\u00e7\u00f5es apuradas pelo Portal Ra\u00edzes junto a Pol\u00edcia Militar, por volta das 20h, durante patrulhamento no Conjunto Habitacional M\u00e1rio da Caixa, uma guarni\u00e7\u00e3o da CETO recebeu den\u00fancia informando que J.V. N teria recebido uma carga de drogas e seguia em dire\u00e7\u00e3o \u00e0 sua resid\u00eancia. PUBLICIDADE Os policiais realizaram dilig\u00eancias e localizaram o suspeito, que confessou o envolvimento com o tr\u00e1fico e entregou aos militares tr\u00eas por\u00e7\u00f5es grandes de uma subst\u00e2ncia semelhante \u00e0 coca\u00edna, al\u00e9m de uma balan\u00e7a de precis\u00e3o. Durante a abordagem, tamb\u00e9m foram apreendidos R$ 230 em esp\u00e9cie. PUBLICIDADE O jovem foi detido e conduzido \u00e0 Delegacia Territorial de Serrinha, acompanhado da m\u00e3e, que presenciou toda a a\u00e7\u00e3o policial. Reda\u00e7\u00e3o com informa\u00e7\u00f5es da PM Foto: Ilustra\u00e7\u00e3o\" \/>\n<meta property=\"og:url\" content=\"https:\/\/portalraizesnoticias.com.br\/?p=8742\" \/>\n<meta property=\"og:site_name\" content=\"Portal raizes noticias\" \/>\n<meta property=\"article:published_time\" content=\"2025-10-15T01:17:59+00:00\" \/>\n<meta property=\"article:modified_time\" content=\"2025-10-15T01:20:09+00:00\" \/>\n<meta property=\"og:image\" content=\"https:\/\/portalraizesnoticias.com.br\/wp-content\/uploads\/2025\/10\/110621025159_cocaina_304x171_pa_nocredit.jpg.webp\" \/>\n\t<meta property=\"og:image:width\" content=\"640\" \/>\n\t<meta property=\"og:image:height\" content=\"360\" \/>\n\t<meta property=\"og:image:type\" content=\"image\/webp\" \/>\n<meta name=\"author\" content=\"Portal Raizes\" \/>\n<meta name=\"twitter:card\" content=\"summary_large_image\" \/>\n<meta name=\"twitter:label1\" content=\"Escrito por\" \/>\n\t<meta name=\"twitter:data1\" content=\"Portal Raizes\" \/>\n\t<meta name=\"twitter:label2\" content=\"Est. tempo de leitura\" \/>\n\t<meta name=\"twitter:data2\" content=\"2 minutos\" \/>\n<script type=\"application\/ld+json\" class=\"yoast-schema-graph\">{\"@context\":\"https:\/\/schema.org\",\"@graph\":[{\"@type\":\"Article\",\"@id\":\"https:\/\/portalraizesnoticias.com.br\/?p=8742#article\",\"isPartOf\":{\"@id\":\"https:\/\/portalraizesnoticias.com.br\/?p=8742\"},\"author\":{\"name\":\"Portal Raizes\",\"@id\":\"https:\/\/portalraizesnoticias.com.br\/#\/schema\/person\/a3ca6b0fc701e78df19756c417d943ae\"},\"headline\":\"Jovem \u00e9 preso em flagrante por tr\u00e1fico de drogas no Conjunto M\u00e1rio da Caixa em Concei\u00e7\u00e3o do Coit\u00e9; m\u00e3e presencia pris\u00e3o do filho\",\"datePublished\":\"2025-10-15T01:17:59+00:00\",\"dateModified\":\"2025-10-15T01:20:09+00:00\",\"mainEntityOfPage\":{\"@id\":\"https:\/\/portalraizesnoticias.com.br\/?p=8742\"},\"wordCount\":191,\"commentCount\":0,\"publisher\":{\"@id\":\"https:\/\/portalraizesnoticias.com.br\/#organization\"},\"image\":{\"@id\":\"https:\/\/portalraizesnoticias.com.br\/?p=8742#primaryimage\"},\"thumbnailUrl\":\"https:\/\/portalraizesnoticias.com.br\/wp-content\/uploads\/2025\/10\/110621025159_cocaina_304x171_pa_nocredit.jpg.webp\",\"keywords\":[\"Coit\u00e9\",\"Drogas\"],\"articleSection\":[\"DESTAQUES\",\"POLICIA\",\"ULTIMAS NOTICIAS\"],\"inLanguage\":\"pt-BR\",\"potentialAction\":[{\"@type\":\"CommentAction\",\"name\":\"Comment\",\"target\":[\"https:\/\/portalraizesnoticias.com.br\/?p=8742#respond\"]}]},{\"@type\":\"WebPage\",\"@id\":\"https:\/\/portalraizesnoticias.com.br\/?p=8742\",\"url\":\"https:\/\/portalraizesnoticias.com.br\/?p=8742\",\"name\":\"Jovem \u00e9 preso em flagrante por tr\u00e1fico de drogas no Conjunto M\u00e1rio da Caixa em Concei\u00e7\u00e3o do Coit\u00e9; m\u00e3e presencia pris\u00e3o do filho - Portal raizes noticias\",\"isPartOf\":{\"@id\":\"https:\/\/portalraizesnoticias.com.br\/#website\"},\"primaryImageOfPage\":{\"@id\":\"https:\/\/portalraizesnoticias.com.br\/?p=8742#primaryimage\"},\"image\":{\"@id\":\"https:\/\/portalraizesnoticias.com.br\/?p=8742#primaryimage\"},\"thumbnailUrl\":\"https:\/\/portalraizesnoticias.com.br\/wp-content\/uploads\/2025\/10\/110621025159_cocaina_304x171_pa_nocredit.jpg.webp\",\"datePublished\":\"2025-10-15T01:17:59+00:00\",\"dateModified\":\"2025-10-15T01:20:09+00:00\",\"breadcrumb\":{\"@id\":\"https:\/\/portalraizesnoticias.com.br\/?p=8742#breadcrumb\"},\"inLanguage\":\"pt-BR\",\"potentialAction\":[{\"@type\":\"ReadAction\",\"target\":[\"https:\/\/portalraizesnoticias.com.br\/?p=8742\"]}]},{\"@type\":\"ImageObject\",\"inLanguage\":\"pt-BR\",\"@id\":\"https:\/\/portalraizesnoticias.com.br\/?p=8742#primaryimage\",\"url\":\"https:\/\/portalraizesnoticias.com.br\/wp-content\/uploads\/2025\/10\/110621025159_cocaina_304x171_pa_nocredit.jpg.webp\",\"contentUrl\":\"https:\/\/portalraizesnoticias.com.br\/wp-content\/uploads\/2025\/10\/110621025159_cocaina_304x171_pa_nocredit.jpg.webp\",\"width\":640,\"height\":360},{\"@type\":\"BreadcrumbList\",\"@id\":\"https:\/\/portalraizesnoticias.com.br\/?p=8742#breadcrumb\",\"itemListElement\":[{\"@type\":\"ListItem\",\"position\":1,\"name\":\"In\u00edcio\",\"item\":\"https:\/\/portalraizesnoticias.com.br\/\"},{\"@type\":\"ListItem\",\"position\":2,\"name\":\"Jovem \u00e9 preso em flagrante por tr\u00e1fico de drogas no Conjunto M\u00e1rio da Caixa em Concei\u00e7\u00e3o do Coit\u00e9; m\u00e3e presencia pris\u00e3o do filho\"}]},{\"@type\":\"WebSite\",\"@id\":\"https:\/\/portalraizesnoticias.com.br\/#website\",\"url\":\"https:\/\/portalraizesnoticias.com.br\/\",\"name\":\"Portal raizes NOTICIAS\",\"description\":\"site de noticias de concei\u00e7\u00e3o do coit\u00e9 e regi\u00e3o\",\"publisher\":{\"@id\":\"https:\/\/portalraizesnoticias.com.br\/#organization\"},\"alternateName\":\"PORTAL RAIZES COIT\u00c9\",\"potentialAction\":[{\"@type\":\"SearchAction\",\"target\":{\"@type\":\"EntryPoint\",\"urlTemplate\":\"https:\/\/portalraizesnoticias.com.br\/?s={search_term_string}\"},\"query-input\":{\"@type\":\"PropertyValueSpecification\",\"valueRequired\":true,\"valueName\":\"search_term_string\"}}],\"inLanguage\":\"pt-BR\"},{\"@type\":\"Organization\",\"@id\":\"https:\/\/portalraizesnoticias.com.br\/#organization\",\"name\":\"Portal raizes NOTICIAS\",\"url\":\"https:\/\/portalraizesnoticias.com.br\/\",\"logo\":{\"@type\":\"ImageObject\",\"inLanguage\":\"pt-BR\",\"@id\":\"https:\/\/portalraizesnoticias.com.br\/#\/schema\/logo\/image\/\",\"url\":\"https:\/\/portalraizesnoticias.com.br\/wp-content\/uploads\/2024\/09\/cropped-Captura-de-tela-2024-09-08-011108.png\",\"contentUrl\":\"https:\/\/portalraizesnoticias.com.br\/wp-content\/uploads\/2024\/09\/cropped-Captura-de-tela-2024-09-08-011108.png\",\"width\":606,\"height\":173,\"caption\":\"Portal raizes NOTICIAS\"},\"image\":{\"@id\":\"https:\/\/portalraizesnoticias.com.br\/#\/schema\/logo\/image\/\"}},{\"@type\":\"Person\",\"@id\":\"https:\/\/portalraizesnoticias.com.br\/#\/schema\/person\/a3ca6b0fc701e78df19756c417d943ae\",\"name\":\"Portal Raizes\",\"image\":{\"@type\":\"ImageObject\",\"inLanguage\":\"pt-BR\",\"@id\":\"https:\/\/portalraizesnoticias.com.br\/#\/schema\/person\/image\/\",\"url\":\"https:\/\/secure.gravatar.com\/avatar\/ef450d29013a3d3fba867a12a249d7b1?s=96&d=mm&r=g\",\"contentUrl\":\"https:\/\/secure.gravatar.com\/avatar\/ef450d29013a3d3fba867a12a249d7b1?s=96&d=mm&r=g\",\"caption\":\"Portal Raizes\"},\"url\":\"https:\/\/portalraizesnoticias.com.br\/?author=3\"}]}<\/script>\n<!-- \/ Yoast SEO plugin. -->","yoast_head_json":{"title":"Jovem \u00e9 preso em flagrante por tr\u00e1fico de drogas no Conjunto M\u00e1rio da Caixa em Concei\u00e7\u00e3o do Coit\u00e9; m\u00e3e presencia pris\u00e3o do filho - Portal raizes noticias","robots":{"index":"index","follow":"follow","max-snippet":"max-snippet:-1","max-image-preview":"max-image-preview:large","max-video-preview":"max-video-preview:-1"},"canonical":"https:\/\/portalraizesnoticias.com.br\/?p=8742","og_locale":"pt_BR","og_type":"article","og_title":"Jovem \u00e9 preso em flagrante por tr\u00e1fico de drogas no Conjunto M\u00e1rio da Caixa em Concei\u00e7\u00e3o do Coit\u00e9; m\u00e3e presencia pris\u00e3o do filho - Portal raizes noticias","og_description":"Um jovem de 21 anos foi preso na noite desta ter\u00e7a-feira (14) em Concei\u00e7\u00e3o do Coit\u00e9, suspeito de tr\u00e1fico de drogas. PUBLICIDADE De acordo com informa\u00e7\u00f5es apuradas pelo Portal Ra\u00edzes junto a Pol\u00edcia Militar, por volta das 20h, durante patrulhamento no Conjunto Habitacional M\u00e1rio da Caixa, uma guarni\u00e7\u00e3o da CETO recebeu den\u00fancia informando que J.V. N teria recebido uma carga de drogas e seguia em dire\u00e7\u00e3o \u00e0 sua resid\u00eancia. PUBLICIDADE Os policiais realizaram dilig\u00eancias e localizaram o suspeito, que confessou o envolvimento com o tr\u00e1fico e entregou aos militares tr\u00eas por\u00e7\u00f5es grandes de uma subst\u00e2ncia semelhante \u00e0 coca\u00edna, al\u00e9m de uma balan\u00e7a de precis\u00e3o. Durante a abordagem, tamb\u00e9m foram apreendidos R$ 230 em esp\u00e9cie. PUBLICIDADE O jovem foi detido e conduzido \u00e0 Delegacia Territorial de Serrinha, acompanhado da m\u00e3e, que presenciou toda a a\u00e7\u00e3o policial. Reda\u00e7\u00e3o com informa\u00e7\u00f5es da PM Foto: Ilustra\u00e7\u00e3o","og_url":"https:\/\/portalraizesnoticias.com.br\/?p=8742","og_site_name":"Portal raizes noticias","article_published_time":"2025-10-15T01:17:59+00:00","article_modified_time":"2025-10-15T01:20:09+00:00","og_image":[{"width":640,"height":360,"url":"https:\/\/portalraizesnoticias.com.br\/wp-content\/uploads\/2025\/10\/110621025159_cocaina_304x171_pa_nocredit.jpg.webp","type":"image\/webp"}],"author":"Portal Raizes","twitter_card":"summary_large_image","twitter_misc":{"Escrito por":"Portal Raizes","Est. tempo de leitura":"2 minutos"},"schema":{"@context":"https:\/\/schema.org","@graph":[{"@type":"Article","@id":"https:\/\/portalraizesnoticias.com.br\/?p=8742#article","isPartOf":{"@id":"https:\/\/portalraizesnoticias.com.br\/?p=8742"},"author":{"name":"Portal Raizes","@id":"https:\/\/portalraizesnoticias.com.br\/#\/schema\/person\/a3ca6b0fc701e78df19756c417d943ae"},"headline":"Jovem \u00e9 preso em flagrante por tr\u00e1fico de drogas no Conjunto M\u00e1rio da Caixa em Concei\u00e7\u00e3o do Coit\u00e9; m\u00e3e presencia pris\u00e3o do filho","datePublished":"2025-10-15T01:17:59+00:00","dateModified":"2025-10-15T01:20:09+00:00","mainEntityOfPage":{"@id":"https:\/\/portalraizesnoticias.com.br\/?p=8742"},"wordCount":191,"commentCount":0,"publisher":{"@id":"https:\/\/portalraizesnoticias.com.br\/#organization"},"image":{"@id":"https:\/\/portalraizesnoticias.com.br\/?p=8742#primaryimage"},"thumbnailUrl":"https:\/\/portalraizesnoticias.com.br\/wp-content\/uploads\/2025\/10\/110621025159_cocaina_304x171_pa_nocredit.jpg.webp","keywords":["Coit\u00e9","Drogas"],"articleSection":["DESTAQUES","POLICIA","ULTIMAS NOTICIAS"],"inLanguage":"pt-BR","potentialAction":[{"@type":"CommentAction","name":"Comment","target":["https:\/\/portalraizesnoticias.com.br\/?p=8742#respond"]}]},{"@type":"WebPage","@id":"https:\/\/portalraizesnoticias.com.br\/?p=8742","url":"https:\/\/portalraizesnoticias.com.br\/?p=8742","name":"Jovem \u00e9 preso em flagrante por tr\u00e1fico de drogas no Conjunto M\u00e1rio da Caixa em Concei\u00e7\u00e3o do Coit\u00e9; m\u00e3e presencia pris\u00e3o do filho - Portal raizes noticias","isPartOf":{"@id":"https:\/\/portalraizesnoticias.com.br\/#website"},"primaryImageOfPage":{"@id":"https:\/\/portalraizesnoticias.com.br\/?p=8742#primaryimage"},"image":{"@id":"https:\/\/portalraizesnoticias.com.br\/?p=8742#primaryimage"},"thumbnailUrl":"https:\/\/portalraizesnoticias.com.br\/wp-content\/uploads\/2025\/10\/110621025159_cocaina_304x171_pa_nocredit.jpg.webp","datePublished":"2025-10-15T01:17:59+00:00","dateModified":"2025-10-15T01:20:09+00:00","breadcrumb":{"@id":"https:\/\/portalraizesnoticias.com.br\/?p=8742#breadcrumb"},"inLanguage":"pt-BR","potentialAction":[{"@type":"ReadAction","target":["https:\/\/portalraizesnoticias.com.br\/?p=8742"]}]},{"@type":"ImageObject","inLanguage":"pt-BR","@id":"https:\/\/portalraizesnoticias.com.br\/?p=8742#primaryimage","url":"https:\/\/portalraizesnoticias.com.br\/wp-content\/uploads\/2025\/10\/110621025159_cocaina_304x171_pa_nocredit.jpg.webp","contentUrl":"https:\/\/portalraizesnoticias.com.br\/wp-content\/uploads\/2025\/10\/110621025159_cocaina_304x171_pa_nocredit.jpg.webp","width":640,"height":360},{"@type":"BreadcrumbList","@id":"https:\/\/portalraizesnoticias.com.br\/?p=8742#breadcrumb","itemListElement":[{"@type":"ListItem","position":1,"name":"In\u00edcio","item":"https:\/\/portalraizesnoticias.com.br\/"},{"@type":"ListItem","position":2,"name":"Jovem \u00e9 preso em flagrante por tr\u00e1fico de drogas no Conjunto M\u00e1rio da Caixa em Concei\u00e7\u00e3o do Coit\u00e9; m\u00e3e presencia pris\u00e3o do filho"}]},{"@type":"WebSite","@id":"https:\/\/portalraizesnoticias.com.br\/#website","url":"https:\/\/portalraizesnoticias.com.br\/","name":"Portal raizes NOTICIAS","description":"site de noticias de concei\u00e7\u00e3o do coit\u00e9 e regi\u00e3o","publisher":{"@id":"https:\/\/portalraizesnoticias.com.br\/#organization"},"alternateName":"PORTAL RAIZES COIT\u00c9","potentialAction":[{"@type":"SearchAction","target":{"@type":"EntryPoint","urlTemplate":"https:\/\/portalraizesnoticias.com.br\/?s={search_term_string}"},"query-input":{"@type":"PropertyValueSpecification","valueRequired":true,"valueName":"search_term_string"}}],"inLanguage":"pt-BR"},{"@type":"Organization","@id":"https:\/\/portalraizesnoticias.com.br\/#organization","name":"Portal raizes NOTICIAS","url":"https:\/\/portalraizesnoticias.com.br\/","logo":{"@type":"ImageObject","inLanguage":"pt-BR","@id":"https:\/\/portalraizesnoticias.com.br\/#\/schema\/logo\/image\/","url":"https:\/\/portalraizesnoticias.com.br\/wp-content\/uploads\/2024\/09\/cropped-Captura-de-tela-2024-09-08-011108.png","contentUrl":"https:\/\/portalraizesnoticias.com.br\/wp-content\/uploads\/2024\/09\/cropped-Captura-de-tela-2024-09-08-011108.png","width":606,"height":173,"caption":"Portal raizes NOTICIAS"},"image":{"@id":"https:\/\/portalraizesnoticias.com.br\/#\/schema\/logo\/image\/"}},{"@type":"Person","@id":"https:\/\/portalraizesnoticias.com.br\/#\/schema\/person\/a3ca6b0fc701e78df19756c417d943ae","name":"Portal Raizes","image":{"@type":"ImageObject","inLanguage":"pt-BR","@id":"https:\/\/portalraizesnoticias.com.br\/#\/schema\/person\/image\/","url":"https:\/\/secure.gravatar.com\/avatar\/ef450d29013a3d3fba867a12a249d7b1?s=96&d=mm&r=g","contentUrl":"https:\/\/secure.gravatar.com\/avatar\/ef450d29013a3d3fba867a12a249d7b1?s=96&d=mm&r=g","caption":"Portal Raizes"},"url":"https:\/\/portalraizesnoticias.com.br\/?author=3"}]}},"_links":{"self":[{"href":"https:\/\/portalraizesnoticias.com.br\/index.php?rest_route=\/wp\/v2\/posts\/8742"}],"collection":[{"href":"https:\/\/portalraizesnoticias.com.br\/index.php?rest_route=\/wp\/v2\/posts"}],"about":[{"href":"https:\/\/portalraizesnoticias.com.br\/index.php?rest_route=\/wp\/v2\/types\/post"}],"author":[{"embeddable":true,"href":"https:\/\/portalraizesnoticias.com.br\/index.php?rest_route=\/wp\/v2\/users\/3"}],"replies":[{"embeddable":true,"href":"https:\/\/portalraizesnoticias.com.br\/index.php?rest_route=%2Fwp%2Fv2%2Fcomments&post=8742"}],"version-history":[{"count":2,"href":"https:\/\/portalraizesnoticias.com.br\/index.php?rest_route=\/wp\/v2\/posts\/8742\/revisions"}],"predecessor-version":[{"id":8745,"href":"https:\/\/portalraizesnoticias.com.br\/index.php?rest_route=\/wp\/v2\/posts\/8742\/revisions\/8745"}],"wp:featuredmedia":[{"embeddable":true,"href":"https:\/\/portalraizesnoticias.com.br\/index.php?rest_route=\/wp\/v2\/media\/8743"}],"wp:attachment":[{"href":"https:\/\/portalraizesnoticias.com.br\/index.php?rest_route=%2Fwp%2Fv2%2Fmedia&parent=8742"}],"wp:term":[{"taxonomy":"category","embeddable":true,"href":"https:\/\/portalraizesnoticias.com.br\/index.php?rest_route=%2Fwp%2Fv2%2Fcategories&post=8742"},{"taxonomy":"post_tag","embeddable":true,"href":"https:\/\/portalraizesnoticias.com.br\/index.php?rest_route=%2Fwp%2Fv2%2Ftags&post=8742"}],"curies":[{"name":"wp","href":"https:\/\/api.w.org\/{rel}","templated":true}]}}