{"id":8709,"date":"2025-10-13T23:05:25","date_gmt":"2025-10-14T02:05:25","guid":{"rendered":"https:\/\/portalraizesnoticias.com.br\/?p=8709"},"modified":"2025-10-13T23:05:26","modified_gmt":"2025-10-14T02:05:26","slug":"coite-dois-homens-ficam-feridos-apos-acidente-de-moto-na-estrada-entre-casas-populares-e-lajinha","status":"publish","type":"post","link":"https:\/\/portalraizesnoticias.com.br\/?p=8709","title":{"rendered":"Coit\u00e9: Dois homens ficam feridos ap\u00f3s acidente de moto na estrada entre Casas Populares e Lajinha"},"content":{"rendered":"<p>Por volta das 22h desta segunda-feira (13), dois homens ficaram feridos ap\u00f3s ca\u00edrem de motocicleta na estrada que liga o bairro Casas Populares ao povoado de Lajinha, em Concei\u00e7\u00e3o do Coit\u00e9.<\/p>\n<p><img fetchpriority=\"high\" decoding=\"async\" class=\"size-medium wp-image-8710 aligncenter\" src=\"https:\/\/portalraizesnoticias.com.br\/wp-content\/uploads\/2025\/10\/IMG-20251013-WA0473-300x225.jpg\" alt=\"\" width=\"300\" height=\"225\" srcset=\"https:\/\/portalraizesnoticias.com.br\/wp-content\/uploads\/2025\/10\/IMG-20251013-WA0473-300x225.jpg 300w, https:\/\/portalraizesnoticias.com.br\/wp-content\/uploads\/2025\/10\/IMG-20251013-WA0473-1024x768.jpg 1024w, https:\/\/portalraizesnoticias.com.br\/wp-content\/uploads\/2025\/10\/IMG-20251013-WA0473-768x576.jpg 768w, https:\/\/portalraizesnoticias.com.br\/wp-content\/uploads\/2025\/10\/IMG-20251013-WA0473-1536x1152.jpg 1536w, https:\/\/portalraizesnoticias.com.br\/wp-content\/uploads\/2025\/10\/IMG-20251013-WA0473.jpg 1600w\" sizes=\"(max-width: 300px) 100vw, 300px\" \/><\/p>\n<p>De acordo com o coordenador do \u00c1guia Resgate, Gildo Carneiro, uma das v\u00edtimas foi identificada como Fabr\u00edcio Brito Pinto, morador do bairro A\u00e7udinho.<\/p>\n<p><img decoding=\"async\" class=\"size-medium wp-image-8711 aligncenter\" src=\"https:\/\/portalraizesnoticias.com.br\/wp-content\/uploads\/2025\/10\/IMG-20251013-WA0474-300x225.jpg\" alt=\"\" width=\"300\" height=\"225\" srcset=\"https:\/\/portalraizesnoticias.com.br\/wp-content\/uploads\/2025\/10\/IMG-20251013-WA0474-300x225.jpg 300w, https:\/\/portalraizesnoticias.com.br\/wp-content\/uploads\/2025\/10\/IMG-20251013-WA0474-1024x768.jpg 1024w, https:\/\/portalraizesnoticias.com.br\/wp-content\/uploads\/2025\/10\/IMG-20251013-WA0474-768x576.jpg 768w, https:\/\/portalraizesnoticias.com.br\/wp-content\/uploads\/2025\/10\/IMG-20251013-WA0474-1536x1152.jpg 1536w, https:\/\/portalraizesnoticias.com.br\/wp-content\/uploads\/2025\/10\/IMG-20251013-WA0474.jpg 1600w\" sizes=\"(max-width: 300px) 100vw, 300px\" \/><\/p>\n<p>\u201cEle foi encontrado consciente e orientado, por\u00e9m queixando-se de dores na regi\u00e3o do t\u00f3rax e do joelho\u201d, informou Gildo.<\/p>\n<p>A segunda v\u00edtima n\u00e3o portava documentos no momento do resgate, mas, segundo o coordenador, apresentava apenas escoria\u00e7\u00f5es leves.<\/p>\n<p>Ambos receberam atendimento pr\u00e9-hospitalar e foram encaminhados para a emerg\u00eancia do Hospital Portugu\u00eas de Concei\u00e7\u00e3o do Coit\u00e9.<\/p>\n<p>Reda\u00e7\u00e3o com informa\u00e7\u00f5es do \u00c1guia Resgate<\/p>\n","protected":false},"excerpt":{"rendered":"<p>Por volta das 22h desta segunda-feira (13), dois homens ficaram feridos ap\u00f3s ca\u00edrem de motocicleta na estrada que liga o bairro Casas Populares ao povoado de Lajinha, em Concei\u00e7\u00e3o do Coit\u00e9. De acordo com o coordenador do \u00c1guia Resgate, Gildo Carneiro, uma das v\u00edtimas foi identificada como Fabr\u00edcio Brito Pinto, morador do bairro A\u00e7udinho. \u201cEle foi encontrado consciente e orientado, por\u00e9m queixando-se de dores na regi\u00e3o do t\u00f3rax e do joelho\u201d, informou Gildo. A segunda v\u00edtima n\u00e3o portava documentos no momento do resgate, mas, segundo o coordenador, apresentava apenas escoria\u00e7\u00f5es leves. Ambos receberam atendimento pr\u00e9-hospitalar e foram encaminhados para a emerg\u00eancia do Hospital Portugu\u00eas de Concei\u00e7\u00e3o do Coit\u00e9. Reda\u00e7\u00e3o com informa\u00e7\u00f5es do \u00c1guia Resgate<\/p>\n","protected":false},"author":3,"featured_media":8712,"comment_status":"open","ping_status":"open","sticky":false,"template":"","format":"standard","meta":{"_joinchat":[],"footnotes":""},"categories":[58,55,59],"tags":[139,75],"class_list":["post-8709","post","type-post","status-publish","format-standard","has-post-thumbnail","hentry","category-acidentes","category-destaques","category-ultimas-noticias","tag-acidente","tag-coite"],"yoast_head":"<!-- This site is optimized with the Yoast SEO plugin v24.4 - https:\/\/yoast.com\/wordpress\/plugins\/seo\/ -->\n<title>Coit\u00e9: Dois homens ficam feridos ap\u00f3s acidente de moto na estrada entre Casas Populares e Lajinha - Portal raizes noticias<\/title>\n<meta name=\"robots\" content=\"index, follow, max-snippet:-1, max-image-preview:large, max-video-preview:-1\" \/>\n<link rel=\"canonical\" href=\"https:\/\/portalraizesnoticias.com.br\/?p=8709\" \/>\n<meta property=\"og:locale\" content=\"pt_BR\" \/>\n<meta property=\"og:type\" content=\"article\" \/>\n<meta property=\"og:title\" content=\"Coit\u00e9: Dois homens ficam feridos ap\u00f3s acidente de moto na estrada entre Casas Populares e Lajinha - Portal raizes noticias\" \/>\n<meta property=\"og:description\" content=\"Por volta das 22h desta segunda-feira (13), dois homens ficaram feridos ap\u00f3s ca\u00edrem de motocicleta na estrada que liga o bairro Casas Populares ao povoado de Lajinha, em Concei\u00e7\u00e3o do Coit\u00e9. De acordo com o coordenador do \u00c1guia Resgate, Gildo Carneiro, uma das v\u00edtimas foi identificada como Fabr\u00edcio Brito Pinto, morador do bairro A\u00e7udinho. \u201cEle foi encontrado consciente e orientado, por\u00e9m queixando-se de dores na regi\u00e3o do t\u00f3rax e do joelho\u201d, informou Gildo. A segunda v\u00edtima n\u00e3o portava documentos no momento do resgate, mas, segundo o coordenador, apresentava apenas escoria\u00e7\u00f5es leves. Ambos receberam atendimento pr\u00e9-hospitalar e foram encaminhados para a emerg\u00eancia do Hospital Portugu\u00eas de Concei\u00e7\u00e3o do Coit\u00e9. Reda\u00e7\u00e3o com informa\u00e7\u00f5es do \u00c1guia Resgate\" \/>\n<meta property=\"og:url\" content=\"https:\/\/portalraizesnoticias.com.br\/?p=8709\" \/>\n<meta property=\"og:site_name\" content=\"Portal raizes noticias\" \/>\n<meta property=\"article:published_time\" content=\"2025-10-14T02:05:25+00:00\" \/>\n<meta property=\"article:modified_time\" content=\"2025-10-14T02:05:26+00:00\" \/>\n<meta property=\"og:image\" content=\"https:\/\/portalraizesnoticias.com.br\/wp-content\/uploads\/2025\/10\/IMG-20251013-WA0472.jpg\" \/>\n\t<meta property=\"og:image:width\" content=\"1600\" \/>\n\t<meta property=\"og:image:height\" content=\"1200\" \/>\n\t<meta property=\"og:image:type\" content=\"image\/jpeg\" \/>\n<meta name=\"author\" content=\"Portal Raizes\" \/>\n<meta name=\"twitter:card\" content=\"summary_large_image\" \/>\n<meta name=\"twitter:label1\" content=\"Escrito por\" \/>\n\t<meta name=\"twitter:data1\" content=\"Portal Raizes\" \/>\n\t<meta name=\"twitter:label2\" content=\"Est. tempo de leitura\" \/>\n\t<meta name=\"twitter:data2\" content=\"2 minutos\" \/>\n<script type=\"application\/ld+json\" class=\"yoast-schema-graph\">{\"@context\":\"https:\/\/schema.org\",\"@graph\":[{\"@type\":\"Article\",\"@id\":\"https:\/\/portalraizesnoticias.com.br\/?p=8709#article\",\"isPartOf\":{\"@id\":\"https:\/\/portalraizesnoticias.com.br\/?p=8709\"},\"author\":{\"name\":\"Portal Raizes\",\"@id\":\"https:\/\/portalraizesnoticias.com.br\/#\/schema\/person\/a3ca6b0fc701e78df19756c417d943ae\"},\"headline\":\"Coit\u00e9: Dois homens ficam feridos ap\u00f3s acidente de moto na estrada entre Casas Populares e Lajinha\",\"datePublished\":\"2025-10-14T02:05:25+00:00\",\"dateModified\":\"2025-10-14T02:05:26+00:00\",\"mainEntityOfPage\":{\"@id\":\"https:\/\/portalraizesnoticias.com.br\/?p=8709\"},\"wordCount\":148,\"commentCount\":0,\"publisher\":{\"@id\":\"https:\/\/portalraizesnoticias.com.br\/#organization\"},\"image\":{\"@id\":\"https:\/\/portalraizesnoticias.com.br\/?p=8709#primaryimage\"},\"thumbnailUrl\":\"https:\/\/portalraizesnoticias.com.br\/wp-content\/uploads\/2025\/10\/IMG-20251013-WA0472.jpg\",\"keywords\":[\"Acidente\",\"Coit\u00e9\"],\"articleSection\":[\"ACIDENTES\",\"DESTAQUES\",\"ULTIMAS NOTICIAS\"],\"inLanguage\":\"pt-BR\",\"potentialAction\":[{\"@type\":\"CommentAction\",\"name\":\"Comment\",\"target\":[\"https:\/\/portalraizesnoticias.com.br\/?p=8709#respond\"]}]},{\"@type\":\"WebPage\",\"@id\":\"https:\/\/portalraizesnoticias.com.br\/?p=8709\",\"url\":\"https:\/\/portalraizesnoticias.com.br\/?p=8709\",\"name\":\"Coit\u00e9: Dois homens ficam feridos ap\u00f3s acidente de moto na estrada entre Casas Populares e Lajinha - Portal raizes noticias\",\"isPartOf\":{\"@id\":\"https:\/\/portalraizesnoticias.com.br\/#website\"},\"primaryImageOfPage\":{\"@id\":\"https:\/\/portalraizesnoticias.com.br\/?p=8709#primaryimage\"},\"image\":{\"@id\":\"https:\/\/portalraizesnoticias.com.br\/?p=8709#primaryimage\"},\"thumbnailUrl\":\"https:\/\/portalraizesnoticias.com.br\/wp-content\/uploads\/2025\/10\/IMG-20251013-WA0472.jpg\",\"datePublished\":\"2025-10-14T02:05:25+00:00\",\"dateModified\":\"2025-10-14T02:05:26+00:00\",\"breadcrumb\":{\"@id\":\"https:\/\/portalraizesnoticias.com.br\/?p=8709#breadcrumb\"},\"inLanguage\":\"pt-BR\",\"potentialAction\":[{\"@type\":\"ReadAction\",\"target\":[\"https:\/\/portalraizesnoticias.com.br\/?p=8709\"]}]},{\"@type\":\"ImageObject\",\"inLanguage\":\"pt-BR\",\"@id\":\"https:\/\/portalraizesnoticias.com.br\/?p=8709#primaryimage\",\"url\":\"https:\/\/portalraizesnoticias.com.br\/wp-content\/uploads\/2025\/10\/IMG-20251013-WA0472.jpg\",\"contentUrl\":\"https:\/\/portalraizesnoticias.com.br\/wp-content\/uploads\/2025\/10\/IMG-20251013-WA0472.jpg\",\"width\":1600,\"height\":1200},{\"@type\":\"BreadcrumbList\",\"@id\":\"https:\/\/portalraizesnoticias.com.br\/?p=8709#breadcrumb\",\"itemListElement\":[{\"@type\":\"ListItem\",\"position\":1,\"name\":\"In\u00edcio\",\"item\":\"https:\/\/portalraizesnoticias.com.br\/\"},{\"@type\":\"ListItem\",\"position\":2,\"name\":\"Coit\u00e9: Dois homens ficam feridos ap\u00f3s acidente de moto na estrada entre Casas Populares e Lajinha\"}]},{\"@type\":\"WebSite\",\"@id\":\"https:\/\/portalraizesnoticias.com.br\/#website\",\"url\":\"https:\/\/portalraizesnoticias.com.br\/\",\"name\":\"Portal raizes NOTICIAS\",\"description\":\"site de noticias de concei\u00e7\u00e3o do coit\u00e9 e regi\u00e3o\",\"publisher\":{\"@id\":\"https:\/\/portalraizesnoticias.com.br\/#organization\"},\"alternateName\":\"PORTAL RAIZES COIT\u00c9\",\"potentialAction\":[{\"@type\":\"SearchAction\",\"target\":{\"@type\":\"EntryPoint\",\"urlTemplate\":\"https:\/\/portalraizesnoticias.com.br\/?s={search_term_string}\"},\"query-input\":{\"@type\":\"PropertyValueSpecification\",\"valueRequired\":true,\"valueName\":\"search_term_string\"}}],\"inLanguage\":\"pt-BR\"},{\"@type\":\"Organization\",\"@id\":\"https:\/\/portalraizesnoticias.com.br\/#organization\",\"name\":\"Portal raizes NOTICIAS\",\"url\":\"https:\/\/portalraizesnoticias.com.br\/\",\"logo\":{\"@type\":\"ImageObject\",\"inLanguage\":\"pt-BR\",\"@id\":\"https:\/\/portalraizesnoticias.com.br\/#\/schema\/logo\/image\/\",\"url\":\"https:\/\/portalraizesnoticias.com.br\/wp-content\/uploads\/2024\/09\/cropped-Captura-de-tela-2024-09-08-011108.png\",\"contentUrl\":\"https:\/\/portalraizesnoticias.com.br\/wp-content\/uploads\/2024\/09\/cropped-Captura-de-tela-2024-09-08-011108.png\",\"width\":606,\"height\":173,\"caption\":\"Portal raizes NOTICIAS\"},\"image\":{\"@id\":\"https:\/\/portalraizesnoticias.com.br\/#\/schema\/logo\/image\/\"}},{\"@type\":\"Person\",\"@id\":\"https:\/\/portalraizesnoticias.com.br\/#\/schema\/person\/a3ca6b0fc701e78df19756c417d943ae\",\"name\":\"Portal Raizes\",\"image\":{\"@type\":\"ImageObject\",\"inLanguage\":\"pt-BR\",\"@id\":\"https:\/\/portalraizesnoticias.com.br\/#\/schema\/person\/image\/\",\"url\":\"https:\/\/secure.gravatar.com\/avatar\/ef450d29013a3d3fba867a12a249d7b1?s=96&d=mm&r=g\",\"contentUrl\":\"https:\/\/secure.gravatar.com\/avatar\/ef450d29013a3d3fba867a12a249d7b1?s=96&d=mm&r=g\",\"caption\":\"Portal Raizes\"},\"url\":\"https:\/\/portalraizesnoticias.com.br\/?author=3\"}]}<\/script>\n<!-- \/ Yoast SEO plugin. -->","yoast_head_json":{"title":"Coit\u00e9: Dois homens ficam feridos ap\u00f3s acidente de moto na estrada entre Casas Populares e Lajinha - Portal raizes noticias","robots":{"index":"index","follow":"follow","max-snippet":"max-snippet:-1","max-image-preview":"max-image-preview:large","max-video-preview":"max-video-preview:-1"},"canonical":"https:\/\/portalraizesnoticias.com.br\/?p=8709","og_locale":"pt_BR","og_type":"article","og_title":"Coit\u00e9: Dois homens ficam feridos ap\u00f3s acidente de moto na estrada entre Casas Populares e Lajinha - Portal raizes noticias","og_description":"Por volta das 22h desta segunda-feira (13), dois homens ficaram feridos ap\u00f3s ca\u00edrem de motocicleta na estrada que liga o bairro Casas Populares ao povoado de Lajinha, em Concei\u00e7\u00e3o do Coit\u00e9. De acordo com o coordenador do \u00c1guia Resgate, Gildo Carneiro, uma das v\u00edtimas foi identificada como Fabr\u00edcio Brito Pinto, morador do bairro A\u00e7udinho. \u201cEle foi encontrado consciente e orientado, por\u00e9m queixando-se de dores na regi\u00e3o do t\u00f3rax e do joelho\u201d, informou Gildo. A segunda v\u00edtima n\u00e3o portava documentos no momento do resgate, mas, segundo o coordenador, apresentava apenas escoria\u00e7\u00f5es leves. Ambos receberam atendimento pr\u00e9-hospitalar e foram encaminhados para a emerg\u00eancia do Hospital Portugu\u00eas de Concei\u00e7\u00e3o do Coit\u00e9. Reda\u00e7\u00e3o com informa\u00e7\u00f5es do \u00c1guia Resgate","og_url":"https:\/\/portalraizesnoticias.com.br\/?p=8709","og_site_name":"Portal raizes noticias","article_published_time":"2025-10-14T02:05:25+00:00","article_modified_time":"2025-10-14T02:05:26+00:00","og_image":[{"width":1600,"height":1200,"url":"https:\/\/portalraizesnoticias.com.br\/wp-content\/uploads\/2025\/10\/IMG-20251013-WA0472.jpg","type":"image\/jpeg"}],"author":"Portal Raizes","twitter_card":"summary_large_image","twitter_misc":{"Escrito por":"Portal Raizes","Est. tempo de leitura":"2 minutos"},"schema":{"@context":"https:\/\/schema.org","@graph":[{"@type":"Article","@id":"https:\/\/portalraizesnoticias.com.br\/?p=8709#article","isPartOf":{"@id":"https:\/\/portalraizesnoticias.com.br\/?p=8709"},"author":{"name":"Portal Raizes","@id":"https:\/\/portalraizesnoticias.com.br\/#\/schema\/person\/a3ca6b0fc701e78df19756c417d943ae"},"headline":"Coit\u00e9: Dois homens ficam feridos ap\u00f3s acidente de moto na estrada entre Casas Populares e Lajinha","datePublished":"2025-10-14T02:05:25+00:00","dateModified":"2025-10-14T02:05:26+00:00","mainEntityOfPage":{"@id":"https:\/\/portalraizesnoticias.com.br\/?p=8709"},"wordCount":148,"commentCount":0,"publisher":{"@id":"https:\/\/portalraizesnoticias.com.br\/#organization"},"image":{"@id":"https:\/\/portalraizesnoticias.com.br\/?p=8709#primaryimage"},"thumbnailUrl":"https:\/\/portalraizesnoticias.com.br\/wp-content\/uploads\/2025\/10\/IMG-20251013-WA0472.jpg","keywords":["Acidente","Coit\u00e9"],"articleSection":["ACIDENTES","DESTAQUES","ULTIMAS NOTICIAS"],"inLanguage":"pt-BR","potentialAction":[{"@type":"CommentAction","name":"Comment","target":["https:\/\/portalraizesnoticias.com.br\/?p=8709#respond"]}]},{"@type":"WebPage","@id":"https:\/\/portalraizesnoticias.com.br\/?p=8709","url":"https:\/\/portalraizesnoticias.com.br\/?p=8709","name":"Coit\u00e9: Dois homens ficam feridos ap\u00f3s acidente de moto na estrada entre Casas Populares e Lajinha - Portal raizes noticias","isPartOf":{"@id":"https:\/\/portalraizesnoticias.com.br\/#website"},"primaryImageOfPage":{"@id":"https:\/\/portalraizesnoticias.com.br\/?p=8709#primaryimage"},"image":{"@id":"https:\/\/portalraizesnoticias.com.br\/?p=8709#primaryimage"},"thumbnailUrl":"https:\/\/portalraizesnoticias.com.br\/wp-content\/uploads\/2025\/10\/IMG-20251013-WA0472.jpg","datePublished":"2025-10-14T02:05:25+00:00","dateModified":"2025-10-14T02:05:26+00:00","breadcrumb":{"@id":"https:\/\/portalraizesnoticias.com.br\/?p=8709#breadcrumb"},"inLanguage":"pt-BR","potentialAction":[{"@type":"ReadAction","target":["https:\/\/portalraizesnoticias.com.br\/?p=8709"]}]},{"@type":"ImageObject","inLanguage":"pt-BR","@id":"https:\/\/portalraizesnoticias.com.br\/?p=8709#primaryimage","url":"https:\/\/portalraizesnoticias.com.br\/wp-content\/uploads\/2025\/10\/IMG-20251013-WA0472.jpg","contentUrl":"https:\/\/portalraizesnoticias.com.br\/wp-content\/uploads\/2025\/10\/IMG-20251013-WA0472.jpg","width":1600,"height":1200},{"@type":"BreadcrumbList","@id":"https:\/\/portalraizesnoticias.com.br\/?p=8709#breadcrumb","itemListElement":[{"@type":"ListItem","position":1,"name":"In\u00edcio","item":"https:\/\/portalraizesnoticias.com.br\/"},{"@type":"ListItem","position":2,"name":"Coit\u00e9: Dois homens ficam feridos ap\u00f3s acidente de moto na estrada entre Casas Populares e Lajinha"}]},{"@type":"WebSite","@id":"https:\/\/portalraizesnoticias.com.br\/#website","url":"https:\/\/portalraizesnoticias.com.br\/","name":"Portal raizes NOTICIAS","description":"site de noticias de concei\u00e7\u00e3o do coit\u00e9 e regi\u00e3o","publisher":{"@id":"https:\/\/portalraizesnoticias.com.br\/#organization"},"alternateName":"PORTAL RAIZES COIT\u00c9","potentialAction":[{"@type":"SearchAction","target":{"@type":"EntryPoint","urlTemplate":"https:\/\/portalraizesnoticias.com.br\/?s={search_term_string}"},"query-input":{"@type":"PropertyValueSpecification","valueRequired":true,"valueName":"search_term_string"}}],"inLanguage":"pt-BR"},{"@type":"Organization","@id":"https:\/\/portalraizesnoticias.com.br\/#organization","name":"Portal raizes NOTICIAS","url":"https:\/\/portalraizesnoticias.com.br\/","logo":{"@type":"ImageObject","inLanguage":"pt-BR","@id":"https:\/\/portalraizesnoticias.com.br\/#\/schema\/logo\/image\/","url":"https:\/\/portalraizesnoticias.com.br\/wp-content\/uploads\/2024\/09\/cropped-Captura-de-tela-2024-09-08-011108.png","contentUrl":"https:\/\/portalraizesnoticias.com.br\/wp-content\/uploads\/2024\/09\/cropped-Captura-de-tela-2024-09-08-011108.png","width":606,"height":173,"caption":"Portal raizes NOTICIAS"},"image":{"@id":"https:\/\/portalraizesnoticias.com.br\/#\/schema\/logo\/image\/"}},{"@type":"Person","@id":"https:\/\/portalraizesnoticias.com.br\/#\/schema\/person\/a3ca6b0fc701e78df19756c417d943ae","name":"Portal Raizes","image":{"@type":"ImageObject","inLanguage":"pt-BR","@id":"https:\/\/portalraizesnoticias.com.br\/#\/schema\/person\/image\/","url":"https:\/\/secure.gravatar.com\/avatar\/ef450d29013a3d3fba867a12a249d7b1?s=96&d=mm&r=g","contentUrl":"https:\/\/secure.gravatar.com\/avatar\/ef450d29013a3d3fba867a12a249d7b1?s=96&d=mm&r=g","caption":"Portal Raizes"},"url":"https:\/\/portalraizesnoticias.com.br\/?author=3"}]}},"_links":{"self":[{"href":"https:\/\/portalraizesnoticias.com.br\/index.php?rest_route=\/wp\/v2\/posts\/8709"}],"collection":[{"href":"https:\/\/portalraizesnoticias.com.br\/index.php?rest_route=\/wp\/v2\/posts"}],"about":[{"href":"https:\/\/portalraizesnoticias.com.br\/index.php?rest_route=\/wp\/v2\/types\/post"}],"author":[{"embeddable":true,"href":"https:\/\/portalraizesnoticias.com.br\/index.php?rest_route=\/wp\/v2\/users\/3"}],"replies":[{"embeddable":true,"href":"https:\/\/portalraizesnoticias.com.br\/index.php?rest_route=%2Fwp%2Fv2%2Fcomments&post=8709"}],"version-history":[{"count":1,"href":"https:\/\/portalraizesnoticias.com.br\/index.php?rest_route=\/wp\/v2\/posts\/8709\/revisions"}],"predecessor-version":[{"id":8713,"href":"https:\/\/portalraizesnoticias.com.br\/index.php?rest_route=\/wp\/v2\/posts\/8709\/revisions\/8713"}],"wp:featuredmedia":[{"embeddable":true,"href":"https:\/\/portalraizesnoticias.com.br\/index.php?rest_route=\/wp\/v2\/media\/8712"}],"wp:attachment":[{"href":"https:\/\/portalraizesnoticias.com.br\/index.php?rest_route=%2Fwp%2Fv2%2Fmedia&parent=8709"}],"wp:term":[{"taxonomy":"category","embeddable":true,"href":"https:\/\/portalraizesnoticias.com.br\/index.php?rest_route=%2Fwp%2Fv2%2Fcategories&post=8709"},{"taxonomy":"post_tag","embeddable":true,"href":"https:\/\/portalraizesnoticias.com.br\/index.php?rest_route=%2Fwp%2Fv2%2Ftags&post=8709"}],"curies":[{"name":"wp","href":"https:\/\/api.w.org\/{rel}","templated":true}]}}