{"id":8626,"date":"2025-10-08T16:11:28","date_gmt":"2025-10-08T19:11:28","guid":{"rendered":"https:\/\/portalraizesnoticias.com.br\/?p=8626"},"modified":"2025-10-08T16:11:29","modified_gmt":"2025-10-08T19:11:29","slug":"policia-civil-recupera-moto-furtada-na-zona-rural-de-conceicao-do-coite-suspeito-havia-sido-solto-recentemente-apos-matar-a-propria-prima","status":"publish","type":"post","link":"https:\/\/portalraizesnoticias.com.br\/?p=8626","title":{"rendered":"Pol\u00edcia Civil recupera moto furtada na zona rural de Concei\u00e7\u00e3o do Coit\u00e9; suspeito havia sido solto recentemente ap\u00f3s matar a pr\u00f3pria prima"},"content":{"rendered":"<p>A Pol\u00edcia Civil da Bahia, por meio da Delegacia Territorial de Concei\u00e7\u00e3o do Coit\u00e9, localizou e recuperou uma motocicleta furtada na noite de ter\u00e7a-feira (07), no munic\u00edpio.<\/p>\n<p><img fetchpriority=\"high\" decoding=\"async\" class=\"size-medium wp-image-8094 aligncenter\" src=\"https:\/\/portalraizesnoticias.com.br\/wp-content\/uploads\/2025\/09\/IMG-20250901-WA01191-300x300.jpg\" alt=\"\" width=\"300\" height=\"300\" srcset=\"https:\/\/portalraizesnoticias.com.br\/wp-content\/uploads\/2025\/09\/IMG-20250901-WA01191-300x300.jpg 300w, https:\/\/portalraizesnoticias.com.br\/wp-content\/uploads\/2025\/09\/IMG-20250901-WA01191-150x150.jpg 150w, https:\/\/portalraizesnoticias.com.br\/wp-content\/uploads\/2025\/09\/IMG-20250901-WA01191.jpg 720w\" sizes=\"(max-width: 300px) 100vw, 300px\" \/><\/p>\n<p style=\"text-align: center;\"><strong>PUBLICIDADE<\/strong><\/p>\n<p>Ap\u00f3s levantamentos investigativos, os agentes encontraram o ve\u00edculo em uma resid\u00eancia no povoado de On\u00e7a, zona rural de Concei\u00e7\u00e3o do Coit\u00e9. O bem foi recolhido e apresentado na sede da delegacia.<\/p>\n<p><strong>LEIA TAMB\u00c9M:\u00a0<a href=\"https:\/\/portalraizesnoticias.com.br\/heranca-de-idoso-falecido-ha-8-dias-motiva-briga-e-agressao-entre-irmaos-em-conceicao-do-coite\/\">Heran\u00e7a de idoso falecido h\u00e1 8 dias motiva briga e agress\u00e3o entre irm\u00e3os em Concei\u00e7\u00e3o do Coit\u00e9<\/a><\/strong><\/p>\n<p>Durante as dilig\u00eancias, o suposto autor, identificado como D.S. de S., foi localizado em via p\u00fablica e conduzido para a unidade policial, onde prestou interrogat\u00f3rio.<\/p>\n<p><strong>Hist\u00f3rico do suspeito<\/strong><\/p>\n<p>O homem preso nesta quarta-feira (08) j\u00e1 possui antecedentes criminais. Ele havia sido solto recentemente, ap\u00f3s cumprir parte da pena pelo homic\u00eddio de sua prima, Kauane de Santana Pereira, morta a facadas no dia 04 de agosto de 2019, quando tinha apenas 15 anos.<\/p>\n<p><img decoding=\"async\" class=\"size-medium wp-image-8006 aligncenter\" src=\"https:\/\/portalraizesnoticias.com.br\/wp-content\/uploads\/2025\/09\/IMG-20250902-WA0020-300x296.jpg\" alt=\"\" width=\"300\" height=\"296\" srcset=\"https:\/\/portalraizesnoticias.com.br\/wp-content\/uploads\/2025\/09\/IMG-20250902-WA0020-300x296.jpg 300w, https:\/\/portalraizesnoticias.com.br\/wp-content\/uploads\/2025\/09\/IMG-20250902-WA0020-1024x1009.jpg 1024w, https:\/\/portalraizesnoticias.com.br\/wp-content\/uploads\/2025\/09\/IMG-20250902-WA0020-768x757.jpg 768w, https:\/\/portalraizesnoticias.com.br\/wp-content\/uploads\/2025\/09\/IMG-20250902-WA0020.jpg 1080w\" sizes=\"(max-width: 300px) 100vw, 300px\" \/><\/p>\n<p style=\"text-align: center;\"><strong>PUBLICIDADE<\/strong><\/p>\n<p>Na ocasi\u00e3o, o crime ocorreu dentro da casa da m\u00e3e da v\u00edtima, na Fazenda Trombeta, pr\u00f3ximo ao povoado de On\u00e7a, zona rural de Coit\u00e9. Conforme relato do padrasto, uma semana antes do assassinato, Kauane e o primo haviam discutido por motivos banais. No dia do crime, o acusado foi at\u00e9 a resid\u00eancia da tia e desferiu golpes de faca contra a adolescente, atingindo o t\u00f3rax e o rosto, causando sua morte.<\/p>\n<p>Com passagem tamb\u00e9m por roubo de motocicletas, o suspeito voltou a ser detido justamente pelo mesmo tipo de crime.<\/p>\n<p>Reda\u00e7\u00e3o<\/p>\n","protected":false},"excerpt":{"rendered":"<p>A Pol\u00edcia Civil da Bahia, por meio da Delegacia Territorial de Concei\u00e7\u00e3o do Coit\u00e9, localizou e recuperou uma motocicleta furtada na noite de ter\u00e7a-feira (07), no munic\u00edpio. PUBLICIDADE Ap\u00f3s levantamentos investigativos, os agentes encontraram o ve\u00edculo em uma resid\u00eancia no povoado de On\u00e7a, zona rural de Concei\u00e7\u00e3o do Coit\u00e9. O bem foi recolhido e apresentado na sede da delegacia. LEIA TAMB\u00c9M:\u00a0Heran\u00e7a de idoso falecido h\u00e1 8 dias motiva briga e agress\u00e3o entre irm\u00e3os em Concei\u00e7\u00e3o do Coit\u00e9 Durante as dilig\u00eancias, o suposto autor, identificado como D.S. de S., foi localizado em via p\u00fablica e conduzido para a unidade policial, onde prestou interrogat\u00f3rio. Hist\u00f3rico do suspeito O homem preso nesta quarta-feira (08) j\u00e1 possui antecedentes criminais. Ele havia sido solto recentemente, ap\u00f3s cumprir parte da pena pelo homic\u00eddio de sua prima, Kauane de Santana Pereira, morta a facadas no dia 04 de agosto de 2019, quando tinha apenas 15 anos. PUBLICIDADE Na ocasi\u00e3o, o crime ocorreu dentro da casa da m\u00e3e da v\u00edtima, na Fazenda Trombeta, pr\u00f3ximo ao povoado de On\u00e7a, zona rural de Coit\u00e9. Conforme relato do padrasto, uma semana antes do assassinato, Kauane e o primo haviam discutido por motivos banais. No dia do crime, o acusado foi at\u00e9 a resid\u00eancia da tia e desferiu golpes de faca contra a adolescente, atingindo o t\u00f3rax e o rosto, causando sua morte. Com passagem tamb\u00e9m por roubo de motocicletas, o suspeito voltou a ser detido justamente pelo mesmo tipo de crime. Reda\u00e7\u00e3o<\/p>\n","protected":false},"author":3,"featured_media":8627,"comment_status":"open","ping_status":"open","sticky":false,"template":"","format":"standard","meta":{"_joinchat":[],"footnotes":""},"categories":[55,67,59],"tags":[142,1320],"class_list":["post-8626","post","type-post","status-publish","format-standard","has-post-thumbnail","hentry","category-destaques","category-policia","category-ultimas-noticias","tag-homem","tag-preso-l"],"yoast_head":"<!-- This site is optimized with the Yoast SEO plugin v24.4 - https:\/\/yoast.com\/wordpress\/plugins\/seo\/ -->\n<title>Pol\u00edcia Civil recupera moto furtada na zona rural de Concei\u00e7\u00e3o do Coit\u00e9; suspeito havia sido solto recentemente ap\u00f3s matar a pr\u00f3pria prima - Portal raizes noticias<\/title>\n<meta name=\"robots\" content=\"index, follow, max-snippet:-1, max-image-preview:large, max-video-preview:-1\" \/>\n<link rel=\"canonical\" href=\"https:\/\/portalraizesnoticias.com.br\/?p=8626\" \/>\n<meta property=\"og:locale\" content=\"pt_BR\" \/>\n<meta property=\"og:type\" content=\"article\" \/>\n<meta property=\"og:title\" content=\"Pol\u00edcia Civil recupera moto furtada na zona rural de Concei\u00e7\u00e3o do Coit\u00e9; suspeito havia sido solto recentemente ap\u00f3s matar a pr\u00f3pria prima - Portal raizes noticias\" \/>\n<meta property=\"og:description\" content=\"A Pol\u00edcia Civil da Bahia, por meio da Delegacia Territorial de Concei\u00e7\u00e3o do Coit\u00e9, localizou e recuperou uma motocicleta furtada na noite de ter\u00e7a-feira (07), no munic\u00edpio. PUBLICIDADE Ap\u00f3s levantamentos investigativos, os agentes encontraram o ve\u00edculo em uma resid\u00eancia no povoado de On\u00e7a, zona rural de Concei\u00e7\u00e3o do Coit\u00e9. O bem foi recolhido e apresentado na sede da delegacia. LEIA TAMB\u00c9M:\u00a0Heran\u00e7a de idoso falecido h\u00e1 8 dias motiva briga e agress\u00e3o entre irm\u00e3os em Concei\u00e7\u00e3o do Coit\u00e9 Durante as dilig\u00eancias, o suposto autor, identificado como D.S. de S., foi localizado em via p\u00fablica e conduzido para a unidade policial, onde prestou interrogat\u00f3rio. Hist\u00f3rico do suspeito O homem preso nesta quarta-feira (08) j\u00e1 possui antecedentes criminais. Ele havia sido solto recentemente, ap\u00f3s cumprir parte da pena pelo homic\u00eddio de sua prima, Kauane de Santana Pereira, morta a facadas no dia 04 de agosto de 2019, quando tinha apenas 15 anos. PUBLICIDADE Na ocasi\u00e3o, o crime ocorreu dentro da casa da m\u00e3e da v\u00edtima, na Fazenda Trombeta, pr\u00f3ximo ao povoado de On\u00e7a, zona rural de Coit\u00e9. Conforme relato do padrasto, uma semana antes do assassinato, Kauane e o primo haviam discutido por motivos banais. No dia do crime, o acusado foi at\u00e9 a resid\u00eancia da tia e desferiu golpes de faca contra a adolescente, atingindo o t\u00f3rax e o rosto, causando sua morte. Com passagem tamb\u00e9m por roubo de motocicletas, o suspeito voltou a ser detido justamente pelo mesmo tipo de crime. Reda\u00e7\u00e3o\" \/>\n<meta property=\"og:url\" content=\"https:\/\/portalraizesnoticias.com.br\/?p=8626\" \/>\n<meta property=\"og:site_name\" content=\"Portal raizes noticias\" \/>\n<meta property=\"article:published_time\" content=\"2025-10-08T19:11:28+00:00\" \/>\n<meta property=\"article:modified_time\" content=\"2025-10-08T19:11:29+00:00\" \/>\n<meta property=\"og:image\" content=\"https:\/\/portalraizesnoticias.com.br\/wp-content\/uploads\/2025\/10\/IMG-20251008-WA0322.jpg\" \/>\n\t<meta property=\"og:image:width\" content=\"899\" \/>\n\t<meta property=\"og:image:height\" content=\"1599\" \/>\n\t<meta property=\"og:image:type\" content=\"image\/jpeg\" \/>\n<meta name=\"author\" content=\"Portal Raizes\" \/>\n<meta name=\"twitter:card\" content=\"summary_large_image\" \/>\n<meta name=\"twitter:label1\" content=\"Escrito por\" \/>\n\t<meta name=\"twitter:data1\" content=\"Portal Raizes\" \/>\n\t<meta name=\"twitter:label2\" content=\"Est. tempo de leitura\" \/>\n\t<meta name=\"twitter:data2\" content=\"2 minutos\" \/>\n<script type=\"application\/ld+json\" class=\"yoast-schema-graph\">{\"@context\":\"https:\/\/schema.org\",\"@graph\":[{\"@type\":\"Article\",\"@id\":\"https:\/\/portalraizesnoticias.com.br\/?p=8626#article\",\"isPartOf\":{\"@id\":\"https:\/\/portalraizesnoticias.com.br\/?p=8626\"},\"author\":{\"name\":\"Portal Raizes\",\"@id\":\"https:\/\/portalraizesnoticias.com.br\/#\/schema\/person\/a3ca6b0fc701e78df19756c417d943ae\"},\"headline\":\"Pol\u00edcia Civil recupera moto furtada na zona rural de Concei\u00e7\u00e3o do Coit\u00e9; suspeito havia sido solto recentemente ap\u00f3s matar a pr\u00f3pria prima\",\"datePublished\":\"2025-10-08T19:11:28+00:00\",\"dateModified\":\"2025-10-08T19:11:29+00:00\",\"mainEntityOfPage\":{\"@id\":\"https:\/\/portalraizesnoticias.com.br\/?p=8626\"},\"wordCount\":292,\"commentCount\":0,\"publisher\":{\"@id\":\"https:\/\/portalraizesnoticias.com.br\/#organization\"},\"image\":{\"@id\":\"https:\/\/portalraizesnoticias.com.br\/?p=8626#primaryimage\"},\"thumbnailUrl\":\"https:\/\/portalraizesnoticias.com.br\/wp-content\/uploads\/2025\/10\/IMG-20251008-WA0322.jpg\",\"keywords\":[\"Homem\",\"Preso l\"],\"articleSection\":[\"DESTAQUES\",\"POLICIA\",\"ULTIMAS NOTICIAS\"],\"inLanguage\":\"pt-BR\",\"potentialAction\":[{\"@type\":\"CommentAction\",\"name\":\"Comment\",\"target\":[\"https:\/\/portalraizesnoticias.com.br\/?p=8626#respond\"]}]},{\"@type\":\"WebPage\",\"@id\":\"https:\/\/portalraizesnoticias.com.br\/?p=8626\",\"url\":\"https:\/\/portalraizesnoticias.com.br\/?p=8626\",\"name\":\"Pol\u00edcia Civil recupera moto furtada na zona rural de Concei\u00e7\u00e3o do Coit\u00e9; suspeito havia sido solto recentemente ap\u00f3s matar a pr\u00f3pria prima - Portal raizes noticias\",\"isPartOf\":{\"@id\":\"https:\/\/portalraizesnoticias.com.br\/#website\"},\"primaryImageOfPage\":{\"@id\":\"https:\/\/portalraizesnoticias.com.br\/?p=8626#primaryimage\"},\"image\":{\"@id\":\"https:\/\/portalraizesnoticias.com.br\/?p=8626#primaryimage\"},\"thumbnailUrl\":\"https:\/\/portalraizesnoticias.com.br\/wp-content\/uploads\/2025\/10\/IMG-20251008-WA0322.jpg\",\"datePublished\":\"2025-10-08T19:11:28+00:00\",\"dateModified\":\"2025-10-08T19:11:29+00:00\",\"breadcrumb\":{\"@id\":\"https:\/\/portalraizesnoticias.com.br\/?p=8626#breadcrumb\"},\"inLanguage\":\"pt-BR\",\"potentialAction\":[{\"@type\":\"ReadAction\",\"target\":[\"https:\/\/portalraizesnoticias.com.br\/?p=8626\"]}]},{\"@type\":\"ImageObject\",\"inLanguage\":\"pt-BR\",\"@id\":\"https:\/\/portalraizesnoticias.com.br\/?p=8626#primaryimage\",\"url\":\"https:\/\/portalraizesnoticias.com.br\/wp-content\/uploads\/2025\/10\/IMG-20251008-WA0322.jpg\",\"contentUrl\":\"https:\/\/portalraizesnoticias.com.br\/wp-content\/uploads\/2025\/10\/IMG-20251008-WA0322.jpg\",\"width\":899,\"height\":1599},{\"@type\":\"BreadcrumbList\",\"@id\":\"https:\/\/portalraizesnoticias.com.br\/?p=8626#breadcrumb\",\"itemListElement\":[{\"@type\":\"ListItem\",\"position\":1,\"name\":\"In\u00edcio\",\"item\":\"https:\/\/portalraizesnoticias.com.br\/\"},{\"@type\":\"ListItem\",\"position\":2,\"name\":\"Pol\u00edcia Civil recupera moto furtada na zona rural de Concei\u00e7\u00e3o do Coit\u00e9; suspeito havia sido solto recentemente ap\u00f3s matar a pr\u00f3pria prima\"}]},{\"@type\":\"WebSite\",\"@id\":\"https:\/\/portalraizesnoticias.com.br\/#website\",\"url\":\"https:\/\/portalraizesnoticias.com.br\/\",\"name\":\"Portal raizes NOTICIAS\",\"description\":\"site de noticias de concei\u00e7\u00e3o do coit\u00e9 e regi\u00e3o\",\"publisher\":{\"@id\":\"https:\/\/portalraizesnoticias.com.br\/#organization\"},\"alternateName\":\"PORTAL RAIZES COIT\u00c9\",\"potentialAction\":[{\"@type\":\"SearchAction\",\"target\":{\"@type\":\"EntryPoint\",\"urlTemplate\":\"https:\/\/portalraizesnoticias.com.br\/?s={search_term_string}\"},\"query-input\":{\"@type\":\"PropertyValueSpecification\",\"valueRequired\":true,\"valueName\":\"search_term_string\"}}],\"inLanguage\":\"pt-BR\"},{\"@type\":\"Organization\",\"@id\":\"https:\/\/portalraizesnoticias.com.br\/#organization\",\"name\":\"Portal raizes NOTICIAS\",\"url\":\"https:\/\/portalraizesnoticias.com.br\/\",\"logo\":{\"@type\":\"ImageObject\",\"inLanguage\":\"pt-BR\",\"@id\":\"https:\/\/portalraizesnoticias.com.br\/#\/schema\/logo\/image\/\",\"url\":\"https:\/\/portalraizesnoticias.com.br\/wp-content\/uploads\/2024\/09\/cropped-Captura-de-tela-2024-09-08-011108.png\",\"contentUrl\":\"https:\/\/portalraizesnoticias.com.br\/wp-content\/uploads\/2024\/09\/cropped-Captura-de-tela-2024-09-08-011108.png\",\"width\":606,\"height\":173,\"caption\":\"Portal raizes NOTICIAS\"},\"image\":{\"@id\":\"https:\/\/portalraizesnoticias.com.br\/#\/schema\/logo\/image\/\"}},{\"@type\":\"Person\",\"@id\":\"https:\/\/portalraizesnoticias.com.br\/#\/schema\/person\/a3ca6b0fc701e78df19756c417d943ae\",\"name\":\"Portal Raizes\",\"image\":{\"@type\":\"ImageObject\",\"inLanguage\":\"pt-BR\",\"@id\":\"https:\/\/portalraizesnoticias.com.br\/#\/schema\/person\/image\/\",\"url\":\"https:\/\/secure.gravatar.com\/avatar\/ef450d29013a3d3fba867a12a249d7b1?s=96&d=mm&r=g\",\"contentUrl\":\"https:\/\/secure.gravatar.com\/avatar\/ef450d29013a3d3fba867a12a249d7b1?s=96&d=mm&r=g\",\"caption\":\"Portal Raizes\"},\"url\":\"https:\/\/portalraizesnoticias.com.br\/?author=3\"}]}<\/script>\n<!-- \/ Yoast SEO plugin. -->","yoast_head_json":{"title":"Pol\u00edcia Civil recupera moto furtada na zona rural de Concei\u00e7\u00e3o do Coit\u00e9; suspeito havia sido solto recentemente ap\u00f3s matar a pr\u00f3pria prima - Portal raizes noticias","robots":{"index":"index","follow":"follow","max-snippet":"max-snippet:-1","max-image-preview":"max-image-preview:large","max-video-preview":"max-video-preview:-1"},"canonical":"https:\/\/portalraizesnoticias.com.br\/?p=8626","og_locale":"pt_BR","og_type":"article","og_title":"Pol\u00edcia Civil recupera moto furtada na zona rural de Concei\u00e7\u00e3o do Coit\u00e9; suspeito havia sido solto recentemente ap\u00f3s matar a pr\u00f3pria prima - Portal raizes noticias","og_description":"A Pol\u00edcia Civil da Bahia, por meio da Delegacia Territorial de Concei\u00e7\u00e3o do Coit\u00e9, localizou e recuperou uma motocicleta furtada na noite de ter\u00e7a-feira (07), no munic\u00edpio. PUBLICIDADE Ap\u00f3s levantamentos investigativos, os agentes encontraram o ve\u00edculo em uma resid\u00eancia no povoado de On\u00e7a, zona rural de Concei\u00e7\u00e3o do Coit\u00e9. O bem foi recolhido e apresentado na sede da delegacia. LEIA TAMB\u00c9M:\u00a0Heran\u00e7a de idoso falecido h\u00e1 8 dias motiva briga e agress\u00e3o entre irm\u00e3os em Concei\u00e7\u00e3o do Coit\u00e9 Durante as dilig\u00eancias, o suposto autor, identificado como D.S. de S., foi localizado em via p\u00fablica e conduzido para a unidade policial, onde prestou interrogat\u00f3rio. Hist\u00f3rico do suspeito O homem preso nesta quarta-feira (08) j\u00e1 possui antecedentes criminais. Ele havia sido solto recentemente, ap\u00f3s cumprir parte da pena pelo homic\u00eddio de sua prima, Kauane de Santana Pereira, morta a facadas no dia 04 de agosto de 2019, quando tinha apenas 15 anos. PUBLICIDADE Na ocasi\u00e3o, o crime ocorreu dentro da casa da m\u00e3e da v\u00edtima, na Fazenda Trombeta, pr\u00f3ximo ao povoado de On\u00e7a, zona rural de Coit\u00e9. Conforme relato do padrasto, uma semana antes do assassinato, Kauane e o primo haviam discutido por motivos banais. No dia do crime, o acusado foi at\u00e9 a resid\u00eancia da tia e desferiu golpes de faca contra a adolescente, atingindo o t\u00f3rax e o rosto, causando sua morte. Com passagem tamb\u00e9m por roubo de motocicletas, o suspeito voltou a ser detido justamente pelo mesmo tipo de crime. Reda\u00e7\u00e3o","og_url":"https:\/\/portalraizesnoticias.com.br\/?p=8626","og_site_name":"Portal raizes noticias","article_published_time":"2025-10-08T19:11:28+00:00","article_modified_time":"2025-10-08T19:11:29+00:00","og_image":[{"width":899,"height":1599,"url":"https:\/\/portalraizesnoticias.com.br\/wp-content\/uploads\/2025\/10\/IMG-20251008-WA0322.jpg","type":"image\/jpeg"}],"author":"Portal Raizes","twitter_card":"summary_large_image","twitter_misc":{"Escrito por":"Portal Raizes","Est. tempo de leitura":"2 minutos"},"schema":{"@context":"https:\/\/schema.org","@graph":[{"@type":"Article","@id":"https:\/\/portalraizesnoticias.com.br\/?p=8626#article","isPartOf":{"@id":"https:\/\/portalraizesnoticias.com.br\/?p=8626"},"author":{"name":"Portal Raizes","@id":"https:\/\/portalraizesnoticias.com.br\/#\/schema\/person\/a3ca6b0fc701e78df19756c417d943ae"},"headline":"Pol\u00edcia Civil recupera moto furtada na zona rural de Concei\u00e7\u00e3o do Coit\u00e9; suspeito havia sido solto recentemente ap\u00f3s matar a pr\u00f3pria prima","datePublished":"2025-10-08T19:11:28+00:00","dateModified":"2025-10-08T19:11:29+00:00","mainEntityOfPage":{"@id":"https:\/\/portalraizesnoticias.com.br\/?p=8626"},"wordCount":292,"commentCount":0,"publisher":{"@id":"https:\/\/portalraizesnoticias.com.br\/#organization"},"image":{"@id":"https:\/\/portalraizesnoticias.com.br\/?p=8626#primaryimage"},"thumbnailUrl":"https:\/\/portalraizesnoticias.com.br\/wp-content\/uploads\/2025\/10\/IMG-20251008-WA0322.jpg","keywords":["Homem","Preso l"],"articleSection":["DESTAQUES","POLICIA","ULTIMAS NOTICIAS"],"inLanguage":"pt-BR","potentialAction":[{"@type":"CommentAction","name":"Comment","target":["https:\/\/portalraizesnoticias.com.br\/?p=8626#respond"]}]},{"@type":"WebPage","@id":"https:\/\/portalraizesnoticias.com.br\/?p=8626","url":"https:\/\/portalraizesnoticias.com.br\/?p=8626","name":"Pol\u00edcia Civil recupera moto furtada na zona rural de Concei\u00e7\u00e3o do Coit\u00e9; suspeito havia sido solto recentemente ap\u00f3s matar a pr\u00f3pria prima - Portal raizes noticias","isPartOf":{"@id":"https:\/\/portalraizesnoticias.com.br\/#website"},"primaryImageOfPage":{"@id":"https:\/\/portalraizesnoticias.com.br\/?p=8626#primaryimage"},"image":{"@id":"https:\/\/portalraizesnoticias.com.br\/?p=8626#primaryimage"},"thumbnailUrl":"https:\/\/portalraizesnoticias.com.br\/wp-content\/uploads\/2025\/10\/IMG-20251008-WA0322.jpg","datePublished":"2025-10-08T19:11:28+00:00","dateModified":"2025-10-08T19:11:29+00:00","breadcrumb":{"@id":"https:\/\/portalraizesnoticias.com.br\/?p=8626#breadcrumb"},"inLanguage":"pt-BR","potentialAction":[{"@type":"ReadAction","target":["https:\/\/portalraizesnoticias.com.br\/?p=8626"]}]},{"@type":"ImageObject","inLanguage":"pt-BR","@id":"https:\/\/portalraizesnoticias.com.br\/?p=8626#primaryimage","url":"https:\/\/portalraizesnoticias.com.br\/wp-content\/uploads\/2025\/10\/IMG-20251008-WA0322.jpg","contentUrl":"https:\/\/portalraizesnoticias.com.br\/wp-content\/uploads\/2025\/10\/IMG-20251008-WA0322.jpg","width":899,"height":1599},{"@type":"BreadcrumbList","@id":"https:\/\/portalraizesnoticias.com.br\/?p=8626#breadcrumb","itemListElement":[{"@type":"ListItem","position":1,"name":"In\u00edcio","item":"https:\/\/portalraizesnoticias.com.br\/"},{"@type":"ListItem","position":2,"name":"Pol\u00edcia Civil recupera moto furtada na zona rural de Concei\u00e7\u00e3o do Coit\u00e9; suspeito havia sido solto recentemente ap\u00f3s matar a pr\u00f3pria prima"}]},{"@type":"WebSite","@id":"https:\/\/portalraizesnoticias.com.br\/#website","url":"https:\/\/portalraizesnoticias.com.br\/","name":"Portal raizes NOTICIAS","description":"site de noticias de concei\u00e7\u00e3o do coit\u00e9 e regi\u00e3o","publisher":{"@id":"https:\/\/portalraizesnoticias.com.br\/#organization"},"alternateName":"PORTAL RAIZES COIT\u00c9","potentialAction":[{"@type":"SearchAction","target":{"@type":"EntryPoint","urlTemplate":"https:\/\/portalraizesnoticias.com.br\/?s={search_term_string}"},"query-input":{"@type":"PropertyValueSpecification","valueRequired":true,"valueName":"search_term_string"}}],"inLanguage":"pt-BR"},{"@type":"Organization","@id":"https:\/\/portalraizesnoticias.com.br\/#organization","name":"Portal raizes NOTICIAS","url":"https:\/\/portalraizesnoticias.com.br\/","logo":{"@type":"ImageObject","inLanguage":"pt-BR","@id":"https:\/\/portalraizesnoticias.com.br\/#\/schema\/logo\/image\/","url":"https:\/\/portalraizesnoticias.com.br\/wp-content\/uploads\/2024\/09\/cropped-Captura-de-tela-2024-09-08-011108.png","contentUrl":"https:\/\/portalraizesnoticias.com.br\/wp-content\/uploads\/2024\/09\/cropped-Captura-de-tela-2024-09-08-011108.png","width":606,"height":173,"caption":"Portal raizes NOTICIAS"},"image":{"@id":"https:\/\/portalraizesnoticias.com.br\/#\/schema\/logo\/image\/"}},{"@type":"Person","@id":"https:\/\/portalraizesnoticias.com.br\/#\/schema\/person\/a3ca6b0fc701e78df19756c417d943ae","name":"Portal Raizes","image":{"@type":"ImageObject","inLanguage":"pt-BR","@id":"https:\/\/portalraizesnoticias.com.br\/#\/schema\/person\/image\/","url":"https:\/\/secure.gravatar.com\/avatar\/ef450d29013a3d3fba867a12a249d7b1?s=96&d=mm&r=g","contentUrl":"https:\/\/secure.gravatar.com\/avatar\/ef450d29013a3d3fba867a12a249d7b1?s=96&d=mm&r=g","caption":"Portal Raizes"},"url":"https:\/\/portalraizesnoticias.com.br\/?author=3"}]}},"_links":{"self":[{"href":"https:\/\/portalraizesnoticias.com.br\/index.php?rest_route=\/wp\/v2\/posts\/8626"}],"collection":[{"href":"https:\/\/portalraizesnoticias.com.br\/index.php?rest_route=\/wp\/v2\/posts"}],"about":[{"href":"https:\/\/portalraizesnoticias.com.br\/index.php?rest_route=\/wp\/v2\/types\/post"}],"author":[{"embeddable":true,"href":"https:\/\/portalraizesnoticias.com.br\/index.php?rest_route=\/wp\/v2\/users\/3"}],"replies":[{"embeddable":true,"href":"https:\/\/portalraizesnoticias.com.br\/index.php?rest_route=%2Fwp%2Fv2%2Fcomments&post=8626"}],"version-history":[{"count":1,"href":"https:\/\/portalraizesnoticias.com.br\/index.php?rest_route=\/wp\/v2\/posts\/8626\/revisions"}],"predecessor-version":[{"id":8628,"href":"https:\/\/portalraizesnoticias.com.br\/index.php?rest_route=\/wp\/v2\/posts\/8626\/revisions\/8628"}],"wp:featuredmedia":[{"embeddable":true,"href":"https:\/\/portalraizesnoticias.com.br\/index.php?rest_route=\/wp\/v2\/media\/8627"}],"wp:attachment":[{"href":"https:\/\/portalraizesnoticias.com.br\/index.php?rest_route=%2Fwp%2Fv2%2Fmedia&parent=8626"}],"wp:term":[{"taxonomy":"category","embeddable":true,"href":"https:\/\/portalraizesnoticias.com.br\/index.php?rest_route=%2Fwp%2Fv2%2Fcategories&post=8626"},{"taxonomy":"post_tag","embeddable":true,"href":"https:\/\/portalraizesnoticias.com.br\/index.php?rest_route=%2Fwp%2Fv2%2Ftags&post=8626"}],"curies":[{"name":"wp","href":"https:\/\/api.w.org\/{rel}","templated":true}]}}