{"id":8603,"date":"2025-10-07T08:47:34","date_gmt":"2025-10-07T11:47:34","guid":{"rendered":"https:\/\/portalraizesnoticias.com.br\/?p=8603"},"modified":"2025-10-07T08:48:58","modified_gmt":"2025-10-07T11:48:58","slug":"jovem-e-adolescente-ficam-feridos-apos-acidente-de-moto-ao-desviar-de-cachorro-em-conceicao-do-coite-vitimas-foram-atendidas-pelo-aguia-resgate","status":"publish","type":"post","link":"https:\/\/portalraizesnoticias.com.br\/?p=8603","title":{"rendered":"Jovem e adolescente ficam feridos ap\u00f3s acidente de moto ao desviar de cachorro em Concei\u00e7\u00e3o do Coit\u00e9; v\u00edtimas foram atendidas pelo \u00c1guia Resgate"},"content":{"rendered":"<p>Na manh\u00e3 desta ter\u00e7a-feira (07), por volta das 7h30, um acidente envolvendo uma motocicleta deixou duas pessoas feridas na estrada da Piat\u00e3, em Concei\u00e7\u00e3o do Coit\u00e9.<\/p>\n<p><img fetchpriority=\"high\" decoding=\"async\" class=\"size-medium wp-image-8199 aligncenter\" src=\"https:\/\/portalraizesnoticias.com.br\/wp-content\/uploads\/2025\/09\/IMG-20250912-WA0857-300x300.jpg\" alt=\"\" width=\"300\" height=\"300\" srcset=\"https:\/\/portalraizesnoticias.com.br\/wp-content\/uploads\/2025\/09\/IMG-20250912-WA0857-300x300.jpg 300w, https:\/\/portalraizesnoticias.com.br\/wp-content\/uploads\/2025\/09\/IMG-20250912-WA0857-150x150.jpg 150w, https:\/\/portalraizesnoticias.com.br\/wp-content\/uploads\/2025\/09\/IMG-20250912-WA0857.jpg 640w\" sizes=\"(max-width: 300px) 100vw, 300px\" \/><\/p>\n<p style=\"text-align: center;\"><strong>PUBLICIDADE<\/strong><\/p>\n<p>Segundo informa\u00e7\u00f5es do socorrista Luiz Felipe, do \u00c1guia Resgate, o condutor da moto, Augusto Ara\u00fajo Cedraz Mamede, 18 anos, tentou desviar de um cachorro que atravessava a pista, perdeu o controle do ve\u00edculo e caiu.<\/p>\n<p><img decoding=\"async\" class=\"size-medium wp-image-8094 aligncenter\" src=\"https:\/\/portalraizesnoticias.com.br\/wp-content\/uploads\/2025\/09\/IMG-20250901-WA01191-300x300.jpg\" alt=\"\" width=\"300\" height=\"300\" srcset=\"https:\/\/portalraizesnoticias.com.br\/wp-content\/uploads\/2025\/09\/IMG-20250901-WA01191-300x300.jpg 300w, https:\/\/portalraizesnoticias.com.br\/wp-content\/uploads\/2025\/09\/IMG-20250901-WA01191-150x150.jpg 150w, https:\/\/portalraizesnoticias.com.br\/wp-content\/uploads\/2025\/09\/IMG-20250901-WA01191.jpg 720w\" sizes=\"(max-width: 300px) 100vw, 300px\" \/><\/p>\n<p style=\"text-align: center;\"><strong>PUBLICIDADE<\/strong><\/p>\n<p>Com o impacto, o adolescente E.A., de 12 anos, que estava na garupa, sofreu suspeita de fratura no tornozelo. J\u00e1 o condutor apresentou uma lacera\u00e7\u00e3o na regi\u00e3o do joelho.<\/p>\n<p><img decoding=\"async\" class=\"size-medium wp-image-8006 aligncenter\" src=\"https:\/\/portalraizesnoticias.com.br\/wp-content\/uploads\/2025\/09\/IMG-20250902-WA0020-300x296.jpg\" alt=\"\" width=\"300\" height=\"296\" srcset=\"https:\/\/portalraizesnoticias.com.br\/wp-content\/uploads\/2025\/09\/IMG-20250902-WA0020-300x296.jpg 300w, https:\/\/portalraizesnoticias.com.br\/wp-content\/uploads\/2025\/09\/IMG-20250902-WA0020-1024x1009.jpg 1024w, https:\/\/portalraizesnoticias.com.br\/wp-content\/uploads\/2025\/09\/IMG-20250902-WA0020-768x757.jpg 768w, https:\/\/portalraizesnoticias.com.br\/wp-content\/uploads\/2025\/09\/IMG-20250902-WA0020.jpg 1080w\" sizes=\"(max-width: 300px) 100vw, 300px\" \/><\/p>\n<p style=\"text-align: center;\"><strong>PUBLICIDADE<\/strong><\/p>\n<p>As v\u00edtimas receberam os primeiros atendimentos da equipe de resgate e foram encaminhadas para unidades hospitalares no munic\u00edpio.<\/p>\n<p>Reda\u00e7\u00e3o<\/p>\n","protected":false},"excerpt":{"rendered":"<p>Na manh\u00e3 desta ter\u00e7a-feira (07), por volta das 7h30, um acidente envolvendo uma motocicleta deixou duas pessoas feridas na estrada da Piat\u00e3, em Concei\u00e7\u00e3o do Coit\u00e9. PUBLICIDADE Segundo informa\u00e7\u00f5es do socorrista Luiz Felipe, do \u00c1guia Resgate, o condutor da moto, Augusto Ara\u00fajo Cedraz Mamede, 18 anos, tentou desviar de um cachorro que atravessava a pista, perdeu o controle do ve\u00edculo e caiu. PUBLICIDADE Com o impacto, o adolescente E.A., de 12 anos, que estava na garupa, sofreu suspeita de fratura no tornozelo. J\u00e1 o condutor apresentou uma lacera\u00e7\u00e3o na regi\u00e3o do joelho. PUBLICIDADE As v\u00edtimas receberam os primeiros atendimentos da equipe de resgate e foram encaminhadas para unidades hospitalares no munic\u00edpio. Reda\u00e7\u00e3o<\/p>\n","protected":false},"author":3,"featured_media":8604,"comment_status":"open","ping_status":"open","sticky":false,"template":"","format":"standard","meta":{"_joinchat":[],"footnotes":""},"categories":[58,55,59],"tags":[],"class_list":["post-8603","post","type-post","status-publish","format-standard","has-post-thumbnail","hentry","category-acidentes","category-destaques","category-ultimas-noticias"],"yoast_head":"<!-- This site is optimized with the Yoast SEO plugin v24.4 - https:\/\/yoast.com\/wordpress\/plugins\/seo\/ -->\n<title>Jovem e adolescente ficam feridos ap\u00f3s acidente de moto ao desviar de cachorro em Concei\u00e7\u00e3o do Coit\u00e9; v\u00edtimas foram atendidas pelo \u00c1guia Resgate - Portal raizes noticias<\/title>\n<meta name=\"robots\" content=\"index, follow, max-snippet:-1, max-image-preview:large, max-video-preview:-1\" \/>\n<link rel=\"canonical\" href=\"https:\/\/portalraizesnoticias.com.br\/?p=8603\" \/>\n<meta property=\"og:locale\" content=\"pt_BR\" \/>\n<meta property=\"og:type\" content=\"article\" \/>\n<meta property=\"og:title\" content=\"Jovem e adolescente ficam feridos ap\u00f3s acidente de moto ao desviar de cachorro em Concei\u00e7\u00e3o do Coit\u00e9; v\u00edtimas foram atendidas pelo \u00c1guia Resgate - Portal raizes noticias\" \/>\n<meta property=\"og:description\" content=\"Na manh\u00e3 desta ter\u00e7a-feira (07), por volta das 7h30, um acidente envolvendo uma motocicleta deixou duas pessoas feridas na estrada da Piat\u00e3, em Concei\u00e7\u00e3o do Coit\u00e9. PUBLICIDADE Segundo informa\u00e7\u00f5es do socorrista Luiz Felipe, do \u00c1guia Resgate, o condutor da moto, Augusto Ara\u00fajo Cedraz Mamede, 18 anos, tentou desviar de um cachorro que atravessava a pista, perdeu o controle do ve\u00edculo e caiu. PUBLICIDADE Com o impacto, o adolescente E.A., de 12 anos, que estava na garupa, sofreu suspeita de fratura no tornozelo. J\u00e1 o condutor apresentou uma lacera\u00e7\u00e3o na regi\u00e3o do joelho. PUBLICIDADE As v\u00edtimas receberam os primeiros atendimentos da equipe de resgate e foram encaminhadas para unidades hospitalares no munic\u00edpio. Reda\u00e7\u00e3o\" \/>\n<meta property=\"og:url\" content=\"https:\/\/portalraizesnoticias.com.br\/?p=8603\" \/>\n<meta property=\"og:site_name\" content=\"Portal raizes noticias\" \/>\n<meta property=\"article:published_time\" content=\"2025-10-07T11:47:34+00:00\" \/>\n<meta property=\"article:modified_time\" content=\"2025-10-07T11:48:58+00:00\" \/>\n<meta property=\"og:image\" content=\"https:\/\/portalraizesnoticias.com.br\/wp-content\/uploads\/2025\/10\/IMG-20251007-WA0077.jpg\" \/>\n\t<meta property=\"og:image:width\" content=\"1600\" \/>\n\t<meta property=\"og:image:height\" content=\"1200\" \/>\n\t<meta property=\"og:image:type\" content=\"image\/jpeg\" \/>\n<meta name=\"author\" content=\"Portal Raizes\" \/>\n<meta name=\"twitter:card\" content=\"summary_large_image\" \/>\n<meta name=\"twitter:label1\" content=\"Escrito por\" \/>\n\t<meta name=\"twitter:data1\" content=\"Portal Raizes\" \/>\n\t<meta name=\"twitter:label2\" content=\"Est. tempo de leitura\" \/>\n\t<meta name=\"twitter:data2\" content=\"2 minutos\" \/>\n<script type=\"application\/ld+json\" class=\"yoast-schema-graph\">{\"@context\":\"https:\/\/schema.org\",\"@graph\":[{\"@type\":\"Article\",\"@id\":\"https:\/\/portalraizesnoticias.com.br\/?p=8603#article\",\"isPartOf\":{\"@id\":\"https:\/\/portalraizesnoticias.com.br\/?p=8603\"},\"author\":{\"name\":\"Portal Raizes\",\"@id\":\"https:\/\/portalraizesnoticias.com.br\/#\/schema\/person\/a3ca6b0fc701e78df19756c417d943ae\"},\"headline\":\"Jovem e adolescente ficam feridos ap\u00f3s acidente de moto ao desviar de cachorro em Concei\u00e7\u00e3o do Coit\u00e9; v\u00edtimas foram atendidas pelo \u00c1guia Resgate\",\"datePublished\":\"2025-10-07T11:47:34+00:00\",\"dateModified\":\"2025-10-07T11:48:58+00:00\",\"mainEntityOfPage\":{\"@id\":\"https:\/\/portalraizesnoticias.com.br\/?p=8603\"},\"wordCount\":146,\"commentCount\":0,\"publisher\":{\"@id\":\"https:\/\/portalraizesnoticias.com.br\/#organization\"},\"image\":{\"@id\":\"https:\/\/portalraizesnoticias.com.br\/?p=8603#primaryimage\"},\"thumbnailUrl\":\"https:\/\/portalraizesnoticias.com.br\/wp-content\/uploads\/2025\/10\/IMG-20251007-WA0077.jpg\",\"articleSection\":[\"ACIDENTES\",\"DESTAQUES\",\"ULTIMAS NOTICIAS\"],\"inLanguage\":\"pt-BR\",\"potentialAction\":[{\"@type\":\"CommentAction\",\"name\":\"Comment\",\"target\":[\"https:\/\/portalraizesnoticias.com.br\/?p=8603#respond\"]}]},{\"@type\":\"WebPage\",\"@id\":\"https:\/\/portalraizesnoticias.com.br\/?p=8603\",\"url\":\"https:\/\/portalraizesnoticias.com.br\/?p=8603\",\"name\":\"Jovem e adolescente ficam feridos ap\u00f3s acidente de moto ao desviar de cachorro em Concei\u00e7\u00e3o do Coit\u00e9; v\u00edtimas foram atendidas pelo \u00c1guia Resgate - Portal raizes noticias\",\"isPartOf\":{\"@id\":\"https:\/\/portalraizesnoticias.com.br\/#website\"},\"primaryImageOfPage\":{\"@id\":\"https:\/\/portalraizesnoticias.com.br\/?p=8603#primaryimage\"},\"image\":{\"@id\":\"https:\/\/portalraizesnoticias.com.br\/?p=8603#primaryimage\"},\"thumbnailUrl\":\"https:\/\/portalraizesnoticias.com.br\/wp-content\/uploads\/2025\/10\/IMG-20251007-WA0077.jpg\",\"datePublished\":\"2025-10-07T11:47:34+00:00\",\"dateModified\":\"2025-10-07T11:48:58+00:00\",\"breadcrumb\":{\"@id\":\"https:\/\/portalraizesnoticias.com.br\/?p=8603#breadcrumb\"},\"inLanguage\":\"pt-BR\",\"potentialAction\":[{\"@type\":\"ReadAction\",\"target\":[\"https:\/\/portalraizesnoticias.com.br\/?p=8603\"]}]},{\"@type\":\"ImageObject\",\"inLanguage\":\"pt-BR\",\"@id\":\"https:\/\/portalraizesnoticias.com.br\/?p=8603#primaryimage\",\"url\":\"https:\/\/portalraizesnoticias.com.br\/wp-content\/uploads\/2025\/10\/IMG-20251007-WA0077.jpg\",\"contentUrl\":\"https:\/\/portalraizesnoticias.com.br\/wp-content\/uploads\/2025\/10\/IMG-20251007-WA0077.jpg\",\"width\":1600,\"height\":1200},{\"@type\":\"BreadcrumbList\",\"@id\":\"https:\/\/portalraizesnoticias.com.br\/?p=8603#breadcrumb\",\"itemListElement\":[{\"@type\":\"ListItem\",\"position\":1,\"name\":\"In\u00edcio\",\"item\":\"https:\/\/portalraizesnoticias.com.br\/\"},{\"@type\":\"ListItem\",\"position\":2,\"name\":\"Jovem e adolescente ficam feridos ap\u00f3s acidente de moto ao desviar de cachorro em Concei\u00e7\u00e3o do Coit\u00e9; v\u00edtimas foram atendidas pelo \u00c1guia Resgate\"}]},{\"@type\":\"WebSite\",\"@id\":\"https:\/\/portalraizesnoticias.com.br\/#website\",\"url\":\"https:\/\/portalraizesnoticias.com.br\/\",\"name\":\"Portal raizes NOTICIAS\",\"description\":\"site de noticias de concei\u00e7\u00e3o do coit\u00e9 e regi\u00e3o\",\"publisher\":{\"@id\":\"https:\/\/portalraizesnoticias.com.br\/#organization\"},\"alternateName\":\"PORTAL RAIZES COIT\u00c9\",\"potentialAction\":[{\"@type\":\"SearchAction\",\"target\":{\"@type\":\"EntryPoint\",\"urlTemplate\":\"https:\/\/portalraizesnoticias.com.br\/?s={search_term_string}\"},\"query-input\":{\"@type\":\"PropertyValueSpecification\",\"valueRequired\":true,\"valueName\":\"search_term_string\"}}],\"inLanguage\":\"pt-BR\"},{\"@type\":\"Organization\",\"@id\":\"https:\/\/portalraizesnoticias.com.br\/#organization\",\"name\":\"Portal raizes NOTICIAS\",\"url\":\"https:\/\/portalraizesnoticias.com.br\/\",\"logo\":{\"@type\":\"ImageObject\",\"inLanguage\":\"pt-BR\",\"@id\":\"https:\/\/portalraizesnoticias.com.br\/#\/schema\/logo\/image\/\",\"url\":\"https:\/\/portalraizesnoticias.com.br\/wp-content\/uploads\/2024\/09\/cropped-Captura-de-tela-2024-09-08-011108.png\",\"contentUrl\":\"https:\/\/portalraizesnoticias.com.br\/wp-content\/uploads\/2024\/09\/cropped-Captura-de-tela-2024-09-08-011108.png\",\"width\":606,\"height\":173,\"caption\":\"Portal raizes NOTICIAS\"},\"image\":{\"@id\":\"https:\/\/portalraizesnoticias.com.br\/#\/schema\/logo\/image\/\"}},{\"@type\":\"Person\",\"@id\":\"https:\/\/portalraizesnoticias.com.br\/#\/schema\/person\/a3ca6b0fc701e78df19756c417d943ae\",\"name\":\"Portal Raizes\",\"image\":{\"@type\":\"ImageObject\",\"inLanguage\":\"pt-BR\",\"@id\":\"https:\/\/portalraizesnoticias.com.br\/#\/schema\/person\/image\/\",\"url\":\"https:\/\/secure.gravatar.com\/avatar\/ef450d29013a3d3fba867a12a249d7b1?s=96&d=mm&r=g\",\"contentUrl\":\"https:\/\/secure.gravatar.com\/avatar\/ef450d29013a3d3fba867a12a249d7b1?s=96&d=mm&r=g\",\"caption\":\"Portal Raizes\"},\"url\":\"https:\/\/portalraizesnoticias.com.br\/?author=3\"}]}<\/script>\n<!-- \/ Yoast SEO plugin. -->","yoast_head_json":{"title":"Jovem e adolescente ficam feridos ap\u00f3s acidente de moto ao desviar de cachorro em Concei\u00e7\u00e3o do Coit\u00e9; v\u00edtimas foram atendidas pelo \u00c1guia Resgate - Portal raizes noticias","robots":{"index":"index","follow":"follow","max-snippet":"max-snippet:-1","max-image-preview":"max-image-preview:large","max-video-preview":"max-video-preview:-1"},"canonical":"https:\/\/portalraizesnoticias.com.br\/?p=8603","og_locale":"pt_BR","og_type":"article","og_title":"Jovem e adolescente ficam feridos ap\u00f3s acidente de moto ao desviar de cachorro em Concei\u00e7\u00e3o do Coit\u00e9; v\u00edtimas foram atendidas pelo \u00c1guia Resgate - Portal raizes noticias","og_description":"Na manh\u00e3 desta ter\u00e7a-feira (07), por volta das 7h30, um acidente envolvendo uma motocicleta deixou duas pessoas feridas na estrada da Piat\u00e3, em Concei\u00e7\u00e3o do Coit\u00e9. PUBLICIDADE Segundo informa\u00e7\u00f5es do socorrista Luiz Felipe, do \u00c1guia Resgate, o condutor da moto, Augusto Ara\u00fajo Cedraz Mamede, 18 anos, tentou desviar de um cachorro que atravessava a pista, perdeu o controle do ve\u00edculo e caiu. PUBLICIDADE Com o impacto, o adolescente E.A., de 12 anos, que estava na garupa, sofreu suspeita de fratura no tornozelo. J\u00e1 o condutor apresentou uma lacera\u00e7\u00e3o na regi\u00e3o do joelho. PUBLICIDADE As v\u00edtimas receberam os primeiros atendimentos da equipe de resgate e foram encaminhadas para unidades hospitalares no munic\u00edpio. Reda\u00e7\u00e3o","og_url":"https:\/\/portalraizesnoticias.com.br\/?p=8603","og_site_name":"Portal raizes noticias","article_published_time":"2025-10-07T11:47:34+00:00","article_modified_time":"2025-10-07T11:48:58+00:00","og_image":[{"width":1600,"height":1200,"url":"https:\/\/portalraizesnoticias.com.br\/wp-content\/uploads\/2025\/10\/IMG-20251007-WA0077.jpg","type":"image\/jpeg"}],"author":"Portal Raizes","twitter_card":"summary_large_image","twitter_misc":{"Escrito por":"Portal Raizes","Est. tempo de leitura":"2 minutos"},"schema":{"@context":"https:\/\/schema.org","@graph":[{"@type":"Article","@id":"https:\/\/portalraizesnoticias.com.br\/?p=8603#article","isPartOf":{"@id":"https:\/\/portalraizesnoticias.com.br\/?p=8603"},"author":{"name":"Portal Raizes","@id":"https:\/\/portalraizesnoticias.com.br\/#\/schema\/person\/a3ca6b0fc701e78df19756c417d943ae"},"headline":"Jovem e adolescente ficam feridos ap\u00f3s acidente de moto ao desviar de cachorro em Concei\u00e7\u00e3o do Coit\u00e9; v\u00edtimas foram atendidas pelo \u00c1guia Resgate","datePublished":"2025-10-07T11:47:34+00:00","dateModified":"2025-10-07T11:48:58+00:00","mainEntityOfPage":{"@id":"https:\/\/portalraizesnoticias.com.br\/?p=8603"},"wordCount":146,"commentCount":0,"publisher":{"@id":"https:\/\/portalraizesnoticias.com.br\/#organization"},"image":{"@id":"https:\/\/portalraizesnoticias.com.br\/?p=8603#primaryimage"},"thumbnailUrl":"https:\/\/portalraizesnoticias.com.br\/wp-content\/uploads\/2025\/10\/IMG-20251007-WA0077.jpg","articleSection":["ACIDENTES","DESTAQUES","ULTIMAS NOTICIAS"],"inLanguage":"pt-BR","potentialAction":[{"@type":"CommentAction","name":"Comment","target":["https:\/\/portalraizesnoticias.com.br\/?p=8603#respond"]}]},{"@type":"WebPage","@id":"https:\/\/portalraizesnoticias.com.br\/?p=8603","url":"https:\/\/portalraizesnoticias.com.br\/?p=8603","name":"Jovem e adolescente ficam feridos ap\u00f3s acidente de moto ao desviar de cachorro em Concei\u00e7\u00e3o do Coit\u00e9; v\u00edtimas foram atendidas pelo \u00c1guia Resgate - Portal raizes noticias","isPartOf":{"@id":"https:\/\/portalraizesnoticias.com.br\/#website"},"primaryImageOfPage":{"@id":"https:\/\/portalraizesnoticias.com.br\/?p=8603#primaryimage"},"image":{"@id":"https:\/\/portalraizesnoticias.com.br\/?p=8603#primaryimage"},"thumbnailUrl":"https:\/\/portalraizesnoticias.com.br\/wp-content\/uploads\/2025\/10\/IMG-20251007-WA0077.jpg","datePublished":"2025-10-07T11:47:34+00:00","dateModified":"2025-10-07T11:48:58+00:00","breadcrumb":{"@id":"https:\/\/portalraizesnoticias.com.br\/?p=8603#breadcrumb"},"inLanguage":"pt-BR","potentialAction":[{"@type":"ReadAction","target":["https:\/\/portalraizesnoticias.com.br\/?p=8603"]}]},{"@type":"ImageObject","inLanguage":"pt-BR","@id":"https:\/\/portalraizesnoticias.com.br\/?p=8603#primaryimage","url":"https:\/\/portalraizesnoticias.com.br\/wp-content\/uploads\/2025\/10\/IMG-20251007-WA0077.jpg","contentUrl":"https:\/\/portalraizesnoticias.com.br\/wp-content\/uploads\/2025\/10\/IMG-20251007-WA0077.jpg","width":1600,"height":1200},{"@type":"BreadcrumbList","@id":"https:\/\/portalraizesnoticias.com.br\/?p=8603#breadcrumb","itemListElement":[{"@type":"ListItem","position":1,"name":"In\u00edcio","item":"https:\/\/portalraizesnoticias.com.br\/"},{"@type":"ListItem","position":2,"name":"Jovem e adolescente ficam feridos ap\u00f3s acidente de moto ao desviar de cachorro em Concei\u00e7\u00e3o do Coit\u00e9; v\u00edtimas foram atendidas pelo \u00c1guia Resgate"}]},{"@type":"WebSite","@id":"https:\/\/portalraizesnoticias.com.br\/#website","url":"https:\/\/portalraizesnoticias.com.br\/","name":"Portal raizes NOTICIAS","description":"site de noticias de concei\u00e7\u00e3o do coit\u00e9 e regi\u00e3o","publisher":{"@id":"https:\/\/portalraizesnoticias.com.br\/#organization"},"alternateName":"PORTAL RAIZES COIT\u00c9","potentialAction":[{"@type":"SearchAction","target":{"@type":"EntryPoint","urlTemplate":"https:\/\/portalraizesnoticias.com.br\/?s={search_term_string}"},"query-input":{"@type":"PropertyValueSpecification","valueRequired":true,"valueName":"search_term_string"}}],"inLanguage":"pt-BR"},{"@type":"Organization","@id":"https:\/\/portalraizesnoticias.com.br\/#organization","name":"Portal raizes NOTICIAS","url":"https:\/\/portalraizesnoticias.com.br\/","logo":{"@type":"ImageObject","inLanguage":"pt-BR","@id":"https:\/\/portalraizesnoticias.com.br\/#\/schema\/logo\/image\/","url":"https:\/\/portalraizesnoticias.com.br\/wp-content\/uploads\/2024\/09\/cropped-Captura-de-tela-2024-09-08-011108.png","contentUrl":"https:\/\/portalraizesnoticias.com.br\/wp-content\/uploads\/2024\/09\/cropped-Captura-de-tela-2024-09-08-011108.png","width":606,"height":173,"caption":"Portal raizes NOTICIAS"},"image":{"@id":"https:\/\/portalraizesnoticias.com.br\/#\/schema\/logo\/image\/"}},{"@type":"Person","@id":"https:\/\/portalraizesnoticias.com.br\/#\/schema\/person\/a3ca6b0fc701e78df19756c417d943ae","name":"Portal Raizes","image":{"@type":"ImageObject","inLanguage":"pt-BR","@id":"https:\/\/portalraizesnoticias.com.br\/#\/schema\/person\/image\/","url":"https:\/\/secure.gravatar.com\/avatar\/ef450d29013a3d3fba867a12a249d7b1?s=96&d=mm&r=g","contentUrl":"https:\/\/secure.gravatar.com\/avatar\/ef450d29013a3d3fba867a12a249d7b1?s=96&d=mm&r=g","caption":"Portal Raizes"},"url":"https:\/\/portalraizesnoticias.com.br\/?author=3"}]}},"_links":{"self":[{"href":"https:\/\/portalraizesnoticias.com.br\/index.php?rest_route=\/wp\/v2\/posts\/8603"}],"collection":[{"href":"https:\/\/portalraizesnoticias.com.br\/index.php?rest_route=\/wp\/v2\/posts"}],"about":[{"href":"https:\/\/portalraizesnoticias.com.br\/index.php?rest_route=\/wp\/v2\/types\/post"}],"author":[{"embeddable":true,"href":"https:\/\/portalraizesnoticias.com.br\/index.php?rest_route=\/wp\/v2\/users\/3"}],"replies":[{"embeddable":true,"href":"https:\/\/portalraizesnoticias.com.br\/index.php?rest_route=%2Fwp%2Fv2%2Fcomments&post=8603"}],"version-history":[{"count":2,"href":"https:\/\/portalraizesnoticias.com.br\/index.php?rest_route=\/wp\/v2\/posts\/8603\/revisions"}],"predecessor-version":[{"id":8606,"href":"https:\/\/portalraizesnoticias.com.br\/index.php?rest_route=\/wp\/v2\/posts\/8603\/revisions\/8606"}],"wp:featuredmedia":[{"embeddable":true,"href":"https:\/\/portalraizesnoticias.com.br\/index.php?rest_route=\/wp\/v2\/media\/8604"}],"wp:attachment":[{"href":"https:\/\/portalraizesnoticias.com.br\/index.php?rest_route=%2Fwp%2Fv2%2Fmedia&parent=8603"}],"wp:term":[{"taxonomy":"category","embeddable":true,"href":"https:\/\/portalraizesnoticias.com.br\/index.php?rest_route=%2Fwp%2Fv2%2Fcategories&post=8603"},{"taxonomy":"post_tag","embeddable":true,"href":"https:\/\/portalraizesnoticias.com.br\/index.php?rest_route=%2Fwp%2Fv2%2Ftags&post=8603"}],"curies":[{"name":"wp","href":"https:\/\/api.w.org\/{rel}","templated":true}]}}