{"id":8488,"date":"2025-09-30T19:35:15","date_gmt":"2025-09-30T22:35:15","guid":{"rendered":"https:\/\/portalraizesnoticias.com.br\/?p=8488"},"modified":"2025-09-30T19:59:47","modified_gmt":"2025-09-30T22:59:47","slug":"mudanca-da-micareta-de-feira-de-santana-para-novembro-abre-espaco-e-fortalece-o-coite-folia-2026","status":"publish","type":"post","link":"https:\/\/portalraizesnoticias.com.br\/?p=8488","title":{"rendered":"Mudan\u00e7a da Micareta de Feira de Santana para novembro abre espa\u00e7o e fortalece o Coit\u00e9 Folia 2026"},"content":{"rendered":"<p><strong>OPINI\u00c3O-<\/strong> Com a confirma\u00e7\u00e3o feita nesta ter\u00e7a-feira (30) pelo prefeito de Feira de Santana, Jos\u00e9 Ronaldo, de que a tradicional Micareta da \u201cPrincesinha do Sert\u00e3o\u201d passar\u00e1 a ser realizada a partir de 2026 no m\u00eas de novembro, o munic\u00edpio de Concei\u00e7\u00e3o do Coit\u00e9, localizado a cerca de 110 km de Feira, passa a ter ainda mais destaque no calend\u00e1rio festivo da Bahia.<\/p>\n<p><img fetchpriority=\"high\" decoding=\"async\" class=\"size-medium wp-image-8289 aligncenter\" src=\"https:\/\/portalraizesnoticias.com.br\/wp-content\/uploads\/2025\/09\/IMG-20250918-WA0124-300x300.jpg\" alt=\"\" width=\"300\" height=\"300\" srcset=\"https:\/\/portalraizesnoticias.com.br\/wp-content\/uploads\/2025\/09\/IMG-20250918-WA0124-300x300.jpg 300w, https:\/\/portalraizesnoticias.com.br\/wp-content\/uploads\/2025\/09\/IMG-20250918-WA0124-150x150.jpg 150w, https:\/\/portalraizesnoticias.com.br\/wp-content\/uploads\/2025\/09\/IMG-20250918-WA0124-768x768.jpg 768w, https:\/\/portalraizesnoticias.com.br\/wp-content\/uploads\/2025\/09\/IMG-20250918-WA0124.jpg 1000w\" sizes=\"(max-width: 300px) 100vw, 300px\" \/><\/p>\n<p style=\"text-align: center;\"><strong>PUBLICIDADE<\/strong><\/p>\n<p>A altera\u00e7\u00e3o de data representa um al\u00edvio para os organizadores e comerciantes da regi\u00e3o sisaleira, j\u00e1 que a micareta coiteense, conhecida como Coit\u00e9 Folia, continuar\u00e1 sendo realizada entre abril ou maio, consolidando-se como o principal evento micaretesco do primeiro semestre no interior baiano.<\/p>\n<p><img decoding=\"async\" class=\"size-medium wp-image-8199 aligncenter\" src=\"https:\/\/portalraizesnoticias.com.br\/wp-content\/uploads\/2025\/09\/IMG-20250912-WA0857-300x300.jpg\" alt=\"\" width=\"300\" height=\"300\" srcset=\"https:\/\/portalraizesnoticias.com.br\/wp-content\/uploads\/2025\/09\/IMG-20250912-WA0857-300x300.jpg 300w, https:\/\/portalraizesnoticias.com.br\/wp-content\/uploads\/2025\/09\/IMG-20250912-WA0857-150x150.jpg 150w, https:\/\/portalraizesnoticias.com.br\/wp-content\/uploads\/2025\/09\/IMG-20250912-WA0857.jpg 640w\" sizes=\"(max-width: 300px) 100vw, 300px\" \/><\/p>\n<p style=\"text-align: center;\"><strong>PUBLICIDADE<\/strong><\/p>\n<p>Em 2025, a coincid\u00eancia de datas entre as duas micaretas, somada \u00e0s fortes chuvas, acabou dividindo o p\u00fablico e reduzindo o impacto econ\u00f4mico esperado, mesmo diante da grande estrutura montada pela gest\u00e3o municipal de Coit\u00e9, que investiu na contrata\u00e7\u00e3o de grandes bandas e numa organiza\u00e7\u00e3o elogiada pelo p\u00fablico.<\/p>\n<p><img decoding=\"async\" class=\"size-medium wp-image-8282 aligncenter\" src=\"https:\/\/portalraizesnoticias.com.br\/wp-content\/uploads\/2025\/09\/IMG-20250917-WA0249-300x229.jpg\" alt=\"\" width=\"300\" height=\"229\" srcset=\"https:\/\/portalraizesnoticias.com.br\/wp-content\/uploads\/2025\/09\/IMG-20250917-WA0249-300x229.jpg 300w, https:\/\/portalraizesnoticias.com.br\/wp-content\/uploads\/2025\/09\/IMG-20250917-WA0249.jpg 752w\" sizes=\"(max-width: 300px) 100vw, 300px\" \/><\/p>\n<p style=\"text-align: center;\"><strong>PUBLICIDADE<\/strong><\/p>\n<p>Agora, com a mudan\u00e7a em Feira de Santana, a expectativa \u00e9 que o Coit\u00e9 Folia atraia um p\u00fablico ainda maior, fortalecendo a economia local e projetando ainda mais a cidade, sendo refer\u00eancia na realiza\u00e7\u00e3o de grandes eventos populares a exemplo do Natal Luz e Coit\u00e9 Folia. Comerciantes, barraqueiros, ambulantes e tudo\u00a0 que gira em torno da festa j\u00e1 vislumbram uma edi\u00e7\u00e3o hist\u00f3rica em 2026, com maior movimento, mais gera\u00e7\u00e3o de renda e, consequentemente, mais visibilidade para Concei\u00e7\u00e3o do Coit\u00e9.<\/p>\n<p>Por: Rafaela Rodrigues<\/p>\n","protected":false},"excerpt":{"rendered":"<p>OPINI\u00c3O- Com a confirma\u00e7\u00e3o feita nesta ter\u00e7a-feira (30) pelo prefeito de Feira de Santana, Jos\u00e9 Ronaldo, de que a tradicional Micareta da \u201cPrincesinha do Sert\u00e3o\u201d passar\u00e1 a ser realizada a partir de 2026 no m\u00eas de novembro, o munic\u00edpio de Concei\u00e7\u00e3o do Coit\u00e9, localizado a cerca de 110 km de Feira, passa a ter ainda mais destaque no calend\u00e1rio festivo da Bahia. PUBLICIDADE A altera\u00e7\u00e3o de data representa um al\u00edvio para os organizadores e comerciantes da regi\u00e3o sisaleira, j\u00e1 que a micareta coiteense, conhecida como Coit\u00e9 Folia, continuar\u00e1 sendo realizada entre abril ou maio, consolidando-se como o principal evento micaretesco do primeiro semestre no interior baiano. PUBLICIDADE Em 2025, a coincid\u00eancia de datas entre as duas micaretas, somada \u00e0s fortes chuvas, acabou dividindo o p\u00fablico e reduzindo o impacto econ\u00f4mico esperado, mesmo diante da grande estrutura montada pela gest\u00e3o municipal de Coit\u00e9, que investiu na contrata\u00e7\u00e3o de grandes bandas e numa organiza\u00e7\u00e3o elogiada pelo p\u00fablico. PUBLICIDADE Agora, com a mudan\u00e7a em Feira de Santana, a expectativa \u00e9 que o Coit\u00e9 Folia atraia um p\u00fablico ainda maior, fortalecendo a economia local e projetando ainda mais a cidade, sendo refer\u00eancia na realiza\u00e7\u00e3o de grandes eventos populares a exemplo do Natal Luz e Coit\u00e9 Folia. Comerciantes, barraqueiros, ambulantes e tudo\u00a0 que gira em torno da festa j\u00e1 vislumbram uma edi\u00e7\u00e3o hist\u00f3rica em 2026, com maior movimento, mais gera\u00e7\u00e3o de renda e, consequentemente, mais visibilidade para Concei\u00e7\u00e3o do Coit\u00e9. Por: Rafaela Rodrigues<\/p>\n","protected":false},"author":3,"featured_media":8489,"comment_status":"open","ping_status":"open","sticky":false,"template":"","format":"standard","meta":{"_joinchat":[],"footnotes":""},"categories":[55,69,59],"tags":[137,781],"class_list":["post-8488","post","type-post","status-publish","format-standard","has-post-thumbnail","hentry","category-destaques","category-entreterimento-e-cultura","category-ultimas-noticias","tag-bahia","tag-coite-folia"],"yoast_head":"<!-- This site is optimized with the Yoast SEO plugin v24.4 - https:\/\/yoast.com\/wordpress\/plugins\/seo\/ -->\n<title>Mudan\u00e7a da Micareta de Feira de Santana para novembro abre espa\u00e7o e fortalece o Coit\u00e9 Folia 2026 - Portal raizes noticias<\/title>\n<meta name=\"robots\" content=\"index, follow, max-snippet:-1, max-image-preview:large, max-video-preview:-1\" \/>\n<link rel=\"canonical\" href=\"https:\/\/portalraizesnoticias.com.br\/?p=8488\" \/>\n<meta property=\"og:locale\" content=\"pt_BR\" \/>\n<meta property=\"og:type\" content=\"article\" \/>\n<meta property=\"og:title\" content=\"Mudan\u00e7a da Micareta de Feira de Santana para novembro abre espa\u00e7o e fortalece o Coit\u00e9 Folia 2026 - Portal raizes noticias\" \/>\n<meta property=\"og:description\" content=\"OPINI\u00c3O- Com a confirma\u00e7\u00e3o feita nesta ter\u00e7a-feira (30) pelo prefeito de Feira de Santana, Jos\u00e9 Ronaldo, de que a tradicional Micareta da \u201cPrincesinha do Sert\u00e3o\u201d passar\u00e1 a ser realizada a partir de 2026 no m\u00eas de novembro, o munic\u00edpio de Concei\u00e7\u00e3o do Coit\u00e9, localizado a cerca de 110 km de Feira, passa a ter ainda mais destaque no calend\u00e1rio festivo da Bahia. PUBLICIDADE A altera\u00e7\u00e3o de data representa um al\u00edvio para os organizadores e comerciantes da regi\u00e3o sisaleira, j\u00e1 que a micareta coiteense, conhecida como Coit\u00e9 Folia, continuar\u00e1 sendo realizada entre abril ou maio, consolidando-se como o principal evento micaretesco do primeiro semestre no interior baiano. PUBLICIDADE Em 2025, a coincid\u00eancia de datas entre as duas micaretas, somada \u00e0s fortes chuvas, acabou dividindo o p\u00fablico e reduzindo o impacto econ\u00f4mico esperado, mesmo diante da grande estrutura montada pela gest\u00e3o municipal de Coit\u00e9, que investiu na contrata\u00e7\u00e3o de grandes bandas e numa organiza\u00e7\u00e3o elogiada pelo p\u00fablico. PUBLICIDADE Agora, com a mudan\u00e7a em Feira de Santana, a expectativa \u00e9 que o Coit\u00e9 Folia atraia um p\u00fablico ainda maior, fortalecendo a economia local e projetando ainda mais a cidade, sendo refer\u00eancia na realiza\u00e7\u00e3o de grandes eventos populares a exemplo do Natal Luz e Coit\u00e9 Folia. Comerciantes, barraqueiros, ambulantes e tudo\u00a0 que gira em torno da festa j\u00e1 vislumbram uma edi\u00e7\u00e3o hist\u00f3rica em 2026, com maior movimento, mais gera\u00e7\u00e3o de renda e, consequentemente, mais visibilidade para Concei\u00e7\u00e3o do Coit\u00e9. Por: Rafaela Rodrigues\" \/>\n<meta property=\"og:url\" content=\"https:\/\/portalraizesnoticias.com.br\/?p=8488\" \/>\n<meta property=\"og:site_name\" content=\"Portal raizes noticias\" \/>\n<meta property=\"article:published_time\" content=\"2025-09-30T22:35:15+00:00\" \/>\n<meta property=\"article:modified_time\" content=\"2025-09-30T22:59:47+00:00\" \/>\n<meta property=\"og:image\" content=\"https:\/\/portalraizesnoticias.com.br\/wp-content\/uploads\/2025\/09\/IMG-20250930-WA0379.jpg\" \/>\n\t<meta property=\"og:image:width\" content=\"1600\" \/>\n\t<meta property=\"og:image:height\" content=\"1035\" \/>\n\t<meta property=\"og:image:type\" content=\"image\/jpeg\" \/>\n<meta name=\"author\" content=\"Portal Raizes\" \/>\n<meta name=\"twitter:card\" content=\"summary_large_image\" \/>\n<meta name=\"twitter:label1\" content=\"Escrito por\" \/>\n\t<meta name=\"twitter:data1\" content=\"Portal Raizes\" \/>\n\t<meta name=\"twitter:label2\" content=\"Est. tempo de leitura\" \/>\n\t<meta name=\"twitter:data2\" content=\"3 minutos\" \/>\n<script type=\"application\/ld+json\" class=\"yoast-schema-graph\">{\"@context\":\"https:\/\/schema.org\",\"@graph\":[{\"@type\":\"Article\",\"@id\":\"https:\/\/portalraizesnoticias.com.br\/?p=8488#article\",\"isPartOf\":{\"@id\":\"https:\/\/portalraizesnoticias.com.br\/?p=8488\"},\"author\":{\"name\":\"Portal Raizes\",\"@id\":\"https:\/\/portalraizesnoticias.com.br\/#\/schema\/person\/a3ca6b0fc701e78df19756c417d943ae\"},\"headline\":\"Mudan\u00e7a da Micareta de Feira de Santana para novembro abre espa\u00e7o e fortalece o Coit\u00e9 Folia 2026\",\"datePublished\":\"2025-09-30T22:35:15+00:00\",\"dateModified\":\"2025-09-30T22:59:47+00:00\",\"mainEntityOfPage\":{\"@id\":\"https:\/\/portalraizesnoticias.com.br\/?p=8488\"},\"wordCount\":276,\"commentCount\":0,\"publisher\":{\"@id\":\"https:\/\/portalraizesnoticias.com.br\/#organization\"},\"image\":{\"@id\":\"https:\/\/portalraizesnoticias.com.br\/?p=8488#primaryimage\"},\"thumbnailUrl\":\"https:\/\/portalraizesnoticias.com.br\/wp-content\/uploads\/2025\/09\/IMG-20250930-WA0379.jpg\",\"keywords\":[\"Bahia\",\"Coit\u00e9 folia\"],\"articleSection\":[\"DESTAQUES\",\"ENTRETERIMENTO E CULTURA\",\"ULTIMAS NOTICIAS\"],\"inLanguage\":\"pt-BR\",\"potentialAction\":[{\"@type\":\"CommentAction\",\"name\":\"Comment\",\"target\":[\"https:\/\/portalraizesnoticias.com.br\/?p=8488#respond\"]}]},{\"@type\":\"WebPage\",\"@id\":\"https:\/\/portalraizesnoticias.com.br\/?p=8488\",\"url\":\"https:\/\/portalraizesnoticias.com.br\/?p=8488\",\"name\":\"Mudan\u00e7a da Micareta de Feira de Santana para novembro abre espa\u00e7o e fortalece o Coit\u00e9 Folia 2026 - Portal raizes noticias\",\"isPartOf\":{\"@id\":\"https:\/\/portalraizesnoticias.com.br\/#website\"},\"primaryImageOfPage\":{\"@id\":\"https:\/\/portalraizesnoticias.com.br\/?p=8488#primaryimage\"},\"image\":{\"@id\":\"https:\/\/portalraizesnoticias.com.br\/?p=8488#primaryimage\"},\"thumbnailUrl\":\"https:\/\/portalraizesnoticias.com.br\/wp-content\/uploads\/2025\/09\/IMG-20250930-WA0379.jpg\",\"datePublished\":\"2025-09-30T22:35:15+00:00\",\"dateModified\":\"2025-09-30T22:59:47+00:00\",\"breadcrumb\":{\"@id\":\"https:\/\/portalraizesnoticias.com.br\/?p=8488#breadcrumb\"},\"inLanguage\":\"pt-BR\",\"potentialAction\":[{\"@type\":\"ReadAction\",\"target\":[\"https:\/\/portalraizesnoticias.com.br\/?p=8488\"]}]},{\"@type\":\"ImageObject\",\"inLanguage\":\"pt-BR\",\"@id\":\"https:\/\/portalraizesnoticias.com.br\/?p=8488#primaryimage\",\"url\":\"https:\/\/portalraizesnoticias.com.br\/wp-content\/uploads\/2025\/09\/IMG-20250930-WA0379.jpg\",\"contentUrl\":\"https:\/\/portalraizesnoticias.com.br\/wp-content\/uploads\/2025\/09\/IMG-20250930-WA0379.jpg\",\"width\":1600,\"height\":1035},{\"@type\":\"BreadcrumbList\",\"@id\":\"https:\/\/portalraizesnoticias.com.br\/?p=8488#breadcrumb\",\"itemListElement\":[{\"@type\":\"ListItem\",\"position\":1,\"name\":\"In\u00edcio\",\"item\":\"https:\/\/portalraizesnoticias.com.br\/\"},{\"@type\":\"ListItem\",\"position\":2,\"name\":\"Mudan\u00e7a da Micareta de Feira de Santana para novembro abre espa\u00e7o e fortalece o Coit\u00e9 Folia 2026\"}]},{\"@type\":\"WebSite\",\"@id\":\"https:\/\/portalraizesnoticias.com.br\/#website\",\"url\":\"https:\/\/portalraizesnoticias.com.br\/\",\"name\":\"Portal raizes NOTICIAS\",\"description\":\"site de noticias de concei\u00e7\u00e3o do coit\u00e9 e regi\u00e3o\",\"publisher\":{\"@id\":\"https:\/\/portalraizesnoticias.com.br\/#organization\"},\"alternateName\":\"PORTAL RAIZES COIT\u00c9\",\"potentialAction\":[{\"@type\":\"SearchAction\",\"target\":{\"@type\":\"EntryPoint\",\"urlTemplate\":\"https:\/\/portalraizesnoticias.com.br\/?s={search_term_string}\"},\"query-input\":{\"@type\":\"PropertyValueSpecification\",\"valueRequired\":true,\"valueName\":\"search_term_string\"}}],\"inLanguage\":\"pt-BR\"},{\"@type\":\"Organization\",\"@id\":\"https:\/\/portalraizesnoticias.com.br\/#organization\",\"name\":\"Portal raizes NOTICIAS\",\"url\":\"https:\/\/portalraizesnoticias.com.br\/\",\"logo\":{\"@type\":\"ImageObject\",\"inLanguage\":\"pt-BR\",\"@id\":\"https:\/\/portalraizesnoticias.com.br\/#\/schema\/logo\/image\/\",\"url\":\"https:\/\/portalraizesnoticias.com.br\/wp-content\/uploads\/2024\/09\/cropped-Captura-de-tela-2024-09-08-011108.png\",\"contentUrl\":\"https:\/\/portalraizesnoticias.com.br\/wp-content\/uploads\/2024\/09\/cropped-Captura-de-tela-2024-09-08-011108.png\",\"width\":606,\"height\":173,\"caption\":\"Portal raizes NOTICIAS\"},\"image\":{\"@id\":\"https:\/\/portalraizesnoticias.com.br\/#\/schema\/logo\/image\/\"}},{\"@type\":\"Person\",\"@id\":\"https:\/\/portalraizesnoticias.com.br\/#\/schema\/person\/a3ca6b0fc701e78df19756c417d943ae\",\"name\":\"Portal Raizes\",\"image\":{\"@type\":\"ImageObject\",\"inLanguage\":\"pt-BR\",\"@id\":\"https:\/\/portalraizesnoticias.com.br\/#\/schema\/person\/image\/\",\"url\":\"https:\/\/secure.gravatar.com\/avatar\/ef450d29013a3d3fba867a12a249d7b1?s=96&d=mm&r=g\",\"contentUrl\":\"https:\/\/secure.gravatar.com\/avatar\/ef450d29013a3d3fba867a12a249d7b1?s=96&d=mm&r=g\",\"caption\":\"Portal Raizes\"},\"url\":\"https:\/\/portalraizesnoticias.com.br\/?author=3\"}]}<\/script>\n<!-- \/ Yoast SEO plugin. -->","yoast_head_json":{"title":"Mudan\u00e7a da Micareta de Feira de Santana para novembro abre espa\u00e7o e fortalece o Coit\u00e9 Folia 2026 - Portal raizes noticias","robots":{"index":"index","follow":"follow","max-snippet":"max-snippet:-1","max-image-preview":"max-image-preview:large","max-video-preview":"max-video-preview:-1"},"canonical":"https:\/\/portalraizesnoticias.com.br\/?p=8488","og_locale":"pt_BR","og_type":"article","og_title":"Mudan\u00e7a da Micareta de Feira de Santana para novembro abre espa\u00e7o e fortalece o Coit\u00e9 Folia 2026 - Portal raizes noticias","og_description":"OPINI\u00c3O- Com a confirma\u00e7\u00e3o feita nesta ter\u00e7a-feira (30) pelo prefeito de Feira de Santana, Jos\u00e9 Ronaldo, de que a tradicional Micareta da \u201cPrincesinha do Sert\u00e3o\u201d passar\u00e1 a ser realizada a partir de 2026 no m\u00eas de novembro, o munic\u00edpio de Concei\u00e7\u00e3o do Coit\u00e9, localizado a cerca de 110 km de Feira, passa a ter ainda mais destaque no calend\u00e1rio festivo da Bahia. PUBLICIDADE A altera\u00e7\u00e3o de data representa um al\u00edvio para os organizadores e comerciantes da regi\u00e3o sisaleira, j\u00e1 que a micareta coiteense, conhecida como Coit\u00e9 Folia, continuar\u00e1 sendo realizada entre abril ou maio, consolidando-se como o principal evento micaretesco do primeiro semestre no interior baiano. PUBLICIDADE Em 2025, a coincid\u00eancia de datas entre as duas micaretas, somada \u00e0s fortes chuvas, acabou dividindo o p\u00fablico e reduzindo o impacto econ\u00f4mico esperado, mesmo diante da grande estrutura montada pela gest\u00e3o municipal de Coit\u00e9, que investiu na contrata\u00e7\u00e3o de grandes bandas e numa organiza\u00e7\u00e3o elogiada pelo p\u00fablico. PUBLICIDADE Agora, com a mudan\u00e7a em Feira de Santana, a expectativa \u00e9 que o Coit\u00e9 Folia atraia um p\u00fablico ainda maior, fortalecendo a economia local e projetando ainda mais a cidade, sendo refer\u00eancia na realiza\u00e7\u00e3o de grandes eventos populares a exemplo do Natal Luz e Coit\u00e9 Folia. Comerciantes, barraqueiros, ambulantes e tudo\u00a0 que gira em torno da festa j\u00e1 vislumbram uma edi\u00e7\u00e3o hist\u00f3rica em 2026, com maior movimento, mais gera\u00e7\u00e3o de renda e, consequentemente, mais visibilidade para Concei\u00e7\u00e3o do Coit\u00e9. Por: Rafaela Rodrigues","og_url":"https:\/\/portalraizesnoticias.com.br\/?p=8488","og_site_name":"Portal raizes noticias","article_published_time":"2025-09-30T22:35:15+00:00","article_modified_time":"2025-09-30T22:59:47+00:00","og_image":[{"width":1600,"height":1035,"url":"https:\/\/portalraizesnoticias.com.br\/wp-content\/uploads\/2025\/09\/IMG-20250930-WA0379.jpg","type":"image\/jpeg"}],"author":"Portal Raizes","twitter_card":"summary_large_image","twitter_misc":{"Escrito por":"Portal Raizes","Est. tempo de leitura":"3 minutos"},"schema":{"@context":"https:\/\/schema.org","@graph":[{"@type":"Article","@id":"https:\/\/portalraizesnoticias.com.br\/?p=8488#article","isPartOf":{"@id":"https:\/\/portalraizesnoticias.com.br\/?p=8488"},"author":{"name":"Portal Raizes","@id":"https:\/\/portalraizesnoticias.com.br\/#\/schema\/person\/a3ca6b0fc701e78df19756c417d943ae"},"headline":"Mudan\u00e7a da Micareta de Feira de Santana para novembro abre espa\u00e7o e fortalece o Coit\u00e9 Folia 2026","datePublished":"2025-09-30T22:35:15+00:00","dateModified":"2025-09-30T22:59:47+00:00","mainEntityOfPage":{"@id":"https:\/\/portalraizesnoticias.com.br\/?p=8488"},"wordCount":276,"commentCount":0,"publisher":{"@id":"https:\/\/portalraizesnoticias.com.br\/#organization"},"image":{"@id":"https:\/\/portalraizesnoticias.com.br\/?p=8488#primaryimage"},"thumbnailUrl":"https:\/\/portalraizesnoticias.com.br\/wp-content\/uploads\/2025\/09\/IMG-20250930-WA0379.jpg","keywords":["Bahia","Coit\u00e9 folia"],"articleSection":["DESTAQUES","ENTRETERIMENTO E CULTURA","ULTIMAS NOTICIAS"],"inLanguage":"pt-BR","potentialAction":[{"@type":"CommentAction","name":"Comment","target":["https:\/\/portalraizesnoticias.com.br\/?p=8488#respond"]}]},{"@type":"WebPage","@id":"https:\/\/portalraizesnoticias.com.br\/?p=8488","url":"https:\/\/portalraizesnoticias.com.br\/?p=8488","name":"Mudan\u00e7a da Micareta de Feira de Santana para novembro abre espa\u00e7o e fortalece o Coit\u00e9 Folia 2026 - Portal raizes noticias","isPartOf":{"@id":"https:\/\/portalraizesnoticias.com.br\/#website"},"primaryImageOfPage":{"@id":"https:\/\/portalraizesnoticias.com.br\/?p=8488#primaryimage"},"image":{"@id":"https:\/\/portalraizesnoticias.com.br\/?p=8488#primaryimage"},"thumbnailUrl":"https:\/\/portalraizesnoticias.com.br\/wp-content\/uploads\/2025\/09\/IMG-20250930-WA0379.jpg","datePublished":"2025-09-30T22:35:15+00:00","dateModified":"2025-09-30T22:59:47+00:00","breadcrumb":{"@id":"https:\/\/portalraizesnoticias.com.br\/?p=8488#breadcrumb"},"inLanguage":"pt-BR","potentialAction":[{"@type":"ReadAction","target":["https:\/\/portalraizesnoticias.com.br\/?p=8488"]}]},{"@type":"ImageObject","inLanguage":"pt-BR","@id":"https:\/\/portalraizesnoticias.com.br\/?p=8488#primaryimage","url":"https:\/\/portalraizesnoticias.com.br\/wp-content\/uploads\/2025\/09\/IMG-20250930-WA0379.jpg","contentUrl":"https:\/\/portalraizesnoticias.com.br\/wp-content\/uploads\/2025\/09\/IMG-20250930-WA0379.jpg","width":1600,"height":1035},{"@type":"BreadcrumbList","@id":"https:\/\/portalraizesnoticias.com.br\/?p=8488#breadcrumb","itemListElement":[{"@type":"ListItem","position":1,"name":"In\u00edcio","item":"https:\/\/portalraizesnoticias.com.br\/"},{"@type":"ListItem","position":2,"name":"Mudan\u00e7a da Micareta de Feira de Santana para novembro abre espa\u00e7o e fortalece o Coit\u00e9 Folia 2026"}]},{"@type":"WebSite","@id":"https:\/\/portalraizesnoticias.com.br\/#website","url":"https:\/\/portalraizesnoticias.com.br\/","name":"Portal raizes NOTICIAS","description":"site de noticias de concei\u00e7\u00e3o do coit\u00e9 e regi\u00e3o","publisher":{"@id":"https:\/\/portalraizesnoticias.com.br\/#organization"},"alternateName":"PORTAL RAIZES COIT\u00c9","potentialAction":[{"@type":"SearchAction","target":{"@type":"EntryPoint","urlTemplate":"https:\/\/portalraizesnoticias.com.br\/?s={search_term_string}"},"query-input":{"@type":"PropertyValueSpecification","valueRequired":true,"valueName":"search_term_string"}}],"inLanguage":"pt-BR"},{"@type":"Organization","@id":"https:\/\/portalraizesnoticias.com.br\/#organization","name":"Portal raizes NOTICIAS","url":"https:\/\/portalraizesnoticias.com.br\/","logo":{"@type":"ImageObject","inLanguage":"pt-BR","@id":"https:\/\/portalraizesnoticias.com.br\/#\/schema\/logo\/image\/","url":"https:\/\/portalraizesnoticias.com.br\/wp-content\/uploads\/2024\/09\/cropped-Captura-de-tela-2024-09-08-011108.png","contentUrl":"https:\/\/portalraizesnoticias.com.br\/wp-content\/uploads\/2024\/09\/cropped-Captura-de-tela-2024-09-08-011108.png","width":606,"height":173,"caption":"Portal raizes NOTICIAS"},"image":{"@id":"https:\/\/portalraizesnoticias.com.br\/#\/schema\/logo\/image\/"}},{"@type":"Person","@id":"https:\/\/portalraizesnoticias.com.br\/#\/schema\/person\/a3ca6b0fc701e78df19756c417d943ae","name":"Portal Raizes","image":{"@type":"ImageObject","inLanguage":"pt-BR","@id":"https:\/\/portalraizesnoticias.com.br\/#\/schema\/person\/image\/","url":"https:\/\/secure.gravatar.com\/avatar\/ef450d29013a3d3fba867a12a249d7b1?s=96&d=mm&r=g","contentUrl":"https:\/\/secure.gravatar.com\/avatar\/ef450d29013a3d3fba867a12a249d7b1?s=96&d=mm&r=g","caption":"Portal Raizes"},"url":"https:\/\/portalraizesnoticias.com.br\/?author=3"}]}},"_links":{"self":[{"href":"https:\/\/portalraizesnoticias.com.br\/index.php?rest_route=\/wp\/v2\/posts\/8488"}],"collection":[{"href":"https:\/\/portalraizesnoticias.com.br\/index.php?rest_route=\/wp\/v2\/posts"}],"about":[{"href":"https:\/\/portalraizesnoticias.com.br\/index.php?rest_route=\/wp\/v2\/types\/post"}],"author":[{"embeddable":true,"href":"https:\/\/portalraizesnoticias.com.br\/index.php?rest_route=\/wp\/v2\/users\/3"}],"replies":[{"embeddable":true,"href":"https:\/\/portalraizesnoticias.com.br\/index.php?rest_route=%2Fwp%2Fv2%2Fcomments&post=8488"}],"version-history":[{"count":5,"href":"https:\/\/portalraizesnoticias.com.br\/index.php?rest_route=\/wp\/v2\/posts\/8488\/revisions"}],"predecessor-version":[{"id":8494,"href":"https:\/\/portalraizesnoticias.com.br\/index.php?rest_route=\/wp\/v2\/posts\/8488\/revisions\/8494"}],"wp:featuredmedia":[{"embeddable":true,"href":"https:\/\/portalraizesnoticias.com.br\/index.php?rest_route=\/wp\/v2\/media\/8489"}],"wp:attachment":[{"href":"https:\/\/portalraizesnoticias.com.br\/index.php?rest_route=%2Fwp%2Fv2%2Fmedia&parent=8488"}],"wp:term":[{"taxonomy":"category","embeddable":true,"href":"https:\/\/portalraizesnoticias.com.br\/index.php?rest_route=%2Fwp%2Fv2%2Fcategories&post=8488"},{"taxonomy":"post_tag","embeddable":true,"href":"https:\/\/portalraizesnoticias.com.br\/index.php?rest_route=%2Fwp%2Fv2%2Ftags&post=8488"}],"curies":[{"name":"wp","href":"https:\/\/api.w.org\/{rel}","templated":true}]}}