{"id":8476,"date":"2025-09-29T17:08:37","date_gmt":"2025-09-29T20:08:37","guid":{"rendered":"https:\/\/portalraizesnoticias.com.br\/?p=8476"},"modified":"2025-09-29T17:09:45","modified_gmt":"2025-09-29T20:09:45","slug":"familia-de-jovem-com-deficiencia-intelectual-contesta-versao-de-homem-que-acionou-pm-no-distrito-de-bandiacu-em-conceicao-do-coite-entenda","status":"publish","type":"post","link":"https:\/\/portalraizesnoticias.com.br\/?p=8476","title":{"rendered":"Fam\u00edlia de jovem com defici\u00eancia intelectual contesta vers\u00e3o de homem que acionou PM no distrito de Bandia\u00e7u em Concei\u00e7\u00e3o do Coit\u00e9. Entenda!"},"content":{"rendered":"<p>Ap\u00f3s um homem acionar a Pol\u00edcia Militar alegando estar sendo amea\u00e7ado por tr\u00eas rapazes no distrito de Bandia\u00e7u, em Concei\u00e7\u00e3o do Coit\u00e9, a fam\u00edlia de um dos envolvidos procurou o Portal Ra\u00edzes para apresentar sua vers\u00e3o dos fatos.<\/p>\n<p><strong>Relembre aqui:<\/strong><a href=\"https:\/\/portalraizesnoticias.com.br\/homem-e-ameacado-e-se-refugia-em-mercadinho-para-escapar-de-agressao-no-distrito-de-bandiacu-em-conceicao-do-coite\/\">Homem \u00e9 amea\u00e7ado e se refugia em mercadinho para escapar de agress\u00e3o no distrito de Bandia\u00e7u em Concei\u00e7\u00e3o do Coit\u00e9<\/a><\/p>\n<p>Segundo a irm\u00e3 do rapaz que preferiu n\u00e3o ser identificada, o homem que buscou ref\u00fagio teria agredido seu familiar durante os festejos juninos e, desde ent\u00e3o, continuado a persegui-lo.<\/p>\n<p><img fetchpriority=\"high\" decoding=\"async\" class=\"size-medium wp-image-8289 aligncenter\" src=\"https:\/\/portalraizesnoticias.com.br\/wp-content\/uploads\/2025\/09\/IMG-20250918-WA0124-300x300.jpg\" alt=\"\" width=\"300\" height=\"300\" srcset=\"https:\/\/portalraizesnoticias.com.br\/wp-content\/uploads\/2025\/09\/IMG-20250918-WA0124-300x300.jpg 300w, https:\/\/portalraizesnoticias.com.br\/wp-content\/uploads\/2025\/09\/IMG-20250918-WA0124-150x150.jpg 150w, https:\/\/portalraizesnoticias.com.br\/wp-content\/uploads\/2025\/09\/IMG-20250918-WA0124-768x768.jpg 768w, https:\/\/portalraizesnoticias.com.br\/wp-content\/uploads\/2025\/09\/IMG-20250918-WA0124.jpg 1000w\" sizes=\"(max-width: 300px) 100vw, 300px\" \/><\/p>\n<p style=\"text-align: center;\"><strong>PUBLICIDADE<\/strong><\/p>\n<p>\u201cEle agrediu meu irm\u00e3o fisicamente e n\u00e3o parou de persegui-lo, inclusive portando uma faca e fazendo diversas amea\u00e7as. No \u00faltimo epis\u00f3dio, avistou meu irm\u00e3o e partiu para cima dele, desferindo um soco no olho\u201d, relatou a mo\u00e7a, que preferiu n\u00e3o se identificar.<\/p>\n<p>A jovem forneceu ainda \u00e0 reportagem um v\u00eddeo que mostra o homem que acionou a PM tentando entrar na propriedade da fam\u00edlia.<\/p>\n<div style=\"width: 478px;\" class=\"wp-video\"><!--[if lt IE 9]><script>document.createElement('video');<\/script><![endif]-->\n<video class=\"wp-video-shortcode\" id=\"video-8476-1\" width=\"478\" height=\"850\" preload=\"metadata\" controls=\"controls\"><source type=\"video\/mp4\" src=\"https:\/\/portalraizesnoticias.com.br\/wp-content\/uploads\/2025\/09\/VID-20250929-WA0220.mp4?_=1\" \/><a href=\"https:\/\/portalraizesnoticias.com.br\/wp-content\/uploads\/2025\/09\/VID-20250929-WA0220.mp4\">https:\/\/portalraizesnoticias.com.br\/wp-content\/uploads\/2025\/09\/VID-20250929-WA0220.mp4<\/a><\/video><\/div>\n<p>Ela explicou que amigos do irm\u00e3o, que conhecem sua condi\u00e7\u00e3o \u2014 ele possui defici\u00eancia intelectual \u2014 foram atr\u00e1s dele para tentar encerrar a briga e entender o que ele realmente queria. Quando ele se escondeu no mercado, acabou sendo colocado na posi\u00e7\u00e3o de \u201cinocente\u201d pelo outro homem. A oficina n\u00e3o possui c\u00e2meras, mas \u00e9 poss\u00edvel confirmar com o propriet\u00e1rio que essa vers\u00e3o \u00e9 verdadeira.<\/p>\n<p>A mo\u00e7a acrescentou que o homem possui uma medida protetiva contra a madrasta e que seu comportamento agressivo \u00e9 recorrente. Segundo ela, ele chegou a pegar uma faca dentro de um mercado antes de acionar a Pol\u00edcia Militar, colocando-se como v\u00edtima da situa\u00e7\u00e3o.<\/p>\n<p>A fam\u00edlia lamenta o epis\u00f3dio e pede que o rapaz seja deixado em paz, destacando que ele enfrenta problemas psicol\u00f3gicos. Eles tamb\u00e9m afirmam estar preocupados com a seguran\u00e7a do irm\u00e3o, pois n\u00e3o sabem do que esse homem \u00e9 capaz.<\/p>\n<p>O caso ser\u00e1 registrado na delegacia de Concei\u00e7\u00e3o do Coit\u00e9 e segue sob investiga\u00e7\u00e3o..<\/p>\n<p>Reda\u00e7\u00e3o .<\/p>\n","protected":false},"excerpt":{"rendered":"<p>Ap\u00f3s um homem acionar a Pol\u00edcia Militar alegando estar sendo amea\u00e7ado por tr\u00eas rapazes no distrito de Bandia\u00e7u, em Concei\u00e7\u00e3o do Coit\u00e9, a fam\u00edlia de um dos envolvidos procurou o Portal Ra\u00edzes para apresentar sua vers\u00e3o dos fatos. Relembre aqui:Homem \u00e9 amea\u00e7ado e se refugia em mercadinho para escapar de agress\u00e3o no distrito de Bandia\u00e7u em Concei\u00e7\u00e3o do Coit\u00e9 Segundo a irm\u00e3 do rapaz que preferiu n\u00e3o ser identificada, o homem que buscou ref\u00fagio teria agredido seu familiar durante os festejos juninos e, desde ent\u00e3o, continuado a persegui-lo. PUBLICIDADE \u201cEle agrediu meu irm\u00e3o fisicamente e n\u00e3o parou de persegui-lo, inclusive portando uma faca e fazendo diversas amea\u00e7as. No \u00faltimo epis\u00f3dio, avistou meu irm\u00e3o e partiu para cima dele, desferindo um soco no olho\u201d, relatou a mo\u00e7a, que preferiu n\u00e3o se identificar. A jovem forneceu ainda \u00e0 reportagem um v\u00eddeo que mostra o homem que acionou a PM tentando entrar na propriedade da fam\u00edlia. Ela explicou que amigos do irm\u00e3o, que conhecem sua condi\u00e7\u00e3o \u2014 ele possui defici\u00eancia intelectual \u2014 foram atr\u00e1s dele para tentar encerrar a briga e entender o que ele realmente queria. Quando ele se escondeu no mercado, acabou sendo colocado na posi\u00e7\u00e3o de \u201cinocente\u201d pelo outro homem. A oficina n\u00e3o possui c\u00e2meras, mas \u00e9 poss\u00edvel confirmar com o propriet\u00e1rio que essa vers\u00e3o \u00e9 verdadeira. A mo\u00e7a acrescentou que o homem possui uma medida protetiva contra a madrasta e que seu comportamento agressivo \u00e9 recorrente. Segundo ela, ele chegou a pegar uma faca dentro de um mercado antes de acionar a Pol\u00edcia Militar, colocando-se como v\u00edtima da situa\u00e7\u00e3o. A fam\u00edlia lamenta o epis\u00f3dio e pede que o rapaz seja deixado em paz, destacando que ele enfrenta problemas psicol\u00f3gicos. Eles tamb\u00e9m afirmam estar preocupados com a seguran\u00e7a do irm\u00e3o, pois n\u00e3o sabem do que esse homem \u00e9 capaz. O caso ser\u00e1 registrado na delegacia de Concei\u00e7\u00e3o do Coit\u00e9 e segue sob investiga\u00e7\u00e3o.. Reda\u00e7\u00e3o .<\/p>\n","protected":false},"author":3,"featured_media":8478,"comment_status":"open","ping_status":"open","sticky":false,"template":"","format":"standard","meta":{"_joinchat":[],"footnotes":""},"categories":[55,67,59],"tags":[444,872],"class_list":["post-8476","post","type-post","status-publish","format-standard","has-post-thumbnail","hentry","category-destaques","category-policia","category-ultimas-noticias","tag-bandiacu","tag-caso"],"yoast_head":"<!-- This site is optimized with the Yoast SEO plugin v24.4 - https:\/\/yoast.com\/wordpress\/plugins\/seo\/ -->\n<title>Fam\u00edlia de jovem com defici\u00eancia intelectual contesta vers\u00e3o de homem que acionou PM no distrito de Bandia\u00e7u em Concei\u00e7\u00e3o do Coit\u00e9. Entenda! - Portal raizes noticias<\/title>\n<meta name=\"robots\" content=\"index, follow, max-snippet:-1, max-image-preview:large, max-video-preview:-1\" \/>\n<link rel=\"canonical\" href=\"https:\/\/portalraizesnoticias.com.br\/?p=8476\" \/>\n<meta property=\"og:locale\" content=\"pt_BR\" \/>\n<meta property=\"og:type\" content=\"article\" \/>\n<meta property=\"og:title\" content=\"Fam\u00edlia de jovem com defici\u00eancia intelectual contesta vers\u00e3o de homem que acionou PM no distrito de Bandia\u00e7u em Concei\u00e7\u00e3o do Coit\u00e9. Entenda! - Portal raizes noticias\" \/>\n<meta property=\"og:description\" content=\"Ap\u00f3s um homem acionar a Pol\u00edcia Militar alegando estar sendo amea\u00e7ado por tr\u00eas rapazes no distrito de Bandia\u00e7u, em Concei\u00e7\u00e3o do Coit\u00e9, a fam\u00edlia de um dos envolvidos procurou o Portal Ra\u00edzes para apresentar sua vers\u00e3o dos fatos. Relembre aqui:Homem \u00e9 amea\u00e7ado e se refugia em mercadinho para escapar de agress\u00e3o no distrito de Bandia\u00e7u em Concei\u00e7\u00e3o do Coit\u00e9 Segundo a irm\u00e3 do rapaz que preferiu n\u00e3o ser identificada, o homem que buscou ref\u00fagio teria agredido seu familiar durante os festejos juninos e, desde ent\u00e3o, continuado a persegui-lo. PUBLICIDADE \u201cEle agrediu meu irm\u00e3o fisicamente e n\u00e3o parou de persegui-lo, inclusive portando uma faca e fazendo diversas amea\u00e7as. No \u00faltimo epis\u00f3dio, avistou meu irm\u00e3o e partiu para cima dele, desferindo um soco no olho\u201d, relatou a mo\u00e7a, que preferiu n\u00e3o se identificar. A jovem forneceu ainda \u00e0 reportagem um v\u00eddeo que mostra o homem que acionou a PM tentando entrar na propriedade da fam\u00edlia. Ela explicou que amigos do irm\u00e3o, que conhecem sua condi\u00e7\u00e3o \u2014 ele possui defici\u00eancia intelectual \u2014 foram atr\u00e1s dele para tentar encerrar a briga e entender o que ele realmente queria. Quando ele se escondeu no mercado, acabou sendo colocado na posi\u00e7\u00e3o de \u201cinocente\u201d pelo outro homem. A oficina n\u00e3o possui c\u00e2meras, mas \u00e9 poss\u00edvel confirmar com o propriet\u00e1rio que essa vers\u00e3o \u00e9 verdadeira. A mo\u00e7a acrescentou que o homem possui uma medida protetiva contra a madrasta e que seu comportamento agressivo \u00e9 recorrente. Segundo ela, ele chegou a pegar uma faca dentro de um mercado antes de acionar a Pol\u00edcia Militar, colocando-se como v\u00edtima da situa\u00e7\u00e3o. A fam\u00edlia lamenta o epis\u00f3dio e pede que o rapaz seja deixado em paz, destacando que ele enfrenta problemas psicol\u00f3gicos. Eles tamb\u00e9m afirmam estar preocupados com a seguran\u00e7a do irm\u00e3o, pois n\u00e3o sabem do que esse homem \u00e9 capaz. O caso ser\u00e1 registrado na delegacia de Concei\u00e7\u00e3o do Coit\u00e9 e segue sob investiga\u00e7\u00e3o.. Reda\u00e7\u00e3o .\" \/>\n<meta property=\"og:url\" content=\"https:\/\/portalraizesnoticias.com.br\/?p=8476\" \/>\n<meta property=\"og:site_name\" content=\"Portal raizes noticias\" \/>\n<meta property=\"article:published_time\" content=\"2025-09-29T20:08:37+00:00\" \/>\n<meta property=\"article:modified_time\" content=\"2025-09-29T20:09:45+00:00\" \/>\n<meta property=\"og:image\" content=\"https:\/\/portalraizesnoticias.com.br\/wp-content\/uploads\/2025\/09\/IMG-20250928-WA04981.jpg\" \/>\n\t<meta property=\"og:image:width\" content=\"754\" \/>\n\t<meta property=\"og:image:height\" content=\"453\" \/>\n\t<meta property=\"og:image:type\" content=\"image\/jpeg\" \/>\n<meta name=\"author\" content=\"Portal Raizes\" \/>\n<meta name=\"twitter:card\" content=\"summary_large_image\" \/>\n<meta name=\"twitter:label1\" content=\"Escrito por\" \/>\n\t<meta name=\"twitter:data1\" content=\"Portal Raizes\" \/>\n\t<meta name=\"twitter:label2\" content=\"Est. tempo de leitura\" \/>\n\t<meta name=\"twitter:data2\" content=\"3 minutos\" \/>\n<script type=\"application\/ld+json\" class=\"yoast-schema-graph\">{\"@context\":\"https:\/\/schema.org\",\"@graph\":[{\"@type\":\"Article\",\"@id\":\"https:\/\/portalraizesnoticias.com.br\/?p=8476#article\",\"isPartOf\":{\"@id\":\"https:\/\/portalraizesnoticias.com.br\/?p=8476\"},\"author\":{\"name\":\"Portal Raizes\",\"@id\":\"https:\/\/portalraizesnoticias.com.br\/#\/schema\/person\/a3ca6b0fc701e78df19756c417d943ae\"},\"headline\":\"Fam\u00edlia de jovem com defici\u00eancia intelectual contesta vers\u00e3o de homem que acionou PM no distrito de Bandia\u00e7u em Concei\u00e7\u00e3o do Coit\u00e9. Entenda!\",\"datePublished\":\"2025-09-29T20:08:37+00:00\",\"dateModified\":\"2025-09-29T20:09:45+00:00\",\"mainEntityOfPage\":{\"@id\":\"https:\/\/portalraizesnoticias.com.br\/?p=8476\"},\"wordCount\":397,\"commentCount\":0,\"publisher\":{\"@id\":\"https:\/\/portalraizesnoticias.com.br\/#organization\"},\"image\":{\"@id\":\"https:\/\/portalraizesnoticias.com.br\/?p=8476#primaryimage\"},\"thumbnailUrl\":\"https:\/\/portalraizesnoticias.com.br\/wp-content\/uploads\/2025\/09\/IMG-20250928-WA04981.jpg\",\"keywords\":[\"Bandia\u00e7u\",\"Caso\"],\"articleSection\":[\"DESTAQUES\",\"POLICIA\",\"ULTIMAS NOTICIAS\"],\"inLanguage\":\"pt-BR\",\"potentialAction\":[{\"@type\":\"CommentAction\",\"name\":\"Comment\",\"target\":[\"https:\/\/portalraizesnoticias.com.br\/?p=8476#respond\"]}]},{\"@type\":\"WebPage\",\"@id\":\"https:\/\/portalraizesnoticias.com.br\/?p=8476\",\"url\":\"https:\/\/portalraizesnoticias.com.br\/?p=8476\",\"name\":\"Fam\u00edlia de jovem com defici\u00eancia intelectual contesta vers\u00e3o de homem que acionou PM no distrito de Bandia\u00e7u em Concei\u00e7\u00e3o do Coit\u00e9. Entenda! - Portal raizes noticias\",\"isPartOf\":{\"@id\":\"https:\/\/portalraizesnoticias.com.br\/#website\"},\"primaryImageOfPage\":{\"@id\":\"https:\/\/portalraizesnoticias.com.br\/?p=8476#primaryimage\"},\"image\":{\"@id\":\"https:\/\/portalraizesnoticias.com.br\/?p=8476#primaryimage\"},\"thumbnailUrl\":\"https:\/\/portalraizesnoticias.com.br\/wp-content\/uploads\/2025\/09\/IMG-20250928-WA04981.jpg\",\"datePublished\":\"2025-09-29T20:08:37+00:00\",\"dateModified\":\"2025-09-29T20:09:45+00:00\",\"breadcrumb\":{\"@id\":\"https:\/\/portalraizesnoticias.com.br\/?p=8476#breadcrumb\"},\"inLanguage\":\"pt-BR\",\"potentialAction\":[{\"@type\":\"ReadAction\",\"target\":[\"https:\/\/portalraizesnoticias.com.br\/?p=8476\"]}]},{\"@type\":\"ImageObject\",\"inLanguage\":\"pt-BR\",\"@id\":\"https:\/\/portalraizesnoticias.com.br\/?p=8476#primaryimage\",\"url\":\"https:\/\/portalraizesnoticias.com.br\/wp-content\/uploads\/2025\/09\/IMG-20250928-WA04981.jpg\",\"contentUrl\":\"https:\/\/portalraizesnoticias.com.br\/wp-content\/uploads\/2025\/09\/IMG-20250928-WA04981.jpg\",\"width\":754,\"height\":453},{\"@type\":\"BreadcrumbList\",\"@id\":\"https:\/\/portalraizesnoticias.com.br\/?p=8476#breadcrumb\",\"itemListElement\":[{\"@type\":\"ListItem\",\"position\":1,\"name\":\"In\u00edcio\",\"item\":\"https:\/\/portalraizesnoticias.com.br\/\"},{\"@type\":\"ListItem\",\"position\":2,\"name\":\"Fam\u00edlia de jovem com defici\u00eancia intelectual contesta vers\u00e3o de homem que acionou PM no distrito de Bandia\u00e7u em Concei\u00e7\u00e3o do Coit\u00e9. Entenda!\"}]},{\"@type\":\"WebSite\",\"@id\":\"https:\/\/portalraizesnoticias.com.br\/#website\",\"url\":\"https:\/\/portalraizesnoticias.com.br\/\",\"name\":\"Portal raizes NOTICIAS\",\"description\":\"site de noticias de concei\u00e7\u00e3o do coit\u00e9 e regi\u00e3o\",\"publisher\":{\"@id\":\"https:\/\/portalraizesnoticias.com.br\/#organization\"},\"alternateName\":\"PORTAL RAIZES COIT\u00c9\",\"potentialAction\":[{\"@type\":\"SearchAction\",\"target\":{\"@type\":\"EntryPoint\",\"urlTemplate\":\"https:\/\/portalraizesnoticias.com.br\/?s={search_term_string}\"},\"query-input\":{\"@type\":\"PropertyValueSpecification\",\"valueRequired\":true,\"valueName\":\"search_term_string\"}}],\"inLanguage\":\"pt-BR\"},{\"@type\":\"Organization\",\"@id\":\"https:\/\/portalraizesnoticias.com.br\/#organization\",\"name\":\"Portal raizes NOTICIAS\",\"url\":\"https:\/\/portalraizesnoticias.com.br\/\",\"logo\":{\"@type\":\"ImageObject\",\"inLanguage\":\"pt-BR\",\"@id\":\"https:\/\/portalraizesnoticias.com.br\/#\/schema\/logo\/image\/\",\"url\":\"https:\/\/portalraizesnoticias.com.br\/wp-content\/uploads\/2024\/09\/cropped-Captura-de-tela-2024-09-08-011108.png\",\"contentUrl\":\"https:\/\/portalraizesnoticias.com.br\/wp-content\/uploads\/2024\/09\/cropped-Captura-de-tela-2024-09-08-011108.png\",\"width\":606,\"height\":173,\"caption\":\"Portal raizes NOTICIAS\"},\"image\":{\"@id\":\"https:\/\/portalraizesnoticias.com.br\/#\/schema\/logo\/image\/\"}},{\"@type\":\"Person\",\"@id\":\"https:\/\/portalraizesnoticias.com.br\/#\/schema\/person\/a3ca6b0fc701e78df19756c417d943ae\",\"name\":\"Portal Raizes\",\"image\":{\"@type\":\"ImageObject\",\"inLanguage\":\"pt-BR\",\"@id\":\"https:\/\/portalraizesnoticias.com.br\/#\/schema\/person\/image\/\",\"url\":\"https:\/\/secure.gravatar.com\/avatar\/ef450d29013a3d3fba867a12a249d7b1?s=96&d=mm&r=g\",\"contentUrl\":\"https:\/\/secure.gravatar.com\/avatar\/ef450d29013a3d3fba867a12a249d7b1?s=96&d=mm&r=g\",\"caption\":\"Portal Raizes\"},\"url\":\"https:\/\/portalraizesnoticias.com.br\/?author=3\"}]}<\/script>\n<!-- \/ Yoast SEO plugin. -->","yoast_head_json":{"title":"Fam\u00edlia de jovem com defici\u00eancia intelectual contesta vers\u00e3o de homem que acionou PM no distrito de Bandia\u00e7u em Concei\u00e7\u00e3o do Coit\u00e9. Entenda! - Portal raizes noticias","robots":{"index":"index","follow":"follow","max-snippet":"max-snippet:-1","max-image-preview":"max-image-preview:large","max-video-preview":"max-video-preview:-1"},"canonical":"https:\/\/portalraizesnoticias.com.br\/?p=8476","og_locale":"pt_BR","og_type":"article","og_title":"Fam\u00edlia de jovem com defici\u00eancia intelectual contesta vers\u00e3o de homem que acionou PM no distrito de Bandia\u00e7u em Concei\u00e7\u00e3o do Coit\u00e9. Entenda! - Portal raizes noticias","og_description":"Ap\u00f3s um homem acionar a Pol\u00edcia Militar alegando estar sendo amea\u00e7ado por tr\u00eas rapazes no distrito de Bandia\u00e7u, em Concei\u00e7\u00e3o do Coit\u00e9, a fam\u00edlia de um dos envolvidos procurou o Portal Ra\u00edzes para apresentar sua vers\u00e3o dos fatos. Relembre aqui:Homem \u00e9 amea\u00e7ado e se refugia em mercadinho para escapar de agress\u00e3o no distrito de Bandia\u00e7u em Concei\u00e7\u00e3o do Coit\u00e9 Segundo a irm\u00e3 do rapaz que preferiu n\u00e3o ser identificada, o homem que buscou ref\u00fagio teria agredido seu familiar durante os festejos juninos e, desde ent\u00e3o, continuado a persegui-lo. PUBLICIDADE \u201cEle agrediu meu irm\u00e3o fisicamente e n\u00e3o parou de persegui-lo, inclusive portando uma faca e fazendo diversas amea\u00e7as. No \u00faltimo epis\u00f3dio, avistou meu irm\u00e3o e partiu para cima dele, desferindo um soco no olho\u201d, relatou a mo\u00e7a, que preferiu n\u00e3o se identificar. A jovem forneceu ainda \u00e0 reportagem um v\u00eddeo que mostra o homem que acionou a PM tentando entrar na propriedade da fam\u00edlia. Ela explicou que amigos do irm\u00e3o, que conhecem sua condi\u00e7\u00e3o \u2014 ele possui defici\u00eancia intelectual \u2014 foram atr\u00e1s dele para tentar encerrar a briga e entender o que ele realmente queria. Quando ele se escondeu no mercado, acabou sendo colocado na posi\u00e7\u00e3o de \u201cinocente\u201d pelo outro homem. A oficina n\u00e3o possui c\u00e2meras, mas \u00e9 poss\u00edvel confirmar com o propriet\u00e1rio que essa vers\u00e3o \u00e9 verdadeira. A mo\u00e7a acrescentou que o homem possui uma medida protetiva contra a madrasta e que seu comportamento agressivo \u00e9 recorrente. Segundo ela, ele chegou a pegar uma faca dentro de um mercado antes de acionar a Pol\u00edcia Militar, colocando-se como v\u00edtima da situa\u00e7\u00e3o. A fam\u00edlia lamenta o epis\u00f3dio e pede que o rapaz seja deixado em paz, destacando que ele enfrenta problemas psicol\u00f3gicos. Eles tamb\u00e9m afirmam estar preocupados com a seguran\u00e7a do irm\u00e3o, pois n\u00e3o sabem do que esse homem \u00e9 capaz. O caso ser\u00e1 registrado na delegacia de Concei\u00e7\u00e3o do Coit\u00e9 e segue sob investiga\u00e7\u00e3o.. Reda\u00e7\u00e3o .","og_url":"https:\/\/portalraizesnoticias.com.br\/?p=8476","og_site_name":"Portal raizes noticias","article_published_time":"2025-09-29T20:08:37+00:00","article_modified_time":"2025-09-29T20:09:45+00:00","og_image":[{"width":754,"height":453,"url":"https:\/\/portalraizesnoticias.com.br\/wp-content\/uploads\/2025\/09\/IMG-20250928-WA04981.jpg","type":"image\/jpeg"}],"author":"Portal Raizes","twitter_card":"summary_large_image","twitter_misc":{"Escrito por":"Portal Raizes","Est. tempo de leitura":"3 minutos"},"schema":{"@context":"https:\/\/schema.org","@graph":[{"@type":"Article","@id":"https:\/\/portalraizesnoticias.com.br\/?p=8476#article","isPartOf":{"@id":"https:\/\/portalraizesnoticias.com.br\/?p=8476"},"author":{"name":"Portal Raizes","@id":"https:\/\/portalraizesnoticias.com.br\/#\/schema\/person\/a3ca6b0fc701e78df19756c417d943ae"},"headline":"Fam\u00edlia de jovem com defici\u00eancia intelectual contesta vers\u00e3o de homem que acionou PM no distrito de Bandia\u00e7u em Concei\u00e7\u00e3o do Coit\u00e9. Entenda!","datePublished":"2025-09-29T20:08:37+00:00","dateModified":"2025-09-29T20:09:45+00:00","mainEntityOfPage":{"@id":"https:\/\/portalraizesnoticias.com.br\/?p=8476"},"wordCount":397,"commentCount":0,"publisher":{"@id":"https:\/\/portalraizesnoticias.com.br\/#organization"},"image":{"@id":"https:\/\/portalraizesnoticias.com.br\/?p=8476#primaryimage"},"thumbnailUrl":"https:\/\/portalraizesnoticias.com.br\/wp-content\/uploads\/2025\/09\/IMG-20250928-WA04981.jpg","keywords":["Bandia\u00e7u","Caso"],"articleSection":["DESTAQUES","POLICIA","ULTIMAS NOTICIAS"],"inLanguage":"pt-BR","potentialAction":[{"@type":"CommentAction","name":"Comment","target":["https:\/\/portalraizesnoticias.com.br\/?p=8476#respond"]}]},{"@type":"WebPage","@id":"https:\/\/portalraizesnoticias.com.br\/?p=8476","url":"https:\/\/portalraizesnoticias.com.br\/?p=8476","name":"Fam\u00edlia de jovem com defici\u00eancia intelectual contesta vers\u00e3o de homem que acionou PM no distrito de Bandia\u00e7u em Concei\u00e7\u00e3o do Coit\u00e9. Entenda! - Portal raizes noticias","isPartOf":{"@id":"https:\/\/portalraizesnoticias.com.br\/#website"},"primaryImageOfPage":{"@id":"https:\/\/portalraizesnoticias.com.br\/?p=8476#primaryimage"},"image":{"@id":"https:\/\/portalraizesnoticias.com.br\/?p=8476#primaryimage"},"thumbnailUrl":"https:\/\/portalraizesnoticias.com.br\/wp-content\/uploads\/2025\/09\/IMG-20250928-WA04981.jpg","datePublished":"2025-09-29T20:08:37+00:00","dateModified":"2025-09-29T20:09:45+00:00","breadcrumb":{"@id":"https:\/\/portalraizesnoticias.com.br\/?p=8476#breadcrumb"},"inLanguage":"pt-BR","potentialAction":[{"@type":"ReadAction","target":["https:\/\/portalraizesnoticias.com.br\/?p=8476"]}]},{"@type":"ImageObject","inLanguage":"pt-BR","@id":"https:\/\/portalraizesnoticias.com.br\/?p=8476#primaryimage","url":"https:\/\/portalraizesnoticias.com.br\/wp-content\/uploads\/2025\/09\/IMG-20250928-WA04981.jpg","contentUrl":"https:\/\/portalraizesnoticias.com.br\/wp-content\/uploads\/2025\/09\/IMG-20250928-WA04981.jpg","width":754,"height":453},{"@type":"BreadcrumbList","@id":"https:\/\/portalraizesnoticias.com.br\/?p=8476#breadcrumb","itemListElement":[{"@type":"ListItem","position":1,"name":"In\u00edcio","item":"https:\/\/portalraizesnoticias.com.br\/"},{"@type":"ListItem","position":2,"name":"Fam\u00edlia de jovem com defici\u00eancia intelectual contesta vers\u00e3o de homem que acionou PM no distrito de Bandia\u00e7u em Concei\u00e7\u00e3o do Coit\u00e9. Entenda!"}]},{"@type":"WebSite","@id":"https:\/\/portalraizesnoticias.com.br\/#website","url":"https:\/\/portalraizesnoticias.com.br\/","name":"Portal raizes NOTICIAS","description":"site de noticias de concei\u00e7\u00e3o do coit\u00e9 e regi\u00e3o","publisher":{"@id":"https:\/\/portalraizesnoticias.com.br\/#organization"},"alternateName":"PORTAL RAIZES COIT\u00c9","potentialAction":[{"@type":"SearchAction","target":{"@type":"EntryPoint","urlTemplate":"https:\/\/portalraizesnoticias.com.br\/?s={search_term_string}"},"query-input":{"@type":"PropertyValueSpecification","valueRequired":true,"valueName":"search_term_string"}}],"inLanguage":"pt-BR"},{"@type":"Organization","@id":"https:\/\/portalraizesnoticias.com.br\/#organization","name":"Portal raizes NOTICIAS","url":"https:\/\/portalraizesnoticias.com.br\/","logo":{"@type":"ImageObject","inLanguage":"pt-BR","@id":"https:\/\/portalraizesnoticias.com.br\/#\/schema\/logo\/image\/","url":"https:\/\/portalraizesnoticias.com.br\/wp-content\/uploads\/2024\/09\/cropped-Captura-de-tela-2024-09-08-011108.png","contentUrl":"https:\/\/portalraizesnoticias.com.br\/wp-content\/uploads\/2024\/09\/cropped-Captura-de-tela-2024-09-08-011108.png","width":606,"height":173,"caption":"Portal raizes NOTICIAS"},"image":{"@id":"https:\/\/portalraizesnoticias.com.br\/#\/schema\/logo\/image\/"}},{"@type":"Person","@id":"https:\/\/portalraizesnoticias.com.br\/#\/schema\/person\/a3ca6b0fc701e78df19756c417d943ae","name":"Portal Raizes","image":{"@type":"ImageObject","inLanguage":"pt-BR","@id":"https:\/\/portalraizesnoticias.com.br\/#\/schema\/person\/image\/","url":"https:\/\/secure.gravatar.com\/avatar\/ef450d29013a3d3fba867a12a249d7b1?s=96&d=mm&r=g","contentUrl":"https:\/\/secure.gravatar.com\/avatar\/ef450d29013a3d3fba867a12a249d7b1?s=96&d=mm&r=g","caption":"Portal Raizes"},"url":"https:\/\/portalraizesnoticias.com.br\/?author=3"}]}},"_links":{"self":[{"href":"https:\/\/portalraizesnoticias.com.br\/index.php?rest_route=\/wp\/v2\/posts\/8476"}],"collection":[{"href":"https:\/\/portalraizesnoticias.com.br\/index.php?rest_route=\/wp\/v2\/posts"}],"about":[{"href":"https:\/\/portalraizesnoticias.com.br\/index.php?rest_route=\/wp\/v2\/types\/post"}],"author":[{"embeddable":true,"href":"https:\/\/portalraizesnoticias.com.br\/index.php?rest_route=\/wp\/v2\/users\/3"}],"replies":[{"embeddable":true,"href":"https:\/\/portalraizesnoticias.com.br\/index.php?rest_route=%2Fwp%2Fv2%2Fcomments&post=8476"}],"version-history":[{"count":2,"href":"https:\/\/portalraizesnoticias.com.br\/index.php?rest_route=\/wp\/v2\/posts\/8476\/revisions"}],"predecessor-version":[{"id":8480,"href":"https:\/\/portalraizesnoticias.com.br\/index.php?rest_route=\/wp\/v2\/posts\/8476\/revisions\/8480"}],"wp:featuredmedia":[{"embeddable":true,"href":"https:\/\/portalraizesnoticias.com.br\/index.php?rest_route=\/wp\/v2\/media\/8478"}],"wp:attachment":[{"href":"https:\/\/portalraizesnoticias.com.br\/index.php?rest_route=%2Fwp%2Fv2%2Fmedia&parent=8476"}],"wp:term":[{"taxonomy":"category","embeddable":true,"href":"https:\/\/portalraizesnoticias.com.br\/index.php?rest_route=%2Fwp%2Fv2%2Fcategories&post=8476"},{"taxonomy":"post_tag","embeddable":true,"href":"https:\/\/portalraizesnoticias.com.br\/index.php?rest_route=%2Fwp%2Fv2%2Ftags&post=8476"}],"curies":[{"name":"wp","href":"https:\/\/api.w.org\/{rel}","templated":true}]}}