{"id":8436,"date":"2025-09-28T13:08:43","date_gmt":"2025-09-28T16:08:43","guid":{"rendered":"https:\/\/portalraizesnoticias.com.br\/?p=8436"},"modified":"2025-09-28T13:08:44","modified_gmt":"2025-09-28T16:08:44","slug":"medica-e-socorrida-pelo-aguia-resgate-apos-ataque-de-abelhas-na-zona-rural-de-conceicao-do-coite-vitima-e-alergica","status":"publish","type":"post","link":"https:\/\/portalraizesnoticias.com.br\/?p=8436","title":{"rendered":"M\u00e9dica \u00e9 socorrida pelo \u00c1guia Resgate ap\u00f3s ataque de abelhas na zona rural de Concei\u00e7\u00e3o do Coit\u00e9; v\u00edtima \u00e9 al\u00e9rgica"},"content":{"rendered":"<p>Por volta das 11h35 deste domingo (28), uma m\u00e9dica identificada como Maria Brand\u00e3o Tavares foi atacada por um enxame de abelhas na regi\u00e3o da Serra do Mucambo, zona rural de Concei\u00e7\u00e3o do Coit\u00e9.<\/p>\n<p><img fetchpriority=\"high\" decoding=\"async\" class=\"size-medium wp-image-8289 aligncenter\" src=\"https:\/\/portalraizesnoticias.com.br\/wp-content\/uploads\/2025\/09\/IMG-20250918-WA0124-300x300.jpg\" alt=\"\" width=\"300\" height=\"300\" srcset=\"https:\/\/portalraizesnoticias.com.br\/wp-content\/uploads\/2025\/09\/IMG-20250918-WA0124-300x300.jpg 300w, https:\/\/portalraizesnoticias.com.br\/wp-content\/uploads\/2025\/09\/IMG-20250918-WA0124-150x150.jpg 150w, https:\/\/portalraizesnoticias.com.br\/wp-content\/uploads\/2025\/09\/IMG-20250918-WA0124-768x768.jpg 768w, https:\/\/portalraizesnoticias.com.br\/wp-content\/uploads\/2025\/09\/IMG-20250918-WA0124.jpg 1000w\" sizes=\"(max-width: 300px) 100vw, 300px\" \/><\/p>\n<p style=\"text-align: center;\"><strong>PUBLICIDADE<\/strong><\/p>\n<p>Equipes do \u00c1guia Resgate foram acionadas rapidamente e prestaram os primeiros socorros \u00e0 profissional de sa\u00fade. Segundo informa\u00e7\u00f5es, a v\u00edtima possui hist\u00f3rico de alergia a picadas de abelhas, o que aumentou a gravidade da situa\u00e7\u00e3o.<\/p>\n<p>Ap\u00f3s receber atendimento emergencial ainda no local, Maria Brand\u00e3o foi encaminhada para a emerg\u00eancia do Hospital Portugu\u00eas de Coit\u00e9, onde segue em observa\u00e7\u00e3o m\u00e9dica.<\/p>\n<p>Ainda n\u00e3o h\u00e1 informa\u00e7\u00f5es sobre o estado de sa\u00fade atualizado da m\u00e9dica.<\/p>\n<p>Reda\u00e7\u00e3o<\/p>\n","protected":false},"excerpt":{"rendered":"<p>Por volta das 11h35 deste domingo (28), uma m\u00e9dica identificada como Maria Brand\u00e3o Tavares foi atacada por um enxame de abelhas na regi\u00e3o da Serra do Mucambo, zona rural de Concei\u00e7\u00e3o do Coit\u00e9. PUBLICIDADE Equipes do \u00c1guia Resgate foram acionadas rapidamente e prestaram os primeiros socorros \u00e0 profissional de sa\u00fade. Segundo informa\u00e7\u00f5es, a v\u00edtima possui hist\u00f3rico de alergia a picadas de abelhas, o que aumentou a gravidade da situa\u00e7\u00e3o. Ap\u00f3s receber atendimento emergencial ainda no local, Maria Brand\u00e3o foi encaminhada para a emerg\u00eancia do Hospital Portugu\u00eas de Coit\u00e9, onde segue em observa\u00e7\u00e3o m\u00e9dica. Ainda n\u00e3o h\u00e1 informa\u00e7\u00f5es sobre o estado de sa\u00fade atualizado da m\u00e9dica. Reda\u00e7\u00e3o<\/p>\n","protected":false},"author":3,"featured_media":8437,"comment_status":"open","ping_status":"open","sticky":false,"template":"","format":"standard","meta":{"_joinchat":[],"footnotes":""},"categories":[58,59],"tags":[1298,1300,1299],"class_list":["post-8436","post","type-post","status-publish","format-standard","has-post-thumbnail","hentry","category-acidentes","category-ultimas-noticias","tag-medica","tag-picadas-de-abelhas","tag-socorro"],"yoast_head":"<!-- This site is optimized with the Yoast SEO plugin v24.4 - https:\/\/yoast.com\/wordpress\/plugins\/seo\/ -->\n<title>M\u00e9dica \u00e9 socorrida pelo \u00c1guia Resgate ap\u00f3s ataque de abelhas na zona rural de Concei\u00e7\u00e3o do Coit\u00e9; v\u00edtima \u00e9 al\u00e9rgica - Portal raizes noticias<\/title>\n<meta name=\"robots\" content=\"index, follow, max-snippet:-1, max-image-preview:large, max-video-preview:-1\" \/>\n<link rel=\"canonical\" href=\"https:\/\/portalraizesnoticias.com.br\/?p=8436\" \/>\n<meta property=\"og:locale\" content=\"pt_BR\" \/>\n<meta property=\"og:type\" content=\"article\" \/>\n<meta property=\"og:title\" content=\"M\u00e9dica \u00e9 socorrida pelo \u00c1guia Resgate ap\u00f3s ataque de abelhas na zona rural de Concei\u00e7\u00e3o do Coit\u00e9; v\u00edtima \u00e9 al\u00e9rgica - Portal raizes noticias\" \/>\n<meta property=\"og:description\" content=\"Por volta das 11h35 deste domingo (28), uma m\u00e9dica identificada como Maria Brand\u00e3o Tavares foi atacada por um enxame de abelhas na regi\u00e3o da Serra do Mucambo, zona rural de Concei\u00e7\u00e3o do Coit\u00e9. PUBLICIDADE Equipes do \u00c1guia Resgate foram acionadas rapidamente e prestaram os primeiros socorros \u00e0 profissional de sa\u00fade. Segundo informa\u00e7\u00f5es, a v\u00edtima possui hist\u00f3rico de alergia a picadas de abelhas, o que aumentou a gravidade da situa\u00e7\u00e3o. Ap\u00f3s receber atendimento emergencial ainda no local, Maria Brand\u00e3o foi encaminhada para a emerg\u00eancia do Hospital Portugu\u00eas de Coit\u00e9, onde segue em observa\u00e7\u00e3o m\u00e9dica. Ainda n\u00e3o h\u00e1 informa\u00e7\u00f5es sobre o estado de sa\u00fade atualizado da m\u00e9dica. Reda\u00e7\u00e3o\" \/>\n<meta property=\"og:url\" content=\"https:\/\/portalraizesnoticias.com.br\/?p=8436\" \/>\n<meta property=\"og:site_name\" content=\"Portal raizes noticias\" \/>\n<meta property=\"article:published_time\" content=\"2025-09-28T16:08:43+00:00\" \/>\n<meta property=\"article:modified_time\" content=\"2025-09-28T16:08:44+00:00\" \/>\n<meta property=\"og:image\" content=\"https:\/\/portalraizesnoticias.com.br\/wp-content\/uploads\/2025\/09\/IMG-20250928-WA0135.jpg\" \/>\n\t<meta property=\"og:image:width\" content=\"1600\" \/>\n\t<meta property=\"og:image:height\" content=\"1200\" \/>\n\t<meta property=\"og:image:type\" content=\"image\/jpeg\" \/>\n<meta name=\"author\" content=\"Portal Raizes\" \/>\n<meta name=\"twitter:card\" content=\"summary_large_image\" \/>\n<meta name=\"twitter:label1\" content=\"Escrito por\" \/>\n\t<meta name=\"twitter:data1\" content=\"Portal Raizes\" \/>\n\t<meta name=\"twitter:label2\" content=\"Est. tempo de leitura\" \/>\n\t<meta name=\"twitter:data2\" content=\"1 minuto\" \/>\n<script type=\"application\/ld+json\" class=\"yoast-schema-graph\">{\"@context\":\"https:\/\/schema.org\",\"@graph\":[{\"@type\":\"Article\",\"@id\":\"https:\/\/portalraizesnoticias.com.br\/?p=8436#article\",\"isPartOf\":{\"@id\":\"https:\/\/portalraizesnoticias.com.br\/?p=8436\"},\"author\":{\"name\":\"Portal Raizes\",\"@id\":\"https:\/\/portalraizesnoticias.com.br\/#\/schema\/person\/a3ca6b0fc701e78df19756c417d943ae\"},\"headline\":\"M\u00e9dica \u00e9 socorrida pelo \u00c1guia Resgate ap\u00f3s ataque de abelhas na zona rural de Concei\u00e7\u00e3o do Coit\u00e9; v\u00edtima \u00e9 al\u00e9rgica\",\"datePublished\":\"2025-09-28T16:08:43+00:00\",\"dateModified\":\"2025-09-28T16:08:44+00:00\",\"mainEntityOfPage\":{\"@id\":\"https:\/\/portalraizesnoticias.com.br\/?p=8436\"},\"wordCount\":147,\"commentCount\":0,\"publisher\":{\"@id\":\"https:\/\/portalraizesnoticias.com.br\/#organization\"},\"image\":{\"@id\":\"https:\/\/portalraizesnoticias.com.br\/?p=8436#primaryimage\"},\"thumbnailUrl\":\"https:\/\/portalraizesnoticias.com.br\/wp-content\/uploads\/2025\/09\/IMG-20250928-WA0135.jpg\",\"keywords\":[\"M\u00e9dica\",\"Picadas de abelhas\",\"Socorro\"],\"articleSection\":[\"ACIDENTES\",\"ULTIMAS NOTICIAS\"],\"inLanguage\":\"pt-BR\",\"potentialAction\":[{\"@type\":\"CommentAction\",\"name\":\"Comment\",\"target\":[\"https:\/\/portalraizesnoticias.com.br\/?p=8436#respond\"]}]},{\"@type\":\"WebPage\",\"@id\":\"https:\/\/portalraizesnoticias.com.br\/?p=8436\",\"url\":\"https:\/\/portalraizesnoticias.com.br\/?p=8436\",\"name\":\"M\u00e9dica \u00e9 socorrida pelo \u00c1guia Resgate ap\u00f3s ataque de abelhas na zona rural de Concei\u00e7\u00e3o do Coit\u00e9; v\u00edtima \u00e9 al\u00e9rgica - Portal raizes noticias\",\"isPartOf\":{\"@id\":\"https:\/\/portalraizesnoticias.com.br\/#website\"},\"primaryImageOfPage\":{\"@id\":\"https:\/\/portalraizesnoticias.com.br\/?p=8436#primaryimage\"},\"image\":{\"@id\":\"https:\/\/portalraizesnoticias.com.br\/?p=8436#primaryimage\"},\"thumbnailUrl\":\"https:\/\/portalraizesnoticias.com.br\/wp-content\/uploads\/2025\/09\/IMG-20250928-WA0135.jpg\",\"datePublished\":\"2025-09-28T16:08:43+00:00\",\"dateModified\":\"2025-09-28T16:08:44+00:00\",\"breadcrumb\":{\"@id\":\"https:\/\/portalraizesnoticias.com.br\/?p=8436#breadcrumb\"},\"inLanguage\":\"pt-BR\",\"potentialAction\":[{\"@type\":\"ReadAction\",\"target\":[\"https:\/\/portalraizesnoticias.com.br\/?p=8436\"]}]},{\"@type\":\"ImageObject\",\"inLanguage\":\"pt-BR\",\"@id\":\"https:\/\/portalraizesnoticias.com.br\/?p=8436#primaryimage\",\"url\":\"https:\/\/portalraizesnoticias.com.br\/wp-content\/uploads\/2025\/09\/IMG-20250928-WA0135.jpg\",\"contentUrl\":\"https:\/\/portalraizesnoticias.com.br\/wp-content\/uploads\/2025\/09\/IMG-20250928-WA0135.jpg\",\"width\":1600,\"height\":1200},{\"@type\":\"BreadcrumbList\",\"@id\":\"https:\/\/portalraizesnoticias.com.br\/?p=8436#breadcrumb\",\"itemListElement\":[{\"@type\":\"ListItem\",\"position\":1,\"name\":\"In\u00edcio\",\"item\":\"https:\/\/portalraizesnoticias.com.br\/\"},{\"@type\":\"ListItem\",\"position\":2,\"name\":\"M\u00e9dica \u00e9 socorrida pelo \u00c1guia Resgate ap\u00f3s ataque de abelhas na zona rural de Concei\u00e7\u00e3o do Coit\u00e9; v\u00edtima \u00e9 al\u00e9rgica\"}]},{\"@type\":\"WebSite\",\"@id\":\"https:\/\/portalraizesnoticias.com.br\/#website\",\"url\":\"https:\/\/portalraizesnoticias.com.br\/\",\"name\":\"Portal raizes NOTICIAS\",\"description\":\"site de noticias de concei\u00e7\u00e3o do coit\u00e9 e regi\u00e3o\",\"publisher\":{\"@id\":\"https:\/\/portalraizesnoticias.com.br\/#organization\"},\"alternateName\":\"PORTAL RAIZES COIT\u00c9\",\"potentialAction\":[{\"@type\":\"SearchAction\",\"target\":{\"@type\":\"EntryPoint\",\"urlTemplate\":\"https:\/\/portalraizesnoticias.com.br\/?s={search_term_string}\"},\"query-input\":{\"@type\":\"PropertyValueSpecification\",\"valueRequired\":true,\"valueName\":\"search_term_string\"}}],\"inLanguage\":\"pt-BR\"},{\"@type\":\"Organization\",\"@id\":\"https:\/\/portalraizesnoticias.com.br\/#organization\",\"name\":\"Portal raizes NOTICIAS\",\"url\":\"https:\/\/portalraizesnoticias.com.br\/\",\"logo\":{\"@type\":\"ImageObject\",\"inLanguage\":\"pt-BR\",\"@id\":\"https:\/\/portalraizesnoticias.com.br\/#\/schema\/logo\/image\/\",\"url\":\"https:\/\/portalraizesnoticias.com.br\/wp-content\/uploads\/2024\/09\/cropped-Captura-de-tela-2024-09-08-011108.png\",\"contentUrl\":\"https:\/\/portalraizesnoticias.com.br\/wp-content\/uploads\/2024\/09\/cropped-Captura-de-tela-2024-09-08-011108.png\",\"width\":606,\"height\":173,\"caption\":\"Portal raizes NOTICIAS\"},\"image\":{\"@id\":\"https:\/\/portalraizesnoticias.com.br\/#\/schema\/logo\/image\/\"}},{\"@type\":\"Person\",\"@id\":\"https:\/\/portalraizesnoticias.com.br\/#\/schema\/person\/a3ca6b0fc701e78df19756c417d943ae\",\"name\":\"Portal Raizes\",\"image\":{\"@type\":\"ImageObject\",\"inLanguage\":\"pt-BR\",\"@id\":\"https:\/\/portalraizesnoticias.com.br\/#\/schema\/person\/image\/\",\"url\":\"https:\/\/secure.gravatar.com\/avatar\/ef450d29013a3d3fba867a12a249d7b1?s=96&d=mm&r=g\",\"contentUrl\":\"https:\/\/secure.gravatar.com\/avatar\/ef450d29013a3d3fba867a12a249d7b1?s=96&d=mm&r=g\",\"caption\":\"Portal Raizes\"},\"url\":\"https:\/\/portalraizesnoticias.com.br\/?author=3\"}]}<\/script>\n<!-- \/ Yoast SEO plugin. -->","yoast_head_json":{"title":"M\u00e9dica \u00e9 socorrida pelo \u00c1guia Resgate ap\u00f3s ataque de abelhas na zona rural de Concei\u00e7\u00e3o do Coit\u00e9; v\u00edtima \u00e9 al\u00e9rgica - Portal raizes noticias","robots":{"index":"index","follow":"follow","max-snippet":"max-snippet:-1","max-image-preview":"max-image-preview:large","max-video-preview":"max-video-preview:-1"},"canonical":"https:\/\/portalraizesnoticias.com.br\/?p=8436","og_locale":"pt_BR","og_type":"article","og_title":"M\u00e9dica \u00e9 socorrida pelo \u00c1guia Resgate ap\u00f3s ataque de abelhas na zona rural de Concei\u00e7\u00e3o do Coit\u00e9; v\u00edtima \u00e9 al\u00e9rgica - Portal raizes noticias","og_description":"Por volta das 11h35 deste domingo (28), uma m\u00e9dica identificada como Maria Brand\u00e3o Tavares foi atacada por um enxame de abelhas na regi\u00e3o da Serra do Mucambo, zona rural de Concei\u00e7\u00e3o do Coit\u00e9. PUBLICIDADE Equipes do \u00c1guia Resgate foram acionadas rapidamente e prestaram os primeiros socorros \u00e0 profissional de sa\u00fade. Segundo informa\u00e7\u00f5es, a v\u00edtima possui hist\u00f3rico de alergia a picadas de abelhas, o que aumentou a gravidade da situa\u00e7\u00e3o. Ap\u00f3s receber atendimento emergencial ainda no local, Maria Brand\u00e3o foi encaminhada para a emerg\u00eancia do Hospital Portugu\u00eas de Coit\u00e9, onde segue em observa\u00e7\u00e3o m\u00e9dica. Ainda n\u00e3o h\u00e1 informa\u00e7\u00f5es sobre o estado de sa\u00fade atualizado da m\u00e9dica. Reda\u00e7\u00e3o","og_url":"https:\/\/portalraizesnoticias.com.br\/?p=8436","og_site_name":"Portal raizes noticias","article_published_time":"2025-09-28T16:08:43+00:00","article_modified_time":"2025-09-28T16:08:44+00:00","og_image":[{"width":1600,"height":1200,"url":"https:\/\/portalraizesnoticias.com.br\/wp-content\/uploads\/2025\/09\/IMG-20250928-WA0135.jpg","type":"image\/jpeg"}],"author":"Portal Raizes","twitter_card":"summary_large_image","twitter_misc":{"Escrito por":"Portal Raizes","Est. tempo de leitura":"1 minuto"},"schema":{"@context":"https:\/\/schema.org","@graph":[{"@type":"Article","@id":"https:\/\/portalraizesnoticias.com.br\/?p=8436#article","isPartOf":{"@id":"https:\/\/portalraizesnoticias.com.br\/?p=8436"},"author":{"name":"Portal Raizes","@id":"https:\/\/portalraizesnoticias.com.br\/#\/schema\/person\/a3ca6b0fc701e78df19756c417d943ae"},"headline":"M\u00e9dica \u00e9 socorrida pelo \u00c1guia Resgate ap\u00f3s ataque de abelhas na zona rural de Concei\u00e7\u00e3o do Coit\u00e9; v\u00edtima \u00e9 al\u00e9rgica","datePublished":"2025-09-28T16:08:43+00:00","dateModified":"2025-09-28T16:08:44+00:00","mainEntityOfPage":{"@id":"https:\/\/portalraizesnoticias.com.br\/?p=8436"},"wordCount":147,"commentCount":0,"publisher":{"@id":"https:\/\/portalraizesnoticias.com.br\/#organization"},"image":{"@id":"https:\/\/portalraizesnoticias.com.br\/?p=8436#primaryimage"},"thumbnailUrl":"https:\/\/portalraizesnoticias.com.br\/wp-content\/uploads\/2025\/09\/IMG-20250928-WA0135.jpg","keywords":["M\u00e9dica","Picadas de abelhas","Socorro"],"articleSection":["ACIDENTES","ULTIMAS NOTICIAS"],"inLanguage":"pt-BR","potentialAction":[{"@type":"CommentAction","name":"Comment","target":["https:\/\/portalraizesnoticias.com.br\/?p=8436#respond"]}]},{"@type":"WebPage","@id":"https:\/\/portalraizesnoticias.com.br\/?p=8436","url":"https:\/\/portalraizesnoticias.com.br\/?p=8436","name":"M\u00e9dica \u00e9 socorrida pelo \u00c1guia Resgate ap\u00f3s ataque de abelhas na zona rural de Concei\u00e7\u00e3o do Coit\u00e9; v\u00edtima \u00e9 al\u00e9rgica - Portal raizes noticias","isPartOf":{"@id":"https:\/\/portalraizesnoticias.com.br\/#website"},"primaryImageOfPage":{"@id":"https:\/\/portalraizesnoticias.com.br\/?p=8436#primaryimage"},"image":{"@id":"https:\/\/portalraizesnoticias.com.br\/?p=8436#primaryimage"},"thumbnailUrl":"https:\/\/portalraizesnoticias.com.br\/wp-content\/uploads\/2025\/09\/IMG-20250928-WA0135.jpg","datePublished":"2025-09-28T16:08:43+00:00","dateModified":"2025-09-28T16:08:44+00:00","breadcrumb":{"@id":"https:\/\/portalraizesnoticias.com.br\/?p=8436#breadcrumb"},"inLanguage":"pt-BR","potentialAction":[{"@type":"ReadAction","target":["https:\/\/portalraizesnoticias.com.br\/?p=8436"]}]},{"@type":"ImageObject","inLanguage":"pt-BR","@id":"https:\/\/portalraizesnoticias.com.br\/?p=8436#primaryimage","url":"https:\/\/portalraizesnoticias.com.br\/wp-content\/uploads\/2025\/09\/IMG-20250928-WA0135.jpg","contentUrl":"https:\/\/portalraizesnoticias.com.br\/wp-content\/uploads\/2025\/09\/IMG-20250928-WA0135.jpg","width":1600,"height":1200},{"@type":"BreadcrumbList","@id":"https:\/\/portalraizesnoticias.com.br\/?p=8436#breadcrumb","itemListElement":[{"@type":"ListItem","position":1,"name":"In\u00edcio","item":"https:\/\/portalraizesnoticias.com.br\/"},{"@type":"ListItem","position":2,"name":"M\u00e9dica \u00e9 socorrida pelo \u00c1guia Resgate ap\u00f3s ataque de abelhas na zona rural de Concei\u00e7\u00e3o do Coit\u00e9; v\u00edtima \u00e9 al\u00e9rgica"}]},{"@type":"WebSite","@id":"https:\/\/portalraizesnoticias.com.br\/#website","url":"https:\/\/portalraizesnoticias.com.br\/","name":"Portal raizes NOTICIAS","description":"site de noticias de concei\u00e7\u00e3o do coit\u00e9 e regi\u00e3o","publisher":{"@id":"https:\/\/portalraizesnoticias.com.br\/#organization"},"alternateName":"PORTAL RAIZES COIT\u00c9","potentialAction":[{"@type":"SearchAction","target":{"@type":"EntryPoint","urlTemplate":"https:\/\/portalraizesnoticias.com.br\/?s={search_term_string}"},"query-input":{"@type":"PropertyValueSpecification","valueRequired":true,"valueName":"search_term_string"}}],"inLanguage":"pt-BR"},{"@type":"Organization","@id":"https:\/\/portalraizesnoticias.com.br\/#organization","name":"Portal raizes NOTICIAS","url":"https:\/\/portalraizesnoticias.com.br\/","logo":{"@type":"ImageObject","inLanguage":"pt-BR","@id":"https:\/\/portalraizesnoticias.com.br\/#\/schema\/logo\/image\/","url":"https:\/\/portalraizesnoticias.com.br\/wp-content\/uploads\/2024\/09\/cropped-Captura-de-tela-2024-09-08-011108.png","contentUrl":"https:\/\/portalraizesnoticias.com.br\/wp-content\/uploads\/2024\/09\/cropped-Captura-de-tela-2024-09-08-011108.png","width":606,"height":173,"caption":"Portal raizes NOTICIAS"},"image":{"@id":"https:\/\/portalraizesnoticias.com.br\/#\/schema\/logo\/image\/"}},{"@type":"Person","@id":"https:\/\/portalraizesnoticias.com.br\/#\/schema\/person\/a3ca6b0fc701e78df19756c417d943ae","name":"Portal Raizes","image":{"@type":"ImageObject","inLanguage":"pt-BR","@id":"https:\/\/portalraizesnoticias.com.br\/#\/schema\/person\/image\/","url":"https:\/\/secure.gravatar.com\/avatar\/ef450d29013a3d3fba867a12a249d7b1?s=96&d=mm&r=g","contentUrl":"https:\/\/secure.gravatar.com\/avatar\/ef450d29013a3d3fba867a12a249d7b1?s=96&d=mm&r=g","caption":"Portal Raizes"},"url":"https:\/\/portalraizesnoticias.com.br\/?author=3"}]}},"_links":{"self":[{"href":"https:\/\/portalraizesnoticias.com.br\/index.php?rest_route=\/wp\/v2\/posts\/8436"}],"collection":[{"href":"https:\/\/portalraizesnoticias.com.br\/index.php?rest_route=\/wp\/v2\/posts"}],"about":[{"href":"https:\/\/portalraizesnoticias.com.br\/index.php?rest_route=\/wp\/v2\/types\/post"}],"author":[{"embeddable":true,"href":"https:\/\/portalraizesnoticias.com.br\/index.php?rest_route=\/wp\/v2\/users\/3"}],"replies":[{"embeddable":true,"href":"https:\/\/portalraizesnoticias.com.br\/index.php?rest_route=%2Fwp%2Fv2%2Fcomments&post=8436"}],"version-history":[{"count":1,"href":"https:\/\/portalraizesnoticias.com.br\/index.php?rest_route=\/wp\/v2\/posts\/8436\/revisions"}],"predecessor-version":[{"id":8438,"href":"https:\/\/portalraizesnoticias.com.br\/index.php?rest_route=\/wp\/v2\/posts\/8436\/revisions\/8438"}],"wp:featuredmedia":[{"embeddable":true,"href":"https:\/\/portalraizesnoticias.com.br\/index.php?rest_route=\/wp\/v2\/media\/8437"}],"wp:attachment":[{"href":"https:\/\/portalraizesnoticias.com.br\/index.php?rest_route=%2Fwp%2Fv2%2Fmedia&parent=8436"}],"wp:term":[{"taxonomy":"category","embeddable":true,"href":"https:\/\/portalraizesnoticias.com.br\/index.php?rest_route=%2Fwp%2Fv2%2Fcategories&post=8436"},{"taxonomy":"post_tag","embeddable":true,"href":"https:\/\/portalraizesnoticias.com.br\/index.php?rest_route=%2Fwp%2Fv2%2Ftags&post=8436"}],"curies":[{"name":"wp","href":"https:\/\/api.w.org\/{rel}","templated":true}]}}