{"id":8431,"date":"2025-09-28T11:59:42","date_gmt":"2025-09-28T14:59:42","guid":{"rendered":"https:\/\/portalraizesnoticias.com.br\/?p=8431"},"modified":"2025-09-28T11:59:43","modified_gmt":"2025-09-28T14:59:43","slug":"homem-e-ameacado-e-se-refugia-em-mercadinho-para-escapar-de-agressao-no-distrito-de-bandiacu-em-conceicao-do-coite","status":"publish","type":"post","link":"https:\/\/portalraizesnoticias.com.br\/?p=8431","title":{"rendered":"Homem \u00e9 amea\u00e7ado e se refugia em mercadinho para escapar de agress\u00e3o no distrito de Bandia\u00e7u em Concei\u00e7\u00e3o do Coit\u00e9"},"content":{"rendered":"<p>Na manh\u00e3 deste s\u00e1bado (27), a Pol\u00edcia Militar foi acionada para atender uma ocorr\u00eancia de amea\u00e7a na Pra\u00e7a da Matriz, no distrito de Bandia\u00e7u, em Concei\u00e7\u00e3o do Coit\u00e9.<\/p>\n<p><img fetchpriority=\"high\" decoding=\"async\" class=\"size-medium wp-image-8199 aligncenter\" src=\"https:\/\/portalraizesnoticias.com.br\/wp-content\/uploads\/2025\/09\/IMG-20250912-WA0857-300x300.jpg\" alt=\"\" width=\"300\" height=\"300\" srcset=\"https:\/\/portalraizesnoticias.com.br\/wp-content\/uploads\/2025\/09\/IMG-20250912-WA0857-300x300.jpg 300w, https:\/\/portalraizesnoticias.com.br\/wp-content\/uploads\/2025\/09\/IMG-20250912-WA0857-150x150.jpg 150w, https:\/\/portalraizesnoticias.com.br\/wp-content\/uploads\/2025\/09\/IMG-20250912-WA0857.jpg 640w\" sizes=\"(max-width: 300px) 100vw, 300px\" \/><\/p>\n<p style=\"text-align: center;\"><strong>PUBLICIDADE<\/strong><\/p>\n<p>De acordo com informa\u00e7\u00f5es da PM, por volta das 10h15, o Cicom informou sobre um desentendimento envolvendo v\u00e1rias pessoas, sendo que um dos indiv\u00edduos estaria armado com uma faca.<\/p>\n<p>Ao chegar ao local, os policiais encontraram a v\u00edtima, que relatou ter sido amea\u00e7ado e quase agredido por tr\u00eas homens. Segundo a v\u00edtima, para se proteger, conseguiu se refugiar dentro de um mercadinho, onde a propriet\u00e1ria fechou as portas e evitou que a agress\u00e3o se concretizasse.<\/p>\n<p>Os suspeitos j\u00e1 haviam fugido quando a guarni\u00e7\u00e3o chegou. A v\u00edtima foi orientada a registrar queixa na delegacia, e os policiais realizaram rondas pelo distrito, al\u00e9m de escolt\u00e1-la at\u00e9 sua resid\u00eancia para garantir seguran\u00e7a.<\/p>\n<p>Reda\u00e7\u00e3o<\/p>\n","protected":false},"excerpt":{"rendered":"<p>Na manh\u00e3 deste s\u00e1bado (27), a Pol\u00edcia Militar foi acionada para atender uma ocorr\u00eancia de amea\u00e7a na Pra\u00e7a da Matriz, no distrito de Bandia\u00e7u, em Concei\u00e7\u00e3o do Coit\u00e9. PUBLICIDADE De acordo com informa\u00e7\u00f5es da PM, por volta das 10h15, o Cicom informou sobre um desentendimento envolvendo v\u00e1rias pessoas, sendo que um dos indiv\u00edduos estaria armado com uma faca. Ao chegar ao local, os policiais encontraram a v\u00edtima, que relatou ter sido amea\u00e7ado e quase agredido por tr\u00eas homens. Segundo a v\u00edtima, para se proteger, conseguiu se refugiar dentro de um mercadinho, onde a propriet\u00e1ria fechou as portas e evitou que a agress\u00e3o se concretizasse. Os suspeitos j\u00e1 haviam fugido quando a guarni\u00e7\u00e3o chegou. A v\u00edtima foi orientada a registrar queixa na delegacia, e os policiais realizaram rondas pelo distrito, al\u00e9m de escolt\u00e1-la at\u00e9 sua resid\u00eancia para garantir seguran\u00e7a. Reda\u00e7\u00e3o<\/p>\n","protected":false},"author":3,"featured_media":8248,"comment_status":"open","ping_status":"open","sticky":false,"template":"","format":"standard","meta":{"_joinchat":[],"footnotes":""},"categories":[55,67,59],"tags":[],"class_list":["post-8431","post","type-post","status-publish","format-standard","has-post-thumbnail","hentry","category-destaques","category-policia","category-ultimas-noticias"],"yoast_head":"<!-- This site is optimized with the Yoast SEO plugin v24.4 - https:\/\/yoast.com\/wordpress\/plugins\/seo\/ -->\n<title>Homem \u00e9 amea\u00e7ado e se refugia em mercadinho para escapar de agress\u00e3o no distrito de Bandia\u00e7u em Concei\u00e7\u00e3o do Coit\u00e9 - Portal raizes noticias<\/title>\n<meta name=\"robots\" content=\"index, follow, max-snippet:-1, max-image-preview:large, max-video-preview:-1\" \/>\n<link rel=\"canonical\" href=\"https:\/\/portalraizesnoticias.com.br\/?p=8431\" \/>\n<meta property=\"og:locale\" content=\"pt_BR\" \/>\n<meta property=\"og:type\" content=\"article\" \/>\n<meta property=\"og:title\" content=\"Homem \u00e9 amea\u00e7ado e se refugia em mercadinho para escapar de agress\u00e3o no distrito de Bandia\u00e7u em Concei\u00e7\u00e3o do Coit\u00e9 - Portal raizes noticias\" \/>\n<meta property=\"og:description\" content=\"Na manh\u00e3 deste s\u00e1bado (27), a Pol\u00edcia Militar foi acionada para atender uma ocorr\u00eancia de amea\u00e7a na Pra\u00e7a da Matriz, no distrito de Bandia\u00e7u, em Concei\u00e7\u00e3o do Coit\u00e9. PUBLICIDADE De acordo com informa\u00e7\u00f5es da PM, por volta das 10h15, o Cicom informou sobre um desentendimento envolvendo v\u00e1rias pessoas, sendo que um dos indiv\u00edduos estaria armado com uma faca. Ao chegar ao local, os policiais encontraram a v\u00edtima, que relatou ter sido amea\u00e7ado e quase agredido por tr\u00eas homens. Segundo a v\u00edtima, para se proteger, conseguiu se refugiar dentro de um mercadinho, onde a propriet\u00e1ria fechou as portas e evitou que a agress\u00e3o se concretizasse. Os suspeitos j\u00e1 haviam fugido quando a guarni\u00e7\u00e3o chegou. A v\u00edtima foi orientada a registrar queixa na delegacia, e os policiais realizaram rondas pelo distrito, al\u00e9m de escolt\u00e1-la at\u00e9 sua resid\u00eancia para garantir seguran\u00e7a. Reda\u00e7\u00e3o\" \/>\n<meta property=\"og:url\" content=\"https:\/\/portalraizesnoticias.com.br\/?p=8431\" \/>\n<meta property=\"og:site_name\" content=\"Portal raizes noticias\" \/>\n<meta property=\"article:published_time\" content=\"2025-09-28T14:59:42+00:00\" \/>\n<meta property=\"article:modified_time\" content=\"2025-09-28T14:59:43+00:00\" \/>\n<meta property=\"og:image\" content=\"https:\/\/portalraizesnoticias.com.br\/wp-content\/uploads\/2025\/09\/whatsapp-image-2023-03-12-at-12.11.02.jpeg\" \/>\n\t<meta property=\"og:image:width\" content=\"984\" \/>\n\t<meta property=\"og:image:height\" content=\"738\" \/>\n\t<meta property=\"og:image:type\" content=\"image\/jpeg\" \/>\n<meta name=\"author\" content=\"Portal Raizes\" \/>\n<meta name=\"twitter:card\" content=\"summary_large_image\" \/>\n<meta name=\"twitter:label1\" content=\"Escrito por\" \/>\n\t<meta name=\"twitter:data1\" content=\"Portal Raizes\" \/>\n\t<meta name=\"twitter:label2\" content=\"Est. tempo de leitura\" \/>\n\t<meta name=\"twitter:data2\" content=\"2 minutos\" \/>\n<script type=\"application\/ld+json\" class=\"yoast-schema-graph\">{\"@context\":\"https:\/\/schema.org\",\"@graph\":[{\"@type\":\"Article\",\"@id\":\"https:\/\/portalraizesnoticias.com.br\/?p=8431#article\",\"isPartOf\":{\"@id\":\"https:\/\/portalraizesnoticias.com.br\/?p=8431\"},\"author\":{\"name\":\"Portal Raizes\",\"@id\":\"https:\/\/portalraizesnoticias.com.br\/#\/schema\/person\/a3ca6b0fc701e78df19756c417d943ae\"},\"headline\":\"Homem \u00e9 amea\u00e7ado e se refugia em mercadinho para escapar de agress\u00e3o no distrito de Bandia\u00e7u em Concei\u00e7\u00e3o do Coit\u00e9\",\"datePublished\":\"2025-09-28T14:59:42+00:00\",\"dateModified\":\"2025-09-28T14:59:43+00:00\",\"mainEntityOfPage\":{\"@id\":\"https:\/\/portalraizesnoticias.com.br\/?p=8431\"},\"wordCount\":184,\"commentCount\":0,\"publisher\":{\"@id\":\"https:\/\/portalraizesnoticias.com.br\/#organization\"},\"image\":{\"@id\":\"https:\/\/portalraizesnoticias.com.br\/?p=8431#primaryimage\"},\"thumbnailUrl\":\"https:\/\/portalraizesnoticias.com.br\/wp-content\/uploads\/2025\/09\/whatsapp-image-2023-03-12-at-12.11.02.jpeg\",\"articleSection\":[\"DESTAQUES\",\"POLICIA\",\"ULTIMAS NOTICIAS\"],\"inLanguage\":\"pt-BR\",\"potentialAction\":[{\"@type\":\"CommentAction\",\"name\":\"Comment\",\"target\":[\"https:\/\/portalraizesnoticias.com.br\/?p=8431#respond\"]}]},{\"@type\":\"WebPage\",\"@id\":\"https:\/\/portalraizesnoticias.com.br\/?p=8431\",\"url\":\"https:\/\/portalraizesnoticias.com.br\/?p=8431\",\"name\":\"Homem \u00e9 amea\u00e7ado e se refugia em mercadinho para escapar de agress\u00e3o no distrito de Bandia\u00e7u em Concei\u00e7\u00e3o do Coit\u00e9 - Portal raizes noticias\",\"isPartOf\":{\"@id\":\"https:\/\/portalraizesnoticias.com.br\/#website\"},\"primaryImageOfPage\":{\"@id\":\"https:\/\/portalraizesnoticias.com.br\/?p=8431#primaryimage\"},\"image\":{\"@id\":\"https:\/\/portalraizesnoticias.com.br\/?p=8431#primaryimage\"},\"thumbnailUrl\":\"https:\/\/portalraizesnoticias.com.br\/wp-content\/uploads\/2025\/09\/whatsapp-image-2023-03-12-at-12.11.02.jpeg\",\"datePublished\":\"2025-09-28T14:59:42+00:00\",\"dateModified\":\"2025-09-28T14:59:43+00:00\",\"breadcrumb\":{\"@id\":\"https:\/\/portalraizesnoticias.com.br\/?p=8431#breadcrumb\"},\"inLanguage\":\"pt-BR\",\"potentialAction\":[{\"@type\":\"ReadAction\",\"target\":[\"https:\/\/portalraizesnoticias.com.br\/?p=8431\"]}]},{\"@type\":\"ImageObject\",\"inLanguage\":\"pt-BR\",\"@id\":\"https:\/\/portalraizesnoticias.com.br\/?p=8431#primaryimage\",\"url\":\"https:\/\/portalraizesnoticias.com.br\/wp-content\/uploads\/2025\/09\/whatsapp-image-2023-03-12-at-12.11.02.jpeg\",\"contentUrl\":\"https:\/\/portalraizesnoticias.com.br\/wp-content\/uploads\/2025\/09\/whatsapp-image-2023-03-12-at-12.11.02.jpeg\",\"width\":984,\"height\":738},{\"@type\":\"BreadcrumbList\",\"@id\":\"https:\/\/portalraizesnoticias.com.br\/?p=8431#breadcrumb\",\"itemListElement\":[{\"@type\":\"ListItem\",\"position\":1,\"name\":\"In\u00edcio\",\"item\":\"https:\/\/portalraizesnoticias.com.br\/\"},{\"@type\":\"ListItem\",\"position\":2,\"name\":\"Homem \u00e9 amea\u00e7ado e se refugia em mercadinho para escapar de agress\u00e3o no distrito de Bandia\u00e7u em Concei\u00e7\u00e3o do Coit\u00e9\"}]},{\"@type\":\"WebSite\",\"@id\":\"https:\/\/portalraizesnoticias.com.br\/#website\",\"url\":\"https:\/\/portalraizesnoticias.com.br\/\",\"name\":\"Portal raizes NOTICIAS\",\"description\":\"site de noticias de concei\u00e7\u00e3o do coit\u00e9 e regi\u00e3o\",\"publisher\":{\"@id\":\"https:\/\/portalraizesnoticias.com.br\/#organization\"},\"alternateName\":\"PORTAL RAIZES COIT\u00c9\",\"potentialAction\":[{\"@type\":\"SearchAction\",\"target\":{\"@type\":\"EntryPoint\",\"urlTemplate\":\"https:\/\/portalraizesnoticias.com.br\/?s={search_term_string}\"},\"query-input\":{\"@type\":\"PropertyValueSpecification\",\"valueRequired\":true,\"valueName\":\"search_term_string\"}}],\"inLanguage\":\"pt-BR\"},{\"@type\":\"Organization\",\"@id\":\"https:\/\/portalraizesnoticias.com.br\/#organization\",\"name\":\"Portal raizes NOTICIAS\",\"url\":\"https:\/\/portalraizesnoticias.com.br\/\",\"logo\":{\"@type\":\"ImageObject\",\"inLanguage\":\"pt-BR\",\"@id\":\"https:\/\/portalraizesnoticias.com.br\/#\/schema\/logo\/image\/\",\"url\":\"https:\/\/portalraizesnoticias.com.br\/wp-content\/uploads\/2024\/09\/cropped-Captura-de-tela-2024-09-08-011108.png\",\"contentUrl\":\"https:\/\/portalraizesnoticias.com.br\/wp-content\/uploads\/2024\/09\/cropped-Captura-de-tela-2024-09-08-011108.png\",\"width\":606,\"height\":173,\"caption\":\"Portal raizes NOTICIAS\"},\"image\":{\"@id\":\"https:\/\/portalraizesnoticias.com.br\/#\/schema\/logo\/image\/\"}},{\"@type\":\"Person\",\"@id\":\"https:\/\/portalraizesnoticias.com.br\/#\/schema\/person\/a3ca6b0fc701e78df19756c417d943ae\",\"name\":\"Portal Raizes\",\"image\":{\"@type\":\"ImageObject\",\"inLanguage\":\"pt-BR\",\"@id\":\"https:\/\/portalraizesnoticias.com.br\/#\/schema\/person\/image\/\",\"url\":\"https:\/\/secure.gravatar.com\/avatar\/ef450d29013a3d3fba867a12a249d7b1?s=96&d=mm&r=g\",\"contentUrl\":\"https:\/\/secure.gravatar.com\/avatar\/ef450d29013a3d3fba867a12a249d7b1?s=96&d=mm&r=g\",\"caption\":\"Portal Raizes\"},\"url\":\"https:\/\/portalraizesnoticias.com.br\/?author=3\"}]}<\/script>\n<!-- \/ Yoast SEO plugin. -->","yoast_head_json":{"title":"Homem \u00e9 amea\u00e7ado e se refugia em mercadinho para escapar de agress\u00e3o no distrito de Bandia\u00e7u em Concei\u00e7\u00e3o do Coit\u00e9 - Portal raizes noticias","robots":{"index":"index","follow":"follow","max-snippet":"max-snippet:-1","max-image-preview":"max-image-preview:large","max-video-preview":"max-video-preview:-1"},"canonical":"https:\/\/portalraizesnoticias.com.br\/?p=8431","og_locale":"pt_BR","og_type":"article","og_title":"Homem \u00e9 amea\u00e7ado e se refugia em mercadinho para escapar de agress\u00e3o no distrito de Bandia\u00e7u em Concei\u00e7\u00e3o do Coit\u00e9 - Portal raizes noticias","og_description":"Na manh\u00e3 deste s\u00e1bado (27), a Pol\u00edcia Militar foi acionada para atender uma ocorr\u00eancia de amea\u00e7a na Pra\u00e7a da Matriz, no distrito de Bandia\u00e7u, em Concei\u00e7\u00e3o do Coit\u00e9. PUBLICIDADE De acordo com informa\u00e7\u00f5es da PM, por volta das 10h15, o Cicom informou sobre um desentendimento envolvendo v\u00e1rias pessoas, sendo que um dos indiv\u00edduos estaria armado com uma faca. Ao chegar ao local, os policiais encontraram a v\u00edtima, que relatou ter sido amea\u00e7ado e quase agredido por tr\u00eas homens. Segundo a v\u00edtima, para se proteger, conseguiu se refugiar dentro de um mercadinho, onde a propriet\u00e1ria fechou as portas e evitou que a agress\u00e3o se concretizasse. Os suspeitos j\u00e1 haviam fugido quando a guarni\u00e7\u00e3o chegou. A v\u00edtima foi orientada a registrar queixa na delegacia, e os policiais realizaram rondas pelo distrito, al\u00e9m de escolt\u00e1-la at\u00e9 sua resid\u00eancia para garantir seguran\u00e7a. Reda\u00e7\u00e3o","og_url":"https:\/\/portalraizesnoticias.com.br\/?p=8431","og_site_name":"Portal raizes noticias","article_published_time":"2025-09-28T14:59:42+00:00","article_modified_time":"2025-09-28T14:59:43+00:00","og_image":[{"width":984,"height":738,"url":"https:\/\/portalraizesnoticias.com.br\/wp-content\/uploads\/2025\/09\/whatsapp-image-2023-03-12-at-12.11.02.jpeg","type":"image\/jpeg"}],"author":"Portal Raizes","twitter_card":"summary_large_image","twitter_misc":{"Escrito por":"Portal Raizes","Est. tempo de leitura":"2 minutos"},"schema":{"@context":"https:\/\/schema.org","@graph":[{"@type":"Article","@id":"https:\/\/portalraizesnoticias.com.br\/?p=8431#article","isPartOf":{"@id":"https:\/\/portalraizesnoticias.com.br\/?p=8431"},"author":{"name":"Portal Raizes","@id":"https:\/\/portalraizesnoticias.com.br\/#\/schema\/person\/a3ca6b0fc701e78df19756c417d943ae"},"headline":"Homem \u00e9 amea\u00e7ado e se refugia em mercadinho para escapar de agress\u00e3o no distrito de Bandia\u00e7u em Concei\u00e7\u00e3o do Coit\u00e9","datePublished":"2025-09-28T14:59:42+00:00","dateModified":"2025-09-28T14:59:43+00:00","mainEntityOfPage":{"@id":"https:\/\/portalraizesnoticias.com.br\/?p=8431"},"wordCount":184,"commentCount":0,"publisher":{"@id":"https:\/\/portalraizesnoticias.com.br\/#organization"},"image":{"@id":"https:\/\/portalraizesnoticias.com.br\/?p=8431#primaryimage"},"thumbnailUrl":"https:\/\/portalraizesnoticias.com.br\/wp-content\/uploads\/2025\/09\/whatsapp-image-2023-03-12-at-12.11.02.jpeg","articleSection":["DESTAQUES","POLICIA","ULTIMAS NOTICIAS"],"inLanguage":"pt-BR","potentialAction":[{"@type":"CommentAction","name":"Comment","target":["https:\/\/portalraizesnoticias.com.br\/?p=8431#respond"]}]},{"@type":"WebPage","@id":"https:\/\/portalraizesnoticias.com.br\/?p=8431","url":"https:\/\/portalraizesnoticias.com.br\/?p=8431","name":"Homem \u00e9 amea\u00e7ado e se refugia em mercadinho para escapar de agress\u00e3o no distrito de Bandia\u00e7u em Concei\u00e7\u00e3o do Coit\u00e9 - Portal raizes noticias","isPartOf":{"@id":"https:\/\/portalraizesnoticias.com.br\/#website"},"primaryImageOfPage":{"@id":"https:\/\/portalraizesnoticias.com.br\/?p=8431#primaryimage"},"image":{"@id":"https:\/\/portalraizesnoticias.com.br\/?p=8431#primaryimage"},"thumbnailUrl":"https:\/\/portalraizesnoticias.com.br\/wp-content\/uploads\/2025\/09\/whatsapp-image-2023-03-12-at-12.11.02.jpeg","datePublished":"2025-09-28T14:59:42+00:00","dateModified":"2025-09-28T14:59:43+00:00","breadcrumb":{"@id":"https:\/\/portalraizesnoticias.com.br\/?p=8431#breadcrumb"},"inLanguage":"pt-BR","potentialAction":[{"@type":"ReadAction","target":["https:\/\/portalraizesnoticias.com.br\/?p=8431"]}]},{"@type":"ImageObject","inLanguage":"pt-BR","@id":"https:\/\/portalraizesnoticias.com.br\/?p=8431#primaryimage","url":"https:\/\/portalraizesnoticias.com.br\/wp-content\/uploads\/2025\/09\/whatsapp-image-2023-03-12-at-12.11.02.jpeg","contentUrl":"https:\/\/portalraizesnoticias.com.br\/wp-content\/uploads\/2025\/09\/whatsapp-image-2023-03-12-at-12.11.02.jpeg","width":984,"height":738},{"@type":"BreadcrumbList","@id":"https:\/\/portalraizesnoticias.com.br\/?p=8431#breadcrumb","itemListElement":[{"@type":"ListItem","position":1,"name":"In\u00edcio","item":"https:\/\/portalraizesnoticias.com.br\/"},{"@type":"ListItem","position":2,"name":"Homem \u00e9 amea\u00e7ado e se refugia em mercadinho para escapar de agress\u00e3o no distrito de Bandia\u00e7u em Concei\u00e7\u00e3o do Coit\u00e9"}]},{"@type":"WebSite","@id":"https:\/\/portalraizesnoticias.com.br\/#website","url":"https:\/\/portalraizesnoticias.com.br\/","name":"Portal raizes NOTICIAS","description":"site de noticias de concei\u00e7\u00e3o do coit\u00e9 e regi\u00e3o","publisher":{"@id":"https:\/\/portalraizesnoticias.com.br\/#organization"},"alternateName":"PORTAL RAIZES COIT\u00c9","potentialAction":[{"@type":"SearchAction","target":{"@type":"EntryPoint","urlTemplate":"https:\/\/portalraizesnoticias.com.br\/?s={search_term_string}"},"query-input":{"@type":"PropertyValueSpecification","valueRequired":true,"valueName":"search_term_string"}}],"inLanguage":"pt-BR"},{"@type":"Organization","@id":"https:\/\/portalraizesnoticias.com.br\/#organization","name":"Portal raizes NOTICIAS","url":"https:\/\/portalraizesnoticias.com.br\/","logo":{"@type":"ImageObject","inLanguage":"pt-BR","@id":"https:\/\/portalraizesnoticias.com.br\/#\/schema\/logo\/image\/","url":"https:\/\/portalraizesnoticias.com.br\/wp-content\/uploads\/2024\/09\/cropped-Captura-de-tela-2024-09-08-011108.png","contentUrl":"https:\/\/portalraizesnoticias.com.br\/wp-content\/uploads\/2024\/09\/cropped-Captura-de-tela-2024-09-08-011108.png","width":606,"height":173,"caption":"Portal raizes NOTICIAS"},"image":{"@id":"https:\/\/portalraizesnoticias.com.br\/#\/schema\/logo\/image\/"}},{"@type":"Person","@id":"https:\/\/portalraizesnoticias.com.br\/#\/schema\/person\/a3ca6b0fc701e78df19756c417d943ae","name":"Portal Raizes","image":{"@type":"ImageObject","inLanguage":"pt-BR","@id":"https:\/\/portalraizesnoticias.com.br\/#\/schema\/person\/image\/","url":"https:\/\/secure.gravatar.com\/avatar\/ef450d29013a3d3fba867a12a249d7b1?s=96&d=mm&r=g","contentUrl":"https:\/\/secure.gravatar.com\/avatar\/ef450d29013a3d3fba867a12a249d7b1?s=96&d=mm&r=g","caption":"Portal Raizes"},"url":"https:\/\/portalraizesnoticias.com.br\/?author=3"}]}},"_links":{"self":[{"href":"https:\/\/portalraizesnoticias.com.br\/index.php?rest_route=\/wp\/v2\/posts\/8431"}],"collection":[{"href":"https:\/\/portalraizesnoticias.com.br\/index.php?rest_route=\/wp\/v2\/posts"}],"about":[{"href":"https:\/\/portalraizesnoticias.com.br\/index.php?rest_route=\/wp\/v2\/types\/post"}],"author":[{"embeddable":true,"href":"https:\/\/portalraizesnoticias.com.br\/index.php?rest_route=\/wp\/v2\/users\/3"}],"replies":[{"embeddable":true,"href":"https:\/\/portalraizesnoticias.com.br\/index.php?rest_route=%2Fwp%2Fv2%2Fcomments&post=8431"}],"version-history":[{"count":1,"href":"https:\/\/portalraizesnoticias.com.br\/index.php?rest_route=\/wp\/v2\/posts\/8431\/revisions"}],"predecessor-version":[{"id":8432,"href":"https:\/\/portalraizesnoticias.com.br\/index.php?rest_route=\/wp\/v2\/posts\/8431\/revisions\/8432"}],"wp:featuredmedia":[{"embeddable":true,"href":"https:\/\/portalraizesnoticias.com.br\/index.php?rest_route=\/wp\/v2\/media\/8248"}],"wp:attachment":[{"href":"https:\/\/portalraizesnoticias.com.br\/index.php?rest_route=%2Fwp%2Fv2%2Fmedia&parent=8431"}],"wp:term":[{"taxonomy":"category","embeddable":true,"href":"https:\/\/portalraizesnoticias.com.br\/index.php?rest_route=%2Fwp%2Fv2%2Fcategories&post=8431"},{"taxonomy":"post_tag","embeddable":true,"href":"https:\/\/portalraizesnoticias.com.br\/index.php?rest_route=%2Fwp%2Fv2%2Ftags&post=8431"}],"curies":[{"name":"wp","href":"https:\/\/api.w.org\/{rel}","templated":true}]}}