{"id":8387,"date":"2025-09-24T22:03:17","date_gmt":"2025-09-25T01:03:17","guid":{"rendered":"https:\/\/portalraizesnoticias.com.br\/?p=8387"},"modified":"2025-09-24T22:03:17","modified_gmt":"2025-09-25T01:03:17","slug":"homem-e-alvo-de-busca-apos-descumprir-medida-protetiva-em-candeal-faca-facao-e-outros-objetos-sao-apreendidos","status":"publish","type":"post","link":"https:\/\/portalraizesnoticias.com.br\/?p=8387","title":{"rendered":"Homem \u00e9 alvo de busca ap\u00f3s descumprir medida protetiva em Candeal; faca, fac\u00e3o e outros objetos s\u00e3o apreendidos"},"content":{"rendered":"<p>Na tarde desta quarta-feira (24), por volta das 16h20, a Pol\u00edcia Militar acompanhou oficiais de Justi\u00e7a no cumprimento de um mandado de busca e apreens\u00e3o em uma resid\u00eancia localizada na Rua C, Lago Azul, Centro de Candeal, pr\u00f3ximo a uma igreja.<\/p>\n<p>A a\u00e7\u00e3o foi determinada pela ju\u00edza da Comarca de Riach\u00e3o do Jacu\u00edpe, em raz\u00e3o de uma medida protetiva concedida \u00e0 ex-companheira e \u00e0 filha de J. S, morador do im\u00f3vel alvo da opera\u00e7\u00e3o. Segundo a Justi\u00e7a, ele vinha descumprindo a decis\u00e3o judicial e amea\u00e7ando a ex-companheira, afirmando que compraria uma arma de fogo.<\/p>\n<p><img fetchpriority=\"high\" decoding=\"async\" class=\"size-medium wp-image-5600 aligncenter\" src=\"https:\/\/portalraizesnoticias.com.br\/wp-content\/uploads\/2025\/04\/banner-quadrado-vidracaria-almeida-300x300.jpg\" alt=\"\" width=\"300\" height=\"300\" srcset=\"https:\/\/portalraizesnoticias.com.br\/wp-content\/uploads\/2025\/04\/banner-quadrado-vidracaria-almeida-300x300.jpg 300w, https:\/\/portalraizesnoticias.com.br\/wp-content\/uploads\/2025\/04\/banner-quadrado-vidracaria-almeida-1024x1024.jpg 1024w, https:\/\/portalraizesnoticias.com.br\/wp-content\/uploads\/2025\/04\/banner-quadrado-vidracaria-almeida-150x150.jpg 150w, https:\/\/portalraizesnoticias.com.br\/wp-content\/uploads\/2025\/04\/banner-quadrado-vidracaria-almeida-768x768.jpg 768w, https:\/\/portalraizesnoticias.com.br\/wp-content\/uploads\/2025\/04\/banner-quadrado-vidracaria-almeida-700x700.jpg 700w, https:\/\/portalraizesnoticias.com.br\/wp-content\/uploads\/2025\/04\/banner-quadrado-vidracaria-almeida-620x620.jpg 620w, https:\/\/portalraizesnoticias.com.br\/wp-content\/uploads\/2025\/04\/banner-quadrado-vidracaria-almeida-400x400.jpg 400w, https:\/\/portalraizesnoticias.com.br\/wp-content\/uploads\/2025\/04\/banner-quadrado-vidracaria-almeida.jpg 1080w\" sizes=\"(max-width: 300px) 100vw, 300px\" \/><\/p>\n<p style=\"text-align: center;\"><strong>PUBLICIDADE<\/strong><\/p>\n<p>Durante a busca, J. foi encontrado em casa. Os oficiais de Justi\u00e7a realizaram a leitura do mandado e, em seguida, a guarni\u00e7\u00e3o\u00a0 realizou a vistoria. Nenhuma arma de fogo foi localizada, mas foram apreendidos objetos cortantes e perfurantes que poderiam causar les\u00f5es graves ou at\u00e9 mesmo morte.<\/p>\n<p><img decoding=\"async\" class=\"size-medium wp-image-4111 aligncenter\" src=\"https:\/\/portalraizesnoticias.com.br\/wp-content\/uploads\/2025\/01\/M.I-laranja-branco_page-0001-300x210.jpg\" alt=\"\" width=\"300\" height=\"210\" srcset=\"https:\/\/portalraizesnoticias.com.br\/wp-content\/uploads\/2025\/01\/M.I-laranja-branco_page-0001-300x210.jpg 300w, https:\/\/portalraizesnoticias.com.br\/wp-content\/uploads\/2025\/01\/M.I-laranja-branco_page-0001-1024x717.jpg 1024w, https:\/\/portalraizesnoticias.com.br\/wp-content\/uploads\/2025\/01\/M.I-laranja-branco_page-0001-768x538.jpg 768w, https:\/\/portalraizesnoticias.com.br\/wp-content\/uploads\/2025\/01\/M.I-laranja-branco_page-0001-1536x1075.jpg 1536w, https:\/\/portalraizesnoticias.com.br\/wp-content\/uploads\/2025\/01\/M.I-laranja-branco_page-0001-2048x1434.jpg 2048w\" sizes=\"(max-width: 300px) 100vw, 300px\" \/><\/p>\n<p style=\"text-align: center;\"><strong>PUBLICIDADE<\/strong><\/p>\n<p>Entre os materiais apresentados na Delegacia de Pol\u00edcia Civil de Candeal est\u00e3o:<\/p>\n<p>uma faca tipo peixeira,<\/p>\n<p>um fac\u00e3o,<\/p>\n<p>um enxadete,<\/p>\n<p>um estilingue,<\/p>\n<p>e um sacho de jardinagem.<\/p>\n<p>O irm\u00e3o do investigado de 61 anos, residente na mesma rua, acompanhou a a\u00e7\u00e3o como testemunha.<\/p>\n<p>O caso segue sob responsabilidade da Pol\u00edcia Civil.<\/p>\n<p>Reda\u00e7\u00e3o<\/p>\n<p>Foto: Ilustra\u00e7\u00e3o<\/p>\n","protected":false},"excerpt":{"rendered":"<p>Na tarde desta quarta-feira (24), por volta das 16h20, a Pol\u00edcia Militar acompanhou oficiais de Justi\u00e7a no cumprimento de um mandado de busca e apreens\u00e3o em uma resid\u00eancia localizada na Rua C, Lago Azul, Centro de Candeal, pr\u00f3ximo a uma igreja. A a\u00e7\u00e3o foi determinada pela ju\u00edza da Comarca de Riach\u00e3o do Jacu\u00edpe, em raz\u00e3o de uma medida protetiva concedida \u00e0 ex-companheira e \u00e0 filha de J. S, morador do im\u00f3vel alvo da opera\u00e7\u00e3o. Segundo a Justi\u00e7a, ele vinha descumprindo a decis\u00e3o judicial e amea\u00e7ando a ex-companheira, afirmando que compraria uma arma de fogo. PUBLICIDADE Durante a busca, J. foi encontrado em casa. Os oficiais de Justi\u00e7a realizaram a leitura do mandado e, em seguida, a guarni\u00e7\u00e3o\u00a0 realizou a vistoria. Nenhuma arma de fogo foi localizada, mas foram apreendidos objetos cortantes e perfurantes que poderiam causar les\u00f5es graves ou at\u00e9 mesmo morte. PUBLICIDADE Entre os materiais apresentados na Delegacia de Pol\u00edcia Civil de Candeal est\u00e3o: uma faca tipo peixeira, um fac\u00e3o, um enxadete, um estilingue, e um sacho de jardinagem. O irm\u00e3o do investigado de 61 anos, residente na mesma rua, acompanhou a a\u00e7\u00e3o como testemunha. O caso segue sob responsabilidade da Pol\u00edcia Civil. Reda\u00e7\u00e3o Foto: Ilustra\u00e7\u00e3o<\/p>\n","protected":false},"author":3,"featured_media":8388,"comment_status":"open","ping_status":"open","sticky":false,"template":"","format":"standard","meta":{"_joinchat":[],"footnotes":""},"categories":[1],"tags":[],"class_list":["post-8387","post","type-post","status-publish","format-standard","has-post-thumbnail","hentry","category-esportes-esportes"],"yoast_head":"<!-- This site is optimized with the Yoast SEO plugin v24.4 - https:\/\/yoast.com\/wordpress\/plugins\/seo\/ -->\n<title>Homem \u00e9 alvo de busca ap\u00f3s descumprir medida protetiva em Candeal; faca, fac\u00e3o e outros objetos s\u00e3o apreendidos - Portal raizes noticias<\/title>\n<meta name=\"robots\" content=\"index, follow, max-snippet:-1, max-image-preview:large, max-video-preview:-1\" \/>\n<link rel=\"canonical\" href=\"https:\/\/portalraizesnoticias.com.br\/?p=8387\" \/>\n<meta property=\"og:locale\" content=\"pt_BR\" \/>\n<meta property=\"og:type\" content=\"article\" \/>\n<meta property=\"og:title\" content=\"Homem \u00e9 alvo de busca ap\u00f3s descumprir medida protetiva em Candeal; faca, fac\u00e3o e outros objetos s\u00e3o apreendidos - Portal raizes noticias\" \/>\n<meta property=\"og:description\" content=\"Na tarde desta quarta-feira (24), por volta das 16h20, a Pol\u00edcia Militar acompanhou oficiais de Justi\u00e7a no cumprimento de um mandado de busca e apreens\u00e3o em uma resid\u00eancia localizada na Rua C, Lago Azul, Centro de Candeal, pr\u00f3ximo a uma igreja. A a\u00e7\u00e3o foi determinada pela ju\u00edza da Comarca de Riach\u00e3o do Jacu\u00edpe, em raz\u00e3o de uma medida protetiva concedida \u00e0 ex-companheira e \u00e0 filha de J. S, morador do im\u00f3vel alvo da opera\u00e7\u00e3o. Segundo a Justi\u00e7a, ele vinha descumprindo a decis\u00e3o judicial e amea\u00e7ando a ex-companheira, afirmando que compraria uma arma de fogo. PUBLICIDADE Durante a busca, J. foi encontrado em casa. Os oficiais de Justi\u00e7a realizaram a leitura do mandado e, em seguida, a guarni\u00e7\u00e3o\u00a0 realizou a vistoria. Nenhuma arma de fogo foi localizada, mas foram apreendidos objetos cortantes e perfurantes que poderiam causar les\u00f5es graves ou at\u00e9 mesmo morte. PUBLICIDADE Entre os materiais apresentados na Delegacia de Pol\u00edcia Civil de Candeal est\u00e3o: uma faca tipo peixeira, um fac\u00e3o, um enxadete, um estilingue, e um sacho de jardinagem. O irm\u00e3o do investigado de 61 anos, residente na mesma rua, acompanhou a a\u00e7\u00e3o como testemunha. O caso segue sob responsabilidade da Pol\u00edcia Civil. Reda\u00e7\u00e3o Foto: Ilustra\u00e7\u00e3o\" \/>\n<meta property=\"og:url\" content=\"https:\/\/portalraizesnoticias.com.br\/?p=8387\" \/>\n<meta property=\"og:site_name\" content=\"Portal raizes noticias\" \/>\n<meta property=\"article:published_time\" content=\"2025-09-25T01:03:17+00:00\" \/>\n<meta property=\"og:image\" content=\"https:\/\/portalraizesnoticias.com.br\/wp-content\/uploads\/2025\/09\/404_Faca_moIMG_5073_520x500_5f49d504-49b8-4145-8cc4-d15d6e2d6952.jpg\" \/>\n\t<meta property=\"og:image:width\" content=\"520\" \/>\n\t<meta property=\"og:image:height\" content=\"416\" \/>\n\t<meta property=\"og:image:type\" content=\"image\/jpeg\" \/>\n<meta name=\"author\" content=\"Portal Raizes\" \/>\n<meta name=\"twitter:card\" content=\"summary_large_image\" \/>\n<meta name=\"twitter:label1\" content=\"Escrito por\" \/>\n\t<meta name=\"twitter:data1\" content=\"Portal Raizes\" \/>\n\t<meta name=\"twitter:label2\" content=\"Est. tempo de leitura\" \/>\n\t<meta name=\"twitter:data2\" content=\"2 minutos\" \/>\n<script type=\"application\/ld+json\" class=\"yoast-schema-graph\">{\"@context\":\"https:\/\/schema.org\",\"@graph\":[{\"@type\":\"Article\",\"@id\":\"https:\/\/portalraizesnoticias.com.br\/?p=8387#article\",\"isPartOf\":{\"@id\":\"https:\/\/portalraizesnoticias.com.br\/?p=8387\"},\"author\":{\"name\":\"Portal Raizes\",\"@id\":\"https:\/\/portalraizesnoticias.com.br\/#\/schema\/person\/a3ca6b0fc701e78df19756c417d943ae\"},\"headline\":\"Homem \u00e9 alvo de busca ap\u00f3s descumprir medida protetiva em Candeal; faca, fac\u00e3o e outros objetos s\u00e3o apreendidos\",\"datePublished\":\"2025-09-25T01:03:17+00:00\",\"mainEntityOfPage\":{\"@id\":\"https:\/\/portalraizesnoticias.com.br\/?p=8387\"},\"wordCount\":239,\"commentCount\":0,\"publisher\":{\"@id\":\"https:\/\/portalraizesnoticias.com.br\/#organization\"},\"image\":{\"@id\":\"https:\/\/portalraizesnoticias.com.br\/?p=8387#primaryimage\"},\"thumbnailUrl\":\"https:\/\/portalraizesnoticias.com.br\/wp-content\/uploads\/2025\/09\/404_Faca_moIMG_5073_520x500_5f49d504-49b8-4145-8cc4-d15d6e2d6952.jpg\",\"articleSection\":[\"ESPORTES\"],\"inLanguage\":\"pt-BR\",\"potentialAction\":[{\"@type\":\"CommentAction\",\"name\":\"Comment\",\"target\":[\"https:\/\/portalraizesnoticias.com.br\/?p=8387#respond\"]}]},{\"@type\":\"WebPage\",\"@id\":\"https:\/\/portalraizesnoticias.com.br\/?p=8387\",\"url\":\"https:\/\/portalraizesnoticias.com.br\/?p=8387\",\"name\":\"Homem \u00e9 alvo de busca ap\u00f3s descumprir medida protetiva em Candeal; faca, fac\u00e3o e outros objetos s\u00e3o apreendidos - Portal raizes noticias\",\"isPartOf\":{\"@id\":\"https:\/\/portalraizesnoticias.com.br\/#website\"},\"primaryImageOfPage\":{\"@id\":\"https:\/\/portalraizesnoticias.com.br\/?p=8387#primaryimage\"},\"image\":{\"@id\":\"https:\/\/portalraizesnoticias.com.br\/?p=8387#primaryimage\"},\"thumbnailUrl\":\"https:\/\/portalraizesnoticias.com.br\/wp-content\/uploads\/2025\/09\/404_Faca_moIMG_5073_520x500_5f49d504-49b8-4145-8cc4-d15d6e2d6952.jpg\",\"datePublished\":\"2025-09-25T01:03:17+00:00\",\"breadcrumb\":{\"@id\":\"https:\/\/portalraizesnoticias.com.br\/?p=8387#breadcrumb\"},\"inLanguage\":\"pt-BR\",\"potentialAction\":[{\"@type\":\"ReadAction\",\"target\":[\"https:\/\/portalraizesnoticias.com.br\/?p=8387\"]}]},{\"@type\":\"ImageObject\",\"inLanguage\":\"pt-BR\",\"@id\":\"https:\/\/portalraizesnoticias.com.br\/?p=8387#primaryimage\",\"url\":\"https:\/\/portalraizesnoticias.com.br\/wp-content\/uploads\/2025\/09\/404_Faca_moIMG_5073_520x500_5f49d504-49b8-4145-8cc4-d15d6e2d6952.jpg\",\"contentUrl\":\"https:\/\/portalraizesnoticias.com.br\/wp-content\/uploads\/2025\/09\/404_Faca_moIMG_5073_520x500_5f49d504-49b8-4145-8cc4-d15d6e2d6952.jpg\",\"width\":520,\"height\":416},{\"@type\":\"BreadcrumbList\",\"@id\":\"https:\/\/portalraizesnoticias.com.br\/?p=8387#breadcrumb\",\"itemListElement\":[{\"@type\":\"ListItem\",\"position\":1,\"name\":\"In\u00edcio\",\"item\":\"https:\/\/portalraizesnoticias.com.br\/\"},{\"@type\":\"ListItem\",\"position\":2,\"name\":\"Homem \u00e9 alvo de busca ap\u00f3s descumprir medida protetiva em Candeal; faca, fac\u00e3o e outros objetos s\u00e3o apreendidos\"}]},{\"@type\":\"WebSite\",\"@id\":\"https:\/\/portalraizesnoticias.com.br\/#website\",\"url\":\"https:\/\/portalraizesnoticias.com.br\/\",\"name\":\"Portal raizes NOTICIAS\",\"description\":\"site de noticias de concei\u00e7\u00e3o do coit\u00e9 e regi\u00e3o\",\"publisher\":{\"@id\":\"https:\/\/portalraizesnoticias.com.br\/#organization\"},\"alternateName\":\"PORTAL RAIZES COIT\u00c9\",\"potentialAction\":[{\"@type\":\"SearchAction\",\"target\":{\"@type\":\"EntryPoint\",\"urlTemplate\":\"https:\/\/portalraizesnoticias.com.br\/?s={search_term_string}\"},\"query-input\":{\"@type\":\"PropertyValueSpecification\",\"valueRequired\":true,\"valueName\":\"search_term_string\"}}],\"inLanguage\":\"pt-BR\"},{\"@type\":\"Organization\",\"@id\":\"https:\/\/portalraizesnoticias.com.br\/#organization\",\"name\":\"Portal raizes NOTICIAS\",\"url\":\"https:\/\/portalraizesnoticias.com.br\/\",\"logo\":{\"@type\":\"ImageObject\",\"inLanguage\":\"pt-BR\",\"@id\":\"https:\/\/portalraizesnoticias.com.br\/#\/schema\/logo\/image\/\",\"url\":\"https:\/\/portalraizesnoticias.com.br\/wp-content\/uploads\/2024\/09\/cropped-Captura-de-tela-2024-09-08-011108.png\",\"contentUrl\":\"https:\/\/portalraizesnoticias.com.br\/wp-content\/uploads\/2024\/09\/cropped-Captura-de-tela-2024-09-08-011108.png\",\"width\":606,\"height\":173,\"caption\":\"Portal raizes NOTICIAS\"},\"image\":{\"@id\":\"https:\/\/portalraizesnoticias.com.br\/#\/schema\/logo\/image\/\"}},{\"@type\":\"Person\",\"@id\":\"https:\/\/portalraizesnoticias.com.br\/#\/schema\/person\/a3ca6b0fc701e78df19756c417d943ae\",\"name\":\"Portal Raizes\",\"image\":{\"@type\":\"ImageObject\",\"inLanguage\":\"pt-BR\",\"@id\":\"https:\/\/portalraizesnoticias.com.br\/#\/schema\/person\/image\/\",\"url\":\"https:\/\/secure.gravatar.com\/avatar\/ef450d29013a3d3fba867a12a249d7b1?s=96&d=mm&r=g\",\"contentUrl\":\"https:\/\/secure.gravatar.com\/avatar\/ef450d29013a3d3fba867a12a249d7b1?s=96&d=mm&r=g\",\"caption\":\"Portal Raizes\"},\"url\":\"https:\/\/portalraizesnoticias.com.br\/?author=3\"}]}<\/script>\n<!-- \/ Yoast SEO plugin. -->","yoast_head_json":{"title":"Homem \u00e9 alvo de busca ap\u00f3s descumprir medida protetiva em Candeal; faca, fac\u00e3o e outros objetos s\u00e3o apreendidos - Portal raizes noticias","robots":{"index":"index","follow":"follow","max-snippet":"max-snippet:-1","max-image-preview":"max-image-preview:large","max-video-preview":"max-video-preview:-1"},"canonical":"https:\/\/portalraizesnoticias.com.br\/?p=8387","og_locale":"pt_BR","og_type":"article","og_title":"Homem \u00e9 alvo de busca ap\u00f3s descumprir medida protetiva em Candeal; faca, fac\u00e3o e outros objetos s\u00e3o apreendidos - Portal raizes noticias","og_description":"Na tarde desta quarta-feira (24), por volta das 16h20, a Pol\u00edcia Militar acompanhou oficiais de Justi\u00e7a no cumprimento de um mandado de busca e apreens\u00e3o em uma resid\u00eancia localizada na Rua C, Lago Azul, Centro de Candeal, pr\u00f3ximo a uma igreja. A a\u00e7\u00e3o foi determinada pela ju\u00edza da Comarca de Riach\u00e3o do Jacu\u00edpe, em raz\u00e3o de uma medida protetiva concedida \u00e0 ex-companheira e \u00e0 filha de J. S, morador do im\u00f3vel alvo da opera\u00e7\u00e3o. Segundo a Justi\u00e7a, ele vinha descumprindo a decis\u00e3o judicial e amea\u00e7ando a ex-companheira, afirmando que compraria uma arma de fogo. PUBLICIDADE Durante a busca, J. foi encontrado em casa. Os oficiais de Justi\u00e7a realizaram a leitura do mandado e, em seguida, a guarni\u00e7\u00e3o\u00a0 realizou a vistoria. Nenhuma arma de fogo foi localizada, mas foram apreendidos objetos cortantes e perfurantes que poderiam causar les\u00f5es graves ou at\u00e9 mesmo morte. PUBLICIDADE Entre os materiais apresentados na Delegacia de Pol\u00edcia Civil de Candeal est\u00e3o: uma faca tipo peixeira, um fac\u00e3o, um enxadete, um estilingue, e um sacho de jardinagem. O irm\u00e3o do investigado de 61 anos, residente na mesma rua, acompanhou a a\u00e7\u00e3o como testemunha. O caso segue sob responsabilidade da Pol\u00edcia Civil. Reda\u00e7\u00e3o Foto: Ilustra\u00e7\u00e3o","og_url":"https:\/\/portalraizesnoticias.com.br\/?p=8387","og_site_name":"Portal raizes noticias","article_published_time":"2025-09-25T01:03:17+00:00","og_image":[{"width":520,"height":416,"url":"https:\/\/portalraizesnoticias.com.br\/wp-content\/uploads\/2025\/09\/404_Faca_moIMG_5073_520x500_5f49d504-49b8-4145-8cc4-d15d6e2d6952.jpg","type":"image\/jpeg"}],"author":"Portal Raizes","twitter_card":"summary_large_image","twitter_misc":{"Escrito por":"Portal Raizes","Est. tempo de leitura":"2 minutos"},"schema":{"@context":"https:\/\/schema.org","@graph":[{"@type":"Article","@id":"https:\/\/portalraizesnoticias.com.br\/?p=8387#article","isPartOf":{"@id":"https:\/\/portalraizesnoticias.com.br\/?p=8387"},"author":{"name":"Portal Raizes","@id":"https:\/\/portalraizesnoticias.com.br\/#\/schema\/person\/a3ca6b0fc701e78df19756c417d943ae"},"headline":"Homem \u00e9 alvo de busca ap\u00f3s descumprir medida protetiva em Candeal; faca, fac\u00e3o e outros objetos s\u00e3o apreendidos","datePublished":"2025-09-25T01:03:17+00:00","mainEntityOfPage":{"@id":"https:\/\/portalraizesnoticias.com.br\/?p=8387"},"wordCount":239,"commentCount":0,"publisher":{"@id":"https:\/\/portalraizesnoticias.com.br\/#organization"},"image":{"@id":"https:\/\/portalraizesnoticias.com.br\/?p=8387#primaryimage"},"thumbnailUrl":"https:\/\/portalraizesnoticias.com.br\/wp-content\/uploads\/2025\/09\/404_Faca_moIMG_5073_520x500_5f49d504-49b8-4145-8cc4-d15d6e2d6952.jpg","articleSection":["ESPORTES"],"inLanguage":"pt-BR","potentialAction":[{"@type":"CommentAction","name":"Comment","target":["https:\/\/portalraizesnoticias.com.br\/?p=8387#respond"]}]},{"@type":"WebPage","@id":"https:\/\/portalraizesnoticias.com.br\/?p=8387","url":"https:\/\/portalraizesnoticias.com.br\/?p=8387","name":"Homem \u00e9 alvo de busca ap\u00f3s descumprir medida protetiva em Candeal; faca, fac\u00e3o e outros objetos s\u00e3o apreendidos - Portal raizes noticias","isPartOf":{"@id":"https:\/\/portalraizesnoticias.com.br\/#website"},"primaryImageOfPage":{"@id":"https:\/\/portalraizesnoticias.com.br\/?p=8387#primaryimage"},"image":{"@id":"https:\/\/portalraizesnoticias.com.br\/?p=8387#primaryimage"},"thumbnailUrl":"https:\/\/portalraizesnoticias.com.br\/wp-content\/uploads\/2025\/09\/404_Faca_moIMG_5073_520x500_5f49d504-49b8-4145-8cc4-d15d6e2d6952.jpg","datePublished":"2025-09-25T01:03:17+00:00","breadcrumb":{"@id":"https:\/\/portalraizesnoticias.com.br\/?p=8387#breadcrumb"},"inLanguage":"pt-BR","potentialAction":[{"@type":"ReadAction","target":["https:\/\/portalraizesnoticias.com.br\/?p=8387"]}]},{"@type":"ImageObject","inLanguage":"pt-BR","@id":"https:\/\/portalraizesnoticias.com.br\/?p=8387#primaryimage","url":"https:\/\/portalraizesnoticias.com.br\/wp-content\/uploads\/2025\/09\/404_Faca_moIMG_5073_520x500_5f49d504-49b8-4145-8cc4-d15d6e2d6952.jpg","contentUrl":"https:\/\/portalraizesnoticias.com.br\/wp-content\/uploads\/2025\/09\/404_Faca_moIMG_5073_520x500_5f49d504-49b8-4145-8cc4-d15d6e2d6952.jpg","width":520,"height":416},{"@type":"BreadcrumbList","@id":"https:\/\/portalraizesnoticias.com.br\/?p=8387#breadcrumb","itemListElement":[{"@type":"ListItem","position":1,"name":"In\u00edcio","item":"https:\/\/portalraizesnoticias.com.br\/"},{"@type":"ListItem","position":2,"name":"Homem \u00e9 alvo de busca ap\u00f3s descumprir medida protetiva em Candeal; faca, fac\u00e3o e outros objetos s\u00e3o apreendidos"}]},{"@type":"WebSite","@id":"https:\/\/portalraizesnoticias.com.br\/#website","url":"https:\/\/portalraizesnoticias.com.br\/","name":"Portal raizes NOTICIAS","description":"site de noticias de concei\u00e7\u00e3o do coit\u00e9 e regi\u00e3o","publisher":{"@id":"https:\/\/portalraizesnoticias.com.br\/#organization"},"alternateName":"PORTAL RAIZES COIT\u00c9","potentialAction":[{"@type":"SearchAction","target":{"@type":"EntryPoint","urlTemplate":"https:\/\/portalraizesnoticias.com.br\/?s={search_term_string}"},"query-input":{"@type":"PropertyValueSpecification","valueRequired":true,"valueName":"search_term_string"}}],"inLanguage":"pt-BR"},{"@type":"Organization","@id":"https:\/\/portalraizesnoticias.com.br\/#organization","name":"Portal raizes NOTICIAS","url":"https:\/\/portalraizesnoticias.com.br\/","logo":{"@type":"ImageObject","inLanguage":"pt-BR","@id":"https:\/\/portalraizesnoticias.com.br\/#\/schema\/logo\/image\/","url":"https:\/\/portalraizesnoticias.com.br\/wp-content\/uploads\/2024\/09\/cropped-Captura-de-tela-2024-09-08-011108.png","contentUrl":"https:\/\/portalraizesnoticias.com.br\/wp-content\/uploads\/2024\/09\/cropped-Captura-de-tela-2024-09-08-011108.png","width":606,"height":173,"caption":"Portal raizes NOTICIAS"},"image":{"@id":"https:\/\/portalraizesnoticias.com.br\/#\/schema\/logo\/image\/"}},{"@type":"Person","@id":"https:\/\/portalraizesnoticias.com.br\/#\/schema\/person\/a3ca6b0fc701e78df19756c417d943ae","name":"Portal Raizes","image":{"@type":"ImageObject","inLanguage":"pt-BR","@id":"https:\/\/portalraizesnoticias.com.br\/#\/schema\/person\/image\/","url":"https:\/\/secure.gravatar.com\/avatar\/ef450d29013a3d3fba867a12a249d7b1?s=96&d=mm&r=g","contentUrl":"https:\/\/secure.gravatar.com\/avatar\/ef450d29013a3d3fba867a12a249d7b1?s=96&d=mm&r=g","caption":"Portal Raizes"},"url":"https:\/\/portalraizesnoticias.com.br\/?author=3"}]}},"_links":{"self":[{"href":"https:\/\/portalraizesnoticias.com.br\/index.php?rest_route=\/wp\/v2\/posts\/8387"}],"collection":[{"href":"https:\/\/portalraizesnoticias.com.br\/index.php?rest_route=\/wp\/v2\/posts"}],"about":[{"href":"https:\/\/portalraizesnoticias.com.br\/index.php?rest_route=\/wp\/v2\/types\/post"}],"author":[{"embeddable":true,"href":"https:\/\/portalraizesnoticias.com.br\/index.php?rest_route=\/wp\/v2\/users\/3"}],"replies":[{"embeddable":true,"href":"https:\/\/portalraizesnoticias.com.br\/index.php?rest_route=%2Fwp%2Fv2%2Fcomments&post=8387"}],"version-history":[{"count":1,"href":"https:\/\/portalraizesnoticias.com.br\/index.php?rest_route=\/wp\/v2\/posts\/8387\/revisions"}],"predecessor-version":[{"id":8389,"href":"https:\/\/portalraizesnoticias.com.br\/index.php?rest_route=\/wp\/v2\/posts\/8387\/revisions\/8389"}],"wp:featuredmedia":[{"embeddable":true,"href":"https:\/\/portalraizesnoticias.com.br\/index.php?rest_route=\/wp\/v2\/media\/8388"}],"wp:attachment":[{"href":"https:\/\/portalraizesnoticias.com.br\/index.php?rest_route=%2Fwp%2Fv2%2Fmedia&parent=8387"}],"wp:term":[{"taxonomy":"category","embeddable":true,"href":"https:\/\/portalraizesnoticias.com.br\/index.php?rest_route=%2Fwp%2Fv2%2Fcategories&post=8387"},{"taxonomy":"post_tag","embeddable":true,"href":"https:\/\/portalraizesnoticias.com.br\/index.php?rest_route=%2Fwp%2Fv2%2Ftags&post=8387"}],"curies":[{"name":"wp","href":"https:\/\/api.w.org\/{rel}","templated":true}]}}