{"id":8306,"date":"2025-09-19T19:49:04","date_gmt":"2025-09-19T22:49:04","guid":{"rendered":"https:\/\/portalraizesnoticias.com.br\/?p=8306"},"modified":"2025-09-19T19:49:06","modified_gmt":"2025-09-19T22:49:06","slug":"colisao-entre-motos-deixa-homem-com-fratura-exposta-no-bairro-da-quadra-em-conceicao-do-coite","status":"publish","type":"post","link":"https:\/\/portalraizesnoticias.com.br\/?p=8306","title":{"rendered":"Colis\u00e3o entre motos deixa homem com fratura exposta no bairro da Quadra em Concei\u00e7\u00e3o do Coit\u00e9"},"content":{"rendered":"<p>Por volta das 18h45 desta sexta-feira (19), um homem ficou ferido ap\u00f3s a colis\u00e3o entre duas motos no bairro da Quadra, em Concei\u00e7\u00e3o do Coit\u00e9.<\/p>\n<p>De acordo com informa\u00e7\u00f5es do coordenador da equipe \u00c1guia Resgate, a v\u00edtima foi identificada como Pedro dos Santos Evangelista, de 35 anos.<\/p>\n<p><img fetchpriority=\"high\" decoding=\"async\" class=\"size-medium wp-image-8308 aligncenter\" src=\"https:\/\/portalraizesnoticias.com.br\/wp-content\/uploads\/2025\/09\/IMG-20250919-WA0458-300x225.jpg\" alt=\"\" width=\"300\" height=\"225\" srcset=\"https:\/\/portalraizesnoticias.com.br\/wp-content\/uploads\/2025\/09\/IMG-20250919-WA0458-300x225.jpg 300w, https:\/\/portalraizesnoticias.com.br\/wp-content\/uploads\/2025\/09\/IMG-20250919-WA0458-1024x768.jpg 1024w, https:\/\/portalraizesnoticias.com.br\/wp-content\/uploads\/2025\/09\/IMG-20250919-WA0458-768x576.jpg 768w, https:\/\/portalraizesnoticias.com.br\/wp-content\/uploads\/2025\/09\/IMG-20250919-WA0458-1536x1152.jpg 1536w, https:\/\/portalraizesnoticias.com.br\/wp-content\/uploads\/2025\/09\/IMG-20250919-WA0458.jpg 1600w\" sizes=\"(max-width: 300px) 100vw, 300px\" \/><\/p>\n<p>Ele foi encontrado consciente e orientado, apresentando fratura exposta no p\u00e9 direito, escoria\u00e7\u00f5es pelo corpo e relatando dores na regi\u00e3o do t\u00f3rax.<\/p>\n<p>Ap\u00f3s receber os primeiros atendimentos no local, Pedro foi encaminhado ao Hospital Portugu\u00eas de Coit\u00e9 e, posteriormente, dever\u00e1 ser transferido para outra unidade hospitalar em Feira de Santana ou Salvador.<\/p>\n<p>Reda\u00e7\u00e3o<\/p>\n","protected":false},"excerpt":{"rendered":"<p>Por volta das 18h45 desta sexta-feira (19), um homem ficou ferido ap\u00f3s a colis\u00e3o entre duas motos no bairro da Quadra, em Concei\u00e7\u00e3o do Coit\u00e9. De acordo com informa\u00e7\u00f5es do coordenador da equipe \u00c1guia Resgate, a v\u00edtima foi identificada como Pedro dos Santos Evangelista, de 35 anos. Ele foi encontrado consciente e orientado, apresentando fratura exposta no p\u00e9 direito, escoria\u00e7\u00f5es pelo corpo e relatando dores na regi\u00e3o do t\u00f3rax. Ap\u00f3s receber os primeiros atendimentos no local, Pedro foi encaminhado ao Hospital Portugu\u00eas de Coit\u00e9 e, posteriormente, dever\u00e1 ser transferido para outra unidade hospitalar em Feira de Santana ou Salvador. Reda\u00e7\u00e3o<\/p>\n","protected":false},"author":3,"featured_media":8307,"comment_status":"open","ping_status":"open","sticky":false,"template":"","format":"standard","meta":{"_joinchat":[],"footnotes":""},"categories":[58,55,59],"tags":[112],"class_list":["post-8306","post","type-post","status-publish","format-standard","has-post-thumbnail","hentry","category-acidentes","category-destaques","category-ultimas-noticias","tag-colisao"],"yoast_head":"<!-- This site is optimized with the Yoast SEO plugin v24.4 - https:\/\/yoast.com\/wordpress\/plugins\/seo\/ -->\n<title>Colis\u00e3o entre motos deixa homem com fratura exposta no bairro da Quadra em Concei\u00e7\u00e3o do Coit\u00e9 - Portal raizes noticias<\/title>\n<meta name=\"robots\" content=\"index, follow, max-snippet:-1, max-image-preview:large, max-video-preview:-1\" \/>\n<link rel=\"canonical\" href=\"https:\/\/portalraizesnoticias.com.br\/?p=8306\" \/>\n<meta property=\"og:locale\" content=\"pt_BR\" \/>\n<meta property=\"og:type\" content=\"article\" \/>\n<meta property=\"og:title\" content=\"Colis\u00e3o entre motos deixa homem com fratura exposta no bairro da Quadra em Concei\u00e7\u00e3o do Coit\u00e9 - Portal raizes noticias\" \/>\n<meta property=\"og:description\" content=\"Por volta das 18h45 desta sexta-feira (19), um homem ficou ferido ap\u00f3s a colis\u00e3o entre duas motos no bairro da Quadra, em Concei\u00e7\u00e3o do Coit\u00e9. De acordo com informa\u00e7\u00f5es do coordenador da equipe \u00c1guia Resgate, a v\u00edtima foi identificada como Pedro dos Santos Evangelista, de 35 anos. Ele foi encontrado consciente e orientado, apresentando fratura exposta no p\u00e9 direito, escoria\u00e7\u00f5es pelo corpo e relatando dores na regi\u00e3o do t\u00f3rax. Ap\u00f3s receber os primeiros atendimentos no local, Pedro foi encaminhado ao Hospital Portugu\u00eas de Coit\u00e9 e, posteriormente, dever\u00e1 ser transferido para outra unidade hospitalar em Feira de Santana ou Salvador. Reda\u00e7\u00e3o\" \/>\n<meta property=\"og:url\" content=\"https:\/\/portalraizesnoticias.com.br\/?p=8306\" \/>\n<meta property=\"og:site_name\" content=\"Portal raizes noticias\" \/>\n<meta property=\"article:published_time\" content=\"2025-09-19T22:49:04+00:00\" \/>\n<meta property=\"article:modified_time\" content=\"2025-09-19T22:49:06+00:00\" \/>\n<meta property=\"og:image\" content=\"https:\/\/portalraizesnoticias.com.br\/wp-content\/uploads\/2025\/09\/20250919194542.jpg\" \/>\n\t<meta property=\"og:image:width\" content=\"1200\" \/>\n\t<meta property=\"og:image:height\" content=\"1600\" \/>\n\t<meta property=\"og:image:type\" content=\"image\/jpeg\" \/>\n<meta name=\"author\" content=\"Portal Raizes\" \/>\n<meta name=\"twitter:card\" content=\"summary_large_image\" \/>\n<meta name=\"twitter:label1\" content=\"Escrito por\" \/>\n\t<meta name=\"twitter:data1\" content=\"Portal Raizes\" \/>\n\t<meta name=\"twitter:label2\" content=\"Est. tempo de leitura\" \/>\n\t<meta name=\"twitter:data2\" content=\"1 minuto\" \/>\n<script type=\"application\/ld+json\" class=\"yoast-schema-graph\">{\"@context\":\"https:\/\/schema.org\",\"@graph\":[{\"@type\":\"Article\",\"@id\":\"https:\/\/portalraizesnoticias.com.br\/?p=8306#article\",\"isPartOf\":{\"@id\":\"https:\/\/portalraizesnoticias.com.br\/?p=8306\"},\"author\":{\"name\":\"Portal Raizes\",\"@id\":\"https:\/\/portalraizesnoticias.com.br\/#\/schema\/person\/a3ca6b0fc701e78df19756c417d943ae\"},\"headline\":\"Colis\u00e3o entre motos deixa homem com fratura exposta no bairro da Quadra em Concei\u00e7\u00e3o do Coit\u00e9\",\"datePublished\":\"2025-09-19T22:49:04+00:00\",\"dateModified\":\"2025-09-19T22:49:06+00:00\",\"mainEntityOfPage\":{\"@id\":\"https:\/\/portalraizesnoticias.com.br\/?p=8306\"},\"wordCount\":127,\"commentCount\":0,\"publisher\":{\"@id\":\"https:\/\/portalraizesnoticias.com.br\/#organization\"},\"image\":{\"@id\":\"https:\/\/portalraizesnoticias.com.br\/?p=8306#primaryimage\"},\"thumbnailUrl\":\"https:\/\/portalraizesnoticias.com.br\/wp-content\/uploads\/2025\/09\/20250919194542.jpg\",\"keywords\":[\"Colis\u00e3o\"],\"articleSection\":[\"ACIDENTES\",\"DESTAQUES\",\"ULTIMAS NOTICIAS\"],\"inLanguage\":\"pt-BR\",\"potentialAction\":[{\"@type\":\"CommentAction\",\"name\":\"Comment\",\"target\":[\"https:\/\/portalraizesnoticias.com.br\/?p=8306#respond\"]}]},{\"@type\":\"WebPage\",\"@id\":\"https:\/\/portalraizesnoticias.com.br\/?p=8306\",\"url\":\"https:\/\/portalraizesnoticias.com.br\/?p=8306\",\"name\":\"Colis\u00e3o entre motos deixa homem com fratura exposta no bairro da Quadra em Concei\u00e7\u00e3o do Coit\u00e9 - Portal raizes noticias\",\"isPartOf\":{\"@id\":\"https:\/\/portalraizesnoticias.com.br\/#website\"},\"primaryImageOfPage\":{\"@id\":\"https:\/\/portalraizesnoticias.com.br\/?p=8306#primaryimage\"},\"image\":{\"@id\":\"https:\/\/portalraizesnoticias.com.br\/?p=8306#primaryimage\"},\"thumbnailUrl\":\"https:\/\/portalraizesnoticias.com.br\/wp-content\/uploads\/2025\/09\/20250919194542.jpg\",\"datePublished\":\"2025-09-19T22:49:04+00:00\",\"dateModified\":\"2025-09-19T22:49:06+00:00\",\"breadcrumb\":{\"@id\":\"https:\/\/portalraizesnoticias.com.br\/?p=8306#breadcrumb\"},\"inLanguage\":\"pt-BR\",\"potentialAction\":[{\"@type\":\"ReadAction\",\"target\":[\"https:\/\/portalraizesnoticias.com.br\/?p=8306\"]}]},{\"@type\":\"ImageObject\",\"inLanguage\":\"pt-BR\",\"@id\":\"https:\/\/portalraizesnoticias.com.br\/?p=8306#primaryimage\",\"url\":\"https:\/\/portalraizesnoticias.com.br\/wp-content\/uploads\/2025\/09\/20250919194542.jpg\",\"contentUrl\":\"https:\/\/portalraizesnoticias.com.br\/wp-content\/uploads\/2025\/09\/20250919194542.jpg\",\"width\":1200,\"height\":1600},{\"@type\":\"BreadcrumbList\",\"@id\":\"https:\/\/portalraizesnoticias.com.br\/?p=8306#breadcrumb\",\"itemListElement\":[{\"@type\":\"ListItem\",\"position\":1,\"name\":\"In\u00edcio\",\"item\":\"https:\/\/portalraizesnoticias.com.br\/\"},{\"@type\":\"ListItem\",\"position\":2,\"name\":\"Colis\u00e3o entre motos deixa homem com fratura exposta no bairro da Quadra em Concei\u00e7\u00e3o do Coit\u00e9\"}]},{\"@type\":\"WebSite\",\"@id\":\"https:\/\/portalraizesnoticias.com.br\/#website\",\"url\":\"https:\/\/portalraizesnoticias.com.br\/\",\"name\":\"Portal raizes NOTICIAS\",\"description\":\"site de noticias de concei\u00e7\u00e3o do coit\u00e9 e regi\u00e3o\",\"publisher\":{\"@id\":\"https:\/\/portalraizesnoticias.com.br\/#organization\"},\"alternateName\":\"PORTAL RAIZES COIT\u00c9\",\"potentialAction\":[{\"@type\":\"SearchAction\",\"target\":{\"@type\":\"EntryPoint\",\"urlTemplate\":\"https:\/\/portalraizesnoticias.com.br\/?s={search_term_string}\"},\"query-input\":{\"@type\":\"PropertyValueSpecification\",\"valueRequired\":true,\"valueName\":\"search_term_string\"}}],\"inLanguage\":\"pt-BR\"},{\"@type\":\"Organization\",\"@id\":\"https:\/\/portalraizesnoticias.com.br\/#organization\",\"name\":\"Portal raizes NOTICIAS\",\"url\":\"https:\/\/portalraizesnoticias.com.br\/\",\"logo\":{\"@type\":\"ImageObject\",\"inLanguage\":\"pt-BR\",\"@id\":\"https:\/\/portalraizesnoticias.com.br\/#\/schema\/logo\/image\/\",\"url\":\"https:\/\/portalraizesnoticias.com.br\/wp-content\/uploads\/2024\/09\/cropped-Captura-de-tela-2024-09-08-011108.png\",\"contentUrl\":\"https:\/\/portalraizesnoticias.com.br\/wp-content\/uploads\/2024\/09\/cropped-Captura-de-tela-2024-09-08-011108.png\",\"width\":606,\"height\":173,\"caption\":\"Portal raizes NOTICIAS\"},\"image\":{\"@id\":\"https:\/\/portalraizesnoticias.com.br\/#\/schema\/logo\/image\/\"}},{\"@type\":\"Person\",\"@id\":\"https:\/\/portalraizesnoticias.com.br\/#\/schema\/person\/a3ca6b0fc701e78df19756c417d943ae\",\"name\":\"Portal Raizes\",\"image\":{\"@type\":\"ImageObject\",\"inLanguage\":\"pt-BR\",\"@id\":\"https:\/\/portalraizesnoticias.com.br\/#\/schema\/person\/image\/\",\"url\":\"https:\/\/secure.gravatar.com\/avatar\/ef450d29013a3d3fba867a12a249d7b1?s=96&d=mm&r=g\",\"contentUrl\":\"https:\/\/secure.gravatar.com\/avatar\/ef450d29013a3d3fba867a12a249d7b1?s=96&d=mm&r=g\",\"caption\":\"Portal Raizes\"},\"url\":\"https:\/\/portalraizesnoticias.com.br\/?author=3\"}]}<\/script>\n<!-- \/ Yoast SEO plugin. -->","yoast_head_json":{"title":"Colis\u00e3o entre motos deixa homem com fratura exposta no bairro da Quadra em Concei\u00e7\u00e3o do Coit\u00e9 - Portal raizes noticias","robots":{"index":"index","follow":"follow","max-snippet":"max-snippet:-1","max-image-preview":"max-image-preview:large","max-video-preview":"max-video-preview:-1"},"canonical":"https:\/\/portalraizesnoticias.com.br\/?p=8306","og_locale":"pt_BR","og_type":"article","og_title":"Colis\u00e3o entre motos deixa homem com fratura exposta no bairro da Quadra em Concei\u00e7\u00e3o do Coit\u00e9 - Portal raizes noticias","og_description":"Por volta das 18h45 desta sexta-feira (19), um homem ficou ferido ap\u00f3s a colis\u00e3o entre duas motos no bairro da Quadra, em Concei\u00e7\u00e3o do Coit\u00e9. De acordo com informa\u00e7\u00f5es do coordenador da equipe \u00c1guia Resgate, a v\u00edtima foi identificada como Pedro dos Santos Evangelista, de 35 anos. Ele foi encontrado consciente e orientado, apresentando fratura exposta no p\u00e9 direito, escoria\u00e7\u00f5es pelo corpo e relatando dores na regi\u00e3o do t\u00f3rax. Ap\u00f3s receber os primeiros atendimentos no local, Pedro foi encaminhado ao Hospital Portugu\u00eas de Coit\u00e9 e, posteriormente, dever\u00e1 ser transferido para outra unidade hospitalar em Feira de Santana ou Salvador. Reda\u00e7\u00e3o","og_url":"https:\/\/portalraizesnoticias.com.br\/?p=8306","og_site_name":"Portal raizes noticias","article_published_time":"2025-09-19T22:49:04+00:00","article_modified_time":"2025-09-19T22:49:06+00:00","og_image":[{"width":1200,"height":1600,"url":"https:\/\/portalraizesnoticias.com.br\/wp-content\/uploads\/2025\/09\/20250919194542.jpg","type":"image\/jpeg"}],"author":"Portal Raizes","twitter_card":"summary_large_image","twitter_misc":{"Escrito por":"Portal Raizes","Est. tempo de leitura":"1 minuto"},"schema":{"@context":"https:\/\/schema.org","@graph":[{"@type":"Article","@id":"https:\/\/portalraizesnoticias.com.br\/?p=8306#article","isPartOf":{"@id":"https:\/\/portalraizesnoticias.com.br\/?p=8306"},"author":{"name":"Portal Raizes","@id":"https:\/\/portalraizesnoticias.com.br\/#\/schema\/person\/a3ca6b0fc701e78df19756c417d943ae"},"headline":"Colis\u00e3o entre motos deixa homem com fratura exposta no bairro da Quadra em Concei\u00e7\u00e3o do Coit\u00e9","datePublished":"2025-09-19T22:49:04+00:00","dateModified":"2025-09-19T22:49:06+00:00","mainEntityOfPage":{"@id":"https:\/\/portalraizesnoticias.com.br\/?p=8306"},"wordCount":127,"commentCount":0,"publisher":{"@id":"https:\/\/portalraizesnoticias.com.br\/#organization"},"image":{"@id":"https:\/\/portalraizesnoticias.com.br\/?p=8306#primaryimage"},"thumbnailUrl":"https:\/\/portalraizesnoticias.com.br\/wp-content\/uploads\/2025\/09\/20250919194542.jpg","keywords":["Colis\u00e3o"],"articleSection":["ACIDENTES","DESTAQUES","ULTIMAS NOTICIAS"],"inLanguage":"pt-BR","potentialAction":[{"@type":"CommentAction","name":"Comment","target":["https:\/\/portalraizesnoticias.com.br\/?p=8306#respond"]}]},{"@type":"WebPage","@id":"https:\/\/portalraizesnoticias.com.br\/?p=8306","url":"https:\/\/portalraizesnoticias.com.br\/?p=8306","name":"Colis\u00e3o entre motos deixa homem com fratura exposta no bairro da Quadra em Concei\u00e7\u00e3o do Coit\u00e9 - Portal raizes noticias","isPartOf":{"@id":"https:\/\/portalraizesnoticias.com.br\/#website"},"primaryImageOfPage":{"@id":"https:\/\/portalraizesnoticias.com.br\/?p=8306#primaryimage"},"image":{"@id":"https:\/\/portalraizesnoticias.com.br\/?p=8306#primaryimage"},"thumbnailUrl":"https:\/\/portalraizesnoticias.com.br\/wp-content\/uploads\/2025\/09\/20250919194542.jpg","datePublished":"2025-09-19T22:49:04+00:00","dateModified":"2025-09-19T22:49:06+00:00","breadcrumb":{"@id":"https:\/\/portalraizesnoticias.com.br\/?p=8306#breadcrumb"},"inLanguage":"pt-BR","potentialAction":[{"@type":"ReadAction","target":["https:\/\/portalraizesnoticias.com.br\/?p=8306"]}]},{"@type":"ImageObject","inLanguage":"pt-BR","@id":"https:\/\/portalraizesnoticias.com.br\/?p=8306#primaryimage","url":"https:\/\/portalraizesnoticias.com.br\/wp-content\/uploads\/2025\/09\/20250919194542.jpg","contentUrl":"https:\/\/portalraizesnoticias.com.br\/wp-content\/uploads\/2025\/09\/20250919194542.jpg","width":1200,"height":1600},{"@type":"BreadcrumbList","@id":"https:\/\/portalraizesnoticias.com.br\/?p=8306#breadcrumb","itemListElement":[{"@type":"ListItem","position":1,"name":"In\u00edcio","item":"https:\/\/portalraizesnoticias.com.br\/"},{"@type":"ListItem","position":2,"name":"Colis\u00e3o entre motos deixa homem com fratura exposta no bairro da Quadra em Concei\u00e7\u00e3o do Coit\u00e9"}]},{"@type":"WebSite","@id":"https:\/\/portalraizesnoticias.com.br\/#website","url":"https:\/\/portalraizesnoticias.com.br\/","name":"Portal raizes NOTICIAS","description":"site de noticias de concei\u00e7\u00e3o do coit\u00e9 e regi\u00e3o","publisher":{"@id":"https:\/\/portalraizesnoticias.com.br\/#organization"},"alternateName":"PORTAL RAIZES COIT\u00c9","potentialAction":[{"@type":"SearchAction","target":{"@type":"EntryPoint","urlTemplate":"https:\/\/portalraizesnoticias.com.br\/?s={search_term_string}"},"query-input":{"@type":"PropertyValueSpecification","valueRequired":true,"valueName":"search_term_string"}}],"inLanguage":"pt-BR"},{"@type":"Organization","@id":"https:\/\/portalraizesnoticias.com.br\/#organization","name":"Portal raizes NOTICIAS","url":"https:\/\/portalraizesnoticias.com.br\/","logo":{"@type":"ImageObject","inLanguage":"pt-BR","@id":"https:\/\/portalraizesnoticias.com.br\/#\/schema\/logo\/image\/","url":"https:\/\/portalraizesnoticias.com.br\/wp-content\/uploads\/2024\/09\/cropped-Captura-de-tela-2024-09-08-011108.png","contentUrl":"https:\/\/portalraizesnoticias.com.br\/wp-content\/uploads\/2024\/09\/cropped-Captura-de-tela-2024-09-08-011108.png","width":606,"height":173,"caption":"Portal raizes NOTICIAS"},"image":{"@id":"https:\/\/portalraizesnoticias.com.br\/#\/schema\/logo\/image\/"}},{"@type":"Person","@id":"https:\/\/portalraizesnoticias.com.br\/#\/schema\/person\/a3ca6b0fc701e78df19756c417d943ae","name":"Portal Raizes","image":{"@type":"ImageObject","inLanguage":"pt-BR","@id":"https:\/\/portalraizesnoticias.com.br\/#\/schema\/person\/image\/","url":"https:\/\/secure.gravatar.com\/avatar\/ef450d29013a3d3fba867a12a249d7b1?s=96&d=mm&r=g","contentUrl":"https:\/\/secure.gravatar.com\/avatar\/ef450d29013a3d3fba867a12a249d7b1?s=96&d=mm&r=g","caption":"Portal Raizes"},"url":"https:\/\/portalraizesnoticias.com.br\/?author=3"}]}},"_links":{"self":[{"href":"https:\/\/portalraizesnoticias.com.br\/index.php?rest_route=\/wp\/v2\/posts\/8306"}],"collection":[{"href":"https:\/\/portalraizesnoticias.com.br\/index.php?rest_route=\/wp\/v2\/posts"}],"about":[{"href":"https:\/\/portalraizesnoticias.com.br\/index.php?rest_route=\/wp\/v2\/types\/post"}],"author":[{"embeddable":true,"href":"https:\/\/portalraizesnoticias.com.br\/index.php?rest_route=\/wp\/v2\/users\/3"}],"replies":[{"embeddable":true,"href":"https:\/\/portalraizesnoticias.com.br\/index.php?rest_route=%2Fwp%2Fv2%2Fcomments&post=8306"}],"version-history":[{"count":1,"href":"https:\/\/portalraizesnoticias.com.br\/index.php?rest_route=\/wp\/v2\/posts\/8306\/revisions"}],"predecessor-version":[{"id":8309,"href":"https:\/\/portalraizesnoticias.com.br\/index.php?rest_route=\/wp\/v2\/posts\/8306\/revisions\/8309"}],"wp:featuredmedia":[{"embeddable":true,"href":"https:\/\/portalraizesnoticias.com.br\/index.php?rest_route=\/wp\/v2\/media\/8307"}],"wp:attachment":[{"href":"https:\/\/portalraizesnoticias.com.br\/index.php?rest_route=%2Fwp%2Fv2%2Fmedia&parent=8306"}],"wp:term":[{"taxonomy":"category","embeddable":true,"href":"https:\/\/portalraizesnoticias.com.br\/index.php?rest_route=%2Fwp%2Fv2%2Fcategories&post=8306"},{"taxonomy":"post_tag","embeddable":true,"href":"https:\/\/portalraizesnoticias.com.br\/index.php?rest_route=%2Fwp%2Fv2%2Ftags&post=8306"}],"curies":[{"name":"wp","href":"https:\/\/api.w.org\/{rel}","templated":true}]}}