{"id":8242,"date":"2025-09-15T19:44:33","date_gmt":"2025-09-15T22:44:33","guid":{"rendered":"https:\/\/portalraizesnoticias.com.br\/?p=8242"},"modified":"2025-09-15T19:44:34","modified_gmt":"2025-09-15T22:44:34","slug":"produtor-e-musico-de-conceicao-do-coite-tem-equipamentos-furtados-durante-tentativa-de-fechar-contrato","status":"publish","type":"post","link":"https:\/\/portalraizesnoticias.com.br\/?p=8242","title":{"rendered":"Produtor e m\u00fasico de Concei\u00e7\u00e3o do Coit\u00e9 tem equipamentos furtados durante tentativa de fechar contrato"},"content":{"rendered":"<p>O que seria uma oportunidade para fechar novos neg\u00f3cios no centro da cidade acabou em preju\u00edzo para o produtor de eventos e m\u00fasico Nailton Silva Oliveira. No \u00faltimo s\u00e1bado (13), ele foi v\u00edtima de um furto enquanto trabalhava na Pra\u00e7a da Matriz em Concei\u00e7\u00e3o do Coit\u00e9.<\/p>\n<p><img fetchpriority=\"high\" decoding=\"async\" class=\"size-medium wp-image-4111 aligncenter\" src=\"https:\/\/portalraizesnoticias.com.br\/wp-content\/uploads\/2025\/01\/M.I-laranja-branco_page-0001-300x210.jpg\" alt=\"\" width=\"300\" height=\"210\" srcset=\"https:\/\/portalraizesnoticias.com.br\/wp-content\/uploads\/2025\/01\/M.I-laranja-branco_page-0001-300x210.jpg 300w, https:\/\/portalraizesnoticias.com.br\/wp-content\/uploads\/2025\/01\/M.I-laranja-branco_page-0001-1024x717.jpg 1024w, https:\/\/portalraizesnoticias.com.br\/wp-content\/uploads\/2025\/01\/M.I-laranja-branco_page-0001-768x538.jpg 768w, https:\/\/portalraizesnoticias.com.br\/wp-content\/uploads\/2025\/01\/M.I-laranja-branco_page-0001-1536x1075.jpg 1536w, https:\/\/portalraizesnoticias.com.br\/wp-content\/uploads\/2025\/01\/M.I-laranja-branco_page-0001-2048x1434.jpg 2048w\" sizes=\"(max-width: 300px) 100vw, 300px\" \/><\/p>\n<p style=\"text-align: center;\"><strong>PUBLICIDADE<\/strong><\/p>\n<p>Em entrevista \u00e0 jornalista Rafaela Rodrigues, Nailton contou que estacionou seu ve\u00edculo pr\u00f3ximo a uma padaria e seguiu a p\u00e9 at\u00e9 um bar para negociar um trabalho musical com um cantor local. Ao retornar, descobriu que o carro havia sido arrombado e todos os seus pertences de trabalho foram levados.<\/p>\n<p><strong>Entre os itens furtados estavam:<\/strong><\/p>\n<p><strong>Notebook<\/strong><\/p>\n<p><strong>Placa de \u00e1udio<\/strong><\/p>\n<p><strong>Microfone condensador de est\u00fadio<\/strong><\/p>\n<p><strong>Diversos cabos<\/strong><\/p>\n<p><strong>Documentos pessoais, incluindo carteira de trabalho e identidade<\/strong><\/p>\n<p><strong>Sistema de som do autom\u00f3vel, toca-CD e diversos pendrives<\/strong><\/p>\n<p>\u201cEstou muito triste! O preju\u00edzo chega a R$ 2.500, mas o valor sentimental \u00e9 incompar\u00e1vel. No equipamento estava o \u00e1udio visual da banda de forr\u00f3 Casal Raiz, grupo do qual fa\u00e7o parte. Nos sacrificamos para produzir esse trabalho e, infelizmente, tudo foi perdido\u201d, relatou emocionado.<\/p>\n<div style=\"width: 478px;\" class=\"wp-video\"><!--[if lt IE 9]><script>document.createElement('video');<\/script><![endif]-->\n<video class=\"wp-video-shortcode\" id=\"video-8242-1\" width=\"478\" height=\"850\" preload=\"metadata\" controls=\"controls\"><source type=\"video\/mp4\" src=\"https:\/\/portalraizesnoticias.com.br\/wp-content\/uploads\/2025\/09\/VID-20250915-WA0396.mp4?_=1\" \/><a href=\"https:\/\/portalraizesnoticias.com.br\/wp-content\/uploads\/2025\/09\/VID-20250915-WA0396.mp4\">https:\/\/portalraizesnoticias.com.br\/wp-content\/uploads\/2025\/09\/VID-20250915-WA0396.mp4<\/a><\/video><\/div>\n<p>Nailton registrou boletim de ocorr\u00eancia na Delegacia Territorial de Concei\u00e7\u00e3o do Coit\u00e9, que agora investiga o caso. Enquanto isso, ele faz um apelo \u00e0 popula\u00e7\u00e3o:<\/p>\n<p><img decoding=\"async\" class=\"size-medium wp-image-8006 aligncenter\" src=\"https:\/\/portalraizesnoticias.com.br\/wp-content\/uploads\/2025\/09\/IMG-20250902-WA0020-300x296.jpg\" alt=\"\" width=\"300\" height=\"296\" srcset=\"https:\/\/portalraizesnoticias.com.br\/wp-content\/uploads\/2025\/09\/IMG-20250902-WA0020-300x296.jpg 300w, https:\/\/portalraizesnoticias.com.br\/wp-content\/uploads\/2025\/09\/IMG-20250902-WA0020-1024x1009.jpg 1024w, https:\/\/portalraizesnoticias.com.br\/wp-content\/uploads\/2025\/09\/IMG-20250902-WA0020-768x757.jpg 768w, https:\/\/portalraizesnoticias.com.br\/wp-content\/uploads\/2025\/09\/IMG-20250902-WA0020.jpg 1080w\" sizes=\"(max-width: 300px) 100vw, 300px\" \/><\/p>\n<p style=\"text-align: center;\"><strong>PUBLICIDADE<\/strong><\/p>\n<p>\u201cSe algu\u00e9m tiver qualquer informa\u00e7\u00e3o sobre os itens, por favor, comunique \u00e0 Pol\u00edcia. Esse material \u00e9 essencial para o meu trabalho e foi fruto de muito esfor\u00e7o. Ver tudo desaparecer assim \u00e9 devastador.\u201d<\/p>\n<p>Reda\u00e7\u00e3o<\/p>\n<p>Fotos e v\u00eddeos: Arquivo Pessoal<\/p>\n","protected":false},"excerpt":{"rendered":"<p>O que seria uma oportunidade para fechar novos neg\u00f3cios no centro da cidade acabou em preju\u00edzo para o produtor de eventos e m\u00fasico Nailton Silva Oliveira. No \u00faltimo s\u00e1bado (13), ele foi v\u00edtima de um furto enquanto trabalhava na Pra\u00e7a da Matriz em Concei\u00e7\u00e3o do Coit\u00e9. PUBLICIDADE Em entrevista \u00e0 jornalista Rafaela Rodrigues, Nailton contou que estacionou seu ve\u00edculo pr\u00f3ximo a uma padaria e seguiu a p\u00e9 at\u00e9 um bar para negociar um trabalho musical com um cantor local. Ao retornar, descobriu que o carro havia sido arrombado e todos os seus pertences de trabalho foram levados. Entre os itens furtados estavam: Notebook Placa de \u00e1udio Microfone condensador de est\u00fadio Diversos cabos Documentos pessoais, incluindo carteira de trabalho e identidade Sistema de som do autom\u00f3vel, toca-CD e diversos pendrives \u201cEstou muito triste! O preju\u00edzo chega a R$ 2.500, mas o valor sentimental \u00e9 incompar\u00e1vel. No equipamento estava o \u00e1udio visual da banda de forr\u00f3 Casal Raiz, grupo do qual fa\u00e7o parte. Nos sacrificamos para produzir esse trabalho e, infelizmente, tudo foi perdido\u201d, relatou emocionado. Nailton registrou boletim de ocorr\u00eancia na Delegacia Territorial de Concei\u00e7\u00e3o do Coit\u00e9, que agora investiga o caso. Enquanto isso, ele faz um apelo \u00e0 popula\u00e7\u00e3o: PUBLICIDADE \u201cSe algu\u00e9m tiver qualquer informa\u00e7\u00e3o sobre os itens, por favor, comunique \u00e0 Pol\u00edcia. Esse material \u00e9 essencial para o meu trabalho e foi fruto de muito esfor\u00e7o. Ver tudo desaparecer assim \u00e9 devastador.\u201d Reda\u00e7\u00e3o Fotos e v\u00eddeos: Arquivo Pessoal<\/p>\n","protected":false},"author":3,"featured_media":8243,"comment_status":"open","ping_status":"open","sticky":false,"template":"","format":"standard","meta":{"_joinchat":[],"footnotes":""},"categories":[55,67,59],"tags":[75,1281],"class_list":["post-8242","post","type-post","status-publish","format-standard","has-post-thumbnail","hentry","category-destaques","category-policia","category-ultimas-noticias","tag-coite","tag-musico"],"yoast_head":"<!-- This site is optimized with the Yoast SEO plugin v24.4 - https:\/\/yoast.com\/wordpress\/plugins\/seo\/ -->\n<title>Produtor e m\u00fasico de Concei\u00e7\u00e3o do Coit\u00e9 tem equipamentos furtados durante tentativa de fechar contrato - Portal raizes noticias<\/title>\n<meta name=\"robots\" content=\"index, follow, max-snippet:-1, max-image-preview:large, max-video-preview:-1\" \/>\n<link rel=\"canonical\" href=\"https:\/\/portalraizesnoticias.com.br\/?p=8242\" \/>\n<meta property=\"og:locale\" content=\"pt_BR\" \/>\n<meta property=\"og:type\" content=\"article\" \/>\n<meta property=\"og:title\" content=\"Produtor e m\u00fasico de Concei\u00e7\u00e3o do Coit\u00e9 tem equipamentos furtados durante tentativa de fechar contrato - Portal raizes noticias\" \/>\n<meta property=\"og:description\" content=\"O que seria uma oportunidade para fechar novos neg\u00f3cios no centro da cidade acabou em preju\u00edzo para o produtor de eventos e m\u00fasico Nailton Silva Oliveira. No \u00faltimo s\u00e1bado (13), ele foi v\u00edtima de um furto enquanto trabalhava na Pra\u00e7a da Matriz em Concei\u00e7\u00e3o do Coit\u00e9. PUBLICIDADE Em entrevista \u00e0 jornalista Rafaela Rodrigues, Nailton contou que estacionou seu ve\u00edculo pr\u00f3ximo a uma padaria e seguiu a p\u00e9 at\u00e9 um bar para negociar um trabalho musical com um cantor local. Ao retornar, descobriu que o carro havia sido arrombado e todos os seus pertences de trabalho foram levados. Entre os itens furtados estavam: Notebook Placa de \u00e1udio Microfone condensador de est\u00fadio Diversos cabos Documentos pessoais, incluindo carteira de trabalho e identidade Sistema de som do autom\u00f3vel, toca-CD e diversos pendrives \u201cEstou muito triste! O preju\u00edzo chega a R$ 2.500, mas o valor sentimental \u00e9 incompar\u00e1vel. No equipamento estava o \u00e1udio visual da banda de forr\u00f3 Casal Raiz, grupo do qual fa\u00e7o parte. Nos sacrificamos para produzir esse trabalho e, infelizmente, tudo foi perdido\u201d, relatou emocionado. Nailton registrou boletim de ocorr\u00eancia na Delegacia Territorial de Concei\u00e7\u00e3o do Coit\u00e9, que agora investiga o caso. Enquanto isso, ele faz um apelo \u00e0 popula\u00e7\u00e3o: PUBLICIDADE \u201cSe algu\u00e9m tiver qualquer informa\u00e7\u00e3o sobre os itens, por favor, comunique \u00e0 Pol\u00edcia. Esse material \u00e9 essencial para o meu trabalho e foi fruto de muito esfor\u00e7o. Ver tudo desaparecer assim \u00e9 devastador.\u201d Reda\u00e7\u00e3o Fotos e v\u00eddeos: Arquivo Pessoal\" \/>\n<meta property=\"og:url\" content=\"https:\/\/portalraizesnoticias.com.br\/?p=8242\" \/>\n<meta property=\"og:site_name\" content=\"Portal raizes noticias\" \/>\n<meta property=\"article:published_time\" content=\"2025-09-15T22:44:33+00:00\" \/>\n<meta property=\"article:modified_time\" content=\"2025-09-15T22:44:34+00:00\" \/>\n<meta property=\"og:image\" content=\"https:\/\/portalraizesnoticias.com.br\/wp-content\/uploads\/2025\/09\/IMG-20250915-WA0465.jpg\" \/>\n\t<meta property=\"og:image:width\" content=\"996\" \/>\n\t<meta property=\"og:image:height\" content=\"1600\" \/>\n\t<meta property=\"og:image:type\" content=\"image\/jpeg\" \/>\n<meta name=\"author\" content=\"Portal Raizes\" \/>\n<meta name=\"twitter:card\" content=\"summary_large_image\" \/>\n<meta name=\"twitter:label1\" content=\"Escrito por\" \/>\n\t<meta name=\"twitter:data1\" content=\"Portal Raizes\" \/>\n\t<meta name=\"twitter:label2\" content=\"Est. tempo de leitura\" \/>\n\t<meta name=\"twitter:data2\" content=\"2 minutos\" \/>\n<script type=\"application\/ld+json\" class=\"yoast-schema-graph\">{\"@context\":\"https:\/\/schema.org\",\"@graph\":[{\"@type\":\"Article\",\"@id\":\"https:\/\/portalraizesnoticias.com.br\/?p=8242#article\",\"isPartOf\":{\"@id\":\"https:\/\/portalraizesnoticias.com.br\/?p=8242\"},\"author\":{\"name\":\"Portal Raizes\",\"@id\":\"https:\/\/portalraizesnoticias.com.br\/#\/schema\/person\/a3ca6b0fc701e78df19756c417d943ae\"},\"headline\":\"Produtor e m\u00fasico de Concei\u00e7\u00e3o do Coit\u00e9 tem equipamentos furtados durante tentativa de fechar contrato\",\"datePublished\":\"2025-09-15T22:44:33+00:00\",\"dateModified\":\"2025-09-15T22:44:34+00:00\",\"mainEntityOfPage\":{\"@id\":\"https:\/\/portalraizesnoticias.com.br\/?p=8242\"},\"wordCount\":285,\"commentCount\":1,\"publisher\":{\"@id\":\"https:\/\/portalraizesnoticias.com.br\/#organization\"},\"image\":{\"@id\":\"https:\/\/portalraizesnoticias.com.br\/?p=8242#primaryimage\"},\"thumbnailUrl\":\"https:\/\/portalraizesnoticias.com.br\/wp-content\/uploads\/2025\/09\/IMG-20250915-WA0465.jpg\",\"keywords\":[\"Coit\u00e9\",\"M\u00fasico\"],\"articleSection\":[\"DESTAQUES\",\"POLICIA\",\"ULTIMAS NOTICIAS\"],\"inLanguage\":\"pt-BR\",\"potentialAction\":[{\"@type\":\"CommentAction\",\"name\":\"Comment\",\"target\":[\"https:\/\/portalraizesnoticias.com.br\/?p=8242#respond\"]}]},{\"@type\":\"WebPage\",\"@id\":\"https:\/\/portalraizesnoticias.com.br\/?p=8242\",\"url\":\"https:\/\/portalraizesnoticias.com.br\/?p=8242\",\"name\":\"Produtor e m\u00fasico de Concei\u00e7\u00e3o do Coit\u00e9 tem equipamentos furtados durante tentativa de fechar contrato - Portal raizes noticias\",\"isPartOf\":{\"@id\":\"https:\/\/portalraizesnoticias.com.br\/#website\"},\"primaryImageOfPage\":{\"@id\":\"https:\/\/portalraizesnoticias.com.br\/?p=8242#primaryimage\"},\"image\":{\"@id\":\"https:\/\/portalraizesnoticias.com.br\/?p=8242#primaryimage\"},\"thumbnailUrl\":\"https:\/\/portalraizesnoticias.com.br\/wp-content\/uploads\/2025\/09\/IMG-20250915-WA0465.jpg\",\"datePublished\":\"2025-09-15T22:44:33+00:00\",\"dateModified\":\"2025-09-15T22:44:34+00:00\",\"breadcrumb\":{\"@id\":\"https:\/\/portalraizesnoticias.com.br\/?p=8242#breadcrumb\"},\"inLanguage\":\"pt-BR\",\"potentialAction\":[{\"@type\":\"ReadAction\",\"target\":[\"https:\/\/portalraizesnoticias.com.br\/?p=8242\"]}]},{\"@type\":\"ImageObject\",\"inLanguage\":\"pt-BR\",\"@id\":\"https:\/\/portalraizesnoticias.com.br\/?p=8242#primaryimage\",\"url\":\"https:\/\/portalraizesnoticias.com.br\/wp-content\/uploads\/2025\/09\/IMG-20250915-WA0465.jpg\",\"contentUrl\":\"https:\/\/portalraizesnoticias.com.br\/wp-content\/uploads\/2025\/09\/IMG-20250915-WA0465.jpg\",\"width\":996,\"height\":1600},{\"@type\":\"BreadcrumbList\",\"@id\":\"https:\/\/portalraizesnoticias.com.br\/?p=8242#breadcrumb\",\"itemListElement\":[{\"@type\":\"ListItem\",\"position\":1,\"name\":\"In\u00edcio\",\"item\":\"https:\/\/portalraizesnoticias.com.br\/\"},{\"@type\":\"ListItem\",\"position\":2,\"name\":\"Produtor e m\u00fasico de Concei\u00e7\u00e3o do Coit\u00e9 tem equipamentos furtados durante tentativa de fechar contrato\"}]},{\"@type\":\"WebSite\",\"@id\":\"https:\/\/portalraizesnoticias.com.br\/#website\",\"url\":\"https:\/\/portalraizesnoticias.com.br\/\",\"name\":\"Portal raizes NOTICIAS\",\"description\":\"site de noticias de concei\u00e7\u00e3o do coit\u00e9 e regi\u00e3o\",\"publisher\":{\"@id\":\"https:\/\/portalraizesnoticias.com.br\/#organization\"},\"alternateName\":\"PORTAL RAIZES COIT\u00c9\",\"potentialAction\":[{\"@type\":\"SearchAction\",\"target\":{\"@type\":\"EntryPoint\",\"urlTemplate\":\"https:\/\/portalraizesnoticias.com.br\/?s={search_term_string}\"},\"query-input\":{\"@type\":\"PropertyValueSpecification\",\"valueRequired\":true,\"valueName\":\"search_term_string\"}}],\"inLanguage\":\"pt-BR\"},{\"@type\":\"Organization\",\"@id\":\"https:\/\/portalraizesnoticias.com.br\/#organization\",\"name\":\"Portal raizes NOTICIAS\",\"url\":\"https:\/\/portalraizesnoticias.com.br\/\",\"logo\":{\"@type\":\"ImageObject\",\"inLanguage\":\"pt-BR\",\"@id\":\"https:\/\/portalraizesnoticias.com.br\/#\/schema\/logo\/image\/\",\"url\":\"https:\/\/portalraizesnoticias.com.br\/wp-content\/uploads\/2024\/09\/cropped-Captura-de-tela-2024-09-08-011108.png\",\"contentUrl\":\"https:\/\/portalraizesnoticias.com.br\/wp-content\/uploads\/2024\/09\/cropped-Captura-de-tela-2024-09-08-011108.png\",\"width\":606,\"height\":173,\"caption\":\"Portal raizes NOTICIAS\"},\"image\":{\"@id\":\"https:\/\/portalraizesnoticias.com.br\/#\/schema\/logo\/image\/\"}},{\"@type\":\"Person\",\"@id\":\"https:\/\/portalraizesnoticias.com.br\/#\/schema\/person\/a3ca6b0fc701e78df19756c417d943ae\",\"name\":\"Portal Raizes\",\"image\":{\"@type\":\"ImageObject\",\"inLanguage\":\"pt-BR\",\"@id\":\"https:\/\/portalraizesnoticias.com.br\/#\/schema\/person\/image\/\",\"url\":\"https:\/\/secure.gravatar.com\/avatar\/ef450d29013a3d3fba867a12a249d7b1?s=96&d=mm&r=g\",\"contentUrl\":\"https:\/\/secure.gravatar.com\/avatar\/ef450d29013a3d3fba867a12a249d7b1?s=96&d=mm&r=g\",\"caption\":\"Portal Raizes\"},\"url\":\"https:\/\/portalraizesnoticias.com.br\/?author=3\"}]}<\/script>\n<!-- \/ Yoast SEO plugin. -->","yoast_head_json":{"title":"Produtor e m\u00fasico de Concei\u00e7\u00e3o do Coit\u00e9 tem equipamentos furtados durante tentativa de fechar contrato - Portal raizes noticias","robots":{"index":"index","follow":"follow","max-snippet":"max-snippet:-1","max-image-preview":"max-image-preview:large","max-video-preview":"max-video-preview:-1"},"canonical":"https:\/\/portalraizesnoticias.com.br\/?p=8242","og_locale":"pt_BR","og_type":"article","og_title":"Produtor e m\u00fasico de Concei\u00e7\u00e3o do Coit\u00e9 tem equipamentos furtados durante tentativa de fechar contrato - Portal raizes noticias","og_description":"O que seria uma oportunidade para fechar novos neg\u00f3cios no centro da cidade acabou em preju\u00edzo para o produtor de eventos e m\u00fasico Nailton Silva Oliveira. No \u00faltimo s\u00e1bado (13), ele foi v\u00edtima de um furto enquanto trabalhava na Pra\u00e7a da Matriz em Concei\u00e7\u00e3o do Coit\u00e9. PUBLICIDADE Em entrevista \u00e0 jornalista Rafaela Rodrigues, Nailton contou que estacionou seu ve\u00edculo pr\u00f3ximo a uma padaria e seguiu a p\u00e9 at\u00e9 um bar para negociar um trabalho musical com um cantor local. Ao retornar, descobriu que o carro havia sido arrombado e todos os seus pertences de trabalho foram levados. Entre os itens furtados estavam: Notebook Placa de \u00e1udio Microfone condensador de est\u00fadio Diversos cabos Documentos pessoais, incluindo carteira de trabalho e identidade Sistema de som do autom\u00f3vel, toca-CD e diversos pendrives \u201cEstou muito triste! O preju\u00edzo chega a R$ 2.500, mas o valor sentimental \u00e9 incompar\u00e1vel. No equipamento estava o \u00e1udio visual da banda de forr\u00f3 Casal Raiz, grupo do qual fa\u00e7o parte. Nos sacrificamos para produzir esse trabalho e, infelizmente, tudo foi perdido\u201d, relatou emocionado. Nailton registrou boletim de ocorr\u00eancia na Delegacia Territorial de Concei\u00e7\u00e3o do Coit\u00e9, que agora investiga o caso. Enquanto isso, ele faz um apelo \u00e0 popula\u00e7\u00e3o: PUBLICIDADE \u201cSe algu\u00e9m tiver qualquer informa\u00e7\u00e3o sobre os itens, por favor, comunique \u00e0 Pol\u00edcia. Esse material \u00e9 essencial para o meu trabalho e foi fruto de muito esfor\u00e7o. Ver tudo desaparecer assim \u00e9 devastador.\u201d Reda\u00e7\u00e3o Fotos e v\u00eddeos: Arquivo Pessoal","og_url":"https:\/\/portalraizesnoticias.com.br\/?p=8242","og_site_name":"Portal raizes noticias","article_published_time":"2025-09-15T22:44:33+00:00","article_modified_time":"2025-09-15T22:44:34+00:00","og_image":[{"width":996,"height":1600,"url":"https:\/\/portalraizesnoticias.com.br\/wp-content\/uploads\/2025\/09\/IMG-20250915-WA0465.jpg","type":"image\/jpeg"}],"author":"Portal Raizes","twitter_card":"summary_large_image","twitter_misc":{"Escrito por":"Portal Raizes","Est. tempo de leitura":"2 minutos"},"schema":{"@context":"https:\/\/schema.org","@graph":[{"@type":"Article","@id":"https:\/\/portalraizesnoticias.com.br\/?p=8242#article","isPartOf":{"@id":"https:\/\/portalraizesnoticias.com.br\/?p=8242"},"author":{"name":"Portal Raizes","@id":"https:\/\/portalraizesnoticias.com.br\/#\/schema\/person\/a3ca6b0fc701e78df19756c417d943ae"},"headline":"Produtor e m\u00fasico de Concei\u00e7\u00e3o do Coit\u00e9 tem equipamentos furtados durante tentativa de fechar contrato","datePublished":"2025-09-15T22:44:33+00:00","dateModified":"2025-09-15T22:44:34+00:00","mainEntityOfPage":{"@id":"https:\/\/portalraizesnoticias.com.br\/?p=8242"},"wordCount":285,"commentCount":1,"publisher":{"@id":"https:\/\/portalraizesnoticias.com.br\/#organization"},"image":{"@id":"https:\/\/portalraizesnoticias.com.br\/?p=8242#primaryimage"},"thumbnailUrl":"https:\/\/portalraizesnoticias.com.br\/wp-content\/uploads\/2025\/09\/IMG-20250915-WA0465.jpg","keywords":["Coit\u00e9","M\u00fasico"],"articleSection":["DESTAQUES","POLICIA","ULTIMAS NOTICIAS"],"inLanguage":"pt-BR","potentialAction":[{"@type":"CommentAction","name":"Comment","target":["https:\/\/portalraizesnoticias.com.br\/?p=8242#respond"]}]},{"@type":"WebPage","@id":"https:\/\/portalraizesnoticias.com.br\/?p=8242","url":"https:\/\/portalraizesnoticias.com.br\/?p=8242","name":"Produtor e m\u00fasico de Concei\u00e7\u00e3o do Coit\u00e9 tem equipamentos furtados durante tentativa de fechar contrato - Portal raizes noticias","isPartOf":{"@id":"https:\/\/portalraizesnoticias.com.br\/#website"},"primaryImageOfPage":{"@id":"https:\/\/portalraizesnoticias.com.br\/?p=8242#primaryimage"},"image":{"@id":"https:\/\/portalraizesnoticias.com.br\/?p=8242#primaryimage"},"thumbnailUrl":"https:\/\/portalraizesnoticias.com.br\/wp-content\/uploads\/2025\/09\/IMG-20250915-WA0465.jpg","datePublished":"2025-09-15T22:44:33+00:00","dateModified":"2025-09-15T22:44:34+00:00","breadcrumb":{"@id":"https:\/\/portalraizesnoticias.com.br\/?p=8242#breadcrumb"},"inLanguage":"pt-BR","potentialAction":[{"@type":"ReadAction","target":["https:\/\/portalraizesnoticias.com.br\/?p=8242"]}]},{"@type":"ImageObject","inLanguage":"pt-BR","@id":"https:\/\/portalraizesnoticias.com.br\/?p=8242#primaryimage","url":"https:\/\/portalraizesnoticias.com.br\/wp-content\/uploads\/2025\/09\/IMG-20250915-WA0465.jpg","contentUrl":"https:\/\/portalraizesnoticias.com.br\/wp-content\/uploads\/2025\/09\/IMG-20250915-WA0465.jpg","width":996,"height":1600},{"@type":"BreadcrumbList","@id":"https:\/\/portalraizesnoticias.com.br\/?p=8242#breadcrumb","itemListElement":[{"@type":"ListItem","position":1,"name":"In\u00edcio","item":"https:\/\/portalraizesnoticias.com.br\/"},{"@type":"ListItem","position":2,"name":"Produtor e m\u00fasico de Concei\u00e7\u00e3o do Coit\u00e9 tem equipamentos furtados durante tentativa de fechar contrato"}]},{"@type":"WebSite","@id":"https:\/\/portalraizesnoticias.com.br\/#website","url":"https:\/\/portalraizesnoticias.com.br\/","name":"Portal raizes NOTICIAS","description":"site de noticias de concei\u00e7\u00e3o do coit\u00e9 e regi\u00e3o","publisher":{"@id":"https:\/\/portalraizesnoticias.com.br\/#organization"},"alternateName":"PORTAL RAIZES COIT\u00c9","potentialAction":[{"@type":"SearchAction","target":{"@type":"EntryPoint","urlTemplate":"https:\/\/portalraizesnoticias.com.br\/?s={search_term_string}"},"query-input":{"@type":"PropertyValueSpecification","valueRequired":true,"valueName":"search_term_string"}}],"inLanguage":"pt-BR"},{"@type":"Organization","@id":"https:\/\/portalraizesnoticias.com.br\/#organization","name":"Portal raizes NOTICIAS","url":"https:\/\/portalraizesnoticias.com.br\/","logo":{"@type":"ImageObject","inLanguage":"pt-BR","@id":"https:\/\/portalraizesnoticias.com.br\/#\/schema\/logo\/image\/","url":"https:\/\/portalraizesnoticias.com.br\/wp-content\/uploads\/2024\/09\/cropped-Captura-de-tela-2024-09-08-011108.png","contentUrl":"https:\/\/portalraizesnoticias.com.br\/wp-content\/uploads\/2024\/09\/cropped-Captura-de-tela-2024-09-08-011108.png","width":606,"height":173,"caption":"Portal raizes NOTICIAS"},"image":{"@id":"https:\/\/portalraizesnoticias.com.br\/#\/schema\/logo\/image\/"}},{"@type":"Person","@id":"https:\/\/portalraizesnoticias.com.br\/#\/schema\/person\/a3ca6b0fc701e78df19756c417d943ae","name":"Portal Raizes","image":{"@type":"ImageObject","inLanguage":"pt-BR","@id":"https:\/\/portalraizesnoticias.com.br\/#\/schema\/person\/image\/","url":"https:\/\/secure.gravatar.com\/avatar\/ef450d29013a3d3fba867a12a249d7b1?s=96&d=mm&r=g","contentUrl":"https:\/\/secure.gravatar.com\/avatar\/ef450d29013a3d3fba867a12a249d7b1?s=96&d=mm&r=g","caption":"Portal Raizes"},"url":"https:\/\/portalraizesnoticias.com.br\/?author=3"}]}},"_links":{"self":[{"href":"https:\/\/portalraizesnoticias.com.br\/index.php?rest_route=\/wp\/v2\/posts\/8242"}],"collection":[{"href":"https:\/\/portalraizesnoticias.com.br\/index.php?rest_route=\/wp\/v2\/posts"}],"about":[{"href":"https:\/\/portalraizesnoticias.com.br\/index.php?rest_route=\/wp\/v2\/types\/post"}],"author":[{"embeddable":true,"href":"https:\/\/portalraizesnoticias.com.br\/index.php?rest_route=\/wp\/v2\/users\/3"}],"replies":[{"embeddable":true,"href":"https:\/\/portalraizesnoticias.com.br\/index.php?rest_route=%2Fwp%2Fv2%2Fcomments&post=8242"}],"version-history":[{"count":1,"href":"https:\/\/portalraizesnoticias.com.br\/index.php?rest_route=\/wp\/v2\/posts\/8242\/revisions"}],"predecessor-version":[{"id":8245,"href":"https:\/\/portalraizesnoticias.com.br\/index.php?rest_route=\/wp\/v2\/posts\/8242\/revisions\/8245"}],"wp:featuredmedia":[{"embeddable":true,"href":"https:\/\/portalraizesnoticias.com.br\/index.php?rest_route=\/wp\/v2\/media\/8243"}],"wp:attachment":[{"href":"https:\/\/portalraizesnoticias.com.br\/index.php?rest_route=%2Fwp%2Fv2%2Fmedia&parent=8242"}],"wp:term":[{"taxonomy":"category","embeddable":true,"href":"https:\/\/portalraizesnoticias.com.br\/index.php?rest_route=%2Fwp%2Fv2%2Fcategories&post=8242"},{"taxonomy":"post_tag","embeddable":true,"href":"https:\/\/portalraizesnoticias.com.br\/index.php?rest_route=%2Fwp%2Fv2%2Ftags&post=8242"}],"curies":[{"name":"wp","href":"https:\/\/api.w.org\/{rel}","templated":true}]}}