{"id":8191,"date":"2025-09-12T13:45:34","date_gmt":"2025-09-12T16:45:34","guid":{"rendered":"https:\/\/portalraizesnoticias.com.br\/?p=8191"},"modified":"2025-09-12T14:11:01","modified_gmt":"2025-09-12T17:11:01","slug":"exclusivo-video-flagra-momento-em-que-onibus-escolar-perde-o-controle-em-coite","status":"publish","type":"post","link":"https:\/\/portalraizesnoticias.com.br\/?p=8191","title":{"rendered":"EXCLUSIVO: v\u00eddeo flagra momento em que \u00f4nibus escolar perde o controle em Coit\u00e9"},"content":{"rendered":"<p>A jornalista Rafaela Rodrigues, do Portal Ra\u00edzes, obteve com exclusividade imagens do incidente registrado por volta das 12h desta sexta-feira (12), no centro de Concei\u00e7\u00e3o do Coit\u00e9.<\/p>\n<p><strong>Leia tamb\u00e9m:<\/strong><\/p>\n<p><a href=\"https:\/\/portalraizesnoticias.com.br\/onibus-escolar-perde-o-controle-no-centro-de-conceicao-do-coite-e-por-pouco-nao-causa-tragedia\/\">\u00d4nibus escolar perde o controle no centro de Concei\u00e7\u00e3o do Coit\u00e9 e por pouco n\u00e3o causa trag\u00e9dia<\/a><\/p>\n<p>Um \u00f4nibus escolar que transportava dezenas de estudantes perdeu o controle, subiu na cal\u00e7ada e por pouco n\u00e3o tombou. O trecho \u00e9 um dos mais movimentados da cidade, sobretudo \u00e0s sextas-feiras, durante a tradicional feira livre. Apesar do susto, ningu\u00e9m passava pelo local no momento e n\u00e3o houve feridos.<\/p>\n<p>Ap\u00f3s a parada do ve\u00edculo, os alunos foram retirados \u00e0s pressas.<\/p>\n<p>Confira:<\/p>\n<div style=\"width: 960px;\" class=\"wp-video\"><!--[if lt IE 9]><script>document.createElement('video');<\/script><![endif]-->\n<video class=\"wp-video-shortcode\" id=\"video-8191-1\" width=\"960\" height=\"540\" preload=\"metadata\" controls=\"controls\"><source type=\"video\/mp4\" src=\"https:\/\/portalraizesnoticias.com.br\/wp-content\/uploads\/2025\/09\/lv_0_20250912134200.mp4?_=1\" \/><a href=\"https:\/\/portalraizesnoticias.com.br\/wp-content\/uploads\/2025\/09\/lv_0_20250912134200.mp4\">https:\/\/portalraizesnoticias.com.br\/wp-content\/uploads\/2025\/09\/lv_0_20250912134200.mp4<\/a><\/video><\/div>\n<p>Em nota, a Prefeitura de Coit\u00e9, por meio da Secretaria Municipal de Educa\u00e7\u00e3o, informou que o motorista precisou realizar uma manobra, ocasionando o incidente. Cerca de 35 estudantes estavam a bordo, todos sem ferimentos.<\/p>\n<p><img fetchpriority=\"high\" decoding=\"async\" class=\"size-medium wp-image-8006 aligncenter\" src=\"https:\/\/portalraizesnoticias.com.br\/wp-content\/uploads\/2025\/09\/IMG-20250902-WA0020-300x296.jpg\" alt=\"\" width=\"300\" height=\"296\" srcset=\"https:\/\/portalraizesnoticias.com.br\/wp-content\/uploads\/2025\/09\/IMG-20250902-WA0020-300x296.jpg 300w, https:\/\/portalraizesnoticias.com.br\/wp-content\/uploads\/2025\/09\/IMG-20250902-WA0020-1024x1009.jpg 1024w, https:\/\/portalraizesnoticias.com.br\/wp-content\/uploads\/2025\/09\/IMG-20250902-WA0020-768x757.jpg 768w, https:\/\/portalraizesnoticias.com.br\/wp-content\/uploads\/2025\/09\/IMG-20250902-WA0020.jpg 1080w\" sizes=\"(max-width: 300px) 100vw, 300px\" \/><\/p>\n<p style=\"text-align: center;\"><strong>PUBLICIDADE<\/strong><\/p>\n<p>A secretaria garantiu que outro ve\u00edculo foi disponibilizado para conduzir os alunos em seguran\u00e7a at\u00e9 suas resid\u00eancias e refor\u00e7ou que todos passam bem. O caso segue sendo acompanhado pela gest\u00e3o municipal.<\/p>\n<p>Reda\u00e7\u00e3o<\/p>\n","protected":false},"excerpt":{"rendered":"<p>A jornalista Rafaela Rodrigues, do Portal Ra\u00edzes, obteve com exclusividade imagens do incidente registrado por volta das 12h desta sexta-feira (12), no centro de Concei\u00e7\u00e3o do Coit\u00e9. Leia tamb\u00e9m: \u00d4nibus escolar perde o controle no centro de Concei\u00e7\u00e3o do Coit\u00e9 e por pouco n\u00e3o causa trag\u00e9dia Um \u00f4nibus escolar que transportava dezenas de estudantes perdeu o controle, subiu na cal\u00e7ada e por pouco n\u00e3o tombou. O trecho \u00e9 um dos mais movimentados da cidade, sobretudo \u00e0s sextas-feiras, durante a tradicional feira livre. Apesar do susto, ningu\u00e9m passava pelo local no momento e n\u00e3o houve feridos. Ap\u00f3s a parada do ve\u00edculo, os alunos foram retirados \u00e0s pressas. Confira: Em nota, a Prefeitura de Coit\u00e9, por meio da Secretaria Municipal de Educa\u00e7\u00e3o, informou que o motorista precisou realizar uma manobra, ocasionando o incidente. Cerca de 35 estudantes estavam a bordo, todos sem ferimentos. PUBLICIDADE A secretaria garantiu que outro ve\u00edculo foi disponibilizado para conduzir os alunos em seguran\u00e7a at\u00e9 suas resid\u00eancias e refor\u00e7ou que todos passam bem. O caso segue sendo acompanhado pela gest\u00e3o municipal. Reda\u00e7\u00e3o<\/p>\n","protected":false},"author":3,"featured_media":8194,"comment_status":"open","ping_status":"open","sticky":false,"template":"","format":"standard","meta":{"_joinchat":[],"footnotes":""},"categories":[58,55,59],"tags":[139,75],"class_list":["post-8191","post","type-post","status-publish","format-standard","has-post-thumbnail","hentry","category-acidentes","category-destaques","category-ultimas-noticias","tag-acidente","tag-coite"],"yoast_head":"<!-- This site is optimized with the Yoast SEO plugin v24.4 - https:\/\/yoast.com\/wordpress\/plugins\/seo\/ -->\n<title>EXCLUSIVO: v\u00eddeo flagra momento em que \u00f4nibus escolar perde o controle em Coit\u00e9 - Portal raizes noticias<\/title>\n<meta name=\"robots\" content=\"index, follow, max-snippet:-1, max-image-preview:large, max-video-preview:-1\" \/>\n<link rel=\"canonical\" href=\"https:\/\/portalraizesnoticias.com.br\/?p=8191\" \/>\n<meta property=\"og:locale\" content=\"pt_BR\" \/>\n<meta property=\"og:type\" content=\"article\" \/>\n<meta property=\"og:title\" content=\"EXCLUSIVO: v\u00eddeo flagra momento em que \u00f4nibus escolar perde o controle em Coit\u00e9 - Portal raizes noticias\" \/>\n<meta property=\"og:description\" content=\"A jornalista Rafaela Rodrigues, do Portal Ra\u00edzes, obteve com exclusividade imagens do incidente registrado por volta das 12h desta sexta-feira (12), no centro de Concei\u00e7\u00e3o do Coit\u00e9. Leia tamb\u00e9m: \u00d4nibus escolar perde o controle no centro de Concei\u00e7\u00e3o do Coit\u00e9 e por pouco n\u00e3o causa trag\u00e9dia Um \u00f4nibus escolar que transportava dezenas de estudantes perdeu o controle, subiu na cal\u00e7ada e por pouco n\u00e3o tombou. O trecho \u00e9 um dos mais movimentados da cidade, sobretudo \u00e0s sextas-feiras, durante a tradicional feira livre. Apesar do susto, ningu\u00e9m passava pelo local no momento e n\u00e3o houve feridos. Ap\u00f3s a parada do ve\u00edculo, os alunos foram retirados \u00e0s pressas. Confira: Em nota, a Prefeitura de Coit\u00e9, por meio da Secretaria Municipal de Educa\u00e7\u00e3o, informou que o motorista precisou realizar uma manobra, ocasionando o incidente. Cerca de 35 estudantes estavam a bordo, todos sem ferimentos. PUBLICIDADE A secretaria garantiu que outro ve\u00edculo foi disponibilizado para conduzir os alunos em seguran\u00e7a at\u00e9 suas resid\u00eancias e refor\u00e7ou que todos passam bem. O caso segue sendo acompanhado pela gest\u00e3o municipal. Reda\u00e7\u00e3o\" \/>\n<meta property=\"og:url\" content=\"https:\/\/portalraizesnoticias.com.br\/?p=8191\" \/>\n<meta property=\"og:site_name\" content=\"Portal raizes noticias\" \/>\n<meta property=\"article:published_time\" content=\"2025-09-12T16:45:34+00:00\" \/>\n<meta property=\"article:modified_time\" content=\"2025-09-12T17:11:01+00:00\" \/>\n<meta property=\"og:image\" content=\"https:\/\/portalraizesnoticias.com.br\/wp-content\/uploads\/2025\/09\/IMG-20250912-WA0233-1.jpg\" \/>\n\t<meta property=\"og:image:width\" content=\"688\" \/>\n\t<meta property=\"og:image:height\" content=\"403\" \/>\n\t<meta property=\"og:image:type\" content=\"image\/jpeg\" \/>\n<meta name=\"author\" content=\"Portal Raizes\" \/>\n<meta name=\"twitter:card\" content=\"summary_large_image\" \/>\n<meta name=\"twitter:label1\" content=\"Escrito por\" \/>\n\t<meta name=\"twitter:data1\" content=\"Portal Raizes\" \/>\n\t<meta name=\"twitter:label2\" content=\"Est. tempo de leitura\" \/>\n\t<meta name=\"twitter:data2\" content=\"2 minutos\" \/>\n<script type=\"application\/ld+json\" class=\"yoast-schema-graph\">{\"@context\":\"https:\/\/schema.org\",\"@graph\":[{\"@type\":\"Article\",\"@id\":\"https:\/\/portalraizesnoticias.com.br\/?p=8191#article\",\"isPartOf\":{\"@id\":\"https:\/\/portalraizesnoticias.com.br\/?p=8191\"},\"author\":{\"name\":\"Portal Raizes\",\"@id\":\"https:\/\/portalraizesnoticias.com.br\/#\/schema\/person\/a3ca6b0fc701e78df19756c417d943ae\"},\"headline\":\"EXCLUSIVO: v\u00eddeo flagra momento em que \u00f4nibus escolar perde o controle em Coit\u00e9\",\"datePublished\":\"2025-09-12T16:45:34+00:00\",\"dateModified\":\"2025-09-12T17:11:01+00:00\",\"mainEntityOfPage\":{\"@id\":\"https:\/\/portalraizesnoticias.com.br\/?p=8191\"},\"wordCount\":217,\"commentCount\":0,\"publisher\":{\"@id\":\"https:\/\/portalraizesnoticias.com.br\/#organization\"},\"image\":{\"@id\":\"https:\/\/portalraizesnoticias.com.br\/?p=8191#primaryimage\"},\"thumbnailUrl\":\"https:\/\/portalraizesnoticias.com.br\/wp-content\/uploads\/2025\/09\/IMG-20250912-WA0233-1.jpg\",\"keywords\":[\"Acidente\",\"Coit\u00e9\"],\"articleSection\":[\"ACIDENTES\",\"DESTAQUES\",\"ULTIMAS NOTICIAS\"],\"inLanguage\":\"pt-BR\",\"potentialAction\":[{\"@type\":\"CommentAction\",\"name\":\"Comment\",\"target\":[\"https:\/\/portalraizesnoticias.com.br\/?p=8191#respond\"]}]},{\"@type\":\"WebPage\",\"@id\":\"https:\/\/portalraizesnoticias.com.br\/?p=8191\",\"url\":\"https:\/\/portalraizesnoticias.com.br\/?p=8191\",\"name\":\"EXCLUSIVO: v\u00eddeo flagra momento em que \u00f4nibus escolar perde o controle em Coit\u00e9 - Portal raizes noticias\",\"isPartOf\":{\"@id\":\"https:\/\/portalraizesnoticias.com.br\/#website\"},\"primaryImageOfPage\":{\"@id\":\"https:\/\/portalraizesnoticias.com.br\/?p=8191#primaryimage\"},\"image\":{\"@id\":\"https:\/\/portalraizesnoticias.com.br\/?p=8191#primaryimage\"},\"thumbnailUrl\":\"https:\/\/portalraizesnoticias.com.br\/wp-content\/uploads\/2025\/09\/IMG-20250912-WA0233-1.jpg\",\"datePublished\":\"2025-09-12T16:45:34+00:00\",\"dateModified\":\"2025-09-12T17:11:01+00:00\",\"breadcrumb\":{\"@id\":\"https:\/\/portalraizesnoticias.com.br\/?p=8191#breadcrumb\"},\"inLanguage\":\"pt-BR\",\"potentialAction\":[{\"@type\":\"ReadAction\",\"target\":[\"https:\/\/portalraizesnoticias.com.br\/?p=8191\"]}]},{\"@type\":\"ImageObject\",\"inLanguage\":\"pt-BR\",\"@id\":\"https:\/\/portalraizesnoticias.com.br\/?p=8191#primaryimage\",\"url\":\"https:\/\/portalraizesnoticias.com.br\/wp-content\/uploads\/2025\/09\/IMG-20250912-WA0233-1.jpg\",\"contentUrl\":\"https:\/\/portalraizesnoticias.com.br\/wp-content\/uploads\/2025\/09\/IMG-20250912-WA0233-1.jpg\",\"width\":688,\"height\":403},{\"@type\":\"BreadcrumbList\",\"@id\":\"https:\/\/portalraizesnoticias.com.br\/?p=8191#breadcrumb\",\"itemListElement\":[{\"@type\":\"ListItem\",\"position\":1,\"name\":\"In\u00edcio\",\"item\":\"https:\/\/portalraizesnoticias.com.br\/\"},{\"@type\":\"ListItem\",\"position\":2,\"name\":\"EXCLUSIVO: v\u00eddeo flagra momento em que \u00f4nibus escolar perde o controle em Coit\u00e9\"}]},{\"@type\":\"WebSite\",\"@id\":\"https:\/\/portalraizesnoticias.com.br\/#website\",\"url\":\"https:\/\/portalraizesnoticias.com.br\/\",\"name\":\"Portal raizes NOTICIAS\",\"description\":\"site de noticias de concei\u00e7\u00e3o do coit\u00e9 e regi\u00e3o\",\"publisher\":{\"@id\":\"https:\/\/portalraizesnoticias.com.br\/#organization\"},\"alternateName\":\"PORTAL RAIZES COIT\u00c9\",\"potentialAction\":[{\"@type\":\"SearchAction\",\"target\":{\"@type\":\"EntryPoint\",\"urlTemplate\":\"https:\/\/portalraizesnoticias.com.br\/?s={search_term_string}\"},\"query-input\":{\"@type\":\"PropertyValueSpecification\",\"valueRequired\":true,\"valueName\":\"search_term_string\"}}],\"inLanguage\":\"pt-BR\"},{\"@type\":\"Organization\",\"@id\":\"https:\/\/portalraizesnoticias.com.br\/#organization\",\"name\":\"Portal raizes NOTICIAS\",\"url\":\"https:\/\/portalraizesnoticias.com.br\/\",\"logo\":{\"@type\":\"ImageObject\",\"inLanguage\":\"pt-BR\",\"@id\":\"https:\/\/portalraizesnoticias.com.br\/#\/schema\/logo\/image\/\",\"url\":\"https:\/\/portalraizesnoticias.com.br\/wp-content\/uploads\/2024\/09\/cropped-Captura-de-tela-2024-09-08-011108.png\",\"contentUrl\":\"https:\/\/portalraizesnoticias.com.br\/wp-content\/uploads\/2024\/09\/cropped-Captura-de-tela-2024-09-08-011108.png\",\"width\":606,\"height\":173,\"caption\":\"Portal raizes NOTICIAS\"},\"image\":{\"@id\":\"https:\/\/portalraizesnoticias.com.br\/#\/schema\/logo\/image\/\"}},{\"@type\":\"Person\",\"@id\":\"https:\/\/portalraizesnoticias.com.br\/#\/schema\/person\/a3ca6b0fc701e78df19756c417d943ae\",\"name\":\"Portal Raizes\",\"image\":{\"@type\":\"ImageObject\",\"inLanguage\":\"pt-BR\",\"@id\":\"https:\/\/portalraizesnoticias.com.br\/#\/schema\/person\/image\/\",\"url\":\"https:\/\/secure.gravatar.com\/avatar\/ef450d29013a3d3fba867a12a249d7b1?s=96&d=mm&r=g\",\"contentUrl\":\"https:\/\/secure.gravatar.com\/avatar\/ef450d29013a3d3fba867a12a249d7b1?s=96&d=mm&r=g\",\"caption\":\"Portal Raizes\"},\"url\":\"https:\/\/portalraizesnoticias.com.br\/?author=3\"}]}<\/script>\n<!-- \/ Yoast SEO plugin. -->","yoast_head_json":{"title":"EXCLUSIVO: v\u00eddeo flagra momento em que \u00f4nibus escolar perde o controle em Coit\u00e9 - Portal raizes noticias","robots":{"index":"index","follow":"follow","max-snippet":"max-snippet:-1","max-image-preview":"max-image-preview:large","max-video-preview":"max-video-preview:-1"},"canonical":"https:\/\/portalraizesnoticias.com.br\/?p=8191","og_locale":"pt_BR","og_type":"article","og_title":"EXCLUSIVO: v\u00eddeo flagra momento em que \u00f4nibus escolar perde o controle em Coit\u00e9 - Portal raizes noticias","og_description":"A jornalista Rafaela Rodrigues, do Portal Ra\u00edzes, obteve com exclusividade imagens do incidente registrado por volta das 12h desta sexta-feira (12), no centro de Concei\u00e7\u00e3o do Coit\u00e9. Leia tamb\u00e9m: \u00d4nibus escolar perde o controle no centro de Concei\u00e7\u00e3o do Coit\u00e9 e por pouco n\u00e3o causa trag\u00e9dia Um \u00f4nibus escolar que transportava dezenas de estudantes perdeu o controle, subiu na cal\u00e7ada e por pouco n\u00e3o tombou. O trecho \u00e9 um dos mais movimentados da cidade, sobretudo \u00e0s sextas-feiras, durante a tradicional feira livre. Apesar do susto, ningu\u00e9m passava pelo local no momento e n\u00e3o houve feridos. Ap\u00f3s a parada do ve\u00edculo, os alunos foram retirados \u00e0s pressas. Confira: Em nota, a Prefeitura de Coit\u00e9, por meio da Secretaria Municipal de Educa\u00e7\u00e3o, informou que o motorista precisou realizar uma manobra, ocasionando o incidente. Cerca de 35 estudantes estavam a bordo, todos sem ferimentos. PUBLICIDADE A secretaria garantiu que outro ve\u00edculo foi disponibilizado para conduzir os alunos em seguran\u00e7a at\u00e9 suas resid\u00eancias e refor\u00e7ou que todos passam bem. O caso segue sendo acompanhado pela gest\u00e3o municipal. Reda\u00e7\u00e3o","og_url":"https:\/\/portalraizesnoticias.com.br\/?p=8191","og_site_name":"Portal raizes noticias","article_published_time":"2025-09-12T16:45:34+00:00","article_modified_time":"2025-09-12T17:11:01+00:00","og_image":[{"width":688,"height":403,"url":"https:\/\/portalraizesnoticias.com.br\/wp-content\/uploads\/2025\/09\/IMG-20250912-WA0233-1.jpg","type":"image\/jpeg"}],"author":"Portal Raizes","twitter_card":"summary_large_image","twitter_misc":{"Escrito por":"Portal Raizes","Est. tempo de leitura":"2 minutos"},"schema":{"@context":"https:\/\/schema.org","@graph":[{"@type":"Article","@id":"https:\/\/portalraizesnoticias.com.br\/?p=8191#article","isPartOf":{"@id":"https:\/\/portalraizesnoticias.com.br\/?p=8191"},"author":{"name":"Portal Raizes","@id":"https:\/\/portalraizesnoticias.com.br\/#\/schema\/person\/a3ca6b0fc701e78df19756c417d943ae"},"headline":"EXCLUSIVO: v\u00eddeo flagra momento em que \u00f4nibus escolar perde o controle em Coit\u00e9","datePublished":"2025-09-12T16:45:34+00:00","dateModified":"2025-09-12T17:11:01+00:00","mainEntityOfPage":{"@id":"https:\/\/portalraizesnoticias.com.br\/?p=8191"},"wordCount":217,"commentCount":0,"publisher":{"@id":"https:\/\/portalraizesnoticias.com.br\/#organization"},"image":{"@id":"https:\/\/portalraizesnoticias.com.br\/?p=8191#primaryimage"},"thumbnailUrl":"https:\/\/portalraizesnoticias.com.br\/wp-content\/uploads\/2025\/09\/IMG-20250912-WA0233-1.jpg","keywords":["Acidente","Coit\u00e9"],"articleSection":["ACIDENTES","DESTAQUES","ULTIMAS NOTICIAS"],"inLanguage":"pt-BR","potentialAction":[{"@type":"CommentAction","name":"Comment","target":["https:\/\/portalraizesnoticias.com.br\/?p=8191#respond"]}]},{"@type":"WebPage","@id":"https:\/\/portalraizesnoticias.com.br\/?p=8191","url":"https:\/\/portalraizesnoticias.com.br\/?p=8191","name":"EXCLUSIVO: v\u00eddeo flagra momento em que \u00f4nibus escolar perde o controle em Coit\u00e9 - Portal raizes noticias","isPartOf":{"@id":"https:\/\/portalraizesnoticias.com.br\/#website"},"primaryImageOfPage":{"@id":"https:\/\/portalraizesnoticias.com.br\/?p=8191#primaryimage"},"image":{"@id":"https:\/\/portalraizesnoticias.com.br\/?p=8191#primaryimage"},"thumbnailUrl":"https:\/\/portalraizesnoticias.com.br\/wp-content\/uploads\/2025\/09\/IMG-20250912-WA0233-1.jpg","datePublished":"2025-09-12T16:45:34+00:00","dateModified":"2025-09-12T17:11:01+00:00","breadcrumb":{"@id":"https:\/\/portalraizesnoticias.com.br\/?p=8191#breadcrumb"},"inLanguage":"pt-BR","potentialAction":[{"@type":"ReadAction","target":["https:\/\/portalraizesnoticias.com.br\/?p=8191"]}]},{"@type":"ImageObject","inLanguage":"pt-BR","@id":"https:\/\/portalraizesnoticias.com.br\/?p=8191#primaryimage","url":"https:\/\/portalraizesnoticias.com.br\/wp-content\/uploads\/2025\/09\/IMG-20250912-WA0233-1.jpg","contentUrl":"https:\/\/portalraizesnoticias.com.br\/wp-content\/uploads\/2025\/09\/IMG-20250912-WA0233-1.jpg","width":688,"height":403},{"@type":"BreadcrumbList","@id":"https:\/\/portalraizesnoticias.com.br\/?p=8191#breadcrumb","itemListElement":[{"@type":"ListItem","position":1,"name":"In\u00edcio","item":"https:\/\/portalraizesnoticias.com.br\/"},{"@type":"ListItem","position":2,"name":"EXCLUSIVO: v\u00eddeo flagra momento em que \u00f4nibus escolar perde o controle em Coit\u00e9"}]},{"@type":"WebSite","@id":"https:\/\/portalraizesnoticias.com.br\/#website","url":"https:\/\/portalraizesnoticias.com.br\/","name":"Portal raizes NOTICIAS","description":"site de noticias de concei\u00e7\u00e3o do coit\u00e9 e regi\u00e3o","publisher":{"@id":"https:\/\/portalraizesnoticias.com.br\/#organization"},"alternateName":"PORTAL RAIZES COIT\u00c9","potentialAction":[{"@type":"SearchAction","target":{"@type":"EntryPoint","urlTemplate":"https:\/\/portalraizesnoticias.com.br\/?s={search_term_string}"},"query-input":{"@type":"PropertyValueSpecification","valueRequired":true,"valueName":"search_term_string"}}],"inLanguage":"pt-BR"},{"@type":"Organization","@id":"https:\/\/portalraizesnoticias.com.br\/#organization","name":"Portal raizes NOTICIAS","url":"https:\/\/portalraizesnoticias.com.br\/","logo":{"@type":"ImageObject","inLanguage":"pt-BR","@id":"https:\/\/portalraizesnoticias.com.br\/#\/schema\/logo\/image\/","url":"https:\/\/portalraizesnoticias.com.br\/wp-content\/uploads\/2024\/09\/cropped-Captura-de-tela-2024-09-08-011108.png","contentUrl":"https:\/\/portalraizesnoticias.com.br\/wp-content\/uploads\/2024\/09\/cropped-Captura-de-tela-2024-09-08-011108.png","width":606,"height":173,"caption":"Portal raizes NOTICIAS"},"image":{"@id":"https:\/\/portalraizesnoticias.com.br\/#\/schema\/logo\/image\/"}},{"@type":"Person","@id":"https:\/\/portalraizesnoticias.com.br\/#\/schema\/person\/a3ca6b0fc701e78df19756c417d943ae","name":"Portal Raizes","image":{"@type":"ImageObject","inLanguage":"pt-BR","@id":"https:\/\/portalraizesnoticias.com.br\/#\/schema\/person\/image\/","url":"https:\/\/secure.gravatar.com\/avatar\/ef450d29013a3d3fba867a12a249d7b1?s=96&d=mm&r=g","contentUrl":"https:\/\/secure.gravatar.com\/avatar\/ef450d29013a3d3fba867a12a249d7b1?s=96&d=mm&r=g","caption":"Portal Raizes"},"url":"https:\/\/portalraizesnoticias.com.br\/?author=3"}]}},"_links":{"self":[{"href":"https:\/\/portalraizesnoticias.com.br\/index.php?rest_route=\/wp\/v2\/posts\/8191"}],"collection":[{"href":"https:\/\/portalraizesnoticias.com.br\/index.php?rest_route=\/wp\/v2\/posts"}],"about":[{"href":"https:\/\/portalraizesnoticias.com.br\/index.php?rest_route=\/wp\/v2\/types\/post"}],"author":[{"embeddable":true,"href":"https:\/\/portalraizesnoticias.com.br\/index.php?rest_route=\/wp\/v2\/users\/3"}],"replies":[{"embeddable":true,"href":"https:\/\/portalraizesnoticias.com.br\/index.php?rest_route=%2Fwp%2Fv2%2Fcomments&post=8191"}],"version-history":[{"count":2,"href":"https:\/\/portalraizesnoticias.com.br\/index.php?rest_route=\/wp\/v2\/posts\/8191\/revisions"}],"predecessor-version":[{"id":8196,"href":"https:\/\/portalraizesnoticias.com.br\/index.php?rest_route=\/wp\/v2\/posts\/8191\/revisions\/8196"}],"wp:featuredmedia":[{"embeddable":true,"href":"https:\/\/portalraizesnoticias.com.br\/index.php?rest_route=\/wp\/v2\/media\/8194"}],"wp:attachment":[{"href":"https:\/\/portalraizesnoticias.com.br\/index.php?rest_route=%2Fwp%2Fv2%2Fmedia&parent=8191"}],"wp:term":[{"taxonomy":"category","embeddable":true,"href":"https:\/\/portalraizesnoticias.com.br\/index.php?rest_route=%2Fwp%2Fv2%2Fcategories&post=8191"},{"taxonomy":"post_tag","embeddable":true,"href":"https:\/\/portalraizesnoticias.com.br\/index.php?rest_route=%2Fwp%2Fv2%2Ftags&post=8191"}],"curies":[{"name":"wp","href":"https:\/\/api.w.org\/{rel}","templated":true}]}}