{"id":8173,"date":"2025-09-12T12:44:13","date_gmt":"2025-09-12T15:44:13","guid":{"rendered":"https:\/\/portalraizesnoticias.com.br\/?p=8173"},"modified":"2025-09-12T13:11:31","modified_gmt":"2025-09-12T16:11:31","slug":"onibus-escolar-perde-o-controle-no-centro-de-conceicao-do-coite-e-por-pouco-nao-causa-tragedia","status":"publish","type":"post","link":"https:\/\/portalraizesnoticias.com.br\/?p=8173","title":{"rendered":"\u00d4nibus escolar perde o controle no centro de Concei\u00e7\u00e3o do Coit\u00e9 e por pouco n\u00e3o causa trag\u00e9dia"},"content":{"rendered":"<p>Um grave incidente foi registrado por volta do meio-dia desta sexta-feira (12), na Rua Marechal Deodoro da Fonseca, regi\u00e3o central de Concei\u00e7\u00e3o do Coit\u00e9. Um \u00f4nibus escolar, que transportava dezenas de estudantes, perdeu o controle, subiu na cal\u00e7ada e por pouco n\u00e3o tombou.<\/p>\n<div style=\"width: 480px;\" class=\"wp-video\"><!--[if lt IE 9]><script>document.createElement('video');<\/script><![endif]-->\n<video class=\"wp-video-shortcode\" id=\"video-8173-1\" width=\"480\" height=\"848\" preload=\"metadata\" controls=\"controls\"><source type=\"video\/mp4\" src=\"https:\/\/portalraizesnoticias.com.br\/wp-content\/uploads\/2025\/09\/VID-20250912-WA0274.mp4?_=1\" \/><a href=\"https:\/\/portalraizesnoticias.com.br\/wp-content\/uploads\/2025\/09\/VID-20250912-WA0274.mp4\">https:\/\/portalraizesnoticias.com.br\/wp-content\/uploads\/2025\/09\/VID-20250912-WA0274.mp4<\/a><\/video><\/div>\n<p>O trecho \u00e9 um dos mais movimentados da cidade, principalmente \u00e0s sextas-feiras, quando acontece a tradicional feira livre. Apesar do susto e da grande aglomera\u00e7\u00e3o de pessoas no centro, felizmente ningu\u00e9m passava pelo ponto no momento do ocorrido e n\u00e3o houve feridos.<\/p>\n<p><img fetchpriority=\"high\" decoding=\"async\" class=\"size-medium wp-image-5600 aligncenter\" src=\"https:\/\/portalraizesnoticias.com.br\/wp-content\/uploads\/2025\/04\/banner-quadrado-vidracaria-almeida-300x300.jpg\" alt=\"\" width=\"300\" height=\"300\" srcset=\"https:\/\/portalraizesnoticias.com.br\/wp-content\/uploads\/2025\/04\/banner-quadrado-vidracaria-almeida-300x300.jpg 300w, https:\/\/portalraizesnoticias.com.br\/wp-content\/uploads\/2025\/04\/banner-quadrado-vidracaria-almeida-1024x1024.jpg 1024w, https:\/\/portalraizesnoticias.com.br\/wp-content\/uploads\/2025\/04\/banner-quadrado-vidracaria-almeida-150x150.jpg 150w, https:\/\/portalraizesnoticias.com.br\/wp-content\/uploads\/2025\/04\/banner-quadrado-vidracaria-almeida-768x768.jpg 768w, https:\/\/portalraizesnoticias.com.br\/wp-content\/uploads\/2025\/04\/banner-quadrado-vidracaria-almeida-700x700.jpg 700w, https:\/\/portalraizesnoticias.com.br\/wp-content\/uploads\/2025\/04\/banner-quadrado-vidracaria-almeida-620x620.jpg 620w, https:\/\/portalraizesnoticias.com.br\/wp-content\/uploads\/2025\/04\/banner-quadrado-vidracaria-almeida-400x400.jpg 400w, https:\/\/portalraizesnoticias.com.br\/wp-content\/uploads\/2025\/04\/banner-quadrado-vidracaria-almeida.jpg 1080w\" sizes=\"(max-width: 300px) 100vw, 300px\" \/><\/p>\n<p style=\"text-align: center;\"><strong>PUBLICIDADE<\/strong><\/p>\n<p>Ap\u00f3s a parada brusca do ve\u00edculo, os alunos foram retirados \u00e0s pressas. O rep\u00f3rter do Calila Not\u00edcias, Raimundo Mascarenhas, presenciou a cena enquanto estacionava seu carro pr\u00f3ximo ao local e deu detalhes a jornalista Rafaela Rodrigues.<\/p>\n<div style=\"width: 848px;\" class=\"wp-video\"><video class=\"wp-video-shortcode\" id=\"video-8173-2\" width=\"848\" height=\"480\" preload=\"metadata\" controls=\"controls\"><source type=\"video\/mp4\" src=\"https:\/\/portalraizesnoticias.com.br\/wp-content\/uploads\/2025\/09\/VID-20250912-WA0355.mp4?_=2\" \/><a href=\"https:\/\/portalraizesnoticias.com.br\/wp-content\/uploads\/2025\/09\/VID-20250912-WA0355.mp4\">https:\/\/portalraizesnoticias.com.br\/wp-content\/uploads\/2025\/09\/VID-20250912-WA0355.mp4<\/a><\/video><\/div>\n<p style=\"text-align: center;\"><em>V\u00eddeo: \u00c1guia Resgate<\/em><\/p>\n<p>\u201cQuando olhei pelo retrovisor, vi o \u00f4nibus vindo em minha dire\u00e7\u00e3o. Tenho plena convic\u00e7\u00e3o de que, se ele n\u00e3o tivesse subido a cal\u00e7ada, teria prensado meu carro contra o poste\u201d, relatou Mascarenhas, ainda assustado com a situa\u00e7\u00e3o. Mesmo em p\u00e2nico, o jornalista conseguiu registrar o momento em que as crian\u00e7as eram retiradas do ve\u00edculo.<\/p>\n<p>As causas do incidente ainda n\u00e3o foram esclarecidas. Informa\u00e7\u00f5es preliminares indicam que pode ter ocorrido uma falha mec\u00e2nica, mas somente uma per\u00edcia poder\u00e1 confirmar.<\/p>\n<p><img decoding=\"async\" class=\"size-medium wp-image-8183 aligncenter\" src=\"https:\/\/portalraizesnoticias.com.br\/wp-content\/uploads\/2025\/09\/IMG-20250912-WA0353-225x300.jpg\" alt=\"\" width=\"225\" height=\"300\" srcset=\"https:\/\/portalraizesnoticias.com.br\/wp-content\/uploads\/2025\/09\/IMG-20250912-WA0353-225x300.jpg 225w, https:\/\/portalraizesnoticias.com.br\/wp-content\/uploads\/2025\/09\/IMG-20250912-WA0353-768x1024.jpg 768w, https:\/\/portalraizesnoticias.com.br\/wp-content\/uploads\/2025\/09\/IMG-20250912-WA0353-1152x1536.jpg 1152w, https:\/\/portalraizesnoticias.com.br\/wp-content\/uploads\/2025\/09\/IMG-20250912-WA0353.jpg 1200w\" sizes=\"(max-width: 225px) 100vw, 225px\" \/><\/p>\n<p style=\"text-align: center;\"><strong>Foto: \u00c1guia Resgate<\/strong><\/p>\n<p>Procuramos a Assessoria de Comunica\u00e7\u00e3o da Prefeitura de Concei\u00e7\u00e3o do Coit\u00e9 que emitiu uma nota.<\/p>\n<p><strong>Confira na \u00edntegra:<\/strong><\/p>\n<p><em>A Prefeitura de Coit\u00e9 por meio da Secretaria Municipal de Educa\u00e7\u00e3o, informa que na manh\u00e3 desta sexta-feira (12) um dos \u00f4nibus escolares que transportava estudantes do EMAP, Col\u00e9gio Sizenando e Col\u00e9gio Almir Passos sofreu um incidente durante o trajeto.<\/em><\/p>\n<p><em>O motorista realizou uma manobra para evitar um acidente com uma motociclista que passava pela frente do ve\u00edculo. No momento, cerca de 35 estudantes estavam a bordo, todos sem ferimentos.<\/em><\/p>\n<p><em>Assim que tomou conhecimento da situa\u00e7\u00e3o, a Secretaria de Educa\u00e7\u00e3o prestou todo o apoio necess\u00e1rio, garantindo que outro ve\u00edculo conduzisse imediatamente os alunos em seguran\u00e7a at\u00e9 suas resid\u00eancias.<\/em><\/p>\n<p><em>Refor\u00e7amos que todos os estudantes passam bem e que a Prefeitura est\u00e1 acompanhando o caso com a devida aten\u00e7\u00e3o<\/em>.<\/p>\n<p>.<\/p>\n<p>Reda\u00e7\u00e3o com informa\u00e7\u00f5es Raimundo Mascarenhas<\/p>\n","protected":false},"excerpt":{"rendered":"<p>Um grave incidente foi registrado por volta do meio-dia desta sexta-feira (12), na Rua Marechal Deodoro da Fonseca, regi\u00e3o central de Concei\u00e7\u00e3o do Coit\u00e9. Um \u00f4nibus escolar, que transportava dezenas de estudantes, perdeu o controle, subiu na cal\u00e7ada e por pouco n\u00e3o tombou. O trecho \u00e9 um dos mais movimentados da cidade, principalmente \u00e0s sextas-feiras, quando acontece a tradicional feira livre. Apesar do susto e da grande aglomera\u00e7\u00e3o de pessoas no centro, felizmente ningu\u00e9m passava pelo ponto no momento do ocorrido e n\u00e3o houve feridos. PUBLICIDADE Ap\u00f3s a parada brusca do ve\u00edculo, os alunos foram retirados \u00e0s pressas. O rep\u00f3rter do Calila Not\u00edcias, Raimundo Mascarenhas, presenciou a cena enquanto estacionava seu carro pr\u00f3ximo ao local e deu detalhes a jornalista Rafaela Rodrigues. V\u00eddeo: \u00c1guia Resgate \u201cQuando olhei pelo retrovisor, vi o \u00f4nibus vindo em minha dire\u00e7\u00e3o. Tenho plena convic\u00e7\u00e3o de que, se ele n\u00e3o tivesse subido a cal\u00e7ada, teria prensado meu carro contra o poste\u201d, relatou Mascarenhas, ainda assustado com a situa\u00e7\u00e3o. Mesmo em p\u00e2nico, o jornalista conseguiu registrar o momento em que as crian\u00e7as eram retiradas do ve\u00edculo. As causas do incidente ainda n\u00e3o foram esclarecidas. Informa\u00e7\u00f5es preliminares indicam que pode ter ocorrido uma falha mec\u00e2nica, mas somente uma per\u00edcia poder\u00e1 confirmar. Foto: \u00c1guia Resgate Procuramos a Assessoria de Comunica\u00e7\u00e3o da Prefeitura de Concei\u00e7\u00e3o do Coit\u00e9 que emitiu uma nota. Confira na \u00edntegra: A Prefeitura de Coit\u00e9 por meio da Secretaria Municipal de Educa\u00e7\u00e3o, informa que na manh\u00e3 desta sexta-feira (12) um dos \u00f4nibus escolares que transportava estudantes do EMAP, Col\u00e9gio Sizenando e Col\u00e9gio Almir Passos sofreu um incidente durante o trajeto. O motorista realizou uma manobra para evitar um acidente com uma motociclista que passava pela frente do ve\u00edculo. No momento, cerca de 35 estudantes estavam a bordo, todos sem ferimentos. Assim que tomou conhecimento da situa\u00e7\u00e3o, a Secretaria de Educa\u00e7\u00e3o prestou todo o apoio necess\u00e1rio, garantindo que outro ve\u00edculo conduzisse imediatamente os alunos em seguran\u00e7a at\u00e9 suas resid\u00eancias. Refor\u00e7amos que todos os estudantes passam bem e que a Prefeitura est\u00e1 acompanhando o caso com a devida aten\u00e7\u00e3o. . Reda\u00e7\u00e3o com informa\u00e7\u00f5es Raimundo Mascarenhas<\/p>\n","protected":false},"author":3,"featured_media":8175,"comment_status":"open","ping_status":"open","sticky":false,"template":"","format":"standard","meta":{"_joinchat":[],"footnotes":""},"categories":[58,55,59],"tags":[139,75],"class_list":["post-8173","post","type-post","status-publish","format-standard","has-post-thumbnail","hentry","category-acidentes","category-destaques","category-ultimas-noticias","tag-acidente","tag-coite"],"yoast_head":"<!-- This site is optimized with the Yoast SEO plugin v24.4 - https:\/\/yoast.com\/wordpress\/plugins\/seo\/ -->\n<title>\u00d4nibus escolar perde o controle no centro de Concei\u00e7\u00e3o do Coit\u00e9 e por pouco n\u00e3o causa trag\u00e9dia - Portal raizes noticias<\/title>\n<meta name=\"robots\" content=\"index, follow, max-snippet:-1, max-image-preview:large, max-video-preview:-1\" \/>\n<link rel=\"canonical\" href=\"https:\/\/portalraizesnoticias.com.br\/?p=8173\" \/>\n<meta property=\"og:locale\" content=\"pt_BR\" \/>\n<meta property=\"og:type\" content=\"article\" \/>\n<meta property=\"og:title\" content=\"\u00d4nibus escolar perde o controle no centro de Concei\u00e7\u00e3o do Coit\u00e9 e por pouco n\u00e3o causa trag\u00e9dia - Portal raizes noticias\" \/>\n<meta property=\"og:description\" content=\"Um grave incidente foi registrado por volta do meio-dia desta sexta-feira (12), na Rua Marechal Deodoro da Fonseca, regi\u00e3o central de Concei\u00e7\u00e3o do Coit\u00e9. Um \u00f4nibus escolar, que transportava dezenas de estudantes, perdeu o controle, subiu na cal\u00e7ada e por pouco n\u00e3o tombou. O trecho \u00e9 um dos mais movimentados da cidade, principalmente \u00e0s sextas-feiras, quando acontece a tradicional feira livre. Apesar do susto e da grande aglomera\u00e7\u00e3o de pessoas no centro, felizmente ningu\u00e9m passava pelo ponto no momento do ocorrido e n\u00e3o houve feridos. PUBLICIDADE Ap\u00f3s a parada brusca do ve\u00edculo, os alunos foram retirados \u00e0s pressas. O rep\u00f3rter do Calila Not\u00edcias, Raimundo Mascarenhas, presenciou a cena enquanto estacionava seu carro pr\u00f3ximo ao local e deu detalhes a jornalista Rafaela Rodrigues. V\u00eddeo: \u00c1guia Resgate \u201cQuando olhei pelo retrovisor, vi o \u00f4nibus vindo em minha dire\u00e7\u00e3o. Tenho plena convic\u00e7\u00e3o de que, se ele n\u00e3o tivesse subido a cal\u00e7ada, teria prensado meu carro contra o poste\u201d, relatou Mascarenhas, ainda assustado com a situa\u00e7\u00e3o. Mesmo em p\u00e2nico, o jornalista conseguiu registrar o momento em que as crian\u00e7as eram retiradas do ve\u00edculo. As causas do incidente ainda n\u00e3o foram esclarecidas. Informa\u00e7\u00f5es preliminares indicam que pode ter ocorrido uma falha mec\u00e2nica, mas somente uma per\u00edcia poder\u00e1 confirmar. Foto: \u00c1guia Resgate Procuramos a Assessoria de Comunica\u00e7\u00e3o da Prefeitura de Concei\u00e7\u00e3o do Coit\u00e9 que emitiu uma nota. Confira na \u00edntegra: A Prefeitura de Coit\u00e9 por meio da Secretaria Municipal de Educa\u00e7\u00e3o, informa que na manh\u00e3 desta sexta-feira (12) um dos \u00f4nibus escolares que transportava estudantes do EMAP, Col\u00e9gio Sizenando e Col\u00e9gio Almir Passos sofreu um incidente durante o trajeto. O motorista realizou uma manobra para evitar um acidente com uma motociclista que passava pela frente do ve\u00edculo. No momento, cerca de 35 estudantes estavam a bordo, todos sem ferimentos. Assim que tomou conhecimento da situa\u00e7\u00e3o, a Secretaria de Educa\u00e7\u00e3o prestou todo o apoio necess\u00e1rio, garantindo que outro ve\u00edculo conduzisse imediatamente os alunos em seguran\u00e7a at\u00e9 suas resid\u00eancias. Refor\u00e7amos que todos os estudantes passam bem e que a Prefeitura est\u00e1 acompanhando o caso com a devida aten\u00e7\u00e3o. . Reda\u00e7\u00e3o com informa\u00e7\u00f5es Raimundo Mascarenhas\" \/>\n<meta property=\"og:url\" content=\"https:\/\/portalraizesnoticias.com.br\/?p=8173\" \/>\n<meta property=\"og:site_name\" content=\"Portal raizes noticias\" \/>\n<meta property=\"article:published_time\" content=\"2025-09-12T15:44:13+00:00\" \/>\n<meta property=\"article:modified_time\" content=\"2025-09-12T16:11:31+00:00\" \/>\n<meta property=\"og:image\" content=\"https:\/\/portalraizesnoticias.com.br\/wp-content\/uploads\/2025\/09\/IMG-20250912-WA0304.jpg\" \/>\n\t<meta property=\"og:image:width\" content=\"863\" \/>\n\t<meta property=\"og:image:height\" content=\"1040\" \/>\n\t<meta property=\"og:image:type\" content=\"image\/jpeg\" \/>\n<meta name=\"author\" content=\"Portal Raizes\" \/>\n<meta name=\"twitter:card\" content=\"summary_large_image\" \/>\n<meta name=\"twitter:label1\" content=\"Escrito por\" \/>\n\t<meta name=\"twitter:data1\" content=\"Portal Raizes\" \/>\n\t<meta name=\"twitter:label2\" content=\"Est. tempo de leitura\" \/>\n\t<meta name=\"twitter:data2\" content=\"3 minutos\" \/>\n<script type=\"application\/ld+json\" class=\"yoast-schema-graph\">{\"@context\":\"https:\/\/schema.org\",\"@graph\":[{\"@type\":\"Article\",\"@id\":\"https:\/\/portalraizesnoticias.com.br\/?p=8173#article\",\"isPartOf\":{\"@id\":\"https:\/\/portalraizesnoticias.com.br\/?p=8173\"},\"author\":{\"name\":\"Portal Raizes\",\"@id\":\"https:\/\/portalraizesnoticias.com.br\/#\/schema\/person\/a3ca6b0fc701e78df19756c417d943ae\"},\"headline\":\"\u00d4nibus escolar perde o controle no centro de Concei\u00e7\u00e3o do Coit\u00e9 e por pouco n\u00e3o causa trag\u00e9dia\",\"datePublished\":\"2025-09-12T15:44:13+00:00\",\"dateModified\":\"2025-09-12T16:11:31+00:00\",\"mainEntityOfPage\":{\"@id\":\"https:\/\/portalraizesnoticias.com.br\/?p=8173\"},\"wordCount\":430,\"commentCount\":0,\"publisher\":{\"@id\":\"https:\/\/portalraizesnoticias.com.br\/#organization\"},\"image\":{\"@id\":\"https:\/\/portalraizesnoticias.com.br\/?p=8173#primaryimage\"},\"thumbnailUrl\":\"https:\/\/portalraizesnoticias.com.br\/wp-content\/uploads\/2025\/09\/IMG-20250912-WA0304.jpg\",\"keywords\":[\"Acidente\",\"Coit\u00e9\"],\"articleSection\":[\"ACIDENTES\",\"DESTAQUES\",\"ULTIMAS NOTICIAS\"],\"inLanguage\":\"pt-BR\",\"potentialAction\":[{\"@type\":\"CommentAction\",\"name\":\"Comment\",\"target\":[\"https:\/\/portalraizesnoticias.com.br\/?p=8173#respond\"]}]},{\"@type\":\"WebPage\",\"@id\":\"https:\/\/portalraizesnoticias.com.br\/?p=8173\",\"url\":\"https:\/\/portalraizesnoticias.com.br\/?p=8173\",\"name\":\"\u00d4nibus escolar perde o controle no centro de Concei\u00e7\u00e3o do Coit\u00e9 e por pouco n\u00e3o causa trag\u00e9dia - Portal raizes noticias\",\"isPartOf\":{\"@id\":\"https:\/\/portalraizesnoticias.com.br\/#website\"},\"primaryImageOfPage\":{\"@id\":\"https:\/\/portalraizesnoticias.com.br\/?p=8173#primaryimage\"},\"image\":{\"@id\":\"https:\/\/portalraizesnoticias.com.br\/?p=8173#primaryimage\"},\"thumbnailUrl\":\"https:\/\/portalraizesnoticias.com.br\/wp-content\/uploads\/2025\/09\/IMG-20250912-WA0304.jpg\",\"datePublished\":\"2025-09-12T15:44:13+00:00\",\"dateModified\":\"2025-09-12T16:11:31+00:00\",\"breadcrumb\":{\"@id\":\"https:\/\/portalraizesnoticias.com.br\/?p=8173#breadcrumb\"},\"inLanguage\":\"pt-BR\",\"potentialAction\":[{\"@type\":\"ReadAction\",\"target\":[\"https:\/\/portalraizesnoticias.com.br\/?p=8173\"]}]},{\"@type\":\"ImageObject\",\"inLanguage\":\"pt-BR\",\"@id\":\"https:\/\/portalraizesnoticias.com.br\/?p=8173#primaryimage\",\"url\":\"https:\/\/portalraizesnoticias.com.br\/wp-content\/uploads\/2025\/09\/IMG-20250912-WA0304.jpg\",\"contentUrl\":\"https:\/\/portalraizesnoticias.com.br\/wp-content\/uploads\/2025\/09\/IMG-20250912-WA0304.jpg\",\"width\":863,\"height\":1040},{\"@type\":\"BreadcrumbList\",\"@id\":\"https:\/\/portalraizesnoticias.com.br\/?p=8173#breadcrumb\",\"itemListElement\":[{\"@type\":\"ListItem\",\"position\":1,\"name\":\"In\u00edcio\",\"item\":\"https:\/\/portalraizesnoticias.com.br\/\"},{\"@type\":\"ListItem\",\"position\":2,\"name\":\"\u00d4nibus escolar perde o controle no centro de Concei\u00e7\u00e3o do Coit\u00e9 e por pouco n\u00e3o causa trag\u00e9dia\"}]},{\"@type\":\"WebSite\",\"@id\":\"https:\/\/portalraizesnoticias.com.br\/#website\",\"url\":\"https:\/\/portalraizesnoticias.com.br\/\",\"name\":\"Portal raizes NOTICIAS\",\"description\":\"site de noticias de concei\u00e7\u00e3o do coit\u00e9 e regi\u00e3o\",\"publisher\":{\"@id\":\"https:\/\/portalraizesnoticias.com.br\/#organization\"},\"alternateName\":\"PORTAL RAIZES COIT\u00c9\",\"potentialAction\":[{\"@type\":\"SearchAction\",\"target\":{\"@type\":\"EntryPoint\",\"urlTemplate\":\"https:\/\/portalraizesnoticias.com.br\/?s={search_term_string}\"},\"query-input\":{\"@type\":\"PropertyValueSpecification\",\"valueRequired\":true,\"valueName\":\"search_term_string\"}}],\"inLanguage\":\"pt-BR\"},{\"@type\":\"Organization\",\"@id\":\"https:\/\/portalraizesnoticias.com.br\/#organization\",\"name\":\"Portal raizes NOTICIAS\",\"url\":\"https:\/\/portalraizesnoticias.com.br\/\",\"logo\":{\"@type\":\"ImageObject\",\"inLanguage\":\"pt-BR\",\"@id\":\"https:\/\/portalraizesnoticias.com.br\/#\/schema\/logo\/image\/\",\"url\":\"https:\/\/portalraizesnoticias.com.br\/wp-content\/uploads\/2024\/09\/cropped-Captura-de-tela-2024-09-08-011108.png\",\"contentUrl\":\"https:\/\/portalraizesnoticias.com.br\/wp-content\/uploads\/2024\/09\/cropped-Captura-de-tela-2024-09-08-011108.png\",\"width\":606,\"height\":173,\"caption\":\"Portal raizes NOTICIAS\"},\"image\":{\"@id\":\"https:\/\/portalraizesnoticias.com.br\/#\/schema\/logo\/image\/\"}},{\"@type\":\"Person\",\"@id\":\"https:\/\/portalraizesnoticias.com.br\/#\/schema\/person\/a3ca6b0fc701e78df19756c417d943ae\",\"name\":\"Portal Raizes\",\"image\":{\"@type\":\"ImageObject\",\"inLanguage\":\"pt-BR\",\"@id\":\"https:\/\/portalraizesnoticias.com.br\/#\/schema\/person\/image\/\",\"url\":\"https:\/\/secure.gravatar.com\/avatar\/ef450d29013a3d3fba867a12a249d7b1?s=96&d=mm&r=g\",\"contentUrl\":\"https:\/\/secure.gravatar.com\/avatar\/ef450d29013a3d3fba867a12a249d7b1?s=96&d=mm&r=g\",\"caption\":\"Portal Raizes\"},\"url\":\"https:\/\/portalraizesnoticias.com.br\/?author=3\"}]}<\/script>\n<!-- \/ Yoast SEO plugin. -->","yoast_head_json":{"title":"\u00d4nibus escolar perde o controle no centro de Concei\u00e7\u00e3o do Coit\u00e9 e por pouco n\u00e3o causa trag\u00e9dia - Portal raizes noticias","robots":{"index":"index","follow":"follow","max-snippet":"max-snippet:-1","max-image-preview":"max-image-preview:large","max-video-preview":"max-video-preview:-1"},"canonical":"https:\/\/portalraizesnoticias.com.br\/?p=8173","og_locale":"pt_BR","og_type":"article","og_title":"\u00d4nibus escolar perde o controle no centro de Concei\u00e7\u00e3o do Coit\u00e9 e por pouco n\u00e3o causa trag\u00e9dia - Portal raizes noticias","og_description":"Um grave incidente foi registrado por volta do meio-dia desta sexta-feira (12), na Rua Marechal Deodoro da Fonseca, regi\u00e3o central de Concei\u00e7\u00e3o do Coit\u00e9. Um \u00f4nibus escolar, que transportava dezenas de estudantes, perdeu o controle, subiu na cal\u00e7ada e por pouco n\u00e3o tombou. O trecho \u00e9 um dos mais movimentados da cidade, principalmente \u00e0s sextas-feiras, quando acontece a tradicional feira livre. Apesar do susto e da grande aglomera\u00e7\u00e3o de pessoas no centro, felizmente ningu\u00e9m passava pelo ponto no momento do ocorrido e n\u00e3o houve feridos. PUBLICIDADE Ap\u00f3s a parada brusca do ve\u00edculo, os alunos foram retirados \u00e0s pressas. O rep\u00f3rter do Calila Not\u00edcias, Raimundo Mascarenhas, presenciou a cena enquanto estacionava seu carro pr\u00f3ximo ao local e deu detalhes a jornalista Rafaela Rodrigues. V\u00eddeo: \u00c1guia Resgate \u201cQuando olhei pelo retrovisor, vi o \u00f4nibus vindo em minha dire\u00e7\u00e3o. Tenho plena convic\u00e7\u00e3o de que, se ele n\u00e3o tivesse subido a cal\u00e7ada, teria prensado meu carro contra o poste\u201d, relatou Mascarenhas, ainda assustado com a situa\u00e7\u00e3o. Mesmo em p\u00e2nico, o jornalista conseguiu registrar o momento em que as crian\u00e7as eram retiradas do ve\u00edculo. As causas do incidente ainda n\u00e3o foram esclarecidas. Informa\u00e7\u00f5es preliminares indicam que pode ter ocorrido uma falha mec\u00e2nica, mas somente uma per\u00edcia poder\u00e1 confirmar. Foto: \u00c1guia Resgate Procuramos a Assessoria de Comunica\u00e7\u00e3o da Prefeitura de Concei\u00e7\u00e3o do Coit\u00e9 que emitiu uma nota. Confira na \u00edntegra: A Prefeitura de Coit\u00e9 por meio da Secretaria Municipal de Educa\u00e7\u00e3o, informa que na manh\u00e3 desta sexta-feira (12) um dos \u00f4nibus escolares que transportava estudantes do EMAP, Col\u00e9gio Sizenando e Col\u00e9gio Almir Passos sofreu um incidente durante o trajeto. O motorista realizou uma manobra para evitar um acidente com uma motociclista que passava pela frente do ve\u00edculo. No momento, cerca de 35 estudantes estavam a bordo, todos sem ferimentos. Assim que tomou conhecimento da situa\u00e7\u00e3o, a Secretaria de Educa\u00e7\u00e3o prestou todo o apoio necess\u00e1rio, garantindo que outro ve\u00edculo conduzisse imediatamente os alunos em seguran\u00e7a at\u00e9 suas resid\u00eancias. Refor\u00e7amos que todos os estudantes passam bem e que a Prefeitura est\u00e1 acompanhando o caso com a devida aten\u00e7\u00e3o. . Reda\u00e7\u00e3o com informa\u00e7\u00f5es Raimundo Mascarenhas","og_url":"https:\/\/portalraizesnoticias.com.br\/?p=8173","og_site_name":"Portal raizes noticias","article_published_time":"2025-09-12T15:44:13+00:00","article_modified_time":"2025-09-12T16:11:31+00:00","og_image":[{"width":863,"height":1040,"url":"https:\/\/portalraizesnoticias.com.br\/wp-content\/uploads\/2025\/09\/IMG-20250912-WA0304.jpg","type":"image\/jpeg"}],"author":"Portal Raizes","twitter_card":"summary_large_image","twitter_misc":{"Escrito por":"Portal Raizes","Est. tempo de leitura":"3 minutos"},"schema":{"@context":"https:\/\/schema.org","@graph":[{"@type":"Article","@id":"https:\/\/portalraizesnoticias.com.br\/?p=8173#article","isPartOf":{"@id":"https:\/\/portalraizesnoticias.com.br\/?p=8173"},"author":{"name":"Portal Raizes","@id":"https:\/\/portalraizesnoticias.com.br\/#\/schema\/person\/a3ca6b0fc701e78df19756c417d943ae"},"headline":"\u00d4nibus escolar perde o controle no centro de Concei\u00e7\u00e3o do Coit\u00e9 e por pouco n\u00e3o causa trag\u00e9dia","datePublished":"2025-09-12T15:44:13+00:00","dateModified":"2025-09-12T16:11:31+00:00","mainEntityOfPage":{"@id":"https:\/\/portalraizesnoticias.com.br\/?p=8173"},"wordCount":430,"commentCount":0,"publisher":{"@id":"https:\/\/portalraizesnoticias.com.br\/#organization"},"image":{"@id":"https:\/\/portalraizesnoticias.com.br\/?p=8173#primaryimage"},"thumbnailUrl":"https:\/\/portalraizesnoticias.com.br\/wp-content\/uploads\/2025\/09\/IMG-20250912-WA0304.jpg","keywords":["Acidente","Coit\u00e9"],"articleSection":["ACIDENTES","DESTAQUES","ULTIMAS NOTICIAS"],"inLanguage":"pt-BR","potentialAction":[{"@type":"CommentAction","name":"Comment","target":["https:\/\/portalraizesnoticias.com.br\/?p=8173#respond"]}]},{"@type":"WebPage","@id":"https:\/\/portalraizesnoticias.com.br\/?p=8173","url":"https:\/\/portalraizesnoticias.com.br\/?p=8173","name":"\u00d4nibus escolar perde o controle no centro de Concei\u00e7\u00e3o do Coit\u00e9 e por pouco n\u00e3o causa trag\u00e9dia - Portal raizes noticias","isPartOf":{"@id":"https:\/\/portalraizesnoticias.com.br\/#website"},"primaryImageOfPage":{"@id":"https:\/\/portalraizesnoticias.com.br\/?p=8173#primaryimage"},"image":{"@id":"https:\/\/portalraizesnoticias.com.br\/?p=8173#primaryimage"},"thumbnailUrl":"https:\/\/portalraizesnoticias.com.br\/wp-content\/uploads\/2025\/09\/IMG-20250912-WA0304.jpg","datePublished":"2025-09-12T15:44:13+00:00","dateModified":"2025-09-12T16:11:31+00:00","breadcrumb":{"@id":"https:\/\/portalraizesnoticias.com.br\/?p=8173#breadcrumb"},"inLanguage":"pt-BR","potentialAction":[{"@type":"ReadAction","target":["https:\/\/portalraizesnoticias.com.br\/?p=8173"]}]},{"@type":"ImageObject","inLanguage":"pt-BR","@id":"https:\/\/portalraizesnoticias.com.br\/?p=8173#primaryimage","url":"https:\/\/portalraizesnoticias.com.br\/wp-content\/uploads\/2025\/09\/IMG-20250912-WA0304.jpg","contentUrl":"https:\/\/portalraizesnoticias.com.br\/wp-content\/uploads\/2025\/09\/IMG-20250912-WA0304.jpg","width":863,"height":1040},{"@type":"BreadcrumbList","@id":"https:\/\/portalraizesnoticias.com.br\/?p=8173#breadcrumb","itemListElement":[{"@type":"ListItem","position":1,"name":"In\u00edcio","item":"https:\/\/portalraizesnoticias.com.br\/"},{"@type":"ListItem","position":2,"name":"\u00d4nibus escolar perde o controle no centro de Concei\u00e7\u00e3o do Coit\u00e9 e por pouco n\u00e3o causa trag\u00e9dia"}]},{"@type":"WebSite","@id":"https:\/\/portalraizesnoticias.com.br\/#website","url":"https:\/\/portalraizesnoticias.com.br\/","name":"Portal raizes NOTICIAS","description":"site de noticias de concei\u00e7\u00e3o do coit\u00e9 e regi\u00e3o","publisher":{"@id":"https:\/\/portalraizesnoticias.com.br\/#organization"},"alternateName":"PORTAL RAIZES COIT\u00c9","potentialAction":[{"@type":"SearchAction","target":{"@type":"EntryPoint","urlTemplate":"https:\/\/portalraizesnoticias.com.br\/?s={search_term_string}"},"query-input":{"@type":"PropertyValueSpecification","valueRequired":true,"valueName":"search_term_string"}}],"inLanguage":"pt-BR"},{"@type":"Organization","@id":"https:\/\/portalraizesnoticias.com.br\/#organization","name":"Portal raizes NOTICIAS","url":"https:\/\/portalraizesnoticias.com.br\/","logo":{"@type":"ImageObject","inLanguage":"pt-BR","@id":"https:\/\/portalraizesnoticias.com.br\/#\/schema\/logo\/image\/","url":"https:\/\/portalraizesnoticias.com.br\/wp-content\/uploads\/2024\/09\/cropped-Captura-de-tela-2024-09-08-011108.png","contentUrl":"https:\/\/portalraizesnoticias.com.br\/wp-content\/uploads\/2024\/09\/cropped-Captura-de-tela-2024-09-08-011108.png","width":606,"height":173,"caption":"Portal raizes NOTICIAS"},"image":{"@id":"https:\/\/portalraizesnoticias.com.br\/#\/schema\/logo\/image\/"}},{"@type":"Person","@id":"https:\/\/portalraizesnoticias.com.br\/#\/schema\/person\/a3ca6b0fc701e78df19756c417d943ae","name":"Portal Raizes","image":{"@type":"ImageObject","inLanguage":"pt-BR","@id":"https:\/\/portalraizesnoticias.com.br\/#\/schema\/person\/image\/","url":"https:\/\/secure.gravatar.com\/avatar\/ef450d29013a3d3fba867a12a249d7b1?s=96&d=mm&r=g","contentUrl":"https:\/\/secure.gravatar.com\/avatar\/ef450d29013a3d3fba867a12a249d7b1?s=96&d=mm&r=g","caption":"Portal Raizes"},"url":"https:\/\/portalraizesnoticias.com.br\/?author=3"}]}},"_links":{"self":[{"href":"https:\/\/portalraizesnoticias.com.br\/index.php?rest_route=\/wp\/v2\/posts\/8173"}],"collection":[{"href":"https:\/\/portalraizesnoticias.com.br\/index.php?rest_route=\/wp\/v2\/posts"}],"about":[{"href":"https:\/\/portalraizesnoticias.com.br\/index.php?rest_route=\/wp\/v2\/types\/post"}],"author":[{"embeddable":true,"href":"https:\/\/portalraizesnoticias.com.br\/index.php?rest_route=\/wp\/v2\/users\/3"}],"replies":[{"embeddable":true,"href":"https:\/\/portalraizesnoticias.com.br\/index.php?rest_route=%2Fwp%2Fv2%2Fcomments&post=8173"}],"version-history":[{"count":7,"href":"https:\/\/portalraizesnoticias.com.br\/index.php?rest_route=\/wp\/v2\/posts\/8173\/revisions"}],"predecessor-version":[{"id":8187,"href":"https:\/\/portalraizesnoticias.com.br\/index.php?rest_route=\/wp\/v2\/posts\/8173\/revisions\/8187"}],"wp:featuredmedia":[{"embeddable":true,"href":"https:\/\/portalraizesnoticias.com.br\/index.php?rest_route=\/wp\/v2\/media\/8175"}],"wp:attachment":[{"href":"https:\/\/portalraizesnoticias.com.br\/index.php?rest_route=%2Fwp%2Fv2%2Fmedia&parent=8173"}],"wp:term":[{"taxonomy":"category","embeddable":true,"href":"https:\/\/portalraizesnoticias.com.br\/index.php?rest_route=%2Fwp%2Fv2%2Fcategories&post=8173"},{"taxonomy":"post_tag","embeddable":true,"href":"https:\/\/portalraizesnoticias.com.br\/index.php?rest_route=%2Fwp%2Fv2%2Ftags&post=8173"}],"curies":[{"name":"wp","href":"https:\/\/api.w.org\/{rel}","templated":true}]}}