{"id":7950,"date":"2025-08-25T20:06:59","date_gmt":"2025-08-25T23:06:59","guid":{"rendered":"https:\/\/portalraizesnoticias.com.br\/?p=7950"},"modified":"2025-08-25T20:06:59","modified_gmt":"2025-08-25T23:06:59","slug":"de-empresario-a-lider-politico-quem-e-marcelo-araujo-prefeito-que-ganhou-projecao-estadual-apos-discurso-na-camara-de-vereadores-em-conceicao-do-coite","status":"publish","type":"post","link":"https:\/\/portalraizesnoticias.com.br\/?p=7950","title":{"rendered":"De empres\u00e1rio a l\u00edder pol\u00edtico: quem \u00e9 Marcelo Ara\u00fajo, prefeito que ganhou proje\u00e7\u00e3o estadual ap\u00f3s discurso na C\u00e2mara de Vereadores em Concei\u00e7\u00e3o do Coit\u00e9"},"content":{"rendered":"<p>Empres\u00e1rio, gestor com mais de 82% de aprova\u00e7\u00e3o popular na cidade que ele \u00e9 prefeito, Concei\u00e7\u00e3o do Coit\u00e9, criador do maior Natal Luz da Bahia, Marcelo mostra que pode fazer muito sem colocar em jogo os valores e princ\u00edpios que norteiam sua vida, com planejamento, foco e determina\u00e7\u00e3o.<\/p>\n<p>O prefeito de Concei\u00e7\u00e3o do Coit\u00e9, Marcelo Ara\u00fajo (55 anos), viralizou recentemente nas redes sociais ap\u00f3s um discurso firme na C\u00e2mara de Vereadores. Durante a fala, ele deixou claro que n\u00e3o aceita barganhas pol\u00edticas para obter recursos para o munic\u00edpio.<\/p>\n<p>\u201cEu n\u00e3o me vendo\u201d, disse o gestor, enfatizando que n\u00e3o abre m\u00e3o dos seus princ\u00edpios e valores. A declara\u00e7\u00e3o ganhou repercuss\u00e3o estadual e chamou a aten\u00e7\u00e3o de toda a Bahia, por sua postura firme e determinada, deixando evidente que n\u00e3o se deve pensar somente na governabilidade da sua cidade, mas pensando na Bahia e no Brasil.<\/p>\n<p>Formado em Administra\u00e7\u00e3o, Marcelo Ara\u00fajo construiu sua carreira no setor privado antes de ingressar na pol\u00edtica, j\u00e1 aos 50 anos, em 2020, quando disputou sua primeira elei\u00e7\u00e3o e venceu.<\/p>\n<p>Desde ent\u00e3o, vem consolidando sua imagem de gestor inovador e pr\u00f3ximo da popula\u00e7\u00e3o. Em 2024, foi reeleito com mais de 27 mil votos, a maior margem da hist\u00f3ria pol\u00edtica do munic\u00edpio, numa demonstra\u00e7\u00e3o inequ\u00edvoca de que a popula\u00e7\u00e3o apoia seu estilo de fazer gest\u00e3o.<\/p>\n<p>Nos quase cinco anos de administra\u00e7\u00e3o, Marcelo Ara\u00fajo tem apresentado n\u00fameros expressivos: Mais de 8 mil empregos gerados, atra\u00e7\u00e3o de novos neg\u00f3cios e fortalecimento do com\u00e9rcio, obras de grande porte que modernizam a infraestrutura da cidade, investimento maci\u00e7o na educa\u00e7\u00e3o, com a implanta\u00e7\u00e3o do ensino da l\u00edngua inglesa na rede municipal de ensino, al\u00e9m do resgate de eventos culturais como Coit\u00e9 Folia e a Expo Coit\u00e9, que fomentam o emprego e a renda.<\/p>\n<p>Al\u00e9m disso, o prefeito idealizou o Natal Luz Coit\u00e9, considerado hoje o maior Natal da Bahia. Em apenas quatro edi\u00e7\u00f5es, o evento reuniu mais de 500 mil pessoas, movimentando o turismo, o com\u00e9rcio e o setor de servi\u00e7os, e consolidando-se como refer\u00eancia estadual.<\/p>\n<p>Com estilo direto e transparente, Marcelo Ara\u00fajo conquistou a confian\u00e7a da popula\u00e7\u00e3o. Pesquisas apontam aprova\u00e7\u00e3o de 82%, resultado que reflete tanto o impacto econ\u00f4mico de sua gest\u00e3o quanto sua capacidade de resgatar a autoestima dos coiteenses.<\/p>\n<p>No in\u00edcio de 2025, durante a posse de seu segundo mandato, anunciou novos projetos: investimentos no ecoturismo, na sa\u00fade, com a constru\u00e7\u00e3o do Hospital Municipal Hamilton Rios e revitaliza\u00e7\u00e3o de pontos tur\u00edsticos como a Serra do Mucambo e o A\u00e7ude Itarandi, com o prop\u00f3sito de fomentar a economia para a gera\u00e7\u00e3o de emprego e renda para a popula\u00e7\u00e3o, sua principal bandeira.<\/p>\n<p>O discurso viralizado trouxe ainda mais visibilidade ao pol\u00edtico que hoje j\u00e1 \u00e9 visto como um dos protagonistas entre os prefeitos de oposi\u00e7\u00e3o na Bahia. Sua postura firme contra a pol\u00edtica ultrapassada do toma l\u00e1 d\u00e1 c\u00e1, refor\u00e7a a imagem de pol\u00edtico independente, \u00e9tico e comprometido com resultados.<\/p>\n<p>Reda\u00e7\u00e3o<\/p>\n<p>.<\/p>\n","protected":false},"excerpt":{"rendered":"<p>Empres\u00e1rio, gestor com mais de 82% de aprova\u00e7\u00e3o popular na cidade que ele \u00e9 prefeito, Concei\u00e7\u00e3o do Coit\u00e9, criador do maior Natal Luz da Bahia, Marcelo mostra que pode fazer muito sem colocar em jogo os valores e princ\u00edpios que norteiam sua vida, com planejamento, foco e determina\u00e7\u00e3o. O prefeito de Concei\u00e7\u00e3o do Coit\u00e9, Marcelo Ara\u00fajo (55 anos), viralizou recentemente nas redes sociais ap\u00f3s um discurso firme na C\u00e2mara de Vereadores. Durante a fala, ele deixou claro que n\u00e3o aceita barganhas pol\u00edticas para obter recursos para o munic\u00edpio. \u201cEu n\u00e3o me vendo\u201d, disse o gestor, enfatizando que n\u00e3o abre m\u00e3o dos seus princ\u00edpios e valores. A declara\u00e7\u00e3o ganhou repercuss\u00e3o estadual e chamou a aten\u00e7\u00e3o de toda a Bahia, por sua postura firme e determinada, deixando evidente que n\u00e3o se deve pensar somente na governabilidade da sua cidade, mas pensando na Bahia e no Brasil. Formado em Administra\u00e7\u00e3o, Marcelo Ara\u00fajo construiu sua carreira no setor privado antes de ingressar na pol\u00edtica, j\u00e1 aos 50 anos, em 2020, quando disputou sua primeira elei\u00e7\u00e3o e venceu. Desde ent\u00e3o, vem consolidando sua imagem de gestor inovador e pr\u00f3ximo da popula\u00e7\u00e3o. Em 2024, foi reeleito com mais de 27 mil votos, a maior margem da hist\u00f3ria pol\u00edtica do munic\u00edpio, numa demonstra\u00e7\u00e3o inequ\u00edvoca de que a popula\u00e7\u00e3o apoia seu estilo de fazer gest\u00e3o. Nos quase cinco anos de administra\u00e7\u00e3o, Marcelo Ara\u00fajo tem apresentado n\u00fameros expressivos: Mais de 8 mil empregos gerados, atra\u00e7\u00e3o de novos neg\u00f3cios e fortalecimento do com\u00e9rcio, obras de grande porte que modernizam a infraestrutura da cidade, investimento maci\u00e7o na educa\u00e7\u00e3o, com a implanta\u00e7\u00e3o do ensino da l\u00edngua inglesa na rede municipal de ensino, al\u00e9m do resgate de eventos culturais como Coit\u00e9 Folia e a Expo Coit\u00e9, que fomentam o emprego e a renda. Al\u00e9m disso, o prefeito idealizou o Natal Luz Coit\u00e9, considerado hoje o maior Natal da Bahia. Em apenas quatro edi\u00e7\u00f5es, o evento reuniu mais de 500 mil pessoas, movimentando o turismo, o com\u00e9rcio e o setor de servi\u00e7os, e consolidando-se como refer\u00eancia estadual. Com estilo direto e transparente, Marcelo Ara\u00fajo conquistou a confian\u00e7a da popula\u00e7\u00e3o. Pesquisas apontam aprova\u00e7\u00e3o de 82%, resultado que reflete tanto o impacto econ\u00f4mico de sua gest\u00e3o quanto sua capacidade de resgatar a autoestima dos coiteenses. No in\u00edcio de 2025, durante a posse de seu segundo mandato, anunciou novos projetos: investimentos no ecoturismo, na sa\u00fade, com a constru\u00e7\u00e3o do Hospital Municipal Hamilton Rios e revitaliza\u00e7\u00e3o de pontos tur\u00edsticos como a Serra do Mucambo e o A\u00e7ude Itarandi, com o prop\u00f3sito de fomentar a economia para a gera\u00e7\u00e3o de emprego e renda para a popula\u00e7\u00e3o, sua principal bandeira. O discurso viralizado trouxe ainda mais visibilidade ao pol\u00edtico que hoje j\u00e1 \u00e9 visto como um dos protagonistas entre os prefeitos de oposi\u00e7\u00e3o na Bahia. Sua postura firme contra a pol\u00edtica ultrapassada do toma l\u00e1 d\u00e1 c\u00e1, refor\u00e7a a imagem de pol\u00edtico independente, \u00e9tico e comprometido com resultados. Reda\u00e7\u00e3o .<\/p>\n","protected":false},"author":3,"featured_media":7951,"comment_status":"open","ping_status":"open","sticky":false,"template":"","format":"standard","meta":{"_joinchat":[],"footnotes":""},"categories":[53,59],"tags":[1261],"class_list":["post-7950","post","type-post","status-publish","format-standard","has-post-thumbnail","hentry","category-politica","category-ultimas-noticias","tag-marcelo-araujo"],"yoast_head":"<!-- This site is optimized with the Yoast SEO plugin v24.4 - https:\/\/yoast.com\/wordpress\/plugins\/seo\/ -->\n<title>De empres\u00e1rio a l\u00edder pol\u00edtico: quem \u00e9 Marcelo Ara\u00fajo, prefeito que ganhou proje\u00e7\u00e3o estadual ap\u00f3s discurso na C\u00e2mara de Vereadores em Concei\u00e7\u00e3o do Coit\u00e9 - Portal raizes noticias<\/title>\n<meta name=\"robots\" content=\"index, follow, max-snippet:-1, max-image-preview:large, max-video-preview:-1\" \/>\n<link rel=\"canonical\" href=\"https:\/\/portalraizesnoticias.com.br\/?p=7950\" \/>\n<meta property=\"og:locale\" content=\"pt_BR\" \/>\n<meta property=\"og:type\" content=\"article\" \/>\n<meta property=\"og:title\" content=\"De empres\u00e1rio a l\u00edder pol\u00edtico: quem \u00e9 Marcelo Ara\u00fajo, prefeito que ganhou proje\u00e7\u00e3o estadual ap\u00f3s discurso na C\u00e2mara de Vereadores em Concei\u00e7\u00e3o do Coit\u00e9 - Portal raizes noticias\" \/>\n<meta property=\"og:description\" content=\"Empres\u00e1rio, gestor com mais de 82% de aprova\u00e7\u00e3o popular na cidade que ele \u00e9 prefeito, Concei\u00e7\u00e3o do Coit\u00e9, criador do maior Natal Luz da Bahia, Marcelo mostra que pode fazer muito sem colocar em jogo os valores e princ\u00edpios que norteiam sua vida, com planejamento, foco e determina\u00e7\u00e3o. O prefeito de Concei\u00e7\u00e3o do Coit\u00e9, Marcelo Ara\u00fajo (55 anos), viralizou recentemente nas redes sociais ap\u00f3s um discurso firme na C\u00e2mara de Vereadores. Durante a fala, ele deixou claro que n\u00e3o aceita barganhas pol\u00edticas para obter recursos para o munic\u00edpio. \u201cEu n\u00e3o me vendo\u201d, disse o gestor, enfatizando que n\u00e3o abre m\u00e3o dos seus princ\u00edpios e valores. A declara\u00e7\u00e3o ganhou repercuss\u00e3o estadual e chamou a aten\u00e7\u00e3o de toda a Bahia, por sua postura firme e determinada, deixando evidente que n\u00e3o se deve pensar somente na governabilidade da sua cidade, mas pensando na Bahia e no Brasil. Formado em Administra\u00e7\u00e3o, Marcelo Ara\u00fajo construiu sua carreira no setor privado antes de ingressar na pol\u00edtica, j\u00e1 aos 50 anos, em 2020, quando disputou sua primeira elei\u00e7\u00e3o e venceu. Desde ent\u00e3o, vem consolidando sua imagem de gestor inovador e pr\u00f3ximo da popula\u00e7\u00e3o. Em 2024, foi reeleito com mais de 27 mil votos, a maior margem da hist\u00f3ria pol\u00edtica do munic\u00edpio, numa demonstra\u00e7\u00e3o inequ\u00edvoca de que a popula\u00e7\u00e3o apoia seu estilo de fazer gest\u00e3o. Nos quase cinco anos de administra\u00e7\u00e3o, Marcelo Ara\u00fajo tem apresentado n\u00fameros expressivos: Mais de 8 mil empregos gerados, atra\u00e7\u00e3o de novos neg\u00f3cios e fortalecimento do com\u00e9rcio, obras de grande porte que modernizam a infraestrutura da cidade, investimento maci\u00e7o na educa\u00e7\u00e3o, com a implanta\u00e7\u00e3o do ensino da l\u00edngua inglesa na rede municipal de ensino, al\u00e9m do resgate de eventos culturais como Coit\u00e9 Folia e a Expo Coit\u00e9, que fomentam o emprego e a renda. Al\u00e9m disso, o prefeito idealizou o Natal Luz Coit\u00e9, considerado hoje o maior Natal da Bahia. Em apenas quatro edi\u00e7\u00f5es, o evento reuniu mais de 500 mil pessoas, movimentando o turismo, o com\u00e9rcio e o setor de servi\u00e7os, e consolidando-se como refer\u00eancia estadual. Com estilo direto e transparente, Marcelo Ara\u00fajo conquistou a confian\u00e7a da popula\u00e7\u00e3o. Pesquisas apontam aprova\u00e7\u00e3o de 82%, resultado que reflete tanto o impacto econ\u00f4mico de sua gest\u00e3o quanto sua capacidade de resgatar a autoestima dos coiteenses. No in\u00edcio de 2025, durante a posse de seu segundo mandato, anunciou novos projetos: investimentos no ecoturismo, na sa\u00fade, com a constru\u00e7\u00e3o do Hospital Municipal Hamilton Rios e revitaliza\u00e7\u00e3o de pontos tur\u00edsticos como a Serra do Mucambo e o A\u00e7ude Itarandi, com o prop\u00f3sito de fomentar a economia para a gera\u00e7\u00e3o de emprego e renda para a popula\u00e7\u00e3o, sua principal bandeira. O discurso viralizado trouxe ainda mais visibilidade ao pol\u00edtico que hoje j\u00e1 \u00e9 visto como um dos protagonistas entre os prefeitos de oposi\u00e7\u00e3o na Bahia. Sua postura firme contra a pol\u00edtica ultrapassada do toma l\u00e1 d\u00e1 c\u00e1, refor\u00e7a a imagem de pol\u00edtico independente, \u00e9tico e comprometido com resultados. Reda\u00e7\u00e3o .\" \/>\n<meta property=\"og:url\" content=\"https:\/\/portalraizesnoticias.com.br\/?p=7950\" \/>\n<meta property=\"og:site_name\" content=\"Portal raizes noticias\" \/>\n<meta property=\"article:published_time\" content=\"2025-08-25T23:06:59+00:00\" \/>\n<meta property=\"og:image\" content=\"https:\/\/portalraizesnoticias.com.br\/wp-content\/uploads\/2025\/08\/images-2025-08-25T200537.241.jpeg\" \/>\n\t<meta property=\"og:image:width\" content=\"554\" \/>\n\t<meta property=\"og:image:height\" content=\"554\" \/>\n\t<meta property=\"og:image:type\" content=\"image\/jpeg\" \/>\n<meta name=\"author\" content=\"Portal Raizes\" \/>\n<meta name=\"twitter:card\" content=\"summary_large_image\" \/>\n<meta name=\"twitter:label1\" content=\"Escrito por\" \/>\n\t<meta name=\"twitter:data1\" content=\"Portal Raizes\" \/>\n\t<meta name=\"twitter:label2\" content=\"Est. tempo de leitura\" \/>\n\t<meta name=\"twitter:data2\" content=\"3 minutos\" \/>\n<script type=\"application\/ld+json\" class=\"yoast-schema-graph\">{\"@context\":\"https:\/\/schema.org\",\"@graph\":[{\"@type\":\"Article\",\"@id\":\"https:\/\/portalraizesnoticias.com.br\/?p=7950#article\",\"isPartOf\":{\"@id\":\"https:\/\/portalraizesnoticias.com.br\/?p=7950\"},\"author\":{\"name\":\"Portal Raizes\",\"@id\":\"https:\/\/portalraizesnoticias.com.br\/#\/schema\/person\/a3ca6b0fc701e78df19756c417d943ae\"},\"headline\":\"De empres\u00e1rio a l\u00edder pol\u00edtico: quem \u00e9 Marcelo Ara\u00fajo, prefeito que ganhou proje\u00e7\u00e3o estadual ap\u00f3s discurso na C\u00e2mara de Vereadores em Concei\u00e7\u00e3o do Coit\u00e9\",\"datePublished\":\"2025-08-25T23:06:59+00:00\",\"mainEntityOfPage\":{\"@id\":\"https:\/\/portalraizesnoticias.com.br\/?p=7950\"},\"wordCount\":569,\"commentCount\":0,\"publisher\":{\"@id\":\"https:\/\/portalraizesnoticias.com.br\/#organization\"},\"image\":{\"@id\":\"https:\/\/portalraizesnoticias.com.br\/?p=7950#primaryimage\"},\"thumbnailUrl\":\"https:\/\/portalraizesnoticias.com.br\/wp-content\/uploads\/2025\/08\/images-2025-08-25T200537.241.jpeg\",\"keywords\":[\"Marcelo araujo\"],\"articleSection\":[\"POLITICA\",\"ULTIMAS NOTICIAS\"],\"inLanguage\":\"pt-BR\",\"potentialAction\":[{\"@type\":\"CommentAction\",\"name\":\"Comment\",\"target\":[\"https:\/\/portalraizesnoticias.com.br\/?p=7950#respond\"]}]},{\"@type\":\"WebPage\",\"@id\":\"https:\/\/portalraizesnoticias.com.br\/?p=7950\",\"url\":\"https:\/\/portalraizesnoticias.com.br\/?p=7950\",\"name\":\"De empres\u00e1rio a l\u00edder pol\u00edtico: quem \u00e9 Marcelo Ara\u00fajo, prefeito que ganhou proje\u00e7\u00e3o estadual ap\u00f3s discurso na C\u00e2mara de Vereadores em Concei\u00e7\u00e3o do Coit\u00e9 - Portal raizes noticias\",\"isPartOf\":{\"@id\":\"https:\/\/portalraizesnoticias.com.br\/#website\"},\"primaryImageOfPage\":{\"@id\":\"https:\/\/portalraizesnoticias.com.br\/?p=7950#primaryimage\"},\"image\":{\"@id\":\"https:\/\/portalraizesnoticias.com.br\/?p=7950#primaryimage\"},\"thumbnailUrl\":\"https:\/\/portalraizesnoticias.com.br\/wp-content\/uploads\/2025\/08\/images-2025-08-25T200537.241.jpeg\",\"datePublished\":\"2025-08-25T23:06:59+00:00\",\"breadcrumb\":{\"@id\":\"https:\/\/portalraizesnoticias.com.br\/?p=7950#breadcrumb\"},\"inLanguage\":\"pt-BR\",\"potentialAction\":[{\"@type\":\"ReadAction\",\"target\":[\"https:\/\/portalraizesnoticias.com.br\/?p=7950\"]}]},{\"@type\":\"ImageObject\",\"inLanguage\":\"pt-BR\",\"@id\":\"https:\/\/portalraizesnoticias.com.br\/?p=7950#primaryimage\",\"url\":\"https:\/\/portalraizesnoticias.com.br\/wp-content\/uploads\/2025\/08\/images-2025-08-25T200537.241.jpeg\",\"contentUrl\":\"https:\/\/portalraizesnoticias.com.br\/wp-content\/uploads\/2025\/08\/images-2025-08-25T200537.241.jpeg\",\"width\":554,\"height\":554},{\"@type\":\"BreadcrumbList\",\"@id\":\"https:\/\/portalraizesnoticias.com.br\/?p=7950#breadcrumb\",\"itemListElement\":[{\"@type\":\"ListItem\",\"position\":1,\"name\":\"In\u00edcio\",\"item\":\"https:\/\/portalraizesnoticias.com.br\/\"},{\"@type\":\"ListItem\",\"position\":2,\"name\":\"De empres\u00e1rio a l\u00edder pol\u00edtico: quem \u00e9 Marcelo Ara\u00fajo, prefeito que ganhou proje\u00e7\u00e3o estadual ap\u00f3s discurso na C\u00e2mara de Vereadores em Concei\u00e7\u00e3o do Coit\u00e9\"}]},{\"@type\":\"WebSite\",\"@id\":\"https:\/\/portalraizesnoticias.com.br\/#website\",\"url\":\"https:\/\/portalraizesnoticias.com.br\/\",\"name\":\"Portal raizes NOTICIAS\",\"description\":\"site de noticias de concei\u00e7\u00e3o do coit\u00e9 e regi\u00e3o\",\"publisher\":{\"@id\":\"https:\/\/portalraizesnoticias.com.br\/#organization\"},\"alternateName\":\"PORTAL RAIZES COIT\u00c9\",\"potentialAction\":[{\"@type\":\"SearchAction\",\"target\":{\"@type\":\"EntryPoint\",\"urlTemplate\":\"https:\/\/portalraizesnoticias.com.br\/?s={search_term_string}\"},\"query-input\":{\"@type\":\"PropertyValueSpecification\",\"valueRequired\":true,\"valueName\":\"search_term_string\"}}],\"inLanguage\":\"pt-BR\"},{\"@type\":\"Organization\",\"@id\":\"https:\/\/portalraizesnoticias.com.br\/#organization\",\"name\":\"Portal raizes NOTICIAS\",\"url\":\"https:\/\/portalraizesnoticias.com.br\/\",\"logo\":{\"@type\":\"ImageObject\",\"inLanguage\":\"pt-BR\",\"@id\":\"https:\/\/portalraizesnoticias.com.br\/#\/schema\/logo\/image\/\",\"url\":\"https:\/\/portalraizesnoticias.com.br\/wp-content\/uploads\/2024\/09\/cropped-Captura-de-tela-2024-09-08-011108.png\",\"contentUrl\":\"https:\/\/portalraizesnoticias.com.br\/wp-content\/uploads\/2024\/09\/cropped-Captura-de-tela-2024-09-08-011108.png\",\"width\":606,\"height\":173,\"caption\":\"Portal raizes NOTICIAS\"},\"image\":{\"@id\":\"https:\/\/portalraizesnoticias.com.br\/#\/schema\/logo\/image\/\"}},{\"@type\":\"Person\",\"@id\":\"https:\/\/portalraizesnoticias.com.br\/#\/schema\/person\/a3ca6b0fc701e78df19756c417d943ae\",\"name\":\"Portal Raizes\",\"image\":{\"@type\":\"ImageObject\",\"inLanguage\":\"pt-BR\",\"@id\":\"https:\/\/portalraizesnoticias.com.br\/#\/schema\/person\/image\/\",\"url\":\"https:\/\/secure.gravatar.com\/avatar\/ef450d29013a3d3fba867a12a249d7b1?s=96&d=mm&r=g\",\"contentUrl\":\"https:\/\/secure.gravatar.com\/avatar\/ef450d29013a3d3fba867a12a249d7b1?s=96&d=mm&r=g\",\"caption\":\"Portal Raizes\"},\"url\":\"https:\/\/portalraizesnoticias.com.br\/?author=3\"}]}<\/script>\n<!-- \/ Yoast SEO plugin. -->","yoast_head_json":{"title":"De empres\u00e1rio a l\u00edder pol\u00edtico: quem \u00e9 Marcelo Ara\u00fajo, prefeito que ganhou proje\u00e7\u00e3o estadual ap\u00f3s discurso na C\u00e2mara de Vereadores em Concei\u00e7\u00e3o do Coit\u00e9 - Portal raizes noticias","robots":{"index":"index","follow":"follow","max-snippet":"max-snippet:-1","max-image-preview":"max-image-preview:large","max-video-preview":"max-video-preview:-1"},"canonical":"https:\/\/portalraizesnoticias.com.br\/?p=7950","og_locale":"pt_BR","og_type":"article","og_title":"De empres\u00e1rio a l\u00edder pol\u00edtico: quem \u00e9 Marcelo Ara\u00fajo, prefeito que ganhou proje\u00e7\u00e3o estadual ap\u00f3s discurso na C\u00e2mara de Vereadores em Concei\u00e7\u00e3o do Coit\u00e9 - Portal raizes noticias","og_description":"Empres\u00e1rio, gestor com mais de 82% de aprova\u00e7\u00e3o popular na cidade que ele \u00e9 prefeito, Concei\u00e7\u00e3o do Coit\u00e9, criador do maior Natal Luz da Bahia, Marcelo mostra que pode fazer muito sem colocar em jogo os valores e princ\u00edpios que norteiam sua vida, com planejamento, foco e determina\u00e7\u00e3o. O prefeito de Concei\u00e7\u00e3o do Coit\u00e9, Marcelo Ara\u00fajo (55 anos), viralizou recentemente nas redes sociais ap\u00f3s um discurso firme na C\u00e2mara de Vereadores. Durante a fala, ele deixou claro que n\u00e3o aceita barganhas pol\u00edticas para obter recursos para o munic\u00edpio. \u201cEu n\u00e3o me vendo\u201d, disse o gestor, enfatizando que n\u00e3o abre m\u00e3o dos seus princ\u00edpios e valores. A declara\u00e7\u00e3o ganhou repercuss\u00e3o estadual e chamou a aten\u00e7\u00e3o de toda a Bahia, por sua postura firme e determinada, deixando evidente que n\u00e3o se deve pensar somente na governabilidade da sua cidade, mas pensando na Bahia e no Brasil. Formado em Administra\u00e7\u00e3o, Marcelo Ara\u00fajo construiu sua carreira no setor privado antes de ingressar na pol\u00edtica, j\u00e1 aos 50 anos, em 2020, quando disputou sua primeira elei\u00e7\u00e3o e venceu. Desde ent\u00e3o, vem consolidando sua imagem de gestor inovador e pr\u00f3ximo da popula\u00e7\u00e3o. Em 2024, foi reeleito com mais de 27 mil votos, a maior margem da hist\u00f3ria pol\u00edtica do munic\u00edpio, numa demonstra\u00e7\u00e3o inequ\u00edvoca de que a popula\u00e7\u00e3o apoia seu estilo de fazer gest\u00e3o. Nos quase cinco anos de administra\u00e7\u00e3o, Marcelo Ara\u00fajo tem apresentado n\u00fameros expressivos: Mais de 8 mil empregos gerados, atra\u00e7\u00e3o de novos neg\u00f3cios e fortalecimento do com\u00e9rcio, obras de grande porte que modernizam a infraestrutura da cidade, investimento maci\u00e7o na educa\u00e7\u00e3o, com a implanta\u00e7\u00e3o do ensino da l\u00edngua inglesa na rede municipal de ensino, al\u00e9m do resgate de eventos culturais como Coit\u00e9 Folia e a Expo Coit\u00e9, que fomentam o emprego e a renda. Al\u00e9m disso, o prefeito idealizou o Natal Luz Coit\u00e9, considerado hoje o maior Natal da Bahia. Em apenas quatro edi\u00e7\u00f5es, o evento reuniu mais de 500 mil pessoas, movimentando o turismo, o com\u00e9rcio e o setor de servi\u00e7os, e consolidando-se como refer\u00eancia estadual. Com estilo direto e transparente, Marcelo Ara\u00fajo conquistou a confian\u00e7a da popula\u00e7\u00e3o. Pesquisas apontam aprova\u00e7\u00e3o de 82%, resultado que reflete tanto o impacto econ\u00f4mico de sua gest\u00e3o quanto sua capacidade de resgatar a autoestima dos coiteenses. No in\u00edcio de 2025, durante a posse de seu segundo mandato, anunciou novos projetos: investimentos no ecoturismo, na sa\u00fade, com a constru\u00e7\u00e3o do Hospital Municipal Hamilton Rios e revitaliza\u00e7\u00e3o de pontos tur\u00edsticos como a Serra do Mucambo e o A\u00e7ude Itarandi, com o prop\u00f3sito de fomentar a economia para a gera\u00e7\u00e3o de emprego e renda para a popula\u00e7\u00e3o, sua principal bandeira. O discurso viralizado trouxe ainda mais visibilidade ao pol\u00edtico que hoje j\u00e1 \u00e9 visto como um dos protagonistas entre os prefeitos de oposi\u00e7\u00e3o na Bahia. Sua postura firme contra a pol\u00edtica ultrapassada do toma l\u00e1 d\u00e1 c\u00e1, refor\u00e7a a imagem de pol\u00edtico independente, \u00e9tico e comprometido com resultados. Reda\u00e7\u00e3o .","og_url":"https:\/\/portalraizesnoticias.com.br\/?p=7950","og_site_name":"Portal raizes noticias","article_published_time":"2025-08-25T23:06:59+00:00","og_image":[{"width":554,"height":554,"url":"https:\/\/portalraizesnoticias.com.br\/wp-content\/uploads\/2025\/08\/images-2025-08-25T200537.241.jpeg","type":"image\/jpeg"}],"author":"Portal Raizes","twitter_card":"summary_large_image","twitter_misc":{"Escrito por":"Portal Raizes","Est. tempo de leitura":"3 minutos"},"schema":{"@context":"https:\/\/schema.org","@graph":[{"@type":"Article","@id":"https:\/\/portalraizesnoticias.com.br\/?p=7950#article","isPartOf":{"@id":"https:\/\/portalraizesnoticias.com.br\/?p=7950"},"author":{"name":"Portal Raizes","@id":"https:\/\/portalraizesnoticias.com.br\/#\/schema\/person\/a3ca6b0fc701e78df19756c417d943ae"},"headline":"De empres\u00e1rio a l\u00edder pol\u00edtico: quem \u00e9 Marcelo Ara\u00fajo, prefeito que ganhou proje\u00e7\u00e3o estadual ap\u00f3s discurso na C\u00e2mara de Vereadores em Concei\u00e7\u00e3o do Coit\u00e9","datePublished":"2025-08-25T23:06:59+00:00","mainEntityOfPage":{"@id":"https:\/\/portalraizesnoticias.com.br\/?p=7950"},"wordCount":569,"commentCount":0,"publisher":{"@id":"https:\/\/portalraizesnoticias.com.br\/#organization"},"image":{"@id":"https:\/\/portalraizesnoticias.com.br\/?p=7950#primaryimage"},"thumbnailUrl":"https:\/\/portalraizesnoticias.com.br\/wp-content\/uploads\/2025\/08\/images-2025-08-25T200537.241.jpeg","keywords":["Marcelo araujo"],"articleSection":["POLITICA","ULTIMAS NOTICIAS"],"inLanguage":"pt-BR","potentialAction":[{"@type":"CommentAction","name":"Comment","target":["https:\/\/portalraizesnoticias.com.br\/?p=7950#respond"]}]},{"@type":"WebPage","@id":"https:\/\/portalraizesnoticias.com.br\/?p=7950","url":"https:\/\/portalraizesnoticias.com.br\/?p=7950","name":"De empres\u00e1rio a l\u00edder pol\u00edtico: quem \u00e9 Marcelo Ara\u00fajo, prefeito que ganhou proje\u00e7\u00e3o estadual ap\u00f3s discurso na C\u00e2mara de Vereadores em Concei\u00e7\u00e3o do Coit\u00e9 - Portal raizes noticias","isPartOf":{"@id":"https:\/\/portalraizesnoticias.com.br\/#website"},"primaryImageOfPage":{"@id":"https:\/\/portalraizesnoticias.com.br\/?p=7950#primaryimage"},"image":{"@id":"https:\/\/portalraizesnoticias.com.br\/?p=7950#primaryimage"},"thumbnailUrl":"https:\/\/portalraizesnoticias.com.br\/wp-content\/uploads\/2025\/08\/images-2025-08-25T200537.241.jpeg","datePublished":"2025-08-25T23:06:59+00:00","breadcrumb":{"@id":"https:\/\/portalraizesnoticias.com.br\/?p=7950#breadcrumb"},"inLanguage":"pt-BR","potentialAction":[{"@type":"ReadAction","target":["https:\/\/portalraizesnoticias.com.br\/?p=7950"]}]},{"@type":"ImageObject","inLanguage":"pt-BR","@id":"https:\/\/portalraizesnoticias.com.br\/?p=7950#primaryimage","url":"https:\/\/portalraizesnoticias.com.br\/wp-content\/uploads\/2025\/08\/images-2025-08-25T200537.241.jpeg","contentUrl":"https:\/\/portalraizesnoticias.com.br\/wp-content\/uploads\/2025\/08\/images-2025-08-25T200537.241.jpeg","width":554,"height":554},{"@type":"BreadcrumbList","@id":"https:\/\/portalraizesnoticias.com.br\/?p=7950#breadcrumb","itemListElement":[{"@type":"ListItem","position":1,"name":"In\u00edcio","item":"https:\/\/portalraizesnoticias.com.br\/"},{"@type":"ListItem","position":2,"name":"De empres\u00e1rio a l\u00edder pol\u00edtico: quem \u00e9 Marcelo Ara\u00fajo, prefeito que ganhou proje\u00e7\u00e3o estadual ap\u00f3s discurso na C\u00e2mara de Vereadores em Concei\u00e7\u00e3o do Coit\u00e9"}]},{"@type":"WebSite","@id":"https:\/\/portalraizesnoticias.com.br\/#website","url":"https:\/\/portalraizesnoticias.com.br\/","name":"Portal raizes NOTICIAS","description":"site de noticias de concei\u00e7\u00e3o do coit\u00e9 e regi\u00e3o","publisher":{"@id":"https:\/\/portalraizesnoticias.com.br\/#organization"},"alternateName":"PORTAL RAIZES COIT\u00c9","potentialAction":[{"@type":"SearchAction","target":{"@type":"EntryPoint","urlTemplate":"https:\/\/portalraizesnoticias.com.br\/?s={search_term_string}"},"query-input":{"@type":"PropertyValueSpecification","valueRequired":true,"valueName":"search_term_string"}}],"inLanguage":"pt-BR"},{"@type":"Organization","@id":"https:\/\/portalraizesnoticias.com.br\/#organization","name":"Portal raizes NOTICIAS","url":"https:\/\/portalraizesnoticias.com.br\/","logo":{"@type":"ImageObject","inLanguage":"pt-BR","@id":"https:\/\/portalraizesnoticias.com.br\/#\/schema\/logo\/image\/","url":"https:\/\/portalraizesnoticias.com.br\/wp-content\/uploads\/2024\/09\/cropped-Captura-de-tela-2024-09-08-011108.png","contentUrl":"https:\/\/portalraizesnoticias.com.br\/wp-content\/uploads\/2024\/09\/cropped-Captura-de-tela-2024-09-08-011108.png","width":606,"height":173,"caption":"Portal raizes NOTICIAS"},"image":{"@id":"https:\/\/portalraizesnoticias.com.br\/#\/schema\/logo\/image\/"}},{"@type":"Person","@id":"https:\/\/portalraizesnoticias.com.br\/#\/schema\/person\/a3ca6b0fc701e78df19756c417d943ae","name":"Portal Raizes","image":{"@type":"ImageObject","inLanguage":"pt-BR","@id":"https:\/\/portalraizesnoticias.com.br\/#\/schema\/person\/image\/","url":"https:\/\/secure.gravatar.com\/avatar\/ef450d29013a3d3fba867a12a249d7b1?s=96&d=mm&r=g","contentUrl":"https:\/\/secure.gravatar.com\/avatar\/ef450d29013a3d3fba867a12a249d7b1?s=96&d=mm&r=g","caption":"Portal Raizes"},"url":"https:\/\/portalraizesnoticias.com.br\/?author=3"}]}},"_links":{"self":[{"href":"https:\/\/portalraizesnoticias.com.br\/index.php?rest_route=\/wp\/v2\/posts\/7950"}],"collection":[{"href":"https:\/\/portalraizesnoticias.com.br\/index.php?rest_route=\/wp\/v2\/posts"}],"about":[{"href":"https:\/\/portalraizesnoticias.com.br\/index.php?rest_route=\/wp\/v2\/types\/post"}],"author":[{"embeddable":true,"href":"https:\/\/portalraizesnoticias.com.br\/index.php?rest_route=\/wp\/v2\/users\/3"}],"replies":[{"embeddable":true,"href":"https:\/\/portalraizesnoticias.com.br\/index.php?rest_route=%2Fwp%2Fv2%2Fcomments&post=7950"}],"version-history":[{"count":1,"href":"https:\/\/portalraizesnoticias.com.br\/index.php?rest_route=\/wp\/v2\/posts\/7950\/revisions"}],"predecessor-version":[{"id":7952,"href":"https:\/\/portalraizesnoticias.com.br\/index.php?rest_route=\/wp\/v2\/posts\/7950\/revisions\/7952"}],"wp:featuredmedia":[{"embeddable":true,"href":"https:\/\/portalraizesnoticias.com.br\/index.php?rest_route=\/wp\/v2\/media\/7951"}],"wp:attachment":[{"href":"https:\/\/portalraizesnoticias.com.br\/index.php?rest_route=%2Fwp%2Fv2%2Fmedia&parent=7950"}],"wp:term":[{"taxonomy":"category","embeddable":true,"href":"https:\/\/portalraizesnoticias.com.br\/index.php?rest_route=%2Fwp%2Fv2%2Fcategories&post=7950"},{"taxonomy":"post_tag","embeddable":true,"href":"https:\/\/portalraizesnoticias.com.br\/index.php?rest_route=%2Fwp%2Fv2%2Ftags&post=7950"}],"curies":[{"name":"wp","href":"https:\/\/api.w.org\/{rel}","templated":true}]}}