{"id":7937,"date":"2025-08-23T22:22:06","date_gmt":"2025-08-24T01:22:06","guid":{"rendered":"https:\/\/portalraizesnoticias.com.br\/?p=7937"},"modified":"2025-08-23T22:33:25","modified_gmt":"2025-08-24T01:33:25","slug":"adolescente-fica-ferido-apos-colidir-moto-com-cerca-no-distrito-de-bandiacu-em-conceicao-do-coite","status":"publish","type":"post","link":"https:\/\/portalraizesnoticias.com.br\/?p=7937","title":{"rendered":"Adolescente fica ferido ap\u00f3s colidir moto com cerca no distrito de Bandia\u00e7u em Concei\u00e7\u00e3o do Coit\u00e9"},"content":{"rendered":"<p>Por volta das 20h48 deste s\u00e1bado (23), um adolescente identificado pelas iniciais I.C., com idade n\u00e3o divulgada, ficou ferido ap\u00f3s colidir a motocicleta que pilotava contra uma cerca no distrito de Bandia\u00e7u, em Concei\u00e7\u00e3o do Coit\u00e9, regi\u00e3o sisaleira.<\/p>\n<p><img fetchpriority=\"high\" decoding=\"async\" class=\"size-medium wp-image-7943 alignright\" src=\"https:\/\/portalraizesnoticias.com.br\/wp-content\/uploads\/2025\/08\/IMG-20250823-WA0498-225x300.jpg\" alt=\"\" width=\"225\" height=\"300\" srcset=\"https:\/\/portalraizesnoticias.com.br\/wp-content\/uploads\/2025\/08\/IMG-20250823-WA0498-225x300.jpg 225w, https:\/\/portalraizesnoticias.com.br\/wp-content\/uploads\/2025\/08\/IMG-20250823-WA0498-768x1024.jpg 768w, https:\/\/portalraizesnoticias.com.br\/wp-content\/uploads\/2025\/08\/IMG-20250823-WA0498-1152x1536.jpg 1152w, https:\/\/portalraizesnoticias.com.br\/wp-content\/uploads\/2025\/08\/IMG-20250823-WA0498.jpg 1200w\" sizes=\"(max-width: 225px) 100vw, 225px\" \/><\/p>\n<p>De acordo com o coordenador da equipe \u00c1guia Resgate, Gildo Carneiro, a v\u00edtima foi encontrada consciente e orientada, apresentando suspeita de fraturas nos bra\u00e7os e m\u00faltiplas escoria\u00e7\u00f5es pelo corpo.<\/p>\n<p>O adolescente recebeu os primeiros socorros no local e, em seguida, foi encaminhado para a emerg\u00eancia do Hospital Portugu\u00eas de Coit\u00e9<\/p>\n<p>Reda\u00e7\u00e3o .<\/p>\n<p>&#8212;<\/p>\n","protected":false},"excerpt":{"rendered":"<p>Por volta das 20h48 deste s\u00e1bado (23), um adolescente identificado pelas iniciais I.C., com idade n\u00e3o divulgada, ficou ferido ap\u00f3s colidir a motocicleta que pilotava contra uma cerca no distrito de Bandia\u00e7u, em Concei\u00e7\u00e3o do Coit\u00e9, regi\u00e3o sisaleira. De acordo com o coordenador da equipe \u00c1guia Resgate, Gildo Carneiro, a v\u00edtima foi encontrada consciente e orientada, apresentando suspeita de fraturas nos bra\u00e7os e m\u00faltiplas escoria\u00e7\u00f5es pelo corpo. O adolescente recebeu os primeiros socorros no local e, em seguida, foi encaminhado para a emerg\u00eancia do Hospital Portugu\u00eas de Coit\u00e9 Reda\u00e7\u00e3o . &#8212;<\/p>\n","protected":false},"author":3,"featured_media":7939,"comment_status":"open","ping_status":"open","sticky":false,"template":"","format":"standard","meta":{"_joinchat":[],"footnotes":""},"categories":[58,55,59],"tags":[139],"class_list":["post-7937","post","type-post","status-publish","format-standard","has-post-thumbnail","hentry","category-acidentes","category-destaques","category-ultimas-noticias","tag-acidente"],"yoast_head":"<!-- This site is optimized with the Yoast SEO plugin v24.4 - https:\/\/yoast.com\/wordpress\/plugins\/seo\/ -->\n<title>Adolescente fica ferido ap\u00f3s colidir moto com cerca no distrito de Bandia\u00e7u em Concei\u00e7\u00e3o do Coit\u00e9 - Portal raizes noticias<\/title>\n<meta name=\"robots\" content=\"index, follow, max-snippet:-1, max-image-preview:large, max-video-preview:-1\" \/>\n<link rel=\"canonical\" href=\"https:\/\/portalraizesnoticias.com.br\/?p=7937\" \/>\n<meta property=\"og:locale\" content=\"pt_BR\" \/>\n<meta property=\"og:type\" content=\"article\" \/>\n<meta property=\"og:title\" content=\"Adolescente fica ferido ap\u00f3s colidir moto com cerca no distrito de Bandia\u00e7u em Concei\u00e7\u00e3o do Coit\u00e9 - Portal raizes noticias\" \/>\n<meta property=\"og:description\" content=\"Por volta das 20h48 deste s\u00e1bado (23), um adolescente identificado pelas iniciais I.C., com idade n\u00e3o divulgada, ficou ferido ap\u00f3s colidir a motocicleta que pilotava contra uma cerca no distrito de Bandia\u00e7u, em Concei\u00e7\u00e3o do Coit\u00e9, regi\u00e3o sisaleira. De acordo com o coordenador da equipe \u00c1guia Resgate, Gildo Carneiro, a v\u00edtima foi encontrada consciente e orientada, apresentando suspeita de fraturas nos bra\u00e7os e m\u00faltiplas escoria\u00e7\u00f5es pelo corpo. O adolescente recebeu os primeiros socorros no local e, em seguida, foi encaminhado para a emerg\u00eancia do Hospital Portugu\u00eas de Coit\u00e9 Reda\u00e7\u00e3o . &#8212;\" \/>\n<meta property=\"og:url\" content=\"https:\/\/portalraizesnoticias.com.br\/?p=7937\" \/>\n<meta property=\"og:site_name\" content=\"Portal raizes noticias\" \/>\n<meta property=\"article:published_time\" content=\"2025-08-24T01:22:06+00:00\" \/>\n<meta property=\"article:modified_time\" content=\"2025-08-24T01:33:25+00:00\" \/>\n<meta property=\"og:image\" content=\"https:\/\/portalraizesnoticias.com.br\/wp-content\/uploads\/2025\/08\/IMG-20250823-WA0499.jpg\" \/>\n\t<meta property=\"og:image:width\" content=\"1200\" \/>\n\t<meta property=\"og:image:height\" content=\"1600\" \/>\n\t<meta property=\"og:image:type\" content=\"image\/jpeg\" \/>\n<meta name=\"author\" content=\"Portal Raizes\" \/>\n<meta name=\"twitter:card\" content=\"summary_large_image\" \/>\n<meta name=\"twitter:label1\" content=\"Escrito por\" \/>\n\t<meta name=\"twitter:data1\" content=\"Portal Raizes\" \/>\n\t<meta name=\"twitter:label2\" content=\"Est. tempo de leitura\" \/>\n\t<meta name=\"twitter:data2\" content=\"1 minuto\" \/>\n<script type=\"application\/ld+json\" class=\"yoast-schema-graph\">{\"@context\":\"https:\/\/schema.org\",\"@graph\":[{\"@type\":\"Article\",\"@id\":\"https:\/\/portalraizesnoticias.com.br\/?p=7937#article\",\"isPartOf\":{\"@id\":\"https:\/\/portalraizesnoticias.com.br\/?p=7937\"},\"author\":{\"name\":\"Portal Raizes\",\"@id\":\"https:\/\/portalraizesnoticias.com.br\/#\/schema\/person\/a3ca6b0fc701e78df19756c417d943ae\"},\"headline\":\"Adolescente fica ferido ap\u00f3s colidir moto com cerca no distrito de Bandia\u00e7u em Concei\u00e7\u00e3o do Coit\u00e9\",\"datePublished\":\"2025-08-24T01:22:06+00:00\",\"dateModified\":\"2025-08-24T01:33:25+00:00\",\"mainEntityOfPage\":{\"@id\":\"https:\/\/portalraizesnoticias.com.br\/?p=7937\"},\"wordCount\":122,\"commentCount\":0,\"publisher\":{\"@id\":\"https:\/\/portalraizesnoticias.com.br\/#organization\"},\"image\":{\"@id\":\"https:\/\/portalraizesnoticias.com.br\/?p=7937#primaryimage\"},\"thumbnailUrl\":\"https:\/\/portalraizesnoticias.com.br\/wp-content\/uploads\/2025\/08\/IMG-20250823-WA0499.jpg\",\"keywords\":[\"Acidente\"],\"articleSection\":[\"ACIDENTES\",\"DESTAQUES\",\"ULTIMAS NOTICIAS\"],\"inLanguage\":\"pt-BR\",\"potentialAction\":[{\"@type\":\"CommentAction\",\"name\":\"Comment\",\"target\":[\"https:\/\/portalraizesnoticias.com.br\/?p=7937#respond\"]}]},{\"@type\":\"WebPage\",\"@id\":\"https:\/\/portalraizesnoticias.com.br\/?p=7937\",\"url\":\"https:\/\/portalraizesnoticias.com.br\/?p=7937\",\"name\":\"Adolescente fica ferido ap\u00f3s colidir moto com cerca no distrito de Bandia\u00e7u em Concei\u00e7\u00e3o do Coit\u00e9 - Portal raizes noticias\",\"isPartOf\":{\"@id\":\"https:\/\/portalraizesnoticias.com.br\/#website\"},\"primaryImageOfPage\":{\"@id\":\"https:\/\/portalraizesnoticias.com.br\/?p=7937#primaryimage\"},\"image\":{\"@id\":\"https:\/\/portalraizesnoticias.com.br\/?p=7937#primaryimage\"},\"thumbnailUrl\":\"https:\/\/portalraizesnoticias.com.br\/wp-content\/uploads\/2025\/08\/IMG-20250823-WA0499.jpg\",\"datePublished\":\"2025-08-24T01:22:06+00:00\",\"dateModified\":\"2025-08-24T01:33:25+00:00\",\"breadcrumb\":{\"@id\":\"https:\/\/portalraizesnoticias.com.br\/?p=7937#breadcrumb\"},\"inLanguage\":\"pt-BR\",\"potentialAction\":[{\"@type\":\"ReadAction\",\"target\":[\"https:\/\/portalraizesnoticias.com.br\/?p=7937\"]}]},{\"@type\":\"ImageObject\",\"inLanguage\":\"pt-BR\",\"@id\":\"https:\/\/portalraizesnoticias.com.br\/?p=7937#primaryimage\",\"url\":\"https:\/\/portalraizesnoticias.com.br\/wp-content\/uploads\/2025\/08\/IMG-20250823-WA0499.jpg\",\"contentUrl\":\"https:\/\/portalraizesnoticias.com.br\/wp-content\/uploads\/2025\/08\/IMG-20250823-WA0499.jpg\",\"width\":1200,\"height\":1600},{\"@type\":\"BreadcrumbList\",\"@id\":\"https:\/\/portalraizesnoticias.com.br\/?p=7937#breadcrumb\",\"itemListElement\":[{\"@type\":\"ListItem\",\"position\":1,\"name\":\"In\u00edcio\",\"item\":\"https:\/\/portalraizesnoticias.com.br\/\"},{\"@type\":\"ListItem\",\"position\":2,\"name\":\"Adolescente fica ferido ap\u00f3s colidir moto com cerca no distrito de Bandia\u00e7u em Concei\u00e7\u00e3o do Coit\u00e9\"}]},{\"@type\":\"WebSite\",\"@id\":\"https:\/\/portalraizesnoticias.com.br\/#website\",\"url\":\"https:\/\/portalraizesnoticias.com.br\/\",\"name\":\"Portal raizes NOTICIAS\",\"description\":\"site de noticias de concei\u00e7\u00e3o do coit\u00e9 e regi\u00e3o\",\"publisher\":{\"@id\":\"https:\/\/portalraizesnoticias.com.br\/#organization\"},\"alternateName\":\"PORTAL RAIZES COIT\u00c9\",\"potentialAction\":[{\"@type\":\"SearchAction\",\"target\":{\"@type\":\"EntryPoint\",\"urlTemplate\":\"https:\/\/portalraizesnoticias.com.br\/?s={search_term_string}\"},\"query-input\":{\"@type\":\"PropertyValueSpecification\",\"valueRequired\":true,\"valueName\":\"search_term_string\"}}],\"inLanguage\":\"pt-BR\"},{\"@type\":\"Organization\",\"@id\":\"https:\/\/portalraizesnoticias.com.br\/#organization\",\"name\":\"Portal raizes NOTICIAS\",\"url\":\"https:\/\/portalraizesnoticias.com.br\/\",\"logo\":{\"@type\":\"ImageObject\",\"inLanguage\":\"pt-BR\",\"@id\":\"https:\/\/portalraizesnoticias.com.br\/#\/schema\/logo\/image\/\",\"url\":\"https:\/\/portalraizesnoticias.com.br\/wp-content\/uploads\/2024\/09\/cropped-Captura-de-tela-2024-09-08-011108.png\",\"contentUrl\":\"https:\/\/portalraizesnoticias.com.br\/wp-content\/uploads\/2024\/09\/cropped-Captura-de-tela-2024-09-08-011108.png\",\"width\":606,\"height\":173,\"caption\":\"Portal raizes NOTICIAS\"},\"image\":{\"@id\":\"https:\/\/portalraizesnoticias.com.br\/#\/schema\/logo\/image\/\"}},{\"@type\":\"Person\",\"@id\":\"https:\/\/portalraizesnoticias.com.br\/#\/schema\/person\/a3ca6b0fc701e78df19756c417d943ae\",\"name\":\"Portal Raizes\",\"image\":{\"@type\":\"ImageObject\",\"inLanguage\":\"pt-BR\",\"@id\":\"https:\/\/portalraizesnoticias.com.br\/#\/schema\/person\/image\/\",\"url\":\"https:\/\/secure.gravatar.com\/avatar\/ef450d29013a3d3fba867a12a249d7b1?s=96&d=mm&r=g\",\"contentUrl\":\"https:\/\/secure.gravatar.com\/avatar\/ef450d29013a3d3fba867a12a249d7b1?s=96&d=mm&r=g\",\"caption\":\"Portal Raizes\"},\"url\":\"https:\/\/portalraizesnoticias.com.br\/?author=3\"}]}<\/script>\n<!-- \/ Yoast SEO plugin. -->","yoast_head_json":{"title":"Adolescente fica ferido ap\u00f3s colidir moto com cerca no distrito de Bandia\u00e7u em Concei\u00e7\u00e3o do Coit\u00e9 - Portal raizes noticias","robots":{"index":"index","follow":"follow","max-snippet":"max-snippet:-1","max-image-preview":"max-image-preview:large","max-video-preview":"max-video-preview:-1"},"canonical":"https:\/\/portalraizesnoticias.com.br\/?p=7937","og_locale":"pt_BR","og_type":"article","og_title":"Adolescente fica ferido ap\u00f3s colidir moto com cerca no distrito de Bandia\u00e7u em Concei\u00e7\u00e3o do Coit\u00e9 - Portal raizes noticias","og_description":"Por volta das 20h48 deste s\u00e1bado (23), um adolescente identificado pelas iniciais I.C., com idade n\u00e3o divulgada, ficou ferido ap\u00f3s colidir a motocicleta que pilotava contra uma cerca no distrito de Bandia\u00e7u, em Concei\u00e7\u00e3o do Coit\u00e9, regi\u00e3o sisaleira. De acordo com o coordenador da equipe \u00c1guia Resgate, Gildo Carneiro, a v\u00edtima foi encontrada consciente e orientada, apresentando suspeita de fraturas nos bra\u00e7os e m\u00faltiplas escoria\u00e7\u00f5es pelo corpo. O adolescente recebeu os primeiros socorros no local e, em seguida, foi encaminhado para a emerg\u00eancia do Hospital Portugu\u00eas de Coit\u00e9 Reda\u00e7\u00e3o . &#8212;","og_url":"https:\/\/portalraizesnoticias.com.br\/?p=7937","og_site_name":"Portal raizes noticias","article_published_time":"2025-08-24T01:22:06+00:00","article_modified_time":"2025-08-24T01:33:25+00:00","og_image":[{"width":1200,"height":1600,"url":"https:\/\/portalraizesnoticias.com.br\/wp-content\/uploads\/2025\/08\/IMG-20250823-WA0499.jpg","type":"image\/jpeg"}],"author":"Portal Raizes","twitter_card":"summary_large_image","twitter_misc":{"Escrito por":"Portal Raizes","Est. tempo de leitura":"1 minuto"},"schema":{"@context":"https:\/\/schema.org","@graph":[{"@type":"Article","@id":"https:\/\/portalraizesnoticias.com.br\/?p=7937#article","isPartOf":{"@id":"https:\/\/portalraizesnoticias.com.br\/?p=7937"},"author":{"name":"Portal Raizes","@id":"https:\/\/portalraizesnoticias.com.br\/#\/schema\/person\/a3ca6b0fc701e78df19756c417d943ae"},"headline":"Adolescente fica ferido ap\u00f3s colidir moto com cerca no distrito de Bandia\u00e7u em Concei\u00e7\u00e3o do Coit\u00e9","datePublished":"2025-08-24T01:22:06+00:00","dateModified":"2025-08-24T01:33:25+00:00","mainEntityOfPage":{"@id":"https:\/\/portalraizesnoticias.com.br\/?p=7937"},"wordCount":122,"commentCount":0,"publisher":{"@id":"https:\/\/portalraizesnoticias.com.br\/#organization"},"image":{"@id":"https:\/\/portalraizesnoticias.com.br\/?p=7937#primaryimage"},"thumbnailUrl":"https:\/\/portalraizesnoticias.com.br\/wp-content\/uploads\/2025\/08\/IMG-20250823-WA0499.jpg","keywords":["Acidente"],"articleSection":["ACIDENTES","DESTAQUES","ULTIMAS NOTICIAS"],"inLanguage":"pt-BR","potentialAction":[{"@type":"CommentAction","name":"Comment","target":["https:\/\/portalraizesnoticias.com.br\/?p=7937#respond"]}]},{"@type":"WebPage","@id":"https:\/\/portalraizesnoticias.com.br\/?p=7937","url":"https:\/\/portalraizesnoticias.com.br\/?p=7937","name":"Adolescente fica ferido ap\u00f3s colidir moto com cerca no distrito de Bandia\u00e7u em Concei\u00e7\u00e3o do Coit\u00e9 - Portal raizes noticias","isPartOf":{"@id":"https:\/\/portalraizesnoticias.com.br\/#website"},"primaryImageOfPage":{"@id":"https:\/\/portalraizesnoticias.com.br\/?p=7937#primaryimage"},"image":{"@id":"https:\/\/portalraizesnoticias.com.br\/?p=7937#primaryimage"},"thumbnailUrl":"https:\/\/portalraizesnoticias.com.br\/wp-content\/uploads\/2025\/08\/IMG-20250823-WA0499.jpg","datePublished":"2025-08-24T01:22:06+00:00","dateModified":"2025-08-24T01:33:25+00:00","breadcrumb":{"@id":"https:\/\/portalraizesnoticias.com.br\/?p=7937#breadcrumb"},"inLanguage":"pt-BR","potentialAction":[{"@type":"ReadAction","target":["https:\/\/portalraizesnoticias.com.br\/?p=7937"]}]},{"@type":"ImageObject","inLanguage":"pt-BR","@id":"https:\/\/portalraizesnoticias.com.br\/?p=7937#primaryimage","url":"https:\/\/portalraizesnoticias.com.br\/wp-content\/uploads\/2025\/08\/IMG-20250823-WA0499.jpg","contentUrl":"https:\/\/portalraizesnoticias.com.br\/wp-content\/uploads\/2025\/08\/IMG-20250823-WA0499.jpg","width":1200,"height":1600},{"@type":"BreadcrumbList","@id":"https:\/\/portalraizesnoticias.com.br\/?p=7937#breadcrumb","itemListElement":[{"@type":"ListItem","position":1,"name":"In\u00edcio","item":"https:\/\/portalraizesnoticias.com.br\/"},{"@type":"ListItem","position":2,"name":"Adolescente fica ferido ap\u00f3s colidir moto com cerca no distrito de Bandia\u00e7u em Concei\u00e7\u00e3o do Coit\u00e9"}]},{"@type":"WebSite","@id":"https:\/\/portalraizesnoticias.com.br\/#website","url":"https:\/\/portalraizesnoticias.com.br\/","name":"Portal raizes NOTICIAS","description":"site de noticias de concei\u00e7\u00e3o do coit\u00e9 e regi\u00e3o","publisher":{"@id":"https:\/\/portalraizesnoticias.com.br\/#organization"},"alternateName":"PORTAL RAIZES COIT\u00c9","potentialAction":[{"@type":"SearchAction","target":{"@type":"EntryPoint","urlTemplate":"https:\/\/portalraizesnoticias.com.br\/?s={search_term_string}"},"query-input":{"@type":"PropertyValueSpecification","valueRequired":true,"valueName":"search_term_string"}}],"inLanguage":"pt-BR"},{"@type":"Organization","@id":"https:\/\/portalraizesnoticias.com.br\/#organization","name":"Portal raizes NOTICIAS","url":"https:\/\/portalraizesnoticias.com.br\/","logo":{"@type":"ImageObject","inLanguage":"pt-BR","@id":"https:\/\/portalraizesnoticias.com.br\/#\/schema\/logo\/image\/","url":"https:\/\/portalraizesnoticias.com.br\/wp-content\/uploads\/2024\/09\/cropped-Captura-de-tela-2024-09-08-011108.png","contentUrl":"https:\/\/portalraizesnoticias.com.br\/wp-content\/uploads\/2024\/09\/cropped-Captura-de-tela-2024-09-08-011108.png","width":606,"height":173,"caption":"Portal raizes NOTICIAS"},"image":{"@id":"https:\/\/portalraizesnoticias.com.br\/#\/schema\/logo\/image\/"}},{"@type":"Person","@id":"https:\/\/portalraizesnoticias.com.br\/#\/schema\/person\/a3ca6b0fc701e78df19756c417d943ae","name":"Portal Raizes","image":{"@type":"ImageObject","inLanguage":"pt-BR","@id":"https:\/\/portalraizesnoticias.com.br\/#\/schema\/person\/image\/","url":"https:\/\/secure.gravatar.com\/avatar\/ef450d29013a3d3fba867a12a249d7b1?s=96&d=mm&r=g","contentUrl":"https:\/\/secure.gravatar.com\/avatar\/ef450d29013a3d3fba867a12a249d7b1?s=96&d=mm&r=g","caption":"Portal Raizes"},"url":"https:\/\/portalraizesnoticias.com.br\/?author=3"}]}},"_links":{"self":[{"href":"https:\/\/portalraizesnoticias.com.br\/index.php?rest_route=\/wp\/v2\/posts\/7937"}],"collection":[{"href":"https:\/\/portalraizesnoticias.com.br\/index.php?rest_route=\/wp\/v2\/posts"}],"about":[{"href":"https:\/\/portalraizesnoticias.com.br\/index.php?rest_route=\/wp\/v2\/types\/post"}],"author":[{"embeddable":true,"href":"https:\/\/portalraizesnoticias.com.br\/index.php?rest_route=\/wp\/v2\/users\/3"}],"replies":[{"embeddable":true,"href":"https:\/\/portalraizesnoticias.com.br\/index.php?rest_route=%2Fwp%2Fv2%2Fcomments&post=7937"}],"version-history":[{"count":4,"href":"https:\/\/portalraizesnoticias.com.br\/index.php?rest_route=\/wp\/v2\/posts\/7937\/revisions"}],"predecessor-version":[{"id":7944,"href":"https:\/\/portalraizesnoticias.com.br\/index.php?rest_route=\/wp\/v2\/posts\/7937\/revisions\/7944"}],"wp:featuredmedia":[{"embeddable":true,"href":"https:\/\/portalraizesnoticias.com.br\/index.php?rest_route=\/wp\/v2\/media\/7939"}],"wp:attachment":[{"href":"https:\/\/portalraizesnoticias.com.br\/index.php?rest_route=%2Fwp%2Fv2%2Fmedia&parent=7937"}],"wp:term":[{"taxonomy":"category","embeddable":true,"href":"https:\/\/portalraizesnoticias.com.br\/index.php?rest_route=%2Fwp%2Fv2%2Fcategories&post=7937"},{"taxonomy":"post_tag","embeddable":true,"href":"https:\/\/portalraizesnoticias.com.br\/index.php?rest_route=%2Fwp%2Fv2%2Ftags&post=7937"}],"curies":[{"name":"wp","href":"https:\/\/api.w.org\/{rel}","templated":true}]}}