{"id":7899,"date":"2025-08-21T22:21:39","date_gmt":"2025-08-22T01:21:39","guid":{"rendered":"https:\/\/portalraizesnoticias.com.br\/?p=7899"},"modified":"2025-08-21T22:21:39","modified_gmt":"2025-08-22T01:21:39","slug":"apos-dia-de-trabalho-homem-sofre-grave-acidente-de-moto-entre-conceicao-do-coite-e-retirolandia","status":"publish","type":"post","link":"https:\/\/portalraizesnoticias.com.br\/?p=7899","title":{"rendered":"Ap\u00f3s dia de trabalho, homem sofre grave acidente de moto entre Concei\u00e7\u00e3o do Coit\u00e9 e Retirol\u00e2ndia"},"content":{"rendered":"<p>Por volta das 20h30 desta quinta-feira (21), Adem\u00e1rio Saturnino da Silva, 33 anos, ficou ferido ap\u00f3s sofrer um acidente de moto na BA-120, trecho entre Concei\u00e7\u00e3o do Coit\u00e9 e Retirol\u00e2ndia, nas proximidades do Bar do \u00cdndio.<\/p>\n<p><img fetchpriority=\"high\" decoding=\"async\" class=\"size-medium wp-image-7901 aligncenter\" src=\"https:\/\/portalraizesnoticias.com.br\/wp-content\/uploads\/2025\/08\/IMG-20250821-WA0644-300x225.jpg\" alt=\"\" width=\"300\" height=\"225\" srcset=\"https:\/\/portalraizesnoticias.com.br\/wp-content\/uploads\/2025\/08\/IMG-20250821-WA0644-300x225.jpg 300w, https:\/\/portalraizesnoticias.com.br\/wp-content\/uploads\/2025\/08\/IMG-20250821-WA0644-1024x768.jpg 1024w, https:\/\/portalraizesnoticias.com.br\/wp-content\/uploads\/2025\/08\/IMG-20250821-WA0644-768x576.jpg 768w, https:\/\/portalraizesnoticias.com.br\/wp-content\/uploads\/2025\/08\/IMG-20250821-WA0644-1536x1152.jpg 1536w, https:\/\/portalraizesnoticias.com.br\/wp-content\/uploads\/2025\/08\/IMG-20250821-WA0644.jpg 1600w\" sizes=\"(max-width: 300px) 100vw, 300px\" \/><\/p>\n<p>Segundo informa\u00e7\u00f5es, a v\u00edtima perdeu o controle da motocicleta ao passar por um quebra-molas, resultando na queda. Ele retornava do trabalho, ap\u00f3s um dia de servi\u00e7o em Retirol\u00e2ndia.<\/p>\n<p>De acordo com o coordenador da equipe \u00c1guia Resgate, Gildo Carneiro, Adem\u00e1rio foi encontrado desorientado, apresentando m\u00faltiplas escoria\u00e7\u00f5es pelo corpo, suspeita de traumatismo craniano, poss\u00edvel fratura na mand\u00edbula e lacera\u00e7\u00f5es na regi\u00e3o da l\u00edngua.<\/p>\n<p><img decoding=\"async\" class=\"size-medium wp-image-7902 aligncenter\" src=\"https:\/\/portalraizesnoticias.com.br\/wp-content\/uploads\/2025\/08\/IMG-20250821-WA0642-300x225.jpg\" alt=\"\" width=\"300\" height=\"225\" srcset=\"https:\/\/portalraizesnoticias.com.br\/wp-content\/uploads\/2025\/08\/IMG-20250821-WA0642-300x225.jpg 300w, https:\/\/portalraizesnoticias.com.br\/wp-content\/uploads\/2025\/08\/IMG-20250821-WA0642-1024x768.jpg 1024w, https:\/\/portalraizesnoticias.com.br\/wp-content\/uploads\/2025\/08\/IMG-20250821-WA0642-768x576.jpg 768w, https:\/\/portalraizesnoticias.com.br\/wp-content\/uploads\/2025\/08\/IMG-20250821-WA0642-1536x1152.jpg 1536w, https:\/\/portalraizesnoticias.com.br\/wp-content\/uploads\/2025\/08\/IMG-20250821-WA0642.jpg 1600w\" sizes=\"(max-width: 300px) 100vw, 300px\" \/><\/p>\n<p>A v\u00edtima foi socorrida para o Hospital Portugu\u00eas de Concei\u00e7\u00e3o do Coit\u00e9 e poder\u00e1 ser transferida para unidades de sa\u00fade em Salvador ou Feira de Santana, dependendo da evolu\u00e7\u00e3o do quadro cl\u00ednico.<\/p>\n<p>Reda\u00e7\u00e3o<\/p>\n","protected":false},"excerpt":{"rendered":"<p>Por volta das 20h30 desta quinta-feira (21), Adem\u00e1rio Saturnino da Silva, 33 anos, ficou ferido ap\u00f3s sofrer um acidente de moto na BA-120, trecho entre Concei\u00e7\u00e3o do Coit\u00e9 e Retirol\u00e2ndia, nas proximidades do Bar do \u00cdndio. Segundo informa\u00e7\u00f5es, a v\u00edtima perdeu o controle da motocicleta ao passar por um quebra-molas, resultando na queda. Ele retornava do trabalho, ap\u00f3s um dia de servi\u00e7o em Retirol\u00e2ndia. De acordo com o coordenador da equipe \u00c1guia Resgate, Gildo Carneiro, Adem\u00e1rio foi encontrado desorientado, apresentando m\u00faltiplas escoria\u00e7\u00f5es pelo corpo, suspeita de traumatismo craniano, poss\u00edvel fratura na mand\u00edbula e lacera\u00e7\u00f5es na regi\u00e3o da l\u00edngua. A v\u00edtima foi socorrida para o Hospital Portugu\u00eas de Concei\u00e7\u00e3o do Coit\u00e9 e poder\u00e1 ser transferida para unidades de sa\u00fade em Salvador ou Feira de Santana, dependendo da evolu\u00e7\u00e3o do quadro cl\u00ednico. Reda\u00e7\u00e3o<\/p>\n","protected":false},"author":3,"featured_media":7900,"comment_status":"open","ping_status":"open","sticky":false,"template":"","format":"standard","meta":{"_joinchat":[],"footnotes":""},"categories":[58,55,59],"tags":[139],"class_list":["post-7899","post","type-post","status-publish","format-standard","has-post-thumbnail","hentry","category-acidentes","category-destaques","category-ultimas-noticias","tag-acidente"],"yoast_head":"<!-- This site is optimized with the Yoast SEO plugin v24.4 - https:\/\/yoast.com\/wordpress\/plugins\/seo\/ -->\n<title>Ap\u00f3s dia de trabalho, homem sofre grave acidente de moto entre Concei\u00e7\u00e3o do Coit\u00e9 e Retirol\u00e2ndia - Portal raizes noticias<\/title>\n<meta name=\"robots\" content=\"index, follow, max-snippet:-1, max-image-preview:large, max-video-preview:-1\" \/>\n<link rel=\"canonical\" href=\"https:\/\/portalraizesnoticias.com.br\/?p=7899\" \/>\n<meta property=\"og:locale\" content=\"pt_BR\" \/>\n<meta property=\"og:type\" content=\"article\" \/>\n<meta property=\"og:title\" content=\"Ap\u00f3s dia de trabalho, homem sofre grave acidente de moto entre Concei\u00e7\u00e3o do Coit\u00e9 e Retirol\u00e2ndia - Portal raizes noticias\" \/>\n<meta property=\"og:description\" content=\"Por volta das 20h30 desta quinta-feira (21), Adem\u00e1rio Saturnino da Silva, 33 anos, ficou ferido ap\u00f3s sofrer um acidente de moto na BA-120, trecho entre Concei\u00e7\u00e3o do Coit\u00e9 e Retirol\u00e2ndia, nas proximidades do Bar do \u00cdndio. Segundo informa\u00e7\u00f5es, a v\u00edtima perdeu o controle da motocicleta ao passar por um quebra-molas, resultando na queda. Ele retornava do trabalho, ap\u00f3s um dia de servi\u00e7o em Retirol\u00e2ndia. De acordo com o coordenador da equipe \u00c1guia Resgate, Gildo Carneiro, Adem\u00e1rio foi encontrado desorientado, apresentando m\u00faltiplas escoria\u00e7\u00f5es pelo corpo, suspeita de traumatismo craniano, poss\u00edvel fratura na mand\u00edbula e lacera\u00e7\u00f5es na regi\u00e3o da l\u00edngua. A v\u00edtima foi socorrida para o Hospital Portugu\u00eas de Concei\u00e7\u00e3o do Coit\u00e9 e poder\u00e1 ser transferida para unidades de sa\u00fade em Salvador ou Feira de Santana, dependendo da evolu\u00e7\u00e3o do quadro cl\u00ednico. Reda\u00e7\u00e3o\" \/>\n<meta property=\"og:url\" content=\"https:\/\/portalraizesnoticias.com.br\/?p=7899\" \/>\n<meta property=\"og:site_name\" content=\"Portal raizes noticias\" \/>\n<meta property=\"article:published_time\" content=\"2025-08-22T01:21:39+00:00\" \/>\n<meta property=\"og:image\" content=\"https:\/\/portalraizesnoticias.com.br\/wp-content\/uploads\/2025\/08\/IMG-20250821-WA0640.jpg\" \/>\n\t<meta property=\"og:image:width\" content=\"1600\" \/>\n\t<meta property=\"og:image:height\" content=\"1200\" \/>\n\t<meta property=\"og:image:type\" content=\"image\/jpeg\" \/>\n<meta name=\"author\" content=\"Portal Raizes\" \/>\n<meta name=\"twitter:card\" content=\"summary_large_image\" \/>\n<meta name=\"twitter:label1\" content=\"Escrito por\" \/>\n\t<meta name=\"twitter:data1\" content=\"Portal Raizes\" \/>\n\t<meta name=\"twitter:label2\" content=\"Est. tempo de leitura\" \/>\n\t<meta name=\"twitter:data2\" content=\"2 minutos\" \/>\n<script type=\"application\/ld+json\" class=\"yoast-schema-graph\">{\"@context\":\"https:\/\/schema.org\",\"@graph\":[{\"@type\":\"Article\",\"@id\":\"https:\/\/portalraizesnoticias.com.br\/?p=7899#article\",\"isPartOf\":{\"@id\":\"https:\/\/portalraizesnoticias.com.br\/?p=7899\"},\"author\":{\"name\":\"Portal Raizes\",\"@id\":\"https:\/\/portalraizesnoticias.com.br\/#\/schema\/person\/a3ca6b0fc701e78df19756c417d943ae\"},\"headline\":\"Ap\u00f3s dia de trabalho, homem sofre grave acidente de moto entre Concei\u00e7\u00e3o do Coit\u00e9 e Retirol\u00e2ndia\",\"datePublished\":\"2025-08-22T01:21:39+00:00\",\"mainEntityOfPage\":{\"@id\":\"https:\/\/portalraizesnoticias.com.br\/?p=7899\"},\"wordCount\":172,\"commentCount\":0,\"publisher\":{\"@id\":\"https:\/\/portalraizesnoticias.com.br\/#organization\"},\"image\":{\"@id\":\"https:\/\/portalraizesnoticias.com.br\/?p=7899#primaryimage\"},\"thumbnailUrl\":\"https:\/\/portalraizesnoticias.com.br\/wp-content\/uploads\/2025\/08\/IMG-20250821-WA0640.jpg\",\"keywords\":[\"Acidente\"],\"articleSection\":[\"ACIDENTES\",\"DESTAQUES\",\"ULTIMAS NOTICIAS\"],\"inLanguage\":\"pt-BR\",\"potentialAction\":[{\"@type\":\"CommentAction\",\"name\":\"Comment\",\"target\":[\"https:\/\/portalraizesnoticias.com.br\/?p=7899#respond\"]}]},{\"@type\":\"WebPage\",\"@id\":\"https:\/\/portalraizesnoticias.com.br\/?p=7899\",\"url\":\"https:\/\/portalraizesnoticias.com.br\/?p=7899\",\"name\":\"Ap\u00f3s dia de trabalho, homem sofre grave acidente de moto entre Concei\u00e7\u00e3o do Coit\u00e9 e Retirol\u00e2ndia - Portal raizes noticias\",\"isPartOf\":{\"@id\":\"https:\/\/portalraizesnoticias.com.br\/#website\"},\"primaryImageOfPage\":{\"@id\":\"https:\/\/portalraizesnoticias.com.br\/?p=7899#primaryimage\"},\"image\":{\"@id\":\"https:\/\/portalraizesnoticias.com.br\/?p=7899#primaryimage\"},\"thumbnailUrl\":\"https:\/\/portalraizesnoticias.com.br\/wp-content\/uploads\/2025\/08\/IMG-20250821-WA0640.jpg\",\"datePublished\":\"2025-08-22T01:21:39+00:00\",\"breadcrumb\":{\"@id\":\"https:\/\/portalraizesnoticias.com.br\/?p=7899#breadcrumb\"},\"inLanguage\":\"pt-BR\",\"potentialAction\":[{\"@type\":\"ReadAction\",\"target\":[\"https:\/\/portalraizesnoticias.com.br\/?p=7899\"]}]},{\"@type\":\"ImageObject\",\"inLanguage\":\"pt-BR\",\"@id\":\"https:\/\/portalraizesnoticias.com.br\/?p=7899#primaryimage\",\"url\":\"https:\/\/portalraizesnoticias.com.br\/wp-content\/uploads\/2025\/08\/IMG-20250821-WA0640.jpg\",\"contentUrl\":\"https:\/\/portalraizesnoticias.com.br\/wp-content\/uploads\/2025\/08\/IMG-20250821-WA0640.jpg\",\"width\":1600,\"height\":1200},{\"@type\":\"BreadcrumbList\",\"@id\":\"https:\/\/portalraizesnoticias.com.br\/?p=7899#breadcrumb\",\"itemListElement\":[{\"@type\":\"ListItem\",\"position\":1,\"name\":\"In\u00edcio\",\"item\":\"https:\/\/portalraizesnoticias.com.br\/\"},{\"@type\":\"ListItem\",\"position\":2,\"name\":\"Ap\u00f3s dia de trabalho, homem sofre grave acidente de moto entre Concei\u00e7\u00e3o do Coit\u00e9 e Retirol\u00e2ndia\"}]},{\"@type\":\"WebSite\",\"@id\":\"https:\/\/portalraizesnoticias.com.br\/#website\",\"url\":\"https:\/\/portalraizesnoticias.com.br\/\",\"name\":\"Portal raizes NOTICIAS\",\"description\":\"site de noticias de concei\u00e7\u00e3o do coit\u00e9 e regi\u00e3o\",\"publisher\":{\"@id\":\"https:\/\/portalraizesnoticias.com.br\/#organization\"},\"alternateName\":\"PORTAL RAIZES COIT\u00c9\",\"potentialAction\":[{\"@type\":\"SearchAction\",\"target\":{\"@type\":\"EntryPoint\",\"urlTemplate\":\"https:\/\/portalraizesnoticias.com.br\/?s={search_term_string}\"},\"query-input\":{\"@type\":\"PropertyValueSpecification\",\"valueRequired\":true,\"valueName\":\"search_term_string\"}}],\"inLanguage\":\"pt-BR\"},{\"@type\":\"Organization\",\"@id\":\"https:\/\/portalraizesnoticias.com.br\/#organization\",\"name\":\"Portal raizes NOTICIAS\",\"url\":\"https:\/\/portalraizesnoticias.com.br\/\",\"logo\":{\"@type\":\"ImageObject\",\"inLanguage\":\"pt-BR\",\"@id\":\"https:\/\/portalraizesnoticias.com.br\/#\/schema\/logo\/image\/\",\"url\":\"https:\/\/portalraizesnoticias.com.br\/wp-content\/uploads\/2024\/09\/cropped-Captura-de-tela-2024-09-08-011108.png\",\"contentUrl\":\"https:\/\/portalraizesnoticias.com.br\/wp-content\/uploads\/2024\/09\/cropped-Captura-de-tela-2024-09-08-011108.png\",\"width\":606,\"height\":173,\"caption\":\"Portal raizes NOTICIAS\"},\"image\":{\"@id\":\"https:\/\/portalraizesnoticias.com.br\/#\/schema\/logo\/image\/\"}},{\"@type\":\"Person\",\"@id\":\"https:\/\/portalraizesnoticias.com.br\/#\/schema\/person\/a3ca6b0fc701e78df19756c417d943ae\",\"name\":\"Portal Raizes\",\"image\":{\"@type\":\"ImageObject\",\"inLanguage\":\"pt-BR\",\"@id\":\"https:\/\/portalraizesnoticias.com.br\/#\/schema\/person\/image\/\",\"url\":\"https:\/\/secure.gravatar.com\/avatar\/ef450d29013a3d3fba867a12a249d7b1?s=96&d=mm&r=g\",\"contentUrl\":\"https:\/\/secure.gravatar.com\/avatar\/ef450d29013a3d3fba867a12a249d7b1?s=96&d=mm&r=g\",\"caption\":\"Portal Raizes\"},\"url\":\"https:\/\/portalraizesnoticias.com.br\/?author=3\"}]}<\/script>\n<!-- \/ Yoast SEO plugin. -->","yoast_head_json":{"title":"Ap\u00f3s dia de trabalho, homem sofre grave acidente de moto entre Concei\u00e7\u00e3o do Coit\u00e9 e Retirol\u00e2ndia - Portal raizes noticias","robots":{"index":"index","follow":"follow","max-snippet":"max-snippet:-1","max-image-preview":"max-image-preview:large","max-video-preview":"max-video-preview:-1"},"canonical":"https:\/\/portalraizesnoticias.com.br\/?p=7899","og_locale":"pt_BR","og_type":"article","og_title":"Ap\u00f3s dia de trabalho, homem sofre grave acidente de moto entre Concei\u00e7\u00e3o do Coit\u00e9 e Retirol\u00e2ndia - Portal raizes noticias","og_description":"Por volta das 20h30 desta quinta-feira (21), Adem\u00e1rio Saturnino da Silva, 33 anos, ficou ferido ap\u00f3s sofrer um acidente de moto na BA-120, trecho entre Concei\u00e7\u00e3o do Coit\u00e9 e Retirol\u00e2ndia, nas proximidades do Bar do \u00cdndio. Segundo informa\u00e7\u00f5es, a v\u00edtima perdeu o controle da motocicleta ao passar por um quebra-molas, resultando na queda. Ele retornava do trabalho, ap\u00f3s um dia de servi\u00e7o em Retirol\u00e2ndia. De acordo com o coordenador da equipe \u00c1guia Resgate, Gildo Carneiro, Adem\u00e1rio foi encontrado desorientado, apresentando m\u00faltiplas escoria\u00e7\u00f5es pelo corpo, suspeita de traumatismo craniano, poss\u00edvel fratura na mand\u00edbula e lacera\u00e7\u00f5es na regi\u00e3o da l\u00edngua. A v\u00edtima foi socorrida para o Hospital Portugu\u00eas de Concei\u00e7\u00e3o do Coit\u00e9 e poder\u00e1 ser transferida para unidades de sa\u00fade em Salvador ou Feira de Santana, dependendo da evolu\u00e7\u00e3o do quadro cl\u00ednico. Reda\u00e7\u00e3o","og_url":"https:\/\/portalraizesnoticias.com.br\/?p=7899","og_site_name":"Portal raizes noticias","article_published_time":"2025-08-22T01:21:39+00:00","og_image":[{"width":1600,"height":1200,"url":"https:\/\/portalraizesnoticias.com.br\/wp-content\/uploads\/2025\/08\/IMG-20250821-WA0640.jpg","type":"image\/jpeg"}],"author":"Portal Raizes","twitter_card":"summary_large_image","twitter_misc":{"Escrito por":"Portal Raizes","Est. tempo de leitura":"2 minutos"},"schema":{"@context":"https:\/\/schema.org","@graph":[{"@type":"Article","@id":"https:\/\/portalraizesnoticias.com.br\/?p=7899#article","isPartOf":{"@id":"https:\/\/portalraizesnoticias.com.br\/?p=7899"},"author":{"name":"Portal Raizes","@id":"https:\/\/portalraizesnoticias.com.br\/#\/schema\/person\/a3ca6b0fc701e78df19756c417d943ae"},"headline":"Ap\u00f3s dia de trabalho, homem sofre grave acidente de moto entre Concei\u00e7\u00e3o do Coit\u00e9 e Retirol\u00e2ndia","datePublished":"2025-08-22T01:21:39+00:00","mainEntityOfPage":{"@id":"https:\/\/portalraizesnoticias.com.br\/?p=7899"},"wordCount":172,"commentCount":0,"publisher":{"@id":"https:\/\/portalraizesnoticias.com.br\/#organization"},"image":{"@id":"https:\/\/portalraizesnoticias.com.br\/?p=7899#primaryimage"},"thumbnailUrl":"https:\/\/portalraizesnoticias.com.br\/wp-content\/uploads\/2025\/08\/IMG-20250821-WA0640.jpg","keywords":["Acidente"],"articleSection":["ACIDENTES","DESTAQUES","ULTIMAS NOTICIAS"],"inLanguage":"pt-BR","potentialAction":[{"@type":"CommentAction","name":"Comment","target":["https:\/\/portalraizesnoticias.com.br\/?p=7899#respond"]}]},{"@type":"WebPage","@id":"https:\/\/portalraizesnoticias.com.br\/?p=7899","url":"https:\/\/portalraizesnoticias.com.br\/?p=7899","name":"Ap\u00f3s dia de trabalho, homem sofre grave acidente de moto entre Concei\u00e7\u00e3o do Coit\u00e9 e Retirol\u00e2ndia - Portal raizes noticias","isPartOf":{"@id":"https:\/\/portalraizesnoticias.com.br\/#website"},"primaryImageOfPage":{"@id":"https:\/\/portalraizesnoticias.com.br\/?p=7899#primaryimage"},"image":{"@id":"https:\/\/portalraizesnoticias.com.br\/?p=7899#primaryimage"},"thumbnailUrl":"https:\/\/portalraizesnoticias.com.br\/wp-content\/uploads\/2025\/08\/IMG-20250821-WA0640.jpg","datePublished":"2025-08-22T01:21:39+00:00","breadcrumb":{"@id":"https:\/\/portalraizesnoticias.com.br\/?p=7899#breadcrumb"},"inLanguage":"pt-BR","potentialAction":[{"@type":"ReadAction","target":["https:\/\/portalraizesnoticias.com.br\/?p=7899"]}]},{"@type":"ImageObject","inLanguage":"pt-BR","@id":"https:\/\/portalraizesnoticias.com.br\/?p=7899#primaryimage","url":"https:\/\/portalraizesnoticias.com.br\/wp-content\/uploads\/2025\/08\/IMG-20250821-WA0640.jpg","contentUrl":"https:\/\/portalraizesnoticias.com.br\/wp-content\/uploads\/2025\/08\/IMG-20250821-WA0640.jpg","width":1600,"height":1200},{"@type":"BreadcrumbList","@id":"https:\/\/portalraizesnoticias.com.br\/?p=7899#breadcrumb","itemListElement":[{"@type":"ListItem","position":1,"name":"In\u00edcio","item":"https:\/\/portalraizesnoticias.com.br\/"},{"@type":"ListItem","position":2,"name":"Ap\u00f3s dia de trabalho, homem sofre grave acidente de moto entre Concei\u00e7\u00e3o do Coit\u00e9 e Retirol\u00e2ndia"}]},{"@type":"WebSite","@id":"https:\/\/portalraizesnoticias.com.br\/#website","url":"https:\/\/portalraizesnoticias.com.br\/","name":"Portal raizes NOTICIAS","description":"site de noticias de concei\u00e7\u00e3o do coit\u00e9 e regi\u00e3o","publisher":{"@id":"https:\/\/portalraizesnoticias.com.br\/#organization"},"alternateName":"PORTAL RAIZES COIT\u00c9","potentialAction":[{"@type":"SearchAction","target":{"@type":"EntryPoint","urlTemplate":"https:\/\/portalraizesnoticias.com.br\/?s={search_term_string}"},"query-input":{"@type":"PropertyValueSpecification","valueRequired":true,"valueName":"search_term_string"}}],"inLanguage":"pt-BR"},{"@type":"Organization","@id":"https:\/\/portalraizesnoticias.com.br\/#organization","name":"Portal raizes NOTICIAS","url":"https:\/\/portalraizesnoticias.com.br\/","logo":{"@type":"ImageObject","inLanguage":"pt-BR","@id":"https:\/\/portalraizesnoticias.com.br\/#\/schema\/logo\/image\/","url":"https:\/\/portalraizesnoticias.com.br\/wp-content\/uploads\/2024\/09\/cropped-Captura-de-tela-2024-09-08-011108.png","contentUrl":"https:\/\/portalraizesnoticias.com.br\/wp-content\/uploads\/2024\/09\/cropped-Captura-de-tela-2024-09-08-011108.png","width":606,"height":173,"caption":"Portal raizes NOTICIAS"},"image":{"@id":"https:\/\/portalraizesnoticias.com.br\/#\/schema\/logo\/image\/"}},{"@type":"Person","@id":"https:\/\/portalraizesnoticias.com.br\/#\/schema\/person\/a3ca6b0fc701e78df19756c417d943ae","name":"Portal Raizes","image":{"@type":"ImageObject","inLanguage":"pt-BR","@id":"https:\/\/portalraizesnoticias.com.br\/#\/schema\/person\/image\/","url":"https:\/\/secure.gravatar.com\/avatar\/ef450d29013a3d3fba867a12a249d7b1?s=96&d=mm&r=g","contentUrl":"https:\/\/secure.gravatar.com\/avatar\/ef450d29013a3d3fba867a12a249d7b1?s=96&d=mm&r=g","caption":"Portal Raizes"},"url":"https:\/\/portalraizesnoticias.com.br\/?author=3"}]}},"_links":{"self":[{"href":"https:\/\/portalraizesnoticias.com.br\/index.php?rest_route=\/wp\/v2\/posts\/7899"}],"collection":[{"href":"https:\/\/portalraizesnoticias.com.br\/index.php?rest_route=\/wp\/v2\/posts"}],"about":[{"href":"https:\/\/portalraizesnoticias.com.br\/index.php?rest_route=\/wp\/v2\/types\/post"}],"author":[{"embeddable":true,"href":"https:\/\/portalraizesnoticias.com.br\/index.php?rest_route=\/wp\/v2\/users\/3"}],"replies":[{"embeddable":true,"href":"https:\/\/portalraizesnoticias.com.br\/index.php?rest_route=%2Fwp%2Fv2%2Fcomments&post=7899"}],"version-history":[{"count":1,"href":"https:\/\/portalraizesnoticias.com.br\/index.php?rest_route=\/wp\/v2\/posts\/7899\/revisions"}],"predecessor-version":[{"id":7903,"href":"https:\/\/portalraizesnoticias.com.br\/index.php?rest_route=\/wp\/v2\/posts\/7899\/revisions\/7903"}],"wp:featuredmedia":[{"embeddable":true,"href":"https:\/\/portalraizesnoticias.com.br\/index.php?rest_route=\/wp\/v2\/media\/7900"}],"wp:attachment":[{"href":"https:\/\/portalraizesnoticias.com.br\/index.php?rest_route=%2Fwp%2Fv2%2Fmedia&parent=7899"}],"wp:term":[{"taxonomy":"category","embeddable":true,"href":"https:\/\/portalraizesnoticias.com.br\/index.php?rest_route=%2Fwp%2Fv2%2Fcategories&post=7899"},{"taxonomy":"post_tag","embeddable":true,"href":"https:\/\/portalraizesnoticias.com.br\/index.php?rest_route=%2Fwp%2Fv2%2Ftags&post=7899"}],"curies":[{"name":"wp","href":"https:\/\/api.w.org\/{rel}","templated":true}]}}