{"id":7826,"date":"2025-08-19T20:18:10","date_gmt":"2025-08-19T23:18:10","guid":{"rendered":"https:\/\/portalraizesnoticias.com.br\/?p=7826"},"modified":"2025-08-20T15:11:48","modified_gmt":"2025-08-20T18:11:48","slug":"coite-perfil-falso-expoe-e-ofende-meninas-no-distrito-de-bandiacu-caso-vai-parar-na-policia","status":"publish","type":"post","link":"https:\/\/portalraizesnoticias.com.br\/?p=7826","title":{"rendered":"Coit\u00e9: Perfil falso exp\u00f5e e ofende meninas no distrito de  Bandia\u00e7u; caso vai parar na pol\u00edcia"},"content":{"rendered":"<p>Um perfil criado nas redes sociais no distrito de Bandia\u00e7u, em Concei\u00e7\u00e3o do Coit\u00e9, tem gerado revolta em algumas fam\u00edlias ap\u00f3s a divulga\u00e7\u00e3o de conte\u00fados difamat\u00f3rios envolvendo jovens da comunidade.<\/p>\n<p><img fetchpriority=\"high\" decoding=\"async\" class=\"size-medium wp-image-7771 aligncenter\" src=\"https:\/\/portalraizesnoticias.com.br\/wp-content\/uploads\/2025\/08\/IMG-20250814-WA05541-300x289.jpg\" alt=\"\" width=\"300\" height=\"289\" srcset=\"https:\/\/portalraizesnoticias.com.br\/wp-content\/uploads\/2025\/08\/IMG-20250814-WA05541-300x289.jpg 300w, https:\/\/portalraizesnoticias.com.br\/wp-content\/uploads\/2025\/08\/IMG-20250814-WA05541-1024x988.jpg 1024w, https:\/\/portalraizesnoticias.com.br\/wp-content\/uploads\/2025\/08\/IMG-20250814-WA05541-768x741.jpg 768w, https:\/\/portalraizesnoticias.com.br\/wp-content\/uploads\/2025\/08\/IMG-20250814-WA05541.jpg 1180w\" sizes=\"(max-width: 300px) 100vw, 300px\" \/><\/p>\n<p style=\"text-align: center;\">\u00a0<strong>PUBLICIDADE<\/strong><\/p>\n<p>A p\u00e1gina (explana_bandicu) no Instagram tem publicado ofensas direcionadas a meninas da localidade, muitas vezes com insinua\u00e7\u00f5es de car\u00e1ter \u00edntimo e associando-as, de forma caluniosa, \u00e0 prostitui\u00e7\u00e3o. (O Portal Ra\u00edzes opta por n\u00e3o reproduzir os conte\u00fados postados).<\/p>\n<p>Em entrevista \u00e0 jornalista Rafaela Rodrigues, a m\u00e3e de uma das v\u00edtimas, que preferiu n\u00e3o ser identificada, relatou o impacto emocional sofrido pela filha.<\/p>\n<p>\u201cSou m\u00e3e e fico imaginando o que estamos passando. Criei minha filha com tanto cuidado, ela vai para a escola, raramente sai de casa, tem um comportamento exemplar e agora precisa enfrentar uma acusa\u00e7\u00e3o de algo que nunca fez. Desde ent\u00e3o, ela chora compulsivamente e n\u00e3o quer sair de casa\u201d, desabafou.<\/p>\n<p><img decoding=\"async\" class=\"size-medium wp-image-5558 aligncenter\" src=\"https:\/\/portalraizesnoticias.com.br\/wp-content\/uploads\/2025\/03\/IMG-20250330-WA0071-300x135.jpg\" alt=\"\" width=\"300\" height=\"135\" srcset=\"https:\/\/portalraizesnoticias.com.br\/wp-content\/uploads\/2025\/03\/IMG-20250330-WA0071-300x135.jpg 300w, https:\/\/portalraizesnoticias.com.br\/wp-content\/uploads\/2025\/03\/IMG-20250330-WA0071.jpg 565w\" sizes=\"(max-width: 300px) 100vw, 300px\" \/><\/p>\n<p style=\"text-align: center;\"><strong>PUBLICIDADE<\/strong><\/p>\n<p>Segundo a m\u00e3e, a situa\u00e7\u00e3o tem gerado temor de que o abalo psicol\u00f3gico resulte em problemas de sa\u00fade.<\/p>\n<p>\u201cEu s\u00f3 pe\u00e7o que a pessoa por tr\u00e1s dessa p\u00e1gina pare com isso. S\u00e3o muitas fam\u00edlias sofrendo. Prezamos pela paz e temos uma conduta honesta. \u00c9 inadmiss\u00edvel que tentem manchar a honra de pessoas inocentes\u201d, acrescentou.<\/p>\n<p><img decoding=\"async\" class=\"size-medium wp-image-2520 aligncenter\" src=\"https:\/\/portalraizesnoticias.com.br\/wp-content\/uploads\/2024\/11\/Imagem-do-WhatsApp-de-2024-11-28-as-11.24.37_b858345f-300x142.jpg\" alt=\"\" width=\"300\" height=\"142\" srcset=\"https:\/\/portalraizesnoticias.com.br\/wp-content\/uploads\/2024\/11\/Imagem-do-WhatsApp-de-2024-11-28-as-11.24.37_b858345f-300x142.jpg 300w, https:\/\/portalraizesnoticias.com.br\/wp-content\/uploads\/2024\/11\/Imagem-do-WhatsApp-de-2024-11-28-as-11.24.37_b858345f.jpg 722w\" sizes=\"(max-width: 300px) 100vw, 300px\" \/><\/p>\n<p style=\"text-align: center;\"><strong>PUBLICIDADE<\/strong><\/p>\n<p>A situa\u00e7\u00e3o virou uma \u201cbola de neve\u201d devido \u00e0s constantes publica\u00e7\u00f5es ofensivas. Um familiar de uma das v\u00edtimas j\u00e1 registrou queixa na Delegacia Territorial de Concei\u00e7\u00e3o do Coit\u00e9, que abriu investiga\u00e7\u00e3o para identificar o autor ou autora do perfil.<\/p>\n<p>O caso pode ser enquadrado em crimes previstos no C\u00f3digo Penal e tamb\u00e9m na Lei n\u00ba 13.709\/2018 (Lei Geral de Prote\u00e7\u00e3o de Dados Pessoais &#8211; LGPD), al\u00e9m de se configurar como crime contra a honra (cal\u00fania, difama\u00e7\u00e3o ou inj\u00faria), previstos nos artigos 138 a 140 do C\u00f3digo Penal. Por se tratar de publica\u00e7\u00e3o em ambiente digital, tamb\u00e9m pode ser investigado \u00e0 luz da Lei Carolina Dieckmann (Lei n\u00ba 12.737\/2012) e do Marco Civil da Internet (Lei n\u00ba 12.965\/2014), que responsabilizam criminalmente os autores de ofensas virtuais.<\/p>\n<p>A Pol\u00edcia Civil informou que as investiga\u00e7\u00f5es ir\u00e3o buscar identificar o respons\u00e1vel pela cria\u00e7\u00e3o e administra\u00e7\u00e3o do perfil, podendo solicitar quebra de sigilo de dados junto \u00e0s plataformas para rastrear o autor do crime.<\/p>\n<p>Reda\u00e7\u00e3o<\/p>\n<p>Foto:.Ilustra\u00e7\u00e3o<\/p>\n","protected":false},"excerpt":{"rendered":"<p>Um perfil criado nas redes sociais no distrito de Bandia\u00e7u, em Concei\u00e7\u00e3o do Coit\u00e9, tem gerado revolta em algumas fam\u00edlias ap\u00f3s a divulga\u00e7\u00e3o de conte\u00fados difamat\u00f3rios envolvendo jovens da comunidade. \u00a0PUBLICIDADE A p\u00e1gina (explana_bandicu) no Instagram tem publicado ofensas direcionadas a meninas da localidade, muitas vezes com insinua\u00e7\u00f5es de car\u00e1ter \u00edntimo e associando-as, de forma caluniosa, \u00e0 prostitui\u00e7\u00e3o. (O Portal Ra\u00edzes opta por n\u00e3o reproduzir os conte\u00fados postados). Em entrevista \u00e0 jornalista Rafaela Rodrigues, a m\u00e3e de uma das v\u00edtimas, que preferiu n\u00e3o ser identificada, relatou o impacto emocional sofrido pela filha. \u201cSou m\u00e3e e fico imaginando o que estamos passando. Criei minha filha com tanto cuidado, ela vai para a escola, raramente sai de casa, tem um comportamento exemplar e agora precisa enfrentar uma acusa\u00e7\u00e3o de algo que nunca fez. Desde ent\u00e3o, ela chora compulsivamente e n\u00e3o quer sair de casa\u201d, desabafou. PUBLICIDADE Segundo a m\u00e3e, a situa\u00e7\u00e3o tem gerado temor de que o abalo psicol\u00f3gico resulte em problemas de sa\u00fade. \u201cEu s\u00f3 pe\u00e7o que a pessoa por tr\u00e1s dessa p\u00e1gina pare com isso. S\u00e3o muitas fam\u00edlias sofrendo. Prezamos pela paz e temos uma conduta honesta. \u00c9 inadmiss\u00edvel que tentem manchar a honra de pessoas inocentes\u201d, acrescentou. PUBLICIDADE A situa\u00e7\u00e3o virou uma \u201cbola de neve\u201d devido \u00e0s constantes publica\u00e7\u00f5es ofensivas. Um familiar de uma das v\u00edtimas j\u00e1 registrou queixa na Delegacia Territorial de Concei\u00e7\u00e3o do Coit\u00e9, que abriu investiga\u00e7\u00e3o para identificar o autor ou autora do perfil. O caso pode ser enquadrado em crimes previstos no C\u00f3digo Penal e tamb\u00e9m na Lei n\u00ba 13.709\/2018 (Lei Geral de Prote\u00e7\u00e3o de Dados Pessoais &#8211; LGPD), al\u00e9m de se configurar como crime contra a honra (cal\u00fania, difama\u00e7\u00e3o ou inj\u00faria), previstos nos artigos 138 a 140 do C\u00f3digo Penal. Por se tratar de publica\u00e7\u00e3o em ambiente digital, tamb\u00e9m pode ser investigado \u00e0 luz da Lei Carolina Dieckmann (Lei n\u00ba 12.737\/2012) e do Marco Civil da Internet (Lei n\u00ba 12.965\/2014), que responsabilizam criminalmente os autores de ofensas virtuais. A Pol\u00edcia Civil informou que as investiga\u00e7\u00f5es ir\u00e3o buscar identificar o respons\u00e1vel pela cria\u00e7\u00e3o e administra\u00e7\u00e3o do perfil, podendo solicitar quebra de sigilo de dados junto \u00e0s plataformas para rastrear o autor do crime. Reda\u00e7\u00e3o Foto:.Ilustra\u00e7\u00e3o<\/p>\n","protected":false},"author":3,"featured_media":7827,"comment_status":"open","ping_status":"open","sticky":false,"template":"","format":"standard","meta":{"_joinchat":[],"footnotes":""},"categories":[55,67,59],"tags":[1232],"class_list":["post-7826","post","type-post","status-publish","format-standard","has-post-thumbnail","hentry","category-destaques","category-policia","category-ultimas-noticias","tag-denuncia-2"],"yoast_head":"<!-- This site is optimized with the Yoast SEO plugin v24.4 - https:\/\/yoast.com\/wordpress\/plugins\/seo\/ -->\n<title>Coit\u00e9: Perfil falso exp\u00f5e e ofende meninas no distrito de Bandia\u00e7u; caso vai parar na pol\u00edcia - Portal raizes noticias<\/title>\n<meta name=\"robots\" content=\"index, follow, max-snippet:-1, max-image-preview:large, max-video-preview:-1\" \/>\n<link rel=\"canonical\" href=\"https:\/\/portalraizesnoticias.com.br\/?p=7826\" \/>\n<meta property=\"og:locale\" content=\"pt_BR\" \/>\n<meta property=\"og:type\" content=\"article\" \/>\n<meta property=\"og:title\" content=\"Coit\u00e9: Perfil falso exp\u00f5e e ofende meninas no distrito de Bandia\u00e7u; caso vai parar na pol\u00edcia - Portal raizes noticias\" \/>\n<meta property=\"og:description\" content=\"Um perfil criado nas redes sociais no distrito de Bandia\u00e7u, em Concei\u00e7\u00e3o do Coit\u00e9, tem gerado revolta em algumas fam\u00edlias ap\u00f3s a divulga\u00e7\u00e3o de conte\u00fados difamat\u00f3rios envolvendo jovens da comunidade. \u00a0PUBLICIDADE A p\u00e1gina (explana_bandicu) no Instagram tem publicado ofensas direcionadas a meninas da localidade, muitas vezes com insinua\u00e7\u00f5es de car\u00e1ter \u00edntimo e associando-as, de forma caluniosa, \u00e0 prostitui\u00e7\u00e3o. (O Portal Ra\u00edzes opta por n\u00e3o reproduzir os conte\u00fados postados). Em entrevista \u00e0 jornalista Rafaela Rodrigues, a m\u00e3e de uma das v\u00edtimas, que preferiu n\u00e3o ser identificada, relatou o impacto emocional sofrido pela filha. \u201cSou m\u00e3e e fico imaginando o que estamos passando. Criei minha filha com tanto cuidado, ela vai para a escola, raramente sai de casa, tem um comportamento exemplar e agora precisa enfrentar uma acusa\u00e7\u00e3o de algo que nunca fez. Desde ent\u00e3o, ela chora compulsivamente e n\u00e3o quer sair de casa\u201d, desabafou. PUBLICIDADE Segundo a m\u00e3e, a situa\u00e7\u00e3o tem gerado temor de que o abalo psicol\u00f3gico resulte em problemas de sa\u00fade. \u201cEu s\u00f3 pe\u00e7o que a pessoa por tr\u00e1s dessa p\u00e1gina pare com isso. S\u00e3o muitas fam\u00edlias sofrendo. Prezamos pela paz e temos uma conduta honesta. \u00c9 inadmiss\u00edvel que tentem manchar a honra de pessoas inocentes\u201d, acrescentou. PUBLICIDADE A situa\u00e7\u00e3o virou uma \u201cbola de neve\u201d devido \u00e0s constantes publica\u00e7\u00f5es ofensivas. Um familiar de uma das v\u00edtimas j\u00e1 registrou queixa na Delegacia Territorial de Concei\u00e7\u00e3o do Coit\u00e9, que abriu investiga\u00e7\u00e3o para identificar o autor ou autora do perfil. O caso pode ser enquadrado em crimes previstos no C\u00f3digo Penal e tamb\u00e9m na Lei n\u00ba 13.709\/2018 (Lei Geral de Prote\u00e7\u00e3o de Dados Pessoais &#8211; LGPD), al\u00e9m de se configurar como crime contra a honra (cal\u00fania, difama\u00e7\u00e3o ou inj\u00faria), previstos nos artigos 138 a 140 do C\u00f3digo Penal. Por se tratar de publica\u00e7\u00e3o em ambiente digital, tamb\u00e9m pode ser investigado \u00e0 luz da Lei Carolina Dieckmann (Lei n\u00ba 12.737\/2012) e do Marco Civil da Internet (Lei n\u00ba 12.965\/2014), que responsabilizam criminalmente os autores de ofensas virtuais. A Pol\u00edcia Civil informou que as investiga\u00e7\u00f5es ir\u00e3o buscar identificar o respons\u00e1vel pela cria\u00e7\u00e3o e administra\u00e7\u00e3o do perfil, podendo solicitar quebra de sigilo de dados junto \u00e0s plataformas para rastrear o autor do crime. Reda\u00e7\u00e3o Foto:.Ilustra\u00e7\u00e3o\" \/>\n<meta property=\"og:url\" content=\"https:\/\/portalraizesnoticias.com.br\/?p=7826\" \/>\n<meta property=\"og:site_name\" content=\"Portal raizes noticias\" \/>\n<meta property=\"article:published_time\" content=\"2025-08-19T23:18:10+00:00\" \/>\n<meta property=\"article:modified_time\" content=\"2025-08-20T18:11:48+00:00\" \/>\n<meta property=\"og:image\" content=\"https:\/\/portalraizesnoticias.com.br\/wp-content\/uploads\/2025\/08\/images-2025-08-19T201323.483.jpeg\" \/>\n\t<meta property=\"og:image:width\" content=\"704\" \/>\n\t<meta property=\"og:image:height\" content=\"400\" \/>\n\t<meta property=\"og:image:type\" content=\"image\/jpeg\" \/>\n<meta name=\"author\" content=\"Portal Raizes\" \/>\n<meta name=\"twitter:card\" content=\"summary_large_image\" \/>\n<meta name=\"twitter:label1\" content=\"Escrito por\" \/>\n\t<meta name=\"twitter:data1\" content=\"Portal Raizes\" \/>\n\t<meta name=\"twitter:label2\" content=\"Est. tempo de leitura\" \/>\n\t<meta name=\"twitter:data2\" content=\"1 minuto\" \/>\n<script type=\"application\/ld+json\" class=\"yoast-schema-graph\">{\"@context\":\"https:\/\/schema.org\",\"@graph\":[{\"@type\":\"Article\",\"@id\":\"https:\/\/portalraizesnoticias.com.br\/?p=7826#article\",\"isPartOf\":{\"@id\":\"https:\/\/portalraizesnoticias.com.br\/?p=7826\"},\"author\":{\"name\":\"Portal Raizes\",\"@id\":\"https:\/\/portalraizesnoticias.com.br\/#\/schema\/person\/a3ca6b0fc701e78df19756c417d943ae\"},\"headline\":\"Coit\u00e9: Perfil falso exp\u00f5e e ofende meninas no distrito de Bandia\u00e7u; caso vai parar na pol\u00edcia\",\"datePublished\":\"2025-08-19T23:18:10+00:00\",\"dateModified\":\"2025-08-20T18:11:48+00:00\",\"mainEntityOfPage\":{\"@id\":\"https:\/\/portalraizesnoticias.com.br\/?p=7826\"},\"wordCount\":426,\"commentCount\":0,\"publisher\":{\"@id\":\"https:\/\/portalraizesnoticias.com.br\/#organization\"},\"image\":{\"@id\":\"https:\/\/portalraizesnoticias.com.br\/?p=7826#primaryimage\"},\"thumbnailUrl\":\"https:\/\/portalraizesnoticias.com.br\/wp-content\/uploads\/2025\/08\/images-2025-08-19T201323.483.jpeg\",\"keywords\":[\"Denuncia\"],\"articleSection\":[\"DESTAQUES\",\"POLICIA\",\"ULTIMAS NOTICIAS\"],\"inLanguage\":\"pt-BR\",\"potentialAction\":[{\"@type\":\"CommentAction\",\"name\":\"Comment\",\"target\":[\"https:\/\/portalraizesnoticias.com.br\/?p=7826#respond\"]}]},{\"@type\":\"WebPage\",\"@id\":\"https:\/\/portalraizesnoticias.com.br\/?p=7826\",\"url\":\"https:\/\/portalraizesnoticias.com.br\/?p=7826\",\"name\":\"Coit\u00e9: Perfil falso exp\u00f5e e ofende meninas no distrito de Bandia\u00e7u; caso vai parar na pol\u00edcia - Portal raizes noticias\",\"isPartOf\":{\"@id\":\"https:\/\/portalraizesnoticias.com.br\/#website\"},\"primaryImageOfPage\":{\"@id\":\"https:\/\/portalraizesnoticias.com.br\/?p=7826#primaryimage\"},\"image\":{\"@id\":\"https:\/\/portalraizesnoticias.com.br\/?p=7826#primaryimage\"},\"thumbnailUrl\":\"https:\/\/portalraizesnoticias.com.br\/wp-content\/uploads\/2025\/08\/images-2025-08-19T201323.483.jpeg\",\"datePublished\":\"2025-08-19T23:18:10+00:00\",\"dateModified\":\"2025-08-20T18:11:48+00:00\",\"breadcrumb\":{\"@id\":\"https:\/\/portalraizesnoticias.com.br\/?p=7826#breadcrumb\"},\"inLanguage\":\"pt-BR\",\"potentialAction\":[{\"@type\":\"ReadAction\",\"target\":[\"https:\/\/portalraizesnoticias.com.br\/?p=7826\"]}]},{\"@type\":\"ImageObject\",\"inLanguage\":\"pt-BR\",\"@id\":\"https:\/\/portalraizesnoticias.com.br\/?p=7826#primaryimage\",\"url\":\"https:\/\/portalraizesnoticias.com.br\/wp-content\/uploads\/2025\/08\/images-2025-08-19T201323.483.jpeg\",\"contentUrl\":\"https:\/\/portalraizesnoticias.com.br\/wp-content\/uploads\/2025\/08\/images-2025-08-19T201323.483.jpeg\",\"width\":704,\"height\":400},{\"@type\":\"BreadcrumbList\",\"@id\":\"https:\/\/portalraizesnoticias.com.br\/?p=7826#breadcrumb\",\"itemListElement\":[{\"@type\":\"ListItem\",\"position\":1,\"name\":\"In\u00edcio\",\"item\":\"https:\/\/portalraizesnoticias.com.br\/\"},{\"@type\":\"ListItem\",\"position\":2,\"name\":\"Coit\u00e9: Perfil falso exp\u00f5e e ofende meninas no distrito de Bandia\u00e7u; caso vai parar na pol\u00edcia\"}]},{\"@type\":\"WebSite\",\"@id\":\"https:\/\/portalraizesnoticias.com.br\/#website\",\"url\":\"https:\/\/portalraizesnoticias.com.br\/\",\"name\":\"Portal raizes NOTICIAS\",\"description\":\"site de noticias de concei\u00e7\u00e3o do coit\u00e9 e regi\u00e3o\",\"publisher\":{\"@id\":\"https:\/\/portalraizesnoticias.com.br\/#organization\"},\"alternateName\":\"PORTAL RAIZES COIT\u00c9\",\"potentialAction\":[{\"@type\":\"SearchAction\",\"target\":{\"@type\":\"EntryPoint\",\"urlTemplate\":\"https:\/\/portalraizesnoticias.com.br\/?s={search_term_string}\"},\"query-input\":{\"@type\":\"PropertyValueSpecification\",\"valueRequired\":true,\"valueName\":\"search_term_string\"}}],\"inLanguage\":\"pt-BR\"},{\"@type\":\"Organization\",\"@id\":\"https:\/\/portalraizesnoticias.com.br\/#organization\",\"name\":\"Portal raizes NOTICIAS\",\"url\":\"https:\/\/portalraizesnoticias.com.br\/\",\"logo\":{\"@type\":\"ImageObject\",\"inLanguage\":\"pt-BR\",\"@id\":\"https:\/\/portalraizesnoticias.com.br\/#\/schema\/logo\/image\/\",\"url\":\"https:\/\/portalraizesnoticias.com.br\/wp-content\/uploads\/2024\/09\/cropped-Captura-de-tela-2024-09-08-011108.png\",\"contentUrl\":\"https:\/\/portalraizesnoticias.com.br\/wp-content\/uploads\/2024\/09\/cropped-Captura-de-tela-2024-09-08-011108.png\",\"width\":606,\"height\":173,\"caption\":\"Portal raizes NOTICIAS\"},\"image\":{\"@id\":\"https:\/\/portalraizesnoticias.com.br\/#\/schema\/logo\/image\/\"}},{\"@type\":\"Person\",\"@id\":\"https:\/\/portalraizesnoticias.com.br\/#\/schema\/person\/a3ca6b0fc701e78df19756c417d943ae\",\"name\":\"Portal Raizes\",\"image\":{\"@type\":\"ImageObject\",\"inLanguage\":\"pt-BR\",\"@id\":\"https:\/\/portalraizesnoticias.com.br\/#\/schema\/person\/image\/\",\"url\":\"https:\/\/secure.gravatar.com\/avatar\/ef450d29013a3d3fba867a12a249d7b1?s=96&d=mm&r=g\",\"contentUrl\":\"https:\/\/secure.gravatar.com\/avatar\/ef450d29013a3d3fba867a12a249d7b1?s=96&d=mm&r=g\",\"caption\":\"Portal Raizes\"},\"url\":\"https:\/\/portalraizesnoticias.com.br\/?author=3\"}]}<\/script>\n<!-- \/ Yoast SEO plugin. -->","yoast_head_json":{"title":"Coit\u00e9: Perfil falso exp\u00f5e e ofende meninas no distrito de Bandia\u00e7u; caso vai parar na pol\u00edcia - Portal raizes noticias","robots":{"index":"index","follow":"follow","max-snippet":"max-snippet:-1","max-image-preview":"max-image-preview:large","max-video-preview":"max-video-preview:-1"},"canonical":"https:\/\/portalraizesnoticias.com.br\/?p=7826","og_locale":"pt_BR","og_type":"article","og_title":"Coit\u00e9: Perfil falso exp\u00f5e e ofende meninas no distrito de Bandia\u00e7u; caso vai parar na pol\u00edcia - Portal raizes noticias","og_description":"Um perfil criado nas redes sociais no distrito de Bandia\u00e7u, em Concei\u00e7\u00e3o do Coit\u00e9, tem gerado revolta em algumas fam\u00edlias ap\u00f3s a divulga\u00e7\u00e3o de conte\u00fados difamat\u00f3rios envolvendo jovens da comunidade. \u00a0PUBLICIDADE A p\u00e1gina (explana_bandicu) no Instagram tem publicado ofensas direcionadas a meninas da localidade, muitas vezes com insinua\u00e7\u00f5es de car\u00e1ter \u00edntimo e associando-as, de forma caluniosa, \u00e0 prostitui\u00e7\u00e3o. (O Portal Ra\u00edzes opta por n\u00e3o reproduzir os conte\u00fados postados). Em entrevista \u00e0 jornalista Rafaela Rodrigues, a m\u00e3e de uma das v\u00edtimas, que preferiu n\u00e3o ser identificada, relatou o impacto emocional sofrido pela filha. \u201cSou m\u00e3e e fico imaginando o que estamos passando. Criei minha filha com tanto cuidado, ela vai para a escola, raramente sai de casa, tem um comportamento exemplar e agora precisa enfrentar uma acusa\u00e7\u00e3o de algo que nunca fez. Desde ent\u00e3o, ela chora compulsivamente e n\u00e3o quer sair de casa\u201d, desabafou. PUBLICIDADE Segundo a m\u00e3e, a situa\u00e7\u00e3o tem gerado temor de que o abalo psicol\u00f3gico resulte em problemas de sa\u00fade. \u201cEu s\u00f3 pe\u00e7o que a pessoa por tr\u00e1s dessa p\u00e1gina pare com isso. S\u00e3o muitas fam\u00edlias sofrendo. Prezamos pela paz e temos uma conduta honesta. \u00c9 inadmiss\u00edvel que tentem manchar a honra de pessoas inocentes\u201d, acrescentou. PUBLICIDADE A situa\u00e7\u00e3o virou uma \u201cbola de neve\u201d devido \u00e0s constantes publica\u00e7\u00f5es ofensivas. Um familiar de uma das v\u00edtimas j\u00e1 registrou queixa na Delegacia Territorial de Concei\u00e7\u00e3o do Coit\u00e9, que abriu investiga\u00e7\u00e3o para identificar o autor ou autora do perfil. O caso pode ser enquadrado em crimes previstos no C\u00f3digo Penal e tamb\u00e9m na Lei n\u00ba 13.709\/2018 (Lei Geral de Prote\u00e7\u00e3o de Dados Pessoais &#8211; LGPD), al\u00e9m de se configurar como crime contra a honra (cal\u00fania, difama\u00e7\u00e3o ou inj\u00faria), previstos nos artigos 138 a 140 do C\u00f3digo Penal. Por se tratar de publica\u00e7\u00e3o em ambiente digital, tamb\u00e9m pode ser investigado \u00e0 luz da Lei Carolina Dieckmann (Lei n\u00ba 12.737\/2012) e do Marco Civil da Internet (Lei n\u00ba 12.965\/2014), que responsabilizam criminalmente os autores de ofensas virtuais. A Pol\u00edcia Civil informou que as investiga\u00e7\u00f5es ir\u00e3o buscar identificar o respons\u00e1vel pela cria\u00e7\u00e3o e administra\u00e7\u00e3o do perfil, podendo solicitar quebra de sigilo de dados junto \u00e0s plataformas para rastrear o autor do crime. Reda\u00e7\u00e3o Foto:.Ilustra\u00e7\u00e3o","og_url":"https:\/\/portalraizesnoticias.com.br\/?p=7826","og_site_name":"Portal raizes noticias","article_published_time":"2025-08-19T23:18:10+00:00","article_modified_time":"2025-08-20T18:11:48+00:00","og_image":[{"width":704,"height":400,"url":"https:\/\/portalraizesnoticias.com.br\/wp-content\/uploads\/2025\/08\/images-2025-08-19T201323.483.jpeg","type":"image\/jpeg"}],"author":"Portal Raizes","twitter_card":"summary_large_image","twitter_misc":{"Escrito por":"Portal Raizes","Est. tempo de leitura":"1 minuto"},"schema":{"@context":"https:\/\/schema.org","@graph":[{"@type":"Article","@id":"https:\/\/portalraizesnoticias.com.br\/?p=7826#article","isPartOf":{"@id":"https:\/\/portalraizesnoticias.com.br\/?p=7826"},"author":{"name":"Portal Raizes","@id":"https:\/\/portalraizesnoticias.com.br\/#\/schema\/person\/a3ca6b0fc701e78df19756c417d943ae"},"headline":"Coit\u00e9: Perfil falso exp\u00f5e e ofende meninas no distrito de Bandia\u00e7u; caso vai parar na pol\u00edcia","datePublished":"2025-08-19T23:18:10+00:00","dateModified":"2025-08-20T18:11:48+00:00","mainEntityOfPage":{"@id":"https:\/\/portalraizesnoticias.com.br\/?p=7826"},"wordCount":426,"commentCount":0,"publisher":{"@id":"https:\/\/portalraizesnoticias.com.br\/#organization"},"image":{"@id":"https:\/\/portalraizesnoticias.com.br\/?p=7826#primaryimage"},"thumbnailUrl":"https:\/\/portalraizesnoticias.com.br\/wp-content\/uploads\/2025\/08\/images-2025-08-19T201323.483.jpeg","keywords":["Denuncia"],"articleSection":["DESTAQUES","POLICIA","ULTIMAS NOTICIAS"],"inLanguage":"pt-BR","potentialAction":[{"@type":"CommentAction","name":"Comment","target":["https:\/\/portalraizesnoticias.com.br\/?p=7826#respond"]}]},{"@type":"WebPage","@id":"https:\/\/portalraizesnoticias.com.br\/?p=7826","url":"https:\/\/portalraizesnoticias.com.br\/?p=7826","name":"Coit\u00e9: Perfil falso exp\u00f5e e ofende meninas no distrito de Bandia\u00e7u; caso vai parar na pol\u00edcia - Portal raizes noticias","isPartOf":{"@id":"https:\/\/portalraizesnoticias.com.br\/#website"},"primaryImageOfPage":{"@id":"https:\/\/portalraizesnoticias.com.br\/?p=7826#primaryimage"},"image":{"@id":"https:\/\/portalraizesnoticias.com.br\/?p=7826#primaryimage"},"thumbnailUrl":"https:\/\/portalraizesnoticias.com.br\/wp-content\/uploads\/2025\/08\/images-2025-08-19T201323.483.jpeg","datePublished":"2025-08-19T23:18:10+00:00","dateModified":"2025-08-20T18:11:48+00:00","breadcrumb":{"@id":"https:\/\/portalraizesnoticias.com.br\/?p=7826#breadcrumb"},"inLanguage":"pt-BR","potentialAction":[{"@type":"ReadAction","target":["https:\/\/portalraizesnoticias.com.br\/?p=7826"]}]},{"@type":"ImageObject","inLanguage":"pt-BR","@id":"https:\/\/portalraizesnoticias.com.br\/?p=7826#primaryimage","url":"https:\/\/portalraizesnoticias.com.br\/wp-content\/uploads\/2025\/08\/images-2025-08-19T201323.483.jpeg","contentUrl":"https:\/\/portalraizesnoticias.com.br\/wp-content\/uploads\/2025\/08\/images-2025-08-19T201323.483.jpeg","width":704,"height":400},{"@type":"BreadcrumbList","@id":"https:\/\/portalraizesnoticias.com.br\/?p=7826#breadcrumb","itemListElement":[{"@type":"ListItem","position":1,"name":"In\u00edcio","item":"https:\/\/portalraizesnoticias.com.br\/"},{"@type":"ListItem","position":2,"name":"Coit\u00e9: Perfil falso exp\u00f5e e ofende meninas no distrito de Bandia\u00e7u; caso vai parar na pol\u00edcia"}]},{"@type":"WebSite","@id":"https:\/\/portalraizesnoticias.com.br\/#website","url":"https:\/\/portalraizesnoticias.com.br\/","name":"Portal raizes NOTICIAS","description":"site de noticias de concei\u00e7\u00e3o do coit\u00e9 e regi\u00e3o","publisher":{"@id":"https:\/\/portalraizesnoticias.com.br\/#organization"},"alternateName":"PORTAL RAIZES COIT\u00c9","potentialAction":[{"@type":"SearchAction","target":{"@type":"EntryPoint","urlTemplate":"https:\/\/portalraizesnoticias.com.br\/?s={search_term_string}"},"query-input":{"@type":"PropertyValueSpecification","valueRequired":true,"valueName":"search_term_string"}}],"inLanguage":"pt-BR"},{"@type":"Organization","@id":"https:\/\/portalraizesnoticias.com.br\/#organization","name":"Portal raizes NOTICIAS","url":"https:\/\/portalraizesnoticias.com.br\/","logo":{"@type":"ImageObject","inLanguage":"pt-BR","@id":"https:\/\/portalraizesnoticias.com.br\/#\/schema\/logo\/image\/","url":"https:\/\/portalraizesnoticias.com.br\/wp-content\/uploads\/2024\/09\/cropped-Captura-de-tela-2024-09-08-011108.png","contentUrl":"https:\/\/portalraizesnoticias.com.br\/wp-content\/uploads\/2024\/09\/cropped-Captura-de-tela-2024-09-08-011108.png","width":606,"height":173,"caption":"Portal raizes NOTICIAS"},"image":{"@id":"https:\/\/portalraizesnoticias.com.br\/#\/schema\/logo\/image\/"}},{"@type":"Person","@id":"https:\/\/portalraizesnoticias.com.br\/#\/schema\/person\/a3ca6b0fc701e78df19756c417d943ae","name":"Portal Raizes","image":{"@type":"ImageObject","inLanguage":"pt-BR","@id":"https:\/\/portalraizesnoticias.com.br\/#\/schema\/person\/image\/","url":"https:\/\/secure.gravatar.com\/avatar\/ef450d29013a3d3fba867a12a249d7b1?s=96&d=mm&r=g","contentUrl":"https:\/\/secure.gravatar.com\/avatar\/ef450d29013a3d3fba867a12a249d7b1?s=96&d=mm&r=g","caption":"Portal Raizes"},"url":"https:\/\/portalraizesnoticias.com.br\/?author=3"}]}},"_links":{"self":[{"href":"https:\/\/portalraizesnoticias.com.br\/index.php?rest_route=\/wp\/v2\/posts\/7826"}],"collection":[{"href":"https:\/\/portalraizesnoticias.com.br\/index.php?rest_route=\/wp\/v2\/posts"}],"about":[{"href":"https:\/\/portalraizesnoticias.com.br\/index.php?rest_route=\/wp\/v2\/types\/post"}],"author":[{"embeddable":true,"href":"https:\/\/portalraizesnoticias.com.br\/index.php?rest_route=\/wp\/v2\/users\/3"}],"replies":[{"embeddable":true,"href":"https:\/\/portalraizesnoticias.com.br\/index.php?rest_route=%2Fwp%2Fv2%2Fcomments&post=7826"}],"version-history":[{"count":1,"href":"https:\/\/portalraizesnoticias.com.br\/index.php?rest_route=\/wp\/v2\/posts\/7826\/revisions"}],"predecessor-version":[{"id":7828,"href":"https:\/\/portalraizesnoticias.com.br\/index.php?rest_route=\/wp\/v2\/posts\/7826\/revisions\/7828"}],"wp:featuredmedia":[{"embeddable":true,"href":"https:\/\/portalraizesnoticias.com.br\/index.php?rest_route=\/wp\/v2\/media\/7827"}],"wp:attachment":[{"href":"https:\/\/portalraizesnoticias.com.br\/index.php?rest_route=%2Fwp%2Fv2%2Fmedia&parent=7826"}],"wp:term":[{"taxonomy":"category","embeddable":true,"href":"https:\/\/portalraizesnoticias.com.br\/index.php?rest_route=%2Fwp%2Fv2%2Fcategories&post=7826"},{"taxonomy":"post_tag","embeddable":true,"href":"https:\/\/portalraizesnoticias.com.br\/index.php?rest_route=%2Fwp%2Fv2%2Ftags&post=7826"}],"curies":[{"name":"wp","href":"https:\/\/api.w.org\/{rel}","templated":true}]}}