{"id":7784,"date":"2025-08-15T10:42:08","date_gmt":"2025-08-15T13:42:08","guid":{"rendered":"https:\/\/portalraizesnoticias.com.br\/?p=7784"},"modified":"2025-08-20T15:14:55","modified_gmt":"2025-08-20T18:14:55","slug":"coite-homem-flagrado-furtando-fiacao-no-bairro-da-quadra-tambem-invadiu-residencia-de-empresario-na-mesma-rua-entenda","status":"publish","type":"post","link":"https:\/\/portalraizesnoticias.com.br\/?p=7784","title":{"rendered":"Coit\u00e9: Homem flagrado furtando fia\u00e7\u00e3o no bairro da Quadra tamb\u00e9m invadiu resid\u00eancia de empres\u00e1rio na mesma rua. Entenda!"},"content":{"rendered":"<p>Poucos minutos antes de ser flagrado furtando fia\u00e7\u00e3o el\u00e9trica na rua Jo\u00e3o Souza Pinto, no bairro da Quadra, em Concei\u00e7\u00e3o do Coit\u00e9, o suspeito C.M. dos Santos, 22 anos. tamb\u00e9m invadiu a resid\u00eancia de um empres\u00e1rio da cidade cerca de 10 metros do local.<\/p>\n<p><strong>Leia tamb\u00e9m<\/strong>:\u00a0<a href=\"https:\/\/portalraizesnoticias.com.br\/suspeito-e-preso-em-conceicao-do-coite-apos-vitima-surpreender-furto-de-fios-no-bairro-da-quadra-caso-pode-estar-ligado-a-outros-furtos\/\">Suspeito \u00e9 preso em Concei\u00e7\u00e3o do Coit\u00e9 ap\u00f3s v\u00edtima surpreender furto de fios no bairro da Quadra; caso pode estar ligado a outros furtos<\/a><\/p>\n<p>De acordo com informa\u00e7\u00f5es apuradas pelo Portal Ra\u00edzes, o indiv\u00edduo subiu em um andaime de uma constru\u00e7\u00e3o vizinha, pulou o muro da casa, abriu o port\u00e3o e levou uma bicicleta.<\/p>\n<p><img fetchpriority=\"high\" decoding=\"async\" class=\"size-medium wp-image-7771 aligncenter\" src=\"https:\/\/portalraizesnoticias.com.br\/wp-content\/uploads\/2025\/08\/IMG-20250814-WA05541-300x289.jpg\" alt=\"\" width=\"300\" height=\"289\" srcset=\"https:\/\/portalraizesnoticias.com.br\/wp-content\/uploads\/2025\/08\/IMG-20250814-WA05541-300x289.jpg 300w, https:\/\/portalraizesnoticias.com.br\/wp-content\/uploads\/2025\/08\/IMG-20250814-WA05541-1024x988.jpg 1024w, https:\/\/portalraizesnoticias.com.br\/wp-content\/uploads\/2025\/08\/IMG-20250814-WA05541-768x741.jpg 768w, https:\/\/portalraizesnoticias.com.br\/wp-content\/uploads\/2025\/08\/IMG-20250814-WA05541.jpg 1180w\" sizes=\"(max-width: 300px) 100vw, 300px\" \/><\/p>\n<p style=\"text-align: center;\"><strong>PUBLICIDADE<\/strong><\/p>\n<p>Em entrevista \u00e0 jornalista Rafaela Rodrigues, o empres\u00e1rio contou que percebeu o furto ainda durante a noite, ap\u00f3s tomar conhecimento de outro crime ocorrido a poucos metros de sua resid\u00eancia. O comerciante registrou boletim de ocorr\u00eancia na manh\u00e3 desta sexta-feira (15) e informou que a bicicleta deve ser recuperada nas pr\u00f3ximas horas<img decoding=\"async\" class=\"size-medium wp-image-7819 aligncenter\" src=\"https:\/\/portalraizesnoticias.com.br\/wp-content\/uploads\/2025\/08\/IMG-20250818-WA0126-300x225.jpg\" alt=\"\" width=\"300\" height=\"225\" srcset=\"https:\/\/portalraizesnoticias.com.br\/wp-content\/uploads\/2025\/08\/IMG-20250818-WA0126-300x225.jpg 300w, https:\/\/portalraizesnoticias.com.br\/wp-content\/uploads\/2025\/08\/IMG-20250818-WA0126-1024x768.jpg 1024w, https:\/\/portalraizesnoticias.com.br\/wp-content\/uploads\/2025\/08\/IMG-20250818-WA0126-768x576.jpg 768w, https:\/\/portalraizesnoticias.com.br\/wp-content\/uploads\/2025\/08\/IMG-20250818-WA0126.jpg 1280w\" sizes=\"(max-width: 300px) 100vw, 300px\" \/><\/p>\n<p>O suspeito permanece \u00e0 disposi\u00e7\u00e3o da Justi\u00e7a, enquanto as autoridades seguem investigando os crimes para garantir a responsabiliza\u00e7\u00e3o do envolvido.<\/p>\n<p>Reda\u00e7\u00e3o<\/p>\n","protected":false},"excerpt":{"rendered":"<p>Poucos minutos antes de ser flagrado furtando fia\u00e7\u00e3o el\u00e9trica na rua Jo\u00e3o Souza Pinto, no bairro da Quadra, em Concei\u00e7\u00e3o do Coit\u00e9, o suspeito C.M. dos Santos, 22 anos. tamb\u00e9m invadiu a resid\u00eancia de um empres\u00e1rio da cidade cerca de 10 metros do local. Leia tamb\u00e9m:\u00a0Suspeito \u00e9 preso em Concei\u00e7\u00e3o do Coit\u00e9 ap\u00f3s v\u00edtima surpreender furto de fios no bairro da Quadra; caso pode estar ligado a outros furtos De acordo com informa\u00e7\u00f5es apuradas pelo Portal Ra\u00edzes, o indiv\u00edduo subiu em um andaime de uma constru\u00e7\u00e3o vizinha, pulou o muro da casa, abriu o port\u00e3o e levou uma bicicleta. PUBLICIDADE Em entrevista \u00e0 jornalista Rafaela Rodrigues, o empres\u00e1rio contou que percebeu o furto ainda durante a noite, ap\u00f3s tomar conhecimento de outro crime ocorrido a poucos metros de sua resid\u00eancia. O comerciante registrou boletim de ocorr\u00eancia na manh\u00e3 desta sexta-feira (15) e informou que a bicicleta deve ser recuperada nas pr\u00f3ximas horas O suspeito permanece \u00e0 disposi\u00e7\u00e3o da Justi\u00e7a, enquanto as autoridades seguem investigando os crimes para garantir a responsabiliza\u00e7\u00e3o do envolvido. Reda\u00e7\u00e3o<\/p>\n","protected":false},"author":3,"featured_media":7405,"comment_status":"open","ping_status":"open","sticky":false,"template":"","format":"standard","meta":{"_joinchat":[],"footnotes":""},"categories":[55,67,59],"tags":[291,142],"class_list":["post-7784","post","type-post","status-publish","format-standard","has-post-thumbnail","hentry","category-destaques","category-policia","category-ultimas-noticias","tag-furto","tag-homem"],"yoast_head":"<!-- This site is optimized with the Yoast SEO plugin v24.4 - https:\/\/yoast.com\/wordpress\/plugins\/seo\/ -->\n<title>Coit\u00e9: Homem flagrado furtando fia\u00e7\u00e3o no bairro da Quadra tamb\u00e9m invadiu resid\u00eancia de empres\u00e1rio na mesma rua. Entenda! - Portal raizes noticias<\/title>\n<meta name=\"robots\" content=\"index, follow, max-snippet:-1, max-image-preview:large, max-video-preview:-1\" \/>\n<link rel=\"canonical\" href=\"https:\/\/portalraizesnoticias.com.br\/?p=7784\" \/>\n<meta property=\"og:locale\" content=\"pt_BR\" \/>\n<meta property=\"og:type\" content=\"article\" \/>\n<meta property=\"og:title\" content=\"Coit\u00e9: Homem flagrado furtando fia\u00e7\u00e3o no bairro da Quadra tamb\u00e9m invadiu resid\u00eancia de empres\u00e1rio na mesma rua. Entenda! - Portal raizes noticias\" \/>\n<meta property=\"og:description\" content=\"Poucos minutos antes de ser flagrado furtando fia\u00e7\u00e3o el\u00e9trica na rua Jo\u00e3o Souza Pinto, no bairro da Quadra, em Concei\u00e7\u00e3o do Coit\u00e9, o suspeito C.M. dos Santos, 22 anos. tamb\u00e9m invadiu a resid\u00eancia de um empres\u00e1rio da cidade cerca de 10 metros do local. Leia tamb\u00e9m:\u00a0Suspeito \u00e9 preso em Concei\u00e7\u00e3o do Coit\u00e9 ap\u00f3s v\u00edtima surpreender furto de fios no bairro da Quadra; caso pode estar ligado a outros furtos De acordo com informa\u00e7\u00f5es apuradas pelo Portal Ra\u00edzes, o indiv\u00edduo subiu em um andaime de uma constru\u00e7\u00e3o vizinha, pulou o muro da casa, abriu o port\u00e3o e levou uma bicicleta. PUBLICIDADE Em entrevista \u00e0 jornalista Rafaela Rodrigues, o empres\u00e1rio contou que percebeu o furto ainda durante a noite, ap\u00f3s tomar conhecimento de outro crime ocorrido a poucos metros de sua resid\u00eancia. O comerciante registrou boletim de ocorr\u00eancia na manh\u00e3 desta sexta-feira (15) e informou que a bicicleta deve ser recuperada nas pr\u00f3ximas horas O suspeito permanece \u00e0 disposi\u00e7\u00e3o da Justi\u00e7a, enquanto as autoridades seguem investigando os crimes para garantir a responsabiliza\u00e7\u00e3o do envolvido. Reda\u00e7\u00e3o\" \/>\n<meta property=\"og:url\" content=\"https:\/\/portalraizesnoticias.com.br\/?p=7784\" \/>\n<meta property=\"og:site_name\" content=\"Portal raizes noticias\" \/>\n<meta property=\"article:published_time\" content=\"2025-08-15T13:42:08+00:00\" \/>\n<meta property=\"article:modified_time\" content=\"2025-08-20T18:14:55+00:00\" \/>\n<meta property=\"og:image\" content=\"https:\/\/portalraizesnoticias.com.br\/wp-content\/uploads\/2025\/07\/IMG-20250715-WA0335.jpg\" \/>\n\t<meta property=\"og:image:width\" content=\"746\" \/>\n\t<meta property=\"og:image:height\" content=\"664\" \/>\n\t<meta property=\"og:image:type\" content=\"image\/jpeg\" \/>\n<meta name=\"author\" content=\"Portal Raizes\" \/>\n<meta name=\"twitter:card\" content=\"summary_large_image\" \/>\n<meta name=\"twitter:label1\" content=\"Escrito por\" \/>\n\t<meta name=\"twitter:data1\" content=\"Portal Raizes\" \/>\n\t<meta name=\"twitter:label2\" content=\"Est. tempo de leitura\" \/>\n\t<meta name=\"twitter:data2\" content=\"1 minuto\" \/>\n<script type=\"application\/ld+json\" class=\"yoast-schema-graph\">{\"@context\":\"https:\/\/schema.org\",\"@graph\":[{\"@type\":\"Article\",\"@id\":\"https:\/\/portalraizesnoticias.com.br\/?p=7784#article\",\"isPartOf\":{\"@id\":\"https:\/\/portalraizesnoticias.com.br\/?p=7784\"},\"author\":{\"name\":\"Portal Raizes\",\"@id\":\"https:\/\/portalraizesnoticias.com.br\/#\/schema\/person\/a3ca6b0fc701e78df19756c417d943ae\"},\"headline\":\"Coit\u00e9: Homem flagrado furtando fia\u00e7\u00e3o no bairro da Quadra tamb\u00e9m invadiu resid\u00eancia de empres\u00e1rio na mesma rua. Entenda!\",\"datePublished\":\"2025-08-15T13:42:08+00:00\",\"dateModified\":\"2025-08-20T18:14:55+00:00\",\"mainEntityOfPage\":{\"@id\":\"https:\/\/portalraizesnoticias.com.br\/?p=7784\"},\"wordCount\":216,\"commentCount\":0,\"publisher\":{\"@id\":\"https:\/\/portalraizesnoticias.com.br\/#organization\"},\"image\":{\"@id\":\"https:\/\/portalraizesnoticias.com.br\/?p=7784#primaryimage\"},\"thumbnailUrl\":\"https:\/\/portalraizesnoticias.com.br\/wp-content\/uploads\/2025\/07\/IMG-20250715-WA0335.jpg\",\"keywords\":[\"Furto\",\"Homem\"],\"articleSection\":[\"DESTAQUES\",\"POLICIA\",\"ULTIMAS NOTICIAS\"],\"inLanguage\":\"pt-BR\",\"potentialAction\":[{\"@type\":\"CommentAction\",\"name\":\"Comment\",\"target\":[\"https:\/\/portalraizesnoticias.com.br\/?p=7784#respond\"]}]},{\"@type\":\"WebPage\",\"@id\":\"https:\/\/portalraizesnoticias.com.br\/?p=7784\",\"url\":\"https:\/\/portalraizesnoticias.com.br\/?p=7784\",\"name\":\"Coit\u00e9: Homem flagrado furtando fia\u00e7\u00e3o no bairro da Quadra tamb\u00e9m invadiu resid\u00eancia de empres\u00e1rio na mesma rua. Entenda! - Portal raizes noticias\",\"isPartOf\":{\"@id\":\"https:\/\/portalraizesnoticias.com.br\/#website\"},\"primaryImageOfPage\":{\"@id\":\"https:\/\/portalraizesnoticias.com.br\/?p=7784#primaryimage\"},\"image\":{\"@id\":\"https:\/\/portalraizesnoticias.com.br\/?p=7784#primaryimage\"},\"thumbnailUrl\":\"https:\/\/portalraizesnoticias.com.br\/wp-content\/uploads\/2025\/07\/IMG-20250715-WA0335.jpg\",\"datePublished\":\"2025-08-15T13:42:08+00:00\",\"dateModified\":\"2025-08-20T18:14:55+00:00\",\"breadcrumb\":{\"@id\":\"https:\/\/portalraizesnoticias.com.br\/?p=7784#breadcrumb\"},\"inLanguage\":\"pt-BR\",\"potentialAction\":[{\"@type\":\"ReadAction\",\"target\":[\"https:\/\/portalraizesnoticias.com.br\/?p=7784\"]}]},{\"@type\":\"ImageObject\",\"inLanguage\":\"pt-BR\",\"@id\":\"https:\/\/portalraizesnoticias.com.br\/?p=7784#primaryimage\",\"url\":\"https:\/\/portalraizesnoticias.com.br\/wp-content\/uploads\/2025\/07\/IMG-20250715-WA0335.jpg\",\"contentUrl\":\"https:\/\/portalraizesnoticias.com.br\/wp-content\/uploads\/2025\/07\/IMG-20250715-WA0335.jpg\",\"width\":746,\"height\":664},{\"@type\":\"BreadcrumbList\",\"@id\":\"https:\/\/portalraizesnoticias.com.br\/?p=7784#breadcrumb\",\"itemListElement\":[{\"@type\":\"ListItem\",\"position\":1,\"name\":\"In\u00edcio\",\"item\":\"https:\/\/portalraizesnoticias.com.br\/\"},{\"@type\":\"ListItem\",\"position\":2,\"name\":\"Coit\u00e9: Homem flagrado furtando fia\u00e7\u00e3o no bairro da Quadra tamb\u00e9m invadiu resid\u00eancia de empres\u00e1rio na mesma rua. Entenda!\"}]},{\"@type\":\"WebSite\",\"@id\":\"https:\/\/portalraizesnoticias.com.br\/#website\",\"url\":\"https:\/\/portalraizesnoticias.com.br\/\",\"name\":\"Portal raizes NOTICIAS\",\"description\":\"site de noticias de concei\u00e7\u00e3o do coit\u00e9 e regi\u00e3o\",\"publisher\":{\"@id\":\"https:\/\/portalraizesnoticias.com.br\/#organization\"},\"alternateName\":\"PORTAL RAIZES COIT\u00c9\",\"potentialAction\":[{\"@type\":\"SearchAction\",\"target\":{\"@type\":\"EntryPoint\",\"urlTemplate\":\"https:\/\/portalraizesnoticias.com.br\/?s={search_term_string}\"},\"query-input\":{\"@type\":\"PropertyValueSpecification\",\"valueRequired\":true,\"valueName\":\"search_term_string\"}}],\"inLanguage\":\"pt-BR\"},{\"@type\":\"Organization\",\"@id\":\"https:\/\/portalraizesnoticias.com.br\/#organization\",\"name\":\"Portal raizes NOTICIAS\",\"url\":\"https:\/\/portalraizesnoticias.com.br\/\",\"logo\":{\"@type\":\"ImageObject\",\"inLanguage\":\"pt-BR\",\"@id\":\"https:\/\/portalraizesnoticias.com.br\/#\/schema\/logo\/image\/\",\"url\":\"https:\/\/portalraizesnoticias.com.br\/wp-content\/uploads\/2024\/09\/cropped-Captura-de-tela-2024-09-08-011108.png\",\"contentUrl\":\"https:\/\/portalraizesnoticias.com.br\/wp-content\/uploads\/2024\/09\/cropped-Captura-de-tela-2024-09-08-011108.png\",\"width\":606,\"height\":173,\"caption\":\"Portal raizes NOTICIAS\"},\"image\":{\"@id\":\"https:\/\/portalraizesnoticias.com.br\/#\/schema\/logo\/image\/\"}},{\"@type\":\"Person\",\"@id\":\"https:\/\/portalraizesnoticias.com.br\/#\/schema\/person\/a3ca6b0fc701e78df19756c417d943ae\",\"name\":\"Portal Raizes\",\"image\":{\"@type\":\"ImageObject\",\"inLanguage\":\"pt-BR\",\"@id\":\"https:\/\/portalraizesnoticias.com.br\/#\/schema\/person\/image\/\",\"url\":\"https:\/\/secure.gravatar.com\/avatar\/ef450d29013a3d3fba867a12a249d7b1?s=96&d=mm&r=g\",\"contentUrl\":\"https:\/\/secure.gravatar.com\/avatar\/ef450d29013a3d3fba867a12a249d7b1?s=96&d=mm&r=g\",\"caption\":\"Portal Raizes\"},\"url\":\"https:\/\/portalraizesnoticias.com.br\/?author=3\"}]}<\/script>\n<!-- \/ Yoast SEO plugin. -->","yoast_head_json":{"title":"Coit\u00e9: Homem flagrado furtando fia\u00e7\u00e3o no bairro da Quadra tamb\u00e9m invadiu resid\u00eancia de empres\u00e1rio na mesma rua. Entenda! - Portal raizes noticias","robots":{"index":"index","follow":"follow","max-snippet":"max-snippet:-1","max-image-preview":"max-image-preview:large","max-video-preview":"max-video-preview:-1"},"canonical":"https:\/\/portalraizesnoticias.com.br\/?p=7784","og_locale":"pt_BR","og_type":"article","og_title":"Coit\u00e9: Homem flagrado furtando fia\u00e7\u00e3o no bairro da Quadra tamb\u00e9m invadiu resid\u00eancia de empres\u00e1rio na mesma rua. Entenda! - Portal raizes noticias","og_description":"Poucos minutos antes de ser flagrado furtando fia\u00e7\u00e3o el\u00e9trica na rua Jo\u00e3o Souza Pinto, no bairro da Quadra, em Concei\u00e7\u00e3o do Coit\u00e9, o suspeito C.M. dos Santos, 22 anos. tamb\u00e9m invadiu a resid\u00eancia de um empres\u00e1rio da cidade cerca de 10 metros do local. Leia tamb\u00e9m:\u00a0Suspeito \u00e9 preso em Concei\u00e7\u00e3o do Coit\u00e9 ap\u00f3s v\u00edtima surpreender furto de fios no bairro da Quadra; caso pode estar ligado a outros furtos De acordo com informa\u00e7\u00f5es apuradas pelo Portal Ra\u00edzes, o indiv\u00edduo subiu em um andaime de uma constru\u00e7\u00e3o vizinha, pulou o muro da casa, abriu o port\u00e3o e levou uma bicicleta. PUBLICIDADE Em entrevista \u00e0 jornalista Rafaela Rodrigues, o empres\u00e1rio contou que percebeu o furto ainda durante a noite, ap\u00f3s tomar conhecimento de outro crime ocorrido a poucos metros de sua resid\u00eancia. O comerciante registrou boletim de ocorr\u00eancia na manh\u00e3 desta sexta-feira (15) e informou que a bicicleta deve ser recuperada nas pr\u00f3ximas horas O suspeito permanece \u00e0 disposi\u00e7\u00e3o da Justi\u00e7a, enquanto as autoridades seguem investigando os crimes para garantir a responsabiliza\u00e7\u00e3o do envolvido. Reda\u00e7\u00e3o","og_url":"https:\/\/portalraizesnoticias.com.br\/?p=7784","og_site_name":"Portal raizes noticias","article_published_time":"2025-08-15T13:42:08+00:00","article_modified_time":"2025-08-20T18:14:55+00:00","og_image":[{"width":746,"height":664,"url":"https:\/\/portalraizesnoticias.com.br\/wp-content\/uploads\/2025\/07\/IMG-20250715-WA0335.jpg","type":"image\/jpeg"}],"author":"Portal Raizes","twitter_card":"summary_large_image","twitter_misc":{"Escrito por":"Portal Raizes","Est. tempo de leitura":"1 minuto"},"schema":{"@context":"https:\/\/schema.org","@graph":[{"@type":"Article","@id":"https:\/\/portalraizesnoticias.com.br\/?p=7784#article","isPartOf":{"@id":"https:\/\/portalraizesnoticias.com.br\/?p=7784"},"author":{"name":"Portal Raizes","@id":"https:\/\/portalraizesnoticias.com.br\/#\/schema\/person\/a3ca6b0fc701e78df19756c417d943ae"},"headline":"Coit\u00e9: Homem flagrado furtando fia\u00e7\u00e3o no bairro da Quadra tamb\u00e9m invadiu resid\u00eancia de empres\u00e1rio na mesma rua. Entenda!","datePublished":"2025-08-15T13:42:08+00:00","dateModified":"2025-08-20T18:14:55+00:00","mainEntityOfPage":{"@id":"https:\/\/portalraizesnoticias.com.br\/?p=7784"},"wordCount":216,"commentCount":0,"publisher":{"@id":"https:\/\/portalraizesnoticias.com.br\/#organization"},"image":{"@id":"https:\/\/portalraizesnoticias.com.br\/?p=7784#primaryimage"},"thumbnailUrl":"https:\/\/portalraizesnoticias.com.br\/wp-content\/uploads\/2025\/07\/IMG-20250715-WA0335.jpg","keywords":["Furto","Homem"],"articleSection":["DESTAQUES","POLICIA","ULTIMAS NOTICIAS"],"inLanguage":"pt-BR","potentialAction":[{"@type":"CommentAction","name":"Comment","target":["https:\/\/portalraizesnoticias.com.br\/?p=7784#respond"]}]},{"@type":"WebPage","@id":"https:\/\/portalraizesnoticias.com.br\/?p=7784","url":"https:\/\/portalraizesnoticias.com.br\/?p=7784","name":"Coit\u00e9: Homem flagrado furtando fia\u00e7\u00e3o no bairro da Quadra tamb\u00e9m invadiu resid\u00eancia de empres\u00e1rio na mesma rua. Entenda! - Portal raizes noticias","isPartOf":{"@id":"https:\/\/portalraizesnoticias.com.br\/#website"},"primaryImageOfPage":{"@id":"https:\/\/portalraizesnoticias.com.br\/?p=7784#primaryimage"},"image":{"@id":"https:\/\/portalraizesnoticias.com.br\/?p=7784#primaryimage"},"thumbnailUrl":"https:\/\/portalraizesnoticias.com.br\/wp-content\/uploads\/2025\/07\/IMG-20250715-WA0335.jpg","datePublished":"2025-08-15T13:42:08+00:00","dateModified":"2025-08-20T18:14:55+00:00","breadcrumb":{"@id":"https:\/\/portalraizesnoticias.com.br\/?p=7784#breadcrumb"},"inLanguage":"pt-BR","potentialAction":[{"@type":"ReadAction","target":["https:\/\/portalraizesnoticias.com.br\/?p=7784"]}]},{"@type":"ImageObject","inLanguage":"pt-BR","@id":"https:\/\/portalraizesnoticias.com.br\/?p=7784#primaryimage","url":"https:\/\/portalraizesnoticias.com.br\/wp-content\/uploads\/2025\/07\/IMG-20250715-WA0335.jpg","contentUrl":"https:\/\/portalraizesnoticias.com.br\/wp-content\/uploads\/2025\/07\/IMG-20250715-WA0335.jpg","width":746,"height":664},{"@type":"BreadcrumbList","@id":"https:\/\/portalraizesnoticias.com.br\/?p=7784#breadcrumb","itemListElement":[{"@type":"ListItem","position":1,"name":"In\u00edcio","item":"https:\/\/portalraizesnoticias.com.br\/"},{"@type":"ListItem","position":2,"name":"Coit\u00e9: Homem flagrado furtando fia\u00e7\u00e3o no bairro da Quadra tamb\u00e9m invadiu resid\u00eancia de empres\u00e1rio na mesma rua. Entenda!"}]},{"@type":"WebSite","@id":"https:\/\/portalraizesnoticias.com.br\/#website","url":"https:\/\/portalraizesnoticias.com.br\/","name":"Portal raizes NOTICIAS","description":"site de noticias de concei\u00e7\u00e3o do coit\u00e9 e regi\u00e3o","publisher":{"@id":"https:\/\/portalraizesnoticias.com.br\/#organization"},"alternateName":"PORTAL RAIZES COIT\u00c9","potentialAction":[{"@type":"SearchAction","target":{"@type":"EntryPoint","urlTemplate":"https:\/\/portalraizesnoticias.com.br\/?s={search_term_string}"},"query-input":{"@type":"PropertyValueSpecification","valueRequired":true,"valueName":"search_term_string"}}],"inLanguage":"pt-BR"},{"@type":"Organization","@id":"https:\/\/portalraizesnoticias.com.br\/#organization","name":"Portal raizes NOTICIAS","url":"https:\/\/portalraizesnoticias.com.br\/","logo":{"@type":"ImageObject","inLanguage":"pt-BR","@id":"https:\/\/portalraizesnoticias.com.br\/#\/schema\/logo\/image\/","url":"https:\/\/portalraizesnoticias.com.br\/wp-content\/uploads\/2024\/09\/cropped-Captura-de-tela-2024-09-08-011108.png","contentUrl":"https:\/\/portalraizesnoticias.com.br\/wp-content\/uploads\/2024\/09\/cropped-Captura-de-tela-2024-09-08-011108.png","width":606,"height":173,"caption":"Portal raizes NOTICIAS"},"image":{"@id":"https:\/\/portalraizesnoticias.com.br\/#\/schema\/logo\/image\/"}},{"@type":"Person","@id":"https:\/\/portalraizesnoticias.com.br\/#\/schema\/person\/a3ca6b0fc701e78df19756c417d943ae","name":"Portal Raizes","image":{"@type":"ImageObject","inLanguage":"pt-BR","@id":"https:\/\/portalraizesnoticias.com.br\/#\/schema\/person\/image\/","url":"https:\/\/secure.gravatar.com\/avatar\/ef450d29013a3d3fba867a12a249d7b1?s=96&d=mm&r=g","contentUrl":"https:\/\/secure.gravatar.com\/avatar\/ef450d29013a3d3fba867a12a249d7b1?s=96&d=mm&r=g","caption":"Portal Raizes"},"url":"https:\/\/portalraizesnoticias.com.br\/?author=3"}]}},"_links":{"self":[{"href":"https:\/\/portalraizesnoticias.com.br\/index.php?rest_route=\/wp\/v2\/posts\/7784"}],"collection":[{"href":"https:\/\/portalraizesnoticias.com.br\/index.php?rest_route=\/wp\/v2\/posts"}],"about":[{"href":"https:\/\/portalraizesnoticias.com.br\/index.php?rest_route=\/wp\/v2\/types\/post"}],"author":[{"embeddable":true,"href":"https:\/\/portalraizesnoticias.com.br\/index.php?rest_route=\/wp\/v2\/users\/3"}],"replies":[{"embeddable":true,"href":"https:\/\/portalraizesnoticias.com.br\/index.php?rest_route=%2Fwp%2Fv2%2Fcomments&post=7784"}],"version-history":[{"count":3,"href":"https:\/\/portalraizesnoticias.com.br\/index.php?rest_route=\/wp\/v2\/posts\/7784\/revisions"}],"predecessor-version":[{"id":7820,"href":"https:\/\/portalraizesnoticias.com.br\/index.php?rest_route=\/wp\/v2\/posts\/7784\/revisions\/7820"}],"wp:featuredmedia":[{"embeddable":true,"href":"https:\/\/portalraizesnoticias.com.br\/index.php?rest_route=\/wp\/v2\/media\/7405"}],"wp:attachment":[{"href":"https:\/\/portalraizesnoticias.com.br\/index.php?rest_route=%2Fwp%2Fv2%2Fmedia&parent=7784"}],"wp:term":[{"taxonomy":"category","embeddable":true,"href":"https:\/\/portalraizesnoticias.com.br\/index.php?rest_route=%2Fwp%2Fv2%2Fcategories&post=7784"},{"taxonomy":"post_tag","embeddable":true,"href":"https:\/\/portalraizesnoticias.com.br\/index.php?rest_route=%2Fwp%2Fv2%2Ftags&post=7784"}],"curies":[{"name":"wp","href":"https:\/\/api.w.org\/{rel}","templated":true}]}}