{"id":7756,"date":"2025-08-14T10:39:26","date_gmt":"2025-08-14T13:39:26","guid":{"rendered":"https:\/\/portalraizesnoticias.com.br\/?p=7756"},"modified":"2025-08-20T15:12:28","modified_gmt":"2025-08-20T18:12:28","slug":"jovem-natural-de-conceicao-do-coite-e-executado-a-tiros-em-salvador","status":"publish","type":"post","link":"https:\/\/portalraizesnoticias.com.br\/?p=7756","title":{"rendered":"Jovem natural de Concei\u00e7\u00e3o do Coit\u00e9 \u00e9 executado a tiros em Salvador"},"content":{"rendered":"<p>Um jovem natural de Concei\u00e7\u00e3o do Coit\u00e9 foi executado a tiros na noite desta quarta-feira (13), nas proximidades do viaduto dos Rodovi\u00e1rios, entre os bairros Pernambu\u00e9s e Caminho das \u00c1rvores, em Salvador, a cerca de 215 km de Coit\u00e9.<\/p>\n<p><img fetchpriority=\"high\" decoding=\"async\" class=\"size-medium wp-image-5657 aligncenter\" src=\"https:\/\/portalraizesnoticias.com.br\/wp-content\/uploads\/2025\/04\/IMG-20250408-WA0451-300x173.jpg\" alt=\"\" width=\"300\" height=\"173\" srcset=\"https:\/\/portalraizesnoticias.com.br\/wp-content\/uploads\/2025\/04\/IMG-20250408-WA0451-300x173.jpg 300w, https:\/\/portalraizesnoticias.com.br\/wp-content\/uploads\/2025\/04\/IMG-20250408-WA0451-1024x592.jpg 1024w, https:\/\/portalraizesnoticias.com.br\/wp-content\/uploads\/2025\/04\/IMG-20250408-WA0451-768x444.jpg 768w, https:\/\/portalraizesnoticias.com.br\/wp-content\/uploads\/2025\/04\/IMG-20250408-WA0451.jpg 1280w\" sizes=\"(max-width: 300px) 100vw, 300px\" \/><\/p>\n<p style=\"text-align: center;\"><strong>PUBLICIDADE<\/strong><\/p>\n<p><strong>De acordo com informa\u00e7\u00f5es apuradas pelo Portal Ra\u00edzes<\/strong>, a v\u00edtima foi identificada como Tailan Morais dos Santos, sobrinho de um homem conhecido popularmente como Beto do Rasta. A idade de Tailan n\u00e3o foi informada. Ele morou em Coit\u00e9 durante a inf\u00e2ncia, mas seus familiares ainda residem no bairro A\u00e7udinho, pr\u00f3ximo ao centro da cidade.<\/p>\n<p><img decoding=\"async\" class=\"size-medium wp-image-2520 aligncenter\" src=\"https:\/\/portalraizesnoticias.com.br\/wp-content\/uploads\/2024\/11\/Imagem-do-WhatsApp-de-2024-11-28-as-11.24.37_b858345f-300x142.jpg\" alt=\"\" width=\"300\" height=\"142\" srcset=\"https:\/\/portalraizesnoticias.com.br\/wp-content\/uploads\/2024\/11\/Imagem-do-WhatsApp-de-2024-11-28-as-11.24.37_b858345f-300x142.jpg 300w, https:\/\/portalraizesnoticias.com.br\/wp-content\/uploads\/2024\/11\/Imagem-do-WhatsApp-de-2024-11-28-as-11.24.37_b858345f.jpg 722w\" sizes=\"(max-width: 300px) 100vw, 300px\" \/><\/p>\n<p style=\"text-align: center;\"><strong>PUBLICIDADE<\/strong><\/p>\n<p>Segundo a Pol\u00edcia Militar, Tailan foi sequestrado por criminosos e levado at\u00e9 o local onde foi morto com v\u00e1rios disparos de pistola calibre 9mm. O corpo foi encontrado apenas de cueca.<\/p>\n<p>Atualmente, Tailan morava na Rua das Flores, em Salvador. O caso est\u00e1 sendo investigado pelo Departamento de Homic\u00eddios e Prote\u00e7\u00e3o \u00e0 Pessoa (DHPP).<\/p>\n<p>Reda\u00e7\u00e3o com informa\u00e7\u00f5es da PM<\/p>\n","protected":false},"excerpt":{"rendered":"<p>Um jovem natural de Concei\u00e7\u00e3o do Coit\u00e9 foi executado a tiros na noite desta quarta-feira (13), nas proximidades do viaduto dos Rodovi\u00e1rios, entre os bairros Pernambu\u00e9s e Caminho das \u00c1rvores, em Salvador, a cerca de 215 km de Coit\u00e9. PUBLICIDADE De acordo com informa\u00e7\u00f5es apuradas pelo Portal Ra\u00edzes, a v\u00edtima foi identificada como Tailan Morais dos Santos, sobrinho de um homem conhecido popularmente como Beto do Rasta. A idade de Tailan n\u00e3o foi informada. Ele morou em Coit\u00e9 durante a inf\u00e2ncia, mas seus familiares ainda residem no bairro A\u00e7udinho, pr\u00f3ximo ao centro da cidade. PUBLICIDADE Segundo a Pol\u00edcia Militar, Tailan foi sequestrado por criminosos e levado at\u00e9 o local onde foi morto com v\u00e1rios disparos de pistola calibre 9mm. O corpo foi encontrado apenas de cueca. Atualmente, Tailan morava na Rua das Flores, em Salvador. O caso est\u00e1 sendo investigado pelo Departamento de Homic\u00eddios e Prote\u00e7\u00e3o \u00e0 Pessoa (DHPP). Reda\u00e7\u00e3o com informa\u00e7\u00f5es da PM<\/p>\n","protected":false},"author":3,"featured_media":7757,"comment_status":"open","ping_status":"open","sticky":false,"template":"","format":"standard","meta":{"_joinchat":[],"footnotes":""},"categories":[55,67,59],"tags":[1194,76,1242,1241],"class_list":["post-7756","post","type-post","status-publish","format-standard","has-post-thumbnail","hentry","category-destaques","category-policia","category-ultimas-noticias","tag-coite-2","tag-jovem","tag-portal-raizes-coite-2","tag-tailan"],"yoast_head":"<!-- This site is optimized with the Yoast SEO plugin v24.4 - https:\/\/yoast.com\/wordpress\/plugins\/seo\/ -->\n<title>Jovem natural de Concei\u00e7\u00e3o do Coit\u00e9 \u00e9 executado a tiros em Salvador - Portal raizes noticias<\/title>\n<meta name=\"robots\" content=\"index, follow, max-snippet:-1, max-image-preview:large, max-video-preview:-1\" \/>\n<link rel=\"canonical\" href=\"https:\/\/portalraizesnoticias.com.br\/?p=7756\" \/>\n<meta property=\"og:locale\" content=\"pt_BR\" \/>\n<meta property=\"og:type\" content=\"article\" \/>\n<meta property=\"og:title\" content=\"Jovem natural de Concei\u00e7\u00e3o do Coit\u00e9 \u00e9 executado a tiros em Salvador - Portal raizes noticias\" \/>\n<meta property=\"og:description\" content=\"Um jovem natural de Concei\u00e7\u00e3o do Coit\u00e9 foi executado a tiros na noite desta quarta-feira (13), nas proximidades do viaduto dos Rodovi\u00e1rios, entre os bairros Pernambu\u00e9s e Caminho das \u00c1rvores, em Salvador, a cerca de 215 km de Coit\u00e9. PUBLICIDADE De acordo com informa\u00e7\u00f5es apuradas pelo Portal Ra\u00edzes, a v\u00edtima foi identificada como Tailan Morais dos Santos, sobrinho de um homem conhecido popularmente como Beto do Rasta. A idade de Tailan n\u00e3o foi informada. Ele morou em Coit\u00e9 durante a inf\u00e2ncia, mas seus familiares ainda residem no bairro A\u00e7udinho, pr\u00f3ximo ao centro da cidade. PUBLICIDADE Segundo a Pol\u00edcia Militar, Tailan foi sequestrado por criminosos e levado at\u00e9 o local onde foi morto com v\u00e1rios disparos de pistola calibre 9mm. O corpo foi encontrado apenas de cueca. Atualmente, Tailan morava na Rua das Flores, em Salvador. O caso est\u00e1 sendo investigado pelo Departamento de Homic\u00eddios e Prote\u00e7\u00e3o \u00e0 Pessoa (DHPP). Reda\u00e7\u00e3o com informa\u00e7\u00f5es da PM\" \/>\n<meta property=\"og:url\" content=\"https:\/\/portalraizesnoticias.com.br\/?p=7756\" \/>\n<meta property=\"og:site_name\" content=\"Portal raizes noticias\" \/>\n<meta property=\"article:published_time\" content=\"2025-08-14T13:39:26+00:00\" \/>\n<meta property=\"article:modified_time\" content=\"2025-08-20T18:12:28+00:00\" \/>\n<meta property=\"og:image\" content=\"https:\/\/portalraizesnoticias.com.br\/wp-content\/uploads\/2025\/08\/IMG-20250814-WA0115.jpg\" \/>\n\t<meta property=\"og:image:width\" content=\"457\" \/>\n\t<meta property=\"og:image:height\" content=\"396\" \/>\n\t<meta property=\"og:image:type\" content=\"image\/jpeg\" \/>\n<meta name=\"author\" content=\"Portal Raizes\" \/>\n<meta name=\"twitter:card\" content=\"summary_large_image\" \/>\n<meta name=\"twitter:label1\" content=\"Escrito por\" \/>\n\t<meta name=\"twitter:data1\" content=\"Portal Raizes\" \/>\n\t<meta name=\"twitter:label2\" content=\"Est. tempo de leitura\" \/>\n\t<meta name=\"twitter:data2\" content=\"1 minuto\" \/>\n<script type=\"application\/ld+json\" class=\"yoast-schema-graph\">{\"@context\":\"https:\/\/schema.org\",\"@graph\":[{\"@type\":\"Article\",\"@id\":\"https:\/\/portalraizesnoticias.com.br\/?p=7756#article\",\"isPartOf\":{\"@id\":\"https:\/\/portalraizesnoticias.com.br\/?p=7756\"},\"author\":{\"name\":\"Portal Raizes\",\"@id\":\"https:\/\/portalraizesnoticias.com.br\/#\/schema\/person\/a3ca6b0fc701e78df19756c417d943ae\"},\"headline\":\"Jovem natural de Concei\u00e7\u00e3o do Coit\u00e9 \u00e9 executado a tiros em Salvador\",\"datePublished\":\"2025-08-14T13:39:26+00:00\",\"dateModified\":\"2025-08-20T18:12:28+00:00\",\"mainEntityOfPage\":{\"@id\":\"https:\/\/portalraizesnoticias.com.br\/?p=7756\"},\"wordCount\":179,\"commentCount\":0,\"publisher\":{\"@id\":\"https:\/\/portalraizesnoticias.com.br\/#organization\"},\"image\":{\"@id\":\"https:\/\/portalraizesnoticias.com.br\/?p=7756#primaryimage\"},\"thumbnailUrl\":\"https:\/\/portalraizesnoticias.com.br\/wp-content\/uploads\/2025\/08\/IMG-20250814-WA0115.jpg\",\"keywords\":[\"Coite\",\"Jovem\",\"Portal ra\u00edzes coit\u00e9\",\"Tailan\"],\"articleSection\":[\"DESTAQUES\",\"POLICIA\",\"ULTIMAS NOTICIAS\"],\"inLanguage\":\"pt-BR\",\"potentialAction\":[{\"@type\":\"CommentAction\",\"name\":\"Comment\",\"target\":[\"https:\/\/portalraizesnoticias.com.br\/?p=7756#respond\"]}]},{\"@type\":\"WebPage\",\"@id\":\"https:\/\/portalraizesnoticias.com.br\/?p=7756\",\"url\":\"https:\/\/portalraizesnoticias.com.br\/?p=7756\",\"name\":\"Jovem natural de Concei\u00e7\u00e3o do Coit\u00e9 \u00e9 executado a tiros em Salvador - Portal raizes noticias\",\"isPartOf\":{\"@id\":\"https:\/\/portalraizesnoticias.com.br\/#website\"},\"primaryImageOfPage\":{\"@id\":\"https:\/\/portalraizesnoticias.com.br\/?p=7756#primaryimage\"},\"image\":{\"@id\":\"https:\/\/portalraizesnoticias.com.br\/?p=7756#primaryimage\"},\"thumbnailUrl\":\"https:\/\/portalraizesnoticias.com.br\/wp-content\/uploads\/2025\/08\/IMG-20250814-WA0115.jpg\",\"datePublished\":\"2025-08-14T13:39:26+00:00\",\"dateModified\":\"2025-08-20T18:12:28+00:00\",\"breadcrumb\":{\"@id\":\"https:\/\/portalraizesnoticias.com.br\/?p=7756#breadcrumb\"},\"inLanguage\":\"pt-BR\",\"potentialAction\":[{\"@type\":\"ReadAction\",\"target\":[\"https:\/\/portalraizesnoticias.com.br\/?p=7756\"]}]},{\"@type\":\"ImageObject\",\"inLanguage\":\"pt-BR\",\"@id\":\"https:\/\/portalraizesnoticias.com.br\/?p=7756#primaryimage\",\"url\":\"https:\/\/portalraizesnoticias.com.br\/wp-content\/uploads\/2025\/08\/IMG-20250814-WA0115.jpg\",\"contentUrl\":\"https:\/\/portalraizesnoticias.com.br\/wp-content\/uploads\/2025\/08\/IMG-20250814-WA0115.jpg\",\"width\":457,\"height\":396},{\"@type\":\"BreadcrumbList\",\"@id\":\"https:\/\/portalraizesnoticias.com.br\/?p=7756#breadcrumb\",\"itemListElement\":[{\"@type\":\"ListItem\",\"position\":1,\"name\":\"In\u00edcio\",\"item\":\"https:\/\/portalraizesnoticias.com.br\/\"},{\"@type\":\"ListItem\",\"position\":2,\"name\":\"Jovem natural de Concei\u00e7\u00e3o do Coit\u00e9 \u00e9 executado a tiros em Salvador\"}]},{\"@type\":\"WebSite\",\"@id\":\"https:\/\/portalraizesnoticias.com.br\/#website\",\"url\":\"https:\/\/portalraizesnoticias.com.br\/\",\"name\":\"Portal raizes NOTICIAS\",\"description\":\"site de noticias de concei\u00e7\u00e3o do coit\u00e9 e regi\u00e3o\",\"publisher\":{\"@id\":\"https:\/\/portalraizesnoticias.com.br\/#organization\"},\"alternateName\":\"PORTAL RAIZES COIT\u00c9\",\"potentialAction\":[{\"@type\":\"SearchAction\",\"target\":{\"@type\":\"EntryPoint\",\"urlTemplate\":\"https:\/\/portalraizesnoticias.com.br\/?s={search_term_string}\"},\"query-input\":{\"@type\":\"PropertyValueSpecification\",\"valueRequired\":true,\"valueName\":\"search_term_string\"}}],\"inLanguage\":\"pt-BR\"},{\"@type\":\"Organization\",\"@id\":\"https:\/\/portalraizesnoticias.com.br\/#organization\",\"name\":\"Portal raizes NOTICIAS\",\"url\":\"https:\/\/portalraizesnoticias.com.br\/\",\"logo\":{\"@type\":\"ImageObject\",\"inLanguage\":\"pt-BR\",\"@id\":\"https:\/\/portalraizesnoticias.com.br\/#\/schema\/logo\/image\/\",\"url\":\"https:\/\/portalraizesnoticias.com.br\/wp-content\/uploads\/2024\/09\/cropped-Captura-de-tela-2024-09-08-011108.png\",\"contentUrl\":\"https:\/\/portalraizesnoticias.com.br\/wp-content\/uploads\/2024\/09\/cropped-Captura-de-tela-2024-09-08-011108.png\",\"width\":606,\"height\":173,\"caption\":\"Portal raizes NOTICIAS\"},\"image\":{\"@id\":\"https:\/\/portalraizesnoticias.com.br\/#\/schema\/logo\/image\/\"}},{\"@type\":\"Person\",\"@id\":\"https:\/\/portalraizesnoticias.com.br\/#\/schema\/person\/a3ca6b0fc701e78df19756c417d943ae\",\"name\":\"Portal Raizes\",\"image\":{\"@type\":\"ImageObject\",\"inLanguage\":\"pt-BR\",\"@id\":\"https:\/\/portalraizesnoticias.com.br\/#\/schema\/person\/image\/\",\"url\":\"https:\/\/secure.gravatar.com\/avatar\/ef450d29013a3d3fba867a12a249d7b1?s=96&d=mm&r=g\",\"contentUrl\":\"https:\/\/secure.gravatar.com\/avatar\/ef450d29013a3d3fba867a12a249d7b1?s=96&d=mm&r=g\",\"caption\":\"Portal Raizes\"},\"url\":\"https:\/\/portalraizesnoticias.com.br\/?author=3\"}]}<\/script>\n<!-- \/ Yoast SEO plugin. -->","yoast_head_json":{"title":"Jovem natural de Concei\u00e7\u00e3o do Coit\u00e9 \u00e9 executado a tiros em Salvador - Portal raizes noticias","robots":{"index":"index","follow":"follow","max-snippet":"max-snippet:-1","max-image-preview":"max-image-preview:large","max-video-preview":"max-video-preview:-1"},"canonical":"https:\/\/portalraizesnoticias.com.br\/?p=7756","og_locale":"pt_BR","og_type":"article","og_title":"Jovem natural de Concei\u00e7\u00e3o do Coit\u00e9 \u00e9 executado a tiros em Salvador - Portal raizes noticias","og_description":"Um jovem natural de Concei\u00e7\u00e3o do Coit\u00e9 foi executado a tiros na noite desta quarta-feira (13), nas proximidades do viaduto dos Rodovi\u00e1rios, entre os bairros Pernambu\u00e9s e Caminho das \u00c1rvores, em Salvador, a cerca de 215 km de Coit\u00e9. PUBLICIDADE De acordo com informa\u00e7\u00f5es apuradas pelo Portal Ra\u00edzes, a v\u00edtima foi identificada como Tailan Morais dos Santos, sobrinho de um homem conhecido popularmente como Beto do Rasta. A idade de Tailan n\u00e3o foi informada. Ele morou em Coit\u00e9 durante a inf\u00e2ncia, mas seus familiares ainda residem no bairro A\u00e7udinho, pr\u00f3ximo ao centro da cidade. PUBLICIDADE Segundo a Pol\u00edcia Militar, Tailan foi sequestrado por criminosos e levado at\u00e9 o local onde foi morto com v\u00e1rios disparos de pistola calibre 9mm. O corpo foi encontrado apenas de cueca. Atualmente, Tailan morava na Rua das Flores, em Salvador. O caso est\u00e1 sendo investigado pelo Departamento de Homic\u00eddios e Prote\u00e7\u00e3o \u00e0 Pessoa (DHPP). Reda\u00e7\u00e3o com informa\u00e7\u00f5es da PM","og_url":"https:\/\/portalraizesnoticias.com.br\/?p=7756","og_site_name":"Portal raizes noticias","article_published_time":"2025-08-14T13:39:26+00:00","article_modified_time":"2025-08-20T18:12:28+00:00","og_image":[{"width":457,"height":396,"url":"https:\/\/portalraizesnoticias.com.br\/wp-content\/uploads\/2025\/08\/IMG-20250814-WA0115.jpg","type":"image\/jpeg"}],"author":"Portal Raizes","twitter_card":"summary_large_image","twitter_misc":{"Escrito por":"Portal Raizes","Est. tempo de leitura":"1 minuto"},"schema":{"@context":"https:\/\/schema.org","@graph":[{"@type":"Article","@id":"https:\/\/portalraizesnoticias.com.br\/?p=7756#article","isPartOf":{"@id":"https:\/\/portalraizesnoticias.com.br\/?p=7756"},"author":{"name":"Portal Raizes","@id":"https:\/\/portalraizesnoticias.com.br\/#\/schema\/person\/a3ca6b0fc701e78df19756c417d943ae"},"headline":"Jovem natural de Concei\u00e7\u00e3o do Coit\u00e9 \u00e9 executado a tiros em Salvador","datePublished":"2025-08-14T13:39:26+00:00","dateModified":"2025-08-20T18:12:28+00:00","mainEntityOfPage":{"@id":"https:\/\/portalraizesnoticias.com.br\/?p=7756"},"wordCount":179,"commentCount":0,"publisher":{"@id":"https:\/\/portalraizesnoticias.com.br\/#organization"},"image":{"@id":"https:\/\/portalraizesnoticias.com.br\/?p=7756#primaryimage"},"thumbnailUrl":"https:\/\/portalraizesnoticias.com.br\/wp-content\/uploads\/2025\/08\/IMG-20250814-WA0115.jpg","keywords":["Coite","Jovem","Portal ra\u00edzes coit\u00e9","Tailan"],"articleSection":["DESTAQUES","POLICIA","ULTIMAS NOTICIAS"],"inLanguage":"pt-BR","potentialAction":[{"@type":"CommentAction","name":"Comment","target":["https:\/\/portalraizesnoticias.com.br\/?p=7756#respond"]}]},{"@type":"WebPage","@id":"https:\/\/portalraizesnoticias.com.br\/?p=7756","url":"https:\/\/portalraizesnoticias.com.br\/?p=7756","name":"Jovem natural de Concei\u00e7\u00e3o do Coit\u00e9 \u00e9 executado a tiros em Salvador - Portal raizes noticias","isPartOf":{"@id":"https:\/\/portalraizesnoticias.com.br\/#website"},"primaryImageOfPage":{"@id":"https:\/\/portalraizesnoticias.com.br\/?p=7756#primaryimage"},"image":{"@id":"https:\/\/portalraizesnoticias.com.br\/?p=7756#primaryimage"},"thumbnailUrl":"https:\/\/portalraizesnoticias.com.br\/wp-content\/uploads\/2025\/08\/IMG-20250814-WA0115.jpg","datePublished":"2025-08-14T13:39:26+00:00","dateModified":"2025-08-20T18:12:28+00:00","breadcrumb":{"@id":"https:\/\/portalraizesnoticias.com.br\/?p=7756#breadcrumb"},"inLanguage":"pt-BR","potentialAction":[{"@type":"ReadAction","target":["https:\/\/portalraizesnoticias.com.br\/?p=7756"]}]},{"@type":"ImageObject","inLanguage":"pt-BR","@id":"https:\/\/portalraizesnoticias.com.br\/?p=7756#primaryimage","url":"https:\/\/portalraizesnoticias.com.br\/wp-content\/uploads\/2025\/08\/IMG-20250814-WA0115.jpg","contentUrl":"https:\/\/portalraizesnoticias.com.br\/wp-content\/uploads\/2025\/08\/IMG-20250814-WA0115.jpg","width":457,"height":396},{"@type":"BreadcrumbList","@id":"https:\/\/portalraizesnoticias.com.br\/?p=7756#breadcrumb","itemListElement":[{"@type":"ListItem","position":1,"name":"In\u00edcio","item":"https:\/\/portalraizesnoticias.com.br\/"},{"@type":"ListItem","position":2,"name":"Jovem natural de Concei\u00e7\u00e3o do Coit\u00e9 \u00e9 executado a tiros em Salvador"}]},{"@type":"WebSite","@id":"https:\/\/portalraizesnoticias.com.br\/#website","url":"https:\/\/portalraizesnoticias.com.br\/","name":"Portal raizes NOTICIAS","description":"site de noticias de concei\u00e7\u00e3o do coit\u00e9 e regi\u00e3o","publisher":{"@id":"https:\/\/portalraizesnoticias.com.br\/#organization"},"alternateName":"PORTAL RAIZES COIT\u00c9","potentialAction":[{"@type":"SearchAction","target":{"@type":"EntryPoint","urlTemplate":"https:\/\/portalraizesnoticias.com.br\/?s={search_term_string}"},"query-input":{"@type":"PropertyValueSpecification","valueRequired":true,"valueName":"search_term_string"}}],"inLanguage":"pt-BR"},{"@type":"Organization","@id":"https:\/\/portalraizesnoticias.com.br\/#organization","name":"Portal raizes NOTICIAS","url":"https:\/\/portalraizesnoticias.com.br\/","logo":{"@type":"ImageObject","inLanguage":"pt-BR","@id":"https:\/\/portalraizesnoticias.com.br\/#\/schema\/logo\/image\/","url":"https:\/\/portalraizesnoticias.com.br\/wp-content\/uploads\/2024\/09\/cropped-Captura-de-tela-2024-09-08-011108.png","contentUrl":"https:\/\/portalraizesnoticias.com.br\/wp-content\/uploads\/2024\/09\/cropped-Captura-de-tela-2024-09-08-011108.png","width":606,"height":173,"caption":"Portal raizes NOTICIAS"},"image":{"@id":"https:\/\/portalraizesnoticias.com.br\/#\/schema\/logo\/image\/"}},{"@type":"Person","@id":"https:\/\/portalraizesnoticias.com.br\/#\/schema\/person\/a3ca6b0fc701e78df19756c417d943ae","name":"Portal Raizes","image":{"@type":"ImageObject","inLanguage":"pt-BR","@id":"https:\/\/portalraizesnoticias.com.br\/#\/schema\/person\/image\/","url":"https:\/\/secure.gravatar.com\/avatar\/ef450d29013a3d3fba867a12a249d7b1?s=96&d=mm&r=g","contentUrl":"https:\/\/secure.gravatar.com\/avatar\/ef450d29013a3d3fba867a12a249d7b1?s=96&d=mm&r=g","caption":"Portal Raizes"},"url":"https:\/\/portalraizesnoticias.com.br\/?author=3"}]}},"_links":{"self":[{"href":"https:\/\/portalraizesnoticias.com.br\/index.php?rest_route=\/wp\/v2\/posts\/7756"}],"collection":[{"href":"https:\/\/portalraizesnoticias.com.br\/index.php?rest_route=\/wp\/v2\/posts"}],"about":[{"href":"https:\/\/portalraizesnoticias.com.br\/index.php?rest_route=\/wp\/v2\/types\/post"}],"author":[{"embeddable":true,"href":"https:\/\/portalraizesnoticias.com.br\/index.php?rest_route=\/wp\/v2\/users\/3"}],"replies":[{"embeddable":true,"href":"https:\/\/portalraizesnoticias.com.br\/index.php?rest_route=%2Fwp%2Fv2%2Fcomments&post=7756"}],"version-history":[{"count":1,"href":"https:\/\/portalraizesnoticias.com.br\/index.php?rest_route=\/wp\/v2\/posts\/7756\/revisions"}],"predecessor-version":[{"id":7758,"href":"https:\/\/portalraizesnoticias.com.br\/index.php?rest_route=\/wp\/v2\/posts\/7756\/revisions\/7758"}],"wp:featuredmedia":[{"embeddable":true,"href":"https:\/\/portalraizesnoticias.com.br\/index.php?rest_route=\/wp\/v2\/media\/7757"}],"wp:attachment":[{"href":"https:\/\/portalraizesnoticias.com.br\/index.php?rest_route=%2Fwp%2Fv2%2Fmedia&parent=7756"}],"wp:term":[{"taxonomy":"category","embeddable":true,"href":"https:\/\/portalraizesnoticias.com.br\/index.php?rest_route=%2Fwp%2Fv2%2Fcategories&post=7756"},{"taxonomy":"post_tag","embeddable":true,"href":"https:\/\/portalraizesnoticias.com.br\/index.php?rest_route=%2Fwp%2Fv2%2Ftags&post=7756"}],"curies":[{"name":"wp","href":"https:\/\/api.w.org\/{rel}","templated":true}]}}