{"id":7708,"date":"2025-08-13T05:29:45","date_gmt":"2025-08-13T08:29:45","guid":{"rendered":"https:\/\/portalraizesnoticias.com.br\/?p=7708"},"modified":"2025-08-20T15:13:43","modified_gmt":"2025-08-20T18:13:43","slug":"lula-sanciona-isencao-de-ir-para-quem-ganha-ate-dois-salarios-minimos","status":"publish","type":"post","link":"https:\/\/portalraizesnoticias.com.br\/?p=7708","title":{"rendered":"Lula sanciona isen\u00e7\u00e3o de IR para quem ganha at\u00e9 dois sal\u00e1rios m\u00ednimos"},"content":{"rendered":"<p>O presidente Luiz In\u00e1cio Lula da Silva sancionou a Lei n\u00ba 15.191, que isenta do pagamento do Imposto de Renda (IR) os trabalhadores que ganham at\u00e9 dois sal\u00e1rios m\u00ednimos, o que equivale a R$ 3.036. A isen\u00e7\u00e3o vai valer a partir de maio do m\u00eas-calend\u00e1rio 2025.<\/p>\n<p>A proposta foi aprovada em junho pela C\u00e2mara dos Deputados e na \u00faltima quinta-feira (7) pelo Senado.<\/p>\n<p>O PL 2.692\/2025 foi apresentado pelo deputado Jos\u00e9 Guimar\u00e3es (PT-CE), l\u00edder do governo na C\u00e2mara, e substituiu a medida provis\u00f3ria 1.294\/2025, editada pelo governo federal. O relator da mat\u00e9ria foi o l\u00edder do governo, senador Jaques Wagner (PT-BA).<\/p>\n<p>Isen\u00e7\u00e3o at\u00e9 R$ 5 mil<\/p>\n<p>J\u00e1 a proposta de isen\u00e7\u00e3o do IR para quem ganha at\u00e9 R$ 5 mil est\u00e1 em tramita\u00e7\u00e3o na C\u00e2mara dos Deputados, aguardando vota\u00e7\u00e3o no plen\u00e1rio. Aprovado em Comiss\u00e3o Especial, o texto prev\u00ea ainda uma redu\u00e7\u00e3o do IR para quem recebe entre R$ 5 mil e R$ 7.350.<\/p>\n<p>Se for aprovada na C\u00e2mara dos Deputados, a mat\u00e9ria seguir\u00e1 para an\u00e1lise no Senado.<\/p>\n<p>Informa\u00e7\u00f5es Ag\u00eancia Brasil<\/p>\n<p>Foto: Jos\u00e9 Cruz<\/p>\n","protected":false},"excerpt":{"rendered":"<p>O presidente Luiz In\u00e1cio Lula da Silva sancionou a Lei n\u00ba 15.191, que isenta do pagamento do Imposto de Renda (IR) os trabalhadores que ganham at\u00e9 dois sal\u00e1rios m\u00ednimos, o que equivale a R$ 3.036. A isen\u00e7\u00e3o vai valer a partir de maio do m\u00eas-calend\u00e1rio 2025. A proposta foi aprovada em junho pela C\u00e2mara dos Deputados e na \u00faltima quinta-feira (7) pelo Senado. O PL 2.692\/2025 foi apresentado pelo deputado Jos\u00e9 Guimar\u00e3es (PT-CE), l\u00edder do governo na C\u00e2mara, e substituiu a medida provis\u00f3ria 1.294\/2025, editada pelo governo federal. O relator da mat\u00e9ria foi o l\u00edder do governo, senador Jaques Wagner (PT-BA). Isen\u00e7\u00e3o at\u00e9 R$ 5 mil J\u00e1 a proposta de isen\u00e7\u00e3o do IR para quem ganha at\u00e9 R$ 5 mil est\u00e1 em tramita\u00e7\u00e3o na C\u00e2mara dos Deputados, aguardando vota\u00e7\u00e3o no plen\u00e1rio. Aprovado em Comiss\u00e3o Especial, o texto prev\u00ea ainda uma redu\u00e7\u00e3o do IR para quem recebe entre R$ 5 mil e R$ 7.350. Se for aprovada na C\u00e2mara dos Deputados, a mat\u00e9ria seguir\u00e1 para an\u00e1lise no Senado. Informa\u00e7\u00f5es Ag\u00eancia Brasil Foto: Jos\u00e9 Cruz<\/p>\n","protected":false},"author":3,"featured_media":7709,"comment_status":"open","ping_status":"open","sticky":false,"template":"","format":"standard","meta":{"_joinchat":[],"footnotes":""},"categories":[55,53,59],"tags":[1240,1239,395],"class_list":["post-7708","post","type-post","status-publish","format-standard","has-post-thumbnail","hentry","category-destaques","category-politica","category-ultimas-noticias","tag-imposto","tag-isencao","tag-lula"],"yoast_head":"<!-- This site is optimized with the Yoast SEO plugin v24.4 - https:\/\/yoast.com\/wordpress\/plugins\/seo\/ -->\n<title>Lula sanciona isen\u00e7\u00e3o de IR para quem ganha at\u00e9 dois sal\u00e1rios m\u00ednimos - Portal raizes noticias<\/title>\n<meta name=\"robots\" content=\"index, follow, max-snippet:-1, max-image-preview:large, max-video-preview:-1\" \/>\n<link rel=\"canonical\" href=\"https:\/\/portalraizesnoticias.com.br\/?p=7708\" \/>\n<meta property=\"og:locale\" content=\"pt_BR\" \/>\n<meta property=\"og:type\" content=\"article\" \/>\n<meta property=\"og:title\" content=\"Lula sanciona isen\u00e7\u00e3o de IR para quem ganha at\u00e9 dois sal\u00e1rios m\u00ednimos - Portal raizes noticias\" \/>\n<meta property=\"og:description\" content=\"O presidente Luiz In\u00e1cio Lula da Silva sancionou a Lei n\u00ba 15.191, que isenta do pagamento do Imposto de Renda (IR) os trabalhadores que ganham at\u00e9 dois sal\u00e1rios m\u00ednimos, o que equivale a R$ 3.036. A isen\u00e7\u00e3o vai valer a partir de maio do m\u00eas-calend\u00e1rio 2025. A proposta foi aprovada em junho pela C\u00e2mara dos Deputados e na \u00faltima quinta-feira (7) pelo Senado. O PL 2.692\/2025 foi apresentado pelo deputado Jos\u00e9 Guimar\u00e3es (PT-CE), l\u00edder do governo na C\u00e2mara, e substituiu a medida provis\u00f3ria 1.294\/2025, editada pelo governo federal. O relator da mat\u00e9ria foi o l\u00edder do governo, senador Jaques Wagner (PT-BA). Isen\u00e7\u00e3o at\u00e9 R$ 5 mil J\u00e1 a proposta de isen\u00e7\u00e3o do IR para quem ganha at\u00e9 R$ 5 mil est\u00e1 em tramita\u00e7\u00e3o na C\u00e2mara dos Deputados, aguardando vota\u00e7\u00e3o no plen\u00e1rio. Aprovado em Comiss\u00e3o Especial, o texto prev\u00ea ainda uma redu\u00e7\u00e3o do IR para quem recebe entre R$ 5 mil e R$ 7.350. Se for aprovada na C\u00e2mara dos Deputados, a mat\u00e9ria seguir\u00e1 para an\u00e1lise no Senado. Informa\u00e7\u00f5es Ag\u00eancia Brasil Foto: Jos\u00e9 Cruz\" \/>\n<meta property=\"og:url\" content=\"https:\/\/portalraizesnoticias.com.br\/?p=7708\" \/>\n<meta property=\"og:site_name\" content=\"Portal raizes noticias\" \/>\n<meta property=\"article:published_time\" content=\"2025-08-13T08:29:45+00:00\" \/>\n<meta property=\"article:modified_time\" content=\"2025-08-20T18:13:43+00:00\" \/>\n<meta property=\"og:image\" content=\"https:\/\/portalraizesnoticias.com.br\/wp-content\/uploads\/2025\/08\/real_moedadinheiro_jfcrz_abr_1701220048_1-1.webp\" \/>\n\t<meta property=\"og:image:width\" content=\"1170\" \/>\n\t<meta property=\"og:image:height\" content=\"700\" \/>\n\t<meta property=\"og:image:type\" content=\"image\/webp\" \/>\n<meta name=\"author\" content=\"Portal Raizes\" \/>\n<meta name=\"twitter:card\" content=\"summary_large_image\" \/>\n<meta name=\"twitter:label1\" content=\"Escrito por\" \/>\n\t<meta name=\"twitter:data1\" content=\"Portal Raizes\" \/>\n\t<meta name=\"twitter:label2\" content=\"Est. tempo de leitura\" \/>\n\t<meta name=\"twitter:data2\" content=\"1 minuto\" \/>\n<script type=\"application\/ld+json\" class=\"yoast-schema-graph\">{\"@context\":\"https:\/\/schema.org\",\"@graph\":[{\"@type\":\"Article\",\"@id\":\"https:\/\/portalraizesnoticias.com.br\/?p=7708#article\",\"isPartOf\":{\"@id\":\"https:\/\/portalraizesnoticias.com.br\/?p=7708\"},\"author\":{\"name\":\"Portal Raizes\",\"@id\":\"https:\/\/portalraizesnoticias.com.br\/#\/schema\/person\/a3ca6b0fc701e78df19756c417d943ae\"},\"headline\":\"Lula sanciona isen\u00e7\u00e3o de IR para quem ganha at\u00e9 dois sal\u00e1rios m\u00ednimos\",\"datePublished\":\"2025-08-13T08:29:45+00:00\",\"dateModified\":\"2025-08-20T18:13:43+00:00\",\"mainEntityOfPage\":{\"@id\":\"https:\/\/portalraizesnoticias.com.br\/?p=7708\"},\"wordCount\":204,\"commentCount\":0,\"publisher\":{\"@id\":\"https:\/\/portalraizesnoticias.com.br\/#organization\"},\"image\":{\"@id\":\"https:\/\/portalraizesnoticias.com.br\/?p=7708#primaryimage\"},\"thumbnailUrl\":\"https:\/\/portalraizesnoticias.com.br\/wp-content\/uploads\/2025\/08\/real_moedadinheiro_jfcrz_abr_1701220048_1-1.webp\",\"keywords\":[\"Imposto\",\"Isen\u00e7\u00e3o\",\"Lula\"],\"articleSection\":[\"DESTAQUES\",\"POLITICA\",\"ULTIMAS NOTICIAS\"],\"inLanguage\":\"pt-BR\",\"potentialAction\":[{\"@type\":\"CommentAction\",\"name\":\"Comment\",\"target\":[\"https:\/\/portalraizesnoticias.com.br\/?p=7708#respond\"]}]},{\"@type\":\"WebPage\",\"@id\":\"https:\/\/portalraizesnoticias.com.br\/?p=7708\",\"url\":\"https:\/\/portalraizesnoticias.com.br\/?p=7708\",\"name\":\"Lula sanciona isen\u00e7\u00e3o de IR para quem ganha at\u00e9 dois sal\u00e1rios m\u00ednimos - Portal raizes noticias\",\"isPartOf\":{\"@id\":\"https:\/\/portalraizesnoticias.com.br\/#website\"},\"primaryImageOfPage\":{\"@id\":\"https:\/\/portalraizesnoticias.com.br\/?p=7708#primaryimage\"},\"image\":{\"@id\":\"https:\/\/portalraizesnoticias.com.br\/?p=7708#primaryimage\"},\"thumbnailUrl\":\"https:\/\/portalraizesnoticias.com.br\/wp-content\/uploads\/2025\/08\/real_moedadinheiro_jfcrz_abr_1701220048_1-1.webp\",\"datePublished\":\"2025-08-13T08:29:45+00:00\",\"dateModified\":\"2025-08-20T18:13:43+00:00\",\"breadcrumb\":{\"@id\":\"https:\/\/portalraizesnoticias.com.br\/?p=7708#breadcrumb\"},\"inLanguage\":\"pt-BR\",\"potentialAction\":[{\"@type\":\"ReadAction\",\"target\":[\"https:\/\/portalraizesnoticias.com.br\/?p=7708\"]}]},{\"@type\":\"ImageObject\",\"inLanguage\":\"pt-BR\",\"@id\":\"https:\/\/portalraizesnoticias.com.br\/?p=7708#primaryimage\",\"url\":\"https:\/\/portalraizesnoticias.com.br\/wp-content\/uploads\/2025\/08\/real_moedadinheiro_jfcrz_abr_1701220048_1-1.webp\",\"contentUrl\":\"https:\/\/portalraizesnoticias.com.br\/wp-content\/uploads\/2025\/08\/real_moedadinheiro_jfcrz_abr_1701220048_1-1.webp\",\"width\":1170,\"height\":700},{\"@type\":\"BreadcrumbList\",\"@id\":\"https:\/\/portalraizesnoticias.com.br\/?p=7708#breadcrumb\",\"itemListElement\":[{\"@type\":\"ListItem\",\"position\":1,\"name\":\"In\u00edcio\",\"item\":\"https:\/\/portalraizesnoticias.com.br\/\"},{\"@type\":\"ListItem\",\"position\":2,\"name\":\"Lula sanciona isen\u00e7\u00e3o de IR para quem ganha at\u00e9 dois sal\u00e1rios m\u00ednimos\"}]},{\"@type\":\"WebSite\",\"@id\":\"https:\/\/portalraizesnoticias.com.br\/#website\",\"url\":\"https:\/\/portalraizesnoticias.com.br\/\",\"name\":\"Portal raizes NOTICIAS\",\"description\":\"site de noticias de concei\u00e7\u00e3o do coit\u00e9 e regi\u00e3o\",\"publisher\":{\"@id\":\"https:\/\/portalraizesnoticias.com.br\/#organization\"},\"alternateName\":\"PORTAL RAIZES COIT\u00c9\",\"potentialAction\":[{\"@type\":\"SearchAction\",\"target\":{\"@type\":\"EntryPoint\",\"urlTemplate\":\"https:\/\/portalraizesnoticias.com.br\/?s={search_term_string}\"},\"query-input\":{\"@type\":\"PropertyValueSpecification\",\"valueRequired\":true,\"valueName\":\"search_term_string\"}}],\"inLanguage\":\"pt-BR\"},{\"@type\":\"Organization\",\"@id\":\"https:\/\/portalraizesnoticias.com.br\/#organization\",\"name\":\"Portal raizes NOTICIAS\",\"url\":\"https:\/\/portalraizesnoticias.com.br\/\",\"logo\":{\"@type\":\"ImageObject\",\"inLanguage\":\"pt-BR\",\"@id\":\"https:\/\/portalraizesnoticias.com.br\/#\/schema\/logo\/image\/\",\"url\":\"https:\/\/portalraizesnoticias.com.br\/wp-content\/uploads\/2024\/09\/cropped-Captura-de-tela-2024-09-08-011108.png\",\"contentUrl\":\"https:\/\/portalraizesnoticias.com.br\/wp-content\/uploads\/2024\/09\/cropped-Captura-de-tela-2024-09-08-011108.png\",\"width\":606,\"height\":173,\"caption\":\"Portal raizes NOTICIAS\"},\"image\":{\"@id\":\"https:\/\/portalraizesnoticias.com.br\/#\/schema\/logo\/image\/\"}},{\"@type\":\"Person\",\"@id\":\"https:\/\/portalraizesnoticias.com.br\/#\/schema\/person\/a3ca6b0fc701e78df19756c417d943ae\",\"name\":\"Portal Raizes\",\"image\":{\"@type\":\"ImageObject\",\"inLanguage\":\"pt-BR\",\"@id\":\"https:\/\/portalraizesnoticias.com.br\/#\/schema\/person\/image\/\",\"url\":\"https:\/\/secure.gravatar.com\/avatar\/ef450d29013a3d3fba867a12a249d7b1?s=96&d=mm&r=g\",\"contentUrl\":\"https:\/\/secure.gravatar.com\/avatar\/ef450d29013a3d3fba867a12a249d7b1?s=96&d=mm&r=g\",\"caption\":\"Portal Raizes\"},\"url\":\"https:\/\/portalraizesnoticias.com.br\/?author=3\"}]}<\/script>\n<!-- \/ Yoast SEO plugin. -->","yoast_head_json":{"title":"Lula sanciona isen\u00e7\u00e3o de IR para quem ganha at\u00e9 dois sal\u00e1rios m\u00ednimos - Portal raizes noticias","robots":{"index":"index","follow":"follow","max-snippet":"max-snippet:-1","max-image-preview":"max-image-preview:large","max-video-preview":"max-video-preview:-1"},"canonical":"https:\/\/portalraizesnoticias.com.br\/?p=7708","og_locale":"pt_BR","og_type":"article","og_title":"Lula sanciona isen\u00e7\u00e3o de IR para quem ganha at\u00e9 dois sal\u00e1rios m\u00ednimos - Portal raizes noticias","og_description":"O presidente Luiz In\u00e1cio Lula da Silva sancionou a Lei n\u00ba 15.191, que isenta do pagamento do Imposto de Renda (IR) os trabalhadores que ganham at\u00e9 dois sal\u00e1rios m\u00ednimos, o que equivale a R$ 3.036. A isen\u00e7\u00e3o vai valer a partir de maio do m\u00eas-calend\u00e1rio 2025. A proposta foi aprovada em junho pela C\u00e2mara dos Deputados e na \u00faltima quinta-feira (7) pelo Senado. O PL 2.692\/2025 foi apresentado pelo deputado Jos\u00e9 Guimar\u00e3es (PT-CE), l\u00edder do governo na C\u00e2mara, e substituiu a medida provis\u00f3ria 1.294\/2025, editada pelo governo federal. O relator da mat\u00e9ria foi o l\u00edder do governo, senador Jaques Wagner (PT-BA). Isen\u00e7\u00e3o at\u00e9 R$ 5 mil J\u00e1 a proposta de isen\u00e7\u00e3o do IR para quem ganha at\u00e9 R$ 5 mil est\u00e1 em tramita\u00e7\u00e3o na C\u00e2mara dos Deputados, aguardando vota\u00e7\u00e3o no plen\u00e1rio. Aprovado em Comiss\u00e3o Especial, o texto prev\u00ea ainda uma redu\u00e7\u00e3o do IR para quem recebe entre R$ 5 mil e R$ 7.350. Se for aprovada na C\u00e2mara dos Deputados, a mat\u00e9ria seguir\u00e1 para an\u00e1lise no Senado. Informa\u00e7\u00f5es Ag\u00eancia Brasil Foto: Jos\u00e9 Cruz","og_url":"https:\/\/portalraizesnoticias.com.br\/?p=7708","og_site_name":"Portal raizes noticias","article_published_time":"2025-08-13T08:29:45+00:00","article_modified_time":"2025-08-20T18:13:43+00:00","og_image":[{"width":1170,"height":700,"url":"https:\/\/portalraizesnoticias.com.br\/wp-content\/uploads\/2025\/08\/real_moedadinheiro_jfcrz_abr_1701220048_1-1.webp","type":"image\/webp"}],"author":"Portal Raizes","twitter_card":"summary_large_image","twitter_misc":{"Escrito por":"Portal Raizes","Est. tempo de leitura":"1 minuto"},"schema":{"@context":"https:\/\/schema.org","@graph":[{"@type":"Article","@id":"https:\/\/portalraizesnoticias.com.br\/?p=7708#article","isPartOf":{"@id":"https:\/\/portalraizesnoticias.com.br\/?p=7708"},"author":{"name":"Portal Raizes","@id":"https:\/\/portalraizesnoticias.com.br\/#\/schema\/person\/a3ca6b0fc701e78df19756c417d943ae"},"headline":"Lula sanciona isen\u00e7\u00e3o de IR para quem ganha at\u00e9 dois sal\u00e1rios m\u00ednimos","datePublished":"2025-08-13T08:29:45+00:00","dateModified":"2025-08-20T18:13:43+00:00","mainEntityOfPage":{"@id":"https:\/\/portalraizesnoticias.com.br\/?p=7708"},"wordCount":204,"commentCount":0,"publisher":{"@id":"https:\/\/portalraizesnoticias.com.br\/#organization"},"image":{"@id":"https:\/\/portalraizesnoticias.com.br\/?p=7708#primaryimage"},"thumbnailUrl":"https:\/\/portalraizesnoticias.com.br\/wp-content\/uploads\/2025\/08\/real_moedadinheiro_jfcrz_abr_1701220048_1-1.webp","keywords":["Imposto","Isen\u00e7\u00e3o","Lula"],"articleSection":["DESTAQUES","POLITICA","ULTIMAS NOTICIAS"],"inLanguage":"pt-BR","potentialAction":[{"@type":"CommentAction","name":"Comment","target":["https:\/\/portalraizesnoticias.com.br\/?p=7708#respond"]}]},{"@type":"WebPage","@id":"https:\/\/portalraizesnoticias.com.br\/?p=7708","url":"https:\/\/portalraizesnoticias.com.br\/?p=7708","name":"Lula sanciona isen\u00e7\u00e3o de IR para quem ganha at\u00e9 dois sal\u00e1rios m\u00ednimos - Portal raizes noticias","isPartOf":{"@id":"https:\/\/portalraizesnoticias.com.br\/#website"},"primaryImageOfPage":{"@id":"https:\/\/portalraizesnoticias.com.br\/?p=7708#primaryimage"},"image":{"@id":"https:\/\/portalraizesnoticias.com.br\/?p=7708#primaryimage"},"thumbnailUrl":"https:\/\/portalraizesnoticias.com.br\/wp-content\/uploads\/2025\/08\/real_moedadinheiro_jfcrz_abr_1701220048_1-1.webp","datePublished":"2025-08-13T08:29:45+00:00","dateModified":"2025-08-20T18:13:43+00:00","breadcrumb":{"@id":"https:\/\/portalraizesnoticias.com.br\/?p=7708#breadcrumb"},"inLanguage":"pt-BR","potentialAction":[{"@type":"ReadAction","target":["https:\/\/portalraizesnoticias.com.br\/?p=7708"]}]},{"@type":"ImageObject","inLanguage":"pt-BR","@id":"https:\/\/portalraizesnoticias.com.br\/?p=7708#primaryimage","url":"https:\/\/portalraizesnoticias.com.br\/wp-content\/uploads\/2025\/08\/real_moedadinheiro_jfcrz_abr_1701220048_1-1.webp","contentUrl":"https:\/\/portalraizesnoticias.com.br\/wp-content\/uploads\/2025\/08\/real_moedadinheiro_jfcrz_abr_1701220048_1-1.webp","width":1170,"height":700},{"@type":"BreadcrumbList","@id":"https:\/\/portalraizesnoticias.com.br\/?p=7708#breadcrumb","itemListElement":[{"@type":"ListItem","position":1,"name":"In\u00edcio","item":"https:\/\/portalraizesnoticias.com.br\/"},{"@type":"ListItem","position":2,"name":"Lula sanciona isen\u00e7\u00e3o de IR para quem ganha at\u00e9 dois sal\u00e1rios m\u00ednimos"}]},{"@type":"WebSite","@id":"https:\/\/portalraizesnoticias.com.br\/#website","url":"https:\/\/portalraizesnoticias.com.br\/","name":"Portal raizes NOTICIAS","description":"site de noticias de concei\u00e7\u00e3o do coit\u00e9 e regi\u00e3o","publisher":{"@id":"https:\/\/portalraizesnoticias.com.br\/#organization"},"alternateName":"PORTAL RAIZES COIT\u00c9","potentialAction":[{"@type":"SearchAction","target":{"@type":"EntryPoint","urlTemplate":"https:\/\/portalraizesnoticias.com.br\/?s={search_term_string}"},"query-input":{"@type":"PropertyValueSpecification","valueRequired":true,"valueName":"search_term_string"}}],"inLanguage":"pt-BR"},{"@type":"Organization","@id":"https:\/\/portalraizesnoticias.com.br\/#organization","name":"Portal raizes NOTICIAS","url":"https:\/\/portalraizesnoticias.com.br\/","logo":{"@type":"ImageObject","inLanguage":"pt-BR","@id":"https:\/\/portalraizesnoticias.com.br\/#\/schema\/logo\/image\/","url":"https:\/\/portalraizesnoticias.com.br\/wp-content\/uploads\/2024\/09\/cropped-Captura-de-tela-2024-09-08-011108.png","contentUrl":"https:\/\/portalraizesnoticias.com.br\/wp-content\/uploads\/2024\/09\/cropped-Captura-de-tela-2024-09-08-011108.png","width":606,"height":173,"caption":"Portal raizes NOTICIAS"},"image":{"@id":"https:\/\/portalraizesnoticias.com.br\/#\/schema\/logo\/image\/"}},{"@type":"Person","@id":"https:\/\/portalraizesnoticias.com.br\/#\/schema\/person\/a3ca6b0fc701e78df19756c417d943ae","name":"Portal Raizes","image":{"@type":"ImageObject","inLanguage":"pt-BR","@id":"https:\/\/portalraizesnoticias.com.br\/#\/schema\/person\/image\/","url":"https:\/\/secure.gravatar.com\/avatar\/ef450d29013a3d3fba867a12a249d7b1?s=96&d=mm&r=g","contentUrl":"https:\/\/secure.gravatar.com\/avatar\/ef450d29013a3d3fba867a12a249d7b1?s=96&d=mm&r=g","caption":"Portal Raizes"},"url":"https:\/\/portalraizesnoticias.com.br\/?author=3"}]}},"_links":{"self":[{"href":"https:\/\/portalraizesnoticias.com.br\/index.php?rest_route=\/wp\/v2\/posts\/7708"}],"collection":[{"href":"https:\/\/portalraizesnoticias.com.br\/index.php?rest_route=\/wp\/v2\/posts"}],"about":[{"href":"https:\/\/portalraizesnoticias.com.br\/index.php?rest_route=\/wp\/v2\/types\/post"}],"author":[{"embeddable":true,"href":"https:\/\/portalraizesnoticias.com.br\/index.php?rest_route=\/wp\/v2\/users\/3"}],"replies":[{"embeddable":true,"href":"https:\/\/portalraizesnoticias.com.br\/index.php?rest_route=%2Fwp%2Fv2%2Fcomments&post=7708"}],"version-history":[{"count":1,"href":"https:\/\/portalraizesnoticias.com.br\/index.php?rest_route=\/wp\/v2\/posts\/7708\/revisions"}],"predecessor-version":[{"id":7710,"href":"https:\/\/portalraizesnoticias.com.br\/index.php?rest_route=\/wp\/v2\/posts\/7708\/revisions\/7710"}],"wp:featuredmedia":[{"embeddable":true,"href":"https:\/\/portalraizesnoticias.com.br\/index.php?rest_route=\/wp\/v2\/media\/7709"}],"wp:attachment":[{"href":"https:\/\/portalraizesnoticias.com.br\/index.php?rest_route=%2Fwp%2Fv2%2Fmedia&parent=7708"}],"wp:term":[{"taxonomy":"category","embeddable":true,"href":"https:\/\/portalraizesnoticias.com.br\/index.php?rest_route=%2Fwp%2Fv2%2Fcategories&post=7708"},{"taxonomy":"post_tag","embeddable":true,"href":"https:\/\/portalraizesnoticias.com.br\/index.php?rest_route=%2Fwp%2Fv2%2Ftags&post=7708"}],"curies":[{"name":"wp","href":"https:\/\/api.w.org\/{rel}","templated":true}]}}