{"id":7699,"date":"2025-08-13T05:24:06","date_gmt":"2025-08-13T08:24:06","guid":{"rendered":"https:\/\/portalraizesnoticias.com.br\/?p=7699"},"modified":"2025-08-20T15:13:38","modified_gmt":"2025-08-20T18:13:38","slug":"16o-bpm-realiza-parada-geral-com-foco-no-fortalecimento-do-combate-a-criminalidade","status":"publish","type":"post","link":"https:\/\/portalraizesnoticias.com.br\/?p=7699","title":{"rendered":"16\u00ba BPM realiza parada geral com foco no fortalecimento do combate \u00e0 criminalidade"},"content":{"rendered":"<p>Na manh\u00e3 desta ter\u00e7a-feira (12), o 16\u00ba Batalh\u00e3o de Pol\u00edcia Militar promoveu uma parada geral. O evento, presidido pelo comandante da Unidade, Ten Cel PM Hamilton Ferreira, tambem contou com a presen\u00e7a do comandante do CPR-NE, Cel PM Antonio Batista de Macedo J\u00fanior.<\/p>\n<p><img fetchpriority=\"high\" decoding=\"async\" class=\"size-medium wp-image-7700 aligncenter\" src=\"https:\/\/portalraizesnoticias.com.br\/wp-content\/uploads\/2025\/08\/IMG-20250813-WA0011-240x300.jpg\" alt=\"\" width=\"240\" height=\"300\" srcset=\"https:\/\/portalraizesnoticias.com.br\/wp-content\/uploads\/2025\/08\/IMG-20250813-WA0011-240x300.jpg 240w, https:\/\/portalraizesnoticias.com.br\/wp-content\/uploads\/2025\/08\/IMG-20250813-WA0011-819x1024.jpg 819w, https:\/\/portalraizesnoticias.com.br\/wp-content\/uploads\/2025\/08\/IMG-20250813-WA0011-768x960.jpg 768w, https:\/\/portalraizesnoticias.com.br\/wp-content\/uploads\/2025\/08\/IMG-20250813-WA0011.jpg 1080w\" sizes=\"(max-width: 240px) 100vw, 240px\" \/><\/p>\n<p>O encontro refor\u00e7ou o compromisso de intensificar o enfrentamento \u00e0 criminalidade e reduzir os \u00edndices de Crimes Violentos Letais Intencionais (CVLI) na regi\u00e3o sisaleira.<\/p>\n<p>O Ten Cel PM Hamilton Ferreira agradeceu \u00e0 tropa pelo empenho nas apreens\u00f5es de armas de fogo e demais resultados operacionais obtidos no primeiro semestre deste ano e na aplica\u00e7\u00e3o das novas estrat\u00e9gias desenvolvidas pelo batalh\u00e3o neste segundo semestre.<\/p>\n<p><img decoding=\"async\" class=\"size-medium wp-image-7701 aligncenter\" src=\"https:\/\/portalraizesnoticias.com.br\/wp-content\/uploads\/2025\/08\/IMG-20250813-WA0019-281x300.jpg\" alt=\"\" width=\"281\" height=\"300\" srcset=\"https:\/\/portalraizesnoticias.com.br\/wp-content\/uploads\/2025\/08\/IMG-20250813-WA0019-281x300.jpg 281w, https:\/\/portalraizesnoticias.com.br\/wp-content\/uploads\/2025\/08\/IMG-20250813-WA0019-961x1024.jpg 961w, https:\/\/portalraizesnoticias.com.br\/wp-content\/uploads\/2025\/08\/IMG-20250813-WA0019-768x818.jpg 768w, https:\/\/portalraizesnoticias.com.br\/wp-content\/uploads\/2025\/08\/IMG-20250813-WA0019.jpg 1080w\" sizes=\"(max-width: 281px) 100vw, 281px\" \/><\/p>\n<p>O Cel PM Macedo destacou a import\u00e2ncia de manter firmeza e determina\u00e7\u00e3o na miss\u00e3o, reafirmando o compromisso da PMBA com a seguran\u00e7a da popula\u00e7\u00e3o.<\/p>\n<p><img decoding=\"async\" class=\"size-medium wp-image-7702 aligncenter\" src=\"https:\/\/portalraizesnoticias.com.br\/wp-content\/uploads\/2025\/08\/IMG-20250813-WA0018-287x300.jpg\" alt=\"\" width=\"287\" height=\"300\" srcset=\"https:\/\/portalraizesnoticias.com.br\/wp-content\/uploads\/2025\/08\/IMG-20250813-WA0018-287x300.jpg 287w, https:\/\/portalraizesnoticias.com.br\/wp-content\/uploads\/2025\/08\/IMG-20250813-WA0018-981x1024.jpg 981w, https:\/\/portalraizesnoticias.com.br\/wp-content\/uploads\/2025\/08\/IMG-20250813-WA0018-768x801.jpg 768w, https:\/\/portalraizesnoticias.com.br\/wp-content\/uploads\/2025\/08\/IMG-20250813-WA0018.jpg 1080w\" sizes=\"(max-width: 287px) 100vw, 287px\" \/><\/p>\n<p>Fonte: Ascom do 16\u00b0 BPM<\/p>\n","protected":false},"excerpt":{"rendered":"<p>Na manh\u00e3 desta ter\u00e7a-feira (12), o 16\u00ba Batalh\u00e3o de Pol\u00edcia Militar promoveu uma parada geral. O evento, presidido pelo comandante da Unidade, Ten Cel PM Hamilton Ferreira, tambem contou com a presen\u00e7a do comandante do CPR-NE, Cel PM Antonio Batista de Macedo J\u00fanior. O encontro refor\u00e7ou o compromisso de intensificar o enfrentamento \u00e0 criminalidade e reduzir os \u00edndices de Crimes Violentos Letais Intencionais (CVLI) na regi\u00e3o sisaleira. O Ten Cel PM Hamilton Ferreira agradeceu \u00e0 tropa pelo empenho nas apreens\u00f5es de armas de fogo e demais resultados operacionais obtidos no primeiro semestre deste ano e na aplica\u00e7\u00e3o das novas estrat\u00e9gias desenvolvidas pelo batalh\u00e3o neste segundo semestre. O Cel PM Macedo destacou a import\u00e2ncia de manter firmeza e determina\u00e7\u00e3o na miss\u00e3o, reafirmando o compromisso da PMBA com a seguran\u00e7a da popula\u00e7\u00e3o. Fonte: Ascom do 16\u00b0 BPM<\/p>\n","protected":false},"author":3,"featured_media":7703,"comment_status":"open","ping_status":"open","sticky":false,"template":"","format":"standard","meta":{"_joinchat":[],"footnotes":""},"categories":[55,67,59],"tags":[1237,437],"class_list":["post-7699","post","type-post","status-publish","format-standard","has-post-thumbnail","hentry","category-destaques","category-policia","category-ultimas-noticias","tag-criminalidade","tag-pm"],"yoast_head":"<!-- This site is optimized with the Yoast SEO plugin v24.4 - https:\/\/yoast.com\/wordpress\/plugins\/seo\/ -->\n<title>16\u00ba BPM realiza parada geral com foco no fortalecimento do combate \u00e0 criminalidade - Portal raizes noticias<\/title>\n<meta name=\"robots\" content=\"index, follow, max-snippet:-1, max-image-preview:large, max-video-preview:-1\" \/>\n<link rel=\"canonical\" href=\"https:\/\/portalraizesnoticias.com.br\/?p=7699\" \/>\n<meta property=\"og:locale\" content=\"pt_BR\" \/>\n<meta property=\"og:type\" content=\"article\" \/>\n<meta property=\"og:title\" content=\"16\u00ba BPM realiza parada geral com foco no fortalecimento do combate \u00e0 criminalidade - Portal raizes noticias\" \/>\n<meta property=\"og:description\" content=\"Na manh\u00e3 desta ter\u00e7a-feira (12), o 16\u00ba Batalh\u00e3o de Pol\u00edcia Militar promoveu uma parada geral. O evento, presidido pelo comandante da Unidade, Ten Cel PM Hamilton Ferreira, tambem contou com a presen\u00e7a do comandante do CPR-NE, Cel PM Antonio Batista de Macedo J\u00fanior. O encontro refor\u00e7ou o compromisso de intensificar o enfrentamento \u00e0 criminalidade e reduzir os \u00edndices de Crimes Violentos Letais Intencionais (CVLI) na regi\u00e3o sisaleira. O Ten Cel PM Hamilton Ferreira agradeceu \u00e0 tropa pelo empenho nas apreens\u00f5es de armas de fogo e demais resultados operacionais obtidos no primeiro semestre deste ano e na aplica\u00e7\u00e3o das novas estrat\u00e9gias desenvolvidas pelo batalh\u00e3o neste segundo semestre. O Cel PM Macedo destacou a import\u00e2ncia de manter firmeza e determina\u00e7\u00e3o na miss\u00e3o, reafirmando o compromisso da PMBA com a seguran\u00e7a da popula\u00e7\u00e3o. Fonte: Ascom do 16\u00b0 BPM\" \/>\n<meta property=\"og:url\" content=\"https:\/\/portalraizesnoticias.com.br\/?p=7699\" \/>\n<meta property=\"og:site_name\" content=\"Portal raizes noticias\" \/>\n<meta property=\"article:published_time\" content=\"2025-08-13T08:24:06+00:00\" \/>\n<meta property=\"article:modified_time\" content=\"2025-08-20T18:13:38+00:00\" \/>\n<meta property=\"og:image\" content=\"https:\/\/portalraizesnoticias.com.br\/wp-content\/uploads\/2025\/08\/IMG-20250813-WA0017.jpg\" \/>\n\t<meta property=\"og:image:width\" content=\"1080\" \/>\n\t<meta property=\"og:image:height\" content=\"1113\" \/>\n\t<meta property=\"og:image:type\" content=\"image\/jpeg\" \/>\n<meta name=\"author\" content=\"Portal Raizes\" \/>\n<meta name=\"twitter:card\" content=\"summary_large_image\" \/>\n<meta name=\"twitter:label1\" content=\"Escrito por\" \/>\n\t<meta name=\"twitter:data1\" content=\"Portal Raizes\" \/>\n\t<meta name=\"twitter:label2\" content=\"Est. tempo de leitura\" \/>\n\t<meta name=\"twitter:data2\" content=\"1 minuto\" \/>\n<script type=\"application\/ld+json\" class=\"yoast-schema-graph\">{\"@context\":\"https:\/\/schema.org\",\"@graph\":[{\"@type\":\"Article\",\"@id\":\"https:\/\/portalraizesnoticias.com.br\/?p=7699#article\",\"isPartOf\":{\"@id\":\"https:\/\/portalraizesnoticias.com.br\/?p=7699\"},\"author\":{\"name\":\"Portal Raizes\",\"@id\":\"https:\/\/portalraizesnoticias.com.br\/#\/schema\/person\/a3ca6b0fc701e78df19756c417d943ae\"},\"headline\":\"16\u00ba BPM realiza parada geral com foco no fortalecimento do combate \u00e0 criminalidade\",\"datePublished\":\"2025-08-13T08:24:06+00:00\",\"dateModified\":\"2025-08-20T18:13:38+00:00\",\"mainEntityOfPage\":{\"@id\":\"https:\/\/portalraizesnoticias.com.br\/?p=7699\"},\"wordCount\":157,\"commentCount\":0,\"publisher\":{\"@id\":\"https:\/\/portalraizesnoticias.com.br\/#organization\"},\"image\":{\"@id\":\"https:\/\/portalraizesnoticias.com.br\/?p=7699#primaryimage\"},\"thumbnailUrl\":\"https:\/\/portalraizesnoticias.com.br\/wp-content\/uploads\/2025\/08\/IMG-20250813-WA0017.jpg\",\"keywords\":[\"Criminalidade\",\"Pm\"],\"articleSection\":[\"DESTAQUES\",\"POLICIA\",\"ULTIMAS NOTICIAS\"],\"inLanguage\":\"pt-BR\",\"potentialAction\":[{\"@type\":\"CommentAction\",\"name\":\"Comment\",\"target\":[\"https:\/\/portalraizesnoticias.com.br\/?p=7699#respond\"]}]},{\"@type\":\"WebPage\",\"@id\":\"https:\/\/portalraizesnoticias.com.br\/?p=7699\",\"url\":\"https:\/\/portalraizesnoticias.com.br\/?p=7699\",\"name\":\"16\u00ba BPM realiza parada geral com foco no fortalecimento do combate \u00e0 criminalidade - Portal raizes noticias\",\"isPartOf\":{\"@id\":\"https:\/\/portalraizesnoticias.com.br\/#website\"},\"primaryImageOfPage\":{\"@id\":\"https:\/\/portalraizesnoticias.com.br\/?p=7699#primaryimage\"},\"image\":{\"@id\":\"https:\/\/portalraizesnoticias.com.br\/?p=7699#primaryimage\"},\"thumbnailUrl\":\"https:\/\/portalraizesnoticias.com.br\/wp-content\/uploads\/2025\/08\/IMG-20250813-WA0017.jpg\",\"datePublished\":\"2025-08-13T08:24:06+00:00\",\"dateModified\":\"2025-08-20T18:13:38+00:00\",\"breadcrumb\":{\"@id\":\"https:\/\/portalraizesnoticias.com.br\/?p=7699#breadcrumb\"},\"inLanguage\":\"pt-BR\",\"potentialAction\":[{\"@type\":\"ReadAction\",\"target\":[\"https:\/\/portalraizesnoticias.com.br\/?p=7699\"]}]},{\"@type\":\"ImageObject\",\"inLanguage\":\"pt-BR\",\"@id\":\"https:\/\/portalraizesnoticias.com.br\/?p=7699#primaryimage\",\"url\":\"https:\/\/portalraizesnoticias.com.br\/wp-content\/uploads\/2025\/08\/IMG-20250813-WA0017.jpg\",\"contentUrl\":\"https:\/\/portalraizesnoticias.com.br\/wp-content\/uploads\/2025\/08\/IMG-20250813-WA0017.jpg\",\"width\":1080,\"height\":1113},{\"@type\":\"BreadcrumbList\",\"@id\":\"https:\/\/portalraizesnoticias.com.br\/?p=7699#breadcrumb\",\"itemListElement\":[{\"@type\":\"ListItem\",\"position\":1,\"name\":\"In\u00edcio\",\"item\":\"https:\/\/portalraizesnoticias.com.br\/\"},{\"@type\":\"ListItem\",\"position\":2,\"name\":\"16\u00ba BPM realiza parada geral com foco no fortalecimento do combate \u00e0 criminalidade\"}]},{\"@type\":\"WebSite\",\"@id\":\"https:\/\/portalraizesnoticias.com.br\/#website\",\"url\":\"https:\/\/portalraizesnoticias.com.br\/\",\"name\":\"Portal raizes NOTICIAS\",\"description\":\"site de noticias de concei\u00e7\u00e3o do coit\u00e9 e regi\u00e3o\",\"publisher\":{\"@id\":\"https:\/\/portalraizesnoticias.com.br\/#organization\"},\"alternateName\":\"PORTAL RAIZES COIT\u00c9\",\"potentialAction\":[{\"@type\":\"SearchAction\",\"target\":{\"@type\":\"EntryPoint\",\"urlTemplate\":\"https:\/\/portalraizesnoticias.com.br\/?s={search_term_string}\"},\"query-input\":{\"@type\":\"PropertyValueSpecification\",\"valueRequired\":true,\"valueName\":\"search_term_string\"}}],\"inLanguage\":\"pt-BR\"},{\"@type\":\"Organization\",\"@id\":\"https:\/\/portalraizesnoticias.com.br\/#organization\",\"name\":\"Portal raizes NOTICIAS\",\"url\":\"https:\/\/portalraizesnoticias.com.br\/\",\"logo\":{\"@type\":\"ImageObject\",\"inLanguage\":\"pt-BR\",\"@id\":\"https:\/\/portalraizesnoticias.com.br\/#\/schema\/logo\/image\/\",\"url\":\"https:\/\/portalraizesnoticias.com.br\/wp-content\/uploads\/2024\/09\/cropped-Captura-de-tela-2024-09-08-011108.png\",\"contentUrl\":\"https:\/\/portalraizesnoticias.com.br\/wp-content\/uploads\/2024\/09\/cropped-Captura-de-tela-2024-09-08-011108.png\",\"width\":606,\"height\":173,\"caption\":\"Portal raizes NOTICIAS\"},\"image\":{\"@id\":\"https:\/\/portalraizesnoticias.com.br\/#\/schema\/logo\/image\/\"}},{\"@type\":\"Person\",\"@id\":\"https:\/\/portalraizesnoticias.com.br\/#\/schema\/person\/a3ca6b0fc701e78df19756c417d943ae\",\"name\":\"Portal Raizes\",\"image\":{\"@type\":\"ImageObject\",\"inLanguage\":\"pt-BR\",\"@id\":\"https:\/\/portalraizesnoticias.com.br\/#\/schema\/person\/image\/\",\"url\":\"https:\/\/secure.gravatar.com\/avatar\/ef450d29013a3d3fba867a12a249d7b1?s=96&d=mm&r=g\",\"contentUrl\":\"https:\/\/secure.gravatar.com\/avatar\/ef450d29013a3d3fba867a12a249d7b1?s=96&d=mm&r=g\",\"caption\":\"Portal Raizes\"},\"url\":\"https:\/\/portalraizesnoticias.com.br\/?author=3\"}]}<\/script>\n<!-- \/ Yoast SEO plugin. -->","yoast_head_json":{"title":"16\u00ba BPM realiza parada geral com foco no fortalecimento do combate \u00e0 criminalidade - Portal raizes noticias","robots":{"index":"index","follow":"follow","max-snippet":"max-snippet:-1","max-image-preview":"max-image-preview:large","max-video-preview":"max-video-preview:-1"},"canonical":"https:\/\/portalraizesnoticias.com.br\/?p=7699","og_locale":"pt_BR","og_type":"article","og_title":"16\u00ba BPM realiza parada geral com foco no fortalecimento do combate \u00e0 criminalidade - Portal raizes noticias","og_description":"Na manh\u00e3 desta ter\u00e7a-feira (12), o 16\u00ba Batalh\u00e3o de Pol\u00edcia Militar promoveu uma parada geral. O evento, presidido pelo comandante da Unidade, Ten Cel PM Hamilton Ferreira, tambem contou com a presen\u00e7a do comandante do CPR-NE, Cel PM Antonio Batista de Macedo J\u00fanior. O encontro refor\u00e7ou o compromisso de intensificar o enfrentamento \u00e0 criminalidade e reduzir os \u00edndices de Crimes Violentos Letais Intencionais (CVLI) na regi\u00e3o sisaleira. O Ten Cel PM Hamilton Ferreira agradeceu \u00e0 tropa pelo empenho nas apreens\u00f5es de armas de fogo e demais resultados operacionais obtidos no primeiro semestre deste ano e na aplica\u00e7\u00e3o das novas estrat\u00e9gias desenvolvidas pelo batalh\u00e3o neste segundo semestre. O Cel PM Macedo destacou a import\u00e2ncia de manter firmeza e determina\u00e7\u00e3o na miss\u00e3o, reafirmando o compromisso da PMBA com a seguran\u00e7a da popula\u00e7\u00e3o. Fonte: Ascom do 16\u00b0 BPM","og_url":"https:\/\/portalraizesnoticias.com.br\/?p=7699","og_site_name":"Portal raizes noticias","article_published_time":"2025-08-13T08:24:06+00:00","article_modified_time":"2025-08-20T18:13:38+00:00","og_image":[{"width":1080,"height":1113,"url":"https:\/\/portalraizesnoticias.com.br\/wp-content\/uploads\/2025\/08\/IMG-20250813-WA0017.jpg","type":"image\/jpeg"}],"author":"Portal Raizes","twitter_card":"summary_large_image","twitter_misc":{"Escrito por":"Portal Raizes","Est. tempo de leitura":"1 minuto"},"schema":{"@context":"https:\/\/schema.org","@graph":[{"@type":"Article","@id":"https:\/\/portalraizesnoticias.com.br\/?p=7699#article","isPartOf":{"@id":"https:\/\/portalraizesnoticias.com.br\/?p=7699"},"author":{"name":"Portal Raizes","@id":"https:\/\/portalraizesnoticias.com.br\/#\/schema\/person\/a3ca6b0fc701e78df19756c417d943ae"},"headline":"16\u00ba BPM realiza parada geral com foco no fortalecimento do combate \u00e0 criminalidade","datePublished":"2025-08-13T08:24:06+00:00","dateModified":"2025-08-20T18:13:38+00:00","mainEntityOfPage":{"@id":"https:\/\/portalraizesnoticias.com.br\/?p=7699"},"wordCount":157,"commentCount":0,"publisher":{"@id":"https:\/\/portalraizesnoticias.com.br\/#organization"},"image":{"@id":"https:\/\/portalraizesnoticias.com.br\/?p=7699#primaryimage"},"thumbnailUrl":"https:\/\/portalraizesnoticias.com.br\/wp-content\/uploads\/2025\/08\/IMG-20250813-WA0017.jpg","keywords":["Criminalidade","Pm"],"articleSection":["DESTAQUES","POLICIA","ULTIMAS NOTICIAS"],"inLanguage":"pt-BR","potentialAction":[{"@type":"CommentAction","name":"Comment","target":["https:\/\/portalraizesnoticias.com.br\/?p=7699#respond"]}]},{"@type":"WebPage","@id":"https:\/\/portalraizesnoticias.com.br\/?p=7699","url":"https:\/\/portalraizesnoticias.com.br\/?p=7699","name":"16\u00ba BPM realiza parada geral com foco no fortalecimento do combate \u00e0 criminalidade - Portal raizes noticias","isPartOf":{"@id":"https:\/\/portalraizesnoticias.com.br\/#website"},"primaryImageOfPage":{"@id":"https:\/\/portalraizesnoticias.com.br\/?p=7699#primaryimage"},"image":{"@id":"https:\/\/portalraizesnoticias.com.br\/?p=7699#primaryimage"},"thumbnailUrl":"https:\/\/portalraizesnoticias.com.br\/wp-content\/uploads\/2025\/08\/IMG-20250813-WA0017.jpg","datePublished":"2025-08-13T08:24:06+00:00","dateModified":"2025-08-20T18:13:38+00:00","breadcrumb":{"@id":"https:\/\/portalraizesnoticias.com.br\/?p=7699#breadcrumb"},"inLanguage":"pt-BR","potentialAction":[{"@type":"ReadAction","target":["https:\/\/portalraizesnoticias.com.br\/?p=7699"]}]},{"@type":"ImageObject","inLanguage":"pt-BR","@id":"https:\/\/portalraizesnoticias.com.br\/?p=7699#primaryimage","url":"https:\/\/portalraizesnoticias.com.br\/wp-content\/uploads\/2025\/08\/IMG-20250813-WA0017.jpg","contentUrl":"https:\/\/portalraizesnoticias.com.br\/wp-content\/uploads\/2025\/08\/IMG-20250813-WA0017.jpg","width":1080,"height":1113},{"@type":"BreadcrumbList","@id":"https:\/\/portalraizesnoticias.com.br\/?p=7699#breadcrumb","itemListElement":[{"@type":"ListItem","position":1,"name":"In\u00edcio","item":"https:\/\/portalraizesnoticias.com.br\/"},{"@type":"ListItem","position":2,"name":"16\u00ba BPM realiza parada geral com foco no fortalecimento do combate \u00e0 criminalidade"}]},{"@type":"WebSite","@id":"https:\/\/portalraizesnoticias.com.br\/#website","url":"https:\/\/portalraizesnoticias.com.br\/","name":"Portal raizes NOTICIAS","description":"site de noticias de concei\u00e7\u00e3o do coit\u00e9 e regi\u00e3o","publisher":{"@id":"https:\/\/portalraizesnoticias.com.br\/#organization"},"alternateName":"PORTAL RAIZES COIT\u00c9","potentialAction":[{"@type":"SearchAction","target":{"@type":"EntryPoint","urlTemplate":"https:\/\/portalraizesnoticias.com.br\/?s={search_term_string}"},"query-input":{"@type":"PropertyValueSpecification","valueRequired":true,"valueName":"search_term_string"}}],"inLanguage":"pt-BR"},{"@type":"Organization","@id":"https:\/\/portalraizesnoticias.com.br\/#organization","name":"Portal raizes NOTICIAS","url":"https:\/\/portalraizesnoticias.com.br\/","logo":{"@type":"ImageObject","inLanguage":"pt-BR","@id":"https:\/\/portalraizesnoticias.com.br\/#\/schema\/logo\/image\/","url":"https:\/\/portalraizesnoticias.com.br\/wp-content\/uploads\/2024\/09\/cropped-Captura-de-tela-2024-09-08-011108.png","contentUrl":"https:\/\/portalraizesnoticias.com.br\/wp-content\/uploads\/2024\/09\/cropped-Captura-de-tela-2024-09-08-011108.png","width":606,"height":173,"caption":"Portal raizes NOTICIAS"},"image":{"@id":"https:\/\/portalraizesnoticias.com.br\/#\/schema\/logo\/image\/"}},{"@type":"Person","@id":"https:\/\/portalraizesnoticias.com.br\/#\/schema\/person\/a3ca6b0fc701e78df19756c417d943ae","name":"Portal Raizes","image":{"@type":"ImageObject","inLanguage":"pt-BR","@id":"https:\/\/portalraizesnoticias.com.br\/#\/schema\/person\/image\/","url":"https:\/\/secure.gravatar.com\/avatar\/ef450d29013a3d3fba867a12a249d7b1?s=96&d=mm&r=g","contentUrl":"https:\/\/secure.gravatar.com\/avatar\/ef450d29013a3d3fba867a12a249d7b1?s=96&d=mm&r=g","caption":"Portal Raizes"},"url":"https:\/\/portalraizesnoticias.com.br\/?author=3"}]}},"_links":{"self":[{"href":"https:\/\/portalraizesnoticias.com.br\/index.php?rest_route=\/wp\/v2\/posts\/7699"}],"collection":[{"href":"https:\/\/portalraizesnoticias.com.br\/index.php?rest_route=\/wp\/v2\/posts"}],"about":[{"href":"https:\/\/portalraizesnoticias.com.br\/index.php?rest_route=\/wp\/v2\/types\/post"}],"author":[{"embeddable":true,"href":"https:\/\/portalraizesnoticias.com.br\/index.php?rest_route=\/wp\/v2\/users\/3"}],"replies":[{"embeddable":true,"href":"https:\/\/portalraizesnoticias.com.br\/index.php?rest_route=%2Fwp%2Fv2%2Fcomments&post=7699"}],"version-history":[{"count":1,"href":"https:\/\/portalraizesnoticias.com.br\/index.php?rest_route=\/wp\/v2\/posts\/7699\/revisions"}],"predecessor-version":[{"id":7704,"href":"https:\/\/portalraizesnoticias.com.br\/index.php?rest_route=\/wp\/v2\/posts\/7699\/revisions\/7704"}],"wp:featuredmedia":[{"embeddable":true,"href":"https:\/\/portalraizesnoticias.com.br\/index.php?rest_route=\/wp\/v2\/media\/7703"}],"wp:attachment":[{"href":"https:\/\/portalraizesnoticias.com.br\/index.php?rest_route=%2Fwp%2Fv2%2Fmedia&parent=7699"}],"wp:term":[{"taxonomy":"category","embeddable":true,"href":"https:\/\/portalraizesnoticias.com.br\/index.php?rest_route=%2Fwp%2Fv2%2Fcategories&post=7699"},{"taxonomy":"post_tag","embeddable":true,"href":"https:\/\/portalraizesnoticias.com.br\/index.php?rest_route=%2Fwp%2Fv2%2Ftags&post=7699"}],"curies":[{"name":"wp","href":"https:\/\/api.w.org\/{rel}","templated":true}]}}