{"id":7639,"date":"2025-08-05T07:21:51","date_gmt":"2025-08-05T10:21:51","guid":{"rendered":"https:\/\/portalraizesnoticias.com.br\/?p=7639"},"modified":"2025-08-20T15:14:41","modified_gmt":"2025-08-20T18:14:41","slug":"motorista-de-transporte-alternativo-e-assaltado-por-casal-armado-em-conceicao-do-coite","status":"publish","type":"post","link":"https:\/\/portalraizesnoticias.com.br\/?p=7639","title":{"rendered":"Motorista de transporte alternativo \u00e9 assaltado por casal armado em Concei\u00e7\u00e3o do Coit\u00e9"},"content":{"rendered":"<p>Um motorista que realiza transporte alternativo entre Concei\u00e7\u00e3o do Coit\u00e9 e Serrinha foi v\u00edtima de um assalto na manh\u00e3 desta segunda-feira (04), nas imedia\u00e7\u00f5es do bairro Cidade Jardim, em Concei\u00e7\u00e3o do Coit\u00e9.<\/p>\n<p>Segundo informa\u00e7\u00f5es da Pol\u00edcia Militar, o trabalhador seguia com seu ve\u00edculo quando um casal embarcou no ponto de \u00f4nibus pr\u00f3ximo ao contorno. Pouco tempo depois, j\u00e1 nas proximidades do Posto do Caminhoneiro, os passageiros anunciaram o assalto.<\/p>\n<p>A mulher estava armada com uma faca, enquanto o homem portava uma arma de fogo. A dupla rendeu o motorista sob amea\u00e7as e tomou o seu aparelho celular. Ap\u00f3s o crime, os suspeitos fugiram.<\/p>\n<p>A guarni\u00e7\u00e3o foi acionada pelo comandante da unidade e realizou rondas em toda a regi\u00e3o do Cidade Jardim e entorno, mas os suspeitos n\u00e3o foram localizados. A v\u00edtima registrou a ocorr\u00eancia na Delegacia de Pol\u00edcia Civil, onde o caso ser\u00e1 investigado.<\/p>\n<p>Reda\u00e7\u00e3o<\/p>\n<p>Foto: Ilustra\u00e7\u00e3o<\/p>\n","protected":false},"excerpt":{"rendered":"<p>Um motorista que realiza transporte alternativo entre Concei\u00e7\u00e3o do Coit\u00e9 e Serrinha foi v\u00edtima de um assalto na manh\u00e3 desta segunda-feira (04), nas imedia\u00e7\u00f5es do bairro Cidade Jardim, em Concei\u00e7\u00e3o do Coit\u00e9. Segundo informa\u00e7\u00f5es da Pol\u00edcia Militar, o trabalhador seguia com seu ve\u00edculo quando um casal embarcou no ponto de \u00f4nibus pr\u00f3ximo ao contorno. Pouco tempo depois, j\u00e1 nas proximidades do Posto do Caminhoneiro, os passageiros anunciaram o assalto. A mulher estava armada com uma faca, enquanto o homem portava uma arma de fogo. A dupla rendeu o motorista sob amea\u00e7as e tomou o seu aparelho celular. Ap\u00f3s o crime, os suspeitos fugiram. A guarni\u00e7\u00e3o foi acionada pelo comandante da unidade e realizou rondas em toda a regi\u00e3o do Cidade Jardim e entorno, mas os suspeitos n\u00e3o foram localizados. A v\u00edtima registrou a ocorr\u00eancia na Delegacia de Pol\u00edcia Civil, onde o caso ser\u00e1 investigado. Reda\u00e7\u00e3o Foto: Ilustra\u00e7\u00e3o<\/p>\n","protected":false},"author":3,"featured_media":7640,"comment_status":"open","ping_status":"open","sticky":false,"template":"","format":"standard","meta":{"_joinchat":[],"footnotes":""},"categories":[55,67,59],"tags":[],"class_list":["post-7639","post","type-post","status-publish","format-standard","has-post-thumbnail","hentry","category-destaques","category-policia","category-ultimas-noticias"],"yoast_head":"<!-- This site is optimized with the Yoast SEO plugin v24.4 - https:\/\/yoast.com\/wordpress\/plugins\/seo\/ -->\n<title>Motorista de transporte alternativo \u00e9 assaltado por casal armado em Concei\u00e7\u00e3o do Coit\u00e9 - Portal raizes noticias<\/title>\n<meta name=\"robots\" content=\"index, follow, max-snippet:-1, max-image-preview:large, max-video-preview:-1\" \/>\n<link rel=\"canonical\" href=\"https:\/\/portalraizesnoticias.com.br\/?p=7639\" \/>\n<meta property=\"og:locale\" content=\"pt_BR\" \/>\n<meta property=\"og:type\" content=\"article\" \/>\n<meta property=\"og:title\" content=\"Motorista de transporte alternativo \u00e9 assaltado por casal armado em Concei\u00e7\u00e3o do Coit\u00e9 - Portal raizes noticias\" \/>\n<meta property=\"og:description\" content=\"Um motorista que realiza transporte alternativo entre Concei\u00e7\u00e3o do Coit\u00e9 e Serrinha foi v\u00edtima de um assalto na manh\u00e3 desta segunda-feira (04), nas imedia\u00e7\u00f5es do bairro Cidade Jardim, em Concei\u00e7\u00e3o do Coit\u00e9. Segundo informa\u00e7\u00f5es da Pol\u00edcia Militar, o trabalhador seguia com seu ve\u00edculo quando um casal embarcou no ponto de \u00f4nibus pr\u00f3ximo ao contorno. Pouco tempo depois, j\u00e1 nas proximidades do Posto do Caminhoneiro, os passageiros anunciaram o assalto. A mulher estava armada com uma faca, enquanto o homem portava uma arma de fogo. A dupla rendeu o motorista sob amea\u00e7as e tomou o seu aparelho celular. Ap\u00f3s o crime, os suspeitos fugiram. A guarni\u00e7\u00e3o foi acionada pelo comandante da unidade e realizou rondas em toda a regi\u00e3o do Cidade Jardim e entorno, mas os suspeitos n\u00e3o foram localizados. A v\u00edtima registrou a ocorr\u00eancia na Delegacia de Pol\u00edcia Civil, onde o caso ser\u00e1 investigado. Reda\u00e7\u00e3o Foto: Ilustra\u00e7\u00e3o\" \/>\n<meta property=\"og:url\" content=\"https:\/\/portalraizesnoticias.com.br\/?p=7639\" \/>\n<meta property=\"og:site_name\" content=\"Portal raizes noticias\" \/>\n<meta property=\"article:published_time\" content=\"2025-08-05T10:21:51+00:00\" \/>\n<meta property=\"article:modified_time\" content=\"2025-08-20T18:14:41+00:00\" \/>\n<meta property=\"og:image\" content=\"https:\/\/portalraizesnoticias.com.br\/wp-content\/uploads\/2025\/08\/images-2025-08-05T071956.839.jpeg\" \/>\n\t<meta property=\"og:image:width\" content=\"678\" \/>\n\t<meta property=\"og:image:height\" content=\"452\" \/>\n\t<meta property=\"og:image:type\" content=\"image\/jpeg\" \/>\n<meta name=\"author\" content=\"Portal Raizes\" \/>\n<meta name=\"twitter:card\" content=\"summary_large_image\" \/>\n<meta name=\"twitter:label1\" content=\"Escrito por\" \/>\n\t<meta name=\"twitter:data1\" content=\"Portal Raizes\" \/>\n\t<meta name=\"twitter:label2\" content=\"Est. tempo de leitura\" \/>\n\t<meta name=\"twitter:data2\" content=\"1 minuto\" \/>\n<script type=\"application\/ld+json\" class=\"yoast-schema-graph\">{\"@context\":\"https:\/\/schema.org\",\"@graph\":[{\"@type\":\"Article\",\"@id\":\"https:\/\/portalraizesnoticias.com.br\/?p=7639#article\",\"isPartOf\":{\"@id\":\"https:\/\/portalraizesnoticias.com.br\/?p=7639\"},\"author\":{\"name\":\"Portal Raizes\",\"@id\":\"https:\/\/portalraizesnoticias.com.br\/#\/schema\/person\/a3ca6b0fc701e78df19756c417d943ae\"},\"headline\":\"Motorista de transporte alternativo \u00e9 assaltado por casal armado em Concei\u00e7\u00e3o do Coit\u00e9\",\"datePublished\":\"2025-08-05T10:21:51+00:00\",\"dateModified\":\"2025-08-20T18:14:41+00:00\",\"mainEntityOfPage\":{\"@id\":\"https:\/\/portalraizesnoticias.com.br\/?p=7639\"},\"wordCount\":177,\"commentCount\":0,\"publisher\":{\"@id\":\"https:\/\/portalraizesnoticias.com.br\/#organization\"},\"image\":{\"@id\":\"https:\/\/portalraizesnoticias.com.br\/?p=7639#primaryimage\"},\"thumbnailUrl\":\"https:\/\/portalraizesnoticias.com.br\/wp-content\/uploads\/2025\/08\/images-2025-08-05T071956.839.jpeg\",\"articleSection\":[\"DESTAQUES\",\"POLICIA\",\"ULTIMAS NOTICIAS\"],\"inLanguage\":\"pt-BR\",\"potentialAction\":[{\"@type\":\"CommentAction\",\"name\":\"Comment\",\"target\":[\"https:\/\/portalraizesnoticias.com.br\/?p=7639#respond\"]}]},{\"@type\":\"WebPage\",\"@id\":\"https:\/\/portalraizesnoticias.com.br\/?p=7639\",\"url\":\"https:\/\/portalraizesnoticias.com.br\/?p=7639\",\"name\":\"Motorista de transporte alternativo \u00e9 assaltado por casal armado em Concei\u00e7\u00e3o do Coit\u00e9 - Portal raizes noticias\",\"isPartOf\":{\"@id\":\"https:\/\/portalraizesnoticias.com.br\/#website\"},\"primaryImageOfPage\":{\"@id\":\"https:\/\/portalraizesnoticias.com.br\/?p=7639#primaryimage\"},\"image\":{\"@id\":\"https:\/\/portalraizesnoticias.com.br\/?p=7639#primaryimage\"},\"thumbnailUrl\":\"https:\/\/portalraizesnoticias.com.br\/wp-content\/uploads\/2025\/08\/images-2025-08-05T071956.839.jpeg\",\"datePublished\":\"2025-08-05T10:21:51+00:00\",\"dateModified\":\"2025-08-20T18:14:41+00:00\",\"breadcrumb\":{\"@id\":\"https:\/\/portalraizesnoticias.com.br\/?p=7639#breadcrumb\"},\"inLanguage\":\"pt-BR\",\"potentialAction\":[{\"@type\":\"ReadAction\",\"target\":[\"https:\/\/portalraizesnoticias.com.br\/?p=7639\"]}]},{\"@type\":\"ImageObject\",\"inLanguage\":\"pt-BR\",\"@id\":\"https:\/\/portalraizesnoticias.com.br\/?p=7639#primaryimage\",\"url\":\"https:\/\/portalraizesnoticias.com.br\/wp-content\/uploads\/2025\/08\/images-2025-08-05T071956.839.jpeg\",\"contentUrl\":\"https:\/\/portalraizesnoticias.com.br\/wp-content\/uploads\/2025\/08\/images-2025-08-05T071956.839.jpeg\",\"width\":678,\"height\":452},{\"@type\":\"BreadcrumbList\",\"@id\":\"https:\/\/portalraizesnoticias.com.br\/?p=7639#breadcrumb\",\"itemListElement\":[{\"@type\":\"ListItem\",\"position\":1,\"name\":\"In\u00edcio\",\"item\":\"https:\/\/portalraizesnoticias.com.br\/\"},{\"@type\":\"ListItem\",\"position\":2,\"name\":\"Motorista de transporte alternativo \u00e9 assaltado por casal armado em Concei\u00e7\u00e3o do Coit\u00e9\"}]},{\"@type\":\"WebSite\",\"@id\":\"https:\/\/portalraizesnoticias.com.br\/#website\",\"url\":\"https:\/\/portalraizesnoticias.com.br\/\",\"name\":\"Portal raizes NOTICIAS\",\"description\":\"site de noticias de concei\u00e7\u00e3o do coit\u00e9 e regi\u00e3o\",\"publisher\":{\"@id\":\"https:\/\/portalraizesnoticias.com.br\/#organization\"},\"alternateName\":\"PORTAL RAIZES COIT\u00c9\",\"potentialAction\":[{\"@type\":\"SearchAction\",\"target\":{\"@type\":\"EntryPoint\",\"urlTemplate\":\"https:\/\/portalraizesnoticias.com.br\/?s={search_term_string}\"},\"query-input\":{\"@type\":\"PropertyValueSpecification\",\"valueRequired\":true,\"valueName\":\"search_term_string\"}}],\"inLanguage\":\"pt-BR\"},{\"@type\":\"Organization\",\"@id\":\"https:\/\/portalraizesnoticias.com.br\/#organization\",\"name\":\"Portal raizes NOTICIAS\",\"url\":\"https:\/\/portalraizesnoticias.com.br\/\",\"logo\":{\"@type\":\"ImageObject\",\"inLanguage\":\"pt-BR\",\"@id\":\"https:\/\/portalraizesnoticias.com.br\/#\/schema\/logo\/image\/\",\"url\":\"https:\/\/portalraizesnoticias.com.br\/wp-content\/uploads\/2024\/09\/cropped-Captura-de-tela-2024-09-08-011108.png\",\"contentUrl\":\"https:\/\/portalraizesnoticias.com.br\/wp-content\/uploads\/2024\/09\/cropped-Captura-de-tela-2024-09-08-011108.png\",\"width\":606,\"height\":173,\"caption\":\"Portal raizes NOTICIAS\"},\"image\":{\"@id\":\"https:\/\/portalraizesnoticias.com.br\/#\/schema\/logo\/image\/\"}},{\"@type\":\"Person\",\"@id\":\"https:\/\/portalraizesnoticias.com.br\/#\/schema\/person\/a3ca6b0fc701e78df19756c417d943ae\",\"name\":\"Portal Raizes\",\"image\":{\"@type\":\"ImageObject\",\"inLanguage\":\"pt-BR\",\"@id\":\"https:\/\/portalraizesnoticias.com.br\/#\/schema\/person\/image\/\",\"url\":\"https:\/\/secure.gravatar.com\/avatar\/ef450d29013a3d3fba867a12a249d7b1?s=96&d=mm&r=g\",\"contentUrl\":\"https:\/\/secure.gravatar.com\/avatar\/ef450d29013a3d3fba867a12a249d7b1?s=96&d=mm&r=g\",\"caption\":\"Portal Raizes\"},\"url\":\"https:\/\/portalraizesnoticias.com.br\/?author=3\"}]}<\/script>\n<!-- \/ Yoast SEO plugin. -->","yoast_head_json":{"title":"Motorista de transporte alternativo \u00e9 assaltado por casal armado em Concei\u00e7\u00e3o do Coit\u00e9 - Portal raizes noticias","robots":{"index":"index","follow":"follow","max-snippet":"max-snippet:-1","max-image-preview":"max-image-preview:large","max-video-preview":"max-video-preview:-1"},"canonical":"https:\/\/portalraizesnoticias.com.br\/?p=7639","og_locale":"pt_BR","og_type":"article","og_title":"Motorista de transporte alternativo \u00e9 assaltado por casal armado em Concei\u00e7\u00e3o do Coit\u00e9 - Portal raizes noticias","og_description":"Um motorista que realiza transporte alternativo entre Concei\u00e7\u00e3o do Coit\u00e9 e Serrinha foi v\u00edtima de um assalto na manh\u00e3 desta segunda-feira (04), nas imedia\u00e7\u00f5es do bairro Cidade Jardim, em Concei\u00e7\u00e3o do Coit\u00e9. Segundo informa\u00e7\u00f5es da Pol\u00edcia Militar, o trabalhador seguia com seu ve\u00edculo quando um casal embarcou no ponto de \u00f4nibus pr\u00f3ximo ao contorno. Pouco tempo depois, j\u00e1 nas proximidades do Posto do Caminhoneiro, os passageiros anunciaram o assalto. A mulher estava armada com uma faca, enquanto o homem portava uma arma de fogo. A dupla rendeu o motorista sob amea\u00e7as e tomou o seu aparelho celular. Ap\u00f3s o crime, os suspeitos fugiram. A guarni\u00e7\u00e3o foi acionada pelo comandante da unidade e realizou rondas em toda a regi\u00e3o do Cidade Jardim e entorno, mas os suspeitos n\u00e3o foram localizados. A v\u00edtima registrou a ocorr\u00eancia na Delegacia de Pol\u00edcia Civil, onde o caso ser\u00e1 investigado. Reda\u00e7\u00e3o Foto: Ilustra\u00e7\u00e3o","og_url":"https:\/\/portalraizesnoticias.com.br\/?p=7639","og_site_name":"Portal raizes noticias","article_published_time":"2025-08-05T10:21:51+00:00","article_modified_time":"2025-08-20T18:14:41+00:00","og_image":[{"width":678,"height":452,"url":"https:\/\/portalraizesnoticias.com.br\/wp-content\/uploads\/2025\/08\/images-2025-08-05T071956.839.jpeg","type":"image\/jpeg"}],"author":"Portal Raizes","twitter_card":"summary_large_image","twitter_misc":{"Escrito por":"Portal Raizes","Est. tempo de leitura":"1 minuto"},"schema":{"@context":"https:\/\/schema.org","@graph":[{"@type":"Article","@id":"https:\/\/portalraizesnoticias.com.br\/?p=7639#article","isPartOf":{"@id":"https:\/\/portalraizesnoticias.com.br\/?p=7639"},"author":{"name":"Portal Raizes","@id":"https:\/\/portalraizesnoticias.com.br\/#\/schema\/person\/a3ca6b0fc701e78df19756c417d943ae"},"headline":"Motorista de transporte alternativo \u00e9 assaltado por casal armado em Concei\u00e7\u00e3o do Coit\u00e9","datePublished":"2025-08-05T10:21:51+00:00","dateModified":"2025-08-20T18:14:41+00:00","mainEntityOfPage":{"@id":"https:\/\/portalraizesnoticias.com.br\/?p=7639"},"wordCount":177,"commentCount":0,"publisher":{"@id":"https:\/\/portalraizesnoticias.com.br\/#organization"},"image":{"@id":"https:\/\/portalraizesnoticias.com.br\/?p=7639#primaryimage"},"thumbnailUrl":"https:\/\/portalraizesnoticias.com.br\/wp-content\/uploads\/2025\/08\/images-2025-08-05T071956.839.jpeg","articleSection":["DESTAQUES","POLICIA","ULTIMAS NOTICIAS"],"inLanguage":"pt-BR","potentialAction":[{"@type":"CommentAction","name":"Comment","target":["https:\/\/portalraizesnoticias.com.br\/?p=7639#respond"]}]},{"@type":"WebPage","@id":"https:\/\/portalraizesnoticias.com.br\/?p=7639","url":"https:\/\/portalraizesnoticias.com.br\/?p=7639","name":"Motorista de transporte alternativo \u00e9 assaltado por casal armado em Concei\u00e7\u00e3o do Coit\u00e9 - Portal raizes noticias","isPartOf":{"@id":"https:\/\/portalraizesnoticias.com.br\/#website"},"primaryImageOfPage":{"@id":"https:\/\/portalraizesnoticias.com.br\/?p=7639#primaryimage"},"image":{"@id":"https:\/\/portalraizesnoticias.com.br\/?p=7639#primaryimage"},"thumbnailUrl":"https:\/\/portalraizesnoticias.com.br\/wp-content\/uploads\/2025\/08\/images-2025-08-05T071956.839.jpeg","datePublished":"2025-08-05T10:21:51+00:00","dateModified":"2025-08-20T18:14:41+00:00","breadcrumb":{"@id":"https:\/\/portalraizesnoticias.com.br\/?p=7639#breadcrumb"},"inLanguage":"pt-BR","potentialAction":[{"@type":"ReadAction","target":["https:\/\/portalraizesnoticias.com.br\/?p=7639"]}]},{"@type":"ImageObject","inLanguage":"pt-BR","@id":"https:\/\/portalraizesnoticias.com.br\/?p=7639#primaryimage","url":"https:\/\/portalraizesnoticias.com.br\/wp-content\/uploads\/2025\/08\/images-2025-08-05T071956.839.jpeg","contentUrl":"https:\/\/portalraizesnoticias.com.br\/wp-content\/uploads\/2025\/08\/images-2025-08-05T071956.839.jpeg","width":678,"height":452},{"@type":"BreadcrumbList","@id":"https:\/\/portalraizesnoticias.com.br\/?p=7639#breadcrumb","itemListElement":[{"@type":"ListItem","position":1,"name":"In\u00edcio","item":"https:\/\/portalraizesnoticias.com.br\/"},{"@type":"ListItem","position":2,"name":"Motorista de transporte alternativo \u00e9 assaltado por casal armado em Concei\u00e7\u00e3o do Coit\u00e9"}]},{"@type":"WebSite","@id":"https:\/\/portalraizesnoticias.com.br\/#website","url":"https:\/\/portalraizesnoticias.com.br\/","name":"Portal raizes NOTICIAS","description":"site de noticias de concei\u00e7\u00e3o do coit\u00e9 e regi\u00e3o","publisher":{"@id":"https:\/\/portalraizesnoticias.com.br\/#organization"},"alternateName":"PORTAL RAIZES COIT\u00c9","potentialAction":[{"@type":"SearchAction","target":{"@type":"EntryPoint","urlTemplate":"https:\/\/portalraizesnoticias.com.br\/?s={search_term_string}"},"query-input":{"@type":"PropertyValueSpecification","valueRequired":true,"valueName":"search_term_string"}}],"inLanguage":"pt-BR"},{"@type":"Organization","@id":"https:\/\/portalraizesnoticias.com.br\/#organization","name":"Portal raizes NOTICIAS","url":"https:\/\/portalraizesnoticias.com.br\/","logo":{"@type":"ImageObject","inLanguage":"pt-BR","@id":"https:\/\/portalraizesnoticias.com.br\/#\/schema\/logo\/image\/","url":"https:\/\/portalraizesnoticias.com.br\/wp-content\/uploads\/2024\/09\/cropped-Captura-de-tela-2024-09-08-011108.png","contentUrl":"https:\/\/portalraizesnoticias.com.br\/wp-content\/uploads\/2024\/09\/cropped-Captura-de-tela-2024-09-08-011108.png","width":606,"height":173,"caption":"Portal raizes NOTICIAS"},"image":{"@id":"https:\/\/portalraizesnoticias.com.br\/#\/schema\/logo\/image\/"}},{"@type":"Person","@id":"https:\/\/portalraizesnoticias.com.br\/#\/schema\/person\/a3ca6b0fc701e78df19756c417d943ae","name":"Portal Raizes","image":{"@type":"ImageObject","inLanguage":"pt-BR","@id":"https:\/\/portalraizesnoticias.com.br\/#\/schema\/person\/image\/","url":"https:\/\/secure.gravatar.com\/avatar\/ef450d29013a3d3fba867a12a249d7b1?s=96&d=mm&r=g","contentUrl":"https:\/\/secure.gravatar.com\/avatar\/ef450d29013a3d3fba867a12a249d7b1?s=96&d=mm&r=g","caption":"Portal Raizes"},"url":"https:\/\/portalraizesnoticias.com.br\/?author=3"}]}},"_links":{"self":[{"href":"https:\/\/portalraizesnoticias.com.br\/index.php?rest_route=\/wp\/v2\/posts\/7639"}],"collection":[{"href":"https:\/\/portalraizesnoticias.com.br\/index.php?rest_route=\/wp\/v2\/posts"}],"about":[{"href":"https:\/\/portalraizesnoticias.com.br\/index.php?rest_route=\/wp\/v2\/types\/post"}],"author":[{"embeddable":true,"href":"https:\/\/portalraizesnoticias.com.br\/index.php?rest_route=\/wp\/v2\/users\/3"}],"replies":[{"embeddable":true,"href":"https:\/\/portalraizesnoticias.com.br\/index.php?rest_route=%2Fwp%2Fv2%2Fcomments&post=7639"}],"version-history":[{"count":1,"href":"https:\/\/portalraizesnoticias.com.br\/index.php?rest_route=\/wp\/v2\/posts\/7639\/revisions"}],"predecessor-version":[{"id":7641,"href":"https:\/\/portalraizesnoticias.com.br\/index.php?rest_route=\/wp\/v2\/posts\/7639\/revisions\/7641"}],"wp:featuredmedia":[{"embeddable":true,"href":"https:\/\/portalraizesnoticias.com.br\/index.php?rest_route=\/wp\/v2\/media\/7640"}],"wp:attachment":[{"href":"https:\/\/portalraizesnoticias.com.br\/index.php?rest_route=%2Fwp%2Fv2%2Fmedia&parent=7639"}],"wp:term":[{"taxonomy":"category","embeddable":true,"href":"https:\/\/portalraizesnoticias.com.br\/index.php?rest_route=%2Fwp%2Fv2%2Fcategories&post=7639"},{"taxonomy":"post_tag","embeddable":true,"href":"https:\/\/portalraizesnoticias.com.br\/index.php?rest_route=%2Fwp%2Fv2%2Ftags&post=7639"}],"curies":[{"name":"wp","href":"https:\/\/api.w.org\/{rel}","templated":true}]}}